{"id":17558,"date":"2023-06-28T14:01:45","date_gmt":"2023-06-28T17:01:45","guid":{"rendered":"http:\/\/diarioprincipios.com\/?p=17558"},"modified":"2023-06-30T14:01:46","modified_gmt":"2023-06-30T17:01:46","slug":"se-espera-una-importante-inscripcion-al-torneo-clausura-2023-de-la-asociacion-de-voley","status":"publish","type":"post","link":"https:\/\/diarioprincipios.com\/index.php\/2023\/06\/28\/se-espera-una-importante-inscripcion-al-torneo-clausura-2023-de-la-asociacion-de-voley\/","title":{"rendered":"Se espera una importante inscripci\u00f3n al Torneo Clausura 2023 de la Asociaci\u00f3n de Voley"},"content":{"rendered":"\n<p>En los pr\u00f3ximos d\u00edas abrir\u00e1 la inscripci\u00f3n al Torneo Clausura 2023 que organiza la Asociaci\u00f3n de Voley Capital Nacional del Vidrio.<\/p>\n\n\n\n<p>Desde la misma se adelant\u00f3 que \u00aben breve ser\u00e1 publicada toda la informaci\u00f3n en nuestras redes sociales de facebook e instagram y esperamos que sea un \u00e9xito\u00bb.<\/p>\n\n\n\n<figure class=\"wp-block-image size-large\"><img loading=\"lazy\" decoding=\"async\" width=\"711\" height=\"1024\" src=\"https:\/\/diarioprincipios.com\/wp-content\/uploads\/2023\/06\/Screenshot_20230628-140009_WhatsApp-711x1024.jpg\" alt=\"\" class=\"wp-image-17559\" srcset=\"https:\/\/diarioprincipios.com\/wp-content\/uploads\/2023\/06\/Screenshot_20230628-140009_WhatsApp-711x1024.jpg 711w, https:\/\/diarioprincipios.com\/wp-content\/uploads\/2023\/06\/Screenshot_20230628-140009_WhatsApp-208x300.jpg 208w, https:\/\/diarioprincipios.com\/wp-content\/uploads\/2023\/06\/Screenshot_20230628-140009_WhatsApp-768x1106.jpg 768w, https:\/\/diarioprincipios.com\/wp-content\/uploads\/2023\/06\/Screenshot_20230628-140009_WhatsApp-1067x1536.jpg 1067w, https:\/\/diarioprincipios.com\/wp-content\/uploads\/2023\/06\/Screenshot_20230628-140009_WhatsApp.jpg 1079w\" sizes=\"auto, (max-width: 711px) 100vw, 711px\" \/><\/figure>\n\n\n\n<p>La concejal berazateguense Celia Cabrera, presidenta de la Asociaci\u00f3n de Voley, destac\u00f3 que \u00abdesde que comenzamos con este sue\u00f1o no hemos parado de crecer, cada competencia creci\u00f3 en cantidad y calidad de equipos y jugadores, tanto en las categorias infantiles, como las juveniles y de mayores\u00bb.<\/p>\n\n\n\n<p>Agreg\u00f3 que \u00abtenemos muchas expectativas para este Torneo y estamos seguros que nuevamente volveremos a tener un record de participantes, eso nos llena de orgullo y tambi\u00e9n de satisfacci\u00f3n, sobretodo por la cantidad de j\u00f3venes que tenemos involucrados\u00bb.<\/p>\n\n\n\n<figure class=\"wp-block-image size-large\"><img loading=\"lazy\" decoding=\"async\" width=\"1024\" height=\"803\" src=\"https:\/\/diarioprincipios.com\/wp-content\/uploads\/2023\/06\/Screenshot_20230628-140027_WhatsApp-1024x803.jpg\" alt=\"\" class=\"wp-image-17560\" srcset=\"https:\/\/diarioprincipios.com\/wp-content\/uploads\/2023\/06\/Screenshot_20230628-140027_WhatsApp-1024x803.jpg 1024w, https:\/\/diarioprincipios.com\/wp-content\/uploads\/2023\/06\/Screenshot_20230628-140027_WhatsApp-300x235.jpg 300w, https:\/\/diarioprincipios.com\/wp-content\/uploads\/2023\/06\/Screenshot_20230628-140027_WhatsApp-768x602.jpg 768w, https:\/\/diarioprincipios.com\/wp-content\/uploads\/2023\/06\/Screenshot_20230628-140027_WhatsApp.jpg 1078w\" sizes=\"auto, (max-width: 1024px) 100vw, 1024px\" \/><\/figure>\n\n\n\n<p>Cabe destacar tambi\u00e9n que la Asociaci\u00f3n de Voley viene realizando una labor ejemplar en la capacitaci\u00f3n y formaci\u00f3n de sus arbitros y planilleros, brindando a decenas de j\u00f3venes la posibilidad de un ingreso que la mayor\u00eda aprovecha para costear sus estudios.&nbsp; Adem\u00e1s muchas instituciones han recibido donaciones y han crecido a la par de los Torneos.<\/p>\n\n\n\n<p><\/p>\n","protected":false},"excerpt":{"rendered":"<p>En los pr\u00f3ximos d\u00edas abrir\u00e1 la inscripci\u00f3n al Torneo Clausura 2023 que organiza la Asociaci\u00f3n de Voley Capital Nacional del Vidrio. Desde la misma se adelant\u00f3 que \u00aben breve ser\u00e1 publicada toda la informaci\u00f3n en nuestras redes sociales de facebook e instagram y esperamos que sea un \u00e9xito\u00bb. La concejal berazateguense Celia Cabrera, presidenta de&#8230;<\/p>\n","protected":false},"author":2,"featured_media":17561,"comment_status":"open","ping_status":"open","sticky":false,"template":"","format":"standard","meta":{"footnotes":""},"categories":[3],"tags":[],"class_list":["post-17558","post","type-post","status-publish","format-standard","has-post-thumbnail","hentry","category-berazategui"],"featured_image_src":"https:\/\/diarioprincipios.com\/wp-content\/uploads\/2023\/06\/Screenshot_20230628-140043_WhatsApp-1024x577.jpg","blog_images":{"medium":"https:\/\/diarioprincipios.com\/wp-content\/uploads\/2023\/06\/Screenshot_20230628-140043_WhatsApp-300x169.jpg","large":"https:\/\/diarioprincipios.com\/wp-content\/uploads\/2023\/06\/Screenshot_20230628-140043_WhatsApp-1024x577.jpg"},"ams_acf":[],"yoast_head":"<!-- This site is optimized with the Yoast SEO plugin v27.3 - https:\/\/yoast.com\/product\/yoast-seo-wordpress\/ -->\n<title>Se espera una importante inscripci\u00f3n al Torneo Clausura 2023 de la Asociaci\u00f3n de Voley - Principios<\/title>\n<meta name=\"robots\" content=\"index, follow, max-snippet:-1, max-image-preview:large, max-video-preview:-1\" \/>\n<link rel=\"canonical\" href=\"https:\/\/diarioprincipios.com\/index.php\/2023\/06\/28\/se-espera-una-importante-inscripcion-al-torneo-clausura-2023-de-la-asociacion-de-voley\/\" \/>\n<meta property=\"og:locale\" content=\"es_ES\" \/>\n<meta property=\"og:type\" content=\"article\" \/>\n<meta property=\"og:title\" content=\"Se espera una importante inscripci\u00f3n al Torneo Clausura 2023 de la Asociaci\u00f3n de Voley - Principios\" \/>\n<meta property=\"og:description\" content=\"En los pr\u00f3ximos d\u00edas abrir\u00e1 la inscripci\u00f3n al Torneo Clausura 2023 que organiza la Asociaci\u00f3n de Voley Capital Nacional del Vidrio. Desde la misma se adelant\u00f3 que \u00aben breve ser\u00e1 publicada toda la informaci\u00f3n en nuestras redes sociales de facebook e instagram y esperamos que sea un \u00e9xito\u00bb. La concejal berazateguense Celia Cabrera, presidenta de...\" \/>\n<meta property=\"og:url\" content=\"https:\/\/diarioprincipios.com\/index.php\/2023\/06\/28\/se-espera-una-importante-inscripcion-al-torneo-clausura-2023-de-la-asociacion-de-voley\/\" \/>\n<meta property=\"og:site_name\" content=\"Principios\" \/>\n<meta property=\"article:published_time\" content=\"2023-06-28T17:01:45+00:00\" \/>\n<meta property=\"article:modified_time\" content=\"2023-06-30T17:01:46+00:00\" \/>\n<meta property=\"og:image\" content=\"https:\/\/diarioprincipios.com\/wp-content\/uploads\/2023\/06\/Screenshot_20230628-140043_WhatsApp.jpg\" \/>\n\t<meta property=\"og:image:width\" content=\"1079\" \/>\n\t<meta property=\"og:image:height\" content=\"608\" \/>\n\t<meta property=\"og:image:type\" content=\"image\/jpeg\" \/>\n<meta name=\"author\" content=\"Hern\u00e1n L\u00f3pez\" \/>\n<meta name=\"twitter:card\" content=\"summary_large_image\" \/>\n<meta name=\"twitter:label1\" content=\"Escrito por\" \/>\n\t<meta name=\"twitter:data1\" content=\"Hern\u00e1n L\u00f3pez\" \/>\n\t<meta name=\"twitter:label2\" content=\"Tiempo de lectura\" \/>\n\t<meta name=\"twitter:data2\" content=\"2 minutos\" \/>\n<script type=\"application\/ld+json\" class=\"yoast-schema-graph\">{\"@context\":\"https:\\\/\\\/schema.org\",\"@graph\":[{\"@type\":\"Article\",\"@id\":\"https:\\\/\\\/diarioprincipios.com\\\/index.php\\\/2023\\\/06\\\/28\\\/se-espera-una-importante-inscripcion-al-torneo-clausura-2023-de-la-asociacion-de-voley\\\/#article\",\"isPartOf\":{\"@id\":\"https:\\\/\\\/diarioprincipios.com\\\/index.php\\\/2023\\\/06\\\/28\\\/se-espera-una-importante-inscripcion-al-torneo-clausura-2023-de-la-asociacion-de-voley\\\/\"},\"author\":{\"name\":\"Hern\u00e1n L\u00f3pez\",\"@id\":\"https:\\\/\\\/diarioprincipios.com\\\/#\\\/schema\\\/person\\\/436d5a1fd41a5e250e23ff5a6a7cb080\"},\"headline\":\"Se espera una importante inscripci\u00f3n al Torneo Clausura 2023 de la Asociaci\u00f3n de Voley\",\"datePublished\":\"2023-06-28T17:01:45+00:00\",\"dateModified\":\"2023-06-30T17:01:46+00:00\",\"mainEntityOfPage\":{\"@id\":\"https:\\\/\\\/diarioprincipios.com\\\/index.php\\\/2023\\\/06\\\/28\\\/se-espera-una-importante-inscripcion-al-torneo-clausura-2023-de-la-asociacion-de-voley\\\/\"},\"wordCount\":220,\"commentCount\":0,\"publisher\":{\"@id\":\"https:\\\/\\\/diarioprincipios.com\\\/#organization\"},\"image\":{\"@id\":\"https:\\\/\\\/diarioprincipios.com\\\/index.php\\\/2023\\\/06\\\/28\\\/se-espera-una-importante-inscripcion-al-torneo-clausura-2023-de-la-asociacion-de-voley\\\/#primaryimage\"},\"thumbnailUrl\":\"https:\\\/\\\/diarioprincipios.com\\\/wp-content\\\/uploads\\\/2023\\\/06\\\/Screenshot_20230628-140043_WhatsApp.jpg\",\"articleSection\":[\"Berazategui\"],\"inLanguage\":\"es\",\"potentialAction\":[{\"@type\":\"CommentAction\",\"name\":\"Comment\",\"target\":[\"https:\\\/\\\/diarioprincipios.com\\\/index.php\\\/2023\\\/06\\\/28\\\/se-espera-una-importante-inscripcion-al-torneo-clausura-2023-de-la-asociacion-de-voley\\\/#respond\"]}]},{\"@type\":\"WebPage\",\"@id\":\"https:\\\/\\\/diarioprincipios.com\\\/index.php\\\/2023\\\/06\\\/28\\\/se-espera-una-importante-inscripcion-al-torneo-clausura-2023-de-la-asociacion-de-voley\\\/\",\"url\":\"https:\\\/\\\/diarioprincipios.com\\\/index.php\\\/2023\\\/06\\\/28\\\/se-espera-una-importante-inscripcion-al-torneo-clausura-2023-de-la-asociacion-de-voley\\\/\",\"name\":\"Se espera una importante inscripci\u00f3n al Torneo Clausura 2023 de la Asociaci\u00f3n de Voley - Principios\",\"isPartOf\":{\"@id\":\"https:\\\/\\\/diarioprincipios.com\\\/#website\"},\"primaryImageOfPage\":{\"@id\":\"https:\\\/\\\/diarioprincipios.com\\\/index.php\\\/2023\\\/06\\\/28\\\/se-espera-una-importante-inscripcion-al-torneo-clausura-2023-de-la-asociacion-de-voley\\\/#primaryimage\"},\"image\":{\"@id\":\"https:\\\/\\\/diarioprincipios.com\\\/index.php\\\/2023\\\/06\\\/28\\\/se-espera-una-importante-inscripcion-al-torneo-clausura-2023-de-la-asociacion-de-voley\\\/#primaryimage\"},\"thumbnailUrl\":\"https:\\\/\\\/diarioprincipios.com\\\/wp-content\\\/uploads\\\/2023\\\/06\\\/Screenshot_20230628-140043_WhatsApp.jpg\",\"datePublished\":\"2023-06-28T17:01:45+00:00\",\"dateModified\":\"2023-06-30T17:01:46+00:00\",\"breadcrumb\":{\"@id\":\"https:\\\/\\\/diarioprincipios.com\\\/index.php\\\/2023\\\/06\\\/28\\\/se-espera-una-importante-inscripcion-al-torneo-clausura-2023-de-la-asociacion-de-voley\\\/#breadcrumb\"},\"inLanguage\":\"es\",\"potentialAction\":[{\"@type\":\"ReadAction\",\"target\":[\"https:\\\/\\\/diarioprincipios.com\\\/index.php\\\/2023\\\/06\\\/28\\\/se-espera-una-importante-inscripcion-al-torneo-clausura-2023-de-la-asociacion-de-voley\\\/\"]}]},{\"@type\":\"ImageObject\",\"inLanguage\":\"es\",\"@id\":\"https:\\\/\\\/diarioprincipios.com\\\/index.php\\\/2023\\\/06\\\/28\\\/se-espera-una-importante-inscripcion-al-torneo-clausura-2023-de-la-asociacion-de-voley\\\/#primaryimage\",\"url\":\"https:\\\/\\\/diarioprincipios.com\\\/wp-content\\\/uploads\\\/2023\\\/06\\\/Screenshot_20230628-140043_WhatsApp.jpg\",\"contentUrl\":\"https:\\\/\\\/diarioprincipios.com\\\/wp-content\\\/uploads\\\/2023\\\/06\\\/Screenshot_20230628-140043_WhatsApp.jpg\",\"width\":1079,\"height\":608},{\"@type\":\"BreadcrumbList\",\"@id\":\"https:\\\/\\\/diarioprincipios.com\\\/index.php\\\/2023\\\/06\\\/28\\\/se-espera-una-importante-inscripcion-al-torneo-clausura-2023-de-la-asociacion-de-voley\\\/#breadcrumb\",\"itemListElement\":[{\"@type\":\"ListItem\",\"position\":1,\"name\":\"Portada\",\"item\":\"https:\\\/\\\/diarioprincipios.com\\\/\"},{\"@type\":\"ListItem\",\"position\":2,\"name\":\"Se espera una importante inscripci\u00f3n al Torneo Clausura 2023 de la Asociaci\u00f3n de Voley\"}]},{\"@type\":\"WebSite\",\"@id\":\"https:\\\/\\\/diarioprincipios.com\\\/#website\",\"url\":\"https:\\\/\\\/diarioprincipios.com\\\/\",\"name\":\"Principios\",\"description\":\"Principios Diario\",\"publisher\":{\"@id\":\"https:\\\/\\\/diarioprincipios.com\\\/#organization\"},\"potentialAction\":[{\"@type\":\"SearchAction\",\"target\":{\"@type\":\"EntryPoint\",\"urlTemplate\":\"https:\\\/\\\/diarioprincipios.com\\\/?s={search_term_string}\"},\"query-input\":{\"@type\":\"PropertyValueSpecification\",\"valueRequired\":true,\"valueName\":\"search_term_string\"}}],\"inLanguage\":\"es\"},{\"@type\":\"Organization\",\"@id\":\"https:\\\/\\\/diarioprincipios.com\\\/#organization\",\"name\":\"Principios\",\"url\":\"https:\\\/\\\/diarioprincipios.com\\\/\",\"logo\":{\"@type\":\"ImageObject\",\"inLanguage\":\"es\",\"@id\":\"https:\\\/\\\/diarioprincipios.com\\\/#\\\/schema\\\/logo\\\/image\\\/\",\"url\":\"https:\\\/\\\/diarioprincipios.com\\\/wp-content\\\/uploads\\\/2024\\\/04\\\/cropped-www.diarioprincipios.com_-1.png\",\"contentUrl\":\"https:\\\/\\\/diarioprincipios.com\\\/wp-content\\\/uploads\\\/2024\\\/04\\\/cropped-www.diarioprincipios.com_-1.png\",\"width\":5325,\"height\":1454,\"caption\":\"Principios\"},\"image\":{\"@id\":\"https:\\\/\\\/diarioprincipios.com\\\/#\\\/schema\\\/logo\\\/image\\\/\"}},{\"@type\":\"Person\",\"@id\":\"https:\\\/\\\/diarioprincipios.com\\\/#\\\/schema\\\/person\\\/436d5a1fd41a5e250e23ff5a6a7cb080\",\"name\":\"Hern\u00e1n L\u00f3pez\",\"image\":{\"@type\":\"ImageObject\",\"inLanguage\":\"es\",\"@id\":\"https:\\\/\\\/diarioprincipios.com\\\/wp-content\\\/litespeed\\\/avatar\\\/11ddfe5610ff3bd100522525b2571f48.jpg?ver=1777048341\",\"url\":\"https:\\\/\\\/diarioprincipios.com\\\/wp-content\\\/litespeed\\\/avatar\\\/11ddfe5610ff3bd100522525b2571f48.jpg?ver=1777048341\",\"contentUrl\":\"https:\\\/\\\/diarioprincipios.com\\\/wp-content\\\/litespeed\\\/avatar\\\/11ddfe5610ff3bd100522525b2571f48.jpg?ver=1777048341\",\"caption\":\"Hern\u00e1n L\u00f3pez\"},\"url\":\"https:\\\/\\\/diarioprincipios.com\\\/index.php\\\/author\\\/hernan\\\/\"}]}<\/script>\n<!-- \/ Yoast SEO plugin. -->","yoast_head_json":{"title":"Se espera una importante inscripci\u00f3n al Torneo Clausura 2023 de la Asociaci\u00f3n de Voley - Principios","robots":{"index":"index","follow":"follow","max-snippet":"max-snippet:-1","max-image-preview":"max-image-preview:large","max-video-preview":"max-video-preview:-1"},"canonical":"https:\/\/diarioprincipios.com\/index.php\/2023\/06\/28\/se-espera-una-importante-inscripcion-al-torneo-clausura-2023-de-la-asociacion-de-voley\/","og_locale":"es_ES","og_type":"article","og_title":"Se espera una importante inscripci\u00f3n al Torneo Clausura 2023 de la Asociaci\u00f3n de Voley - Principios","og_description":"En los pr\u00f3ximos d\u00edas abrir\u00e1 la inscripci\u00f3n al Torneo Clausura 2023 que organiza la Asociaci\u00f3n de Voley Capital Nacional del Vidrio. Desde la misma se adelant\u00f3 que \u00aben breve ser\u00e1 publicada toda la informaci\u00f3n en nuestras redes sociales de facebook e instagram y esperamos que sea un \u00e9xito\u00bb. La concejal berazateguense Celia Cabrera, presidenta de...","og_url":"https:\/\/diarioprincipios.com\/index.php\/2023\/06\/28\/se-espera-una-importante-inscripcion-al-torneo-clausura-2023-de-la-asociacion-de-voley\/","og_site_name":"Principios","article_published_time":"2023-06-28T17:01:45+00:00","article_modified_time":"2023-06-30T17:01:46+00:00","og_image":[{"width":1079,"height":608,"url":"https:\/\/diarioprincipios.com\/wp-content\/uploads\/2023\/06\/Screenshot_20230628-140043_WhatsApp.jpg","type":"image\/jpeg"}],"author":"Hern\u00e1n L\u00f3pez","twitter_card":"summary_large_image","twitter_misc":{"Escrito por":"Hern\u00e1n L\u00f3pez","Tiempo de lectura":"2 minutos"},"schema":{"@context":"https:\/\/schema.org","@graph":[{"@type":"Article","@id":"https:\/\/diarioprincipios.com\/index.php\/2023\/06\/28\/se-espera-una-importante-inscripcion-al-torneo-clausura-2023-de-la-asociacion-de-voley\/#article","isPartOf":{"@id":"https:\/\/diarioprincipios.com\/index.php\/2023\/06\/28\/se-espera-una-importante-inscripcion-al-torneo-clausura-2023-de-la-asociacion-de-voley\/"},"author":{"name":"Hern\u00e1n L\u00f3pez","@id":"https:\/\/diarioprincipios.com\/#\/schema\/person\/436d5a1fd41a5e250e23ff5a6a7cb080"},"headline":"Se espera una importante inscripci\u00f3n al Torneo Clausura 2023 de la Asociaci\u00f3n de Voley","datePublished":"2023-06-28T17:01:45+00:00","dateModified":"2023-06-30T17:01:46+00:00","mainEntityOfPage":{"@id":"https:\/\/diarioprincipios.com\/index.php\/2023\/06\/28\/se-espera-una-importante-inscripcion-al-torneo-clausura-2023-de-la-asociacion-de-voley\/"},"wordCount":220,"commentCount":0,"publisher":{"@id":"https:\/\/diarioprincipios.com\/#organization"},"image":{"@id":"https:\/\/diarioprincipios.com\/index.php\/2023\/06\/28\/se-espera-una-importante-inscripcion-al-torneo-clausura-2023-de-la-asociacion-de-voley\/#primaryimage"},"thumbnailUrl":"https:\/\/diarioprincipios.com\/wp-content\/uploads\/2023\/06\/Screenshot_20230628-140043_WhatsApp.jpg","articleSection":["Berazategui"],"inLanguage":"es","potentialAction":[{"@type":"CommentAction","name":"Comment","target":["https:\/\/diarioprincipios.com\/index.php\/2023\/06\/28\/se-espera-una-importante-inscripcion-al-torneo-clausura-2023-de-la-asociacion-de-voley\/#respond"]}]},{"@type":"WebPage","@id":"https:\/\/diarioprincipios.com\/index.php\/2023\/06\/28\/se-espera-una-importante-inscripcion-al-torneo-clausura-2023-de-la-asociacion-de-voley\/","url":"https:\/\/diarioprincipios.com\/index.php\/2023\/06\/28\/se-espera-una-importante-inscripcion-al-torneo-clausura-2023-de-la-asociacion-de-voley\/","name":"Se espera una importante inscripci\u00f3n al Torneo Clausura 2023 de la Asociaci\u00f3n de Voley - Principios","isPartOf":{"@id":"https:\/\/diarioprincipios.com\/#website"},"primaryImageOfPage":{"@id":"https:\/\/diarioprincipios.com\/index.php\/2023\/06\/28\/se-espera-una-importante-inscripcion-al-torneo-clausura-2023-de-la-asociacion-de-voley\/#primaryimage"},"image":{"@id":"https:\/\/diarioprincipios.com\/index.php\/2023\/06\/28\/se-espera-una-importante-inscripcion-al-torneo-clausura-2023-de-la-asociacion-de-voley\/#primaryimage"},"thumbnailUrl":"https:\/\/diarioprincipios.com\/wp-content\/uploads\/2023\/06\/Screenshot_20230628-140043_WhatsApp.jpg","datePublished":"2023-06-28T17:01:45+00:00","dateModified":"2023-06-30T17:01:46+00:00","breadcrumb":{"@id":"https:\/\/diarioprincipios.com\/index.php\/2023\/06\/28\/se-espera-una-importante-inscripcion-al-torneo-clausura-2023-de-la-asociacion-de-voley\/#breadcrumb"},"inLanguage":"es","potentialAction":[{"@type":"ReadAction","target":["https:\/\/diarioprincipios.com\/index.php\/2023\/06\/28\/se-espera-una-importante-inscripcion-al-torneo-clausura-2023-de-la-asociacion-de-voley\/"]}]},{"@type":"ImageObject","inLanguage":"es","@id":"https:\/\/diarioprincipios.com\/index.php\/2023\/06\/28\/se-espera-una-importante-inscripcion-al-torneo-clausura-2023-de-la-asociacion-de-voley\/#primaryimage","url":"https:\/\/diarioprincipios.com\/wp-content\/uploads\/2023\/06\/Screenshot_20230628-140043_WhatsApp.jpg","contentUrl":"https:\/\/diarioprincipios.com\/wp-content\/uploads\/2023\/06\/Screenshot_20230628-140043_WhatsApp.jpg","width":1079,"height":608},{"@type":"BreadcrumbList","@id":"https:\/\/diarioprincipios.com\/index.php\/2023\/06\/28\/se-espera-una-importante-inscripcion-al-torneo-clausura-2023-de-la-asociacion-de-voley\/#breadcrumb","itemListElement":[{"@type":"ListItem","position":1,"name":"Portada","item":"https:\/\/diarioprincipios.com\/"},{"@type":"ListItem","position":2,"name":"Se espera una importante inscripci\u00f3n al Torneo Clausura 2023 de la Asociaci\u00f3n de Voley"}]},{"@type":"WebSite","@id":"https:\/\/diarioprincipios.com\/#website","url":"https:\/\/diarioprincipios.com\/","name":"Principios","description":"Principios Diario","publisher":{"@id":"https:\/\/diarioprincipios.com\/#organization"},"potentialAction":[{"@type":"SearchAction","target":{"@type":"EntryPoint","urlTemplate":"https:\/\/diarioprincipios.com\/?s={search_term_string}"},"query-input":{"@type":"PropertyValueSpecification","valueRequired":true,"valueName":"search_term_string"}}],"inLanguage":"es"},{"@type":"Organization","@id":"https:\/\/diarioprincipios.com\/#organization","name":"Principios","url":"https:\/\/diarioprincipios.com\/","logo":{"@type":"ImageObject","inLanguage":"es","@id":"https:\/\/diarioprincipios.com\/#\/schema\/logo\/image\/","url":"https:\/\/diarioprincipios.com\/wp-content\/uploads\/2024\/04\/cropped-www.diarioprincipios.com_-1.png","contentUrl":"https:\/\/diarioprincipios.com\/wp-content\/uploads\/2024\/04\/cropped-www.diarioprincipios.com_-1.png","width":5325,"height":1454,"caption":"Principios"},"image":{"@id":"https:\/\/diarioprincipios.com\/#\/schema\/logo\/image\/"}},{"@type":"Person","@id":"https:\/\/diarioprincipios.com\/#\/schema\/person\/436d5a1fd41a5e250e23ff5a6a7cb080","name":"Hern\u00e1n L\u00f3pez","image":{"@type":"ImageObject","inLanguage":"es","@id":"https:\/\/diarioprincipios.com\/wp-content\/litespeed\/avatar\/11ddfe5610ff3bd100522525b2571f48.jpg?ver=1777048341","url":"https:\/\/diarioprincipios.com\/wp-content\/litespeed\/avatar\/11ddfe5610ff3bd100522525b2571f48.jpg?ver=1777048341","contentUrl":"https:\/\/diarioprincipios.com\/wp-content\/litespeed\/avatar\/11ddfe5610ff3bd100522525b2571f48.jpg?ver=1777048341","caption":"Hern\u00e1n L\u00f3pez"},"url":"https:\/\/diarioprincipios.com\/index.php\/author\/hernan\/"}]}},"jetpack_featured_media_url":"https:\/\/diarioprincipios.com\/wp-content\/uploads\/2023\/06\/Screenshot_20230628-140043_WhatsApp.jpg","_links":{"self":[{"href":"https:\/\/diarioprincipios.com\/index.php\/wp-json\/wp\/v2\/posts\/17558","targetHints":{"allow":["GET"]}}],"collection":[{"href":"https:\/\/diarioprincipios.com\/index.php\/wp-json\/wp\/v2\/posts"}],"about":[{"href":"https:\/\/diarioprincipios.com\/index.php\/wp-json\/wp\/v2\/types\/post"}],"author":[{"embeddable":true,"href":"https:\/\/diarioprincipios.com\/index.php\/wp-json\/wp\/v2\/users\/2"}],"replies":[{"embeddable":true,"href":"https:\/\/diarioprincipios.com\/index.php\/wp-json\/wp\/v2\/comments?post=17558"}],"version-history":[{"count":1,"href":"https:\/\/diarioprincipios.com\/index.php\/wp-json\/wp\/v2\/posts\/17558\/revisions"}],"predecessor-version":[{"id":17562,"href":"https:\/\/diarioprincipios.com\/index.php\/wp-json\/wp\/v2\/posts\/17558\/revisions\/17562"}],"wp:featuredmedia":[{"embeddable":true,"href":"https:\/\/diarioprincipios.com\/index.php\/wp-json\/wp\/v2\/media\/17561"}],"wp:attachment":[{"href":"https:\/\/diarioprincipios.com\/index.php\/wp-json\/wp\/v2\/media?parent=17558"}],"wp:term":[{"taxonomy":"category","embeddable":true,"href":"https:\/\/diarioprincipios.com\/index.php\/wp-json\/wp\/v2\/categories?post=17558"},{"taxonomy":"post_tag","embeddable":true,"href":"https:\/\/diarioprincipios.com\/index.php\/wp-json\/wp\/v2\/tags?post=17558"}],"curies":[{"name":"wp","href":"https:\/\/api.w.org\/{rel}","templated":true}]}}