{"id":17291,"date":"2023-06-08T08:56:34","date_gmt":"2023-06-08T11:56:34","guid":{"rendered":"http:\/\/diarioprincipios.com\/?p=17291"},"modified":"2023-06-30T13:45:50","modified_gmt":"2023-06-30T16:45:50","slug":"la-nueva-presencialidad-para-las-universidades","status":"publish","type":"post","link":"https:\/\/diarioprincipios.com\/index.php\/2023\/06\/08\/la-nueva-presencialidad-para-las-universidades\/","title":{"rendered":"La nueva presencialidad para las universidades"},"content":{"rendered":"\n<p>La aparici\u00f3n de la pandemia del COVID-19 en 2020 oblig\u00f3 a las universidades a implementar una ense\u00f1anza remota de emergencia provocada porque tension\u00f3 todas las estructuras y pr\u00e1cticas habituales, haciendo masivo el uso -antes selectivo- de tecnolog\u00edas de la informaci\u00f3n y de la comunicaci\u00f3n para poder sostener los trayectos formativos de universidad.<\/p>\n\n\n\n<p>En el caso de la UNAJ esto implic\u00f3 ingresar al campus virtual, en solo 15 d\u00edas, m\u00e1s de 600 materias, apoyar a los docentes en su uso y a los estudiantes en las posibilidades de conexi\u00f3n y comprensi\u00f3n de la plataforma. Tambi\u00e9n muchos otros dispositivos complementarios debieron utilizarse para sostener la actividad en una realidad virtual desconocida para la mayor\u00eda.<\/p>\n\n\n\n<p>No obstante, la salida progresiva de la pandemia y el regreso paulatino a la presencialidad present\u00f3 una serie de oportunidades para aprovechar las herramientas que hoy est\u00e1n integradas a una \u201cnueva presencialidad\u201d.<\/p>\n\n\n\n<p>El proyecto de aulas h\u00edbridas de la UNAJ es una muestra de esta manera de pensar la presencialidad. Estas aulas son territorios que combinan la ense\u00f1anza presencial y a distancia, donde el uso de tecnolog\u00edas digitales y la exploraci\u00f3n de nuevas estrategias did\u00e1cticas se conjugan.<\/p>\n\n\n\n<p>La UNAJ dispone de 4 espacios con equipamiento que permiten convertir una clase presencial en una clase h\u00edbrida. All\u00ed, el docente y estudiantes presentes pueden conectarse, transmitir e interactuar con estudiantes conectados desde otros lugares, cualquier provincia del pa\u00eds o del exterior, docentes invitados, u otras aulas de cualquier otro territorio o territorios.<\/p>\n\n\n\n<p>El proyecto de Aulas H\u00edbridas surge a partir de las posibilidades de financiamiento que otorg\u00f3 la Secretar\u00eda de Pol\u00edticas Universitarias a trav\u00e9s del Plan de Virtualizaci\u00f3n de la Educaci\u00f3n Superior- Plan VES, en el contexto de salida de la emergencia sanitaria.<\/p>\n\n\n\n<figure class=\"wp-block-image size-full\"><img loading=\"lazy\" decoding=\"async\" width=\"680\" height=\"382\" src=\"https:\/\/diarioprincipios.com\/wp-content\/uploads\/2023\/06\/Ensenanza-virtual-UNAJ.jpg\" alt=\"\" class=\"wp-image-17292\" srcset=\"https:\/\/diarioprincipios.com\/wp-content\/uploads\/2023\/06\/Ensenanza-virtual-UNAJ.jpg 680w, https:\/\/diarioprincipios.com\/wp-content\/uploads\/2023\/06\/Ensenanza-virtual-UNAJ-300x169.jpg 300w\" sizes=\"auto, (max-width: 680px) 100vw, 680px\" \/><\/figure>\n\n\n\n<p>Desde la UNAJ, &nbsp;m\u00e1s all\u00e1 de la pandemia, se piensa el uso de la tecnolog\u00eda en educaci\u00f3n como una oportunidad de mejora de la calidad de la ense\u00f1anza y aprendizaje y como un conjunto de estrategias que brinden mayores posibilidades de inclusi\u00f3n educativa.<\/p>\n\n\n\n<p>Talleres de capacitaci\u00f3n para docentes en formato h\u00edbrido y de capacitaci\u00f3n con \u00e9nfasis en el aula h\u00edbrida m\u00f3vil, dise\u00f1o de planificaciones de clases h\u00edbridas con el seguimiento de asistentes t\u00e9cnico pedag\u00f3gicos, clases en modalidad h\u00edbrida, clases con participaci\u00f3n de estudiantes y docentes internacionales son algunas de las actividades realizadas en el marco del proyecto de aulas h\u00edbridas.<\/p>\n\n\n\n<p><a><\/a><strong>Modalidad integrada y educaci\u00f3n a distancia<\/strong><\/p>\n\n\n\n<p><a><\/a><a><\/a><a><\/a>Hoy estudiantes y docentes desarrollan y participan en el campus virtual UNAJ como parte activa de sus cursadas, en&nbsp;diversos modelos de integraci\u00f3n entre modalidades. Existen en el espacio del campus virtual, 562 aulas virtuales en el primer cuatrimestre de 2023, que albergan actividades para las materias. Estas se combinan con clases presenciales en las diferentes sedes que tiene la UNAJ. Esta tarea requiri\u00f3 tambi\u00e9n la elaboraci\u00f3n de normativas, regulaciones y materiales de orientaci\u00f3n para docentes e institutos.<\/p>\n\n\n\n<p>Como continuidad a este proceso en 2022 la UNAJ pudo lanzar su primera carrera completamente a distancia, la Licenciatura en Administraci\u00f3n Agraria, que comenz\u00f3 sus actividades durante el primer cuatrimestre de 2023. Esta propuesta capitaliza las ense\u00f1anzas en el uso de las tecnolog\u00edas y las discusiones acerca de la pr\u00e1ctica docente en la modalidad a distancia, presentando un nuevo escenario para nuestra instituci\u00f3n que debe ser permanentemente evaluado. Hoy 99 estudiantes de todo el pa\u00eds est\u00e1n cursando en modalidad a distancia, a partir de los recursos del campus virtual UNAJ.<\/p>\n","protected":false},"excerpt":{"rendered":"<p>La aparici\u00f3n de la pandemia del COVID-19 en 2020 oblig\u00f3 a las universidades a implementar una ense\u00f1anza remota de emergencia provocada porque tension\u00f3 todas las estructuras y pr\u00e1cticas habituales, haciendo masivo el uso -antes selectivo- de tecnolog\u00edas de la informaci\u00f3n y de la comunicaci\u00f3n para poder sostener los trayectos formativos de universidad. En el caso&#8230;<\/p>\n","protected":false},"author":2,"featured_media":17293,"comment_status":"open","ping_status":"open","sticky":false,"template":"","format":"standard","meta":{"footnotes":""},"categories":[13],"tags":[],"class_list":["post-17291","post","type-post","status-publish","format-standard","has-post-thumbnail","hentry","category-varela"],"featured_image_src":"https:\/\/diarioprincipios.com\/wp-content\/uploads\/2023\/06\/Inauguracion-AULAS-HIBRIDAS-04.jpg","blog_images":{"medium":"https:\/\/diarioprincipios.com\/wp-content\/uploads\/2023\/06\/Inauguracion-AULAS-HIBRIDAS-04-300x169.jpg","large":"https:\/\/diarioprincipios.com\/wp-content\/uploads\/2023\/06\/Inauguracion-AULAS-HIBRIDAS-04.jpg"},"ams_acf":[],"yoast_head":"<!-- This site is optimized with the Yoast SEO plugin v27.3 - https:\/\/yoast.com\/product\/yoast-seo-wordpress\/ -->\n<title>La nueva presencialidad para las universidades - Principios<\/title>\n<meta name=\"robots\" content=\"index, follow, max-snippet:-1, max-image-preview:large, max-video-preview:-1\" \/>\n<link rel=\"canonical\" href=\"https:\/\/diarioprincipios.com\/index.php\/2023\/06\/08\/la-nueva-presencialidad-para-las-universidades\/\" \/>\n<meta property=\"og:locale\" content=\"es_ES\" \/>\n<meta property=\"og:type\" content=\"article\" \/>\n<meta property=\"og:title\" content=\"La nueva presencialidad para las universidades - Principios\" \/>\n<meta property=\"og:description\" content=\"La aparici\u00f3n de la pandemia del COVID-19 en 2020 oblig\u00f3 a las universidades a implementar una ense\u00f1anza remota de emergencia provocada porque tension\u00f3 todas las estructuras y pr\u00e1cticas habituales, haciendo masivo el uso -antes selectivo- de tecnolog\u00edas de la informaci\u00f3n y de la comunicaci\u00f3n para poder sostener los trayectos formativos de universidad. En el caso...\" \/>\n<meta property=\"og:url\" content=\"https:\/\/diarioprincipios.com\/index.php\/2023\/06\/08\/la-nueva-presencialidad-para-las-universidades\/\" \/>\n<meta property=\"og:site_name\" content=\"Principios\" \/>\n<meta property=\"article:published_time\" content=\"2023-06-08T11:56:34+00:00\" \/>\n<meta property=\"article:modified_time\" content=\"2023-06-30T16:45:50+00:00\" \/>\n<meta property=\"og:image\" content=\"https:\/\/diarioprincipios.com\/wp-content\/uploads\/2023\/06\/Inauguracion-AULAS-HIBRIDAS-04.jpg\" \/>\n\t<meta property=\"og:image:width\" content=\"680\" \/>\n\t<meta property=\"og:image:height\" content=\"383\" \/>\n\t<meta property=\"og:image:type\" content=\"image\/jpeg\" \/>\n<meta name=\"author\" content=\"Hern\u00e1n L\u00f3pez\" \/>\n<meta name=\"twitter:card\" content=\"summary_large_image\" \/>\n<meta name=\"twitter:label1\" content=\"Escrito por\" \/>\n\t<meta name=\"twitter:data1\" content=\"Hern\u00e1n L\u00f3pez\" \/>\n\t<meta name=\"twitter:label2\" content=\"Tiempo de lectura\" \/>\n\t<meta name=\"twitter:data2\" content=\"3 minutos\" \/>\n<script type=\"application\/ld+json\" class=\"yoast-schema-graph\">{\"@context\":\"https:\\\/\\\/schema.org\",\"@graph\":[{\"@type\":\"Article\",\"@id\":\"https:\\\/\\\/diarioprincipios.com\\\/index.php\\\/2023\\\/06\\\/08\\\/la-nueva-presencialidad-para-las-universidades\\\/#article\",\"isPartOf\":{\"@id\":\"https:\\\/\\\/diarioprincipios.com\\\/index.php\\\/2023\\\/06\\\/08\\\/la-nueva-presencialidad-para-las-universidades\\\/\"},\"author\":{\"name\":\"Hern\u00e1n L\u00f3pez\",\"@id\":\"https:\\\/\\\/diarioprincipios.com\\\/#\\\/schema\\\/person\\\/436d5a1fd41a5e250e23ff5a6a7cb080\"},\"headline\":\"La nueva presencialidad para las universidades\",\"datePublished\":\"2023-06-08T11:56:34+00:00\",\"dateModified\":\"2023-06-30T16:45:50+00:00\",\"mainEntityOfPage\":{\"@id\":\"https:\\\/\\\/diarioprincipios.com\\\/index.php\\\/2023\\\/06\\\/08\\\/la-nueva-presencialidad-para-las-universidades\\\/\"},\"wordCount\":611,\"commentCount\":0,\"publisher\":{\"@id\":\"https:\\\/\\\/diarioprincipios.com\\\/#organization\"},\"image\":{\"@id\":\"https:\\\/\\\/diarioprincipios.com\\\/index.php\\\/2023\\\/06\\\/08\\\/la-nueva-presencialidad-para-las-universidades\\\/#primaryimage\"},\"thumbnailUrl\":\"https:\\\/\\\/diarioprincipios.com\\\/wp-content\\\/uploads\\\/2023\\\/06\\\/Inauguracion-AULAS-HIBRIDAS-04.jpg\",\"articleSection\":[\"F. Varela\"],\"inLanguage\":\"es\",\"potentialAction\":[{\"@type\":\"CommentAction\",\"name\":\"Comment\",\"target\":[\"https:\\\/\\\/diarioprincipios.com\\\/index.php\\\/2023\\\/06\\\/08\\\/la-nueva-presencialidad-para-las-universidades\\\/#respond\"]}]},{\"@type\":\"WebPage\",\"@id\":\"https:\\\/\\\/diarioprincipios.com\\\/index.php\\\/2023\\\/06\\\/08\\\/la-nueva-presencialidad-para-las-universidades\\\/\",\"url\":\"https:\\\/\\\/diarioprincipios.com\\\/index.php\\\/2023\\\/06\\\/08\\\/la-nueva-presencialidad-para-las-universidades\\\/\",\"name\":\"La nueva presencialidad para las universidades - Principios\",\"isPartOf\":{\"@id\":\"https:\\\/\\\/diarioprincipios.com\\\/#website\"},\"primaryImageOfPage\":{\"@id\":\"https:\\\/\\\/diarioprincipios.com\\\/index.php\\\/2023\\\/06\\\/08\\\/la-nueva-presencialidad-para-las-universidades\\\/#primaryimage\"},\"image\":{\"@id\":\"https:\\\/\\\/diarioprincipios.com\\\/index.php\\\/2023\\\/06\\\/08\\\/la-nueva-presencialidad-para-las-universidades\\\/#primaryimage\"},\"thumbnailUrl\":\"https:\\\/\\\/diarioprincipios.com\\\/wp-content\\\/uploads\\\/2023\\\/06\\\/Inauguracion-AULAS-HIBRIDAS-04.jpg\",\"datePublished\":\"2023-06-08T11:56:34+00:00\",\"dateModified\":\"2023-06-30T16:45:50+00:00\",\"breadcrumb\":{\"@id\":\"https:\\\/\\\/diarioprincipios.com\\\/index.php\\\/2023\\\/06\\\/08\\\/la-nueva-presencialidad-para-las-universidades\\\/#breadcrumb\"},\"inLanguage\":\"es\",\"potentialAction\":[{\"@type\":\"ReadAction\",\"target\":[\"https:\\\/\\\/diarioprincipios.com\\\/index.php\\\/2023\\\/06\\\/08\\\/la-nueva-presencialidad-para-las-universidades\\\/\"]}]},{\"@type\":\"ImageObject\",\"inLanguage\":\"es\",\"@id\":\"https:\\\/\\\/diarioprincipios.com\\\/index.php\\\/2023\\\/06\\\/08\\\/la-nueva-presencialidad-para-las-universidades\\\/#primaryimage\",\"url\":\"https:\\\/\\\/diarioprincipios.com\\\/wp-content\\\/uploads\\\/2023\\\/06\\\/Inauguracion-AULAS-HIBRIDAS-04.jpg\",\"contentUrl\":\"https:\\\/\\\/diarioprincipios.com\\\/wp-content\\\/uploads\\\/2023\\\/06\\\/Inauguracion-AULAS-HIBRIDAS-04.jpg\",\"width\":680,\"height\":383},{\"@type\":\"BreadcrumbList\",\"@id\":\"https:\\\/\\\/diarioprincipios.com\\\/index.php\\\/2023\\\/06\\\/08\\\/la-nueva-presencialidad-para-las-universidades\\\/#breadcrumb\",\"itemListElement\":[{\"@type\":\"ListItem\",\"position\":1,\"name\":\"Portada\",\"item\":\"https:\\\/\\\/diarioprincipios.com\\\/\"},{\"@type\":\"ListItem\",\"position\":2,\"name\":\"La nueva presencialidad para las universidades\"}]},{\"@type\":\"WebSite\",\"@id\":\"https:\\\/\\\/diarioprincipios.com\\\/#website\",\"url\":\"https:\\\/\\\/diarioprincipios.com\\\/\",\"name\":\"Principios\",\"description\":\"Principios Diario\",\"publisher\":{\"@id\":\"https:\\\/\\\/diarioprincipios.com\\\/#organization\"},\"potentialAction\":[{\"@type\":\"SearchAction\",\"target\":{\"@type\":\"EntryPoint\",\"urlTemplate\":\"https:\\\/\\\/diarioprincipios.com\\\/?s={search_term_string}\"},\"query-input\":{\"@type\":\"PropertyValueSpecification\",\"valueRequired\":true,\"valueName\":\"search_term_string\"}}],\"inLanguage\":\"es\"},{\"@type\":\"Organization\",\"@id\":\"https:\\\/\\\/diarioprincipios.com\\\/#organization\",\"name\":\"Principios\",\"url\":\"https:\\\/\\\/diarioprincipios.com\\\/\",\"logo\":{\"@type\":\"ImageObject\",\"inLanguage\":\"es\",\"@id\":\"https:\\\/\\\/diarioprincipios.com\\\/#\\\/schema\\\/logo\\\/image\\\/\",\"url\":\"https:\\\/\\\/diarioprincipios.com\\\/wp-content\\\/uploads\\\/2024\\\/04\\\/cropped-www.diarioprincipios.com_-1.png\",\"contentUrl\":\"https:\\\/\\\/diarioprincipios.com\\\/wp-content\\\/uploads\\\/2024\\\/04\\\/cropped-www.diarioprincipios.com_-1.png\",\"width\":5325,\"height\":1454,\"caption\":\"Principios\"},\"image\":{\"@id\":\"https:\\\/\\\/diarioprincipios.com\\\/#\\\/schema\\\/logo\\\/image\\\/\"}},{\"@type\":\"Person\",\"@id\":\"https:\\\/\\\/diarioprincipios.com\\\/#\\\/schema\\\/person\\\/436d5a1fd41a5e250e23ff5a6a7cb080\",\"name\":\"Hern\u00e1n L\u00f3pez\",\"image\":{\"@type\":\"ImageObject\",\"inLanguage\":\"es\",\"@id\":\"https:\\\/\\\/diarioprincipios.com\\\/wp-content\\\/litespeed\\\/avatar\\\/11ddfe5610ff3bd100522525b2571f48.jpg?ver=1777653193\",\"url\":\"https:\\\/\\\/diarioprincipios.com\\\/wp-content\\\/litespeed\\\/avatar\\\/11ddfe5610ff3bd100522525b2571f48.jpg?ver=1777653193\",\"contentUrl\":\"https:\\\/\\\/diarioprincipios.com\\\/wp-content\\\/litespeed\\\/avatar\\\/11ddfe5610ff3bd100522525b2571f48.jpg?ver=1777653193\",\"caption\":\"Hern\u00e1n L\u00f3pez\"},\"url\":\"https:\\\/\\\/diarioprincipios.com\\\/index.php\\\/author\\\/hernan\\\/\"}]}<\/script>\n<!-- \/ Yoast SEO plugin. -->","yoast_head_json":{"title":"La nueva presencialidad para las universidades - Principios","robots":{"index":"index","follow":"follow","max-snippet":"max-snippet:-1","max-image-preview":"max-image-preview:large","max-video-preview":"max-video-preview:-1"},"canonical":"https:\/\/diarioprincipios.com\/index.php\/2023\/06\/08\/la-nueva-presencialidad-para-las-universidades\/","og_locale":"es_ES","og_type":"article","og_title":"La nueva presencialidad para las universidades - Principios","og_description":"La aparici\u00f3n de la pandemia del COVID-19 en 2020 oblig\u00f3 a las universidades a implementar una ense\u00f1anza remota de emergencia provocada porque tension\u00f3 todas las estructuras y pr\u00e1cticas habituales, haciendo masivo el uso -antes selectivo- de tecnolog\u00edas de la informaci\u00f3n y de la comunicaci\u00f3n para poder sostener los trayectos formativos de universidad. En el caso...","og_url":"https:\/\/diarioprincipios.com\/index.php\/2023\/06\/08\/la-nueva-presencialidad-para-las-universidades\/","og_site_name":"Principios","article_published_time":"2023-06-08T11:56:34+00:00","article_modified_time":"2023-06-30T16:45:50+00:00","og_image":[{"width":680,"height":383,"url":"https:\/\/diarioprincipios.com\/wp-content\/uploads\/2023\/06\/Inauguracion-AULAS-HIBRIDAS-04.jpg","type":"image\/jpeg"}],"author":"Hern\u00e1n L\u00f3pez","twitter_card":"summary_large_image","twitter_misc":{"Escrito por":"Hern\u00e1n L\u00f3pez","Tiempo de lectura":"3 minutos"},"schema":{"@context":"https:\/\/schema.org","@graph":[{"@type":"Article","@id":"https:\/\/diarioprincipios.com\/index.php\/2023\/06\/08\/la-nueva-presencialidad-para-las-universidades\/#article","isPartOf":{"@id":"https:\/\/diarioprincipios.com\/index.php\/2023\/06\/08\/la-nueva-presencialidad-para-las-universidades\/"},"author":{"name":"Hern\u00e1n L\u00f3pez","@id":"https:\/\/diarioprincipios.com\/#\/schema\/person\/436d5a1fd41a5e250e23ff5a6a7cb080"},"headline":"La nueva presencialidad para las universidades","datePublished":"2023-06-08T11:56:34+00:00","dateModified":"2023-06-30T16:45:50+00:00","mainEntityOfPage":{"@id":"https:\/\/diarioprincipios.com\/index.php\/2023\/06\/08\/la-nueva-presencialidad-para-las-universidades\/"},"wordCount":611,"commentCount":0,"publisher":{"@id":"https:\/\/diarioprincipios.com\/#organization"},"image":{"@id":"https:\/\/diarioprincipios.com\/index.php\/2023\/06\/08\/la-nueva-presencialidad-para-las-universidades\/#primaryimage"},"thumbnailUrl":"https:\/\/diarioprincipios.com\/wp-content\/uploads\/2023\/06\/Inauguracion-AULAS-HIBRIDAS-04.jpg","articleSection":["F. Varela"],"inLanguage":"es","potentialAction":[{"@type":"CommentAction","name":"Comment","target":["https:\/\/diarioprincipios.com\/index.php\/2023\/06\/08\/la-nueva-presencialidad-para-las-universidades\/#respond"]}]},{"@type":"WebPage","@id":"https:\/\/diarioprincipios.com\/index.php\/2023\/06\/08\/la-nueva-presencialidad-para-las-universidades\/","url":"https:\/\/diarioprincipios.com\/index.php\/2023\/06\/08\/la-nueva-presencialidad-para-las-universidades\/","name":"La nueva presencialidad para las universidades - Principios","isPartOf":{"@id":"https:\/\/diarioprincipios.com\/#website"},"primaryImageOfPage":{"@id":"https:\/\/diarioprincipios.com\/index.php\/2023\/06\/08\/la-nueva-presencialidad-para-las-universidades\/#primaryimage"},"image":{"@id":"https:\/\/diarioprincipios.com\/index.php\/2023\/06\/08\/la-nueva-presencialidad-para-las-universidades\/#primaryimage"},"thumbnailUrl":"https:\/\/diarioprincipios.com\/wp-content\/uploads\/2023\/06\/Inauguracion-AULAS-HIBRIDAS-04.jpg","datePublished":"2023-06-08T11:56:34+00:00","dateModified":"2023-06-30T16:45:50+00:00","breadcrumb":{"@id":"https:\/\/diarioprincipios.com\/index.php\/2023\/06\/08\/la-nueva-presencialidad-para-las-universidades\/#breadcrumb"},"inLanguage":"es","potentialAction":[{"@type":"ReadAction","target":["https:\/\/diarioprincipios.com\/index.php\/2023\/06\/08\/la-nueva-presencialidad-para-las-universidades\/"]}]},{"@type":"ImageObject","inLanguage":"es","@id":"https:\/\/diarioprincipios.com\/index.php\/2023\/06\/08\/la-nueva-presencialidad-para-las-universidades\/#primaryimage","url":"https:\/\/diarioprincipios.com\/wp-content\/uploads\/2023\/06\/Inauguracion-AULAS-HIBRIDAS-04.jpg","contentUrl":"https:\/\/diarioprincipios.com\/wp-content\/uploads\/2023\/06\/Inauguracion-AULAS-HIBRIDAS-04.jpg","width":680,"height":383},{"@type":"BreadcrumbList","@id":"https:\/\/diarioprincipios.com\/index.php\/2023\/06\/08\/la-nueva-presencialidad-para-las-universidades\/#breadcrumb","itemListElement":[{"@type":"ListItem","position":1,"name":"Portada","item":"https:\/\/diarioprincipios.com\/"},{"@type":"ListItem","position":2,"name":"La nueva presencialidad para las universidades"}]},{"@type":"WebSite","@id":"https:\/\/diarioprincipios.com\/#website","url":"https:\/\/diarioprincipios.com\/","name":"Principios","description":"Principios Diario","publisher":{"@id":"https:\/\/diarioprincipios.com\/#organization"},"potentialAction":[{"@type":"SearchAction","target":{"@type":"EntryPoint","urlTemplate":"https:\/\/diarioprincipios.com\/?s={search_term_string}"},"query-input":{"@type":"PropertyValueSpecification","valueRequired":true,"valueName":"search_term_string"}}],"inLanguage":"es"},{"@type":"Organization","@id":"https:\/\/diarioprincipios.com\/#organization","name":"Principios","url":"https:\/\/diarioprincipios.com\/","logo":{"@type":"ImageObject","inLanguage":"es","@id":"https:\/\/diarioprincipios.com\/#\/schema\/logo\/image\/","url":"https:\/\/diarioprincipios.com\/wp-content\/uploads\/2024\/04\/cropped-www.diarioprincipios.com_-1.png","contentUrl":"https:\/\/diarioprincipios.com\/wp-content\/uploads\/2024\/04\/cropped-www.diarioprincipios.com_-1.png","width":5325,"height":1454,"caption":"Principios"},"image":{"@id":"https:\/\/diarioprincipios.com\/#\/schema\/logo\/image\/"}},{"@type":"Person","@id":"https:\/\/diarioprincipios.com\/#\/schema\/person\/436d5a1fd41a5e250e23ff5a6a7cb080","name":"Hern\u00e1n L\u00f3pez","image":{"@type":"ImageObject","inLanguage":"es","@id":"https:\/\/diarioprincipios.com\/wp-content\/litespeed\/avatar\/11ddfe5610ff3bd100522525b2571f48.jpg?ver=1777653193","url":"https:\/\/diarioprincipios.com\/wp-content\/litespeed\/avatar\/11ddfe5610ff3bd100522525b2571f48.jpg?ver=1777653193","contentUrl":"https:\/\/diarioprincipios.com\/wp-content\/litespeed\/avatar\/11ddfe5610ff3bd100522525b2571f48.jpg?ver=1777653193","caption":"Hern\u00e1n L\u00f3pez"},"url":"https:\/\/diarioprincipios.com\/index.php\/author\/hernan\/"}]}},"jetpack_featured_media_url":"https:\/\/diarioprincipios.com\/wp-content\/uploads\/2023\/06\/Inauguracion-AULAS-HIBRIDAS-04.jpg","_links":{"self":[{"href":"https:\/\/diarioprincipios.com\/index.php\/wp-json\/wp\/v2\/posts\/17291","targetHints":{"allow":["GET"]}}],"collection":[{"href":"https:\/\/diarioprincipios.com\/index.php\/wp-json\/wp\/v2\/posts"}],"about":[{"href":"https:\/\/diarioprincipios.com\/index.php\/wp-json\/wp\/v2\/types\/post"}],"author":[{"embeddable":true,"href":"https:\/\/diarioprincipios.com\/index.php\/wp-json\/wp\/v2\/users\/2"}],"replies":[{"embeddable":true,"href":"https:\/\/diarioprincipios.com\/index.php\/wp-json\/wp\/v2\/comments?post=17291"}],"version-history":[{"count":1,"href":"https:\/\/diarioprincipios.com\/index.php\/wp-json\/wp\/v2\/posts\/17291\/revisions"}],"predecessor-version":[{"id":17294,"href":"https:\/\/diarioprincipios.com\/index.php\/wp-json\/wp\/v2\/posts\/17291\/revisions\/17294"}],"wp:featuredmedia":[{"embeddable":true,"href":"https:\/\/diarioprincipios.com\/index.php\/wp-json\/wp\/v2\/media\/17293"}],"wp:attachment":[{"href":"https:\/\/diarioprincipios.com\/index.php\/wp-json\/wp\/v2\/media?parent=17291"}],"wp:term":[{"taxonomy":"category","embeddable":true,"href":"https:\/\/diarioprincipios.com\/index.php\/wp-json\/wp\/v2\/categories?post=17291"},{"taxonomy":"post_tag","embeddable":true,"href":"https:\/\/diarioprincipios.com\/index.php\/wp-json\/wp\/v2\/tags?post=17291"}],"curies":[{"name":"wp","href":"https:\/\/api.w.org\/{rel}","templated":true}]}}