{"id":17014,"date":"2023-05-17T10:40:27","date_gmt":"2023-05-17T13:40:27","guid":{"rendered":"http:\/\/diarioprincipios.com\/?p=17014"},"modified":"2023-06-01T16:07:37","modified_gmt":"2023-06-01T19:07:37","slug":"berazategui-sigue-impulsando-a-los-horticultores-locales","status":"publish","type":"post","link":"https:\/\/diarioprincipios.com\/index.php\/2023\/05\/17\/berazategui-sigue-impulsando-a-los-horticultores-locales\/","title":{"rendered":"Berazategui sigue impulsando a los Horticultores locales"},"content":{"rendered":"\n<p><strong>La Municipalidad de Berazategui sigue impulsando y protegiendo a los productores hort\u00edcolas locales, beneficiando -a la vez- a las y los consumidores, vecinos y vecinas, a trav\u00e9s de distintas iniciativas. De esta manera, se realiza la venta directa de la producci\u00f3n a precios especiales.<\/strong><\/p>\n\n\n\n<p>El 17 de Mayo es el D\u00eda Mundial de las y los Horticultores, personas que trabajan en la siembra y cultivo de alimentos, en la mejora de las cosechas, abonos, almacenaje, procesado y transporte de frutas, bayas, frutos secos, verduras, flores, \u00e1rboles, arbustos, y c\u00e9sped. Encontramos horticultores en Berazategui y sus sistemas de producci\u00f3n son -en su mayor\u00eda- de origen familiar. Es un sector que contribuye fuertemente a la alimentaci\u00f3n cotidiana de la poblaci\u00f3n.<\/p>\n\n\n\n<figure class=\"wp-block-image size-large\"><img loading=\"lazy\" decoding=\"async\" width=\"1024\" height=\"682\" src=\"https:\/\/diarioprincipios.com\/wp-content\/uploads\/2023\/05\/BERAZATEGUI-SIGUE-IMPULSANDO-A-LOS-HORTICULTORES-LOCALES3-1024x682.jpg\" alt=\"\" class=\"wp-image-17015\" srcset=\"https:\/\/diarioprincipios.com\/wp-content\/uploads\/2023\/05\/BERAZATEGUI-SIGUE-IMPULSANDO-A-LOS-HORTICULTORES-LOCALES3-1024x682.jpg 1024w, https:\/\/diarioprincipios.com\/wp-content\/uploads\/2023\/05\/BERAZATEGUI-SIGUE-IMPULSANDO-A-LOS-HORTICULTORES-LOCALES3-300x200.jpg 300w, https:\/\/diarioprincipios.com\/wp-content\/uploads\/2023\/05\/BERAZATEGUI-SIGUE-IMPULSANDO-A-LOS-HORTICULTORES-LOCALES3-768x512.jpg 768w, https:\/\/diarioprincipios.com\/wp-content\/uploads\/2023\/05\/BERAZATEGUI-SIGUE-IMPULSANDO-A-LOS-HORTICULTORES-LOCALES3-1536x1023.jpg 1536w, https:\/\/diarioprincipios.com\/wp-content\/uploads\/2023\/05\/BERAZATEGUI-SIGUE-IMPULSANDO-A-LOS-HORTICULTORES-LOCALES3.jpg 1600w\" sizes=\"auto, (max-width: 1024px) 100vw, 1024px\" \/><\/figure>\n\n\n\n<p>Al respecto, el director de Desarrollo Productivo de la Secretar\u00eda de Trabajo, C\u00e9sar Magdycz, detall\u00f3: \u201cBerazategui, por decisi\u00f3n del intendente Juan Jos\u00e9 Mussi, tiene un Departamento de Desarrollo Agrario, donde se articulan pol\u00edticas dirigidas a los productores locales, como Mercado Vecino y la Feria Agroecol\u00f3gica. All\u00ed, los trabajadores hort\u00edcolas venden sus productos de manera directa al p\u00fablico. Berazategui, junto con las ciudades de La Plata y Florencio Varela, forman el principal Cintur\u00f3n Hort\u00edcola del pa\u00eds. Nuestro distrito cuenta con cientos de familias dedicadas a la producci\u00f3n de alimentos frescos\u201d.<\/p>\n\n\n\n<p>De esta manera, todas las semanas desde hace 6 a\u00f1os, Mercado Vecino -la feria itinerante de Berazategui- brinda precios accesibles en alimentos de primera necesidad, en distintos puntos. Para conocer el cronograma completo, se puede ingresar en\u00a0<a href=\"http:\/\/berazategui.gob.ar\/mercadovecino\" target=\"_blank\" rel=\"noreferrer noopener\">berazategui.gob.ar\/mercadovecino<\/a>.<\/p>\n\n\n\n<figure class=\"wp-block-image size-large\"><img loading=\"lazy\" decoding=\"async\" width=\"1024\" height=\"682\" src=\"https:\/\/diarioprincipios.com\/wp-content\/uploads\/2023\/05\/BERAZATEGUI-SIGUE-IMPULSANDO-A-LOS-HORTICULTORES-LOCALES4-1024x682.jpg\" alt=\"\" class=\"wp-image-17016\" srcset=\"https:\/\/diarioprincipios.com\/wp-content\/uploads\/2023\/05\/BERAZATEGUI-SIGUE-IMPULSANDO-A-LOS-HORTICULTORES-LOCALES4-1024x682.jpg 1024w, https:\/\/diarioprincipios.com\/wp-content\/uploads\/2023\/05\/BERAZATEGUI-SIGUE-IMPULSANDO-A-LOS-HORTICULTORES-LOCALES4-300x200.jpg 300w, https:\/\/diarioprincipios.com\/wp-content\/uploads\/2023\/05\/BERAZATEGUI-SIGUE-IMPULSANDO-A-LOS-HORTICULTORES-LOCALES4-768x512.jpg 768w, https:\/\/diarioprincipios.com\/wp-content\/uploads\/2023\/05\/BERAZATEGUI-SIGUE-IMPULSANDO-A-LOS-HORTICULTORES-LOCALES4-1536x1023.jpg 1536w, https:\/\/diarioprincipios.com\/wp-content\/uploads\/2023\/05\/BERAZATEGUI-SIGUE-IMPULSANDO-A-LOS-HORTICULTORES-LOCALES4.jpg 1600w\" sizes=\"auto, (max-width: 1024px) 100vw, 1024px\" \/><\/figure>\n\n\n\n<p>Tambi\u00e9n se realiza la Feria Agroecol\u00f3gica, donde se puede acceder a frutas y verduras de estaci\u00f3n, producidas y cultivadas por agricultores berazateguenses -sin intervenci\u00f3n de agroqu\u00edmicos, fertilizantes, herbicidas ni pesticidas qu\u00edmicos-, en la Plaza Julia Copello de Tiscornia (Av. 14 y 132), todos los mi\u00e9rcoles de 9.00 a 13.00.<\/p>\n\n\n\n<p>\u201cLas productoras y los productores interesados -organizados en Cooperativas- pueden llamar al Departamento de Desarrollo Agrario municipal al 4356-9200 (Int. 1178). Contamos con pol\u00edticas inclusivas y abiertas. Tambi\u00e9n estamos trabajando en proyectos de infraestructura, equipamiento y dem\u00e1s, en la zona productiva\u201d, finaliz\u00f3 Magdycz.<\/p>\n","protected":false},"excerpt":{"rendered":"<p>La Municipalidad de Berazategui sigue impulsando y protegiendo a los productores hort\u00edcolas locales, beneficiando -a la vez- a las y los consumidores, vecinos y vecinas, a trav\u00e9s de distintas iniciativas. De esta manera, se realiza la venta directa de la producci\u00f3n a precios especiales. El 17 de Mayo es el D\u00eda Mundial de las y&#8230;<\/p>\n","protected":false},"author":2,"featured_media":17017,"comment_status":"open","ping_status":"open","sticky":false,"template":"","format":"standard","meta":{"footnotes":""},"categories":[3],"tags":[],"class_list":["post-17014","post","type-post","status-publish","format-standard","has-post-thumbnail","hentry","category-berazategui"],"featured_image_src":"https:\/\/diarioprincipios.com\/wp-content\/uploads\/2023\/05\/BERAZATEGUI-SIGUE-IMPULSANDO-A-LOS-HORTICULTORES-LOCALES5-1024x682.jpg","blog_images":{"medium":"https:\/\/diarioprincipios.com\/wp-content\/uploads\/2023\/05\/BERAZATEGUI-SIGUE-IMPULSANDO-A-LOS-HORTICULTORES-LOCALES5-300x200.jpg","large":"https:\/\/diarioprincipios.com\/wp-content\/uploads\/2023\/05\/BERAZATEGUI-SIGUE-IMPULSANDO-A-LOS-HORTICULTORES-LOCALES5-1024x682.jpg"},"ams_acf":[],"yoast_head":"<!-- This site is optimized with the Yoast SEO plugin v27.3 - https:\/\/yoast.com\/product\/yoast-seo-wordpress\/ -->\n<title>Berazategui sigue impulsando a los Horticultores locales - Principios<\/title>\n<meta name=\"robots\" content=\"index, follow, max-snippet:-1, max-image-preview:large, max-video-preview:-1\" \/>\n<link rel=\"canonical\" href=\"https:\/\/diarioprincipios.com\/index.php\/2023\/05\/17\/berazategui-sigue-impulsando-a-los-horticultores-locales\/\" \/>\n<meta property=\"og:locale\" content=\"es_ES\" \/>\n<meta property=\"og:type\" content=\"article\" \/>\n<meta property=\"og:title\" content=\"Berazategui sigue impulsando a los Horticultores locales - Principios\" \/>\n<meta property=\"og:description\" content=\"La Municipalidad de Berazategui sigue impulsando y protegiendo a los productores hort\u00edcolas locales, beneficiando -a la vez- a las y los consumidores, vecinos y vecinas, a trav\u00e9s de distintas iniciativas. De esta manera, se realiza la venta directa de la producci\u00f3n a precios especiales. El 17 de Mayo es el D\u00eda Mundial de las y...\" \/>\n<meta property=\"og:url\" content=\"https:\/\/diarioprincipios.com\/index.php\/2023\/05\/17\/berazategui-sigue-impulsando-a-los-horticultores-locales\/\" \/>\n<meta property=\"og:site_name\" content=\"Principios\" \/>\n<meta property=\"article:published_time\" content=\"2023-05-17T13:40:27+00:00\" \/>\n<meta property=\"article:modified_time\" content=\"2023-06-01T19:07:37+00:00\" \/>\n<meta property=\"og:image\" content=\"https:\/\/diarioprincipios.com\/wp-content\/uploads\/2023\/05\/BERAZATEGUI-SIGUE-IMPULSANDO-A-LOS-HORTICULTORES-LOCALES5.jpg\" \/>\n\t<meta property=\"og:image:width\" content=\"1600\" \/>\n\t<meta property=\"og:image:height\" content=\"1066\" \/>\n\t<meta property=\"og:image:type\" content=\"image\/jpeg\" \/>\n<meta name=\"author\" content=\"Hern\u00e1n L\u00f3pez\" \/>\n<meta name=\"twitter:card\" content=\"summary_large_image\" \/>\n<meta name=\"twitter:label1\" content=\"Escrito por\" \/>\n\t<meta name=\"twitter:data1\" content=\"Hern\u00e1n L\u00f3pez\" \/>\n\t<meta name=\"twitter:label2\" content=\"Tiempo de lectura\" \/>\n\t<meta name=\"twitter:data2\" content=\"2 minutos\" \/>\n<script type=\"application\/ld+json\" class=\"yoast-schema-graph\">{\"@context\":\"https:\\\/\\\/schema.org\",\"@graph\":[{\"@type\":\"Article\",\"@id\":\"https:\\\/\\\/diarioprincipios.com\\\/index.php\\\/2023\\\/05\\\/17\\\/berazategui-sigue-impulsando-a-los-horticultores-locales\\\/#article\",\"isPartOf\":{\"@id\":\"https:\\\/\\\/diarioprincipios.com\\\/index.php\\\/2023\\\/05\\\/17\\\/berazategui-sigue-impulsando-a-los-horticultores-locales\\\/\"},\"author\":{\"name\":\"Hern\u00e1n L\u00f3pez\",\"@id\":\"https:\\\/\\\/diarioprincipios.com\\\/#\\\/schema\\\/person\\\/436d5a1fd41a5e250e23ff5a6a7cb080\"},\"headline\":\"Berazategui sigue impulsando a los Horticultores locales\",\"datePublished\":\"2023-05-17T13:40:27+00:00\",\"dateModified\":\"2023-06-01T19:07:37+00:00\",\"mainEntityOfPage\":{\"@id\":\"https:\\\/\\\/diarioprincipios.com\\\/index.php\\\/2023\\\/05\\\/17\\\/berazategui-sigue-impulsando-a-los-horticultores-locales\\\/\"},\"wordCount\":371,\"commentCount\":0,\"publisher\":{\"@id\":\"https:\\\/\\\/diarioprincipios.com\\\/#organization\"},\"image\":{\"@id\":\"https:\\\/\\\/diarioprincipios.com\\\/index.php\\\/2023\\\/05\\\/17\\\/berazategui-sigue-impulsando-a-los-horticultores-locales\\\/#primaryimage\"},\"thumbnailUrl\":\"https:\\\/\\\/diarioprincipios.com\\\/wp-content\\\/uploads\\\/2023\\\/05\\\/BERAZATEGUI-SIGUE-IMPULSANDO-A-LOS-HORTICULTORES-LOCALES5.jpg\",\"articleSection\":[\"Berazategui\"],\"inLanguage\":\"es\",\"potentialAction\":[{\"@type\":\"CommentAction\",\"name\":\"Comment\",\"target\":[\"https:\\\/\\\/diarioprincipios.com\\\/index.php\\\/2023\\\/05\\\/17\\\/berazategui-sigue-impulsando-a-los-horticultores-locales\\\/#respond\"]}]},{\"@type\":\"WebPage\",\"@id\":\"https:\\\/\\\/diarioprincipios.com\\\/index.php\\\/2023\\\/05\\\/17\\\/berazategui-sigue-impulsando-a-los-horticultores-locales\\\/\",\"url\":\"https:\\\/\\\/diarioprincipios.com\\\/index.php\\\/2023\\\/05\\\/17\\\/berazategui-sigue-impulsando-a-los-horticultores-locales\\\/\",\"name\":\"Berazategui sigue impulsando a los Horticultores locales - Principios\",\"isPartOf\":{\"@id\":\"https:\\\/\\\/diarioprincipios.com\\\/#website\"},\"primaryImageOfPage\":{\"@id\":\"https:\\\/\\\/diarioprincipios.com\\\/index.php\\\/2023\\\/05\\\/17\\\/berazategui-sigue-impulsando-a-los-horticultores-locales\\\/#primaryimage\"},\"image\":{\"@id\":\"https:\\\/\\\/diarioprincipios.com\\\/index.php\\\/2023\\\/05\\\/17\\\/berazategui-sigue-impulsando-a-los-horticultores-locales\\\/#primaryimage\"},\"thumbnailUrl\":\"https:\\\/\\\/diarioprincipios.com\\\/wp-content\\\/uploads\\\/2023\\\/05\\\/BERAZATEGUI-SIGUE-IMPULSANDO-A-LOS-HORTICULTORES-LOCALES5.jpg\",\"datePublished\":\"2023-05-17T13:40:27+00:00\",\"dateModified\":\"2023-06-01T19:07:37+00:00\",\"breadcrumb\":{\"@id\":\"https:\\\/\\\/diarioprincipios.com\\\/index.php\\\/2023\\\/05\\\/17\\\/berazategui-sigue-impulsando-a-los-horticultores-locales\\\/#breadcrumb\"},\"inLanguage\":\"es\",\"potentialAction\":[{\"@type\":\"ReadAction\",\"target\":[\"https:\\\/\\\/diarioprincipios.com\\\/index.php\\\/2023\\\/05\\\/17\\\/berazategui-sigue-impulsando-a-los-horticultores-locales\\\/\"]}]},{\"@type\":\"ImageObject\",\"inLanguage\":\"es\",\"@id\":\"https:\\\/\\\/diarioprincipios.com\\\/index.php\\\/2023\\\/05\\\/17\\\/berazategui-sigue-impulsando-a-los-horticultores-locales\\\/#primaryimage\",\"url\":\"https:\\\/\\\/diarioprincipios.com\\\/wp-content\\\/uploads\\\/2023\\\/05\\\/BERAZATEGUI-SIGUE-IMPULSANDO-A-LOS-HORTICULTORES-LOCALES5.jpg\",\"contentUrl\":\"https:\\\/\\\/diarioprincipios.com\\\/wp-content\\\/uploads\\\/2023\\\/05\\\/BERAZATEGUI-SIGUE-IMPULSANDO-A-LOS-HORTICULTORES-LOCALES5.jpg\",\"width\":1600,\"height\":1066},{\"@type\":\"BreadcrumbList\",\"@id\":\"https:\\\/\\\/diarioprincipios.com\\\/index.php\\\/2023\\\/05\\\/17\\\/berazategui-sigue-impulsando-a-los-horticultores-locales\\\/#breadcrumb\",\"itemListElement\":[{\"@type\":\"ListItem\",\"position\":1,\"name\":\"Portada\",\"item\":\"https:\\\/\\\/diarioprincipios.com\\\/\"},{\"@type\":\"ListItem\",\"position\":2,\"name\":\"Berazategui sigue impulsando a los Horticultores locales\"}]},{\"@type\":\"WebSite\",\"@id\":\"https:\\\/\\\/diarioprincipios.com\\\/#website\",\"url\":\"https:\\\/\\\/diarioprincipios.com\\\/\",\"name\":\"Principios\",\"description\":\"Principios Diario\",\"publisher\":{\"@id\":\"https:\\\/\\\/diarioprincipios.com\\\/#organization\"},\"potentialAction\":[{\"@type\":\"SearchAction\",\"target\":{\"@type\":\"EntryPoint\",\"urlTemplate\":\"https:\\\/\\\/diarioprincipios.com\\\/?s={search_term_string}\"},\"query-input\":{\"@type\":\"PropertyValueSpecification\",\"valueRequired\":true,\"valueName\":\"search_term_string\"}}],\"inLanguage\":\"es\"},{\"@type\":\"Organization\",\"@id\":\"https:\\\/\\\/diarioprincipios.com\\\/#organization\",\"name\":\"Principios\",\"url\":\"https:\\\/\\\/diarioprincipios.com\\\/\",\"logo\":{\"@type\":\"ImageObject\",\"inLanguage\":\"es\",\"@id\":\"https:\\\/\\\/diarioprincipios.com\\\/#\\\/schema\\\/logo\\\/image\\\/\",\"url\":\"https:\\\/\\\/diarioprincipios.com\\\/wp-content\\\/uploads\\\/2024\\\/04\\\/cropped-www.diarioprincipios.com_-1.png\",\"contentUrl\":\"https:\\\/\\\/diarioprincipios.com\\\/wp-content\\\/uploads\\\/2024\\\/04\\\/cropped-www.diarioprincipios.com_-1.png\",\"width\":5325,\"height\":1454,\"caption\":\"Principios\"},\"image\":{\"@id\":\"https:\\\/\\\/diarioprincipios.com\\\/#\\\/schema\\\/logo\\\/image\\\/\"}},{\"@type\":\"Person\",\"@id\":\"https:\\\/\\\/diarioprincipios.com\\\/#\\\/schema\\\/person\\\/436d5a1fd41a5e250e23ff5a6a7cb080\",\"name\":\"Hern\u00e1n L\u00f3pez\",\"image\":{\"@type\":\"ImageObject\",\"inLanguage\":\"es\",\"@id\":\"https:\\\/\\\/diarioprincipios.com\\\/wp-content\\\/litespeed\\\/avatar\\\/11ddfe5610ff3bd100522525b2571f48.jpg?ver=1777653193\",\"url\":\"https:\\\/\\\/diarioprincipios.com\\\/wp-content\\\/litespeed\\\/avatar\\\/11ddfe5610ff3bd100522525b2571f48.jpg?ver=1777653193\",\"contentUrl\":\"https:\\\/\\\/diarioprincipios.com\\\/wp-content\\\/litespeed\\\/avatar\\\/11ddfe5610ff3bd100522525b2571f48.jpg?ver=1777653193\",\"caption\":\"Hern\u00e1n L\u00f3pez\"},\"url\":\"https:\\\/\\\/diarioprincipios.com\\\/index.php\\\/author\\\/hernan\\\/\"}]}<\/script>\n<!-- \/ Yoast SEO plugin. -->","yoast_head_json":{"title":"Berazategui sigue impulsando a los Horticultores locales - Principios","robots":{"index":"index","follow":"follow","max-snippet":"max-snippet:-1","max-image-preview":"max-image-preview:large","max-video-preview":"max-video-preview:-1"},"canonical":"https:\/\/diarioprincipios.com\/index.php\/2023\/05\/17\/berazategui-sigue-impulsando-a-los-horticultores-locales\/","og_locale":"es_ES","og_type":"article","og_title":"Berazategui sigue impulsando a los Horticultores locales - Principios","og_description":"La Municipalidad de Berazategui sigue impulsando y protegiendo a los productores hort\u00edcolas locales, beneficiando -a la vez- a las y los consumidores, vecinos y vecinas, a trav\u00e9s de distintas iniciativas. De esta manera, se realiza la venta directa de la producci\u00f3n a precios especiales. El 17 de Mayo es el D\u00eda Mundial de las y...","og_url":"https:\/\/diarioprincipios.com\/index.php\/2023\/05\/17\/berazategui-sigue-impulsando-a-los-horticultores-locales\/","og_site_name":"Principios","article_published_time":"2023-05-17T13:40:27+00:00","article_modified_time":"2023-06-01T19:07:37+00:00","og_image":[{"width":1600,"height":1066,"url":"https:\/\/diarioprincipios.com\/wp-content\/uploads\/2023\/05\/BERAZATEGUI-SIGUE-IMPULSANDO-A-LOS-HORTICULTORES-LOCALES5.jpg","type":"image\/jpeg"}],"author":"Hern\u00e1n L\u00f3pez","twitter_card":"summary_large_image","twitter_misc":{"Escrito por":"Hern\u00e1n L\u00f3pez","Tiempo de lectura":"2 minutos"},"schema":{"@context":"https:\/\/schema.org","@graph":[{"@type":"Article","@id":"https:\/\/diarioprincipios.com\/index.php\/2023\/05\/17\/berazategui-sigue-impulsando-a-los-horticultores-locales\/#article","isPartOf":{"@id":"https:\/\/diarioprincipios.com\/index.php\/2023\/05\/17\/berazategui-sigue-impulsando-a-los-horticultores-locales\/"},"author":{"name":"Hern\u00e1n L\u00f3pez","@id":"https:\/\/diarioprincipios.com\/#\/schema\/person\/436d5a1fd41a5e250e23ff5a6a7cb080"},"headline":"Berazategui sigue impulsando a los Horticultores locales","datePublished":"2023-05-17T13:40:27+00:00","dateModified":"2023-06-01T19:07:37+00:00","mainEntityOfPage":{"@id":"https:\/\/diarioprincipios.com\/index.php\/2023\/05\/17\/berazategui-sigue-impulsando-a-los-horticultores-locales\/"},"wordCount":371,"commentCount":0,"publisher":{"@id":"https:\/\/diarioprincipios.com\/#organization"},"image":{"@id":"https:\/\/diarioprincipios.com\/index.php\/2023\/05\/17\/berazategui-sigue-impulsando-a-los-horticultores-locales\/#primaryimage"},"thumbnailUrl":"https:\/\/diarioprincipios.com\/wp-content\/uploads\/2023\/05\/BERAZATEGUI-SIGUE-IMPULSANDO-A-LOS-HORTICULTORES-LOCALES5.jpg","articleSection":["Berazategui"],"inLanguage":"es","potentialAction":[{"@type":"CommentAction","name":"Comment","target":["https:\/\/diarioprincipios.com\/index.php\/2023\/05\/17\/berazategui-sigue-impulsando-a-los-horticultores-locales\/#respond"]}]},{"@type":"WebPage","@id":"https:\/\/diarioprincipios.com\/index.php\/2023\/05\/17\/berazategui-sigue-impulsando-a-los-horticultores-locales\/","url":"https:\/\/diarioprincipios.com\/index.php\/2023\/05\/17\/berazategui-sigue-impulsando-a-los-horticultores-locales\/","name":"Berazategui sigue impulsando a los Horticultores locales - Principios","isPartOf":{"@id":"https:\/\/diarioprincipios.com\/#website"},"primaryImageOfPage":{"@id":"https:\/\/diarioprincipios.com\/index.php\/2023\/05\/17\/berazategui-sigue-impulsando-a-los-horticultores-locales\/#primaryimage"},"image":{"@id":"https:\/\/diarioprincipios.com\/index.php\/2023\/05\/17\/berazategui-sigue-impulsando-a-los-horticultores-locales\/#primaryimage"},"thumbnailUrl":"https:\/\/diarioprincipios.com\/wp-content\/uploads\/2023\/05\/BERAZATEGUI-SIGUE-IMPULSANDO-A-LOS-HORTICULTORES-LOCALES5.jpg","datePublished":"2023-05-17T13:40:27+00:00","dateModified":"2023-06-01T19:07:37+00:00","breadcrumb":{"@id":"https:\/\/diarioprincipios.com\/index.php\/2023\/05\/17\/berazategui-sigue-impulsando-a-los-horticultores-locales\/#breadcrumb"},"inLanguage":"es","potentialAction":[{"@type":"ReadAction","target":["https:\/\/diarioprincipios.com\/index.php\/2023\/05\/17\/berazategui-sigue-impulsando-a-los-horticultores-locales\/"]}]},{"@type":"ImageObject","inLanguage":"es","@id":"https:\/\/diarioprincipios.com\/index.php\/2023\/05\/17\/berazategui-sigue-impulsando-a-los-horticultores-locales\/#primaryimage","url":"https:\/\/diarioprincipios.com\/wp-content\/uploads\/2023\/05\/BERAZATEGUI-SIGUE-IMPULSANDO-A-LOS-HORTICULTORES-LOCALES5.jpg","contentUrl":"https:\/\/diarioprincipios.com\/wp-content\/uploads\/2023\/05\/BERAZATEGUI-SIGUE-IMPULSANDO-A-LOS-HORTICULTORES-LOCALES5.jpg","width":1600,"height":1066},{"@type":"BreadcrumbList","@id":"https:\/\/diarioprincipios.com\/index.php\/2023\/05\/17\/berazategui-sigue-impulsando-a-los-horticultores-locales\/#breadcrumb","itemListElement":[{"@type":"ListItem","position":1,"name":"Portada","item":"https:\/\/diarioprincipios.com\/"},{"@type":"ListItem","position":2,"name":"Berazategui sigue impulsando a los Horticultores locales"}]},{"@type":"WebSite","@id":"https:\/\/diarioprincipios.com\/#website","url":"https:\/\/diarioprincipios.com\/","name":"Principios","description":"Principios Diario","publisher":{"@id":"https:\/\/diarioprincipios.com\/#organization"},"potentialAction":[{"@type":"SearchAction","target":{"@type":"EntryPoint","urlTemplate":"https:\/\/diarioprincipios.com\/?s={search_term_string}"},"query-input":{"@type":"PropertyValueSpecification","valueRequired":true,"valueName":"search_term_string"}}],"inLanguage":"es"},{"@type":"Organization","@id":"https:\/\/diarioprincipios.com\/#organization","name":"Principios","url":"https:\/\/diarioprincipios.com\/","logo":{"@type":"ImageObject","inLanguage":"es","@id":"https:\/\/diarioprincipios.com\/#\/schema\/logo\/image\/","url":"https:\/\/diarioprincipios.com\/wp-content\/uploads\/2024\/04\/cropped-www.diarioprincipios.com_-1.png","contentUrl":"https:\/\/diarioprincipios.com\/wp-content\/uploads\/2024\/04\/cropped-www.diarioprincipios.com_-1.png","width":5325,"height":1454,"caption":"Principios"},"image":{"@id":"https:\/\/diarioprincipios.com\/#\/schema\/logo\/image\/"}},{"@type":"Person","@id":"https:\/\/diarioprincipios.com\/#\/schema\/person\/436d5a1fd41a5e250e23ff5a6a7cb080","name":"Hern\u00e1n L\u00f3pez","image":{"@type":"ImageObject","inLanguage":"es","@id":"https:\/\/diarioprincipios.com\/wp-content\/litespeed\/avatar\/11ddfe5610ff3bd100522525b2571f48.jpg?ver=1777653193","url":"https:\/\/diarioprincipios.com\/wp-content\/litespeed\/avatar\/11ddfe5610ff3bd100522525b2571f48.jpg?ver=1777653193","contentUrl":"https:\/\/diarioprincipios.com\/wp-content\/litespeed\/avatar\/11ddfe5610ff3bd100522525b2571f48.jpg?ver=1777653193","caption":"Hern\u00e1n L\u00f3pez"},"url":"https:\/\/diarioprincipios.com\/index.php\/author\/hernan\/"}]}},"jetpack_featured_media_url":"https:\/\/diarioprincipios.com\/wp-content\/uploads\/2023\/05\/BERAZATEGUI-SIGUE-IMPULSANDO-A-LOS-HORTICULTORES-LOCALES5.jpg","_links":{"self":[{"href":"https:\/\/diarioprincipios.com\/index.php\/wp-json\/wp\/v2\/posts\/17014","targetHints":{"allow":["GET"]}}],"collection":[{"href":"https:\/\/diarioprincipios.com\/index.php\/wp-json\/wp\/v2\/posts"}],"about":[{"href":"https:\/\/diarioprincipios.com\/index.php\/wp-json\/wp\/v2\/types\/post"}],"author":[{"embeddable":true,"href":"https:\/\/diarioprincipios.com\/index.php\/wp-json\/wp\/v2\/users\/2"}],"replies":[{"embeddable":true,"href":"https:\/\/diarioprincipios.com\/index.php\/wp-json\/wp\/v2\/comments?post=17014"}],"version-history":[{"count":1,"href":"https:\/\/diarioprincipios.com\/index.php\/wp-json\/wp\/v2\/posts\/17014\/revisions"}],"predecessor-version":[{"id":17018,"href":"https:\/\/diarioprincipios.com\/index.php\/wp-json\/wp\/v2\/posts\/17014\/revisions\/17018"}],"wp:featuredmedia":[{"embeddable":true,"href":"https:\/\/diarioprincipios.com\/index.php\/wp-json\/wp\/v2\/media\/17017"}],"wp:attachment":[{"href":"https:\/\/diarioprincipios.com\/index.php\/wp-json\/wp\/v2\/media?parent=17014"}],"wp:term":[{"taxonomy":"category","embeddable":true,"href":"https:\/\/diarioprincipios.com\/index.php\/wp-json\/wp\/v2\/categories?post=17014"},{"taxonomy":"post_tag","embeddable":true,"href":"https:\/\/diarioprincipios.com\/index.php\/wp-json\/wp\/v2\/tags?post=17014"}],"curies":[{"name":"wp","href":"https:\/\/api.w.org\/{rel}","templated":true}]}}