{"id":17008,"date":"2023-05-17T06:39:23","date_gmt":"2023-05-17T09:39:23","guid":{"rendered":"http:\/\/diarioprincipios.com\/?p=17008"},"modified":"2023-06-01T16:07:31","modified_gmt":"2023-06-01T19:07:31","slug":"un-nuevo-registro-provincial-de-las-personas-funcionara-en-el-centro-civico-de-gutierrez","status":"publish","type":"post","link":"https:\/\/diarioprincipios.com\/index.php\/2023\/05\/17\/un-nuevo-registro-provincial-de-las-personas-funcionara-en-el-centro-civico-de-gutierrez\/","title":{"rendered":"Un nuevo Registro Provincial de las Personas funcionar\u00e1 en el Centro C\u00edvico de Gutierrez"},"content":{"rendered":"\n<p><strong><em>Mussi y la ministra bonaerense \u00c1lvarez Rodr\u00edguez firmaron el acuerdo para su puesta en marcha y recorrieron el lugar<\/em><br>En este flamante espacio municipal, ubicado en calle 417 y Camino Real Norte, se facilitar\u00e1n los tr\u00e1mites de identidad a los vecinos y las vecinas de la zona, quienes ya no deber\u00e1n trasladarse hasta el Centro de Berazategui para realizarlos. El intendente, Juan Jos\u00e9 Mussi, y la ministra bonaerense de Gobierno, Cristina \u00c1lvarez Rodr\u00edguez, lo visitaron y sellaron el convenio y comodato para que comience a brindar este servicio.<\/strong><\/p>\n\n\n\n<figure class=\"wp-block-image size-large\"><img loading=\"lazy\" decoding=\"async\" width=\"1024\" height=\"682\" src=\"https:\/\/diarioprincipios.com\/wp-content\/uploads\/2023\/05\/UN-NUEVO-REGISTRO-PROVINCIAL-DE-LAS-PERSONAS-FUNCIONARA-EN-EL-CENTRO-CIVICO-CULTURAL-Y-RECREATIVO-MUNICIPAL-DE-GUTIERREZ1-1024x682.jpg\" alt=\"\" class=\"wp-image-17009\" srcset=\"https:\/\/diarioprincipios.com\/wp-content\/uploads\/2023\/05\/UN-NUEVO-REGISTRO-PROVINCIAL-DE-LAS-PERSONAS-FUNCIONARA-EN-EL-CENTRO-CIVICO-CULTURAL-Y-RECREATIVO-MUNICIPAL-DE-GUTIERREZ1-1024x682.jpg 1024w, https:\/\/diarioprincipios.com\/wp-content\/uploads\/2023\/05\/UN-NUEVO-REGISTRO-PROVINCIAL-DE-LAS-PERSONAS-FUNCIONARA-EN-EL-CENTRO-CIVICO-CULTURAL-Y-RECREATIVO-MUNICIPAL-DE-GUTIERREZ1-300x200.jpg 300w, https:\/\/diarioprincipios.com\/wp-content\/uploads\/2023\/05\/UN-NUEVO-REGISTRO-PROVINCIAL-DE-LAS-PERSONAS-FUNCIONARA-EN-EL-CENTRO-CIVICO-CULTURAL-Y-RECREATIVO-MUNICIPAL-DE-GUTIERREZ1-768x512.jpg 768w, https:\/\/diarioprincipios.com\/wp-content\/uploads\/2023\/05\/UN-NUEVO-REGISTRO-PROVINCIAL-DE-LAS-PERSONAS-FUNCIONARA-EN-EL-CENTRO-CIVICO-CULTURAL-Y-RECREATIVO-MUNICIPAL-DE-GUTIERREZ1-1536x1023.jpg 1536w, https:\/\/diarioprincipios.com\/wp-content\/uploads\/2023\/05\/UN-NUEVO-REGISTRO-PROVINCIAL-DE-LAS-PERSONAS-FUNCIONARA-EN-EL-CENTRO-CIVICO-CULTURAL-Y-RECREATIVO-MUNICIPAL-DE-GUTIERREZ1.jpg 1600w\" sizes=\"auto, (max-width: 1024px) 100vw, 1024px\" \/><\/figure>\n\n\n\n<p>Al finalizar la recorrida, y tras agradecer personalmente a la Ministra, Mussi expres\u00f3: \u201cEsto no es, ni m\u00e1s ni menos, que acercar respuestas, lo que siempre queremos hacer y que, si Dios quiere, pronto vamos a trasladar tambi\u00e9n a El Pato para que los vecinos y las vecinas no tengan que ir al Registro Civil de Berazategui para resolver sus problemas. Agradezco mucho a Jorge Madeira, esto es un trabajo en conjunto, con un Gobernador que les pide a sus ministros acercarnos soluciones. \u00bfQu\u00e9 otra cosa podemos hacer en momentos dif\u00edciles si no es llevar estas cosas -que parecen peque\u00f1as pero que son grandes- a los distintos espacios del Municipio? Todo esto es importante. A la comunidad de Guti\u00e9rrez, adem\u00e1s de la dignidad, le estamos dando soluciones a los problemas cotidianos\u201d.<br><br>Adem\u00e1s, asegur\u00f3: \u201cYa estamos dando a las instalaciones de este Centro Municipal el motivo de su creaci\u00f3n. Este lugar es hermoso, la gente de Guti\u00e9rrez est\u00e1 content\u00edsima. Estamos muy felices de poder traerles soluciones\u201d.<\/p>\n\n\n\n<figure class=\"wp-block-image size-large\"><img loading=\"lazy\" decoding=\"async\" width=\"1024\" height=\"682\" src=\"https:\/\/diarioprincipios.com\/wp-content\/uploads\/2023\/05\/UN-NUEVO-REGISTRO-PROVINCIAL-DE-LAS-PERSONAS-FUNCIONARA-EN-EL-CENTRO-CIVICO-CULTURAL-Y-RECREATIVO-MUNICIPAL-DE-GUTIERREZ3-1024x682.jpg\" alt=\"\" class=\"wp-image-17010\" srcset=\"https:\/\/diarioprincipios.com\/wp-content\/uploads\/2023\/05\/UN-NUEVO-REGISTRO-PROVINCIAL-DE-LAS-PERSONAS-FUNCIONARA-EN-EL-CENTRO-CIVICO-CULTURAL-Y-RECREATIVO-MUNICIPAL-DE-GUTIERREZ3-1024x682.jpg 1024w, https:\/\/diarioprincipios.com\/wp-content\/uploads\/2023\/05\/UN-NUEVO-REGISTRO-PROVINCIAL-DE-LAS-PERSONAS-FUNCIONARA-EN-EL-CENTRO-CIVICO-CULTURAL-Y-RECREATIVO-MUNICIPAL-DE-GUTIERREZ3-300x200.jpg 300w, https:\/\/diarioprincipios.com\/wp-content\/uploads\/2023\/05\/UN-NUEVO-REGISTRO-PROVINCIAL-DE-LAS-PERSONAS-FUNCIONARA-EN-EL-CENTRO-CIVICO-CULTURAL-Y-RECREATIVO-MUNICIPAL-DE-GUTIERREZ3-768x512.jpg 768w, https:\/\/diarioprincipios.com\/wp-content\/uploads\/2023\/05\/UN-NUEVO-REGISTRO-PROVINCIAL-DE-LAS-PERSONAS-FUNCIONARA-EN-EL-CENTRO-CIVICO-CULTURAL-Y-RECREATIVO-MUNICIPAL-DE-GUTIERREZ3-1536x1023.jpg 1536w, https:\/\/diarioprincipios.com\/wp-content\/uploads\/2023\/05\/UN-NUEVO-REGISTRO-PROVINCIAL-DE-LAS-PERSONAS-FUNCIONARA-EN-EL-CENTRO-CIVICO-CULTURAL-Y-RECREATIVO-MUNICIPAL-DE-GUTIERREZ3.jpg 1600w\" sizes=\"auto, (max-width: 1024px) 100vw, 1024px\" \/><\/figure>\n\n\n\n<p>Por su parte, la ministra \u00c1lvarez Rodr\u00edguez manifest\u00f3: \u201cEste nuevo Centro C\u00edvico Municipal no solo es para hacer tr\u00e1mites; es tambi\u00e9n para disfrutar. Es un edificio maravilloso y muy moderno. Con el intendente Mussi trabajamos para traer soluciones y acortar distancias entre las necesidades y los derechos. Siempre tengo mi coraz\u00f3n aqu\u00ed, en Berazategui\u201d.<\/p>\n\n\n\n<p>\u201cEstamos muy orgullosos de ampliar nuestra infraestructura para estar cerca de los vecinos. Estas acciones tienen que ver con la decisi\u00f3n pol\u00edtica del Gobernador Axel Kicillof, de acercar la identidad a todos los bonaerenses y garantizarles seguir sosteniendo sus derechos\u201d, concluy\u00f3 la ministra.<\/p>\n\n\n\n<p>El Centro C\u00edvico, Cultural y Recreativo Municipal de Guti\u00e9rrez fue inaugurado el pasado 16 de abril, en el marco del 139\u00ba aniversario de esa localidad. Actualmente, all\u00ed funcionan la Delegaci\u00f3n Municipal, el Registro Civil, el Centro Cultural con sus talleres y un sector de cajas donde se pueden efectuar pagos de tasas y del sistema Provincia NET. Asimismo, se incorporar\u00e1n servicios de diferentes dependencias municipales, como un \u00e1rea de Licencias de Conducir y una Oficina de Control Inmobiliario.<\/p>\n\n\n\n<p>Tambi\u00e9n participaron del encuentro integrantes del Gabinete Municipal, representantes de instituciones locales, vecinos y vecinas.<\/p>\n","protected":false},"excerpt":{"rendered":"<p>Mussi y la ministra bonaerense \u00c1lvarez Rodr\u00edguez firmaron el acuerdo para su puesta en marcha y recorrieron el lugarEn este flamante espacio municipal, ubicado en calle 417 y Camino Real Norte, se facilitar\u00e1n los tr\u00e1mites de identidad a los vecinos y las vecinas de la zona, quienes ya no deber\u00e1n trasladarse hasta el Centro de&#8230;<\/p>\n","protected":false},"author":2,"featured_media":17011,"comment_status":"open","ping_status":"open","sticky":false,"template":"","format":"standard","meta":{"footnotes":""},"categories":[3],"tags":[],"class_list":["post-17008","post","type-post","status-publish","format-standard","has-post-thumbnail","hentry","category-berazategui"],"featured_image_src":"https:\/\/diarioprincipios.com\/wp-content\/uploads\/2023\/05\/UN-NUEVO-REGISTRO-PROVINCIAL-DE-LAS-PERSONAS-FUNCIONARA-EN-EL-CENTRO-CIVICO-CULTURAL-Y-RECREATIVO-MUNICIPAL-DE-GUTIERREZ2-1024x682.jpg","blog_images":{"medium":"https:\/\/diarioprincipios.com\/wp-content\/uploads\/2023\/05\/UN-NUEVO-REGISTRO-PROVINCIAL-DE-LAS-PERSONAS-FUNCIONARA-EN-EL-CENTRO-CIVICO-CULTURAL-Y-RECREATIVO-MUNICIPAL-DE-GUTIERREZ2-300x200.jpg","large":"https:\/\/diarioprincipios.com\/wp-content\/uploads\/2023\/05\/UN-NUEVO-REGISTRO-PROVINCIAL-DE-LAS-PERSONAS-FUNCIONARA-EN-EL-CENTRO-CIVICO-CULTURAL-Y-RECREATIVO-MUNICIPAL-DE-GUTIERREZ2-1024x682.jpg"},"ams_acf":[],"yoast_head":"<!-- This site is optimized with the Yoast SEO plugin v27.3 - https:\/\/yoast.com\/product\/yoast-seo-wordpress\/ -->\n<title>Un nuevo Registro Provincial de las Personas funcionar\u00e1 en el Centro C\u00edvico de Gutierrez - Principios<\/title>\n<meta name=\"robots\" content=\"index, follow, max-snippet:-1, max-image-preview:large, max-video-preview:-1\" \/>\n<link rel=\"canonical\" href=\"https:\/\/diarioprincipios.com\/index.php\/2023\/05\/17\/un-nuevo-registro-provincial-de-las-personas-funcionara-en-el-centro-civico-de-gutierrez\/\" \/>\n<meta property=\"og:locale\" content=\"es_ES\" \/>\n<meta property=\"og:type\" content=\"article\" \/>\n<meta property=\"og:title\" content=\"Un nuevo Registro Provincial de las Personas funcionar\u00e1 en el Centro C\u00edvico de Gutierrez - Principios\" \/>\n<meta property=\"og:description\" content=\"Mussi y la ministra bonaerense \u00c1lvarez Rodr\u00edguez firmaron el acuerdo para su puesta en marcha y recorrieron el lugarEn este flamante espacio municipal, ubicado en calle 417 y Camino Real Norte, se facilitar\u00e1n los tr\u00e1mites de identidad a los vecinos y las vecinas de la zona, quienes ya no deber\u00e1n trasladarse hasta el Centro de...\" \/>\n<meta property=\"og:url\" content=\"https:\/\/diarioprincipios.com\/index.php\/2023\/05\/17\/un-nuevo-registro-provincial-de-las-personas-funcionara-en-el-centro-civico-de-gutierrez\/\" \/>\n<meta property=\"og:site_name\" content=\"Principios\" \/>\n<meta property=\"article:published_time\" content=\"2023-05-17T09:39:23+00:00\" \/>\n<meta property=\"article:modified_time\" content=\"2023-06-01T19:07:31+00:00\" \/>\n<meta property=\"og:image\" content=\"https:\/\/diarioprincipios.com\/wp-content\/uploads\/2023\/05\/UN-NUEVO-REGISTRO-PROVINCIAL-DE-LAS-PERSONAS-FUNCIONARA-EN-EL-CENTRO-CIVICO-CULTURAL-Y-RECREATIVO-MUNICIPAL-DE-GUTIERREZ2.jpg\" \/>\n\t<meta property=\"og:image:width\" content=\"1600\" \/>\n\t<meta property=\"og:image:height\" content=\"1066\" \/>\n\t<meta property=\"og:image:type\" content=\"image\/jpeg\" \/>\n<meta name=\"author\" content=\"Hern\u00e1n L\u00f3pez\" \/>\n<meta name=\"twitter:card\" content=\"summary_large_image\" \/>\n<meta name=\"twitter:label1\" content=\"Escrito por\" \/>\n\t<meta name=\"twitter:data1\" content=\"Hern\u00e1n L\u00f3pez\" \/>\n\t<meta name=\"twitter:label2\" content=\"Tiempo de lectura\" \/>\n\t<meta name=\"twitter:data2\" content=\"3 minutos\" \/>\n<script type=\"application\/ld+json\" class=\"yoast-schema-graph\">{\"@context\":\"https:\\\/\\\/schema.org\",\"@graph\":[{\"@type\":\"Article\",\"@id\":\"https:\\\/\\\/diarioprincipios.com\\\/index.php\\\/2023\\\/05\\\/17\\\/un-nuevo-registro-provincial-de-las-personas-funcionara-en-el-centro-civico-de-gutierrez\\\/#article\",\"isPartOf\":{\"@id\":\"https:\\\/\\\/diarioprincipios.com\\\/index.php\\\/2023\\\/05\\\/17\\\/un-nuevo-registro-provincial-de-las-personas-funcionara-en-el-centro-civico-de-gutierrez\\\/\"},\"author\":{\"name\":\"Hern\u00e1n L\u00f3pez\",\"@id\":\"https:\\\/\\\/diarioprincipios.com\\\/#\\\/schema\\\/person\\\/436d5a1fd41a5e250e23ff5a6a7cb080\"},\"headline\":\"Un nuevo Registro Provincial de las Personas funcionar\u00e1 en el Centro C\u00edvico de Gutierrez\",\"datePublished\":\"2023-05-17T09:39:23+00:00\",\"dateModified\":\"2023-06-01T19:07:31+00:00\",\"mainEntityOfPage\":{\"@id\":\"https:\\\/\\\/diarioprincipios.com\\\/index.php\\\/2023\\\/05\\\/17\\\/un-nuevo-registro-provincial-de-las-personas-funcionara-en-el-centro-civico-de-gutierrez\\\/\"},\"wordCount\":482,\"commentCount\":0,\"publisher\":{\"@id\":\"https:\\\/\\\/diarioprincipios.com\\\/#organization\"},\"image\":{\"@id\":\"https:\\\/\\\/diarioprincipios.com\\\/index.php\\\/2023\\\/05\\\/17\\\/un-nuevo-registro-provincial-de-las-personas-funcionara-en-el-centro-civico-de-gutierrez\\\/#primaryimage\"},\"thumbnailUrl\":\"https:\\\/\\\/diarioprincipios.com\\\/wp-content\\\/uploads\\\/2023\\\/05\\\/UN-NUEVO-REGISTRO-PROVINCIAL-DE-LAS-PERSONAS-FUNCIONARA-EN-EL-CENTRO-CIVICO-CULTURAL-Y-RECREATIVO-MUNICIPAL-DE-GUTIERREZ2.jpg\",\"articleSection\":[\"Berazategui\"],\"inLanguage\":\"es\",\"potentialAction\":[{\"@type\":\"CommentAction\",\"name\":\"Comment\",\"target\":[\"https:\\\/\\\/diarioprincipios.com\\\/index.php\\\/2023\\\/05\\\/17\\\/un-nuevo-registro-provincial-de-las-personas-funcionara-en-el-centro-civico-de-gutierrez\\\/#respond\"]}]},{\"@type\":\"WebPage\",\"@id\":\"https:\\\/\\\/diarioprincipios.com\\\/index.php\\\/2023\\\/05\\\/17\\\/un-nuevo-registro-provincial-de-las-personas-funcionara-en-el-centro-civico-de-gutierrez\\\/\",\"url\":\"https:\\\/\\\/diarioprincipios.com\\\/index.php\\\/2023\\\/05\\\/17\\\/un-nuevo-registro-provincial-de-las-personas-funcionara-en-el-centro-civico-de-gutierrez\\\/\",\"name\":\"Un nuevo Registro Provincial de las Personas funcionar\u00e1 en el Centro C\u00edvico de Gutierrez - Principios\",\"isPartOf\":{\"@id\":\"https:\\\/\\\/diarioprincipios.com\\\/#website\"},\"primaryImageOfPage\":{\"@id\":\"https:\\\/\\\/diarioprincipios.com\\\/index.php\\\/2023\\\/05\\\/17\\\/un-nuevo-registro-provincial-de-las-personas-funcionara-en-el-centro-civico-de-gutierrez\\\/#primaryimage\"},\"image\":{\"@id\":\"https:\\\/\\\/diarioprincipios.com\\\/index.php\\\/2023\\\/05\\\/17\\\/un-nuevo-registro-provincial-de-las-personas-funcionara-en-el-centro-civico-de-gutierrez\\\/#primaryimage\"},\"thumbnailUrl\":\"https:\\\/\\\/diarioprincipios.com\\\/wp-content\\\/uploads\\\/2023\\\/05\\\/UN-NUEVO-REGISTRO-PROVINCIAL-DE-LAS-PERSONAS-FUNCIONARA-EN-EL-CENTRO-CIVICO-CULTURAL-Y-RECREATIVO-MUNICIPAL-DE-GUTIERREZ2.jpg\",\"datePublished\":\"2023-05-17T09:39:23+00:00\",\"dateModified\":\"2023-06-01T19:07:31+00:00\",\"breadcrumb\":{\"@id\":\"https:\\\/\\\/diarioprincipios.com\\\/index.php\\\/2023\\\/05\\\/17\\\/un-nuevo-registro-provincial-de-las-personas-funcionara-en-el-centro-civico-de-gutierrez\\\/#breadcrumb\"},\"inLanguage\":\"es\",\"potentialAction\":[{\"@type\":\"ReadAction\",\"target\":[\"https:\\\/\\\/diarioprincipios.com\\\/index.php\\\/2023\\\/05\\\/17\\\/un-nuevo-registro-provincial-de-las-personas-funcionara-en-el-centro-civico-de-gutierrez\\\/\"]}]},{\"@type\":\"ImageObject\",\"inLanguage\":\"es\",\"@id\":\"https:\\\/\\\/diarioprincipios.com\\\/index.php\\\/2023\\\/05\\\/17\\\/un-nuevo-registro-provincial-de-las-personas-funcionara-en-el-centro-civico-de-gutierrez\\\/#primaryimage\",\"url\":\"https:\\\/\\\/diarioprincipios.com\\\/wp-content\\\/uploads\\\/2023\\\/05\\\/UN-NUEVO-REGISTRO-PROVINCIAL-DE-LAS-PERSONAS-FUNCIONARA-EN-EL-CENTRO-CIVICO-CULTURAL-Y-RECREATIVO-MUNICIPAL-DE-GUTIERREZ2.jpg\",\"contentUrl\":\"https:\\\/\\\/diarioprincipios.com\\\/wp-content\\\/uploads\\\/2023\\\/05\\\/UN-NUEVO-REGISTRO-PROVINCIAL-DE-LAS-PERSONAS-FUNCIONARA-EN-EL-CENTRO-CIVICO-CULTURAL-Y-RECREATIVO-MUNICIPAL-DE-GUTIERREZ2.jpg\",\"width\":1600,\"height\":1066},{\"@type\":\"BreadcrumbList\",\"@id\":\"https:\\\/\\\/diarioprincipios.com\\\/index.php\\\/2023\\\/05\\\/17\\\/un-nuevo-registro-provincial-de-las-personas-funcionara-en-el-centro-civico-de-gutierrez\\\/#breadcrumb\",\"itemListElement\":[{\"@type\":\"ListItem\",\"position\":1,\"name\":\"Portada\",\"item\":\"https:\\\/\\\/diarioprincipios.com\\\/\"},{\"@type\":\"ListItem\",\"position\":2,\"name\":\"Un nuevo Registro Provincial de las Personas funcionar\u00e1 en el Centro C\u00edvico de Gutierrez\"}]},{\"@type\":\"WebSite\",\"@id\":\"https:\\\/\\\/diarioprincipios.com\\\/#website\",\"url\":\"https:\\\/\\\/diarioprincipios.com\\\/\",\"name\":\"Principios\",\"description\":\"Principios Diario\",\"publisher\":{\"@id\":\"https:\\\/\\\/diarioprincipios.com\\\/#organization\"},\"potentialAction\":[{\"@type\":\"SearchAction\",\"target\":{\"@type\":\"EntryPoint\",\"urlTemplate\":\"https:\\\/\\\/diarioprincipios.com\\\/?s={search_term_string}\"},\"query-input\":{\"@type\":\"PropertyValueSpecification\",\"valueRequired\":true,\"valueName\":\"search_term_string\"}}],\"inLanguage\":\"es\"},{\"@type\":\"Organization\",\"@id\":\"https:\\\/\\\/diarioprincipios.com\\\/#organization\",\"name\":\"Principios\",\"url\":\"https:\\\/\\\/diarioprincipios.com\\\/\",\"logo\":{\"@type\":\"ImageObject\",\"inLanguage\":\"es\",\"@id\":\"https:\\\/\\\/diarioprincipios.com\\\/#\\\/schema\\\/logo\\\/image\\\/\",\"url\":\"https:\\\/\\\/diarioprincipios.com\\\/wp-content\\\/uploads\\\/2024\\\/04\\\/cropped-www.diarioprincipios.com_-1.png\",\"contentUrl\":\"https:\\\/\\\/diarioprincipios.com\\\/wp-content\\\/uploads\\\/2024\\\/04\\\/cropped-www.diarioprincipios.com_-1.png\",\"width\":5325,\"height\":1454,\"caption\":\"Principios\"},\"image\":{\"@id\":\"https:\\\/\\\/diarioprincipios.com\\\/#\\\/schema\\\/logo\\\/image\\\/\"}},{\"@type\":\"Person\",\"@id\":\"https:\\\/\\\/diarioprincipios.com\\\/#\\\/schema\\\/person\\\/436d5a1fd41a5e250e23ff5a6a7cb080\",\"name\":\"Hern\u00e1n L\u00f3pez\",\"image\":{\"@type\":\"ImageObject\",\"inLanguage\":\"es\",\"@id\":\"https:\\\/\\\/diarioprincipios.com\\\/wp-content\\\/litespeed\\\/avatar\\\/11ddfe5610ff3bd100522525b2571f48.jpg?ver=1777653193\",\"url\":\"https:\\\/\\\/diarioprincipios.com\\\/wp-content\\\/litespeed\\\/avatar\\\/11ddfe5610ff3bd100522525b2571f48.jpg?ver=1777653193\",\"contentUrl\":\"https:\\\/\\\/diarioprincipios.com\\\/wp-content\\\/litespeed\\\/avatar\\\/11ddfe5610ff3bd100522525b2571f48.jpg?ver=1777653193\",\"caption\":\"Hern\u00e1n L\u00f3pez\"},\"url\":\"https:\\\/\\\/diarioprincipios.com\\\/index.php\\\/author\\\/hernan\\\/\"}]}<\/script>\n<!-- \/ Yoast SEO plugin. -->","yoast_head_json":{"title":"Un nuevo Registro Provincial de las Personas funcionar\u00e1 en el Centro C\u00edvico de Gutierrez - Principios","robots":{"index":"index","follow":"follow","max-snippet":"max-snippet:-1","max-image-preview":"max-image-preview:large","max-video-preview":"max-video-preview:-1"},"canonical":"https:\/\/diarioprincipios.com\/index.php\/2023\/05\/17\/un-nuevo-registro-provincial-de-las-personas-funcionara-en-el-centro-civico-de-gutierrez\/","og_locale":"es_ES","og_type":"article","og_title":"Un nuevo Registro Provincial de las Personas funcionar\u00e1 en el Centro C\u00edvico de Gutierrez - Principios","og_description":"Mussi y la ministra bonaerense \u00c1lvarez Rodr\u00edguez firmaron el acuerdo para su puesta en marcha y recorrieron el lugarEn este flamante espacio municipal, ubicado en calle 417 y Camino Real Norte, se facilitar\u00e1n los tr\u00e1mites de identidad a los vecinos y las vecinas de la zona, quienes ya no deber\u00e1n trasladarse hasta el Centro de...","og_url":"https:\/\/diarioprincipios.com\/index.php\/2023\/05\/17\/un-nuevo-registro-provincial-de-las-personas-funcionara-en-el-centro-civico-de-gutierrez\/","og_site_name":"Principios","article_published_time":"2023-05-17T09:39:23+00:00","article_modified_time":"2023-06-01T19:07:31+00:00","og_image":[{"width":1600,"height":1066,"url":"https:\/\/diarioprincipios.com\/wp-content\/uploads\/2023\/05\/UN-NUEVO-REGISTRO-PROVINCIAL-DE-LAS-PERSONAS-FUNCIONARA-EN-EL-CENTRO-CIVICO-CULTURAL-Y-RECREATIVO-MUNICIPAL-DE-GUTIERREZ2.jpg","type":"image\/jpeg"}],"author":"Hern\u00e1n L\u00f3pez","twitter_card":"summary_large_image","twitter_misc":{"Escrito por":"Hern\u00e1n L\u00f3pez","Tiempo de lectura":"3 minutos"},"schema":{"@context":"https:\/\/schema.org","@graph":[{"@type":"Article","@id":"https:\/\/diarioprincipios.com\/index.php\/2023\/05\/17\/un-nuevo-registro-provincial-de-las-personas-funcionara-en-el-centro-civico-de-gutierrez\/#article","isPartOf":{"@id":"https:\/\/diarioprincipios.com\/index.php\/2023\/05\/17\/un-nuevo-registro-provincial-de-las-personas-funcionara-en-el-centro-civico-de-gutierrez\/"},"author":{"name":"Hern\u00e1n L\u00f3pez","@id":"https:\/\/diarioprincipios.com\/#\/schema\/person\/436d5a1fd41a5e250e23ff5a6a7cb080"},"headline":"Un nuevo Registro Provincial de las Personas funcionar\u00e1 en el Centro C\u00edvico de Gutierrez","datePublished":"2023-05-17T09:39:23+00:00","dateModified":"2023-06-01T19:07:31+00:00","mainEntityOfPage":{"@id":"https:\/\/diarioprincipios.com\/index.php\/2023\/05\/17\/un-nuevo-registro-provincial-de-las-personas-funcionara-en-el-centro-civico-de-gutierrez\/"},"wordCount":482,"commentCount":0,"publisher":{"@id":"https:\/\/diarioprincipios.com\/#organization"},"image":{"@id":"https:\/\/diarioprincipios.com\/index.php\/2023\/05\/17\/un-nuevo-registro-provincial-de-las-personas-funcionara-en-el-centro-civico-de-gutierrez\/#primaryimage"},"thumbnailUrl":"https:\/\/diarioprincipios.com\/wp-content\/uploads\/2023\/05\/UN-NUEVO-REGISTRO-PROVINCIAL-DE-LAS-PERSONAS-FUNCIONARA-EN-EL-CENTRO-CIVICO-CULTURAL-Y-RECREATIVO-MUNICIPAL-DE-GUTIERREZ2.jpg","articleSection":["Berazategui"],"inLanguage":"es","potentialAction":[{"@type":"CommentAction","name":"Comment","target":["https:\/\/diarioprincipios.com\/index.php\/2023\/05\/17\/un-nuevo-registro-provincial-de-las-personas-funcionara-en-el-centro-civico-de-gutierrez\/#respond"]}]},{"@type":"WebPage","@id":"https:\/\/diarioprincipios.com\/index.php\/2023\/05\/17\/un-nuevo-registro-provincial-de-las-personas-funcionara-en-el-centro-civico-de-gutierrez\/","url":"https:\/\/diarioprincipios.com\/index.php\/2023\/05\/17\/un-nuevo-registro-provincial-de-las-personas-funcionara-en-el-centro-civico-de-gutierrez\/","name":"Un nuevo Registro Provincial de las Personas funcionar\u00e1 en el Centro C\u00edvico de Gutierrez - Principios","isPartOf":{"@id":"https:\/\/diarioprincipios.com\/#website"},"primaryImageOfPage":{"@id":"https:\/\/diarioprincipios.com\/index.php\/2023\/05\/17\/un-nuevo-registro-provincial-de-las-personas-funcionara-en-el-centro-civico-de-gutierrez\/#primaryimage"},"image":{"@id":"https:\/\/diarioprincipios.com\/index.php\/2023\/05\/17\/un-nuevo-registro-provincial-de-las-personas-funcionara-en-el-centro-civico-de-gutierrez\/#primaryimage"},"thumbnailUrl":"https:\/\/diarioprincipios.com\/wp-content\/uploads\/2023\/05\/UN-NUEVO-REGISTRO-PROVINCIAL-DE-LAS-PERSONAS-FUNCIONARA-EN-EL-CENTRO-CIVICO-CULTURAL-Y-RECREATIVO-MUNICIPAL-DE-GUTIERREZ2.jpg","datePublished":"2023-05-17T09:39:23+00:00","dateModified":"2023-06-01T19:07:31+00:00","breadcrumb":{"@id":"https:\/\/diarioprincipios.com\/index.php\/2023\/05\/17\/un-nuevo-registro-provincial-de-las-personas-funcionara-en-el-centro-civico-de-gutierrez\/#breadcrumb"},"inLanguage":"es","potentialAction":[{"@type":"ReadAction","target":["https:\/\/diarioprincipios.com\/index.php\/2023\/05\/17\/un-nuevo-registro-provincial-de-las-personas-funcionara-en-el-centro-civico-de-gutierrez\/"]}]},{"@type":"ImageObject","inLanguage":"es","@id":"https:\/\/diarioprincipios.com\/index.php\/2023\/05\/17\/un-nuevo-registro-provincial-de-las-personas-funcionara-en-el-centro-civico-de-gutierrez\/#primaryimage","url":"https:\/\/diarioprincipios.com\/wp-content\/uploads\/2023\/05\/UN-NUEVO-REGISTRO-PROVINCIAL-DE-LAS-PERSONAS-FUNCIONARA-EN-EL-CENTRO-CIVICO-CULTURAL-Y-RECREATIVO-MUNICIPAL-DE-GUTIERREZ2.jpg","contentUrl":"https:\/\/diarioprincipios.com\/wp-content\/uploads\/2023\/05\/UN-NUEVO-REGISTRO-PROVINCIAL-DE-LAS-PERSONAS-FUNCIONARA-EN-EL-CENTRO-CIVICO-CULTURAL-Y-RECREATIVO-MUNICIPAL-DE-GUTIERREZ2.jpg","width":1600,"height":1066},{"@type":"BreadcrumbList","@id":"https:\/\/diarioprincipios.com\/index.php\/2023\/05\/17\/un-nuevo-registro-provincial-de-las-personas-funcionara-en-el-centro-civico-de-gutierrez\/#breadcrumb","itemListElement":[{"@type":"ListItem","position":1,"name":"Portada","item":"https:\/\/diarioprincipios.com\/"},{"@type":"ListItem","position":2,"name":"Un nuevo Registro Provincial de las Personas funcionar\u00e1 en el Centro C\u00edvico de Gutierrez"}]},{"@type":"WebSite","@id":"https:\/\/diarioprincipios.com\/#website","url":"https:\/\/diarioprincipios.com\/","name":"Principios","description":"Principios Diario","publisher":{"@id":"https:\/\/diarioprincipios.com\/#organization"},"potentialAction":[{"@type":"SearchAction","target":{"@type":"EntryPoint","urlTemplate":"https:\/\/diarioprincipios.com\/?s={search_term_string}"},"query-input":{"@type":"PropertyValueSpecification","valueRequired":true,"valueName":"search_term_string"}}],"inLanguage":"es"},{"@type":"Organization","@id":"https:\/\/diarioprincipios.com\/#organization","name":"Principios","url":"https:\/\/diarioprincipios.com\/","logo":{"@type":"ImageObject","inLanguage":"es","@id":"https:\/\/diarioprincipios.com\/#\/schema\/logo\/image\/","url":"https:\/\/diarioprincipios.com\/wp-content\/uploads\/2024\/04\/cropped-www.diarioprincipios.com_-1.png","contentUrl":"https:\/\/diarioprincipios.com\/wp-content\/uploads\/2024\/04\/cropped-www.diarioprincipios.com_-1.png","width":5325,"height":1454,"caption":"Principios"},"image":{"@id":"https:\/\/diarioprincipios.com\/#\/schema\/logo\/image\/"}},{"@type":"Person","@id":"https:\/\/diarioprincipios.com\/#\/schema\/person\/436d5a1fd41a5e250e23ff5a6a7cb080","name":"Hern\u00e1n L\u00f3pez","image":{"@type":"ImageObject","inLanguage":"es","@id":"https:\/\/diarioprincipios.com\/wp-content\/litespeed\/avatar\/11ddfe5610ff3bd100522525b2571f48.jpg?ver=1777653193","url":"https:\/\/diarioprincipios.com\/wp-content\/litespeed\/avatar\/11ddfe5610ff3bd100522525b2571f48.jpg?ver=1777653193","contentUrl":"https:\/\/diarioprincipios.com\/wp-content\/litespeed\/avatar\/11ddfe5610ff3bd100522525b2571f48.jpg?ver=1777653193","caption":"Hern\u00e1n L\u00f3pez"},"url":"https:\/\/diarioprincipios.com\/index.php\/author\/hernan\/"}]}},"jetpack_featured_media_url":"https:\/\/diarioprincipios.com\/wp-content\/uploads\/2023\/05\/UN-NUEVO-REGISTRO-PROVINCIAL-DE-LAS-PERSONAS-FUNCIONARA-EN-EL-CENTRO-CIVICO-CULTURAL-Y-RECREATIVO-MUNICIPAL-DE-GUTIERREZ2.jpg","_links":{"self":[{"href":"https:\/\/diarioprincipios.com\/index.php\/wp-json\/wp\/v2\/posts\/17008","targetHints":{"allow":["GET"]}}],"collection":[{"href":"https:\/\/diarioprincipios.com\/index.php\/wp-json\/wp\/v2\/posts"}],"about":[{"href":"https:\/\/diarioprincipios.com\/index.php\/wp-json\/wp\/v2\/types\/post"}],"author":[{"embeddable":true,"href":"https:\/\/diarioprincipios.com\/index.php\/wp-json\/wp\/v2\/users\/2"}],"replies":[{"embeddable":true,"href":"https:\/\/diarioprincipios.com\/index.php\/wp-json\/wp\/v2\/comments?post=17008"}],"version-history":[{"count":1,"href":"https:\/\/diarioprincipios.com\/index.php\/wp-json\/wp\/v2\/posts\/17008\/revisions"}],"predecessor-version":[{"id":17012,"href":"https:\/\/diarioprincipios.com\/index.php\/wp-json\/wp\/v2\/posts\/17008\/revisions\/17012"}],"wp:featuredmedia":[{"embeddable":true,"href":"https:\/\/diarioprincipios.com\/index.php\/wp-json\/wp\/v2\/media\/17011"}],"wp:attachment":[{"href":"https:\/\/diarioprincipios.com\/index.php\/wp-json\/wp\/v2\/media?parent=17008"}],"wp:term":[{"taxonomy":"category","embeddable":true,"href":"https:\/\/diarioprincipios.com\/index.php\/wp-json\/wp\/v2\/categories?post=17008"},{"taxonomy":"post_tag","embeddable":true,"href":"https:\/\/diarioprincipios.com\/index.php\/wp-json\/wp\/v2\/tags?post=17008"}],"curies":[{"name":"wp","href":"https:\/\/api.w.org\/{rel}","templated":true}]}}