{"id":1688,"date":"2020-05-18T22:10:12","date_gmt":"2020-05-18T22:10:12","guid":{"rendered":"http:\/\/diarioprincipios.com\/?p=1688"},"modified":"2020-05-18T22:10:14","modified_gmt":"2020-05-18T22:10:14","slug":"la-oms-advierte-que-la-mayor-parte-de-la-poblacion-podria-contraer-coronavirus","status":"publish","type":"post","link":"https:\/\/diarioprincipios.com\/index.php\/2020\/05\/18\/la-oms-advierte-que-la-mayor-parte-de-la-poblacion-podria-contraer-coronavirus\/","title":{"rendered":"La OMS advierte que la mayor parte de la poblaci\u00f3n podr\u00eda contraer coronavirus"},"content":{"rendered":"\n<p>La mayor parte de la poblaci\u00f3n mundial contin\u00faa siendo susceptible a contraer el nuevo coronavirus SARS CoV-2 y causante de la actual pandemia de Covid-19, advirti\u00f3 hoy la Organizaci\u00f3n Mundial de la Salud (OMS) durante su asamblea anual que esta vez se realiz\u00f3 en forma virtual.<\/p>\n\n\n\n<p>Seg\u00fan el organismo, en las regiones m\u00e1s afectadas, no m\u00e1s del 20% de la poblaci\u00f3n logr\u00f3 desarrollar alg\u00fan tipo de inmunidad a la enfermedad. Sin embargo, el promedio de inmunidad se encuentra incluso mucho m\u00e1s abajo, menos del 10%.<\/p>\n\n\n\n<p>En su discurso de apertura en la 73\u00ba Asamblea Anual, el director general de la OMS, Tedros Adhanom Ghebreyesus, pidi\u00f3 a los pa\u00edses que sean cautelosos a la hora de volver a las actividades habituales.<\/p>\n\n\n\n<p>\u00abLa OMS respalda plenamente el deseo que tienen los pa\u00edses de volver a ponerse de pie, de poner manos a la obra. Precisamente porque queremos la recuperaci\u00f3n mundial lo m\u00e1s r\u00e1pido posible, instamos a los pa\u00edses a que sean cautelosos\u00bb, sostuvo Ghebreyesus, cuya exposici\u00f3n se pudo seguir v\u00eda Twitter.<\/p>\n\n\n\n<p>Ante representantes de unos 200 pa\u00edses que asistieron en forma virtual, el titular de la OMS asegur\u00f3 que los resultados de los estudios serol\u00f3gicos que llevan adelante decenas de pa\u00edses muestran que s\u00f3lo el 10 por ciento de sus poblaciones pudieron generar anticuerpos al virus y que s\u00f3lo se lleg\u00f3 al 20 por ciento en las regiones m\u00e1s afectadas por el virus, seg\u00fan inform\u00f3 EFE.<\/p>\n\n\n\n<p>Con estos datos, Ghebreyesus busc\u00f3 refutar la teor\u00eda sobre la \u00abinmunidad del reba\u00f1o\u00bb en la cual se supone que cu\u00e1nto m\u00e1s gente se contagie y se cure habr\u00e1 m\u00e1s inmunidad. Suecia y el Reino Unido fueron algunos de los pa\u00edses que tomaron esta estrategia.<\/p>\n\n\n\n<p>\u00abLos que avanzan con demasiada rapidez, sin tener un andamiaje de salud p\u00fablica capaz de detectar y suprimir la transmisi\u00f3n, corren el riesgo de afectar su propia recuperaci\u00f3n\u00bb, agreg\u00f3 el director general de la OMS durante una asamblea considerada hist\u00f3rica ya que por primera vez los representantes de los pa\u00edses no estuvieron presentes en la sede de Ginebra y durante los dos d\u00edas que durar\u00e1 la reuni\u00f3n el \u00fanico tema a tratar ser\u00e1 la pandemia por coronavirus.<\/p>\n\n\n\n<p>Por su parte, el director de Emergencias Sanitaras de la Organizaci\u00f3n Mundial de la Salud (OMS), Mike Ryan, asegur\u00f3 que este nuevo coronavirus podr\u00eda volverse \u00abend\u00e9mico en nuestras comunidades y estos virus pueden no irse nunca\u00bb.<\/p>\n\n\n\n<p>Y agreg\u00f3 que es importante \u00abser realista, no me parece que nadie pueda predecir cu\u00e1ndo desaparecer\u00e1 la enfermedad\u00bb.<\/p>\n\n\n\n<p>Tambi\u00e9n habl\u00f3 el secretario general de las Naciones Unidas, Ant\u00f3nio Guterres, quien dio un respaldo a la gesti\u00f3n de Ghebreyesus: \u00abMuchos pa\u00edses han ignorado las recomendaciones de la OMS y como resultado, el virus se ha propagado por el mundo y ahora se est\u00e1 moviendo al sur global, donde su impacto puede ser incluso m\u00e1s devastador\u00bb.<\/p>\n\n\n\n<p>La OMS difundi\u00f3 hoy los n\u00fameros diarios de la pandemia que ya alcanz\u00f3 los 4,6 millones personas contagiadas en todo el mundo, mientras que el n\u00famero de muertos lleg\u00f3 a los 311.847, unos 4.500 m\u00e1s que la jornada de ayer.<\/p>\n\n\n\n<p>Seg\u00fan los datos del organismo, Am\u00e9rica es la regi\u00f3n m\u00e1s afectada, superando los dos millones de casos confirmados, mientras que Estados Unidos y Brasil acumulan el mayor n\u00famero de v\u00edctimas: 87.180 y 15.633, respectivamente.<\/p>\n\n\n\n<p>De acuerdo con estas estad\u00edsticas los pa\u00edses con mayor n\u00famero de casos son Estados Unidos, Rusia, Reino Unido y Brasil, que super\u00f3 por primera vez a Espa\u00f1a en el cuarto lugar.<\/p>\n\n\n\n<p>El titular de la OMS remarc\u00f3 que ninguna de las medidas adoptadas para frenar la transmisi\u00f3n el coronavirus fue suficiente por s\u00ed sola para lograr una diferencia y defendi\u00f3 las estrategias combinadas para lograr buenos resultados.<\/p>\n\n\n\n<p>\u00abS\u00f3lo los pa\u00edses que tomaron medidas combinadas de detecci\u00f3n de casos, rastreo de contactos, aislamiento de infectados, confinamientos y promoci\u00f3n del lavado de manos consiguieron buenos resultados, \u00aby la OMS apuesta por ello\u00bb, sostuvo Ghebreyesus.<\/p>\n\n\n\n<p>El ministro de Salud de la Naci\u00f3n, Gin\u00e9s Gonz\u00e1lez Garc\u00eda, tambi\u00e9n particip\u00f3 desde Argentina en la teleconferencia y en su discurso pidi\u00f3 que se garantice a todos los estados el acceso a los resultados de investigaciones, vacunas y productos m\u00e9dicos \u00aba trav\u00e9s de licencias gratuitas o suficientemente accesible para todas las sociedades del mundo\u00bb.<\/p>\n\n\n\n<p>En ese sentido, el ministro resalt\u00f3: \u00abEsta batalla se gana con el compromiso de cada ciudadano, no es s\u00f3lo una tarea de los gobiernos, es una responsabilidad colectiva. Estamos convencidos de que toda medida que se tome a nivel nacional debe ser coordinada con el \u00e1mbito internacional, es una responsabilidad colectiva que exige dise\u00f1ar y suscribir un gran Pacto de Solidaridad Global\u201d, concluy\u00f3 Gonzalez Garc\u00eda durante su discurso.<\/p>\n","protected":false},"excerpt":{"rendered":"<p>La mayor parte de la poblaci\u00f3n mundial contin\u00faa siendo susceptible a contraer el nuevo coronavirus SARS CoV-2 y causante de la actual pandemia de Covid-19, advirti\u00f3 hoy la Organizaci\u00f3n Mundial de la Salud (OMS) durante su asamblea anual que esta vez se realiz\u00f3 en forma virtual. Seg\u00fan el organismo, en las regiones m\u00e1s afectadas, no&#8230;<\/p>\n","protected":false},"author":2,"featured_media":1540,"comment_status":"open","ping_status":"open","sticky":false,"template":"","format":"standard","meta":{"footnotes":""},"categories":[1],"tags":[],"class_list":["post-1688","post","type-post","status-publish","format-standard","has-post-thumbnail","hentry","category-uncategorized"],"featured_image_src":"https:\/\/diarioprincipios.com\/wp-content\/uploads\/2020\/05\/corona-8.jpg","blog_images":{"medium":"https:\/\/diarioprincipios.com\/wp-content\/uploads\/2020\/05\/corona-8-300x200.jpg","large":"https:\/\/diarioprincipios.com\/wp-content\/uploads\/2020\/05\/corona-8.jpg"},"ams_acf":[],"yoast_head":"<!-- This site is optimized with the Yoast SEO plugin v27.3 - https:\/\/yoast.com\/product\/yoast-seo-wordpress\/ -->\n<title>La OMS advierte que la mayor parte de la poblaci\u00f3n podr\u00eda contraer coronavirus - Principios<\/title>\n<meta name=\"robots\" content=\"index, follow, max-snippet:-1, max-image-preview:large, max-video-preview:-1\" \/>\n<link rel=\"canonical\" href=\"https:\/\/diarioprincipios.com\/index.php\/2020\/05\/18\/la-oms-advierte-que-la-mayor-parte-de-la-poblacion-podria-contraer-coronavirus\/\" \/>\n<meta property=\"og:locale\" content=\"es_ES\" \/>\n<meta property=\"og:type\" content=\"article\" \/>\n<meta property=\"og:title\" content=\"La OMS advierte que la mayor parte de la poblaci\u00f3n podr\u00eda contraer coronavirus - Principios\" \/>\n<meta property=\"og:description\" content=\"La mayor parte de la poblaci\u00f3n mundial contin\u00faa siendo susceptible a contraer el nuevo coronavirus SARS CoV-2 y causante de la actual pandemia de Covid-19, advirti\u00f3 hoy la Organizaci\u00f3n Mundial de la Salud (OMS) durante su asamblea anual que esta vez se realiz\u00f3 en forma virtual. Seg\u00fan el organismo, en las regiones m\u00e1s afectadas, no...\" \/>\n<meta property=\"og:url\" content=\"https:\/\/diarioprincipios.com\/index.php\/2020\/05\/18\/la-oms-advierte-que-la-mayor-parte-de-la-poblacion-podria-contraer-coronavirus\/\" \/>\n<meta property=\"og:site_name\" content=\"Principios\" \/>\n<meta property=\"article:published_time\" content=\"2020-05-18T22:10:12+00:00\" \/>\n<meta property=\"article:modified_time\" content=\"2020-05-18T22:10:14+00:00\" \/>\n<meta property=\"og:image\" content=\"https:\/\/diarioprincipios.com\/wp-content\/uploads\/2020\/05\/corona-8.jpg\" \/>\n\t<meta property=\"og:image:width\" content=\"648\" \/>\n\t<meta property=\"og:image:height\" content=\"432\" \/>\n\t<meta property=\"og:image:type\" content=\"image\/jpeg\" \/>\n<meta name=\"author\" content=\"Hern\u00e1n L\u00f3pez\" \/>\n<meta name=\"twitter:card\" content=\"summary_large_image\" \/>\n<meta name=\"twitter:label1\" content=\"Escrito por\" \/>\n\t<meta name=\"twitter:data1\" content=\"Hern\u00e1n L\u00f3pez\" \/>\n\t<meta name=\"twitter:label2\" content=\"Tiempo de lectura\" \/>\n\t<meta name=\"twitter:data2\" content=\"4 minutos\" \/>\n<script type=\"application\/ld+json\" class=\"yoast-schema-graph\">{\"@context\":\"https:\\\/\\\/schema.org\",\"@graph\":[{\"@type\":\"Article\",\"@id\":\"https:\\\/\\\/diarioprincipios.com\\\/index.php\\\/2020\\\/05\\\/18\\\/la-oms-advierte-que-la-mayor-parte-de-la-poblacion-podria-contraer-coronavirus\\\/#article\",\"isPartOf\":{\"@id\":\"https:\\\/\\\/diarioprincipios.com\\\/index.php\\\/2020\\\/05\\\/18\\\/la-oms-advierte-que-la-mayor-parte-de-la-poblacion-podria-contraer-coronavirus\\\/\"},\"author\":{\"name\":\"Hern\u00e1n L\u00f3pez\",\"@id\":\"https:\\\/\\\/diarioprincipios.com\\\/#\\\/schema\\\/person\\\/436d5a1fd41a5e250e23ff5a6a7cb080\"},\"headline\":\"La OMS advierte que la mayor parte de la poblaci\u00f3n podr\u00eda contraer coronavirus\",\"datePublished\":\"2020-05-18T22:10:12+00:00\",\"dateModified\":\"2020-05-18T22:10:14+00:00\",\"mainEntityOfPage\":{\"@id\":\"https:\\\/\\\/diarioprincipios.com\\\/index.php\\\/2020\\\/05\\\/18\\\/la-oms-advierte-que-la-mayor-parte-de-la-poblacion-podria-contraer-coronavirus\\\/\"},\"wordCount\":841,\"commentCount\":0,\"publisher\":{\"@id\":\"https:\\\/\\\/diarioprincipios.com\\\/#organization\"},\"image\":{\"@id\":\"https:\\\/\\\/diarioprincipios.com\\\/index.php\\\/2020\\\/05\\\/18\\\/la-oms-advierte-que-la-mayor-parte-de-la-poblacion-podria-contraer-coronavirus\\\/#primaryimage\"},\"thumbnailUrl\":\"https:\\\/\\\/diarioprincipios.com\\\/wp-content\\\/uploads\\\/2020\\\/05\\\/corona-8.jpg\",\"articleSection\":[\"Uncategorized\"],\"inLanguage\":\"es\",\"potentialAction\":[{\"@type\":\"CommentAction\",\"name\":\"Comment\",\"target\":[\"https:\\\/\\\/diarioprincipios.com\\\/index.php\\\/2020\\\/05\\\/18\\\/la-oms-advierte-que-la-mayor-parte-de-la-poblacion-podria-contraer-coronavirus\\\/#respond\"]}]},{\"@type\":\"WebPage\",\"@id\":\"https:\\\/\\\/diarioprincipios.com\\\/index.php\\\/2020\\\/05\\\/18\\\/la-oms-advierte-que-la-mayor-parte-de-la-poblacion-podria-contraer-coronavirus\\\/\",\"url\":\"https:\\\/\\\/diarioprincipios.com\\\/index.php\\\/2020\\\/05\\\/18\\\/la-oms-advierte-que-la-mayor-parte-de-la-poblacion-podria-contraer-coronavirus\\\/\",\"name\":\"La OMS advierte que la mayor parte de la poblaci\u00f3n podr\u00eda contraer coronavirus - Principios\",\"isPartOf\":{\"@id\":\"https:\\\/\\\/diarioprincipios.com\\\/#website\"},\"primaryImageOfPage\":{\"@id\":\"https:\\\/\\\/diarioprincipios.com\\\/index.php\\\/2020\\\/05\\\/18\\\/la-oms-advierte-que-la-mayor-parte-de-la-poblacion-podria-contraer-coronavirus\\\/#primaryimage\"},\"image\":{\"@id\":\"https:\\\/\\\/diarioprincipios.com\\\/index.php\\\/2020\\\/05\\\/18\\\/la-oms-advierte-que-la-mayor-parte-de-la-poblacion-podria-contraer-coronavirus\\\/#primaryimage\"},\"thumbnailUrl\":\"https:\\\/\\\/diarioprincipios.com\\\/wp-content\\\/uploads\\\/2020\\\/05\\\/corona-8.jpg\",\"datePublished\":\"2020-05-18T22:10:12+00:00\",\"dateModified\":\"2020-05-18T22:10:14+00:00\",\"breadcrumb\":{\"@id\":\"https:\\\/\\\/diarioprincipios.com\\\/index.php\\\/2020\\\/05\\\/18\\\/la-oms-advierte-que-la-mayor-parte-de-la-poblacion-podria-contraer-coronavirus\\\/#breadcrumb\"},\"inLanguage\":\"es\",\"potentialAction\":[{\"@type\":\"ReadAction\",\"target\":[\"https:\\\/\\\/diarioprincipios.com\\\/index.php\\\/2020\\\/05\\\/18\\\/la-oms-advierte-que-la-mayor-parte-de-la-poblacion-podria-contraer-coronavirus\\\/\"]}]},{\"@type\":\"ImageObject\",\"inLanguage\":\"es\",\"@id\":\"https:\\\/\\\/diarioprincipios.com\\\/index.php\\\/2020\\\/05\\\/18\\\/la-oms-advierte-que-la-mayor-parte-de-la-poblacion-podria-contraer-coronavirus\\\/#primaryimage\",\"url\":\"https:\\\/\\\/diarioprincipios.com\\\/wp-content\\\/uploads\\\/2020\\\/05\\\/corona-8.jpg\",\"contentUrl\":\"https:\\\/\\\/diarioprincipios.com\\\/wp-content\\\/uploads\\\/2020\\\/05\\\/corona-8.jpg\",\"width\":648,\"height\":432},{\"@type\":\"BreadcrumbList\",\"@id\":\"https:\\\/\\\/diarioprincipios.com\\\/index.php\\\/2020\\\/05\\\/18\\\/la-oms-advierte-que-la-mayor-parte-de-la-poblacion-podria-contraer-coronavirus\\\/#breadcrumb\",\"itemListElement\":[{\"@type\":\"ListItem\",\"position\":1,\"name\":\"Portada\",\"item\":\"https:\\\/\\\/diarioprincipios.com\\\/\"},{\"@type\":\"ListItem\",\"position\":2,\"name\":\"La OMS advierte que la mayor parte de la poblaci\u00f3n podr\u00eda contraer coronavirus\"}]},{\"@type\":\"WebSite\",\"@id\":\"https:\\\/\\\/diarioprincipios.com\\\/#website\",\"url\":\"https:\\\/\\\/diarioprincipios.com\\\/\",\"name\":\"Principios\",\"description\":\"Principios Diario\",\"publisher\":{\"@id\":\"https:\\\/\\\/diarioprincipios.com\\\/#organization\"},\"potentialAction\":[{\"@type\":\"SearchAction\",\"target\":{\"@type\":\"EntryPoint\",\"urlTemplate\":\"https:\\\/\\\/diarioprincipios.com\\\/?s={search_term_string}\"},\"query-input\":{\"@type\":\"PropertyValueSpecification\",\"valueRequired\":true,\"valueName\":\"search_term_string\"}}],\"inLanguage\":\"es\"},{\"@type\":\"Organization\",\"@id\":\"https:\\\/\\\/diarioprincipios.com\\\/#organization\",\"name\":\"Principios\",\"url\":\"https:\\\/\\\/diarioprincipios.com\\\/\",\"logo\":{\"@type\":\"ImageObject\",\"inLanguage\":\"es\",\"@id\":\"https:\\\/\\\/diarioprincipios.com\\\/#\\\/schema\\\/logo\\\/image\\\/\",\"url\":\"https:\\\/\\\/diarioprincipios.com\\\/wp-content\\\/uploads\\\/2024\\\/04\\\/cropped-www.diarioprincipios.com_-1.png\",\"contentUrl\":\"https:\\\/\\\/diarioprincipios.com\\\/wp-content\\\/uploads\\\/2024\\\/04\\\/cropped-www.diarioprincipios.com_-1.png\",\"width\":5325,\"height\":1454,\"caption\":\"Principios\"},\"image\":{\"@id\":\"https:\\\/\\\/diarioprincipios.com\\\/#\\\/schema\\\/logo\\\/image\\\/\"}},{\"@type\":\"Person\",\"@id\":\"https:\\\/\\\/diarioprincipios.com\\\/#\\\/schema\\\/person\\\/436d5a1fd41a5e250e23ff5a6a7cb080\",\"name\":\"Hern\u00e1n L\u00f3pez\",\"image\":{\"@type\":\"ImageObject\",\"inLanguage\":\"es\",\"@id\":\"https:\\\/\\\/diarioprincipios.com\\\/wp-content\\\/litespeed\\\/avatar\\\/11ddfe5610ff3bd100522525b2571f48.jpg?ver=1777653193\",\"url\":\"https:\\\/\\\/diarioprincipios.com\\\/wp-content\\\/litespeed\\\/avatar\\\/11ddfe5610ff3bd100522525b2571f48.jpg?ver=1777653193\",\"contentUrl\":\"https:\\\/\\\/diarioprincipios.com\\\/wp-content\\\/litespeed\\\/avatar\\\/11ddfe5610ff3bd100522525b2571f48.jpg?ver=1777653193\",\"caption\":\"Hern\u00e1n L\u00f3pez\"},\"url\":\"https:\\\/\\\/diarioprincipios.com\\\/index.php\\\/author\\\/hernan\\\/\"}]}<\/script>\n<!-- \/ Yoast SEO plugin. -->","yoast_head_json":{"title":"La OMS advierte que la mayor parte de la poblaci\u00f3n podr\u00eda contraer coronavirus - Principios","robots":{"index":"index","follow":"follow","max-snippet":"max-snippet:-1","max-image-preview":"max-image-preview:large","max-video-preview":"max-video-preview:-1"},"canonical":"https:\/\/diarioprincipios.com\/index.php\/2020\/05\/18\/la-oms-advierte-que-la-mayor-parte-de-la-poblacion-podria-contraer-coronavirus\/","og_locale":"es_ES","og_type":"article","og_title":"La OMS advierte que la mayor parte de la poblaci\u00f3n podr\u00eda contraer coronavirus - Principios","og_description":"La mayor parte de la poblaci\u00f3n mundial contin\u00faa siendo susceptible a contraer el nuevo coronavirus SARS CoV-2 y causante de la actual pandemia de Covid-19, advirti\u00f3 hoy la Organizaci\u00f3n Mundial de la Salud (OMS) durante su asamblea anual que esta vez se realiz\u00f3 en forma virtual. Seg\u00fan el organismo, en las regiones m\u00e1s afectadas, no...","og_url":"https:\/\/diarioprincipios.com\/index.php\/2020\/05\/18\/la-oms-advierte-que-la-mayor-parte-de-la-poblacion-podria-contraer-coronavirus\/","og_site_name":"Principios","article_published_time":"2020-05-18T22:10:12+00:00","article_modified_time":"2020-05-18T22:10:14+00:00","og_image":[{"width":648,"height":432,"url":"https:\/\/diarioprincipios.com\/wp-content\/uploads\/2020\/05\/corona-8.jpg","type":"image\/jpeg"}],"author":"Hern\u00e1n L\u00f3pez","twitter_card":"summary_large_image","twitter_misc":{"Escrito por":"Hern\u00e1n L\u00f3pez","Tiempo de lectura":"4 minutos"},"schema":{"@context":"https:\/\/schema.org","@graph":[{"@type":"Article","@id":"https:\/\/diarioprincipios.com\/index.php\/2020\/05\/18\/la-oms-advierte-que-la-mayor-parte-de-la-poblacion-podria-contraer-coronavirus\/#article","isPartOf":{"@id":"https:\/\/diarioprincipios.com\/index.php\/2020\/05\/18\/la-oms-advierte-que-la-mayor-parte-de-la-poblacion-podria-contraer-coronavirus\/"},"author":{"name":"Hern\u00e1n L\u00f3pez","@id":"https:\/\/diarioprincipios.com\/#\/schema\/person\/436d5a1fd41a5e250e23ff5a6a7cb080"},"headline":"La OMS advierte que la mayor parte de la poblaci\u00f3n podr\u00eda contraer coronavirus","datePublished":"2020-05-18T22:10:12+00:00","dateModified":"2020-05-18T22:10:14+00:00","mainEntityOfPage":{"@id":"https:\/\/diarioprincipios.com\/index.php\/2020\/05\/18\/la-oms-advierte-que-la-mayor-parte-de-la-poblacion-podria-contraer-coronavirus\/"},"wordCount":841,"commentCount":0,"publisher":{"@id":"https:\/\/diarioprincipios.com\/#organization"},"image":{"@id":"https:\/\/diarioprincipios.com\/index.php\/2020\/05\/18\/la-oms-advierte-que-la-mayor-parte-de-la-poblacion-podria-contraer-coronavirus\/#primaryimage"},"thumbnailUrl":"https:\/\/diarioprincipios.com\/wp-content\/uploads\/2020\/05\/corona-8.jpg","articleSection":["Uncategorized"],"inLanguage":"es","potentialAction":[{"@type":"CommentAction","name":"Comment","target":["https:\/\/diarioprincipios.com\/index.php\/2020\/05\/18\/la-oms-advierte-que-la-mayor-parte-de-la-poblacion-podria-contraer-coronavirus\/#respond"]}]},{"@type":"WebPage","@id":"https:\/\/diarioprincipios.com\/index.php\/2020\/05\/18\/la-oms-advierte-que-la-mayor-parte-de-la-poblacion-podria-contraer-coronavirus\/","url":"https:\/\/diarioprincipios.com\/index.php\/2020\/05\/18\/la-oms-advierte-que-la-mayor-parte-de-la-poblacion-podria-contraer-coronavirus\/","name":"La OMS advierte que la mayor parte de la poblaci\u00f3n podr\u00eda contraer coronavirus - Principios","isPartOf":{"@id":"https:\/\/diarioprincipios.com\/#website"},"primaryImageOfPage":{"@id":"https:\/\/diarioprincipios.com\/index.php\/2020\/05\/18\/la-oms-advierte-que-la-mayor-parte-de-la-poblacion-podria-contraer-coronavirus\/#primaryimage"},"image":{"@id":"https:\/\/diarioprincipios.com\/index.php\/2020\/05\/18\/la-oms-advierte-que-la-mayor-parte-de-la-poblacion-podria-contraer-coronavirus\/#primaryimage"},"thumbnailUrl":"https:\/\/diarioprincipios.com\/wp-content\/uploads\/2020\/05\/corona-8.jpg","datePublished":"2020-05-18T22:10:12+00:00","dateModified":"2020-05-18T22:10:14+00:00","breadcrumb":{"@id":"https:\/\/diarioprincipios.com\/index.php\/2020\/05\/18\/la-oms-advierte-que-la-mayor-parte-de-la-poblacion-podria-contraer-coronavirus\/#breadcrumb"},"inLanguage":"es","potentialAction":[{"@type":"ReadAction","target":["https:\/\/diarioprincipios.com\/index.php\/2020\/05\/18\/la-oms-advierte-que-la-mayor-parte-de-la-poblacion-podria-contraer-coronavirus\/"]}]},{"@type":"ImageObject","inLanguage":"es","@id":"https:\/\/diarioprincipios.com\/index.php\/2020\/05\/18\/la-oms-advierte-que-la-mayor-parte-de-la-poblacion-podria-contraer-coronavirus\/#primaryimage","url":"https:\/\/diarioprincipios.com\/wp-content\/uploads\/2020\/05\/corona-8.jpg","contentUrl":"https:\/\/diarioprincipios.com\/wp-content\/uploads\/2020\/05\/corona-8.jpg","width":648,"height":432},{"@type":"BreadcrumbList","@id":"https:\/\/diarioprincipios.com\/index.php\/2020\/05\/18\/la-oms-advierte-que-la-mayor-parte-de-la-poblacion-podria-contraer-coronavirus\/#breadcrumb","itemListElement":[{"@type":"ListItem","position":1,"name":"Portada","item":"https:\/\/diarioprincipios.com\/"},{"@type":"ListItem","position":2,"name":"La OMS advierte que la mayor parte de la poblaci\u00f3n podr\u00eda contraer coronavirus"}]},{"@type":"WebSite","@id":"https:\/\/diarioprincipios.com\/#website","url":"https:\/\/diarioprincipios.com\/","name":"Principios","description":"Principios Diario","publisher":{"@id":"https:\/\/diarioprincipios.com\/#organization"},"potentialAction":[{"@type":"SearchAction","target":{"@type":"EntryPoint","urlTemplate":"https:\/\/diarioprincipios.com\/?s={search_term_string}"},"query-input":{"@type":"PropertyValueSpecification","valueRequired":true,"valueName":"search_term_string"}}],"inLanguage":"es"},{"@type":"Organization","@id":"https:\/\/diarioprincipios.com\/#organization","name":"Principios","url":"https:\/\/diarioprincipios.com\/","logo":{"@type":"ImageObject","inLanguage":"es","@id":"https:\/\/diarioprincipios.com\/#\/schema\/logo\/image\/","url":"https:\/\/diarioprincipios.com\/wp-content\/uploads\/2024\/04\/cropped-www.diarioprincipios.com_-1.png","contentUrl":"https:\/\/diarioprincipios.com\/wp-content\/uploads\/2024\/04\/cropped-www.diarioprincipios.com_-1.png","width":5325,"height":1454,"caption":"Principios"},"image":{"@id":"https:\/\/diarioprincipios.com\/#\/schema\/logo\/image\/"}},{"@type":"Person","@id":"https:\/\/diarioprincipios.com\/#\/schema\/person\/436d5a1fd41a5e250e23ff5a6a7cb080","name":"Hern\u00e1n L\u00f3pez","image":{"@type":"ImageObject","inLanguage":"es","@id":"https:\/\/diarioprincipios.com\/wp-content\/litespeed\/avatar\/11ddfe5610ff3bd100522525b2571f48.jpg?ver=1777653193","url":"https:\/\/diarioprincipios.com\/wp-content\/litespeed\/avatar\/11ddfe5610ff3bd100522525b2571f48.jpg?ver=1777653193","contentUrl":"https:\/\/diarioprincipios.com\/wp-content\/litespeed\/avatar\/11ddfe5610ff3bd100522525b2571f48.jpg?ver=1777653193","caption":"Hern\u00e1n L\u00f3pez"},"url":"https:\/\/diarioprincipios.com\/index.php\/author\/hernan\/"}]}},"jetpack_featured_media_url":"https:\/\/diarioprincipios.com\/wp-content\/uploads\/2020\/05\/corona-8.jpg","_links":{"self":[{"href":"https:\/\/diarioprincipios.com\/index.php\/wp-json\/wp\/v2\/posts\/1688","targetHints":{"allow":["GET"]}}],"collection":[{"href":"https:\/\/diarioprincipios.com\/index.php\/wp-json\/wp\/v2\/posts"}],"about":[{"href":"https:\/\/diarioprincipios.com\/index.php\/wp-json\/wp\/v2\/types\/post"}],"author":[{"embeddable":true,"href":"https:\/\/diarioprincipios.com\/index.php\/wp-json\/wp\/v2\/users\/2"}],"replies":[{"embeddable":true,"href":"https:\/\/diarioprincipios.com\/index.php\/wp-json\/wp\/v2\/comments?post=1688"}],"version-history":[{"count":1,"href":"https:\/\/diarioprincipios.com\/index.php\/wp-json\/wp\/v2\/posts\/1688\/revisions"}],"predecessor-version":[{"id":1689,"href":"https:\/\/diarioprincipios.com\/index.php\/wp-json\/wp\/v2\/posts\/1688\/revisions\/1689"}],"wp:featuredmedia":[{"embeddable":true,"href":"https:\/\/diarioprincipios.com\/index.php\/wp-json\/wp\/v2\/media\/1540"}],"wp:attachment":[{"href":"https:\/\/diarioprincipios.com\/index.php\/wp-json\/wp\/v2\/media?parent=1688"}],"wp:term":[{"taxonomy":"category","embeddable":true,"href":"https:\/\/diarioprincipios.com\/index.php\/wp-json\/wp\/v2\/categories?post=1688"},{"taxonomy":"post_tag","embeddable":true,"href":"https:\/\/diarioprincipios.com\/index.php\/wp-json\/wp\/v2\/tags?post=1688"}],"curies":[{"name":"wp","href":"https:\/\/api.w.org\/{rel}","templated":true}]}}