{"id":16803,"date":"2023-04-30T12:52:33","date_gmt":"2023-04-30T15:52:33","guid":{"rendered":"http:\/\/diarioprincipios.com\/?p=16803"},"modified":"2023-04-30T12:52:36","modified_gmt":"2023-04-30T15:52:36","slug":"vecinos-con-sus-mascotas-disfrutaron-del-festejo-por-el-dia-del-animal-organizado-por-el-municipio","status":"publish","type":"post","link":"https:\/\/diarioprincipios.com\/index.php\/2023\/04\/30\/vecinos-con-sus-mascotas-disfrutaron-del-festejo-por-el-dia-del-animal-organizado-por-el-municipio\/","title":{"rendered":"Vecinos con sus mascotas disfrutaron del Festejo por el D\u00eda del Animal organizado por el Municipio"},"content":{"rendered":"\n<p><strong>El Municipio organiz\u00f3 un festejo por el D\u00eda del Animal, con un mont\u00f3n de propuestas para los vecinos y vecinas y sus animalitos de compa\u00f1\u00eda. El evento cont\u00f3 con la presencia del intendente Juan Jos\u00e9 Mussi y el Dr. Juan Enrique Romero, coordinador del Programa Nacional de Tenencia Responsable y Sanidad de Perros y Gatos (ProTenencia), del Ministerio de Salud de la Naci\u00f3n.<\/strong><\/p>\n\n\n\n<p>Los festejos se realizaron en el play\u00f3n del Edificio Municipal. Se brind\u00f3 vacunaci\u00f3n antirr\u00e1bica para perros y gatos, charlas sobre tenencia responsable, hubo sorteos y actividades para toda la familia. Adem\u00e1s, estuvieron los emprendedores locales ofreciendo productos fabricados exclusivamente para animales, y se mont\u00f3 un espacio con animalitos de la Granja Educativa municipal.<\/p>\n\n\n\n<figure class=\"wp-block-image size-large\"><img loading=\"lazy\" decoding=\"async\" width=\"1024\" height=\"682\" src=\"https:\/\/diarioprincipios.com\/wp-content\/uploads\/2023\/04\/BERAZATEGUI_FESTEJO_DIA_DEL_ANIMAL_3-1024x682.jpeg\" alt=\"\" class=\"wp-image-16804\" srcset=\"https:\/\/diarioprincipios.com\/wp-content\/uploads\/2023\/04\/BERAZATEGUI_FESTEJO_DIA_DEL_ANIMAL_3-1024x682.jpeg 1024w, https:\/\/diarioprincipios.com\/wp-content\/uploads\/2023\/04\/BERAZATEGUI_FESTEJO_DIA_DEL_ANIMAL_3-300x200.jpeg 300w, https:\/\/diarioprincipios.com\/wp-content\/uploads\/2023\/04\/BERAZATEGUI_FESTEJO_DIA_DEL_ANIMAL_3-768x512.jpeg 768w, https:\/\/diarioprincipios.com\/wp-content\/uploads\/2023\/04\/BERAZATEGUI_FESTEJO_DIA_DEL_ANIMAL_3-1536x1023.jpeg 1536w, https:\/\/diarioprincipios.com\/wp-content\/uploads\/2023\/04\/BERAZATEGUI_FESTEJO_DIA_DEL_ANIMAL_3.jpeg 1600w\" sizes=\"auto, (max-width: 1024px) 100vw, 1024px\" \/><\/figure>\n\n\n\n<p>\u201cHay cada vez m\u00e1s cari\u00f1o por los animalitos de compa\u00f1\u00eda y eso nos hace muy bien\u201d, expres\u00f3 el intendente Mussi. Y asegur\u00f3: \u201cA todos los que los queremos mucho nos pone muy contentos que tanta gente haya venido con su perrito, con su gatito, a compartir en este lugar. Quisimos hacer un homenaje en el D\u00eda del Animal, pero fundamentalmente, animar a participar a todos aquellos que aman a los animales\u201d.<\/p>\n\n\n\n<p>Seguidamente, el Dr. Romero declar\u00f3: \u201cEstoy muy feliz de compartir con ustedes esta jornada tan importante, que es el D\u00eda del Animal en la Argentina, aqu\u00ed en Berazategui, en la Capital Mascotera de la Rep\u00fablica. Gracias por la Cl\u00ednica Veterinaria Municipal gratuita que tienen, decana del pa\u00eds, y por todo el amor hacia los animales, quienes no tienen voz. H\u00e1ganme caso, p\u00f3rtense bien: sean cada d\u00eda m\u00e1s animales\u201d.<\/p>\n\n\n\n<figure class=\"wp-block-image size-large\"><img loading=\"lazy\" decoding=\"async\" width=\"838\" height=\"1024\" src=\"https:\/\/diarioprincipios.com\/wp-content\/uploads\/2023\/04\/BERAZATEGUI_FESTEJO_DIA_DEL_ANIMAL_5-838x1024.jpeg\" alt=\"\" class=\"wp-image-16805\" srcset=\"https:\/\/diarioprincipios.com\/wp-content\/uploads\/2023\/04\/BERAZATEGUI_FESTEJO_DIA_DEL_ANIMAL_5-838x1024.jpeg 838w, https:\/\/diarioprincipios.com\/wp-content\/uploads\/2023\/04\/BERAZATEGUI_FESTEJO_DIA_DEL_ANIMAL_5-245x300.jpeg 245w, https:\/\/diarioprincipios.com\/wp-content\/uploads\/2023\/04\/BERAZATEGUI_FESTEJO_DIA_DEL_ANIMAL_5-768x939.jpeg 768w, https:\/\/diarioprincipios.com\/wp-content\/uploads\/2023\/04\/BERAZATEGUI_FESTEJO_DIA_DEL_ANIMAL_5.jpeg 900w\" sizes=\"auto, (max-width: 838px) 100vw, 838px\" \/><\/figure>\n\n\n\n<p>En tanto, el Dr. Pablo Costa &#8211; secretario de Salud P\u00fablica e Higiene de Berazategui- afirm\u00f3: \u201cTodos los a\u00f1os tratamos de que el D\u00eda del Animal se festeje y tenga la representatividad que debe tener en nuestra sociedad. Berazategui es pionera en contar con una Cl\u00ednica Veterinaria Municipal con servicios gratuitos de castraci\u00f3n, vacunaci\u00f3n y evaluaci\u00f3n cl\u00ednica de los animales. As\u00ed que ese contexto sanitario y esa impronta que el Intendente le da a la sociedad y a la Cl\u00ednica Veterinaria hace que haya un ida y vuelta entre los vecinos y vecinas y nuestras pol\u00edticas sanitarias. Ese es un motivo para festejar.\u201d<\/p>\n\n\n\n<p><strong>UNA CIUDAD PIONERA EN EL CUIDADO DE LOS ANIMALES<\/strong><\/p>\n\n\n\n<p>Uno de los aspectos en los que Berazategui se destaca en materia de protecci\u00f3n de los animales es la prohibici\u00f3n de la tracci\u00f3n a sangre. En 2019, el Concejo Deliberante -entonces presidido por el actual intendente, Juan Jos\u00e9 Mussi- logr\u00f3 plasmarla en una Ordenanza (N\u00b0 5694) con aplicaci\u00f3n en todo el distrito. Esta medida, que tiene el fin de combatir el maltrato animal, incluy\u00f3 la entrega de bicicletas adaptadas a los recicladores urbanos para que las utilicen en reemplazo de los tradicionales carros tirados por caballos. Hasta el momento, se rescataron m\u00e1s de 100 equinos.<\/p>\n\n\n\n<figure class=\"wp-block-image size-full is-resized\"><img loading=\"lazy\" decoding=\"async\" src=\"https:\/\/diarioprincipios.com\/wp-content\/uploads\/2023\/04\/BERAZATEGUI_FESTEJO_DIA_DEL_ANIMAL_2.jpeg\" alt=\"\" class=\"wp-image-16806\" width=\"388\" height=\"219\" srcset=\"https:\/\/diarioprincipios.com\/wp-content\/uploads\/2023\/04\/BERAZATEGUI_FESTEJO_DIA_DEL_ANIMAL_2.jpeg 1024w, https:\/\/diarioprincipios.com\/wp-content\/uploads\/2023\/04\/BERAZATEGUI_FESTEJO_DIA_DEL_ANIMAL_2-300x169.jpeg 300w, https:\/\/diarioprincipios.com\/wp-content\/uploads\/2023\/04\/BERAZATEGUI_FESTEJO_DIA_DEL_ANIMAL_2-768x433.jpeg 768w\" sizes=\"auto, (max-width: 388px) 100vw, 388px\" \/><\/figure>\n\n\n\n<p>Berazategui tambi\u00e9n sobresale por sus campa\u00f1as en favor de la adopci\u00f3n y la tenencia responsable. En ese sentido, se cre\u00f3 la web&nbsp;<a rel=\"noreferrer noopener\" target=\"_blank\" href=\"http:\/\/corazondezonasur.com.ar\/\">corazondezonasur.com.ar<\/a>, el primer sitio municipal de adopci\u00f3n animal. All\u00ed, los vecinos y vecinas pueden conocer y sumar a su familia a los perritos que se encuentran en el Complejo Municipal Los Privilegiados (calle 156 y 50, Pl\u00e1tanos). A su vez, la Cl\u00ednica Veterinaria Municipal -la primera de ese estilo en la Argentina- tambi\u00e9n impulsa permanentemente iniciativas que refuerzan el compromiso con el cuidado, la protecci\u00f3n, la tenencia responsable, la salud y la seguridad de los animales.<\/p>\n\n\n\n<p>Estuvieron presentes en el festejo, adem\u00e1s, integrantes del Gabinete Municipal, concejales del distrito y vecinos y vecinas; y referentes de organizaciones proteccionistas.<\/p>\n","protected":false},"excerpt":{"rendered":"<p>El Municipio organiz\u00f3 un festejo por el D\u00eda del Animal, con un mont\u00f3n de propuestas para los vecinos y vecinas y sus animalitos de compa\u00f1\u00eda. El evento cont\u00f3 con la presencia del intendente Juan Jos\u00e9 Mussi y el Dr. Juan Enrique Romero, coordinador del Programa Nacional de Tenencia Responsable y Sanidad de Perros y Gatos&#8230;<\/p>\n","protected":false},"author":2,"featured_media":16807,"comment_status":"open","ping_status":"open","sticky":false,"template":"","format":"standard","meta":{"footnotes":""},"categories":[3],"tags":[],"class_list":["post-16803","post","type-post","status-publish","format-standard","has-post-thumbnail","hentry","category-berazategui"],"featured_image_src":"https:\/\/diarioprincipios.com\/wp-content\/uploads\/2023\/04\/BERAZATEGUI_FESTEJO_DIA_DEL_ANIMAL_1-1024x682.jpeg","blog_images":{"medium":"https:\/\/diarioprincipios.com\/wp-content\/uploads\/2023\/04\/BERAZATEGUI_FESTEJO_DIA_DEL_ANIMAL_1-300x200.jpeg","large":"https:\/\/diarioprincipios.com\/wp-content\/uploads\/2023\/04\/BERAZATEGUI_FESTEJO_DIA_DEL_ANIMAL_1-1024x682.jpeg"},"ams_acf":[],"yoast_head":"<!-- This site is optimized with the Yoast SEO plugin v27.3 - https:\/\/yoast.com\/product\/yoast-seo-wordpress\/ -->\n<title>Vecinos con sus mascotas disfrutaron del Festejo por el D\u00eda del Animal organizado por el Municipio - Principios<\/title>\n<meta name=\"robots\" content=\"index, follow, max-snippet:-1, max-image-preview:large, max-video-preview:-1\" \/>\n<link rel=\"canonical\" href=\"https:\/\/diarioprincipios.com\/index.php\/2023\/04\/30\/vecinos-con-sus-mascotas-disfrutaron-del-festejo-por-el-dia-del-animal-organizado-por-el-municipio\/\" \/>\n<meta property=\"og:locale\" content=\"es_ES\" \/>\n<meta property=\"og:type\" content=\"article\" \/>\n<meta property=\"og:title\" content=\"Vecinos con sus mascotas disfrutaron del Festejo por el D\u00eda del Animal organizado por el Municipio - Principios\" \/>\n<meta property=\"og:description\" content=\"El Municipio organiz\u00f3 un festejo por el D\u00eda del Animal, con un mont\u00f3n de propuestas para los vecinos y vecinas y sus animalitos de compa\u00f1\u00eda. El evento cont\u00f3 con la presencia del intendente Juan Jos\u00e9 Mussi y el Dr. Juan Enrique Romero, coordinador del Programa Nacional de Tenencia Responsable y Sanidad de Perros y Gatos...\" \/>\n<meta property=\"og:url\" content=\"https:\/\/diarioprincipios.com\/index.php\/2023\/04\/30\/vecinos-con-sus-mascotas-disfrutaron-del-festejo-por-el-dia-del-animal-organizado-por-el-municipio\/\" \/>\n<meta property=\"og:site_name\" content=\"Principios\" \/>\n<meta property=\"article:published_time\" content=\"2023-04-30T15:52:33+00:00\" \/>\n<meta property=\"article:modified_time\" content=\"2023-04-30T15:52:36+00:00\" \/>\n<meta property=\"og:image\" content=\"https:\/\/diarioprincipios.com\/wp-content\/uploads\/2023\/04\/BERAZATEGUI_FESTEJO_DIA_DEL_ANIMAL_1.jpeg\" \/>\n\t<meta property=\"og:image:width\" content=\"1600\" \/>\n\t<meta property=\"og:image:height\" content=\"1066\" \/>\n\t<meta property=\"og:image:type\" content=\"image\/jpeg\" \/>\n<meta name=\"author\" content=\"Hern\u00e1n L\u00f3pez\" \/>\n<meta name=\"twitter:card\" content=\"summary_large_image\" \/>\n<meta name=\"twitter:label1\" content=\"Escrito por\" \/>\n\t<meta name=\"twitter:data1\" content=\"Hern\u00e1n L\u00f3pez\" \/>\n\t<meta name=\"twitter:label2\" content=\"Tiempo de lectura\" \/>\n\t<meta name=\"twitter:data2\" content=\"4 minutos\" \/>\n<script type=\"application\/ld+json\" class=\"yoast-schema-graph\">{\"@context\":\"https:\\\/\\\/schema.org\",\"@graph\":[{\"@type\":\"Article\",\"@id\":\"https:\\\/\\\/diarioprincipios.com\\\/index.php\\\/2023\\\/04\\\/30\\\/vecinos-con-sus-mascotas-disfrutaron-del-festejo-por-el-dia-del-animal-organizado-por-el-municipio\\\/#article\",\"isPartOf\":{\"@id\":\"https:\\\/\\\/diarioprincipios.com\\\/index.php\\\/2023\\\/04\\\/30\\\/vecinos-con-sus-mascotas-disfrutaron-del-festejo-por-el-dia-del-animal-organizado-por-el-municipio\\\/\"},\"author\":{\"name\":\"Hern\u00e1n L\u00f3pez\",\"@id\":\"https:\\\/\\\/diarioprincipios.com\\\/#\\\/schema\\\/person\\\/436d5a1fd41a5e250e23ff5a6a7cb080\"},\"headline\":\"Vecinos con sus mascotas disfrutaron del Festejo por el D\u00eda del Animal organizado por el Municipio\",\"datePublished\":\"2023-04-30T15:52:33+00:00\",\"dateModified\":\"2023-04-30T15:52:36+00:00\",\"mainEntityOfPage\":{\"@id\":\"https:\\\/\\\/diarioprincipios.com\\\/index.php\\\/2023\\\/04\\\/30\\\/vecinos-con-sus-mascotas-disfrutaron-del-festejo-por-el-dia-del-animal-organizado-por-el-municipio\\\/\"},\"wordCount\":641,\"commentCount\":0,\"publisher\":{\"@id\":\"https:\\\/\\\/diarioprincipios.com\\\/#organization\"},\"image\":{\"@id\":\"https:\\\/\\\/diarioprincipios.com\\\/index.php\\\/2023\\\/04\\\/30\\\/vecinos-con-sus-mascotas-disfrutaron-del-festejo-por-el-dia-del-animal-organizado-por-el-municipio\\\/#primaryimage\"},\"thumbnailUrl\":\"https:\\\/\\\/diarioprincipios.com\\\/wp-content\\\/uploads\\\/2023\\\/04\\\/BERAZATEGUI_FESTEJO_DIA_DEL_ANIMAL_1.jpeg\",\"articleSection\":[\"Berazategui\"],\"inLanguage\":\"es\",\"potentialAction\":[{\"@type\":\"CommentAction\",\"name\":\"Comment\",\"target\":[\"https:\\\/\\\/diarioprincipios.com\\\/index.php\\\/2023\\\/04\\\/30\\\/vecinos-con-sus-mascotas-disfrutaron-del-festejo-por-el-dia-del-animal-organizado-por-el-municipio\\\/#respond\"]}]},{\"@type\":\"WebPage\",\"@id\":\"https:\\\/\\\/diarioprincipios.com\\\/index.php\\\/2023\\\/04\\\/30\\\/vecinos-con-sus-mascotas-disfrutaron-del-festejo-por-el-dia-del-animal-organizado-por-el-municipio\\\/\",\"url\":\"https:\\\/\\\/diarioprincipios.com\\\/index.php\\\/2023\\\/04\\\/30\\\/vecinos-con-sus-mascotas-disfrutaron-del-festejo-por-el-dia-del-animal-organizado-por-el-municipio\\\/\",\"name\":\"Vecinos con sus mascotas disfrutaron del Festejo por el D\u00eda del Animal organizado por el Municipio - Principios\",\"isPartOf\":{\"@id\":\"https:\\\/\\\/diarioprincipios.com\\\/#website\"},\"primaryImageOfPage\":{\"@id\":\"https:\\\/\\\/diarioprincipios.com\\\/index.php\\\/2023\\\/04\\\/30\\\/vecinos-con-sus-mascotas-disfrutaron-del-festejo-por-el-dia-del-animal-organizado-por-el-municipio\\\/#primaryimage\"},\"image\":{\"@id\":\"https:\\\/\\\/diarioprincipios.com\\\/index.php\\\/2023\\\/04\\\/30\\\/vecinos-con-sus-mascotas-disfrutaron-del-festejo-por-el-dia-del-animal-organizado-por-el-municipio\\\/#primaryimage\"},\"thumbnailUrl\":\"https:\\\/\\\/diarioprincipios.com\\\/wp-content\\\/uploads\\\/2023\\\/04\\\/BERAZATEGUI_FESTEJO_DIA_DEL_ANIMAL_1.jpeg\",\"datePublished\":\"2023-04-30T15:52:33+00:00\",\"dateModified\":\"2023-04-30T15:52:36+00:00\",\"breadcrumb\":{\"@id\":\"https:\\\/\\\/diarioprincipios.com\\\/index.php\\\/2023\\\/04\\\/30\\\/vecinos-con-sus-mascotas-disfrutaron-del-festejo-por-el-dia-del-animal-organizado-por-el-municipio\\\/#breadcrumb\"},\"inLanguage\":\"es\",\"potentialAction\":[{\"@type\":\"ReadAction\",\"target\":[\"https:\\\/\\\/diarioprincipios.com\\\/index.php\\\/2023\\\/04\\\/30\\\/vecinos-con-sus-mascotas-disfrutaron-del-festejo-por-el-dia-del-animal-organizado-por-el-municipio\\\/\"]}]},{\"@type\":\"ImageObject\",\"inLanguage\":\"es\",\"@id\":\"https:\\\/\\\/diarioprincipios.com\\\/index.php\\\/2023\\\/04\\\/30\\\/vecinos-con-sus-mascotas-disfrutaron-del-festejo-por-el-dia-del-animal-organizado-por-el-municipio\\\/#primaryimage\",\"url\":\"https:\\\/\\\/diarioprincipios.com\\\/wp-content\\\/uploads\\\/2023\\\/04\\\/BERAZATEGUI_FESTEJO_DIA_DEL_ANIMAL_1.jpeg\",\"contentUrl\":\"https:\\\/\\\/diarioprincipios.com\\\/wp-content\\\/uploads\\\/2023\\\/04\\\/BERAZATEGUI_FESTEJO_DIA_DEL_ANIMAL_1.jpeg\",\"width\":1600,\"height\":1066},{\"@type\":\"BreadcrumbList\",\"@id\":\"https:\\\/\\\/diarioprincipios.com\\\/index.php\\\/2023\\\/04\\\/30\\\/vecinos-con-sus-mascotas-disfrutaron-del-festejo-por-el-dia-del-animal-organizado-por-el-municipio\\\/#breadcrumb\",\"itemListElement\":[{\"@type\":\"ListItem\",\"position\":1,\"name\":\"Portada\",\"item\":\"https:\\\/\\\/diarioprincipios.com\\\/\"},{\"@type\":\"ListItem\",\"position\":2,\"name\":\"Vecinos con sus mascotas disfrutaron del Festejo por el D\u00eda del Animal organizado por el Municipio\"}]},{\"@type\":\"WebSite\",\"@id\":\"https:\\\/\\\/diarioprincipios.com\\\/#website\",\"url\":\"https:\\\/\\\/diarioprincipios.com\\\/\",\"name\":\"Principios\",\"description\":\"Principios Diario\",\"publisher\":{\"@id\":\"https:\\\/\\\/diarioprincipios.com\\\/#organization\"},\"potentialAction\":[{\"@type\":\"SearchAction\",\"target\":{\"@type\":\"EntryPoint\",\"urlTemplate\":\"https:\\\/\\\/diarioprincipios.com\\\/?s={search_term_string}\"},\"query-input\":{\"@type\":\"PropertyValueSpecification\",\"valueRequired\":true,\"valueName\":\"search_term_string\"}}],\"inLanguage\":\"es\"},{\"@type\":\"Organization\",\"@id\":\"https:\\\/\\\/diarioprincipios.com\\\/#organization\",\"name\":\"Principios\",\"url\":\"https:\\\/\\\/diarioprincipios.com\\\/\",\"logo\":{\"@type\":\"ImageObject\",\"inLanguage\":\"es\",\"@id\":\"https:\\\/\\\/diarioprincipios.com\\\/#\\\/schema\\\/logo\\\/image\\\/\",\"url\":\"https:\\\/\\\/diarioprincipios.com\\\/wp-content\\\/uploads\\\/2024\\\/04\\\/cropped-www.diarioprincipios.com_-1.png\",\"contentUrl\":\"https:\\\/\\\/diarioprincipios.com\\\/wp-content\\\/uploads\\\/2024\\\/04\\\/cropped-www.diarioprincipios.com_-1.png\",\"width\":5325,\"height\":1454,\"caption\":\"Principios\"},\"image\":{\"@id\":\"https:\\\/\\\/diarioprincipios.com\\\/#\\\/schema\\\/logo\\\/image\\\/\"}},{\"@type\":\"Person\",\"@id\":\"https:\\\/\\\/diarioprincipios.com\\\/#\\\/schema\\\/person\\\/436d5a1fd41a5e250e23ff5a6a7cb080\",\"name\":\"Hern\u00e1n L\u00f3pez\",\"image\":{\"@type\":\"ImageObject\",\"inLanguage\":\"es\",\"@id\":\"https:\\\/\\\/diarioprincipios.com\\\/wp-content\\\/litespeed\\\/avatar\\\/11ddfe5610ff3bd100522525b2571f48.jpg?ver=1777048341\",\"url\":\"https:\\\/\\\/diarioprincipios.com\\\/wp-content\\\/litespeed\\\/avatar\\\/11ddfe5610ff3bd100522525b2571f48.jpg?ver=1777048341\",\"contentUrl\":\"https:\\\/\\\/diarioprincipios.com\\\/wp-content\\\/litespeed\\\/avatar\\\/11ddfe5610ff3bd100522525b2571f48.jpg?ver=1777048341\",\"caption\":\"Hern\u00e1n L\u00f3pez\"},\"url\":\"https:\\\/\\\/diarioprincipios.com\\\/index.php\\\/author\\\/hernan\\\/\"}]}<\/script>\n<!-- \/ Yoast SEO plugin. -->","yoast_head_json":{"title":"Vecinos con sus mascotas disfrutaron del Festejo por el D\u00eda del Animal organizado por el Municipio - Principios","robots":{"index":"index","follow":"follow","max-snippet":"max-snippet:-1","max-image-preview":"max-image-preview:large","max-video-preview":"max-video-preview:-1"},"canonical":"https:\/\/diarioprincipios.com\/index.php\/2023\/04\/30\/vecinos-con-sus-mascotas-disfrutaron-del-festejo-por-el-dia-del-animal-organizado-por-el-municipio\/","og_locale":"es_ES","og_type":"article","og_title":"Vecinos con sus mascotas disfrutaron del Festejo por el D\u00eda del Animal organizado por el Municipio - Principios","og_description":"El Municipio organiz\u00f3 un festejo por el D\u00eda del Animal, con un mont\u00f3n de propuestas para los vecinos y vecinas y sus animalitos de compa\u00f1\u00eda. El evento cont\u00f3 con la presencia del intendente Juan Jos\u00e9 Mussi y el Dr. Juan Enrique Romero, coordinador del Programa Nacional de Tenencia Responsable y Sanidad de Perros y Gatos...","og_url":"https:\/\/diarioprincipios.com\/index.php\/2023\/04\/30\/vecinos-con-sus-mascotas-disfrutaron-del-festejo-por-el-dia-del-animal-organizado-por-el-municipio\/","og_site_name":"Principios","article_published_time":"2023-04-30T15:52:33+00:00","article_modified_time":"2023-04-30T15:52:36+00:00","og_image":[{"width":1600,"height":1066,"url":"https:\/\/diarioprincipios.com\/wp-content\/uploads\/2023\/04\/BERAZATEGUI_FESTEJO_DIA_DEL_ANIMAL_1.jpeg","type":"image\/jpeg"}],"author":"Hern\u00e1n L\u00f3pez","twitter_card":"summary_large_image","twitter_misc":{"Escrito por":"Hern\u00e1n L\u00f3pez","Tiempo de lectura":"4 minutos"},"schema":{"@context":"https:\/\/schema.org","@graph":[{"@type":"Article","@id":"https:\/\/diarioprincipios.com\/index.php\/2023\/04\/30\/vecinos-con-sus-mascotas-disfrutaron-del-festejo-por-el-dia-del-animal-organizado-por-el-municipio\/#article","isPartOf":{"@id":"https:\/\/diarioprincipios.com\/index.php\/2023\/04\/30\/vecinos-con-sus-mascotas-disfrutaron-del-festejo-por-el-dia-del-animal-organizado-por-el-municipio\/"},"author":{"name":"Hern\u00e1n L\u00f3pez","@id":"https:\/\/diarioprincipios.com\/#\/schema\/person\/436d5a1fd41a5e250e23ff5a6a7cb080"},"headline":"Vecinos con sus mascotas disfrutaron del Festejo por el D\u00eda del Animal organizado por el Municipio","datePublished":"2023-04-30T15:52:33+00:00","dateModified":"2023-04-30T15:52:36+00:00","mainEntityOfPage":{"@id":"https:\/\/diarioprincipios.com\/index.php\/2023\/04\/30\/vecinos-con-sus-mascotas-disfrutaron-del-festejo-por-el-dia-del-animal-organizado-por-el-municipio\/"},"wordCount":641,"commentCount":0,"publisher":{"@id":"https:\/\/diarioprincipios.com\/#organization"},"image":{"@id":"https:\/\/diarioprincipios.com\/index.php\/2023\/04\/30\/vecinos-con-sus-mascotas-disfrutaron-del-festejo-por-el-dia-del-animal-organizado-por-el-municipio\/#primaryimage"},"thumbnailUrl":"https:\/\/diarioprincipios.com\/wp-content\/uploads\/2023\/04\/BERAZATEGUI_FESTEJO_DIA_DEL_ANIMAL_1.jpeg","articleSection":["Berazategui"],"inLanguage":"es","potentialAction":[{"@type":"CommentAction","name":"Comment","target":["https:\/\/diarioprincipios.com\/index.php\/2023\/04\/30\/vecinos-con-sus-mascotas-disfrutaron-del-festejo-por-el-dia-del-animal-organizado-por-el-municipio\/#respond"]}]},{"@type":"WebPage","@id":"https:\/\/diarioprincipios.com\/index.php\/2023\/04\/30\/vecinos-con-sus-mascotas-disfrutaron-del-festejo-por-el-dia-del-animal-organizado-por-el-municipio\/","url":"https:\/\/diarioprincipios.com\/index.php\/2023\/04\/30\/vecinos-con-sus-mascotas-disfrutaron-del-festejo-por-el-dia-del-animal-organizado-por-el-municipio\/","name":"Vecinos con sus mascotas disfrutaron del Festejo por el D\u00eda del Animal organizado por el Municipio - Principios","isPartOf":{"@id":"https:\/\/diarioprincipios.com\/#website"},"primaryImageOfPage":{"@id":"https:\/\/diarioprincipios.com\/index.php\/2023\/04\/30\/vecinos-con-sus-mascotas-disfrutaron-del-festejo-por-el-dia-del-animal-organizado-por-el-municipio\/#primaryimage"},"image":{"@id":"https:\/\/diarioprincipios.com\/index.php\/2023\/04\/30\/vecinos-con-sus-mascotas-disfrutaron-del-festejo-por-el-dia-del-animal-organizado-por-el-municipio\/#primaryimage"},"thumbnailUrl":"https:\/\/diarioprincipios.com\/wp-content\/uploads\/2023\/04\/BERAZATEGUI_FESTEJO_DIA_DEL_ANIMAL_1.jpeg","datePublished":"2023-04-30T15:52:33+00:00","dateModified":"2023-04-30T15:52:36+00:00","breadcrumb":{"@id":"https:\/\/diarioprincipios.com\/index.php\/2023\/04\/30\/vecinos-con-sus-mascotas-disfrutaron-del-festejo-por-el-dia-del-animal-organizado-por-el-municipio\/#breadcrumb"},"inLanguage":"es","potentialAction":[{"@type":"ReadAction","target":["https:\/\/diarioprincipios.com\/index.php\/2023\/04\/30\/vecinos-con-sus-mascotas-disfrutaron-del-festejo-por-el-dia-del-animal-organizado-por-el-municipio\/"]}]},{"@type":"ImageObject","inLanguage":"es","@id":"https:\/\/diarioprincipios.com\/index.php\/2023\/04\/30\/vecinos-con-sus-mascotas-disfrutaron-del-festejo-por-el-dia-del-animal-organizado-por-el-municipio\/#primaryimage","url":"https:\/\/diarioprincipios.com\/wp-content\/uploads\/2023\/04\/BERAZATEGUI_FESTEJO_DIA_DEL_ANIMAL_1.jpeg","contentUrl":"https:\/\/diarioprincipios.com\/wp-content\/uploads\/2023\/04\/BERAZATEGUI_FESTEJO_DIA_DEL_ANIMAL_1.jpeg","width":1600,"height":1066},{"@type":"BreadcrumbList","@id":"https:\/\/diarioprincipios.com\/index.php\/2023\/04\/30\/vecinos-con-sus-mascotas-disfrutaron-del-festejo-por-el-dia-del-animal-organizado-por-el-municipio\/#breadcrumb","itemListElement":[{"@type":"ListItem","position":1,"name":"Portada","item":"https:\/\/diarioprincipios.com\/"},{"@type":"ListItem","position":2,"name":"Vecinos con sus mascotas disfrutaron del Festejo por el D\u00eda del Animal organizado por el Municipio"}]},{"@type":"WebSite","@id":"https:\/\/diarioprincipios.com\/#website","url":"https:\/\/diarioprincipios.com\/","name":"Principios","description":"Principios Diario","publisher":{"@id":"https:\/\/diarioprincipios.com\/#organization"},"potentialAction":[{"@type":"SearchAction","target":{"@type":"EntryPoint","urlTemplate":"https:\/\/diarioprincipios.com\/?s={search_term_string}"},"query-input":{"@type":"PropertyValueSpecification","valueRequired":true,"valueName":"search_term_string"}}],"inLanguage":"es"},{"@type":"Organization","@id":"https:\/\/diarioprincipios.com\/#organization","name":"Principios","url":"https:\/\/diarioprincipios.com\/","logo":{"@type":"ImageObject","inLanguage":"es","@id":"https:\/\/diarioprincipios.com\/#\/schema\/logo\/image\/","url":"https:\/\/diarioprincipios.com\/wp-content\/uploads\/2024\/04\/cropped-www.diarioprincipios.com_-1.png","contentUrl":"https:\/\/diarioprincipios.com\/wp-content\/uploads\/2024\/04\/cropped-www.diarioprincipios.com_-1.png","width":5325,"height":1454,"caption":"Principios"},"image":{"@id":"https:\/\/diarioprincipios.com\/#\/schema\/logo\/image\/"}},{"@type":"Person","@id":"https:\/\/diarioprincipios.com\/#\/schema\/person\/436d5a1fd41a5e250e23ff5a6a7cb080","name":"Hern\u00e1n L\u00f3pez","image":{"@type":"ImageObject","inLanguage":"es","@id":"https:\/\/diarioprincipios.com\/wp-content\/litespeed\/avatar\/11ddfe5610ff3bd100522525b2571f48.jpg?ver=1777048341","url":"https:\/\/diarioprincipios.com\/wp-content\/litespeed\/avatar\/11ddfe5610ff3bd100522525b2571f48.jpg?ver=1777048341","contentUrl":"https:\/\/diarioprincipios.com\/wp-content\/litespeed\/avatar\/11ddfe5610ff3bd100522525b2571f48.jpg?ver=1777048341","caption":"Hern\u00e1n L\u00f3pez"},"url":"https:\/\/diarioprincipios.com\/index.php\/author\/hernan\/"}]}},"jetpack_featured_media_url":"https:\/\/diarioprincipios.com\/wp-content\/uploads\/2023\/04\/BERAZATEGUI_FESTEJO_DIA_DEL_ANIMAL_1.jpeg","_links":{"self":[{"href":"https:\/\/diarioprincipios.com\/index.php\/wp-json\/wp\/v2\/posts\/16803","targetHints":{"allow":["GET"]}}],"collection":[{"href":"https:\/\/diarioprincipios.com\/index.php\/wp-json\/wp\/v2\/posts"}],"about":[{"href":"https:\/\/diarioprincipios.com\/index.php\/wp-json\/wp\/v2\/types\/post"}],"author":[{"embeddable":true,"href":"https:\/\/diarioprincipios.com\/index.php\/wp-json\/wp\/v2\/users\/2"}],"replies":[{"embeddable":true,"href":"https:\/\/diarioprincipios.com\/index.php\/wp-json\/wp\/v2\/comments?post=16803"}],"version-history":[{"count":1,"href":"https:\/\/diarioprincipios.com\/index.php\/wp-json\/wp\/v2\/posts\/16803\/revisions"}],"predecessor-version":[{"id":16808,"href":"https:\/\/diarioprincipios.com\/index.php\/wp-json\/wp\/v2\/posts\/16803\/revisions\/16808"}],"wp:featuredmedia":[{"embeddable":true,"href":"https:\/\/diarioprincipios.com\/index.php\/wp-json\/wp\/v2\/media\/16807"}],"wp:attachment":[{"href":"https:\/\/diarioprincipios.com\/index.php\/wp-json\/wp\/v2\/media?parent=16803"}],"wp:term":[{"taxonomy":"category","embeddable":true,"href":"https:\/\/diarioprincipios.com\/index.php\/wp-json\/wp\/v2\/categories?post=16803"},{"taxonomy":"post_tag","embeddable":true,"href":"https:\/\/diarioprincipios.com\/index.php\/wp-json\/wp\/v2\/tags?post=16803"}],"curies":[{"name":"wp","href":"https:\/\/api.w.org\/{rel}","templated":true}]}}