{"id":16799,"date":"2023-04-30T12:45:20","date_gmt":"2023-04-30T15:45:20","guid":{"rendered":"http:\/\/diarioprincipios.com\/?p=16799"},"modified":"2023-04-30T12:45:22","modified_gmt":"2023-04-30T15:45:22","slug":"mas-bicicletas-para-los-ninos-de-avellaneda","status":"publish","type":"post","link":"https:\/\/diarioprincipios.com\/index.php\/2023\/04\/30\/mas-bicicletas-para-los-ninos-de-avellaneda\/","title":{"rendered":"M\u00e1s bicicletas para los ni\u00f1os de Avellaneda"},"content":{"rendered":"\n<p>Se llev\u00f3 a cabo una nueva entrega en el Parque \u00c1rea X, para alumnos de 14 escuelas primarias p\u00fablicas del distrito.<\/p>\n\n\n\n<p>El intendente de Avellaneda, Jorge Ferraresi y la jefa de Gabinete Magdalena Sierra participaron de la jornada de entrega de m\u00e1s de 1300 bicicletas para alumnos y alumnas de las escuelas primarias locales.<\/p>\n\n\n\n<p>Fue en el marco del programa municipal Tu Primera Bici, que la comuna lleva adelante desde el a\u00f1o 2018, para que cada ni\u00f1o de la ciudad tenga acceso a un rodado y sea garantizado su derecho al juego.<\/p>\n\n\n\n<figure class=\"wp-block-image size-large\"><img loading=\"lazy\" decoding=\"async\" width=\"1024\" height=\"573\" src=\"https:\/\/diarioprincipios.com\/wp-content\/uploads\/2023\/04\/Screenshot_20230430-124215_Yahoo-Mail-1024x573.jpg\" alt=\"\" class=\"wp-image-16800\" srcset=\"https:\/\/diarioprincipios.com\/wp-content\/uploads\/2023\/04\/Screenshot_20230430-124215_Yahoo-Mail-1024x573.jpg 1024w, https:\/\/diarioprincipios.com\/wp-content\/uploads\/2023\/04\/Screenshot_20230430-124215_Yahoo-Mail-300x168.jpg 300w, https:\/\/diarioprincipios.com\/wp-content\/uploads\/2023\/04\/Screenshot_20230430-124215_Yahoo-Mail-768x430.jpg 768w, https:\/\/diarioprincipios.com\/wp-content\/uploads\/2023\/04\/Screenshot_20230430-124215_Yahoo-Mail.jpg 1080w\" sizes=\"auto, (max-width: 1024px) 100vw, 1024px\" \/><\/figure>\n\n\n\n<p>Como viene sucediendo cada s\u00e1bado de abril en el Parque \u00c1rea X, en esta ocasi\u00f3n fueron m\u00e1s de 1300 pibes y pibas de las escuelas primarias N\u00b0 3, 5, 8, 16, 24, 27, 37, 40, 45, 47, 59, 60, 64 y 69.<\/p>\n\n\n\n<p>Adem\u00e1s durante el evento la Municipalidad despleg\u00f3 un amplio operativo a trav\u00e9s de sus diferentes Secretar\u00edas para que las familias y vecinxs pudieran acceder a tr\u00e1mites, vacunaci\u00f3n, servicios, consultas y asesoramiento de distinta \u00edndole.<\/p>\n","protected":false},"excerpt":{"rendered":"<p>Se llev\u00f3 a cabo una nueva entrega en el Parque \u00c1rea X, para alumnos de 14 escuelas primarias p\u00fablicas del distrito. El intendente de Avellaneda, Jorge Ferraresi y la jefa de Gabinete Magdalena Sierra participaron de la jornada de entrega de m\u00e1s de 1300 bicicletas para alumnos y alumnas de las escuelas primarias locales. Fue&#8230;<\/p>\n","protected":false},"author":2,"featured_media":16801,"comment_status":"open","ping_status":"open","sticky":false,"template":"","format":"standard","meta":{"footnotes":""},"categories":[5],"tags":[],"class_list":["post-16799","post","type-post","status-publish","format-standard","has-post-thumbnail","hentry","category-avellaneda"],"featured_image_src":"https:\/\/diarioprincipios.com\/wp-content\/uploads\/2023\/04\/Screenshot_20230430-124156_Yahoo-Mail-1024x578.jpg","blog_images":{"medium":"https:\/\/diarioprincipios.com\/wp-content\/uploads\/2023\/04\/Screenshot_20230430-124156_Yahoo-Mail-300x169.jpg","large":"https:\/\/diarioprincipios.com\/wp-content\/uploads\/2023\/04\/Screenshot_20230430-124156_Yahoo-Mail-1024x578.jpg"},"ams_acf":[],"yoast_head":"<!-- This site is optimized with the Yoast SEO plugin v27.3 - https:\/\/yoast.com\/product\/yoast-seo-wordpress\/ -->\n<title>M\u00e1s bicicletas para los ni\u00f1os de Avellaneda - Principios<\/title>\n<meta name=\"robots\" content=\"index, follow, max-snippet:-1, max-image-preview:large, max-video-preview:-1\" \/>\n<link rel=\"canonical\" href=\"https:\/\/diarioprincipios.com\/index.php\/2023\/04\/30\/mas-bicicletas-para-los-ninos-de-avellaneda\/\" \/>\n<meta property=\"og:locale\" content=\"es_ES\" \/>\n<meta property=\"og:type\" content=\"article\" \/>\n<meta property=\"og:title\" content=\"M\u00e1s bicicletas para los ni\u00f1os de Avellaneda - Principios\" \/>\n<meta property=\"og:description\" content=\"Se llev\u00f3 a cabo una nueva entrega en el Parque \u00c1rea X, para alumnos de 14 escuelas primarias p\u00fablicas del distrito. El intendente de Avellaneda, Jorge Ferraresi y la jefa de Gabinete Magdalena Sierra participaron de la jornada de entrega de m\u00e1s de 1300 bicicletas para alumnos y alumnas de las escuelas primarias locales. Fue...\" \/>\n<meta property=\"og:url\" content=\"https:\/\/diarioprincipios.com\/index.php\/2023\/04\/30\/mas-bicicletas-para-los-ninos-de-avellaneda\/\" \/>\n<meta property=\"og:site_name\" content=\"Principios\" \/>\n<meta property=\"article:published_time\" content=\"2023-04-30T15:45:20+00:00\" \/>\n<meta property=\"article:modified_time\" content=\"2023-04-30T15:45:22+00:00\" \/>\n<meta property=\"og:image\" content=\"https:\/\/diarioprincipios.com\/wp-content\/uploads\/2023\/04\/Screenshot_20230430-124156_Yahoo-Mail.jpg\" \/>\n\t<meta property=\"og:image:width\" content=\"1080\" \/>\n\t<meta property=\"og:image:height\" content=\"610\" \/>\n\t<meta property=\"og:image:type\" content=\"image\/jpeg\" \/>\n<meta name=\"author\" content=\"Hern\u00e1n L\u00f3pez\" \/>\n<meta name=\"twitter:card\" content=\"summary_large_image\" \/>\n<meta name=\"twitter:label1\" content=\"Escrito por\" \/>\n\t<meta name=\"twitter:data1\" content=\"Hern\u00e1n L\u00f3pez\" \/>\n\t<meta name=\"twitter:label2\" content=\"Tiempo de lectura\" \/>\n\t<meta name=\"twitter:data2\" content=\"1 minuto\" \/>\n<script type=\"application\/ld+json\" class=\"yoast-schema-graph\">{\"@context\":\"https:\\\/\\\/schema.org\",\"@graph\":[{\"@type\":\"Article\",\"@id\":\"https:\\\/\\\/diarioprincipios.com\\\/index.php\\\/2023\\\/04\\\/30\\\/mas-bicicletas-para-los-ninos-de-avellaneda\\\/#article\",\"isPartOf\":{\"@id\":\"https:\\\/\\\/diarioprincipios.com\\\/index.php\\\/2023\\\/04\\\/30\\\/mas-bicicletas-para-los-ninos-de-avellaneda\\\/\"},\"author\":{\"name\":\"Hern\u00e1n L\u00f3pez\",\"@id\":\"https:\\\/\\\/diarioprincipios.com\\\/#\\\/schema\\\/person\\\/436d5a1fd41a5e250e23ff5a6a7cb080\"},\"headline\":\"M\u00e1s bicicletas para los ni\u00f1os de Avellaneda\",\"datePublished\":\"2023-04-30T15:45:20+00:00\",\"dateModified\":\"2023-04-30T15:45:22+00:00\",\"mainEntityOfPage\":{\"@id\":\"https:\\\/\\\/diarioprincipios.com\\\/index.php\\\/2023\\\/04\\\/30\\\/mas-bicicletas-para-los-ninos-de-avellaneda\\\/\"},\"wordCount\":171,\"commentCount\":0,\"publisher\":{\"@id\":\"https:\\\/\\\/diarioprincipios.com\\\/#organization\"},\"image\":{\"@id\":\"https:\\\/\\\/diarioprincipios.com\\\/index.php\\\/2023\\\/04\\\/30\\\/mas-bicicletas-para-los-ninos-de-avellaneda\\\/#primaryimage\"},\"thumbnailUrl\":\"https:\\\/\\\/diarioprincipios.com\\\/wp-content\\\/uploads\\\/2023\\\/04\\\/Screenshot_20230430-124156_Yahoo-Mail.jpg\",\"articleSection\":[\"Avellaneda\"],\"inLanguage\":\"es\",\"potentialAction\":[{\"@type\":\"CommentAction\",\"name\":\"Comment\",\"target\":[\"https:\\\/\\\/diarioprincipios.com\\\/index.php\\\/2023\\\/04\\\/30\\\/mas-bicicletas-para-los-ninos-de-avellaneda\\\/#respond\"]}]},{\"@type\":\"WebPage\",\"@id\":\"https:\\\/\\\/diarioprincipios.com\\\/index.php\\\/2023\\\/04\\\/30\\\/mas-bicicletas-para-los-ninos-de-avellaneda\\\/\",\"url\":\"https:\\\/\\\/diarioprincipios.com\\\/index.php\\\/2023\\\/04\\\/30\\\/mas-bicicletas-para-los-ninos-de-avellaneda\\\/\",\"name\":\"M\u00e1s bicicletas para los ni\u00f1os de Avellaneda - Principios\",\"isPartOf\":{\"@id\":\"https:\\\/\\\/diarioprincipios.com\\\/#website\"},\"primaryImageOfPage\":{\"@id\":\"https:\\\/\\\/diarioprincipios.com\\\/index.php\\\/2023\\\/04\\\/30\\\/mas-bicicletas-para-los-ninos-de-avellaneda\\\/#primaryimage\"},\"image\":{\"@id\":\"https:\\\/\\\/diarioprincipios.com\\\/index.php\\\/2023\\\/04\\\/30\\\/mas-bicicletas-para-los-ninos-de-avellaneda\\\/#primaryimage\"},\"thumbnailUrl\":\"https:\\\/\\\/diarioprincipios.com\\\/wp-content\\\/uploads\\\/2023\\\/04\\\/Screenshot_20230430-124156_Yahoo-Mail.jpg\",\"datePublished\":\"2023-04-30T15:45:20+00:00\",\"dateModified\":\"2023-04-30T15:45:22+00:00\",\"breadcrumb\":{\"@id\":\"https:\\\/\\\/diarioprincipios.com\\\/index.php\\\/2023\\\/04\\\/30\\\/mas-bicicletas-para-los-ninos-de-avellaneda\\\/#breadcrumb\"},\"inLanguage\":\"es\",\"potentialAction\":[{\"@type\":\"ReadAction\",\"target\":[\"https:\\\/\\\/diarioprincipios.com\\\/index.php\\\/2023\\\/04\\\/30\\\/mas-bicicletas-para-los-ninos-de-avellaneda\\\/\"]}]},{\"@type\":\"ImageObject\",\"inLanguage\":\"es\",\"@id\":\"https:\\\/\\\/diarioprincipios.com\\\/index.php\\\/2023\\\/04\\\/30\\\/mas-bicicletas-para-los-ninos-de-avellaneda\\\/#primaryimage\",\"url\":\"https:\\\/\\\/diarioprincipios.com\\\/wp-content\\\/uploads\\\/2023\\\/04\\\/Screenshot_20230430-124156_Yahoo-Mail.jpg\",\"contentUrl\":\"https:\\\/\\\/diarioprincipios.com\\\/wp-content\\\/uploads\\\/2023\\\/04\\\/Screenshot_20230430-124156_Yahoo-Mail.jpg\",\"width\":1080,\"height\":610},{\"@type\":\"BreadcrumbList\",\"@id\":\"https:\\\/\\\/diarioprincipios.com\\\/index.php\\\/2023\\\/04\\\/30\\\/mas-bicicletas-para-los-ninos-de-avellaneda\\\/#breadcrumb\",\"itemListElement\":[{\"@type\":\"ListItem\",\"position\":1,\"name\":\"Portada\",\"item\":\"https:\\\/\\\/diarioprincipios.com\\\/\"},{\"@type\":\"ListItem\",\"position\":2,\"name\":\"M\u00e1s bicicletas para los ni\u00f1os de Avellaneda\"}]},{\"@type\":\"WebSite\",\"@id\":\"https:\\\/\\\/diarioprincipios.com\\\/#website\",\"url\":\"https:\\\/\\\/diarioprincipios.com\\\/\",\"name\":\"Principios\",\"description\":\"Principios Diario\",\"publisher\":{\"@id\":\"https:\\\/\\\/diarioprincipios.com\\\/#organization\"},\"potentialAction\":[{\"@type\":\"SearchAction\",\"target\":{\"@type\":\"EntryPoint\",\"urlTemplate\":\"https:\\\/\\\/diarioprincipios.com\\\/?s={search_term_string}\"},\"query-input\":{\"@type\":\"PropertyValueSpecification\",\"valueRequired\":true,\"valueName\":\"search_term_string\"}}],\"inLanguage\":\"es\"},{\"@type\":\"Organization\",\"@id\":\"https:\\\/\\\/diarioprincipios.com\\\/#organization\",\"name\":\"Principios\",\"url\":\"https:\\\/\\\/diarioprincipios.com\\\/\",\"logo\":{\"@type\":\"ImageObject\",\"inLanguage\":\"es\",\"@id\":\"https:\\\/\\\/diarioprincipios.com\\\/#\\\/schema\\\/logo\\\/image\\\/\",\"url\":\"https:\\\/\\\/diarioprincipios.com\\\/wp-content\\\/uploads\\\/2024\\\/04\\\/cropped-www.diarioprincipios.com_-1.png\",\"contentUrl\":\"https:\\\/\\\/diarioprincipios.com\\\/wp-content\\\/uploads\\\/2024\\\/04\\\/cropped-www.diarioprincipios.com_-1.png\",\"width\":5325,\"height\":1454,\"caption\":\"Principios\"},\"image\":{\"@id\":\"https:\\\/\\\/diarioprincipios.com\\\/#\\\/schema\\\/logo\\\/image\\\/\"}},{\"@type\":\"Person\",\"@id\":\"https:\\\/\\\/diarioprincipios.com\\\/#\\\/schema\\\/person\\\/436d5a1fd41a5e250e23ff5a6a7cb080\",\"name\":\"Hern\u00e1n L\u00f3pez\",\"image\":{\"@type\":\"ImageObject\",\"inLanguage\":\"es\",\"@id\":\"https:\\\/\\\/diarioprincipios.com\\\/wp-content\\\/litespeed\\\/avatar\\\/11ddfe5610ff3bd100522525b2571f48.jpg?ver=1777048341\",\"url\":\"https:\\\/\\\/diarioprincipios.com\\\/wp-content\\\/litespeed\\\/avatar\\\/11ddfe5610ff3bd100522525b2571f48.jpg?ver=1777048341\",\"contentUrl\":\"https:\\\/\\\/diarioprincipios.com\\\/wp-content\\\/litespeed\\\/avatar\\\/11ddfe5610ff3bd100522525b2571f48.jpg?ver=1777048341\",\"caption\":\"Hern\u00e1n L\u00f3pez\"},\"url\":\"https:\\\/\\\/diarioprincipios.com\\\/index.php\\\/author\\\/hernan\\\/\"}]}<\/script>\n<!-- \/ Yoast SEO plugin. -->","yoast_head_json":{"title":"M\u00e1s bicicletas para los ni\u00f1os de Avellaneda - Principios","robots":{"index":"index","follow":"follow","max-snippet":"max-snippet:-1","max-image-preview":"max-image-preview:large","max-video-preview":"max-video-preview:-1"},"canonical":"https:\/\/diarioprincipios.com\/index.php\/2023\/04\/30\/mas-bicicletas-para-los-ninos-de-avellaneda\/","og_locale":"es_ES","og_type":"article","og_title":"M\u00e1s bicicletas para los ni\u00f1os de Avellaneda - Principios","og_description":"Se llev\u00f3 a cabo una nueva entrega en el Parque \u00c1rea X, para alumnos de 14 escuelas primarias p\u00fablicas del distrito. El intendente de Avellaneda, Jorge Ferraresi y la jefa de Gabinete Magdalena Sierra participaron de la jornada de entrega de m\u00e1s de 1300 bicicletas para alumnos y alumnas de las escuelas primarias locales. Fue...","og_url":"https:\/\/diarioprincipios.com\/index.php\/2023\/04\/30\/mas-bicicletas-para-los-ninos-de-avellaneda\/","og_site_name":"Principios","article_published_time":"2023-04-30T15:45:20+00:00","article_modified_time":"2023-04-30T15:45:22+00:00","og_image":[{"width":1080,"height":610,"url":"https:\/\/diarioprincipios.com\/wp-content\/uploads\/2023\/04\/Screenshot_20230430-124156_Yahoo-Mail.jpg","type":"image\/jpeg"}],"author":"Hern\u00e1n L\u00f3pez","twitter_card":"summary_large_image","twitter_misc":{"Escrito por":"Hern\u00e1n L\u00f3pez","Tiempo de lectura":"1 minuto"},"schema":{"@context":"https:\/\/schema.org","@graph":[{"@type":"Article","@id":"https:\/\/diarioprincipios.com\/index.php\/2023\/04\/30\/mas-bicicletas-para-los-ninos-de-avellaneda\/#article","isPartOf":{"@id":"https:\/\/diarioprincipios.com\/index.php\/2023\/04\/30\/mas-bicicletas-para-los-ninos-de-avellaneda\/"},"author":{"name":"Hern\u00e1n L\u00f3pez","@id":"https:\/\/diarioprincipios.com\/#\/schema\/person\/436d5a1fd41a5e250e23ff5a6a7cb080"},"headline":"M\u00e1s bicicletas para los ni\u00f1os de Avellaneda","datePublished":"2023-04-30T15:45:20+00:00","dateModified":"2023-04-30T15:45:22+00:00","mainEntityOfPage":{"@id":"https:\/\/diarioprincipios.com\/index.php\/2023\/04\/30\/mas-bicicletas-para-los-ninos-de-avellaneda\/"},"wordCount":171,"commentCount":0,"publisher":{"@id":"https:\/\/diarioprincipios.com\/#organization"},"image":{"@id":"https:\/\/diarioprincipios.com\/index.php\/2023\/04\/30\/mas-bicicletas-para-los-ninos-de-avellaneda\/#primaryimage"},"thumbnailUrl":"https:\/\/diarioprincipios.com\/wp-content\/uploads\/2023\/04\/Screenshot_20230430-124156_Yahoo-Mail.jpg","articleSection":["Avellaneda"],"inLanguage":"es","potentialAction":[{"@type":"CommentAction","name":"Comment","target":["https:\/\/diarioprincipios.com\/index.php\/2023\/04\/30\/mas-bicicletas-para-los-ninos-de-avellaneda\/#respond"]}]},{"@type":"WebPage","@id":"https:\/\/diarioprincipios.com\/index.php\/2023\/04\/30\/mas-bicicletas-para-los-ninos-de-avellaneda\/","url":"https:\/\/diarioprincipios.com\/index.php\/2023\/04\/30\/mas-bicicletas-para-los-ninos-de-avellaneda\/","name":"M\u00e1s bicicletas para los ni\u00f1os de Avellaneda - Principios","isPartOf":{"@id":"https:\/\/diarioprincipios.com\/#website"},"primaryImageOfPage":{"@id":"https:\/\/diarioprincipios.com\/index.php\/2023\/04\/30\/mas-bicicletas-para-los-ninos-de-avellaneda\/#primaryimage"},"image":{"@id":"https:\/\/diarioprincipios.com\/index.php\/2023\/04\/30\/mas-bicicletas-para-los-ninos-de-avellaneda\/#primaryimage"},"thumbnailUrl":"https:\/\/diarioprincipios.com\/wp-content\/uploads\/2023\/04\/Screenshot_20230430-124156_Yahoo-Mail.jpg","datePublished":"2023-04-30T15:45:20+00:00","dateModified":"2023-04-30T15:45:22+00:00","breadcrumb":{"@id":"https:\/\/diarioprincipios.com\/index.php\/2023\/04\/30\/mas-bicicletas-para-los-ninos-de-avellaneda\/#breadcrumb"},"inLanguage":"es","potentialAction":[{"@type":"ReadAction","target":["https:\/\/diarioprincipios.com\/index.php\/2023\/04\/30\/mas-bicicletas-para-los-ninos-de-avellaneda\/"]}]},{"@type":"ImageObject","inLanguage":"es","@id":"https:\/\/diarioprincipios.com\/index.php\/2023\/04\/30\/mas-bicicletas-para-los-ninos-de-avellaneda\/#primaryimage","url":"https:\/\/diarioprincipios.com\/wp-content\/uploads\/2023\/04\/Screenshot_20230430-124156_Yahoo-Mail.jpg","contentUrl":"https:\/\/diarioprincipios.com\/wp-content\/uploads\/2023\/04\/Screenshot_20230430-124156_Yahoo-Mail.jpg","width":1080,"height":610},{"@type":"BreadcrumbList","@id":"https:\/\/diarioprincipios.com\/index.php\/2023\/04\/30\/mas-bicicletas-para-los-ninos-de-avellaneda\/#breadcrumb","itemListElement":[{"@type":"ListItem","position":1,"name":"Portada","item":"https:\/\/diarioprincipios.com\/"},{"@type":"ListItem","position":2,"name":"M\u00e1s bicicletas para los ni\u00f1os de Avellaneda"}]},{"@type":"WebSite","@id":"https:\/\/diarioprincipios.com\/#website","url":"https:\/\/diarioprincipios.com\/","name":"Principios","description":"Principios Diario","publisher":{"@id":"https:\/\/diarioprincipios.com\/#organization"},"potentialAction":[{"@type":"SearchAction","target":{"@type":"EntryPoint","urlTemplate":"https:\/\/diarioprincipios.com\/?s={search_term_string}"},"query-input":{"@type":"PropertyValueSpecification","valueRequired":true,"valueName":"search_term_string"}}],"inLanguage":"es"},{"@type":"Organization","@id":"https:\/\/diarioprincipios.com\/#organization","name":"Principios","url":"https:\/\/diarioprincipios.com\/","logo":{"@type":"ImageObject","inLanguage":"es","@id":"https:\/\/diarioprincipios.com\/#\/schema\/logo\/image\/","url":"https:\/\/diarioprincipios.com\/wp-content\/uploads\/2024\/04\/cropped-www.diarioprincipios.com_-1.png","contentUrl":"https:\/\/diarioprincipios.com\/wp-content\/uploads\/2024\/04\/cropped-www.diarioprincipios.com_-1.png","width":5325,"height":1454,"caption":"Principios"},"image":{"@id":"https:\/\/diarioprincipios.com\/#\/schema\/logo\/image\/"}},{"@type":"Person","@id":"https:\/\/diarioprincipios.com\/#\/schema\/person\/436d5a1fd41a5e250e23ff5a6a7cb080","name":"Hern\u00e1n L\u00f3pez","image":{"@type":"ImageObject","inLanguage":"es","@id":"https:\/\/diarioprincipios.com\/wp-content\/litespeed\/avatar\/11ddfe5610ff3bd100522525b2571f48.jpg?ver=1777048341","url":"https:\/\/diarioprincipios.com\/wp-content\/litespeed\/avatar\/11ddfe5610ff3bd100522525b2571f48.jpg?ver=1777048341","contentUrl":"https:\/\/diarioprincipios.com\/wp-content\/litespeed\/avatar\/11ddfe5610ff3bd100522525b2571f48.jpg?ver=1777048341","caption":"Hern\u00e1n L\u00f3pez"},"url":"https:\/\/diarioprincipios.com\/index.php\/author\/hernan\/"}]}},"jetpack_featured_media_url":"https:\/\/diarioprincipios.com\/wp-content\/uploads\/2023\/04\/Screenshot_20230430-124156_Yahoo-Mail.jpg","_links":{"self":[{"href":"https:\/\/diarioprincipios.com\/index.php\/wp-json\/wp\/v2\/posts\/16799","targetHints":{"allow":["GET"]}}],"collection":[{"href":"https:\/\/diarioprincipios.com\/index.php\/wp-json\/wp\/v2\/posts"}],"about":[{"href":"https:\/\/diarioprincipios.com\/index.php\/wp-json\/wp\/v2\/types\/post"}],"author":[{"embeddable":true,"href":"https:\/\/diarioprincipios.com\/index.php\/wp-json\/wp\/v2\/users\/2"}],"replies":[{"embeddable":true,"href":"https:\/\/diarioprincipios.com\/index.php\/wp-json\/wp\/v2\/comments?post=16799"}],"version-history":[{"count":1,"href":"https:\/\/diarioprincipios.com\/index.php\/wp-json\/wp\/v2\/posts\/16799\/revisions"}],"predecessor-version":[{"id":16802,"href":"https:\/\/diarioprincipios.com\/index.php\/wp-json\/wp\/v2\/posts\/16799\/revisions\/16802"}],"wp:featuredmedia":[{"embeddable":true,"href":"https:\/\/diarioprincipios.com\/index.php\/wp-json\/wp\/v2\/media\/16801"}],"wp:attachment":[{"href":"https:\/\/diarioprincipios.com\/index.php\/wp-json\/wp\/v2\/media?parent=16799"}],"wp:term":[{"taxonomy":"category","embeddable":true,"href":"https:\/\/diarioprincipios.com\/index.php\/wp-json\/wp\/v2\/categories?post=16799"},{"taxonomy":"post_tag","embeddable":true,"href":"https:\/\/diarioprincipios.com\/index.php\/wp-json\/wp\/v2\/tags?post=16799"}],"curies":[{"name":"wp","href":"https:\/\/api.w.org\/{rel}","templated":true}]}}