{"id":16780,"date":"2023-04-28T10:44:12","date_gmt":"2023-04-28T13:44:12","guid":{"rendered":"http:\/\/diarioprincipios.com\/?p=16780"},"modified":"2023-04-28T13:07:43","modified_gmt":"2023-04-28T16:07:43","slug":"se-lanzo-el-programa-provincial-co-responsables","status":"publish","type":"post","link":"https:\/\/diarioprincipios.com\/index.php\/2023\/04\/28\/se-lanzo-el-programa-provincial-co-responsables\/","title":{"rendered":"Se lanz\u00f3 el Programa Provincial Co-Responsables"},"content":{"rendered":"\n<p><strong>En el marco del lanzamiento del Programa Provincial Co-Responsables-Cuidados para la Igualdad en Berazategui, se entregaron kits de lactarios y juegotecas a Cooperativas y Clubes de barrio de diferentes ciudades. El acto fue encabezado por el intendente Juan Jos\u00e9 Mussi; junto a la ministra de las Mujeres, Pol\u00edticas de G\u00e9nero y Diversidad Sexual de la Provincia, Estela D\u00edaz. De esta manera, tres instituciones berazateguenses recibieron elementos: las Cooperativas Hormigas Podadoras; Jirones de Mi Vida y Empezar de Nuevo.<\/strong><\/p>\n\n\n\n<p>Desde la Direcci\u00f3n de Pol\u00edticas de Trabajo y Cuidados para la Igualdad se decidi\u00f3 poner en marcha esta pol\u00edtica p\u00fablica que contribuye a la promoci\u00f3n de la igualdad y al reconocimiento, la visibilizaci\u00f3n y el abordaje integral de los trabajos de cuidado, a partir de la puesta en discusi\u00f3n de su organizaci\u00f3n social. De esta manera, el encuentro comenz\u00f3 con una capacitaci\u00f3n para el personal encargado de la entrega de kits personales de lactancia, a cargo de Luc\u00eda Cirmi, subsecretaria de Pol\u00edticas de Igualdad del Ministerio de las Mujeres, G\u00e9neros y Diversidad de la Naci\u00f3n.<\/p>\n\n\n\n<figure class=\"wp-block-image size-large\"><img loading=\"lazy\" decoding=\"async\" width=\"1024\" height=\"682\" src=\"https:\/\/diarioprincipios.com\/wp-content\/uploads\/2023\/04\/SE-LANZO-EL-PROGRAMA-PROVINCIAL-CO-RESPONSABLES-PARA-GENERAR-Y-FORTALECER-ESPACIOS-DE-CUIDADO-1024x682.jpg\" alt=\"\" class=\"wp-image-16781\" srcset=\"https:\/\/diarioprincipios.com\/wp-content\/uploads\/2023\/04\/SE-LANZO-EL-PROGRAMA-PROVINCIAL-CO-RESPONSABLES-PARA-GENERAR-Y-FORTALECER-ESPACIOS-DE-CUIDADO-1024x682.jpg 1024w, https:\/\/diarioprincipios.com\/wp-content\/uploads\/2023\/04\/SE-LANZO-EL-PROGRAMA-PROVINCIAL-CO-RESPONSABLES-PARA-GENERAR-Y-FORTALECER-ESPACIOS-DE-CUIDADO-300x200.jpg 300w, https:\/\/diarioprincipios.com\/wp-content\/uploads\/2023\/04\/SE-LANZO-EL-PROGRAMA-PROVINCIAL-CO-RESPONSABLES-PARA-GENERAR-Y-FORTALECER-ESPACIOS-DE-CUIDADO-768x512.jpg 768w, https:\/\/diarioprincipios.com\/wp-content\/uploads\/2023\/04\/SE-LANZO-EL-PROGRAMA-PROVINCIAL-CO-RESPONSABLES-PARA-GENERAR-Y-FORTALECER-ESPACIOS-DE-CUIDADO-1536x1023.jpg 1536w, https:\/\/diarioprincipios.com\/wp-content\/uploads\/2023\/04\/SE-LANZO-EL-PROGRAMA-PROVINCIAL-CO-RESPONSABLES-PARA-GENERAR-Y-FORTALECER-ESPACIOS-DE-CUIDADO.jpg 1600w\" sizes=\"auto, (max-width: 1024px) 100vw, 1024px\" \/><\/figure>\n\n\n\n<p>\u201cAgradezco que hayan elegido a Berazategui para el lanzamiento de este programa. Vivimos en una sociedad machista hasta que vino quien tuvo que ver much\u00edsimo con el rol de las mujeres en Argentina, nuestra compa\u00f1era Eva Per\u00f3n. La mujer empez\u00f3 a tener el rol que deb\u00eda tener en la sociedad, pero que no le hab\u00edan otorgado, y a partir de ah\u00ed creci\u00f3 m\u00e1s todav\u00eda. La mujer trabaja y lo hace con una responsabilidad enorme\u201d, destac\u00f3 el Dr. Mussi.<\/p>\n\n\n\n<p>Asimismo, afirm\u00f3: \u201cTodo necesita un correlato desde el Estado. Por eso, bienvenido sea el Programa, que asume esta responsabilidad. No podemos estar ausentes; tenemos la obligaci\u00f3n de responder, de generar hechos, porque contemplamos esta realidad. Los Programas deben continuarse. No olvidemos que hubo gente en Argentina que los interrumpi\u00f3. Hay que tener memoria para generar justicia social. Luchemos para que estas cosas no se pierdan. Agradezco a la Intendenta de Merlo, a las compa\u00f1eras, al compa\u00f1ero Intendente de Navarro y -fundamentalmente- a la Ministra. Por haber elegido Berazategui, nos honra, porque queremos ayudar desde ac\u00e1, que estas cosas sigan. El cuidado de las personas le pone el sello a nuestra ideolog\u00eda pol\u00edtica\u201d.<\/p>\n\n\n\n<figure class=\"wp-block-image size-large\"><img loading=\"lazy\" decoding=\"async\" width=\"1024\" height=\"682\" src=\"https:\/\/diarioprincipios.com\/wp-content\/uploads\/2023\/04\/SE-LANZO-EL-PROGRAMA-PROVINCIAL-CO-RESPONSABLES-PARA-GENERAR-Y-FORTALECER-ESPACIOS-DE-CUIDADO1-1024x682.jpg\" alt=\"\" class=\"wp-image-16782\" srcset=\"https:\/\/diarioprincipios.com\/wp-content\/uploads\/2023\/04\/SE-LANZO-EL-PROGRAMA-PROVINCIAL-CO-RESPONSABLES-PARA-GENERAR-Y-FORTALECER-ESPACIOS-DE-CUIDADO1-1024x682.jpg 1024w, https:\/\/diarioprincipios.com\/wp-content\/uploads\/2023\/04\/SE-LANZO-EL-PROGRAMA-PROVINCIAL-CO-RESPONSABLES-PARA-GENERAR-Y-FORTALECER-ESPACIOS-DE-CUIDADO1-300x200.jpg 300w, https:\/\/diarioprincipios.com\/wp-content\/uploads\/2023\/04\/SE-LANZO-EL-PROGRAMA-PROVINCIAL-CO-RESPONSABLES-PARA-GENERAR-Y-FORTALECER-ESPACIOS-DE-CUIDADO1-768x512.jpg 768w, https:\/\/diarioprincipios.com\/wp-content\/uploads\/2023\/04\/SE-LANZO-EL-PROGRAMA-PROVINCIAL-CO-RESPONSABLES-PARA-GENERAR-Y-FORTALECER-ESPACIOS-DE-CUIDADO1-1536x1023.jpg 1536w, https:\/\/diarioprincipios.com\/wp-content\/uploads\/2023\/04\/SE-LANZO-EL-PROGRAMA-PROVINCIAL-CO-RESPONSABLES-PARA-GENERAR-Y-FORTALECER-ESPACIOS-DE-CUIDADO1.jpg 1600w\" sizes=\"auto, (max-width: 1024px) 100vw, 1024px\" \/><\/figure>\n\n\n\n<p>Por su parte, Estela D\u00edaz expres\u00f3: \u201cEl compromiso del gobierno bonaerense es que el conjunto de la pol\u00edtica lleve adelante una perspectiva de g\u00e9nero. Por eso articulamos los programas con los ministerios, los municipios, el \u00e1rea de Salud. Donde hay una necesidad, hay un derecho. Y nosotras, con este Programa, estamos diciendo que tenemos la convicci\u00f3n de que debe garantizarse con pol\u00edtica, gesti\u00f3n y acceso para todas las mayor\u00edas, sea en el club, en la cooperativa o en la escuela\u201d.<\/p>\n\n\n\n<p>Y asegur\u00f3: \u201cEste programa no solo garantiza lo que es el lactario en el lugar donde estemos desarrollando la tarea laboral o social, sino tambi\u00e9n un ejercicio de solidaridad, porque las mujeres van a donar su excedente de leche para otros beb\u00e9s. Adem\u00e1s de cuidado, compromiso, Estado presente, organizaci\u00f3n comunitaria y social: solidaridad\u201d.<\/p>\n\n\n\n<p>El Programa Co-Responsables se lanz\u00f3 en Berazategui a trav\u00e9s de la articulaci\u00f3n con la Subsecretar\u00eda municipal de Mujeres, G\u00e9nero y Diversidades, a cargo de Salome Pereyra. Tiene como fin generar y fortalecer espacios de cuidado, a trav\u00e9s de capacitaciones sobre corresponsabilidad del trabajo de cuidados, formaci\u00f3n certificada en tareas de cuidados y la entrega de equipamiento de kits para juegotecas y lactarios en cooperativas y clubes de barrio. Se propone sensibilizar, desde una perspectiva social del cuidado, a la poblaci\u00f3n de la provincia de Buenos Aires, brindar formaci\u00f3n sobre corresponsabilidad del trabajo de cuidado y promover la formaci\u00f3n certificada de trabajadoras y trabajadores del cuidado.<\/p>\n\n\n\n<p>Asistieron al acto: Claudia Lazzaro, directora de Pol\u00edticas de Trabajo y Cuidados para Igualdad; y Luc\u00eda Portos, subsecretaria de Pol\u00edticas de G\u00e9nero y Diversidad, del Ministerio de las Mujeres, Pol\u00edticas de G\u00e9nero y Diversidad Sexual de la Provincia; la subgerenta de Pol\u00edticas de G\u00e9nero, Diversidad Sexual y Disidencias de PAMI, Adriana Herrero; los intendentes de Merlo, Karina Men\u00e9ndez; y de Navarro, Facundo Diz; representantes de las 11 instituciones beneficiarias, integrantes del Gabinete municipal y concejales locales.<\/p>\n","protected":false},"excerpt":{"rendered":"<p>En el marco del lanzamiento del Programa Provincial Co-Responsables-Cuidados para la Igualdad en Berazategui, se entregaron kits de lactarios y juegotecas a Cooperativas y Clubes de barrio de diferentes ciudades. El acto fue encabezado por el intendente Juan Jos\u00e9 Mussi; junto a la ministra de las Mujeres, Pol\u00edticas de G\u00e9nero y Diversidad Sexual de la&#8230;<\/p>\n","protected":false},"author":2,"featured_media":16783,"comment_status":"open","ping_status":"open","sticky":false,"template":"","format":"standard","meta":{"footnotes":""},"categories":[3],"tags":[],"class_list":["post-16780","post","type-post","status-publish","format-standard","has-post-thumbnail","hentry","category-berazategui"],"featured_image_src":"https:\/\/diarioprincipios.com\/wp-content\/uploads\/2023\/04\/SE-LANZO-EL-PROGRAMA-PROVINCIAL-CO-RESPONSABLES-PARA-GENERAR-Y-FORTALECER-ESPACIOS-DE-CUIDADO2-1024x682.jpg","blog_images":{"medium":"https:\/\/diarioprincipios.com\/wp-content\/uploads\/2023\/04\/SE-LANZO-EL-PROGRAMA-PROVINCIAL-CO-RESPONSABLES-PARA-GENERAR-Y-FORTALECER-ESPACIOS-DE-CUIDADO2-300x200.jpg","large":"https:\/\/diarioprincipios.com\/wp-content\/uploads\/2023\/04\/SE-LANZO-EL-PROGRAMA-PROVINCIAL-CO-RESPONSABLES-PARA-GENERAR-Y-FORTALECER-ESPACIOS-DE-CUIDADO2-1024x682.jpg"},"ams_acf":[],"yoast_head":"<!-- This site is optimized with the Yoast SEO plugin v27.3 - https:\/\/yoast.com\/product\/yoast-seo-wordpress\/ -->\n<title>Se lanz\u00f3 el Programa Provincial Co-Responsables - Principios<\/title>\n<meta name=\"robots\" content=\"index, follow, max-snippet:-1, max-image-preview:large, max-video-preview:-1\" \/>\n<link rel=\"canonical\" href=\"https:\/\/diarioprincipios.com\/index.php\/2023\/04\/28\/se-lanzo-el-programa-provincial-co-responsables\/\" \/>\n<meta property=\"og:locale\" content=\"es_ES\" \/>\n<meta property=\"og:type\" content=\"article\" \/>\n<meta property=\"og:title\" content=\"Se lanz\u00f3 el Programa Provincial Co-Responsables - Principios\" \/>\n<meta property=\"og:description\" content=\"En el marco del lanzamiento del Programa Provincial Co-Responsables-Cuidados para la Igualdad en Berazategui, se entregaron kits de lactarios y juegotecas a Cooperativas y Clubes de barrio de diferentes ciudades. El acto fue encabezado por el intendente Juan Jos\u00e9 Mussi; junto a la ministra de las Mujeres, Pol\u00edticas de G\u00e9nero y Diversidad Sexual de la...\" \/>\n<meta property=\"og:url\" content=\"https:\/\/diarioprincipios.com\/index.php\/2023\/04\/28\/se-lanzo-el-programa-provincial-co-responsables\/\" \/>\n<meta property=\"og:site_name\" content=\"Principios\" \/>\n<meta property=\"article:published_time\" content=\"2023-04-28T13:44:12+00:00\" \/>\n<meta property=\"article:modified_time\" content=\"2023-04-28T16:07:43+00:00\" \/>\n<meta property=\"og:image\" content=\"https:\/\/diarioprincipios.com\/wp-content\/uploads\/2023\/04\/SE-LANZO-EL-PROGRAMA-PROVINCIAL-CO-RESPONSABLES-PARA-GENERAR-Y-FORTALECER-ESPACIOS-DE-CUIDADO2.jpg\" \/>\n\t<meta property=\"og:image:width\" content=\"1600\" \/>\n\t<meta property=\"og:image:height\" content=\"1066\" \/>\n\t<meta property=\"og:image:type\" content=\"image\/jpeg\" \/>\n<meta name=\"author\" content=\"Hern\u00e1n L\u00f3pez\" \/>\n<meta name=\"twitter:card\" content=\"summary_large_image\" \/>\n<meta name=\"twitter:label1\" content=\"Escrito por\" \/>\n\t<meta name=\"twitter:data1\" content=\"Hern\u00e1n L\u00f3pez\" \/>\n\t<meta name=\"twitter:label2\" content=\"Tiempo de lectura\" \/>\n\t<meta name=\"twitter:data2\" content=\"4 minutos\" \/>\n<script type=\"application\/ld+json\" class=\"yoast-schema-graph\">{\"@context\":\"https:\\\/\\\/schema.org\",\"@graph\":[{\"@type\":\"Article\",\"@id\":\"https:\\\/\\\/diarioprincipios.com\\\/index.php\\\/2023\\\/04\\\/28\\\/se-lanzo-el-programa-provincial-co-responsables\\\/#article\",\"isPartOf\":{\"@id\":\"https:\\\/\\\/diarioprincipios.com\\\/index.php\\\/2023\\\/04\\\/28\\\/se-lanzo-el-programa-provincial-co-responsables\\\/\"},\"author\":{\"name\":\"Hern\u00e1n L\u00f3pez\",\"@id\":\"https:\\\/\\\/diarioprincipios.com\\\/#\\\/schema\\\/person\\\/436d5a1fd41a5e250e23ff5a6a7cb080\"},\"headline\":\"Se lanz\u00f3 el Programa Provincial Co-Responsables\",\"datePublished\":\"2023-04-28T13:44:12+00:00\",\"dateModified\":\"2023-04-28T16:07:43+00:00\",\"mainEntityOfPage\":{\"@id\":\"https:\\\/\\\/diarioprincipios.com\\\/index.php\\\/2023\\\/04\\\/28\\\/se-lanzo-el-programa-provincial-co-responsables\\\/\"},\"wordCount\":739,\"commentCount\":0,\"publisher\":{\"@id\":\"https:\\\/\\\/diarioprincipios.com\\\/#organization\"},\"image\":{\"@id\":\"https:\\\/\\\/diarioprincipios.com\\\/index.php\\\/2023\\\/04\\\/28\\\/se-lanzo-el-programa-provincial-co-responsables\\\/#primaryimage\"},\"thumbnailUrl\":\"https:\\\/\\\/diarioprincipios.com\\\/wp-content\\\/uploads\\\/2023\\\/04\\\/SE-LANZO-EL-PROGRAMA-PROVINCIAL-CO-RESPONSABLES-PARA-GENERAR-Y-FORTALECER-ESPACIOS-DE-CUIDADO2.jpg\",\"articleSection\":[\"Berazategui\"],\"inLanguage\":\"es\",\"potentialAction\":[{\"@type\":\"CommentAction\",\"name\":\"Comment\",\"target\":[\"https:\\\/\\\/diarioprincipios.com\\\/index.php\\\/2023\\\/04\\\/28\\\/se-lanzo-el-programa-provincial-co-responsables\\\/#respond\"]}]},{\"@type\":\"WebPage\",\"@id\":\"https:\\\/\\\/diarioprincipios.com\\\/index.php\\\/2023\\\/04\\\/28\\\/se-lanzo-el-programa-provincial-co-responsables\\\/\",\"url\":\"https:\\\/\\\/diarioprincipios.com\\\/index.php\\\/2023\\\/04\\\/28\\\/se-lanzo-el-programa-provincial-co-responsables\\\/\",\"name\":\"Se lanz\u00f3 el Programa Provincial Co-Responsables - Principios\",\"isPartOf\":{\"@id\":\"https:\\\/\\\/diarioprincipios.com\\\/#website\"},\"primaryImageOfPage\":{\"@id\":\"https:\\\/\\\/diarioprincipios.com\\\/index.php\\\/2023\\\/04\\\/28\\\/se-lanzo-el-programa-provincial-co-responsables\\\/#primaryimage\"},\"image\":{\"@id\":\"https:\\\/\\\/diarioprincipios.com\\\/index.php\\\/2023\\\/04\\\/28\\\/se-lanzo-el-programa-provincial-co-responsables\\\/#primaryimage\"},\"thumbnailUrl\":\"https:\\\/\\\/diarioprincipios.com\\\/wp-content\\\/uploads\\\/2023\\\/04\\\/SE-LANZO-EL-PROGRAMA-PROVINCIAL-CO-RESPONSABLES-PARA-GENERAR-Y-FORTALECER-ESPACIOS-DE-CUIDADO2.jpg\",\"datePublished\":\"2023-04-28T13:44:12+00:00\",\"dateModified\":\"2023-04-28T16:07:43+00:00\",\"breadcrumb\":{\"@id\":\"https:\\\/\\\/diarioprincipios.com\\\/index.php\\\/2023\\\/04\\\/28\\\/se-lanzo-el-programa-provincial-co-responsables\\\/#breadcrumb\"},\"inLanguage\":\"es\",\"potentialAction\":[{\"@type\":\"ReadAction\",\"target\":[\"https:\\\/\\\/diarioprincipios.com\\\/index.php\\\/2023\\\/04\\\/28\\\/se-lanzo-el-programa-provincial-co-responsables\\\/\"]}]},{\"@type\":\"ImageObject\",\"inLanguage\":\"es\",\"@id\":\"https:\\\/\\\/diarioprincipios.com\\\/index.php\\\/2023\\\/04\\\/28\\\/se-lanzo-el-programa-provincial-co-responsables\\\/#primaryimage\",\"url\":\"https:\\\/\\\/diarioprincipios.com\\\/wp-content\\\/uploads\\\/2023\\\/04\\\/SE-LANZO-EL-PROGRAMA-PROVINCIAL-CO-RESPONSABLES-PARA-GENERAR-Y-FORTALECER-ESPACIOS-DE-CUIDADO2.jpg\",\"contentUrl\":\"https:\\\/\\\/diarioprincipios.com\\\/wp-content\\\/uploads\\\/2023\\\/04\\\/SE-LANZO-EL-PROGRAMA-PROVINCIAL-CO-RESPONSABLES-PARA-GENERAR-Y-FORTALECER-ESPACIOS-DE-CUIDADO2.jpg\",\"width\":1600,\"height\":1066},{\"@type\":\"BreadcrumbList\",\"@id\":\"https:\\\/\\\/diarioprincipios.com\\\/index.php\\\/2023\\\/04\\\/28\\\/se-lanzo-el-programa-provincial-co-responsables\\\/#breadcrumb\",\"itemListElement\":[{\"@type\":\"ListItem\",\"position\":1,\"name\":\"Portada\",\"item\":\"https:\\\/\\\/diarioprincipios.com\\\/\"},{\"@type\":\"ListItem\",\"position\":2,\"name\":\"Se lanz\u00f3 el Programa Provincial Co-Responsables\"}]},{\"@type\":\"WebSite\",\"@id\":\"https:\\\/\\\/diarioprincipios.com\\\/#website\",\"url\":\"https:\\\/\\\/diarioprincipios.com\\\/\",\"name\":\"Principios\",\"description\":\"Principios Diario\",\"publisher\":{\"@id\":\"https:\\\/\\\/diarioprincipios.com\\\/#organization\"},\"potentialAction\":[{\"@type\":\"SearchAction\",\"target\":{\"@type\":\"EntryPoint\",\"urlTemplate\":\"https:\\\/\\\/diarioprincipios.com\\\/?s={search_term_string}\"},\"query-input\":{\"@type\":\"PropertyValueSpecification\",\"valueRequired\":true,\"valueName\":\"search_term_string\"}}],\"inLanguage\":\"es\"},{\"@type\":\"Organization\",\"@id\":\"https:\\\/\\\/diarioprincipios.com\\\/#organization\",\"name\":\"Principios\",\"url\":\"https:\\\/\\\/diarioprincipios.com\\\/\",\"logo\":{\"@type\":\"ImageObject\",\"inLanguage\":\"es\",\"@id\":\"https:\\\/\\\/diarioprincipios.com\\\/#\\\/schema\\\/logo\\\/image\\\/\",\"url\":\"https:\\\/\\\/diarioprincipios.com\\\/wp-content\\\/uploads\\\/2024\\\/04\\\/cropped-www.diarioprincipios.com_-1.png\",\"contentUrl\":\"https:\\\/\\\/diarioprincipios.com\\\/wp-content\\\/uploads\\\/2024\\\/04\\\/cropped-www.diarioprincipios.com_-1.png\",\"width\":5325,\"height\":1454,\"caption\":\"Principios\"},\"image\":{\"@id\":\"https:\\\/\\\/diarioprincipios.com\\\/#\\\/schema\\\/logo\\\/image\\\/\"}},{\"@type\":\"Person\",\"@id\":\"https:\\\/\\\/diarioprincipios.com\\\/#\\\/schema\\\/person\\\/436d5a1fd41a5e250e23ff5a6a7cb080\",\"name\":\"Hern\u00e1n L\u00f3pez\",\"image\":{\"@type\":\"ImageObject\",\"inLanguage\":\"es\",\"@id\":\"https:\\\/\\\/diarioprincipios.com\\\/wp-content\\\/litespeed\\\/avatar\\\/11ddfe5610ff3bd100522525b2571f48.jpg?ver=1777048341\",\"url\":\"https:\\\/\\\/diarioprincipios.com\\\/wp-content\\\/litespeed\\\/avatar\\\/11ddfe5610ff3bd100522525b2571f48.jpg?ver=1777048341\",\"contentUrl\":\"https:\\\/\\\/diarioprincipios.com\\\/wp-content\\\/litespeed\\\/avatar\\\/11ddfe5610ff3bd100522525b2571f48.jpg?ver=1777048341\",\"caption\":\"Hern\u00e1n L\u00f3pez\"},\"url\":\"https:\\\/\\\/diarioprincipios.com\\\/index.php\\\/author\\\/hernan\\\/\"}]}<\/script>\n<!-- \/ Yoast SEO plugin. -->","yoast_head_json":{"title":"Se lanz\u00f3 el Programa Provincial Co-Responsables - Principios","robots":{"index":"index","follow":"follow","max-snippet":"max-snippet:-1","max-image-preview":"max-image-preview:large","max-video-preview":"max-video-preview:-1"},"canonical":"https:\/\/diarioprincipios.com\/index.php\/2023\/04\/28\/se-lanzo-el-programa-provincial-co-responsables\/","og_locale":"es_ES","og_type":"article","og_title":"Se lanz\u00f3 el Programa Provincial Co-Responsables - Principios","og_description":"En el marco del lanzamiento del Programa Provincial Co-Responsables-Cuidados para la Igualdad en Berazategui, se entregaron kits de lactarios y juegotecas a Cooperativas y Clubes de barrio de diferentes ciudades. El acto fue encabezado por el intendente Juan Jos\u00e9 Mussi; junto a la ministra de las Mujeres, Pol\u00edticas de G\u00e9nero y Diversidad Sexual de la...","og_url":"https:\/\/diarioprincipios.com\/index.php\/2023\/04\/28\/se-lanzo-el-programa-provincial-co-responsables\/","og_site_name":"Principios","article_published_time":"2023-04-28T13:44:12+00:00","article_modified_time":"2023-04-28T16:07:43+00:00","og_image":[{"width":1600,"height":1066,"url":"https:\/\/diarioprincipios.com\/wp-content\/uploads\/2023\/04\/SE-LANZO-EL-PROGRAMA-PROVINCIAL-CO-RESPONSABLES-PARA-GENERAR-Y-FORTALECER-ESPACIOS-DE-CUIDADO2.jpg","type":"image\/jpeg"}],"author":"Hern\u00e1n L\u00f3pez","twitter_card":"summary_large_image","twitter_misc":{"Escrito por":"Hern\u00e1n L\u00f3pez","Tiempo de lectura":"4 minutos"},"schema":{"@context":"https:\/\/schema.org","@graph":[{"@type":"Article","@id":"https:\/\/diarioprincipios.com\/index.php\/2023\/04\/28\/se-lanzo-el-programa-provincial-co-responsables\/#article","isPartOf":{"@id":"https:\/\/diarioprincipios.com\/index.php\/2023\/04\/28\/se-lanzo-el-programa-provincial-co-responsables\/"},"author":{"name":"Hern\u00e1n L\u00f3pez","@id":"https:\/\/diarioprincipios.com\/#\/schema\/person\/436d5a1fd41a5e250e23ff5a6a7cb080"},"headline":"Se lanz\u00f3 el Programa Provincial Co-Responsables","datePublished":"2023-04-28T13:44:12+00:00","dateModified":"2023-04-28T16:07:43+00:00","mainEntityOfPage":{"@id":"https:\/\/diarioprincipios.com\/index.php\/2023\/04\/28\/se-lanzo-el-programa-provincial-co-responsables\/"},"wordCount":739,"commentCount":0,"publisher":{"@id":"https:\/\/diarioprincipios.com\/#organization"},"image":{"@id":"https:\/\/diarioprincipios.com\/index.php\/2023\/04\/28\/se-lanzo-el-programa-provincial-co-responsables\/#primaryimage"},"thumbnailUrl":"https:\/\/diarioprincipios.com\/wp-content\/uploads\/2023\/04\/SE-LANZO-EL-PROGRAMA-PROVINCIAL-CO-RESPONSABLES-PARA-GENERAR-Y-FORTALECER-ESPACIOS-DE-CUIDADO2.jpg","articleSection":["Berazategui"],"inLanguage":"es","potentialAction":[{"@type":"CommentAction","name":"Comment","target":["https:\/\/diarioprincipios.com\/index.php\/2023\/04\/28\/se-lanzo-el-programa-provincial-co-responsables\/#respond"]}]},{"@type":"WebPage","@id":"https:\/\/diarioprincipios.com\/index.php\/2023\/04\/28\/se-lanzo-el-programa-provincial-co-responsables\/","url":"https:\/\/diarioprincipios.com\/index.php\/2023\/04\/28\/se-lanzo-el-programa-provincial-co-responsables\/","name":"Se lanz\u00f3 el Programa Provincial Co-Responsables - Principios","isPartOf":{"@id":"https:\/\/diarioprincipios.com\/#website"},"primaryImageOfPage":{"@id":"https:\/\/diarioprincipios.com\/index.php\/2023\/04\/28\/se-lanzo-el-programa-provincial-co-responsables\/#primaryimage"},"image":{"@id":"https:\/\/diarioprincipios.com\/index.php\/2023\/04\/28\/se-lanzo-el-programa-provincial-co-responsables\/#primaryimage"},"thumbnailUrl":"https:\/\/diarioprincipios.com\/wp-content\/uploads\/2023\/04\/SE-LANZO-EL-PROGRAMA-PROVINCIAL-CO-RESPONSABLES-PARA-GENERAR-Y-FORTALECER-ESPACIOS-DE-CUIDADO2.jpg","datePublished":"2023-04-28T13:44:12+00:00","dateModified":"2023-04-28T16:07:43+00:00","breadcrumb":{"@id":"https:\/\/diarioprincipios.com\/index.php\/2023\/04\/28\/se-lanzo-el-programa-provincial-co-responsables\/#breadcrumb"},"inLanguage":"es","potentialAction":[{"@type":"ReadAction","target":["https:\/\/diarioprincipios.com\/index.php\/2023\/04\/28\/se-lanzo-el-programa-provincial-co-responsables\/"]}]},{"@type":"ImageObject","inLanguage":"es","@id":"https:\/\/diarioprincipios.com\/index.php\/2023\/04\/28\/se-lanzo-el-programa-provincial-co-responsables\/#primaryimage","url":"https:\/\/diarioprincipios.com\/wp-content\/uploads\/2023\/04\/SE-LANZO-EL-PROGRAMA-PROVINCIAL-CO-RESPONSABLES-PARA-GENERAR-Y-FORTALECER-ESPACIOS-DE-CUIDADO2.jpg","contentUrl":"https:\/\/diarioprincipios.com\/wp-content\/uploads\/2023\/04\/SE-LANZO-EL-PROGRAMA-PROVINCIAL-CO-RESPONSABLES-PARA-GENERAR-Y-FORTALECER-ESPACIOS-DE-CUIDADO2.jpg","width":1600,"height":1066},{"@type":"BreadcrumbList","@id":"https:\/\/diarioprincipios.com\/index.php\/2023\/04\/28\/se-lanzo-el-programa-provincial-co-responsables\/#breadcrumb","itemListElement":[{"@type":"ListItem","position":1,"name":"Portada","item":"https:\/\/diarioprincipios.com\/"},{"@type":"ListItem","position":2,"name":"Se lanz\u00f3 el Programa Provincial Co-Responsables"}]},{"@type":"WebSite","@id":"https:\/\/diarioprincipios.com\/#website","url":"https:\/\/diarioprincipios.com\/","name":"Principios","description":"Principios Diario","publisher":{"@id":"https:\/\/diarioprincipios.com\/#organization"},"potentialAction":[{"@type":"SearchAction","target":{"@type":"EntryPoint","urlTemplate":"https:\/\/diarioprincipios.com\/?s={search_term_string}"},"query-input":{"@type":"PropertyValueSpecification","valueRequired":true,"valueName":"search_term_string"}}],"inLanguage":"es"},{"@type":"Organization","@id":"https:\/\/diarioprincipios.com\/#organization","name":"Principios","url":"https:\/\/diarioprincipios.com\/","logo":{"@type":"ImageObject","inLanguage":"es","@id":"https:\/\/diarioprincipios.com\/#\/schema\/logo\/image\/","url":"https:\/\/diarioprincipios.com\/wp-content\/uploads\/2024\/04\/cropped-www.diarioprincipios.com_-1.png","contentUrl":"https:\/\/diarioprincipios.com\/wp-content\/uploads\/2024\/04\/cropped-www.diarioprincipios.com_-1.png","width":5325,"height":1454,"caption":"Principios"},"image":{"@id":"https:\/\/diarioprincipios.com\/#\/schema\/logo\/image\/"}},{"@type":"Person","@id":"https:\/\/diarioprincipios.com\/#\/schema\/person\/436d5a1fd41a5e250e23ff5a6a7cb080","name":"Hern\u00e1n L\u00f3pez","image":{"@type":"ImageObject","inLanguage":"es","@id":"https:\/\/diarioprincipios.com\/wp-content\/litespeed\/avatar\/11ddfe5610ff3bd100522525b2571f48.jpg?ver=1777048341","url":"https:\/\/diarioprincipios.com\/wp-content\/litespeed\/avatar\/11ddfe5610ff3bd100522525b2571f48.jpg?ver=1777048341","contentUrl":"https:\/\/diarioprincipios.com\/wp-content\/litespeed\/avatar\/11ddfe5610ff3bd100522525b2571f48.jpg?ver=1777048341","caption":"Hern\u00e1n L\u00f3pez"},"url":"https:\/\/diarioprincipios.com\/index.php\/author\/hernan\/"}]}},"jetpack_featured_media_url":"https:\/\/diarioprincipios.com\/wp-content\/uploads\/2023\/04\/SE-LANZO-EL-PROGRAMA-PROVINCIAL-CO-RESPONSABLES-PARA-GENERAR-Y-FORTALECER-ESPACIOS-DE-CUIDADO2.jpg","_links":{"self":[{"href":"https:\/\/diarioprincipios.com\/index.php\/wp-json\/wp\/v2\/posts\/16780","targetHints":{"allow":["GET"]}}],"collection":[{"href":"https:\/\/diarioprincipios.com\/index.php\/wp-json\/wp\/v2\/posts"}],"about":[{"href":"https:\/\/diarioprincipios.com\/index.php\/wp-json\/wp\/v2\/types\/post"}],"author":[{"embeddable":true,"href":"https:\/\/diarioprincipios.com\/index.php\/wp-json\/wp\/v2\/users\/2"}],"replies":[{"embeddable":true,"href":"https:\/\/diarioprincipios.com\/index.php\/wp-json\/wp\/v2\/comments?post=16780"}],"version-history":[{"count":1,"href":"https:\/\/diarioprincipios.com\/index.php\/wp-json\/wp\/v2\/posts\/16780\/revisions"}],"predecessor-version":[{"id":16784,"href":"https:\/\/diarioprincipios.com\/index.php\/wp-json\/wp\/v2\/posts\/16780\/revisions\/16784"}],"wp:featuredmedia":[{"embeddable":true,"href":"https:\/\/diarioprincipios.com\/index.php\/wp-json\/wp\/v2\/media\/16783"}],"wp:attachment":[{"href":"https:\/\/diarioprincipios.com\/index.php\/wp-json\/wp\/v2\/media?parent=16780"}],"wp:term":[{"taxonomy":"category","embeddable":true,"href":"https:\/\/diarioprincipios.com\/index.php\/wp-json\/wp\/v2\/categories?post=16780"},{"taxonomy":"post_tag","embeddable":true,"href":"https:\/\/diarioprincipios.com\/index.php\/wp-json\/wp\/v2\/tags?post=16780"}],"curies":[{"name":"wp","href":"https:\/\/api.w.org\/{rel}","templated":true}]}}