{"id":16775,"date":"2023-04-28T10:05:54","date_gmt":"2023-04-28T13:05:54","guid":{"rendered":"http:\/\/diarioprincipios.com\/?p=16775"},"modified":"2023-04-28T13:07:38","modified_gmt":"2023-04-28T16:07:38","slug":"se-realizo-una-jornada-de-salud-integral-en-pereyra","status":"publish","type":"post","link":"https:\/\/diarioprincipios.com\/index.php\/2023\/04\/28\/se-realizo-una-jornada-de-salud-integral-en-pereyra\/","title":{"rendered":"Se realiz\u00f3 una Jornada de Salud Integral en Pereyra"},"content":{"rendered":"\n<p><strong>Se brind\u00f3 asistencia sanitaria a la comunidad escolar rural\u00a0y sus familias\u00a0de la localidad de Pereyra, dentro de una Jornada de Salud Integral organizada por los Gobiernos nacional, provincial y municipal. De esta manera, se acercaron servicios de atenci\u00f3n primaria al Jard\u00edn de Infantes N\u00b0 936, a la Primaria N\u00b0 19 y a la Escuela Agraria N\u00b0 1.<\/strong><\/p>\n\n\n\n<p>La Municipalidad de Berazategui &#8211; a cargo del intendente Juan Jos\u00e9 Mussi-, a trav\u00e9s de la Secretar\u00eda de Salud P\u00fablica e Higiene, brind\u00f3 asistencia en las especialidades: cl\u00ednica, pedi\u00e1trica, adultos, medicina general, reumatolog\u00eda y obstetricia; detecci\u00f3n de factores de riesgo cardiovascular; firma de Libretas AUH; testeo r\u00e1pido para VIH- S\u00edfilis; y consejer\u00eda en Alimentaci\u00f3n Saludable y Salud Sexual y Reproductiva. Tambi\u00e9n se acerc\u00f3 a la comunidad la atenci\u00f3n de la Red Comunitaria de Salud Mental; Sedronar; de las Redes de Fonoaudiolog\u00eda y de Odontolog\u00eda. Se efectu\u00f3 la vacunaci\u00f3n de Calendario Nacional, antigripal y contra el Covid-19; se capacit\u00f3 en RCP y uso de DEA; y se entregaron medicamentos y leche.<\/p>\n\n\n\n<figure class=\"wp-block-image size-large\"><img loading=\"lazy\" decoding=\"async\" width=\"1024\" height=\"683\" src=\"https:\/\/diarioprincipios.com\/wp-content\/uploads\/2023\/04\/SE-REALIZO-UNA-JORNADA-DE-SALUD-INTEGRAL-EN-PEREYRA-4-1024x683.jpg\" alt=\"\" class=\"wp-image-16776\" srcset=\"https:\/\/diarioprincipios.com\/wp-content\/uploads\/2023\/04\/SE-REALIZO-UNA-JORNADA-DE-SALUD-INTEGRAL-EN-PEREYRA-4-1024x683.jpg 1024w, https:\/\/diarioprincipios.com\/wp-content\/uploads\/2023\/04\/SE-REALIZO-UNA-JORNADA-DE-SALUD-INTEGRAL-EN-PEREYRA-4-300x200.jpg 300w, https:\/\/diarioprincipios.com\/wp-content\/uploads\/2023\/04\/SE-REALIZO-UNA-JORNADA-DE-SALUD-INTEGRAL-EN-PEREYRA-4-768x512.jpg 768w, https:\/\/diarioprincipios.com\/wp-content\/uploads\/2023\/04\/SE-REALIZO-UNA-JORNADA-DE-SALUD-INTEGRAL-EN-PEREYRA-4-1536x1024.jpg 1536w, https:\/\/diarioprincipios.com\/wp-content\/uploads\/2023\/04\/SE-REALIZO-UNA-JORNADA-DE-SALUD-INTEGRAL-EN-PEREYRA-4.jpg 1920w\" sizes=\"auto, (max-width: 1024px) 100vw, 1024px\" \/><\/figure>\n\n\n\n<p>Asimismo, la Red Oftalmol\u00f3gica municipal trabaj\u00f3 en la detecci\u00f3n de casos, tratamiento y derivaci\u00f3n, en conjunto con la Red Oftalmol\u00f3gica Territorial de la Direcci\u00f3n de Ni\u00f1ez y Adolescencia de la Provincia, con Optometr\u00eda y entrega de lentes del Programa \u00abVer para Aprender\u00bb.<\/p>\n\n\n\n<p>Roxana Farinelli, orientadora Educacional del Jard\u00edn de Infantes N\u00b0 936, destac\u00f3: \u201cEsta es una gran oportunidad para las familias y la comunidad, sobre todo para quienes trabajan en las quintas, porque aqu\u00ed tienen acceso a un mont\u00f3n de servicios. Esto es muy importante, hoy tenemos servicios de un mont\u00f3n de especialidades para las familias, algo s\u00faper necesario\u201d.<\/p>\n\n\n\n<p>Por su parte, Jennifer Robledo,\u00a0coordinadora provincial, afirm\u00f3: \u201cHoy llevamos adelante el operativo con varias actividades; contamos con la unidad sanitaria m\u00f3vil de Odontolog\u00eda, donde los chicos de 1\u00b0 a 6\u00b0 reciben un mini taller aula por sal\u00f3n y se hacen los controles; y con la unidad sanitaria de \u00b4Ver para Aprender\u00b4\u201d. De esta manera, el Ministerio de Salud de la Provincia brind\u00f3 servicios a trav\u00e9sde las Direcciones Provinciales de Salud Comunitaria; Ni\u00f1ez y Adolescencia; Salud Bucal; Organizaci\u00f3n Comunitaria\u00a0y Epidemiologia, Promoci\u00f3n y Prevenci\u00f3n de la Salud.\u00a0En tanto, los agentes del Ministerio de Desarrollo Social de la Naci\u00f3n, a trav\u00e9s de la Direcci\u00f3n de Dispositivos Territoriales M\u00f3viles, acercaron prestaciones del equipo de Fonoaudiolog\u00eda y Audiometr\u00eda, talleres de Salud Bucal y de Estimulaci\u00f3n del Lenguaje, entre otras.<\/p>\n\n\n\n<figure class=\"wp-block-image size-large\"><img loading=\"lazy\" decoding=\"async\" width=\"1024\" height=\"683\" src=\"https:\/\/diarioprincipios.com\/wp-content\/uploads\/2023\/04\/SE-REALIZO-UNA-JORNADA-DE-SALUD-INTEGRAL-EN-PEREYRA-2-1024x683.jpg\" alt=\"\" class=\"wp-image-16777\" srcset=\"https:\/\/diarioprincipios.com\/wp-content\/uploads\/2023\/04\/SE-REALIZO-UNA-JORNADA-DE-SALUD-INTEGRAL-EN-PEREYRA-2-1024x683.jpg 1024w, https:\/\/diarioprincipios.com\/wp-content\/uploads\/2023\/04\/SE-REALIZO-UNA-JORNADA-DE-SALUD-INTEGRAL-EN-PEREYRA-2-300x200.jpg 300w, https:\/\/diarioprincipios.com\/wp-content\/uploads\/2023\/04\/SE-REALIZO-UNA-JORNADA-DE-SALUD-INTEGRAL-EN-PEREYRA-2-768x512.jpg 768w, https:\/\/diarioprincipios.com\/wp-content\/uploads\/2023\/04\/SE-REALIZO-UNA-JORNADA-DE-SALUD-INTEGRAL-EN-PEREYRA-2-1536x1024.jpg 1536w, https:\/\/diarioprincipios.com\/wp-content\/uploads\/2023\/04\/SE-REALIZO-UNA-JORNADA-DE-SALUD-INTEGRAL-EN-PEREYRA-2.jpg 1920w\" sizes=\"auto, (max-width: 1024px) 100vw, 1024px\" \/><\/figure>\n\n\n\n<p>Tambi\u00e9n hubo espacios de sensibilizaci\u00f3n sobre la enfermedad de Chagas a trav\u00e9s del Programa Provincial de Chagas y los Institutos Dr. Mario Fatala Chaben y Anlis Malbran; adem\u00e1s de espacios de inscripciones al Registro Nacional Sanitario de Productores Agropecuarios&nbsp;(RENSPA) y al Registro Nacional de la Agricultura Familiar (RENAF).<\/p>\n","protected":false},"excerpt":{"rendered":"<p>Se brind\u00f3 asistencia sanitaria a la comunidad escolar rural\u00a0y sus familias\u00a0de la localidad de Pereyra, dentro de una Jornada de Salud Integral organizada por los Gobiernos nacional, provincial y municipal. De esta manera, se acercaron servicios de atenci\u00f3n primaria al Jard\u00edn de Infantes N\u00b0 936, a la Primaria N\u00b0 19 y a la Escuela Agraria&#8230;<\/p>\n","protected":false},"author":2,"featured_media":16778,"comment_status":"open","ping_status":"open","sticky":false,"template":"","format":"standard","meta":{"footnotes":""},"categories":[3],"tags":[],"class_list":["post-16775","post","type-post","status-publish","format-standard","has-post-thumbnail","hentry","category-berazategui"],"featured_image_src":"https:\/\/diarioprincipios.com\/wp-content\/uploads\/2023\/04\/SE-REALIZO-UNA-JORNADA-DE-SALUD-INTEGRAL-EN-PEREYRA-3-1024x683.jpg","blog_images":{"medium":"https:\/\/diarioprincipios.com\/wp-content\/uploads\/2023\/04\/SE-REALIZO-UNA-JORNADA-DE-SALUD-INTEGRAL-EN-PEREYRA-3-300x200.jpg","large":"https:\/\/diarioprincipios.com\/wp-content\/uploads\/2023\/04\/SE-REALIZO-UNA-JORNADA-DE-SALUD-INTEGRAL-EN-PEREYRA-3-1024x683.jpg"},"ams_acf":[],"yoast_head":"<!-- This site is optimized with the Yoast SEO plugin v27.3 - https:\/\/yoast.com\/product\/yoast-seo-wordpress\/ -->\n<title>Se realiz\u00f3 una Jornada de Salud Integral en Pereyra - Principios<\/title>\n<meta name=\"robots\" content=\"index, follow, max-snippet:-1, max-image-preview:large, max-video-preview:-1\" \/>\n<link rel=\"canonical\" href=\"https:\/\/diarioprincipios.com\/index.php\/2023\/04\/28\/se-realizo-una-jornada-de-salud-integral-en-pereyra\/\" \/>\n<meta property=\"og:locale\" content=\"es_ES\" \/>\n<meta property=\"og:type\" content=\"article\" \/>\n<meta property=\"og:title\" content=\"Se realiz\u00f3 una Jornada de Salud Integral en Pereyra - Principios\" \/>\n<meta property=\"og:description\" content=\"Se brind\u00f3 asistencia sanitaria a la comunidad escolar rural\u00a0y sus familias\u00a0de la localidad de Pereyra, dentro de una Jornada de Salud Integral organizada por los Gobiernos nacional, provincial y municipal. De esta manera, se acercaron servicios de atenci\u00f3n primaria al Jard\u00edn de Infantes N\u00b0 936, a la Primaria N\u00b0 19 y a la Escuela Agraria...\" \/>\n<meta property=\"og:url\" content=\"https:\/\/diarioprincipios.com\/index.php\/2023\/04\/28\/se-realizo-una-jornada-de-salud-integral-en-pereyra\/\" \/>\n<meta property=\"og:site_name\" content=\"Principios\" \/>\n<meta property=\"article:published_time\" content=\"2023-04-28T13:05:54+00:00\" \/>\n<meta property=\"article:modified_time\" content=\"2023-04-28T16:07:38+00:00\" \/>\n<meta property=\"og:image\" content=\"https:\/\/diarioprincipios.com\/wp-content\/uploads\/2023\/04\/SE-REALIZO-UNA-JORNADA-DE-SALUD-INTEGRAL-EN-PEREYRA-3.jpg\" \/>\n\t<meta property=\"og:image:width\" content=\"1920\" \/>\n\t<meta property=\"og:image:height\" content=\"1280\" \/>\n\t<meta property=\"og:image:type\" content=\"image\/jpeg\" \/>\n<meta name=\"author\" content=\"Hern\u00e1n L\u00f3pez\" \/>\n<meta name=\"twitter:card\" content=\"summary_large_image\" \/>\n<meta name=\"twitter:label1\" content=\"Escrito por\" \/>\n\t<meta name=\"twitter:data1\" content=\"Hern\u00e1n L\u00f3pez\" \/>\n\t<meta name=\"twitter:label2\" content=\"Tiempo de lectura\" \/>\n\t<meta name=\"twitter:data2\" content=\"3 minutos\" \/>\n<script type=\"application\/ld+json\" class=\"yoast-schema-graph\">{\"@context\":\"https:\\\/\\\/schema.org\",\"@graph\":[{\"@type\":\"Article\",\"@id\":\"https:\\\/\\\/diarioprincipios.com\\\/index.php\\\/2023\\\/04\\\/28\\\/se-realizo-una-jornada-de-salud-integral-en-pereyra\\\/#article\",\"isPartOf\":{\"@id\":\"https:\\\/\\\/diarioprincipios.com\\\/index.php\\\/2023\\\/04\\\/28\\\/se-realizo-una-jornada-de-salud-integral-en-pereyra\\\/\"},\"author\":{\"name\":\"Hern\u00e1n L\u00f3pez\",\"@id\":\"https:\\\/\\\/diarioprincipios.com\\\/#\\\/schema\\\/person\\\/436d5a1fd41a5e250e23ff5a6a7cb080\"},\"headline\":\"Se realiz\u00f3 una Jornada de Salud Integral en Pereyra\",\"datePublished\":\"2023-04-28T13:05:54+00:00\",\"dateModified\":\"2023-04-28T16:07:38+00:00\",\"mainEntityOfPage\":{\"@id\":\"https:\\\/\\\/diarioprincipios.com\\\/index.php\\\/2023\\\/04\\\/28\\\/se-realizo-una-jornada-de-salud-integral-en-pereyra\\\/\"},\"wordCount\":496,\"commentCount\":0,\"publisher\":{\"@id\":\"https:\\\/\\\/diarioprincipios.com\\\/#organization\"},\"image\":{\"@id\":\"https:\\\/\\\/diarioprincipios.com\\\/index.php\\\/2023\\\/04\\\/28\\\/se-realizo-una-jornada-de-salud-integral-en-pereyra\\\/#primaryimage\"},\"thumbnailUrl\":\"https:\\\/\\\/diarioprincipios.com\\\/wp-content\\\/uploads\\\/2023\\\/04\\\/SE-REALIZO-UNA-JORNADA-DE-SALUD-INTEGRAL-EN-PEREYRA-3.jpg\",\"articleSection\":[\"Berazategui\"],\"inLanguage\":\"es\",\"potentialAction\":[{\"@type\":\"CommentAction\",\"name\":\"Comment\",\"target\":[\"https:\\\/\\\/diarioprincipios.com\\\/index.php\\\/2023\\\/04\\\/28\\\/se-realizo-una-jornada-de-salud-integral-en-pereyra\\\/#respond\"]}]},{\"@type\":\"WebPage\",\"@id\":\"https:\\\/\\\/diarioprincipios.com\\\/index.php\\\/2023\\\/04\\\/28\\\/se-realizo-una-jornada-de-salud-integral-en-pereyra\\\/\",\"url\":\"https:\\\/\\\/diarioprincipios.com\\\/index.php\\\/2023\\\/04\\\/28\\\/se-realizo-una-jornada-de-salud-integral-en-pereyra\\\/\",\"name\":\"Se realiz\u00f3 una Jornada de Salud Integral en Pereyra - Principios\",\"isPartOf\":{\"@id\":\"https:\\\/\\\/diarioprincipios.com\\\/#website\"},\"primaryImageOfPage\":{\"@id\":\"https:\\\/\\\/diarioprincipios.com\\\/index.php\\\/2023\\\/04\\\/28\\\/se-realizo-una-jornada-de-salud-integral-en-pereyra\\\/#primaryimage\"},\"image\":{\"@id\":\"https:\\\/\\\/diarioprincipios.com\\\/index.php\\\/2023\\\/04\\\/28\\\/se-realizo-una-jornada-de-salud-integral-en-pereyra\\\/#primaryimage\"},\"thumbnailUrl\":\"https:\\\/\\\/diarioprincipios.com\\\/wp-content\\\/uploads\\\/2023\\\/04\\\/SE-REALIZO-UNA-JORNADA-DE-SALUD-INTEGRAL-EN-PEREYRA-3.jpg\",\"datePublished\":\"2023-04-28T13:05:54+00:00\",\"dateModified\":\"2023-04-28T16:07:38+00:00\",\"breadcrumb\":{\"@id\":\"https:\\\/\\\/diarioprincipios.com\\\/index.php\\\/2023\\\/04\\\/28\\\/se-realizo-una-jornada-de-salud-integral-en-pereyra\\\/#breadcrumb\"},\"inLanguage\":\"es\",\"potentialAction\":[{\"@type\":\"ReadAction\",\"target\":[\"https:\\\/\\\/diarioprincipios.com\\\/index.php\\\/2023\\\/04\\\/28\\\/se-realizo-una-jornada-de-salud-integral-en-pereyra\\\/\"]}]},{\"@type\":\"ImageObject\",\"inLanguage\":\"es\",\"@id\":\"https:\\\/\\\/diarioprincipios.com\\\/index.php\\\/2023\\\/04\\\/28\\\/se-realizo-una-jornada-de-salud-integral-en-pereyra\\\/#primaryimage\",\"url\":\"https:\\\/\\\/diarioprincipios.com\\\/wp-content\\\/uploads\\\/2023\\\/04\\\/SE-REALIZO-UNA-JORNADA-DE-SALUD-INTEGRAL-EN-PEREYRA-3.jpg\",\"contentUrl\":\"https:\\\/\\\/diarioprincipios.com\\\/wp-content\\\/uploads\\\/2023\\\/04\\\/SE-REALIZO-UNA-JORNADA-DE-SALUD-INTEGRAL-EN-PEREYRA-3.jpg\",\"width\":1920,\"height\":1280},{\"@type\":\"BreadcrumbList\",\"@id\":\"https:\\\/\\\/diarioprincipios.com\\\/index.php\\\/2023\\\/04\\\/28\\\/se-realizo-una-jornada-de-salud-integral-en-pereyra\\\/#breadcrumb\",\"itemListElement\":[{\"@type\":\"ListItem\",\"position\":1,\"name\":\"Portada\",\"item\":\"https:\\\/\\\/diarioprincipios.com\\\/\"},{\"@type\":\"ListItem\",\"position\":2,\"name\":\"Se realiz\u00f3 una Jornada de Salud Integral en Pereyra\"}]},{\"@type\":\"WebSite\",\"@id\":\"https:\\\/\\\/diarioprincipios.com\\\/#website\",\"url\":\"https:\\\/\\\/diarioprincipios.com\\\/\",\"name\":\"Principios\",\"description\":\"Principios Diario\",\"publisher\":{\"@id\":\"https:\\\/\\\/diarioprincipios.com\\\/#organization\"},\"potentialAction\":[{\"@type\":\"SearchAction\",\"target\":{\"@type\":\"EntryPoint\",\"urlTemplate\":\"https:\\\/\\\/diarioprincipios.com\\\/?s={search_term_string}\"},\"query-input\":{\"@type\":\"PropertyValueSpecification\",\"valueRequired\":true,\"valueName\":\"search_term_string\"}}],\"inLanguage\":\"es\"},{\"@type\":\"Organization\",\"@id\":\"https:\\\/\\\/diarioprincipios.com\\\/#organization\",\"name\":\"Principios\",\"url\":\"https:\\\/\\\/diarioprincipios.com\\\/\",\"logo\":{\"@type\":\"ImageObject\",\"inLanguage\":\"es\",\"@id\":\"https:\\\/\\\/diarioprincipios.com\\\/#\\\/schema\\\/logo\\\/image\\\/\",\"url\":\"https:\\\/\\\/diarioprincipios.com\\\/wp-content\\\/uploads\\\/2024\\\/04\\\/cropped-www.diarioprincipios.com_-1.png\",\"contentUrl\":\"https:\\\/\\\/diarioprincipios.com\\\/wp-content\\\/uploads\\\/2024\\\/04\\\/cropped-www.diarioprincipios.com_-1.png\",\"width\":5325,\"height\":1454,\"caption\":\"Principios\"},\"image\":{\"@id\":\"https:\\\/\\\/diarioprincipios.com\\\/#\\\/schema\\\/logo\\\/image\\\/\"}},{\"@type\":\"Person\",\"@id\":\"https:\\\/\\\/diarioprincipios.com\\\/#\\\/schema\\\/person\\\/436d5a1fd41a5e250e23ff5a6a7cb080\",\"name\":\"Hern\u00e1n L\u00f3pez\",\"image\":{\"@type\":\"ImageObject\",\"inLanguage\":\"es\",\"@id\":\"https:\\\/\\\/diarioprincipios.com\\\/wp-content\\\/litespeed\\\/avatar\\\/11ddfe5610ff3bd100522525b2571f48.jpg?ver=1777048341\",\"url\":\"https:\\\/\\\/diarioprincipios.com\\\/wp-content\\\/litespeed\\\/avatar\\\/11ddfe5610ff3bd100522525b2571f48.jpg?ver=1777048341\",\"contentUrl\":\"https:\\\/\\\/diarioprincipios.com\\\/wp-content\\\/litespeed\\\/avatar\\\/11ddfe5610ff3bd100522525b2571f48.jpg?ver=1777048341\",\"caption\":\"Hern\u00e1n L\u00f3pez\"},\"url\":\"https:\\\/\\\/diarioprincipios.com\\\/index.php\\\/author\\\/hernan\\\/\"}]}<\/script>\n<!-- \/ Yoast SEO plugin. -->","yoast_head_json":{"title":"Se realiz\u00f3 una Jornada de Salud Integral en Pereyra - Principios","robots":{"index":"index","follow":"follow","max-snippet":"max-snippet:-1","max-image-preview":"max-image-preview:large","max-video-preview":"max-video-preview:-1"},"canonical":"https:\/\/diarioprincipios.com\/index.php\/2023\/04\/28\/se-realizo-una-jornada-de-salud-integral-en-pereyra\/","og_locale":"es_ES","og_type":"article","og_title":"Se realiz\u00f3 una Jornada de Salud Integral en Pereyra - Principios","og_description":"Se brind\u00f3 asistencia sanitaria a la comunidad escolar rural\u00a0y sus familias\u00a0de la localidad de Pereyra, dentro de una Jornada de Salud Integral organizada por los Gobiernos nacional, provincial y municipal. De esta manera, se acercaron servicios de atenci\u00f3n primaria al Jard\u00edn de Infantes N\u00b0 936, a la Primaria N\u00b0 19 y a la Escuela Agraria...","og_url":"https:\/\/diarioprincipios.com\/index.php\/2023\/04\/28\/se-realizo-una-jornada-de-salud-integral-en-pereyra\/","og_site_name":"Principios","article_published_time":"2023-04-28T13:05:54+00:00","article_modified_time":"2023-04-28T16:07:38+00:00","og_image":[{"width":1920,"height":1280,"url":"https:\/\/diarioprincipios.com\/wp-content\/uploads\/2023\/04\/SE-REALIZO-UNA-JORNADA-DE-SALUD-INTEGRAL-EN-PEREYRA-3.jpg","type":"image\/jpeg"}],"author":"Hern\u00e1n L\u00f3pez","twitter_card":"summary_large_image","twitter_misc":{"Escrito por":"Hern\u00e1n L\u00f3pez","Tiempo de lectura":"3 minutos"},"schema":{"@context":"https:\/\/schema.org","@graph":[{"@type":"Article","@id":"https:\/\/diarioprincipios.com\/index.php\/2023\/04\/28\/se-realizo-una-jornada-de-salud-integral-en-pereyra\/#article","isPartOf":{"@id":"https:\/\/diarioprincipios.com\/index.php\/2023\/04\/28\/se-realizo-una-jornada-de-salud-integral-en-pereyra\/"},"author":{"name":"Hern\u00e1n L\u00f3pez","@id":"https:\/\/diarioprincipios.com\/#\/schema\/person\/436d5a1fd41a5e250e23ff5a6a7cb080"},"headline":"Se realiz\u00f3 una Jornada de Salud Integral en Pereyra","datePublished":"2023-04-28T13:05:54+00:00","dateModified":"2023-04-28T16:07:38+00:00","mainEntityOfPage":{"@id":"https:\/\/diarioprincipios.com\/index.php\/2023\/04\/28\/se-realizo-una-jornada-de-salud-integral-en-pereyra\/"},"wordCount":496,"commentCount":0,"publisher":{"@id":"https:\/\/diarioprincipios.com\/#organization"},"image":{"@id":"https:\/\/diarioprincipios.com\/index.php\/2023\/04\/28\/se-realizo-una-jornada-de-salud-integral-en-pereyra\/#primaryimage"},"thumbnailUrl":"https:\/\/diarioprincipios.com\/wp-content\/uploads\/2023\/04\/SE-REALIZO-UNA-JORNADA-DE-SALUD-INTEGRAL-EN-PEREYRA-3.jpg","articleSection":["Berazategui"],"inLanguage":"es","potentialAction":[{"@type":"CommentAction","name":"Comment","target":["https:\/\/diarioprincipios.com\/index.php\/2023\/04\/28\/se-realizo-una-jornada-de-salud-integral-en-pereyra\/#respond"]}]},{"@type":"WebPage","@id":"https:\/\/diarioprincipios.com\/index.php\/2023\/04\/28\/se-realizo-una-jornada-de-salud-integral-en-pereyra\/","url":"https:\/\/diarioprincipios.com\/index.php\/2023\/04\/28\/se-realizo-una-jornada-de-salud-integral-en-pereyra\/","name":"Se realiz\u00f3 una Jornada de Salud Integral en Pereyra - Principios","isPartOf":{"@id":"https:\/\/diarioprincipios.com\/#website"},"primaryImageOfPage":{"@id":"https:\/\/diarioprincipios.com\/index.php\/2023\/04\/28\/se-realizo-una-jornada-de-salud-integral-en-pereyra\/#primaryimage"},"image":{"@id":"https:\/\/diarioprincipios.com\/index.php\/2023\/04\/28\/se-realizo-una-jornada-de-salud-integral-en-pereyra\/#primaryimage"},"thumbnailUrl":"https:\/\/diarioprincipios.com\/wp-content\/uploads\/2023\/04\/SE-REALIZO-UNA-JORNADA-DE-SALUD-INTEGRAL-EN-PEREYRA-3.jpg","datePublished":"2023-04-28T13:05:54+00:00","dateModified":"2023-04-28T16:07:38+00:00","breadcrumb":{"@id":"https:\/\/diarioprincipios.com\/index.php\/2023\/04\/28\/se-realizo-una-jornada-de-salud-integral-en-pereyra\/#breadcrumb"},"inLanguage":"es","potentialAction":[{"@type":"ReadAction","target":["https:\/\/diarioprincipios.com\/index.php\/2023\/04\/28\/se-realizo-una-jornada-de-salud-integral-en-pereyra\/"]}]},{"@type":"ImageObject","inLanguage":"es","@id":"https:\/\/diarioprincipios.com\/index.php\/2023\/04\/28\/se-realizo-una-jornada-de-salud-integral-en-pereyra\/#primaryimage","url":"https:\/\/diarioprincipios.com\/wp-content\/uploads\/2023\/04\/SE-REALIZO-UNA-JORNADA-DE-SALUD-INTEGRAL-EN-PEREYRA-3.jpg","contentUrl":"https:\/\/diarioprincipios.com\/wp-content\/uploads\/2023\/04\/SE-REALIZO-UNA-JORNADA-DE-SALUD-INTEGRAL-EN-PEREYRA-3.jpg","width":1920,"height":1280},{"@type":"BreadcrumbList","@id":"https:\/\/diarioprincipios.com\/index.php\/2023\/04\/28\/se-realizo-una-jornada-de-salud-integral-en-pereyra\/#breadcrumb","itemListElement":[{"@type":"ListItem","position":1,"name":"Portada","item":"https:\/\/diarioprincipios.com\/"},{"@type":"ListItem","position":2,"name":"Se realiz\u00f3 una Jornada de Salud Integral en Pereyra"}]},{"@type":"WebSite","@id":"https:\/\/diarioprincipios.com\/#website","url":"https:\/\/diarioprincipios.com\/","name":"Principios","description":"Principios Diario","publisher":{"@id":"https:\/\/diarioprincipios.com\/#organization"},"potentialAction":[{"@type":"SearchAction","target":{"@type":"EntryPoint","urlTemplate":"https:\/\/diarioprincipios.com\/?s={search_term_string}"},"query-input":{"@type":"PropertyValueSpecification","valueRequired":true,"valueName":"search_term_string"}}],"inLanguage":"es"},{"@type":"Organization","@id":"https:\/\/diarioprincipios.com\/#organization","name":"Principios","url":"https:\/\/diarioprincipios.com\/","logo":{"@type":"ImageObject","inLanguage":"es","@id":"https:\/\/diarioprincipios.com\/#\/schema\/logo\/image\/","url":"https:\/\/diarioprincipios.com\/wp-content\/uploads\/2024\/04\/cropped-www.diarioprincipios.com_-1.png","contentUrl":"https:\/\/diarioprincipios.com\/wp-content\/uploads\/2024\/04\/cropped-www.diarioprincipios.com_-1.png","width":5325,"height":1454,"caption":"Principios"},"image":{"@id":"https:\/\/diarioprincipios.com\/#\/schema\/logo\/image\/"}},{"@type":"Person","@id":"https:\/\/diarioprincipios.com\/#\/schema\/person\/436d5a1fd41a5e250e23ff5a6a7cb080","name":"Hern\u00e1n L\u00f3pez","image":{"@type":"ImageObject","inLanguage":"es","@id":"https:\/\/diarioprincipios.com\/wp-content\/litespeed\/avatar\/11ddfe5610ff3bd100522525b2571f48.jpg?ver=1777048341","url":"https:\/\/diarioprincipios.com\/wp-content\/litespeed\/avatar\/11ddfe5610ff3bd100522525b2571f48.jpg?ver=1777048341","contentUrl":"https:\/\/diarioprincipios.com\/wp-content\/litespeed\/avatar\/11ddfe5610ff3bd100522525b2571f48.jpg?ver=1777048341","caption":"Hern\u00e1n L\u00f3pez"},"url":"https:\/\/diarioprincipios.com\/index.php\/author\/hernan\/"}]}},"jetpack_featured_media_url":"https:\/\/diarioprincipios.com\/wp-content\/uploads\/2023\/04\/SE-REALIZO-UNA-JORNADA-DE-SALUD-INTEGRAL-EN-PEREYRA-3.jpg","_links":{"self":[{"href":"https:\/\/diarioprincipios.com\/index.php\/wp-json\/wp\/v2\/posts\/16775","targetHints":{"allow":["GET"]}}],"collection":[{"href":"https:\/\/diarioprincipios.com\/index.php\/wp-json\/wp\/v2\/posts"}],"about":[{"href":"https:\/\/diarioprincipios.com\/index.php\/wp-json\/wp\/v2\/types\/post"}],"author":[{"embeddable":true,"href":"https:\/\/diarioprincipios.com\/index.php\/wp-json\/wp\/v2\/users\/2"}],"replies":[{"embeddable":true,"href":"https:\/\/diarioprincipios.com\/index.php\/wp-json\/wp\/v2\/comments?post=16775"}],"version-history":[{"count":1,"href":"https:\/\/diarioprincipios.com\/index.php\/wp-json\/wp\/v2\/posts\/16775\/revisions"}],"predecessor-version":[{"id":16779,"href":"https:\/\/diarioprincipios.com\/index.php\/wp-json\/wp\/v2\/posts\/16775\/revisions\/16779"}],"wp:featuredmedia":[{"embeddable":true,"href":"https:\/\/diarioprincipios.com\/index.php\/wp-json\/wp\/v2\/media\/16778"}],"wp:attachment":[{"href":"https:\/\/diarioprincipios.com\/index.php\/wp-json\/wp\/v2\/media?parent=16775"}],"wp:term":[{"taxonomy":"category","embeddable":true,"href":"https:\/\/diarioprincipios.com\/index.php\/wp-json\/wp\/v2\/categories?post=16775"},{"taxonomy":"post_tag","embeddable":true,"href":"https:\/\/diarioprincipios.com\/index.php\/wp-json\/wp\/v2\/tags?post=16775"}],"curies":[{"name":"wp","href":"https:\/\/api.w.org\/{rel}","templated":true}]}}