{"id":16760,"date":"2023-04-27T12:55:11","date_gmt":"2023-04-27T15:55:11","guid":{"rendered":"http:\/\/diarioprincipios.com\/?p=16760"},"modified":"2023-04-28T13:07:28","modified_gmt":"2023-04-28T16:07:28","slug":"primer-ano-de-gestion-de-antonella-comparato-al-frente-de-la-defensoria-del-pueblo-con-mucha-presencia-en-los-barrios","status":"publish","type":"post","link":"https:\/\/diarioprincipios.com\/index.php\/2023\/04\/27\/primer-ano-de-gestion-de-antonella-comparato-al-frente-de-la-defensoria-del-pueblo-con-mucha-presencia-en-los-barrios\/","title":{"rendered":"Primer a\u00f1o de gesti\u00f3n de Antonella Comparato al frente de la Defensoria del Pueblo con mucha presencia en los barrios"},"content":{"rendered":"\n<p>En su primer a\u00f1o de gesti\u00f3n al frente de la Delegaci\u00f3n Berazategui de la Defensor\u00eda del Pueblo, Antonella Comparato logr\u00f3 la mayor\u00eda de los objetivos propuestos, sobre todo la presencia en los barrios para que los vecinos y vecinas puedan acercarse a la instituci\u00f3n cerca de su casa.<\/p>\n\n\n\n<p>Esto fue posible mediante las diversas jornadas de atenci\u00f3n realizadas en los distintos barrios como La Porte\u00f1a, Bustillo, Kennedy Norte, La Colina, San Blas, La Prosperidad, Rio Encantado, San Juan, Los Manzanos, Villa Mitre, CGT, Gutierrez, San Jos\u00e9, Sourigues, Villa Rial, Estaci\u00f3n de Ranelagh, La Serranita y otros.<\/p>\n\n\n\n<figure class=\"wp-block-image size-large\"><img loading=\"lazy\" decoding=\"async\" width=\"768\" height=\"1024\" src=\"https:\/\/diarioprincipios.com\/wp-content\/uploads\/2023\/04\/IMG-20230425-WA0035-768x1024.jpg\" alt=\"\" class=\"wp-image-16761\" srcset=\"https:\/\/diarioprincipios.com\/wp-content\/uploads\/2023\/04\/IMG-20230425-WA0035-768x1024.jpg 768w, https:\/\/diarioprincipios.com\/wp-content\/uploads\/2023\/04\/IMG-20230425-WA0035-225x300.jpg 225w, https:\/\/diarioprincipios.com\/wp-content\/uploads\/2023\/04\/IMG-20230425-WA0035-1152x1536.jpg 1152w, https:\/\/diarioprincipios.com\/wp-content\/uploads\/2023\/04\/IMG-20230425-WA0035.jpg 1200w\" sizes=\"auto, (max-width: 768px) 100vw, 768px\" \/><\/figure>\n\n\n\n<p>Daiana Cabrera referente del Movimiento de Trabajadores Unidos y Mante \u2013 Baires LTDA Cooperativa de Trabajos de Mantenimiento en General, con base y sede en el barrio Bustillo, dio testimonio de la importancia de la presencia de la Defensor\u00eda en su barrio: \u201cSe realizaron aqu\u00ed varias jornadas integrales, en las cuales se brind\u00f3 atenci\u00f3n, es muy importante que los vecinos puedan ser escuchados y atendidos cerca de su casa, es una herramienta muy importante, que Antonella (Comparato) venga con su programa a los barrios, articulando con el Municipio es fundamental para muchas familias, que pueden ser asesorados y conocer sus derechos\u00bb.\u00a0 Agreg\u00f3 que \u00abestamos muy agradecidos con ella y contentos con su trabajo, es una compa\u00f1era con mucho carisma y dedicaci\u00f3n, se nota que hace lo que le gusta, que es ayudar a la gente\u00bb.<br>Otro testimonio valioso es el de Macarena Ca\u00f1ete, presidenta de la Sociedad de Fomento La Porte\u00f1a\u00a0 Polideportivo Nuevos Rumbos, en Hudson.<\/p>\n\n\n\n<figure class=\"wp-block-image size-large\"><img loading=\"lazy\" decoding=\"async\" width=\"1024\" height=\"599\" src=\"https:\/\/diarioprincipios.com\/wp-content\/uploads\/2023\/04\/IMG-20230425-WA0038-1024x599.jpg\" alt=\"\" class=\"wp-image-16762\" srcset=\"https:\/\/diarioprincipios.com\/wp-content\/uploads\/2023\/04\/IMG-20230425-WA0038-1024x599.jpg 1024w, https:\/\/diarioprincipios.com\/wp-content\/uploads\/2023\/04\/IMG-20230425-WA0038-300x176.jpg 300w, https:\/\/diarioprincipios.com\/wp-content\/uploads\/2023\/04\/IMG-20230425-WA0038-768x449.jpg 768w, https:\/\/diarioprincipios.com\/wp-content\/uploads\/2023\/04\/IMG-20230425-WA0038-1536x899.jpg 1536w, https:\/\/diarioprincipios.com\/wp-content\/uploads\/2023\/04\/IMG-20230425-WA0038.jpg 1600w\" sizes=\"auto, (max-width: 1024px) 100vw, 1024px\" \/><\/figure>\n\n\n\n<p><br>\u00abEn nuestro caso debo decir que la Defensor\u00eda del Pueblo, representada por Antonella Comparato en Berazategui, nos ha acompa\u00f1ado desde el inicio de nuestra comisi\u00f3n directiva, que lleva 8 meses y ya hemos contado con su presencia en varios de nuestros eventos, adem\u00e1s de brindarnos constante asesoramiento en lo que podamos llegar a necesitar como gesti\u00f3n,\u00a0puntualmente para el D\u00eda de la Ni\u00f1ez, los chicos de nuestro barrio pintaron dibujos que plasmaban sus derechos, con el fin a de conocerlos y reforzarlos, llev\u00e1ndolos a sus casas y pudiendo compartir lo aprendido, en otra ocasi\u00f3n tuvimos una jornada de salud integral y la defensor\u00eda del Pueblo acompa\u00f1\u00f3 desde su lugar, ofreciendo a los vecinos la posibilidad de asesorarse y conocer sus derechos como ciudadano y consumidor, entre otras muchas cosas, lo cu\u00e1l considero importante para que con el tiempo y la constancia sea un saber com\u00fan y todos podamos tener acceso a una asesor\u00eda gratuita, ejerciendo nuestros derechos y obligaciones haciendo de este mundo un lugar m\u00e1s justo\u00bb, destac\u00f3 Macarena.<\/p>\n\n\n\n<p>Comparato particip\u00f3 tambi\u00e9n de diferentes reuniones y jornadas que buscaron fortalecer y abordar diferentes tem\u00e1ticas y problem\u00e1ticas, tanto para ni\u00f1os como adultos.<\/p>\n\n\n\n<figure class=\"wp-block-image size-large\"><img loading=\"lazy\" decoding=\"async\" width=\"768\" height=\"1024\" src=\"https:\/\/diarioprincipios.com\/wp-content\/uploads\/2023\/04\/IMG-20230425-WA0036-768x1024.jpg\" alt=\"\" class=\"wp-image-16763\" srcset=\"https:\/\/diarioprincipios.com\/wp-content\/uploads\/2023\/04\/IMG-20230425-WA0036-768x1024.jpg 768w, https:\/\/diarioprincipios.com\/wp-content\/uploads\/2023\/04\/IMG-20230425-WA0036-225x300.jpg 225w, https:\/\/diarioprincipios.com\/wp-content\/uploads\/2023\/04\/IMG-20230425-WA0036-1152x1536.jpg 1152w, https:\/\/diarioprincipios.com\/wp-content\/uploads\/2023\/04\/IMG-20230425-WA0036.jpg 1200w\" sizes=\"auto, (max-width: 768px) 100vw, 768px\" \/><\/figure>\n\n\n\n<p>Adem\u00e1s hubo encuentros con funcionarios como el Secretario de Control Urbano, Marcelo Sieczka, a fin de abordar la implementaci\u00f3n de la Resoluci\u00f3n 673\/22 &#8211; Cultivo de Cannabis medicinal y\/o terap\u00e9utico-, entendiendo este tema desde el organismo como de de vital importancia su difusi\u00f3n y visibilizaci\u00f3n en el \u00e1rea de Seguridad.&nbsp;<\/p>\n\n\n\n<p>Asimismo el tema del Cannabis fue abordado en el HCD con Concejales de la Comisi\u00f3n de Salud y oyentes.<\/p>\n\n\n\n<p>La nutrida agenda del primer a\u00f1o de gesti\u00f3n de la titular de la Defensor\u00eda incluy\u00f3 tambi\u00e9n:<\/p>\n\n\n\n<p>Capacitaci\u00f3n de Arrendamientos rurales \u2013 El Pato.<\/p>\n\n\n\n<p>Capacitaci\u00f3n en Buen Trato&nbsp; a las personas mayores \u2013 PAMI.<\/p>\n\n\n\n<p>Acompa\u00f1o la Actividad por el d\u00eda de los estudiantes \u2013 INJUV ARG\/ Juventudes Berazategui.<\/p>\n\n\n\n<p>Aniversario Bera Recicla.<\/p>\n\n\n\n<p>Reuni\u00f3n de trabajo con Agencia de Administraci\u00f3n de a Tierras y H\u00e1bitat y Centro de Martilleros para la creaci\u00f3n de Ordenanza Municipal.&nbsp;<\/p>\n\n\n\n<p>Reuni\u00f3n de trabajo con la Mesa distrital de Violencia \u2013 Concejo Escolar.<\/p>\n\n\n\n<p>Participaci\u00f3n de la Jornada de Diversidad y visibilidad \u2013 Subsecretar\u00eda de la Mujer, gener\u00f3 y diversidad Berazategui.<\/p>\n\n\n\n<p>Lanzamiento de la Campa\u00f1a de Concientizaci\u00f3n + Luces &#8211; Ruidos junto a TGD Padres TEA Berazategui e INADI.<\/p>\n\n\n\n<figure class=\"wp-block-image size-large\"><img loading=\"lazy\" decoding=\"async\" width=\"768\" height=\"1024\" src=\"https:\/\/diarioprincipios.com\/wp-content\/uploads\/2023\/04\/IMG-20230425-WA0037-768x1024.jpg\" alt=\"\" class=\"wp-image-16765\" srcset=\"https:\/\/diarioprincipios.com\/wp-content\/uploads\/2023\/04\/IMG-20230425-WA0037-768x1024.jpg 768w, https:\/\/diarioprincipios.com\/wp-content\/uploads\/2023\/04\/IMG-20230425-WA0037-225x300.jpg 225w, https:\/\/diarioprincipios.com\/wp-content\/uploads\/2023\/04\/IMG-20230425-WA0037-1152x1536.jpg 1152w, https:\/\/diarioprincipios.com\/wp-content\/uploads\/2023\/04\/IMG-20230425-WA0037.jpg 1200w\" sizes=\"auto, (max-width: 768px) 100vw, 768px\" \/><\/figure>\n\n\n\n<p>Presencia en la Sesi\u00f3n Extraordinaria de convalidaci\u00f3n del decreto municipal que declara Estado de Emergencia Energ\u00e9tica \u2013 HCD Berazategui.&nbsp;<\/p>\n\n\n\n<p>C\u00f3mo as\u00ed tambi\u00e9n en Agenda y desaf\u00edos en materia de Derechos Humanos\u2013 organizada por Defensor\u00eda del Pueblo de la Provincia de Buenos Aires\/Abuelas de Plaza de Mayo\u2013 entre otros.<\/p>\n","protected":false},"excerpt":{"rendered":"<p>En su primer a\u00f1o de gesti\u00f3n al frente de la Delegaci\u00f3n Berazategui de la Defensor\u00eda del Pueblo, Antonella Comparato logr\u00f3 la mayor\u00eda de los objetivos propuestos, sobre todo la presencia en los barrios para que los vecinos y vecinas puedan acercarse a la instituci\u00f3n cerca de su casa. Esto fue posible mediante las diversas jornadas&#8230;<\/p>\n","protected":false},"author":2,"featured_media":16764,"comment_status":"open","ping_status":"open","sticky":false,"template":"","format":"standard","meta":{"footnotes":""},"categories":[3],"tags":[],"class_list":["post-16760","post","type-post","status-publish","format-standard","has-post-thumbnail","hentry","category-berazategui"],"featured_image_src":"https:\/\/diarioprincipios.com\/wp-content\/uploads\/2023\/04\/IMG-20230425-WA0034-1024x682.jpg","blog_images":{"medium":"https:\/\/diarioprincipios.com\/wp-content\/uploads\/2023\/04\/IMG-20230425-WA0034-300x200.jpg","large":"https:\/\/diarioprincipios.com\/wp-content\/uploads\/2023\/04\/IMG-20230425-WA0034-1024x682.jpg"},"ams_acf":[],"yoast_head":"<!-- This site is optimized with the Yoast SEO plugin v27.3 - https:\/\/yoast.com\/product\/yoast-seo-wordpress\/ -->\n<title>Primer a\u00f1o de gesti\u00f3n de Antonella Comparato al frente de la Defensoria del Pueblo con mucha presencia en los barrios - Principios<\/title>\n<meta name=\"robots\" content=\"index, follow, max-snippet:-1, max-image-preview:large, max-video-preview:-1\" \/>\n<link rel=\"canonical\" href=\"https:\/\/diarioprincipios.com\/index.php\/2023\/04\/27\/primer-ano-de-gestion-de-antonella-comparato-al-frente-de-la-defensoria-del-pueblo-con-mucha-presencia-en-los-barrios\/\" \/>\n<meta property=\"og:locale\" content=\"es_ES\" \/>\n<meta property=\"og:type\" content=\"article\" \/>\n<meta property=\"og:title\" content=\"Primer a\u00f1o de gesti\u00f3n de Antonella Comparato al frente de la Defensoria del Pueblo con mucha presencia en los barrios - Principios\" \/>\n<meta property=\"og:description\" content=\"En su primer a\u00f1o de gesti\u00f3n al frente de la Delegaci\u00f3n Berazategui de la Defensor\u00eda del Pueblo, Antonella Comparato logr\u00f3 la mayor\u00eda de los objetivos propuestos, sobre todo la presencia en los barrios para que los vecinos y vecinas puedan acercarse a la instituci\u00f3n cerca de su casa. Esto fue posible mediante las diversas jornadas...\" \/>\n<meta property=\"og:url\" content=\"https:\/\/diarioprincipios.com\/index.php\/2023\/04\/27\/primer-ano-de-gestion-de-antonella-comparato-al-frente-de-la-defensoria-del-pueblo-con-mucha-presencia-en-los-barrios\/\" \/>\n<meta property=\"og:site_name\" content=\"Principios\" \/>\n<meta property=\"article:published_time\" content=\"2023-04-27T15:55:11+00:00\" \/>\n<meta property=\"article:modified_time\" content=\"2023-04-28T16:07:28+00:00\" \/>\n<meta property=\"og:image\" content=\"https:\/\/diarioprincipios.com\/wp-content\/uploads\/2023\/04\/IMG-20230425-WA0034.jpg\" \/>\n\t<meta property=\"og:image:width\" content=\"1280\" \/>\n\t<meta property=\"og:image:height\" content=\"853\" \/>\n\t<meta property=\"og:image:type\" content=\"image\/jpeg\" \/>\n<meta name=\"author\" content=\"Hern\u00e1n L\u00f3pez\" \/>\n<meta name=\"twitter:card\" content=\"summary_large_image\" \/>\n<meta name=\"twitter:label1\" content=\"Escrito por\" \/>\n\t<meta name=\"twitter:data1\" content=\"Hern\u00e1n L\u00f3pez\" \/>\n\t<meta name=\"twitter:label2\" content=\"Tiempo de lectura\" \/>\n\t<meta name=\"twitter:data2\" content=\"4 minutos\" \/>\n<script type=\"application\/ld+json\" class=\"yoast-schema-graph\">{\"@context\":\"https:\\\/\\\/schema.org\",\"@graph\":[{\"@type\":\"Article\",\"@id\":\"https:\\\/\\\/diarioprincipios.com\\\/index.php\\\/2023\\\/04\\\/27\\\/primer-ano-de-gestion-de-antonella-comparato-al-frente-de-la-defensoria-del-pueblo-con-mucha-presencia-en-los-barrios\\\/#article\",\"isPartOf\":{\"@id\":\"https:\\\/\\\/diarioprincipios.com\\\/index.php\\\/2023\\\/04\\\/27\\\/primer-ano-de-gestion-de-antonella-comparato-al-frente-de-la-defensoria-del-pueblo-con-mucha-presencia-en-los-barrios\\\/\"},\"author\":{\"name\":\"Hern\u00e1n L\u00f3pez\",\"@id\":\"https:\\\/\\\/diarioprincipios.com\\\/#\\\/schema\\\/person\\\/436d5a1fd41a5e250e23ff5a6a7cb080\"},\"headline\":\"Primer a\u00f1o de gesti\u00f3n de Antonella Comparato al frente de la Defensoria del Pueblo con mucha presencia en los barrios\",\"datePublished\":\"2023-04-27T15:55:11+00:00\",\"dateModified\":\"2023-04-28T16:07:28+00:00\",\"mainEntityOfPage\":{\"@id\":\"https:\\\/\\\/diarioprincipios.com\\\/index.php\\\/2023\\\/04\\\/27\\\/primer-ano-de-gestion-de-antonella-comparato-al-frente-de-la-defensoria-del-pueblo-con-mucha-presencia-en-los-barrios\\\/\"},\"wordCount\":761,\"commentCount\":0,\"publisher\":{\"@id\":\"https:\\\/\\\/diarioprincipios.com\\\/#organization\"},\"image\":{\"@id\":\"https:\\\/\\\/diarioprincipios.com\\\/index.php\\\/2023\\\/04\\\/27\\\/primer-ano-de-gestion-de-antonella-comparato-al-frente-de-la-defensoria-del-pueblo-con-mucha-presencia-en-los-barrios\\\/#primaryimage\"},\"thumbnailUrl\":\"https:\\\/\\\/diarioprincipios.com\\\/wp-content\\\/uploads\\\/2023\\\/04\\\/IMG-20230425-WA0034.jpg\",\"articleSection\":[\"Berazategui\"],\"inLanguage\":\"es\",\"potentialAction\":[{\"@type\":\"CommentAction\",\"name\":\"Comment\",\"target\":[\"https:\\\/\\\/diarioprincipios.com\\\/index.php\\\/2023\\\/04\\\/27\\\/primer-ano-de-gestion-de-antonella-comparato-al-frente-de-la-defensoria-del-pueblo-con-mucha-presencia-en-los-barrios\\\/#respond\"]}]},{\"@type\":\"WebPage\",\"@id\":\"https:\\\/\\\/diarioprincipios.com\\\/index.php\\\/2023\\\/04\\\/27\\\/primer-ano-de-gestion-de-antonella-comparato-al-frente-de-la-defensoria-del-pueblo-con-mucha-presencia-en-los-barrios\\\/\",\"url\":\"https:\\\/\\\/diarioprincipios.com\\\/index.php\\\/2023\\\/04\\\/27\\\/primer-ano-de-gestion-de-antonella-comparato-al-frente-de-la-defensoria-del-pueblo-con-mucha-presencia-en-los-barrios\\\/\",\"name\":\"Primer a\u00f1o de gesti\u00f3n de Antonella Comparato al frente de la Defensoria del Pueblo con mucha presencia en los barrios - Principios\",\"isPartOf\":{\"@id\":\"https:\\\/\\\/diarioprincipios.com\\\/#website\"},\"primaryImageOfPage\":{\"@id\":\"https:\\\/\\\/diarioprincipios.com\\\/index.php\\\/2023\\\/04\\\/27\\\/primer-ano-de-gestion-de-antonella-comparato-al-frente-de-la-defensoria-del-pueblo-con-mucha-presencia-en-los-barrios\\\/#primaryimage\"},\"image\":{\"@id\":\"https:\\\/\\\/diarioprincipios.com\\\/index.php\\\/2023\\\/04\\\/27\\\/primer-ano-de-gestion-de-antonella-comparato-al-frente-de-la-defensoria-del-pueblo-con-mucha-presencia-en-los-barrios\\\/#primaryimage\"},\"thumbnailUrl\":\"https:\\\/\\\/diarioprincipios.com\\\/wp-content\\\/uploads\\\/2023\\\/04\\\/IMG-20230425-WA0034.jpg\",\"datePublished\":\"2023-04-27T15:55:11+00:00\",\"dateModified\":\"2023-04-28T16:07:28+00:00\",\"breadcrumb\":{\"@id\":\"https:\\\/\\\/diarioprincipios.com\\\/index.php\\\/2023\\\/04\\\/27\\\/primer-ano-de-gestion-de-antonella-comparato-al-frente-de-la-defensoria-del-pueblo-con-mucha-presencia-en-los-barrios\\\/#breadcrumb\"},\"inLanguage\":\"es\",\"potentialAction\":[{\"@type\":\"ReadAction\",\"target\":[\"https:\\\/\\\/diarioprincipios.com\\\/index.php\\\/2023\\\/04\\\/27\\\/primer-ano-de-gestion-de-antonella-comparato-al-frente-de-la-defensoria-del-pueblo-con-mucha-presencia-en-los-barrios\\\/\"]}]},{\"@type\":\"ImageObject\",\"inLanguage\":\"es\",\"@id\":\"https:\\\/\\\/diarioprincipios.com\\\/index.php\\\/2023\\\/04\\\/27\\\/primer-ano-de-gestion-de-antonella-comparato-al-frente-de-la-defensoria-del-pueblo-con-mucha-presencia-en-los-barrios\\\/#primaryimage\",\"url\":\"https:\\\/\\\/diarioprincipios.com\\\/wp-content\\\/uploads\\\/2023\\\/04\\\/IMG-20230425-WA0034.jpg\",\"contentUrl\":\"https:\\\/\\\/diarioprincipios.com\\\/wp-content\\\/uploads\\\/2023\\\/04\\\/IMG-20230425-WA0034.jpg\",\"width\":1280,\"height\":853},{\"@type\":\"BreadcrumbList\",\"@id\":\"https:\\\/\\\/diarioprincipios.com\\\/index.php\\\/2023\\\/04\\\/27\\\/primer-ano-de-gestion-de-antonella-comparato-al-frente-de-la-defensoria-del-pueblo-con-mucha-presencia-en-los-barrios\\\/#breadcrumb\",\"itemListElement\":[{\"@type\":\"ListItem\",\"position\":1,\"name\":\"Portada\",\"item\":\"https:\\\/\\\/diarioprincipios.com\\\/\"},{\"@type\":\"ListItem\",\"position\":2,\"name\":\"Primer a\u00f1o de gesti\u00f3n de Antonella Comparato al frente de la Defensoria del Pueblo con mucha presencia en los barrios\"}]},{\"@type\":\"WebSite\",\"@id\":\"https:\\\/\\\/diarioprincipios.com\\\/#website\",\"url\":\"https:\\\/\\\/diarioprincipios.com\\\/\",\"name\":\"Principios\",\"description\":\"Principios Diario\",\"publisher\":{\"@id\":\"https:\\\/\\\/diarioprincipios.com\\\/#organization\"},\"potentialAction\":[{\"@type\":\"SearchAction\",\"target\":{\"@type\":\"EntryPoint\",\"urlTemplate\":\"https:\\\/\\\/diarioprincipios.com\\\/?s={search_term_string}\"},\"query-input\":{\"@type\":\"PropertyValueSpecification\",\"valueRequired\":true,\"valueName\":\"search_term_string\"}}],\"inLanguage\":\"es\"},{\"@type\":\"Organization\",\"@id\":\"https:\\\/\\\/diarioprincipios.com\\\/#organization\",\"name\":\"Principios\",\"url\":\"https:\\\/\\\/diarioprincipios.com\\\/\",\"logo\":{\"@type\":\"ImageObject\",\"inLanguage\":\"es\",\"@id\":\"https:\\\/\\\/diarioprincipios.com\\\/#\\\/schema\\\/logo\\\/image\\\/\",\"url\":\"https:\\\/\\\/diarioprincipios.com\\\/wp-content\\\/uploads\\\/2024\\\/04\\\/cropped-www.diarioprincipios.com_-1.png\",\"contentUrl\":\"https:\\\/\\\/diarioprincipios.com\\\/wp-content\\\/uploads\\\/2024\\\/04\\\/cropped-www.diarioprincipios.com_-1.png\",\"width\":5325,\"height\":1454,\"caption\":\"Principios\"},\"image\":{\"@id\":\"https:\\\/\\\/diarioprincipios.com\\\/#\\\/schema\\\/logo\\\/image\\\/\"}},{\"@type\":\"Person\",\"@id\":\"https:\\\/\\\/diarioprincipios.com\\\/#\\\/schema\\\/person\\\/436d5a1fd41a5e250e23ff5a6a7cb080\",\"name\":\"Hern\u00e1n L\u00f3pez\",\"image\":{\"@type\":\"ImageObject\",\"inLanguage\":\"es\",\"@id\":\"https:\\\/\\\/diarioprincipios.com\\\/wp-content\\\/litespeed\\\/avatar\\\/11ddfe5610ff3bd100522525b2571f48.jpg?ver=1777048341\",\"url\":\"https:\\\/\\\/diarioprincipios.com\\\/wp-content\\\/litespeed\\\/avatar\\\/11ddfe5610ff3bd100522525b2571f48.jpg?ver=1777048341\",\"contentUrl\":\"https:\\\/\\\/diarioprincipios.com\\\/wp-content\\\/litespeed\\\/avatar\\\/11ddfe5610ff3bd100522525b2571f48.jpg?ver=1777048341\",\"caption\":\"Hern\u00e1n L\u00f3pez\"},\"url\":\"https:\\\/\\\/diarioprincipios.com\\\/index.php\\\/author\\\/hernan\\\/\"}]}<\/script>\n<!-- \/ Yoast SEO plugin. -->","yoast_head_json":{"title":"Primer a\u00f1o de gesti\u00f3n de Antonella Comparato al frente de la Defensoria del Pueblo con mucha presencia en los barrios - Principios","robots":{"index":"index","follow":"follow","max-snippet":"max-snippet:-1","max-image-preview":"max-image-preview:large","max-video-preview":"max-video-preview:-1"},"canonical":"https:\/\/diarioprincipios.com\/index.php\/2023\/04\/27\/primer-ano-de-gestion-de-antonella-comparato-al-frente-de-la-defensoria-del-pueblo-con-mucha-presencia-en-los-barrios\/","og_locale":"es_ES","og_type":"article","og_title":"Primer a\u00f1o de gesti\u00f3n de Antonella Comparato al frente de la Defensoria del Pueblo con mucha presencia en los barrios - Principios","og_description":"En su primer a\u00f1o de gesti\u00f3n al frente de la Delegaci\u00f3n Berazategui de la Defensor\u00eda del Pueblo, Antonella Comparato logr\u00f3 la mayor\u00eda de los objetivos propuestos, sobre todo la presencia en los barrios para que los vecinos y vecinas puedan acercarse a la instituci\u00f3n cerca de su casa. Esto fue posible mediante las diversas jornadas...","og_url":"https:\/\/diarioprincipios.com\/index.php\/2023\/04\/27\/primer-ano-de-gestion-de-antonella-comparato-al-frente-de-la-defensoria-del-pueblo-con-mucha-presencia-en-los-barrios\/","og_site_name":"Principios","article_published_time":"2023-04-27T15:55:11+00:00","article_modified_time":"2023-04-28T16:07:28+00:00","og_image":[{"width":1280,"height":853,"url":"https:\/\/diarioprincipios.com\/wp-content\/uploads\/2023\/04\/IMG-20230425-WA0034.jpg","type":"image\/jpeg"}],"author":"Hern\u00e1n L\u00f3pez","twitter_card":"summary_large_image","twitter_misc":{"Escrito por":"Hern\u00e1n L\u00f3pez","Tiempo de lectura":"4 minutos"},"schema":{"@context":"https:\/\/schema.org","@graph":[{"@type":"Article","@id":"https:\/\/diarioprincipios.com\/index.php\/2023\/04\/27\/primer-ano-de-gestion-de-antonella-comparato-al-frente-de-la-defensoria-del-pueblo-con-mucha-presencia-en-los-barrios\/#article","isPartOf":{"@id":"https:\/\/diarioprincipios.com\/index.php\/2023\/04\/27\/primer-ano-de-gestion-de-antonella-comparato-al-frente-de-la-defensoria-del-pueblo-con-mucha-presencia-en-los-barrios\/"},"author":{"name":"Hern\u00e1n L\u00f3pez","@id":"https:\/\/diarioprincipios.com\/#\/schema\/person\/436d5a1fd41a5e250e23ff5a6a7cb080"},"headline":"Primer a\u00f1o de gesti\u00f3n de Antonella Comparato al frente de la Defensoria del Pueblo con mucha presencia en los barrios","datePublished":"2023-04-27T15:55:11+00:00","dateModified":"2023-04-28T16:07:28+00:00","mainEntityOfPage":{"@id":"https:\/\/diarioprincipios.com\/index.php\/2023\/04\/27\/primer-ano-de-gestion-de-antonella-comparato-al-frente-de-la-defensoria-del-pueblo-con-mucha-presencia-en-los-barrios\/"},"wordCount":761,"commentCount":0,"publisher":{"@id":"https:\/\/diarioprincipios.com\/#organization"},"image":{"@id":"https:\/\/diarioprincipios.com\/index.php\/2023\/04\/27\/primer-ano-de-gestion-de-antonella-comparato-al-frente-de-la-defensoria-del-pueblo-con-mucha-presencia-en-los-barrios\/#primaryimage"},"thumbnailUrl":"https:\/\/diarioprincipios.com\/wp-content\/uploads\/2023\/04\/IMG-20230425-WA0034.jpg","articleSection":["Berazategui"],"inLanguage":"es","potentialAction":[{"@type":"CommentAction","name":"Comment","target":["https:\/\/diarioprincipios.com\/index.php\/2023\/04\/27\/primer-ano-de-gestion-de-antonella-comparato-al-frente-de-la-defensoria-del-pueblo-con-mucha-presencia-en-los-barrios\/#respond"]}]},{"@type":"WebPage","@id":"https:\/\/diarioprincipios.com\/index.php\/2023\/04\/27\/primer-ano-de-gestion-de-antonella-comparato-al-frente-de-la-defensoria-del-pueblo-con-mucha-presencia-en-los-barrios\/","url":"https:\/\/diarioprincipios.com\/index.php\/2023\/04\/27\/primer-ano-de-gestion-de-antonella-comparato-al-frente-de-la-defensoria-del-pueblo-con-mucha-presencia-en-los-barrios\/","name":"Primer a\u00f1o de gesti\u00f3n de Antonella Comparato al frente de la Defensoria del Pueblo con mucha presencia en los barrios - Principios","isPartOf":{"@id":"https:\/\/diarioprincipios.com\/#website"},"primaryImageOfPage":{"@id":"https:\/\/diarioprincipios.com\/index.php\/2023\/04\/27\/primer-ano-de-gestion-de-antonella-comparato-al-frente-de-la-defensoria-del-pueblo-con-mucha-presencia-en-los-barrios\/#primaryimage"},"image":{"@id":"https:\/\/diarioprincipios.com\/index.php\/2023\/04\/27\/primer-ano-de-gestion-de-antonella-comparato-al-frente-de-la-defensoria-del-pueblo-con-mucha-presencia-en-los-barrios\/#primaryimage"},"thumbnailUrl":"https:\/\/diarioprincipios.com\/wp-content\/uploads\/2023\/04\/IMG-20230425-WA0034.jpg","datePublished":"2023-04-27T15:55:11+00:00","dateModified":"2023-04-28T16:07:28+00:00","breadcrumb":{"@id":"https:\/\/diarioprincipios.com\/index.php\/2023\/04\/27\/primer-ano-de-gestion-de-antonella-comparato-al-frente-de-la-defensoria-del-pueblo-con-mucha-presencia-en-los-barrios\/#breadcrumb"},"inLanguage":"es","potentialAction":[{"@type":"ReadAction","target":["https:\/\/diarioprincipios.com\/index.php\/2023\/04\/27\/primer-ano-de-gestion-de-antonella-comparato-al-frente-de-la-defensoria-del-pueblo-con-mucha-presencia-en-los-barrios\/"]}]},{"@type":"ImageObject","inLanguage":"es","@id":"https:\/\/diarioprincipios.com\/index.php\/2023\/04\/27\/primer-ano-de-gestion-de-antonella-comparato-al-frente-de-la-defensoria-del-pueblo-con-mucha-presencia-en-los-barrios\/#primaryimage","url":"https:\/\/diarioprincipios.com\/wp-content\/uploads\/2023\/04\/IMG-20230425-WA0034.jpg","contentUrl":"https:\/\/diarioprincipios.com\/wp-content\/uploads\/2023\/04\/IMG-20230425-WA0034.jpg","width":1280,"height":853},{"@type":"BreadcrumbList","@id":"https:\/\/diarioprincipios.com\/index.php\/2023\/04\/27\/primer-ano-de-gestion-de-antonella-comparato-al-frente-de-la-defensoria-del-pueblo-con-mucha-presencia-en-los-barrios\/#breadcrumb","itemListElement":[{"@type":"ListItem","position":1,"name":"Portada","item":"https:\/\/diarioprincipios.com\/"},{"@type":"ListItem","position":2,"name":"Primer a\u00f1o de gesti\u00f3n de Antonella Comparato al frente de la Defensoria del Pueblo con mucha presencia en los barrios"}]},{"@type":"WebSite","@id":"https:\/\/diarioprincipios.com\/#website","url":"https:\/\/diarioprincipios.com\/","name":"Principios","description":"Principios Diario","publisher":{"@id":"https:\/\/diarioprincipios.com\/#organization"},"potentialAction":[{"@type":"SearchAction","target":{"@type":"EntryPoint","urlTemplate":"https:\/\/diarioprincipios.com\/?s={search_term_string}"},"query-input":{"@type":"PropertyValueSpecification","valueRequired":true,"valueName":"search_term_string"}}],"inLanguage":"es"},{"@type":"Organization","@id":"https:\/\/diarioprincipios.com\/#organization","name":"Principios","url":"https:\/\/diarioprincipios.com\/","logo":{"@type":"ImageObject","inLanguage":"es","@id":"https:\/\/diarioprincipios.com\/#\/schema\/logo\/image\/","url":"https:\/\/diarioprincipios.com\/wp-content\/uploads\/2024\/04\/cropped-www.diarioprincipios.com_-1.png","contentUrl":"https:\/\/diarioprincipios.com\/wp-content\/uploads\/2024\/04\/cropped-www.diarioprincipios.com_-1.png","width":5325,"height":1454,"caption":"Principios"},"image":{"@id":"https:\/\/diarioprincipios.com\/#\/schema\/logo\/image\/"}},{"@type":"Person","@id":"https:\/\/diarioprincipios.com\/#\/schema\/person\/436d5a1fd41a5e250e23ff5a6a7cb080","name":"Hern\u00e1n L\u00f3pez","image":{"@type":"ImageObject","inLanguage":"es","@id":"https:\/\/diarioprincipios.com\/wp-content\/litespeed\/avatar\/11ddfe5610ff3bd100522525b2571f48.jpg?ver=1777048341","url":"https:\/\/diarioprincipios.com\/wp-content\/litespeed\/avatar\/11ddfe5610ff3bd100522525b2571f48.jpg?ver=1777048341","contentUrl":"https:\/\/diarioprincipios.com\/wp-content\/litespeed\/avatar\/11ddfe5610ff3bd100522525b2571f48.jpg?ver=1777048341","caption":"Hern\u00e1n L\u00f3pez"},"url":"https:\/\/diarioprincipios.com\/index.php\/author\/hernan\/"}]}},"jetpack_featured_media_url":"https:\/\/diarioprincipios.com\/wp-content\/uploads\/2023\/04\/IMG-20230425-WA0034.jpg","_links":{"self":[{"href":"https:\/\/diarioprincipios.com\/index.php\/wp-json\/wp\/v2\/posts\/16760","targetHints":{"allow":["GET"]}}],"collection":[{"href":"https:\/\/diarioprincipios.com\/index.php\/wp-json\/wp\/v2\/posts"}],"about":[{"href":"https:\/\/diarioprincipios.com\/index.php\/wp-json\/wp\/v2\/types\/post"}],"author":[{"embeddable":true,"href":"https:\/\/diarioprincipios.com\/index.php\/wp-json\/wp\/v2\/users\/2"}],"replies":[{"embeddable":true,"href":"https:\/\/diarioprincipios.com\/index.php\/wp-json\/wp\/v2\/comments?post=16760"}],"version-history":[{"count":1,"href":"https:\/\/diarioprincipios.com\/index.php\/wp-json\/wp\/v2\/posts\/16760\/revisions"}],"predecessor-version":[{"id":16766,"href":"https:\/\/diarioprincipios.com\/index.php\/wp-json\/wp\/v2\/posts\/16760\/revisions\/16766"}],"wp:featuredmedia":[{"embeddable":true,"href":"https:\/\/diarioprincipios.com\/index.php\/wp-json\/wp\/v2\/media\/16764"}],"wp:attachment":[{"href":"https:\/\/diarioprincipios.com\/index.php\/wp-json\/wp\/v2\/media?parent=16760"}],"wp:term":[{"taxonomy":"category","embeddable":true,"href":"https:\/\/diarioprincipios.com\/index.php\/wp-json\/wp\/v2\/categories?post=16760"},{"taxonomy":"post_tag","embeddable":true,"href":"https:\/\/diarioprincipios.com\/index.php\/wp-json\/wp\/v2\/tags?post=16760"}],"curies":[{"name":"wp","href":"https:\/\/api.w.org\/{rel}","templated":true}]}}