{"id":16757,"date":"2023-04-26T23:14:13","date_gmt":"2023-04-27T02:14:13","guid":{"rendered":"http:\/\/diarioprincipios.com\/?p=16757"},"modified":"2023-04-28T13:07:23","modified_gmt":"2023-04-28T16:07:23","slug":"mas-berazateguenses-podran-refaccionar-y-ampliar-sus-viviendas","status":"publish","type":"post","link":"https:\/\/diarioprincipios.com\/index.php\/2023\/04\/26\/mas-berazateguenses-podran-refaccionar-y-ampliar-sus-viviendas\/","title":{"rendered":"M\u00e1s berazateguenses podr\u00e1n refaccionar y ampliar sus viviendas"},"content":{"rendered":"\n<p><strong>Cada vez m\u00e1s vecinos y vecinas de Berazategui son beneficiados por el Programa Buenos Aires Crea, destinado a quienes desean realizar reformas, refacciones o ampliaciones en su hogar. A trav\u00e9s de esta iniciativa se brindan cr\u00e9ditos accesibles para que m\u00e1s familias bonaerenses puedan vivir mejor. Adem\u00e1s, es una pol\u00edtica que busca motorizar la econom\u00eda, impulsando la construcci\u00f3n y el empleo local.<\/strong><\/p>\n\n\n\n<p>BA Crea es un Programa del Ministerio de H\u00e1bitat y Desarrollo Urbano de la provincia de Buenos Aires que otorga cr\u00e9ditos a trav\u00e9s del Instituto de la Vivienda; y se suma a iniciativas de la Municipalidad de Berazategui&nbsp; -a cargo del intendente Juan Jos\u00e9 Mussi- para garantizar el derecho a un h\u00e1bitat justo en todo el territorio.<\/p>\n\n\n\n<p>Luc\u00eda Vega, titular de la Agencia de Tierras y H\u00e1bitat local, afirm\u00f3: \u201cBerazategui tiene vecinos y vecinas que ya se inscribieron en el BA Crea. Ya comenzaron los sorteos y entregamos el sexto cr\u00e9dito de entre aquellos otorgados en la ciudad. Esperamos que muchos m\u00e1s vecinos y vecinas del distrito sean beneficiados. Este programa tiene un margen importante de cr\u00e9dito, acorde a las obras que necesite realizar la familia y a sus ingresos. Los beneficiarios lo devuelven en cuotas, pero con un porcentaje m\u00ednimo de inter\u00e9s. Para inscribirse, deben ingresar a&nbsp;<a rel=\"noreferrer noopener\" target=\"_blank\" href=\"http:\/\/buenosairescrea.gba.gob.ar\/\">buenosairescrea.gba.gob.ar<\/a>; y en caso de necesitar ayuda, pueden acercarse a la Direcci\u00f3n de Viviendas (Av. 14 e\/ 131 y 131 A)\u201d.<\/p>\n\n\n\n<p>Los requisitos para anotarse son: presentar DNI; tener entre 18 y 70 a\u00f1os; residir en la provincia de Buenos Aires por al menos 2 a\u00f1os; habitar el hogar donde se realizar\u00e1 la obra; ser propietaria\/o, inquilina\/o o habitar una casa en pr\u00e9stamo; contar con ingresos demostrables de entre 1 y 5 salarios m\u00ednimos; y, en caso de no poder acreditar ingresos, presentar una declaraci\u00f3n jurada demostrando consumos a trav\u00e9s de los res\u00famenes pagos de la tarjeta de cr\u00e9dito del \u00faltimo a\u00f1o. El vecino o vecina podr\u00e1 optar entre tres l\u00edneas de financiamiento: para refacciones menores, refacciones mayores o ampliaciones.<\/p>\n\n\n\n<p>Eliana Medina, del barrio Los Manzanos, destac\u00f3: \u201cEstoy contenta porque me adjudicaron el cr\u00e9dito que ped\u00ed para refaccionar y ampliar mi casa. Ahora voy a poder hacerlo. A veces es dif\u00edcil hacer todo lo que uno necesita en la casa con, \u00fanicamente, el sueldo propio. Adem\u00e1s, me anot\u00e9 en un Plan de Escrituraci\u00f3n del Municipio. Me present\u00e9 y segu\u00ed los pasos que me indicaron para llegar a tener mi escritura. Para mi es una alegr\u00eda terminar mi casa y darle esto a mi familia. Agradezco todo lo que est\u00e1n haciendo por nosotros\u201d.<\/p>\n","protected":false},"excerpt":{"rendered":"<p>Cada vez m\u00e1s vecinos y vecinas de Berazategui son beneficiados por el Programa Buenos Aires Crea, destinado a quienes desean realizar reformas, refacciones o ampliaciones en su hogar. A trav\u00e9s de esta iniciativa se brindan cr\u00e9ditos accesibles para que m\u00e1s familias bonaerenses puedan vivir mejor. Adem\u00e1s, es una pol\u00edtica que busca motorizar la econom\u00eda, impulsando&#8230;<\/p>\n","protected":false},"author":2,"featured_media":16758,"comment_status":"open","ping_status":"open","sticky":false,"template":"","format":"standard","meta":{"footnotes":""},"categories":[3],"tags":[],"class_list":["post-16757","post","type-post","status-publish","format-standard","has-post-thumbnail","hentry","category-berazategui"],"featured_image_src":"https:\/\/diarioprincipios.com\/wp-content\/uploads\/2023\/04\/MAS-BERAZATEGUENSES-PODRAN-REFACCIONAR-Y-AMPLIAR-SUS-VIVIENDAS-1-1024x683.jpg","blog_images":{"medium":"https:\/\/diarioprincipios.com\/wp-content\/uploads\/2023\/04\/MAS-BERAZATEGUENSES-PODRAN-REFACCIONAR-Y-AMPLIAR-SUS-VIVIENDAS-1-300x200.jpg","large":"https:\/\/diarioprincipios.com\/wp-content\/uploads\/2023\/04\/MAS-BERAZATEGUENSES-PODRAN-REFACCIONAR-Y-AMPLIAR-SUS-VIVIENDAS-1-1024x683.jpg"},"ams_acf":[],"yoast_head":"<!-- This site is optimized with the Yoast SEO plugin v27.3 - https:\/\/yoast.com\/product\/yoast-seo-wordpress\/ -->\n<title>M\u00e1s berazateguenses podr\u00e1n refaccionar y ampliar sus viviendas - Principios<\/title>\n<meta name=\"robots\" content=\"index, follow, max-snippet:-1, max-image-preview:large, max-video-preview:-1\" \/>\n<link rel=\"canonical\" href=\"https:\/\/diarioprincipios.com\/index.php\/2023\/04\/26\/mas-berazateguenses-podran-refaccionar-y-ampliar-sus-viviendas\/\" \/>\n<meta property=\"og:locale\" content=\"es_ES\" \/>\n<meta property=\"og:type\" content=\"article\" \/>\n<meta property=\"og:title\" content=\"M\u00e1s berazateguenses podr\u00e1n refaccionar y ampliar sus viviendas - Principios\" \/>\n<meta property=\"og:description\" content=\"Cada vez m\u00e1s vecinos y vecinas de Berazategui son beneficiados por el Programa Buenos Aires Crea, destinado a quienes desean realizar reformas, refacciones o ampliaciones en su hogar. A trav\u00e9s de esta iniciativa se brindan cr\u00e9ditos accesibles para que m\u00e1s familias bonaerenses puedan vivir mejor. Adem\u00e1s, es una pol\u00edtica que busca motorizar la econom\u00eda, impulsando...\" \/>\n<meta property=\"og:url\" content=\"https:\/\/diarioprincipios.com\/index.php\/2023\/04\/26\/mas-berazateguenses-podran-refaccionar-y-ampliar-sus-viviendas\/\" \/>\n<meta property=\"og:site_name\" content=\"Principios\" \/>\n<meta property=\"article:published_time\" content=\"2023-04-27T02:14:13+00:00\" \/>\n<meta property=\"article:modified_time\" content=\"2023-04-28T16:07:23+00:00\" \/>\n<meta property=\"og:image\" content=\"https:\/\/diarioprincipios.com\/wp-content\/uploads\/2023\/04\/MAS-BERAZATEGUENSES-PODRAN-REFACCIONAR-Y-AMPLIAR-SUS-VIVIENDAS-1.jpg\" \/>\n\t<meta property=\"og:image:width\" content=\"1920\" \/>\n\t<meta property=\"og:image:height\" content=\"1280\" \/>\n\t<meta property=\"og:image:type\" content=\"image\/jpeg\" \/>\n<meta name=\"author\" content=\"Hern\u00e1n L\u00f3pez\" \/>\n<meta name=\"twitter:card\" content=\"summary_large_image\" \/>\n<meta name=\"twitter:label1\" content=\"Escrito por\" \/>\n\t<meta name=\"twitter:data1\" content=\"Hern\u00e1n L\u00f3pez\" \/>\n\t<meta name=\"twitter:label2\" content=\"Tiempo de lectura\" \/>\n\t<meta name=\"twitter:data2\" content=\"2 minutos\" \/>\n<script type=\"application\/ld+json\" class=\"yoast-schema-graph\">{\"@context\":\"https:\\\/\\\/schema.org\",\"@graph\":[{\"@type\":\"Article\",\"@id\":\"https:\\\/\\\/diarioprincipios.com\\\/index.php\\\/2023\\\/04\\\/26\\\/mas-berazateguenses-podran-refaccionar-y-ampliar-sus-viviendas\\\/#article\",\"isPartOf\":{\"@id\":\"https:\\\/\\\/diarioprincipios.com\\\/index.php\\\/2023\\\/04\\\/26\\\/mas-berazateguenses-podran-refaccionar-y-ampliar-sus-viviendas\\\/\"},\"author\":{\"name\":\"Hern\u00e1n L\u00f3pez\",\"@id\":\"https:\\\/\\\/diarioprincipios.com\\\/#\\\/schema\\\/person\\\/436d5a1fd41a5e250e23ff5a6a7cb080\"},\"headline\":\"M\u00e1s berazateguenses podr\u00e1n refaccionar y ampliar sus viviendas\",\"datePublished\":\"2023-04-27T02:14:13+00:00\",\"dateModified\":\"2023-04-28T16:07:23+00:00\",\"mainEntityOfPage\":{\"@id\":\"https:\\\/\\\/diarioprincipios.com\\\/index.php\\\/2023\\\/04\\\/26\\\/mas-berazateguenses-podran-refaccionar-y-ampliar-sus-viviendas\\\/\"},\"wordCount\":466,\"commentCount\":0,\"publisher\":{\"@id\":\"https:\\\/\\\/diarioprincipios.com\\\/#organization\"},\"image\":{\"@id\":\"https:\\\/\\\/diarioprincipios.com\\\/index.php\\\/2023\\\/04\\\/26\\\/mas-berazateguenses-podran-refaccionar-y-ampliar-sus-viviendas\\\/#primaryimage\"},\"thumbnailUrl\":\"https:\\\/\\\/diarioprincipios.com\\\/wp-content\\\/uploads\\\/2023\\\/04\\\/MAS-BERAZATEGUENSES-PODRAN-REFACCIONAR-Y-AMPLIAR-SUS-VIVIENDAS-1.jpg\",\"articleSection\":[\"Berazategui\"],\"inLanguage\":\"es\",\"potentialAction\":[{\"@type\":\"CommentAction\",\"name\":\"Comment\",\"target\":[\"https:\\\/\\\/diarioprincipios.com\\\/index.php\\\/2023\\\/04\\\/26\\\/mas-berazateguenses-podran-refaccionar-y-ampliar-sus-viviendas\\\/#respond\"]}]},{\"@type\":\"WebPage\",\"@id\":\"https:\\\/\\\/diarioprincipios.com\\\/index.php\\\/2023\\\/04\\\/26\\\/mas-berazateguenses-podran-refaccionar-y-ampliar-sus-viviendas\\\/\",\"url\":\"https:\\\/\\\/diarioprincipios.com\\\/index.php\\\/2023\\\/04\\\/26\\\/mas-berazateguenses-podran-refaccionar-y-ampliar-sus-viviendas\\\/\",\"name\":\"M\u00e1s berazateguenses podr\u00e1n refaccionar y ampliar sus viviendas - Principios\",\"isPartOf\":{\"@id\":\"https:\\\/\\\/diarioprincipios.com\\\/#website\"},\"primaryImageOfPage\":{\"@id\":\"https:\\\/\\\/diarioprincipios.com\\\/index.php\\\/2023\\\/04\\\/26\\\/mas-berazateguenses-podran-refaccionar-y-ampliar-sus-viviendas\\\/#primaryimage\"},\"image\":{\"@id\":\"https:\\\/\\\/diarioprincipios.com\\\/index.php\\\/2023\\\/04\\\/26\\\/mas-berazateguenses-podran-refaccionar-y-ampliar-sus-viviendas\\\/#primaryimage\"},\"thumbnailUrl\":\"https:\\\/\\\/diarioprincipios.com\\\/wp-content\\\/uploads\\\/2023\\\/04\\\/MAS-BERAZATEGUENSES-PODRAN-REFACCIONAR-Y-AMPLIAR-SUS-VIVIENDAS-1.jpg\",\"datePublished\":\"2023-04-27T02:14:13+00:00\",\"dateModified\":\"2023-04-28T16:07:23+00:00\",\"breadcrumb\":{\"@id\":\"https:\\\/\\\/diarioprincipios.com\\\/index.php\\\/2023\\\/04\\\/26\\\/mas-berazateguenses-podran-refaccionar-y-ampliar-sus-viviendas\\\/#breadcrumb\"},\"inLanguage\":\"es\",\"potentialAction\":[{\"@type\":\"ReadAction\",\"target\":[\"https:\\\/\\\/diarioprincipios.com\\\/index.php\\\/2023\\\/04\\\/26\\\/mas-berazateguenses-podran-refaccionar-y-ampliar-sus-viviendas\\\/\"]}]},{\"@type\":\"ImageObject\",\"inLanguage\":\"es\",\"@id\":\"https:\\\/\\\/diarioprincipios.com\\\/index.php\\\/2023\\\/04\\\/26\\\/mas-berazateguenses-podran-refaccionar-y-ampliar-sus-viviendas\\\/#primaryimage\",\"url\":\"https:\\\/\\\/diarioprincipios.com\\\/wp-content\\\/uploads\\\/2023\\\/04\\\/MAS-BERAZATEGUENSES-PODRAN-REFACCIONAR-Y-AMPLIAR-SUS-VIVIENDAS-1.jpg\",\"contentUrl\":\"https:\\\/\\\/diarioprincipios.com\\\/wp-content\\\/uploads\\\/2023\\\/04\\\/MAS-BERAZATEGUENSES-PODRAN-REFACCIONAR-Y-AMPLIAR-SUS-VIVIENDAS-1.jpg\",\"width\":1920,\"height\":1280},{\"@type\":\"BreadcrumbList\",\"@id\":\"https:\\\/\\\/diarioprincipios.com\\\/index.php\\\/2023\\\/04\\\/26\\\/mas-berazateguenses-podran-refaccionar-y-ampliar-sus-viviendas\\\/#breadcrumb\",\"itemListElement\":[{\"@type\":\"ListItem\",\"position\":1,\"name\":\"Portada\",\"item\":\"https:\\\/\\\/diarioprincipios.com\\\/\"},{\"@type\":\"ListItem\",\"position\":2,\"name\":\"M\u00e1s berazateguenses podr\u00e1n refaccionar y ampliar sus viviendas\"}]},{\"@type\":\"WebSite\",\"@id\":\"https:\\\/\\\/diarioprincipios.com\\\/#website\",\"url\":\"https:\\\/\\\/diarioprincipios.com\\\/\",\"name\":\"Principios\",\"description\":\"Principios Diario\",\"publisher\":{\"@id\":\"https:\\\/\\\/diarioprincipios.com\\\/#organization\"},\"potentialAction\":[{\"@type\":\"SearchAction\",\"target\":{\"@type\":\"EntryPoint\",\"urlTemplate\":\"https:\\\/\\\/diarioprincipios.com\\\/?s={search_term_string}\"},\"query-input\":{\"@type\":\"PropertyValueSpecification\",\"valueRequired\":true,\"valueName\":\"search_term_string\"}}],\"inLanguage\":\"es\"},{\"@type\":\"Organization\",\"@id\":\"https:\\\/\\\/diarioprincipios.com\\\/#organization\",\"name\":\"Principios\",\"url\":\"https:\\\/\\\/diarioprincipios.com\\\/\",\"logo\":{\"@type\":\"ImageObject\",\"inLanguage\":\"es\",\"@id\":\"https:\\\/\\\/diarioprincipios.com\\\/#\\\/schema\\\/logo\\\/image\\\/\",\"url\":\"https:\\\/\\\/diarioprincipios.com\\\/wp-content\\\/uploads\\\/2024\\\/04\\\/cropped-www.diarioprincipios.com_-1.png\",\"contentUrl\":\"https:\\\/\\\/diarioprincipios.com\\\/wp-content\\\/uploads\\\/2024\\\/04\\\/cropped-www.diarioprincipios.com_-1.png\",\"width\":5325,\"height\":1454,\"caption\":\"Principios\"},\"image\":{\"@id\":\"https:\\\/\\\/diarioprincipios.com\\\/#\\\/schema\\\/logo\\\/image\\\/\"}},{\"@type\":\"Person\",\"@id\":\"https:\\\/\\\/diarioprincipios.com\\\/#\\\/schema\\\/person\\\/436d5a1fd41a5e250e23ff5a6a7cb080\",\"name\":\"Hern\u00e1n L\u00f3pez\",\"image\":{\"@type\":\"ImageObject\",\"inLanguage\":\"es\",\"@id\":\"https:\\\/\\\/diarioprincipios.com\\\/wp-content\\\/litespeed\\\/avatar\\\/11ddfe5610ff3bd100522525b2571f48.jpg?ver=1777048341\",\"url\":\"https:\\\/\\\/diarioprincipios.com\\\/wp-content\\\/litespeed\\\/avatar\\\/11ddfe5610ff3bd100522525b2571f48.jpg?ver=1777048341\",\"contentUrl\":\"https:\\\/\\\/diarioprincipios.com\\\/wp-content\\\/litespeed\\\/avatar\\\/11ddfe5610ff3bd100522525b2571f48.jpg?ver=1777048341\",\"caption\":\"Hern\u00e1n L\u00f3pez\"},\"url\":\"https:\\\/\\\/diarioprincipios.com\\\/index.php\\\/author\\\/hernan\\\/\"}]}<\/script>\n<!-- \/ Yoast SEO plugin. -->","yoast_head_json":{"title":"M\u00e1s berazateguenses podr\u00e1n refaccionar y ampliar sus viviendas - Principios","robots":{"index":"index","follow":"follow","max-snippet":"max-snippet:-1","max-image-preview":"max-image-preview:large","max-video-preview":"max-video-preview:-1"},"canonical":"https:\/\/diarioprincipios.com\/index.php\/2023\/04\/26\/mas-berazateguenses-podran-refaccionar-y-ampliar-sus-viviendas\/","og_locale":"es_ES","og_type":"article","og_title":"M\u00e1s berazateguenses podr\u00e1n refaccionar y ampliar sus viviendas - Principios","og_description":"Cada vez m\u00e1s vecinos y vecinas de Berazategui son beneficiados por el Programa Buenos Aires Crea, destinado a quienes desean realizar reformas, refacciones o ampliaciones en su hogar. A trav\u00e9s de esta iniciativa se brindan cr\u00e9ditos accesibles para que m\u00e1s familias bonaerenses puedan vivir mejor. Adem\u00e1s, es una pol\u00edtica que busca motorizar la econom\u00eda, impulsando...","og_url":"https:\/\/diarioprincipios.com\/index.php\/2023\/04\/26\/mas-berazateguenses-podran-refaccionar-y-ampliar-sus-viviendas\/","og_site_name":"Principios","article_published_time":"2023-04-27T02:14:13+00:00","article_modified_time":"2023-04-28T16:07:23+00:00","og_image":[{"width":1920,"height":1280,"url":"https:\/\/diarioprincipios.com\/wp-content\/uploads\/2023\/04\/MAS-BERAZATEGUENSES-PODRAN-REFACCIONAR-Y-AMPLIAR-SUS-VIVIENDAS-1.jpg","type":"image\/jpeg"}],"author":"Hern\u00e1n L\u00f3pez","twitter_card":"summary_large_image","twitter_misc":{"Escrito por":"Hern\u00e1n L\u00f3pez","Tiempo de lectura":"2 minutos"},"schema":{"@context":"https:\/\/schema.org","@graph":[{"@type":"Article","@id":"https:\/\/diarioprincipios.com\/index.php\/2023\/04\/26\/mas-berazateguenses-podran-refaccionar-y-ampliar-sus-viviendas\/#article","isPartOf":{"@id":"https:\/\/diarioprincipios.com\/index.php\/2023\/04\/26\/mas-berazateguenses-podran-refaccionar-y-ampliar-sus-viviendas\/"},"author":{"name":"Hern\u00e1n L\u00f3pez","@id":"https:\/\/diarioprincipios.com\/#\/schema\/person\/436d5a1fd41a5e250e23ff5a6a7cb080"},"headline":"M\u00e1s berazateguenses podr\u00e1n refaccionar y ampliar sus viviendas","datePublished":"2023-04-27T02:14:13+00:00","dateModified":"2023-04-28T16:07:23+00:00","mainEntityOfPage":{"@id":"https:\/\/diarioprincipios.com\/index.php\/2023\/04\/26\/mas-berazateguenses-podran-refaccionar-y-ampliar-sus-viviendas\/"},"wordCount":466,"commentCount":0,"publisher":{"@id":"https:\/\/diarioprincipios.com\/#organization"},"image":{"@id":"https:\/\/diarioprincipios.com\/index.php\/2023\/04\/26\/mas-berazateguenses-podran-refaccionar-y-ampliar-sus-viviendas\/#primaryimage"},"thumbnailUrl":"https:\/\/diarioprincipios.com\/wp-content\/uploads\/2023\/04\/MAS-BERAZATEGUENSES-PODRAN-REFACCIONAR-Y-AMPLIAR-SUS-VIVIENDAS-1.jpg","articleSection":["Berazategui"],"inLanguage":"es","potentialAction":[{"@type":"CommentAction","name":"Comment","target":["https:\/\/diarioprincipios.com\/index.php\/2023\/04\/26\/mas-berazateguenses-podran-refaccionar-y-ampliar-sus-viviendas\/#respond"]}]},{"@type":"WebPage","@id":"https:\/\/diarioprincipios.com\/index.php\/2023\/04\/26\/mas-berazateguenses-podran-refaccionar-y-ampliar-sus-viviendas\/","url":"https:\/\/diarioprincipios.com\/index.php\/2023\/04\/26\/mas-berazateguenses-podran-refaccionar-y-ampliar-sus-viviendas\/","name":"M\u00e1s berazateguenses podr\u00e1n refaccionar y ampliar sus viviendas - Principios","isPartOf":{"@id":"https:\/\/diarioprincipios.com\/#website"},"primaryImageOfPage":{"@id":"https:\/\/diarioprincipios.com\/index.php\/2023\/04\/26\/mas-berazateguenses-podran-refaccionar-y-ampliar-sus-viviendas\/#primaryimage"},"image":{"@id":"https:\/\/diarioprincipios.com\/index.php\/2023\/04\/26\/mas-berazateguenses-podran-refaccionar-y-ampliar-sus-viviendas\/#primaryimage"},"thumbnailUrl":"https:\/\/diarioprincipios.com\/wp-content\/uploads\/2023\/04\/MAS-BERAZATEGUENSES-PODRAN-REFACCIONAR-Y-AMPLIAR-SUS-VIVIENDAS-1.jpg","datePublished":"2023-04-27T02:14:13+00:00","dateModified":"2023-04-28T16:07:23+00:00","breadcrumb":{"@id":"https:\/\/diarioprincipios.com\/index.php\/2023\/04\/26\/mas-berazateguenses-podran-refaccionar-y-ampliar-sus-viviendas\/#breadcrumb"},"inLanguage":"es","potentialAction":[{"@type":"ReadAction","target":["https:\/\/diarioprincipios.com\/index.php\/2023\/04\/26\/mas-berazateguenses-podran-refaccionar-y-ampliar-sus-viviendas\/"]}]},{"@type":"ImageObject","inLanguage":"es","@id":"https:\/\/diarioprincipios.com\/index.php\/2023\/04\/26\/mas-berazateguenses-podran-refaccionar-y-ampliar-sus-viviendas\/#primaryimage","url":"https:\/\/diarioprincipios.com\/wp-content\/uploads\/2023\/04\/MAS-BERAZATEGUENSES-PODRAN-REFACCIONAR-Y-AMPLIAR-SUS-VIVIENDAS-1.jpg","contentUrl":"https:\/\/diarioprincipios.com\/wp-content\/uploads\/2023\/04\/MAS-BERAZATEGUENSES-PODRAN-REFACCIONAR-Y-AMPLIAR-SUS-VIVIENDAS-1.jpg","width":1920,"height":1280},{"@type":"BreadcrumbList","@id":"https:\/\/diarioprincipios.com\/index.php\/2023\/04\/26\/mas-berazateguenses-podran-refaccionar-y-ampliar-sus-viviendas\/#breadcrumb","itemListElement":[{"@type":"ListItem","position":1,"name":"Portada","item":"https:\/\/diarioprincipios.com\/"},{"@type":"ListItem","position":2,"name":"M\u00e1s berazateguenses podr\u00e1n refaccionar y ampliar sus viviendas"}]},{"@type":"WebSite","@id":"https:\/\/diarioprincipios.com\/#website","url":"https:\/\/diarioprincipios.com\/","name":"Principios","description":"Principios Diario","publisher":{"@id":"https:\/\/diarioprincipios.com\/#organization"},"potentialAction":[{"@type":"SearchAction","target":{"@type":"EntryPoint","urlTemplate":"https:\/\/diarioprincipios.com\/?s={search_term_string}"},"query-input":{"@type":"PropertyValueSpecification","valueRequired":true,"valueName":"search_term_string"}}],"inLanguage":"es"},{"@type":"Organization","@id":"https:\/\/diarioprincipios.com\/#organization","name":"Principios","url":"https:\/\/diarioprincipios.com\/","logo":{"@type":"ImageObject","inLanguage":"es","@id":"https:\/\/diarioprincipios.com\/#\/schema\/logo\/image\/","url":"https:\/\/diarioprincipios.com\/wp-content\/uploads\/2024\/04\/cropped-www.diarioprincipios.com_-1.png","contentUrl":"https:\/\/diarioprincipios.com\/wp-content\/uploads\/2024\/04\/cropped-www.diarioprincipios.com_-1.png","width":5325,"height":1454,"caption":"Principios"},"image":{"@id":"https:\/\/diarioprincipios.com\/#\/schema\/logo\/image\/"}},{"@type":"Person","@id":"https:\/\/diarioprincipios.com\/#\/schema\/person\/436d5a1fd41a5e250e23ff5a6a7cb080","name":"Hern\u00e1n L\u00f3pez","image":{"@type":"ImageObject","inLanguage":"es","@id":"https:\/\/diarioprincipios.com\/wp-content\/litespeed\/avatar\/11ddfe5610ff3bd100522525b2571f48.jpg?ver=1777048341","url":"https:\/\/diarioprincipios.com\/wp-content\/litespeed\/avatar\/11ddfe5610ff3bd100522525b2571f48.jpg?ver=1777048341","contentUrl":"https:\/\/diarioprincipios.com\/wp-content\/litespeed\/avatar\/11ddfe5610ff3bd100522525b2571f48.jpg?ver=1777048341","caption":"Hern\u00e1n L\u00f3pez"},"url":"https:\/\/diarioprincipios.com\/index.php\/author\/hernan\/"}]}},"jetpack_featured_media_url":"https:\/\/diarioprincipios.com\/wp-content\/uploads\/2023\/04\/MAS-BERAZATEGUENSES-PODRAN-REFACCIONAR-Y-AMPLIAR-SUS-VIVIENDAS-1.jpg","_links":{"self":[{"href":"https:\/\/diarioprincipios.com\/index.php\/wp-json\/wp\/v2\/posts\/16757","targetHints":{"allow":["GET"]}}],"collection":[{"href":"https:\/\/diarioprincipios.com\/index.php\/wp-json\/wp\/v2\/posts"}],"about":[{"href":"https:\/\/diarioprincipios.com\/index.php\/wp-json\/wp\/v2\/types\/post"}],"author":[{"embeddable":true,"href":"https:\/\/diarioprincipios.com\/index.php\/wp-json\/wp\/v2\/users\/2"}],"replies":[{"embeddable":true,"href":"https:\/\/diarioprincipios.com\/index.php\/wp-json\/wp\/v2\/comments?post=16757"}],"version-history":[{"count":1,"href":"https:\/\/diarioprincipios.com\/index.php\/wp-json\/wp\/v2\/posts\/16757\/revisions"}],"predecessor-version":[{"id":16759,"href":"https:\/\/diarioprincipios.com\/index.php\/wp-json\/wp\/v2\/posts\/16757\/revisions\/16759"}],"wp:featuredmedia":[{"embeddable":true,"href":"https:\/\/diarioprincipios.com\/index.php\/wp-json\/wp\/v2\/media\/16758"}],"wp:attachment":[{"href":"https:\/\/diarioprincipios.com\/index.php\/wp-json\/wp\/v2\/media?parent=16757"}],"wp:term":[{"taxonomy":"category","embeddable":true,"href":"https:\/\/diarioprincipios.com\/index.php\/wp-json\/wp\/v2\/categories?post=16757"},{"taxonomy":"post_tag","embeddable":true,"href":"https:\/\/diarioprincipios.com\/index.php\/wp-json\/wp\/v2\/tags?post=16757"}],"curies":[{"name":"wp","href":"https:\/\/api.w.org\/{rel}","templated":true}]}}