{"id":16753,"date":"2023-04-26T15:49:35","date_gmt":"2023-04-26T18:49:35","guid":{"rendered":"http:\/\/diarioprincipios.com\/?p=16753"},"modified":"2023-04-28T13:14:04","modified_gmt":"2023-04-28T16:14:04","slug":"avellaneda-y-la-provincia-trabajan-juntos-en-la-formacion-en-materia-de-seguridad","status":"publish","type":"post","link":"https:\/\/diarioprincipios.com\/index.php\/2023\/04\/26\/avellaneda-y-la-provincia-trabajan-juntos-en-la-formacion-en-materia-de-seguridad\/","title":{"rendered":"Avellaneda y la Provincia trabajan juntos en la formaci\u00f3n en materia de seguridad"},"content":{"rendered":"\n<p>Se lanzaron diplomaturas y seminarios destinados a funcionarios locales y organizaciones civiles de la ciudad.<\/p>\n\n\n\n<p>El secretario de Seguridad Ciudadana de Avellaneda, Alejo Chornobroff, junto con el subsecretario de Formaci\u00f3n y Desarrollo Profesional del Ministerio de Seguridad de la Provincia de Buenos Aires, Javier Alonso, encabezaron en el Centro Municipal de Arte de Avellaneda la presentaci\u00f3n de la oferta acad\u00e9mica del Instituto Universitario Policial Provincial \u201cComisario Juan Vucetich\u201d.<\/p>\n\n\n\n<p>Estos cursos y seminarios est\u00e1n dirigidos a funcionarios policiales, municipales e integrantes de organizaciones de la sociedad civil.<\/p>\n\n\n\n<figure class=\"wp-block-image size-large\"><img loading=\"lazy\" decoding=\"async\" width=\"1024\" height=\"681\" src=\"https:\/\/diarioprincipios.com\/wp-content\/uploads\/2023\/04\/WhatsApp-Image-2023-04-26-at-10_32_37-1024x681.jpeg\" alt=\"\" class=\"wp-image-16754\" srcset=\"https:\/\/diarioprincipios.com\/wp-content\/uploads\/2023\/04\/WhatsApp-Image-2023-04-26-at-10_32_37-1024x681.jpeg 1024w, https:\/\/diarioprincipios.com\/wp-content\/uploads\/2023\/04\/WhatsApp-Image-2023-04-26-at-10_32_37-300x200.jpeg 300w, https:\/\/diarioprincipios.com\/wp-content\/uploads\/2023\/04\/WhatsApp-Image-2023-04-26-at-10_32_37-768x511.jpeg 768w, https:\/\/diarioprincipios.com\/wp-content\/uploads\/2023\/04\/WhatsApp-Image-2023-04-26-at-10_32_37.jpeg 1040w\" sizes=\"auto, (max-width: 1024px) 100vw, 1024px\" \/><\/figure>\n\n\n\n<p>Adem\u00e1s el municipio trabaja en la construcci\u00f3n de nuevas aulas y un pol\u00edgono de entrenamiento en Pi\u00f1eiro, en los cuales se invierten m\u00e1s de $42.600.000, destinados a funcionar como polo de formaci\u00f3n policial que permitir\u00e1 potenciar la tarea formativa que se llevar\u00e1 a cabo con estos talleres.<\/p>\n\n\n\n<p>De este modo en Avellaneda, adem\u00e1s de esa inversi\u00f3n y la que se lleva a cabo para ampliar los recursos de patrullaje y prevenci\u00f3n del delito, la Comuna sigue trabajando junto al gobierno provincial en la formaci\u00f3n y capacitaci\u00f3n de sus equipos como herramienta fundamental para construir una sociedad m\u00e1s segura.<\/p>\n\n\n\n<p>Estuvieron presentes tambi\u00e9n la secretaria de Desarrollo Territorial y H\u00e1bitat, M\u00f3nica Ghirelli, junto con otros funcionarios locales y provinciales.<\/p>\n","protected":false},"excerpt":{"rendered":"<p>Se lanzaron diplomaturas y seminarios destinados a funcionarios locales y organizaciones civiles de la ciudad. El secretario de Seguridad Ciudadana de Avellaneda, Alejo Chornobroff, junto con el subsecretario de Formaci\u00f3n y Desarrollo Profesional del Ministerio de Seguridad de la Provincia de Buenos Aires, Javier Alonso, encabezaron en el Centro Municipal de Arte de Avellaneda la&#8230;<\/p>\n","protected":false},"author":2,"featured_media":16755,"comment_status":"open","ping_status":"open","sticky":false,"template":"","format":"standard","meta":{"footnotes":""},"categories":[5],"tags":[],"class_list":["post-16753","post","type-post","status-publish","format-standard","has-post-thumbnail","hentry","category-avellaneda"],"featured_image_src":"https:\/\/diarioprincipios.com\/wp-content\/uploads\/2023\/04\/WhatsApp-Image-2023-04-26-at-10_32_40-1024x681.jpeg","blog_images":{"medium":"https:\/\/diarioprincipios.com\/wp-content\/uploads\/2023\/04\/WhatsApp-Image-2023-04-26-at-10_32_40-300x200.jpeg","large":"https:\/\/diarioprincipios.com\/wp-content\/uploads\/2023\/04\/WhatsApp-Image-2023-04-26-at-10_32_40-1024x681.jpeg"},"ams_acf":[],"yoast_head":"<!-- This site is optimized with the Yoast SEO plugin v27.3 - https:\/\/yoast.com\/product\/yoast-seo-wordpress\/ -->\n<title>Avellaneda y la Provincia trabajan juntos en la formaci\u00f3n en materia de seguridad - Principios<\/title>\n<meta name=\"robots\" content=\"index, follow, max-snippet:-1, max-image-preview:large, max-video-preview:-1\" \/>\n<link rel=\"canonical\" href=\"https:\/\/diarioprincipios.com\/index.php\/2023\/04\/26\/avellaneda-y-la-provincia-trabajan-juntos-en-la-formacion-en-materia-de-seguridad\/\" \/>\n<meta property=\"og:locale\" content=\"es_ES\" \/>\n<meta property=\"og:type\" content=\"article\" \/>\n<meta property=\"og:title\" content=\"Avellaneda y la Provincia trabajan juntos en la formaci\u00f3n en materia de seguridad - Principios\" \/>\n<meta property=\"og:description\" content=\"Se lanzaron diplomaturas y seminarios destinados a funcionarios locales y organizaciones civiles de la ciudad. El secretario de Seguridad Ciudadana de Avellaneda, Alejo Chornobroff, junto con el subsecretario de Formaci\u00f3n y Desarrollo Profesional del Ministerio de Seguridad de la Provincia de Buenos Aires, Javier Alonso, encabezaron en el Centro Municipal de Arte de Avellaneda la...\" \/>\n<meta property=\"og:url\" content=\"https:\/\/diarioprincipios.com\/index.php\/2023\/04\/26\/avellaneda-y-la-provincia-trabajan-juntos-en-la-formacion-en-materia-de-seguridad\/\" \/>\n<meta property=\"og:site_name\" content=\"Principios\" \/>\n<meta property=\"article:published_time\" content=\"2023-04-26T18:49:35+00:00\" \/>\n<meta property=\"article:modified_time\" content=\"2023-04-28T16:14:04+00:00\" \/>\n<meta property=\"og:image\" content=\"https:\/\/diarioprincipios.com\/wp-content\/uploads\/2023\/04\/WhatsApp-Image-2023-04-26-at-10_32_40.jpeg\" \/>\n\t<meta property=\"og:image:width\" content=\"1040\" \/>\n\t<meta property=\"og:image:height\" content=\"692\" \/>\n\t<meta property=\"og:image:type\" content=\"image\/jpeg\" \/>\n<meta name=\"author\" content=\"Hern\u00e1n L\u00f3pez\" \/>\n<meta name=\"twitter:card\" content=\"summary_large_image\" \/>\n<meta name=\"twitter:label1\" content=\"Escrito por\" \/>\n\t<meta name=\"twitter:data1\" content=\"Hern\u00e1n L\u00f3pez\" \/>\n\t<meta name=\"twitter:label2\" content=\"Tiempo de lectura\" \/>\n\t<meta name=\"twitter:data2\" content=\"2 minutos\" \/>\n<script type=\"application\/ld+json\" class=\"yoast-schema-graph\">{\"@context\":\"https:\\\/\\\/schema.org\",\"@graph\":[{\"@type\":\"Article\",\"@id\":\"https:\\\/\\\/diarioprincipios.com\\\/index.php\\\/2023\\\/04\\\/26\\\/avellaneda-y-la-provincia-trabajan-juntos-en-la-formacion-en-materia-de-seguridad\\\/#article\",\"isPartOf\":{\"@id\":\"https:\\\/\\\/diarioprincipios.com\\\/index.php\\\/2023\\\/04\\\/26\\\/avellaneda-y-la-provincia-trabajan-juntos-en-la-formacion-en-materia-de-seguridad\\\/\"},\"author\":{\"name\":\"Hern\u00e1n L\u00f3pez\",\"@id\":\"https:\\\/\\\/diarioprincipios.com\\\/#\\\/schema\\\/person\\\/436d5a1fd41a5e250e23ff5a6a7cb080\"},\"headline\":\"Avellaneda y la Provincia trabajan juntos en la formaci\u00f3n en materia de seguridad\",\"datePublished\":\"2023-04-26T18:49:35+00:00\",\"dateModified\":\"2023-04-28T16:14:04+00:00\",\"mainEntityOfPage\":{\"@id\":\"https:\\\/\\\/diarioprincipios.com\\\/index.php\\\/2023\\\/04\\\/26\\\/avellaneda-y-la-provincia-trabajan-juntos-en-la-formacion-en-materia-de-seguridad\\\/\"},\"wordCount\":235,\"commentCount\":0,\"publisher\":{\"@id\":\"https:\\\/\\\/diarioprincipios.com\\\/#organization\"},\"image\":{\"@id\":\"https:\\\/\\\/diarioprincipios.com\\\/index.php\\\/2023\\\/04\\\/26\\\/avellaneda-y-la-provincia-trabajan-juntos-en-la-formacion-en-materia-de-seguridad\\\/#primaryimage\"},\"thumbnailUrl\":\"https:\\\/\\\/diarioprincipios.com\\\/wp-content\\\/uploads\\\/2023\\\/04\\\/WhatsApp-Image-2023-04-26-at-10_32_40.jpeg\",\"articleSection\":[\"Avellaneda\"],\"inLanguage\":\"es\",\"potentialAction\":[{\"@type\":\"CommentAction\",\"name\":\"Comment\",\"target\":[\"https:\\\/\\\/diarioprincipios.com\\\/index.php\\\/2023\\\/04\\\/26\\\/avellaneda-y-la-provincia-trabajan-juntos-en-la-formacion-en-materia-de-seguridad\\\/#respond\"]}]},{\"@type\":\"WebPage\",\"@id\":\"https:\\\/\\\/diarioprincipios.com\\\/index.php\\\/2023\\\/04\\\/26\\\/avellaneda-y-la-provincia-trabajan-juntos-en-la-formacion-en-materia-de-seguridad\\\/\",\"url\":\"https:\\\/\\\/diarioprincipios.com\\\/index.php\\\/2023\\\/04\\\/26\\\/avellaneda-y-la-provincia-trabajan-juntos-en-la-formacion-en-materia-de-seguridad\\\/\",\"name\":\"Avellaneda y la Provincia trabajan juntos en la formaci\u00f3n en materia de seguridad - Principios\",\"isPartOf\":{\"@id\":\"https:\\\/\\\/diarioprincipios.com\\\/#website\"},\"primaryImageOfPage\":{\"@id\":\"https:\\\/\\\/diarioprincipios.com\\\/index.php\\\/2023\\\/04\\\/26\\\/avellaneda-y-la-provincia-trabajan-juntos-en-la-formacion-en-materia-de-seguridad\\\/#primaryimage\"},\"image\":{\"@id\":\"https:\\\/\\\/diarioprincipios.com\\\/index.php\\\/2023\\\/04\\\/26\\\/avellaneda-y-la-provincia-trabajan-juntos-en-la-formacion-en-materia-de-seguridad\\\/#primaryimage\"},\"thumbnailUrl\":\"https:\\\/\\\/diarioprincipios.com\\\/wp-content\\\/uploads\\\/2023\\\/04\\\/WhatsApp-Image-2023-04-26-at-10_32_40.jpeg\",\"datePublished\":\"2023-04-26T18:49:35+00:00\",\"dateModified\":\"2023-04-28T16:14:04+00:00\",\"breadcrumb\":{\"@id\":\"https:\\\/\\\/diarioprincipios.com\\\/index.php\\\/2023\\\/04\\\/26\\\/avellaneda-y-la-provincia-trabajan-juntos-en-la-formacion-en-materia-de-seguridad\\\/#breadcrumb\"},\"inLanguage\":\"es\",\"potentialAction\":[{\"@type\":\"ReadAction\",\"target\":[\"https:\\\/\\\/diarioprincipios.com\\\/index.php\\\/2023\\\/04\\\/26\\\/avellaneda-y-la-provincia-trabajan-juntos-en-la-formacion-en-materia-de-seguridad\\\/\"]}]},{\"@type\":\"ImageObject\",\"inLanguage\":\"es\",\"@id\":\"https:\\\/\\\/diarioprincipios.com\\\/index.php\\\/2023\\\/04\\\/26\\\/avellaneda-y-la-provincia-trabajan-juntos-en-la-formacion-en-materia-de-seguridad\\\/#primaryimage\",\"url\":\"https:\\\/\\\/diarioprincipios.com\\\/wp-content\\\/uploads\\\/2023\\\/04\\\/WhatsApp-Image-2023-04-26-at-10_32_40.jpeg\",\"contentUrl\":\"https:\\\/\\\/diarioprincipios.com\\\/wp-content\\\/uploads\\\/2023\\\/04\\\/WhatsApp-Image-2023-04-26-at-10_32_40.jpeg\",\"width\":1040,\"height\":692},{\"@type\":\"BreadcrumbList\",\"@id\":\"https:\\\/\\\/diarioprincipios.com\\\/index.php\\\/2023\\\/04\\\/26\\\/avellaneda-y-la-provincia-trabajan-juntos-en-la-formacion-en-materia-de-seguridad\\\/#breadcrumb\",\"itemListElement\":[{\"@type\":\"ListItem\",\"position\":1,\"name\":\"Portada\",\"item\":\"https:\\\/\\\/diarioprincipios.com\\\/\"},{\"@type\":\"ListItem\",\"position\":2,\"name\":\"Avellaneda y la Provincia trabajan juntos en la formaci\u00f3n en materia de seguridad\"}]},{\"@type\":\"WebSite\",\"@id\":\"https:\\\/\\\/diarioprincipios.com\\\/#website\",\"url\":\"https:\\\/\\\/diarioprincipios.com\\\/\",\"name\":\"Principios\",\"description\":\"Principios Diario\",\"publisher\":{\"@id\":\"https:\\\/\\\/diarioprincipios.com\\\/#organization\"},\"potentialAction\":[{\"@type\":\"SearchAction\",\"target\":{\"@type\":\"EntryPoint\",\"urlTemplate\":\"https:\\\/\\\/diarioprincipios.com\\\/?s={search_term_string}\"},\"query-input\":{\"@type\":\"PropertyValueSpecification\",\"valueRequired\":true,\"valueName\":\"search_term_string\"}}],\"inLanguage\":\"es\"},{\"@type\":\"Organization\",\"@id\":\"https:\\\/\\\/diarioprincipios.com\\\/#organization\",\"name\":\"Principios\",\"url\":\"https:\\\/\\\/diarioprincipios.com\\\/\",\"logo\":{\"@type\":\"ImageObject\",\"inLanguage\":\"es\",\"@id\":\"https:\\\/\\\/diarioprincipios.com\\\/#\\\/schema\\\/logo\\\/image\\\/\",\"url\":\"https:\\\/\\\/diarioprincipios.com\\\/wp-content\\\/uploads\\\/2024\\\/04\\\/cropped-www.diarioprincipios.com_-1.png\",\"contentUrl\":\"https:\\\/\\\/diarioprincipios.com\\\/wp-content\\\/uploads\\\/2024\\\/04\\\/cropped-www.diarioprincipios.com_-1.png\",\"width\":5325,\"height\":1454,\"caption\":\"Principios\"},\"image\":{\"@id\":\"https:\\\/\\\/diarioprincipios.com\\\/#\\\/schema\\\/logo\\\/image\\\/\"}},{\"@type\":\"Person\",\"@id\":\"https:\\\/\\\/diarioprincipios.com\\\/#\\\/schema\\\/person\\\/436d5a1fd41a5e250e23ff5a6a7cb080\",\"name\":\"Hern\u00e1n L\u00f3pez\",\"image\":{\"@type\":\"ImageObject\",\"inLanguage\":\"es\",\"@id\":\"https:\\\/\\\/diarioprincipios.com\\\/wp-content\\\/litespeed\\\/avatar\\\/11ddfe5610ff3bd100522525b2571f48.jpg?ver=1777048341\",\"url\":\"https:\\\/\\\/diarioprincipios.com\\\/wp-content\\\/litespeed\\\/avatar\\\/11ddfe5610ff3bd100522525b2571f48.jpg?ver=1777048341\",\"contentUrl\":\"https:\\\/\\\/diarioprincipios.com\\\/wp-content\\\/litespeed\\\/avatar\\\/11ddfe5610ff3bd100522525b2571f48.jpg?ver=1777048341\",\"caption\":\"Hern\u00e1n L\u00f3pez\"},\"url\":\"https:\\\/\\\/diarioprincipios.com\\\/index.php\\\/author\\\/hernan\\\/\"}]}<\/script>\n<!-- \/ Yoast SEO plugin. -->","yoast_head_json":{"title":"Avellaneda y la Provincia trabajan juntos en la formaci\u00f3n en materia de seguridad - Principios","robots":{"index":"index","follow":"follow","max-snippet":"max-snippet:-1","max-image-preview":"max-image-preview:large","max-video-preview":"max-video-preview:-1"},"canonical":"https:\/\/diarioprincipios.com\/index.php\/2023\/04\/26\/avellaneda-y-la-provincia-trabajan-juntos-en-la-formacion-en-materia-de-seguridad\/","og_locale":"es_ES","og_type":"article","og_title":"Avellaneda y la Provincia trabajan juntos en la formaci\u00f3n en materia de seguridad - Principios","og_description":"Se lanzaron diplomaturas y seminarios destinados a funcionarios locales y organizaciones civiles de la ciudad. El secretario de Seguridad Ciudadana de Avellaneda, Alejo Chornobroff, junto con el subsecretario de Formaci\u00f3n y Desarrollo Profesional del Ministerio de Seguridad de la Provincia de Buenos Aires, Javier Alonso, encabezaron en el Centro Municipal de Arte de Avellaneda la...","og_url":"https:\/\/diarioprincipios.com\/index.php\/2023\/04\/26\/avellaneda-y-la-provincia-trabajan-juntos-en-la-formacion-en-materia-de-seguridad\/","og_site_name":"Principios","article_published_time":"2023-04-26T18:49:35+00:00","article_modified_time":"2023-04-28T16:14:04+00:00","og_image":[{"width":1040,"height":692,"url":"https:\/\/diarioprincipios.com\/wp-content\/uploads\/2023\/04\/WhatsApp-Image-2023-04-26-at-10_32_40.jpeg","type":"image\/jpeg"}],"author":"Hern\u00e1n L\u00f3pez","twitter_card":"summary_large_image","twitter_misc":{"Escrito por":"Hern\u00e1n L\u00f3pez","Tiempo de lectura":"2 minutos"},"schema":{"@context":"https:\/\/schema.org","@graph":[{"@type":"Article","@id":"https:\/\/diarioprincipios.com\/index.php\/2023\/04\/26\/avellaneda-y-la-provincia-trabajan-juntos-en-la-formacion-en-materia-de-seguridad\/#article","isPartOf":{"@id":"https:\/\/diarioprincipios.com\/index.php\/2023\/04\/26\/avellaneda-y-la-provincia-trabajan-juntos-en-la-formacion-en-materia-de-seguridad\/"},"author":{"name":"Hern\u00e1n L\u00f3pez","@id":"https:\/\/diarioprincipios.com\/#\/schema\/person\/436d5a1fd41a5e250e23ff5a6a7cb080"},"headline":"Avellaneda y la Provincia trabajan juntos en la formaci\u00f3n en materia de seguridad","datePublished":"2023-04-26T18:49:35+00:00","dateModified":"2023-04-28T16:14:04+00:00","mainEntityOfPage":{"@id":"https:\/\/diarioprincipios.com\/index.php\/2023\/04\/26\/avellaneda-y-la-provincia-trabajan-juntos-en-la-formacion-en-materia-de-seguridad\/"},"wordCount":235,"commentCount":0,"publisher":{"@id":"https:\/\/diarioprincipios.com\/#organization"},"image":{"@id":"https:\/\/diarioprincipios.com\/index.php\/2023\/04\/26\/avellaneda-y-la-provincia-trabajan-juntos-en-la-formacion-en-materia-de-seguridad\/#primaryimage"},"thumbnailUrl":"https:\/\/diarioprincipios.com\/wp-content\/uploads\/2023\/04\/WhatsApp-Image-2023-04-26-at-10_32_40.jpeg","articleSection":["Avellaneda"],"inLanguage":"es","potentialAction":[{"@type":"CommentAction","name":"Comment","target":["https:\/\/diarioprincipios.com\/index.php\/2023\/04\/26\/avellaneda-y-la-provincia-trabajan-juntos-en-la-formacion-en-materia-de-seguridad\/#respond"]}]},{"@type":"WebPage","@id":"https:\/\/diarioprincipios.com\/index.php\/2023\/04\/26\/avellaneda-y-la-provincia-trabajan-juntos-en-la-formacion-en-materia-de-seguridad\/","url":"https:\/\/diarioprincipios.com\/index.php\/2023\/04\/26\/avellaneda-y-la-provincia-trabajan-juntos-en-la-formacion-en-materia-de-seguridad\/","name":"Avellaneda y la Provincia trabajan juntos en la formaci\u00f3n en materia de seguridad - Principios","isPartOf":{"@id":"https:\/\/diarioprincipios.com\/#website"},"primaryImageOfPage":{"@id":"https:\/\/diarioprincipios.com\/index.php\/2023\/04\/26\/avellaneda-y-la-provincia-trabajan-juntos-en-la-formacion-en-materia-de-seguridad\/#primaryimage"},"image":{"@id":"https:\/\/diarioprincipios.com\/index.php\/2023\/04\/26\/avellaneda-y-la-provincia-trabajan-juntos-en-la-formacion-en-materia-de-seguridad\/#primaryimage"},"thumbnailUrl":"https:\/\/diarioprincipios.com\/wp-content\/uploads\/2023\/04\/WhatsApp-Image-2023-04-26-at-10_32_40.jpeg","datePublished":"2023-04-26T18:49:35+00:00","dateModified":"2023-04-28T16:14:04+00:00","breadcrumb":{"@id":"https:\/\/diarioprincipios.com\/index.php\/2023\/04\/26\/avellaneda-y-la-provincia-trabajan-juntos-en-la-formacion-en-materia-de-seguridad\/#breadcrumb"},"inLanguage":"es","potentialAction":[{"@type":"ReadAction","target":["https:\/\/diarioprincipios.com\/index.php\/2023\/04\/26\/avellaneda-y-la-provincia-trabajan-juntos-en-la-formacion-en-materia-de-seguridad\/"]}]},{"@type":"ImageObject","inLanguage":"es","@id":"https:\/\/diarioprincipios.com\/index.php\/2023\/04\/26\/avellaneda-y-la-provincia-trabajan-juntos-en-la-formacion-en-materia-de-seguridad\/#primaryimage","url":"https:\/\/diarioprincipios.com\/wp-content\/uploads\/2023\/04\/WhatsApp-Image-2023-04-26-at-10_32_40.jpeg","contentUrl":"https:\/\/diarioprincipios.com\/wp-content\/uploads\/2023\/04\/WhatsApp-Image-2023-04-26-at-10_32_40.jpeg","width":1040,"height":692},{"@type":"BreadcrumbList","@id":"https:\/\/diarioprincipios.com\/index.php\/2023\/04\/26\/avellaneda-y-la-provincia-trabajan-juntos-en-la-formacion-en-materia-de-seguridad\/#breadcrumb","itemListElement":[{"@type":"ListItem","position":1,"name":"Portada","item":"https:\/\/diarioprincipios.com\/"},{"@type":"ListItem","position":2,"name":"Avellaneda y la Provincia trabajan juntos en la formaci\u00f3n en materia de seguridad"}]},{"@type":"WebSite","@id":"https:\/\/diarioprincipios.com\/#website","url":"https:\/\/diarioprincipios.com\/","name":"Principios","description":"Principios Diario","publisher":{"@id":"https:\/\/diarioprincipios.com\/#organization"},"potentialAction":[{"@type":"SearchAction","target":{"@type":"EntryPoint","urlTemplate":"https:\/\/diarioprincipios.com\/?s={search_term_string}"},"query-input":{"@type":"PropertyValueSpecification","valueRequired":true,"valueName":"search_term_string"}}],"inLanguage":"es"},{"@type":"Organization","@id":"https:\/\/diarioprincipios.com\/#organization","name":"Principios","url":"https:\/\/diarioprincipios.com\/","logo":{"@type":"ImageObject","inLanguage":"es","@id":"https:\/\/diarioprincipios.com\/#\/schema\/logo\/image\/","url":"https:\/\/diarioprincipios.com\/wp-content\/uploads\/2024\/04\/cropped-www.diarioprincipios.com_-1.png","contentUrl":"https:\/\/diarioprincipios.com\/wp-content\/uploads\/2024\/04\/cropped-www.diarioprincipios.com_-1.png","width":5325,"height":1454,"caption":"Principios"},"image":{"@id":"https:\/\/diarioprincipios.com\/#\/schema\/logo\/image\/"}},{"@type":"Person","@id":"https:\/\/diarioprincipios.com\/#\/schema\/person\/436d5a1fd41a5e250e23ff5a6a7cb080","name":"Hern\u00e1n L\u00f3pez","image":{"@type":"ImageObject","inLanguage":"es","@id":"https:\/\/diarioprincipios.com\/wp-content\/litespeed\/avatar\/11ddfe5610ff3bd100522525b2571f48.jpg?ver=1777048341","url":"https:\/\/diarioprincipios.com\/wp-content\/litespeed\/avatar\/11ddfe5610ff3bd100522525b2571f48.jpg?ver=1777048341","contentUrl":"https:\/\/diarioprincipios.com\/wp-content\/litespeed\/avatar\/11ddfe5610ff3bd100522525b2571f48.jpg?ver=1777048341","caption":"Hern\u00e1n L\u00f3pez"},"url":"https:\/\/diarioprincipios.com\/index.php\/author\/hernan\/"}]}},"jetpack_featured_media_url":"https:\/\/diarioprincipios.com\/wp-content\/uploads\/2023\/04\/WhatsApp-Image-2023-04-26-at-10_32_40.jpeg","_links":{"self":[{"href":"https:\/\/diarioprincipios.com\/index.php\/wp-json\/wp\/v2\/posts\/16753","targetHints":{"allow":["GET"]}}],"collection":[{"href":"https:\/\/diarioprincipios.com\/index.php\/wp-json\/wp\/v2\/posts"}],"about":[{"href":"https:\/\/diarioprincipios.com\/index.php\/wp-json\/wp\/v2\/types\/post"}],"author":[{"embeddable":true,"href":"https:\/\/diarioprincipios.com\/index.php\/wp-json\/wp\/v2\/users\/2"}],"replies":[{"embeddable":true,"href":"https:\/\/diarioprincipios.com\/index.php\/wp-json\/wp\/v2\/comments?post=16753"}],"version-history":[{"count":1,"href":"https:\/\/diarioprincipios.com\/index.php\/wp-json\/wp\/v2\/posts\/16753\/revisions"}],"predecessor-version":[{"id":16756,"href":"https:\/\/diarioprincipios.com\/index.php\/wp-json\/wp\/v2\/posts\/16753\/revisions\/16756"}],"wp:featuredmedia":[{"embeddable":true,"href":"https:\/\/diarioprincipios.com\/index.php\/wp-json\/wp\/v2\/media\/16755"}],"wp:attachment":[{"href":"https:\/\/diarioprincipios.com\/index.php\/wp-json\/wp\/v2\/media?parent=16753"}],"wp:term":[{"taxonomy":"category","embeddable":true,"href":"https:\/\/diarioprincipios.com\/index.php\/wp-json\/wp\/v2\/categories?post=16753"},{"taxonomy":"post_tag","embeddable":true,"href":"https:\/\/diarioprincipios.com\/index.php\/wp-json\/wp\/v2\/tags?post=16753"}],"curies":[{"name":"wp","href":"https:\/\/api.w.org\/{rel}","templated":true}]}}