{"id":1675,"date":"2020-05-18T18:05:16","date_gmt":"2020-05-18T18:05:16","guid":{"rendered":"http:\/\/diarioprincipios.com\/?p=1675"},"modified":"2020-05-18T18:05:18","modified_gmt":"2020-05-18T18:05:18","slug":"inauguran-un-nuevo-deposito-en-dock-sud-con-una-inversion-de-520-millones","status":"publish","type":"post","link":"https:\/\/diarioprincipios.com\/index.php\/2020\/05\/18\/inauguran-un-nuevo-deposito-en-dock-sud-con-una-inversion-de-520-millones\/","title":{"rendered":"Inauguran un nuevo dep\u00f3sito en Dock Sud con una inversi\u00f3n de $ 520 millones"},"content":{"rendered":"\n<p>La empresa International Trades Logistics (ITL) inaugur\u00f3 hoy un nuevo Dep\u00f3sito Fiscal Integrado en el partido bonaerense de Avellaneda, pr\u00f3ximo a la terminal portuaria de Dock Sud, con una inversi\u00f3n de 520 millones de pesos para sumar servicios y reducir costos a las cargas de exportaci\u00f3n.<\/p>\n\n\n\n<p>El dep\u00f3sito que est\u00e1 situado en el Acceso Sudeste y fue inaugurado este mediod\u00eda por el gobernador Axel Kicillof y el intendente de Avellaneda, Jorge Ferraresi, y la presidenta del Consorcio de Gesti\u00f3n del Puerto de Dock Sud, Carla Monrabal.<\/p>\n\n\n\n<p>La empresa inform\u00f3 que el nuevo emprendimiento, ubicado a dos kil\u00f3metros de Exolgan y a ocho minutos de las terminales de Puerto Nuevo, prestar\u00e1 servicios de almacenaje y consolidado para cargas de exportaci\u00f3n que embarquen a trav\u00e9s del Puerto de Buenos Aires.<\/p>\n\n\n\n<p>Exolgan es la principal terminal de contenedores del Puerto de Buenos, actualmente cuenta con una capacidad anual de 950.000 TEUS y es la \u00fanica en el pa\u00eds que cuenta con certificaci\u00f3n CTPAT otorgada por la Aduana de los Estados Unidos.<\/p>\n\n\n\n<p>El gerente comercial de ITL en Argentina, Roberto Triay, explic\u00f3 que \u201ceste DFI est\u00e1 pensado como un servicio para todas las terminales portuarias y permitir\u00e1 mejorar sustancialmente la trazabilidad de la carga y reducir significativamente los costos a la cadena agroexportadora\u201d.<\/p>\n\n\n\n<p>Se trata de un centro de 5.040 metros cuadrados de dep\u00f3sito cubierto y 3.300 metros cuadrados de play\u00f3n semicubierto, y contar\u00e1 con un moderno sistema operativo para administrar y controlar todos los procesos operativos.<\/p>\n\n\n\n<p>Con la nueva infraestructura los clientes podr\u00e1n acceder al mismo para administrar y verificar el estado de sus operaciones y stock en tiempo real, se explic\u00f3 desde la empresa.<\/p>\n\n\n\n<p>El predio contar\u00e1 con oficinas de Aduana y Senasa, estacionamiento para 100 camiones, seguimiento de stock y condici\u00f3n de carga online, balanza y scanner fiscales, c\u00e1mara de transferencia para consolidado de carga refrigerada y centro de monitoreo online.<\/p>\n","protected":false},"excerpt":{"rendered":"<p>La empresa International Trades Logistics (ITL) inaugur\u00f3 hoy un nuevo Dep\u00f3sito Fiscal Integrado en el partido bonaerense de Avellaneda, pr\u00f3ximo a la terminal portuaria de Dock Sud, con una inversi\u00f3n de 520 millones de pesos para sumar servicios y reducir costos a las cargas de exportaci\u00f3n. El dep\u00f3sito que est\u00e1 situado en el Acceso Sudeste&#8230;<\/p>\n","protected":false},"author":2,"featured_media":1676,"comment_status":"open","ping_status":"open","sticky":false,"template":"","format":"standard","meta":{"footnotes":""},"categories":[5],"tags":[],"class_list":["post-1675","post","type-post","status-publish","format-standard","has-post-thumbnail","hentry","category-avellaneda"],"featured_image_src":"https:\/\/diarioprincipios.com\/wp-content\/uploads\/2020\/05\/EYT4FGYWkAQ8LPC-1024x620.jpeg","blog_images":{"medium":"https:\/\/diarioprincipios.com\/wp-content\/uploads\/2020\/05\/EYT4FGYWkAQ8LPC-300x182.jpeg","large":"https:\/\/diarioprincipios.com\/wp-content\/uploads\/2020\/05\/EYT4FGYWkAQ8LPC-1024x620.jpeg"},"ams_acf":[],"yoast_head":"<!-- This site is optimized with the Yoast SEO plugin v27.3 - https:\/\/yoast.com\/product\/yoast-seo-wordpress\/ -->\n<title>Inauguran un nuevo dep\u00f3sito en Dock Sud con una inversi\u00f3n de $ 520 millones - Principios<\/title>\n<meta name=\"robots\" content=\"index, follow, max-snippet:-1, max-image-preview:large, max-video-preview:-1\" \/>\n<link rel=\"canonical\" href=\"https:\/\/diarioprincipios.com\/index.php\/2020\/05\/18\/inauguran-un-nuevo-deposito-en-dock-sud-con-una-inversion-de-520-millones\/\" \/>\n<meta property=\"og:locale\" content=\"es_ES\" \/>\n<meta property=\"og:type\" content=\"article\" \/>\n<meta property=\"og:title\" content=\"Inauguran un nuevo dep\u00f3sito en Dock Sud con una inversi\u00f3n de $ 520 millones - Principios\" \/>\n<meta property=\"og:description\" content=\"La empresa International Trades Logistics (ITL) inaugur\u00f3 hoy un nuevo Dep\u00f3sito Fiscal Integrado en el partido bonaerense de Avellaneda, pr\u00f3ximo a la terminal portuaria de Dock Sud, con una inversi\u00f3n de 520 millones de pesos para sumar servicios y reducir costos a las cargas de exportaci\u00f3n. El dep\u00f3sito que est\u00e1 situado en el Acceso Sudeste...\" \/>\n<meta property=\"og:url\" content=\"https:\/\/diarioprincipios.com\/index.php\/2020\/05\/18\/inauguran-un-nuevo-deposito-en-dock-sud-con-una-inversion-de-520-millones\/\" \/>\n<meta property=\"og:site_name\" content=\"Principios\" \/>\n<meta property=\"article:published_time\" content=\"2020-05-18T18:05:16+00:00\" \/>\n<meta property=\"article:modified_time\" content=\"2020-05-18T18:05:18+00:00\" \/>\n<meta property=\"og:image\" content=\"https:\/\/diarioprincipios.com\/wp-content\/uploads\/2020\/05\/EYT4FGYWkAQ8LPC.jpeg\" \/>\n\t<meta property=\"og:image:width\" content=\"1063\" \/>\n\t<meta property=\"og:image:height\" content=\"644\" \/>\n\t<meta property=\"og:image:type\" content=\"image\/jpeg\" \/>\n<meta name=\"author\" content=\"Hern\u00e1n L\u00f3pez\" \/>\n<meta name=\"twitter:card\" content=\"summary_large_image\" \/>\n<meta name=\"twitter:label1\" content=\"Escrito por\" \/>\n\t<meta name=\"twitter:data1\" content=\"Hern\u00e1n L\u00f3pez\" \/>\n\t<meta name=\"twitter:label2\" content=\"Tiempo de lectura\" \/>\n\t<meta name=\"twitter:data2\" content=\"2 minutos\" \/>\n<script type=\"application\/ld+json\" class=\"yoast-schema-graph\">{\"@context\":\"https:\\\/\\\/schema.org\",\"@graph\":[{\"@type\":\"Article\",\"@id\":\"https:\\\/\\\/diarioprincipios.com\\\/index.php\\\/2020\\\/05\\\/18\\\/inauguran-un-nuevo-deposito-en-dock-sud-con-una-inversion-de-520-millones\\\/#article\",\"isPartOf\":{\"@id\":\"https:\\\/\\\/diarioprincipios.com\\\/index.php\\\/2020\\\/05\\\/18\\\/inauguran-un-nuevo-deposito-en-dock-sud-con-una-inversion-de-520-millones\\\/\"},\"author\":{\"name\":\"Hern\u00e1n L\u00f3pez\",\"@id\":\"https:\\\/\\\/diarioprincipios.com\\\/#\\\/schema\\\/person\\\/436d5a1fd41a5e250e23ff5a6a7cb080\"},\"headline\":\"Inauguran un nuevo dep\u00f3sito en Dock Sud con una inversi\u00f3n de $ 520 millones\",\"datePublished\":\"2020-05-18T18:05:16+00:00\",\"dateModified\":\"2020-05-18T18:05:18+00:00\",\"mainEntityOfPage\":{\"@id\":\"https:\\\/\\\/diarioprincipios.com\\\/index.php\\\/2020\\\/05\\\/18\\\/inauguran-un-nuevo-deposito-en-dock-sud-con-una-inversion-de-520-millones\\\/\"},\"wordCount\":336,\"commentCount\":0,\"publisher\":{\"@id\":\"https:\\\/\\\/diarioprincipios.com\\\/#organization\"},\"image\":{\"@id\":\"https:\\\/\\\/diarioprincipios.com\\\/index.php\\\/2020\\\/05\\\/18\\\/inauguran-un-nuevo-deposito-en-dock-sud-con-una-inversion-de-520-millones\\\/#primaryimage\"},\"thumbnailUrl\":\"https:\\\/\\\/diarioprincipios.com\\\/wp-content\\\/uploads\\\/2020\\\/05\\\/EYT4FGYWkAQ8LPC.jpeg\",\"articleSection\":[\"Avellaneda\"],\"inLanguage\":\"es\",\"potentialAction\":[{\"@type\":\"CommentAction\",\"name\":\"Comment\",\"target\":[\"https:\\\/\\\/diarioprincipios.com\\\/index.php\\\/2020\\\/05\\\/18\\\/inauguran-un-nuevo-deposito-en-dock-sud-con-una-inversion-de-520-millones\\\/#respond\"]}]},{\"@type\":\"WebPage\",\"@id\":\"https:\\\/\\\/diarioprincipios.com\\\/index.php\\\/2020\\\/05\\\/18\\\/inauguran-un-nuevo-deposito-en-dock-sud-con-una-inversion-de-520-millones\\\/\",\"url\":\"https:\\\/\\\/diarioprincipios.com\\\/index.php\\\/2020\\\/05\\\/18\\\/inauguran-un-nuevo-deposito-en-dock-sud-con-una-inversion-de-520-millones\\\/\",\"name\":\"Inauguran un nuevo dep\u00f3sito en Dock Sud con una inversi\u00f3n de $ 520 millones - Principios\",\"isPartOf\":{\"@id\":\"https:\\\/\\\/diarioprincipios.com\\\/#website\"},\"primaryImageOfPage\":{\"@id\":\"https:\\\/\\\/diarioprincipios.com\\\/index.php\\\/2020\\\/05\\\/18\\\/inauguran-un-nuevo-deposito-en-dock-sud-con-una-inversion-de-520-millones\\\/#primaryimage\"},\"image\":{\"@id\":\"https:\\\/\\\/diarioprincipios.com\\\/index.php\\\/2020\\\/05\\\/18\\\/inauguran-un-nuevo-deposito-en-dock-sud-con-una-inversion-de-520-millones\\\/#primaryimage\"},\"thumbnailUrl\":\"https:\\\/\\\/diarioprincipios.com\\\/wp-content\\\/uploads\\\/2020\\\/05\\\/EYT4FGYWkAQ8LPC.jpeg\",\"datePublished\":\"2020-05-18T18:05:16+00:00\",\"dateModified\":\"2020-05-18T18:05:18+00:00\",\"breadcrumb\":{\"@id\":\"https:\\\/\\\/diarioprincipios.com\\\/index.php\\\/2020\\\/05\\\/18\\\/inauguran-un-nuevo-deposito-en-dock-sud-con-una-inversion-de-520-millones\\\/#breadcrumb\"},\"inLanguage\":\"es\",\"potentialAction\":[{\"@type\":\"ReadAction\",\"target\":[\"https:\\\/\\\/diarioprincipios.com\\\/index.php\\\/2020\\\/05\\\/18\\\/inauguran-un-nuevo-deposito-en-dock-sud-con-una-inversion-de-520-millones\\\/\"]}]},{\"@type\":\"ImageObject\",\"inLanguage\":\"es\",\"@id\":\"https:\\\/\\\/diarioprincipios.com\\\/index.php\\\/2020\\\/05\\\/18\\\/inauguran-un-nuevo-deposito-en-dock-sud-con-una-inversion-de-520-millones\\\/#primaryimage\",\"url\":\"https:\\\/\\\/diarioprincipios.com\\\/wp-content\\\/uploads\\\/2020\\\/05\\\/EYT4FGYWkAQ8LPC.jpeg\",\"contentUrl\":\"https:\\\/\\\/diarioprincipios.com\\\/wp-content\\\/uploads\\\/2020\\\/05\\\/EYT4FGYWkAQ8LPC.jpeg\",\"width\":1063,\"height\":644},{\"@type\":\"BreadcrumbList\",\"@id\":\"https:\\\/\\\/diarioprincipios.com\\\/index.php\\\/2020\\\/05\\\/18\\\/inauguran-un-nuevo-deposito-en-dock-sud-con-una-inversion-de-520-millones\\\/#breadcrumb\",\"itemListElement\":[{\"@type\":\"ListItem\",\"position\":1,\"name\":\"Portada\",\"item\":\"https:\\\/\\\/diarioprincipios.com\\\/\"},{\"@type\":\"ListItem\",\"position\":2,\"name\":\"Inauguran un nuevo dep\u00f3sito en Dock Sud con una inversi\u00f3n de $ 520 millones\"}]},{\"@type\":\"WebSite\",\"@id\":\"https:\\\/\\\/diarioprincipios.com\\\/#website\",\"url\":\"https:\\\/\\\/diarioprincipios.com\\\/\",\"name\":\"Principios\",\"description\":\"Principios Diario\",\"publisher\":{\"@id\":\"https:\\\/\\\/diarioprincipios.com\\\/#organization\"},\"potentialAction\":[{\"@type\":\"SearchAction\",\"target\":{\"@type\":\"EntryPoint\",\"urlTemplate\":\"https:\\\/\\\/diarioprincipios.com\\\/?s={search_term_string}\"},\"query-input\":{\"@type\":\"PropertyValueSpecification\",\"valueRequired\":true,\"valueName\":\"search_term_string\"}}],\"inLanguage\":\"es\"},{\"@type\":\"Organization\",\"@id\":\"https:\\\/\\\/diarioprincipios.com\\\/#organization\",\"name\":\"Principios\",\"url\":\"https:\\\/\\\/diarioprincipios.com\\\/\",\"logo\":{\"@type\":\"ImageObject\",\"inLanguage\":\"es\",\"@id\":\"https:\\\/\\\/diarioprincipios.com\\\/#\\\/schema\\\/logo\\\/image\\\/\",\"url\":\"https:\\\/\\\/diarioprincipios.com\\\/wp-content\\\/uploads\\\/2024\\\/04\\\/cropped-www.diarioprincipios.com_-1.png\",\"contentUrl\":\"https:\\\/\\\/diarioprincipios.com\\\/wp-content\\\/uploads\\\/2024\\\/04\\\/cropped-www.diarioprincipios.com_-1.png\",\"width\":5325,\"height\":1454,\"caption\":\"Principios\"},\"image\":{\"@id\":\"https:\\\/\\\/diarioprincipios.com\\\/#\\\/schema\\\/logo\\\/image\\\/\"}},{\"@type\":\"Person\",\"@id\":\"https:\\\/\\\/diarioprincipios.com\\\/#\\\/schema\\\/person\\\/436d5a1fd41a5e250e23ff5a6a7cb080\",\"name\":\"Hern\u00e1n L\u00f3pez\",\"image\":{\"@type\":\"ImageObject\",\"inLanguage\":\"es\",\"@id\":\"https:\\\/\\\/diarioprincipios.com\\\/wp-content\\\/litespeed\\\/avatar\\\/11ddfe5610ff3bd100522525b2571f48.jpg?ver=1777653193\",\"url\":\"https:\\\/\\\/diarioprincipios.com\\\/wp-content\\\/litespeed\\\/avatar\\\/11ddfe5610ff3bd100522525b2571f48.jpg?ver=1777653193\",\"contentUrl\":\"https:\\\/\\\/diarioprincipios.com\\\/wp-content\\\/litespeed\\\/avatar\\\/11ddfe5610ff3bd100522525b2571f48.jpg?ver=1777653193\",\"caption\":\"Hern\u00e1n L\u00f3pez\"},\"url\":\"https:\\\/\\\/diarioprincipios.com\\\/index.php\\\/author\\\/hernan\\\/\"}]}<\/script>\n<!-- \/ Yoast SEO plugin. -->","yoast_head_json":{"title":"Inauguran un nuevo dep\u00f3sito en Dock Sud con una inversi\u00f3n de $ 520 millones - Principios","robots":{"index":"index","follow":"follow","max-snippet":"max-snippet:-1","max-image-preview":"max-image-preview:large","max-video-preview":"max-video-preview:-1"},"canonical":"https:\/\/diarioprincipios.com\/index.php\/2020\/05\/18\/inauguran-un-nuevo-deposito-en-dock-sud-con-una-inversion-de-520-millones\/","og_locale":"es_ES","og_type":"article","og_title":"Inauguran un nuevo dep\u00f3sito en Dock Sud con una inversi\u00f3n de $ 520 millones - Principios","og_description":"La empresa International Trades Logistics (ITL) inaugur\u00f3 hoy un nuevo Dep\u00f3sito Fiscal Integrado en el partido bonaerense de Avellaneda, pr\u00f3ximo a la terminal portuaria de Dock Sud, con una inversi\u00f3n de 520 millones de pesos para sumar servicios y reducir costos a las cargas de exportaci\u00f3n. El dep\u00f3sito que est\u00e1 situado en el Acceso Sudeste...","og_url":"https:\/\/diarioprincipios.com\/index.php\/2020\/05\/18\/inauguran-un-nuevo-deposito-en-dock-sud-con-una-inversion-de-520-millones\/","og_site_name":"Principios","article_published_time":"2020-05-18T18:05:16+00:00","article_modified_time":"2020-05-18T18:05:18+00:00","og_image":[{"width":1063,"height":644,"url":"https:\/\/diarioprincipios.com\/wp-content\/uploads\/2020\/05\/EYT4FGYWkAQ8LPC.jpeg","type":"image\/jpeg"}],"author":"Hern\u00e1n L\u00f3pez","twitter_card":"summary_large_image","twitter_misc":{"Escrito por":"Hern\u00e1n L\u00f3pez","Tiempo de lectura":"2 minutos"},"schema":{"@context":"https:\/\/schema.org","@graph":[{"@type":"Article","@id":"https:\/\/diarioprincipios.com\/index.php\/2020\/05\/18\/inauguran-un-nuevo-deposito-en-dock-sud-con-una-inversion-de-520-millones\/#article","isPartOf":{"@id":"https:\/\/diarioprincipios.com\/index.php\/2020\/05\/18\/inauguran-un-nuevo-deposito-en-dock-sud-con-una-inversion-de-520-millones\/"},"author":{"name":"Hern\u00e1n L\u00f3pez","@id":"https:\/\/diarioprincipios.com\/#\/schema\/person\/436d5a1fd41a5e250e23ff5a6a7cb080"},"headline":"Inauguran un nuevo dep\u00f3sito en Dock Sud con una inversi\u00f3n de $ 520 millones","datePublished":"2020-05-18T18:05:16+00:00","dateModified":"2020-05-18T18:05:18+00:00","mainEntityOfPage":{"@id":"https:\/\/diarioprincipios.com\/index.php\/2020\/05\/18\/inauguran-un-nuevo-deposito-en-dock-sud-con-una-inversion-de-520-millones\/"},"wordCount":336,"commentCount":0,"publisher":{"@id":"https:\/\/diarioprincipios.com\/#organization"},"image":{"@id":"https:\/\/diarioprincipios.com\/index.php\/2020\/05\/18\/inauguran-un-nuevo-deposito-en-dock-sud-con-una-inversion-de-520-millones\/#primaryimage"},"thumbnailUrl":"https:\/\/diarioprincipios.com\/wp-content\/uploads\/2020\/05\/EYT4FGYWkAQ8LPC.jpeg","articleSection":["Avellaneda"],"inLanguage":"es","potentialAction":[{"@type":"CommentAction","name":"Comment","target":["https:\/\/diarioprincipios.com\/index.php\/2020\/05\/18\/inauguran-un-nuevo-deposito-en-dock-sud-con-una-inversion-de-520-millones\/#respond"]}]},{"@type":"WebPage","@id":"https:\/\/diarioprincipios.com\/index.php\/2020\/05\/18\/inauguran-un-nuevo-deposito-en-dock-sud-con-una-inversion-de-520-millones\/","url":"https:\/\/diarioprincipios.com\/index.php\/2020\/05\/18\/inauguran-un-nuevo-deposito-en-dock-sud-con-una-inversion-de-520-millones\/","name":"Inauguran un nuevo dep\u00f3sito en Dock Sud con una inversi\u00f3n de $ 520 millones - Principios","isPartOf":{"@id":"https:\/\/diarioprincipios.com\/#website"},"primaryImageOfPage":{"@id":"https:\/\/diarioprincipios.com\/index.php\/2020\/05\/18\/inauguran-un-nuevo-deposito-en-dock-sud-con-una-inversion-de-520-millones\/#primaryimage"},"image":{"@id":"https:\/\/diarioprincipios.com\/index.php\/2020\/05\/18\/inauguran-un-nuevo-deposito-en-dock-sud-con-una-inversion-de-520-millones\/#primaryimage"},"thumbnailUrl":"https:\/\/diarioprincipios.com\/wp-content\/uploads\/2020\/05\/EYT4FGYWkAQ8LPC.jpeg","datePublished":"2020-05-18T18:05:16+00:00","dateModified":"2020-05-18T18:05:18+00:00","breadcrumb":{"@id":"https:\/\/diarioprincipios.com\/index.php\/2020\/05\/18\/inauguran-un-nuevo-deposito-en-dock-sud-con-una-inversion-de-520-millones\/#breadcrumb"},"inLanguage":"es","potentialAction":[{"@type":"ReadAction","target":["https:\/\/diarioprincipios.com\/index.php\/2020\/05\/18\/inauguran-un-nuevo-deposito-en-dock-sud-con-una-inversion-de-520-millones\/"]}]},{"@type":"ImageObject","inLanguage":"es","@id":"https:\/\/diarioprincipios.com\/index.php\/2020\/05\/18\/inauguran-un-nuevo-deposito-en-dock-sud-con-una-inversion-de-520-millones\/#primaryimage","url":"https:\/\/diarioprincipios.com\/wp-content\/uploads\/2020\/05\/EYT4FGYWkAQ8LPC.jpeg","contentUrl":"https:\/\/diarioprincipios.com\/wp-content\/uploads\/2020\/05\/EYT4FGYWkAQ8LPC.jpeg","width":1063,"height":644},{"@type":"BreadcrumbList","@id":"https:\/\/diarioprincipios.com\/index.php\/2020\/05\/18\/inauguran-un-nuevo-deposito-en-dock-sud-con-una-inversion-de-520-millones\/#breadcrumb","itemListElement":[{"@type":"ListItem","position":1,"name":"Portada","item":"https:\/\/diarioprincipios.com\/"},{"@type":"ListItem","position":2,"name":"Inauguran un nuevo dep\u00f3sito en Dock Sud con una inversi\u00f3n de $ 520 millones"}]},{"@type":"WebSite","@id":"https:\/\/diarioprincipios.com\/#website","url":"https:\/\/diarioprincipios.com\/","name":"Principios","description":"Principios Diario","publisher":{"@id":"https:\/\/diarioprincipios.com\/#organization"},"potentialAction":[{"@type":"SearchAction","target":{"@type":"EntryPoint","urlTemplate":"https:\/\/diarioprincipios.com\/?s={search_term_string}"},"query-input":{"@type":"PropertyValueSpecification","valueRequired":true,"valueName":"search_term_string"}}],"inLanguage":"es"},{"@type":"Organization","@id":"https:\/\/diarioprincipios.com\/#organization","name":"Principios","url":"https:\/\/diarioprincipios.com\/","logo":{"@type":"ImageObject","inLanguage":"es","@id":"https:\/\/diarioprincipios.com\/#\/schema\/logo\/image\/","url":"https:\/\/diarioprincipios.com\/wp-content\/uploads\/2024\/04\/cropped-www.diarioprincipios.com_-1.png","contentUrl":"https:\/\/diarioprincipios.com\/wp-content\/uploads\/2024\/04\/cropped-www.diarioprincipios.com_-1.png","width":5325,"height":1454,"caption":"Principios"},"image":{"@id":"https:\/\/diarioprincipios.com\/#\/schema\/logo\/image\/"}},{"@type":"Person","@id":"https:\/\/diarioprincipios.com\/#\/schema\/person\/436d5a1fd41a5e250e23ff5a6a7cb080","name":"Hern\u00e1n L\u00f3pez","image":{"@type":"ImageObject","inLanguage":"es","@id":"https:\/\/diarioprincipios.com\/wp-content\/litespeed\/avatar\/11ddfe5610ff3bd100522525b2571f48.jpg?ver=1777653193","url":"https:\/\/diarioprincipios.com\/wp-content\/litespeed\/avatar\/11ddfe5610ff3bd100522525b2571f48.jpg?ver=1777653193","contentUrl":"https:\/\/diarioprincipios.com\/wp-content\/litespeed\/avatar\/11ddfe5610ff3bd100522525b2571f48.jpg?ver=1777653193","caption":"Hern\u00e1n L\u00f3pez"},"url":"https:\/\/diarioprincipios.com\/index.php\/author\/hernan\/"}]}},"jetpack_featured_media_url":"https:\/\/diarioprincipios.com\/wp-content\/uploads\/2020\/05\/EYT4FGYWkAQ8LPC.jpeg","_links":{"self":[{"href":"https:\/\/diarioprincipios.com\/index.php\/wp-json\/wp\/v2\/posts\/1675","targetHints":{"allow":["GET"]}}],"collection":[{"href":"https:\/\/diarioprincipios.com\/index.php\/wp-json\/wp\/v2\/posts"}],"about":[{"href":"https:\/\/diarioprincipios.com\/index.php\/wp-json\/wp\/v2\/types\/post"}],"author":[{"embeddable":true,"href":"https:\/\/diarioprincipios.com\/index.php\/wp-json\/wp\/v2\/users\/2"}],"replies":[{"embeddable":true,"href":"https:\/\/diarioprincipios.com\/index.php\/wp-json\/wp\/v2\/comments?post=1675"}],"version-history":[{"count":1,"href":"https:\/\/diarioprincipios.com\/index.php\/wp-json\/wp\/v2\/posts\/1675\/revisions"}],"predecessor-version":[{"id":1677,"href":"https:\/\/diarioprincipios.com\/index.php\/wp-json\/wp\/v2\/posts\/1675\/revisions\/1677"}],"wp:featuredmedia":[{"embeddable":true,"href":"https:\/\/diarioprincipios.com\/index.php\/wp-json\/wp\/v2\/media\/1676"}],"wp:attachment":[{"href":"https:\/\/diarioprincipios.com\/index.php\/wp-json\/wp\/v2\/media?parent=1675"}],"wp:term":[{"taxonomy":"category","embeddable":true,"href":"https:\/\/diarioprincipios.com\/index.php\/wp-json\/wp\/v2\/categories?post=1675"},{"taxonomy":"post_tag","embeddable":true,"href":"https:\/\/diarioprincipios.com\/index.php\/wp-json\/wp\/v2\/tags?post=1675"}],"curies":[{"name":"wp","href":"https:\/\/api.w.org\/{rel}","templated":true}]}}