{"id":16744,"date":"2023-04-25T16:34:08","date_gmt":"2023-04-25T19:34:08","guid":{"rendered":"http:\/\/diarioprincipios.com\/?p=16744"},"modified":"2023-04-28T13:04:47","modified_gmt":"2023-04-28T16:04:47","slug":"mussi-participo-de-la-presentacion-del-plan-de-obras-de-energia-electrica","status":"publish","type":"post","link":"https:\/\/diarioprincipios.com\/index.php\/2023\/04\/25\/mussi-participo-de-la-presentacion-del-plan-de-obras-de-energia-electrica\/","title":{"rendered":"Mussi particip\u00f3 de la presentaci\u00f3n del Plan de Obras de Energ\u00eda El\u00e9ctrica"},"content":{"rendered":"\n<p><strong>El ministro de Econom\u00eda, Sergio Massa, anunci\u00f3 un plan de obras de energ\u00eda el\u00e9ctrica. El mismo tendr\u00e1 un criterio social y no comercial, contar\u00e1 con una inversi\u00f3n de 7 mil millones de pesos y beneficiar\u00e1 a 600.000 usuarios. Estuvo presente en el acto el intendente de Berazategui, Juan Jos\u00e9 Mussi, junto a otros jefes y jefas comunales.<\/strong><\/p>\n\n\n\n<p>El plan anunciado por el Ministro, junto a la secretaria de Energ\u00eda, Flavia Roy\u00f3n; el interventor de Edesur, Jorge Ferraresi; y su par del ENRE, Walter Martello, consiste en 278 obras en 12 municipios del Conurbano: Berazategui, Florencio Varela, San Vicente, Presidente Per\u00f3n, Ezeiza, Esteban Echeverr\u00eda, Quilmes, Ca\u00f1uelas, Avellaneda, Lomas de Zamora, Lan\u00fas y Almirante Brown.<\/p>\n\n\n\n<figure class=\"wp-block-image size-large\"><img loading=\"lazy\" decoding=\"async\" width=\"1024\" height=\"590\" src=\"https:\/\/diarioprincipios.com\/wp-content\/uploads\/2023\/04\/MUSSI-EN-LA-PRESENTACION-DEL-PLAN-DE-OBRAS-DE-ENERGIA-ELECTRICA-2-1024x590.jpg\" alt=\"\" class=\"wp-image-16745\" srcset=\"https:\/\/diarioprincipios.com\/wp-content\/uploads\/2023\/04\/MUSSI-EN-LA-PRESENTACION-DEL-PLAN-DE-OBRAS-DE-ENERGIA-ELECTRICA-2-1024x590.jpg 1024w, https:\/\/diarioprincipios.com\/wp-content\/uploads\/2023\/04\/MUSSI-EN-LA-PRESENTACION-DEL-PLAN-DE-OBRAS-DE-ENERGIA-ELECTRICA-2-300x173.jpg 300w, https:\/\/diarioprincipios.com\/wp-content\/uploads\/2023\/04\/MUSSI-EN-LA-PRESENTACION-DEL-PLAN-DE-OBRAS-DE-ENERGIA-ELECTRICA-2-768x442.jpg 768w, https:\/\/diarioprincipios.com\/wp-content\/uploads\/2023\/04\/MUSSI-EN-LA-PRESENTACION-DEL-PLAN-DE-OBRAS-DE-ENERGIA-ELECTRICA-2-1536x885.jpg 1536w, https:\/\/diarioprincipios.com\/wp-content\/uploads\/2023\/04\/MUSSI-EN-LA-PRESENTACION-DEL-PLAN-DE-OBRAS-DE-ENERGIA-ELECTRICA-2.jpg 1920w\" sizes=\"auto, (max-width: 1024px) 100vw, 1024px\" \/><\/figure>\n\n\n\n<p>Con respecto al anuncio del plan, Juan Jos\u00e9 Mussi declar\u00f3: \u201cHoy firmamos un convenio con el ministro de Econom\u00eda, Sergio Massa; y el interventor de EDESUR, Jorge Ferraresi, que obliga a esta empresa privada a realizar obras y mejoras en la red de energ\u00eda el\u00e9ctrica de nuestra ciudad, al igual que en otros municipios del Conurbano. El control y seguimiento de la ejecuci\u00f3n de los diferentes trabajos lo realizaremos cada Intendente y la fiscalizaci\u00f3n del avance estar\u00e1 a cargo de la UTN\u00bb.<\/p>\n\n\n\n<p>Adem\u00e1s, el Intendente afirm\u00f3: \u00abEn Berazategui, los continuos cortes del suministro no solo representan quedarnos sin luz, sino tambi\u00e9n sin agua, porque se detienen las bombas de impulsi\u00f3n y esto afecta a miles de vecinas y vecinos. Por eso, celebramos estos acuerdos.\u201d<\/p>\n\n\n\n<p>Durante el anuncio, Massa sostuvo que \u00abestas 278 obras en 12 municipios pretenden completar el plan invierno y llevar adelante las obras del plan verano para que esa dram\u00e1tica situaci\u00f3n que nos toc\u00f3 vivir en marzo, dentro de 180 d\u00edas sea un p\u00e9simo recuerdo para aquellos que la tuvieron que vivir; para la empresa, un hecho desgraciado en el que le toc\u00f3 pagar multas por incumplir el contrato; pero para nosotros -como Estado- la responsabilidad de cumplir con nuestras obligaciones\u00bb.<\/p>\n","protected":false},"excerpt":{"rendered":"<p>El ministro de Econom\u00eda, Sergio Massa, anunci\u00f3 un plan de obras de energ\u00eda el\u00e9ctrica. El mismo tendr\u00e1 un criterio social y no comercial, contar\u00e1 con una inversi\u00f3n de 7 mil millones de pesos y beneficiar\u00e1 a 600.000 usuarios. Estuvo presente en el acto el intendente de Berazategui, Juan Jos\u00e9 Mussi, junto a otros jefes y&#8230;<\/p>\n","protected":false},"author":2,"featured_media":16746,"comment_status":"open","ping_status":"open","sticky":false,"template":"","format":"standard","meta":{"footnotes":""},"categories":[3],"tags":[],"class_list":["post-16744","post","type-post","status-publish","format-standard","has-post-thumbnail","hentry","category-berazategui"],"featured_image_src":"https:\/\/diarioprincipios.com\/wp-content\/uploads\/2023\/04\/MUSSI-EN-LA-PRESENTACION-DEL-PLAN-DE-OBRAS-DE-ENERGIA-ELECTRICA-1-1024x683.jpg","blog_images":{"medium":"https:\/\/diarioprincipios.com\/wp-content\/uploads\/2023\/04\/MUSSI-EN-LA-PRESENTACION-DEL-PLAN-DE-OBRAS-DE-ENERGIA-ELECTRICA-1-300x200.jpg","large":"https:\/\/diarioprincipios.com\/wp-content\/uploads\/2023\/04\/MUSSI-EN-LA-PRESENTACION-DEL-PLAN-DE-OBRAS-DE-ENERGIA-ELECTRICA-1-1024x683.jpg"},"ams_acf":[],"yoast_head":"<!-- This site is optimized with the Yoast SEO plugin v27.3 - https:\/\/yoast.com\/product\/yoast-seo-wordpress\/ -->\n<title>Mussi particip\u00f3 de la presentaci\u00f3n del Plan de Obras de Energ\u00eda El\u00e9ctrica - Principios<\/title>\n<meta name=\"robots\" content=\"index, follow, max-snippet:-1, max-image-preview:large, max-video-preview:-1\" \/>\n<link rel=\"canonical\" href=\"https:\/\/diarioprincipios.com\/index.php\/2023\/04\/25\/mussi-participo-de-la-presentacion-del-plan-de-obras-de-energia-electrica\/\" \/>\n<meta property=\"og:locale\" content=\"es_ES\" \/>\n<meta property=\"og:type\" content=\"article\" \/>\n<meta property=\"og:title\" content=\"Mussi particip\u00f3 de la presentaci\u00f3n del Plan de Obras de Energ\u00eda El\u00e9ctrica - Principios\" \/>\n<meta property=\"og:description\" content=\"El ministro de Econom\u00eda, Sergio Massa, anunci\u00f3 un plan de obras de energ\u00eda el\u00e9ctrica. El mismo tendr\u00e1 un criterio social y no comercial, contar\u00e1 con una inversi\u00f3n de 7 mil millones de pesos y beneficiar\u00e1 a 600.000 usuarios. Estuvo presente en el acto el intendente de Berazategui, Juan Jos\u00e9 Mussi, junto a otros jefes y...\" \/>\n<meta property=\"og:url\" content=\"https:\/\/diarioprincipios.com\/index.php\/2023\/04\/25\/mussi-participo-de-la-presentacion-del-plan-de-obras-de-energia-electrica\/\" \/>\n<meta property=\"og:site_name\" content=\"Principios\" \/>\n<meta property=\"article:published_time\" content=\"2023-04-25T19:34:08+00:00\" \/>\n<meta property=\"article:modified_time\" content=\"2023-04-28T16:04:47+00:00\" \/>\n<meta property=\"og:image\" content=\"https:\/\/diarioprincipios.com\/wp-content\/uploads\/2023\/04\/MUSSI-EN-LA-PRESENTACION-DEL-PLAN-DE-OBRAS-DE-ENERGIA-ELECTRICA-1.jpg\" \/>\n\t<meta property=\"og:image:width\" content=\"1920\" \/>\n\t<meta property=\"og:image:height\" content=\"1280\" \/>\n\t<meta property=\"og:image:type\" content=\"image\/jpeg\" \/>\n<meta name=\"author\" content=\"Hern\u00e1n L\u00f3pez\" \/>\n<meta name=\"twitter:card\" content=\"summary_large_image\" \/>\n<meta name=\"twitter:label1\" content=\"Escrito por\" \/>\n\t<meta name=\"twitter:data1\" content=\"Hern\u00e1n L\u00f3pez\" \/>\n\t<meta name=\"twitter:label2\" content=\"Tiempo de lectura\" \/>\n\t<meta name=\"twitter:data2\" content=\"2 minutos\" \/>\n<script type=\"application\/ld+json\" class=\"yoast-schema-graph\">{\"@context\":\"https:\\\/\\\/schema.org\",\"@graph\":[{\"@type\":\"Article\",\"@id\":\"https:\\\/\\\/diarioprincipios.com\\\/index.php\\\/2023\\\/04\\\/25\\\/mussi-participo-de-la-presentacion-del-plan-de-obras-de-energia-electrica\\\/#article\",\"isPartOf\":{\"@id\":\"https:\\\/\\\/diarioprincipios.com\\\/index.php\\\/2023\\\/04\\\/25\\\/mussi-participo-de-la-presentacion-del-plan-de-obras-de-energia-electrica\\\/\"},\"author\":{\"name\":\"Hern\u00e1n L\u00f3pez\",\"@id\":\"https:\\\/\\\/diarioprincipios.com\\\/#\\\/schema\\\/person\\\/436d5a1fd41a5e250e23ff5a6a7cb080\"},\"headline\":\"Mussi particip\u00f3 de la presentaci\u00f3n del Plan de Obras de Energ\u00eda El\u00e9ctrica\",\"datePublished\":\"2023-04-25T19:34:08+00:00\",\"dateModified\":\"2023-04-28T16:04:47+00:00\",\"mainEntityOfPage\":{\"@id\":\"https:\\\/\\\/diarioprincipios.com\\\/index.php\\\/2023\\\/04\\\/25\\\/mussi-participo-de-la-presentacion-del-plan-de-obras-de-energia-electrica\\\/\"},\"wordCount\":347,\"commentCount\":0,\"publisher\":{\"@id\":\"https:\\\/\\\/diarioprincipios.com\\\/#organization\"},\"image\":{\"@id\":\"https:\\\/\\\/diarioprincipios.com\\\/index.php\\\/2023\\\/04\\\/25\\\/mussi-participo-de-la-presentacion-del-plan-de-obras-de-energia-electrica\\\/#primaryimage\"},\"thumbnailUrl\":\"https:\\\/\\\/diarioprincipios.com\\\/wp-content\\\/uploads\\\/2023\\\/04\\\/MUSSI-EN-LA-PRESENTACION-DEL-PLAN-DE-OBRAS-DE-ENERGIA-ELECTRICA-1.jpg\",\"articleSection\":[\"Berazategui\"],\"inLanguage\":\"es\",\"potentialAction\":[{\"@type\":\"CommentAction\",\"name\":\"Comment\",\"target\":[\"https:\\\/\\\/diarioprincipios.com\\\/index.php\\\/2023\\\/04\\\/25\\\/mussi-participo-de-la-presentacion-del-plan-de-obras-de-energia-electrica\\\/#respond\"]}]},{\"@type\":\"WebPage\",\"@id\":\"https:\\\/\\\/diarioprincipios.com\\\/index.php\\\/2023\\\/04\\\/25\\\/mussi-participo-de-la-presentacion-del-plan-de-obras-de-energia-electrica\\\/\",\"url\":\"https:\\\/\\\/diarioprincipios.com\\\/index.php\\\/2023\\\/04\\\/25\\\/mussi-participo-de-la-presentacion-del-plan-de-obras-de-energia-electrica\\\/\",\"name\":\"Mussi particip\u00f3 de la presentaci\u00f3n del Plan de Obras de Energ\u00eda El\u00e9ctrica - Principios\",\"isPartOf\":{\"@id\":\"https:\\\/\\\/diarioprincipios.com\\\/#website\"},\"primaryImageOfPage\":{\"@id\":\"https:\\\/\\\/diarioprincipios.com\\\/index.php\\\/2023\\\/04\\\/25\\\/mussi-participo-de-la-presentacion-del-plan-de-obras-de-energia-electrica\\\/#primaryimage\"},\"image\":{\"@id\":\"https:\\\/\\\/diarioprincipios.com\\\/index.php\\\/2023\\\/04\\\/25\\\/mussi-participo-de-la-presentacion-del-plan-de-obras-de-energia-electrica\\\/#primaryimage\"},\"thumbnailUrl\":\"https:\\\/\\\/diarioprincipios.com\\\/wp-content\\\/uploads\\\/2023\\\/04\\\/MUSSI-EN-LA-PRESENTACION-DEL-PLAN-DE-OBRAS-DE-ENERGIA-ELECTRICA-1.jpg\",\"datePublished\":\"2023-04-25T19:34:08+00:00\",\"dateModified\":\"2023-04-28T16:04:47+00:00\",\"breadcrumb\":{\"@id\":\"https:\\\/\\\/diarioprincipios.com\\\/index.php\\\/2023\\\/04\\\/25\\\/mussi-participo-de-la-presentacion-del-plan-de-obras-de-energia-electrica\\\/#breadcrumb\"},\"inLanguage\":\"es\",\"potentialAction\":[{\"@type\":\"ReadAction\",\"target\":[\"https:\\\/\\\/diarioprincipios.com\\\/index.php\\\/2023\\\/04\\\/25\\\/mussi-participo-de-la-presentacion-del-plan-de-obras-de-energia-electrica\\\/\"]}]},{\"@type\":\"ImageObject\",\"inLanguage\":\"es\",\"@id\":\"https:\\\/\\\/diarioprincipios.com\\\/index.php\\\/2023\\\/04\\\/25\\\/mussi-participo-de-la-presentacion-del-plan-de-obras-de-energia-electrica\\\/#primaryimage\",\"url\":\"https:\\\/\\\/diarioprincipios.com\\\/wp-content\\\/uploads\\\/2023\\\/04\\\/MUSSI-EN-LA-PRESENTACION-DEL-PLAN-DE-OBRAS-DE-ENERGIA-ELECTRICA-1.jpg\",\"contentUrl\":\"https:\\\/\\\/diarioprincipios.com\\\/wp-content\\\/uploads\\\/2023\\\/04\\\/MUSSI-EN-LA-PRESENTACION-DEL-PLAN-DE-OBRAS-DE-ENERGIA-ELECTRICA-1.jpg\",\"width\":1920,\"height\":1280},{\"@type\":\"BreadcrumbList\",\"@id\":\"https:\\\/\\\/diarioprincipios.com\\\/index.php\\\/2023\\\/04\\\/25\\\/mussi-participo-de-la-presentacion-del-plan-de-obras-de-energia-electrica\\\/#breadcrumb\",\"itemListElement\":[{\"@type\":\"ListItem\",\"position\":1,\"name\":\"Portada\",\"item\":\"https:\\\/\\\/diarioprincipios.com\\\/\"},{\"@type\":\"ListItem\",\"position\":2,\"name\":\"Mussi particip\u00f3 de la presentaci\u00f3n del Plan de Obras de Energ\u00eda El\u00e9ctrica\"}]},{\"@type\":\"WebSite\",\"@id\":\"https:\\\/\\\/diarioprincipios.com\\\/#website\",\"url\":\"https:\\\/\\\/diarioprincipios.com\\\/\",\"name\":\"Principios\",\"description\":\"Principios Diario\",\"publisher\":{\"@id\":\"https:\\\/\\\/diarioprincipios.com\\\/#organization\"},\"potentialAction\":[{\"@type\":\"SearchAction\",\"target\":{\"@type\":\"EntryPoint\",\"urlTemplate\":\"https:\\\/\\\/diarioprincipios.com\\\/?s={search_term_string}\"},\"query-input\":{\"@type\":\"PropertyValueSpecification\",\"valueRequired\":true,\"valueName\":\"search_term_string\"}}],\"inLanguage\":\"es\"},{\"@type\":\"Organization\",\"@id\":\"https:\\\/\\\/diarioprincipios.com\\\/#organization\",\"name\":\"Principios\",\"url\":\"https:\\\/\\\/diarioprincipios.com\\\/\",\"logo\":{\"@type\":\"ImageObject\",\"inLanguage\":\"es\",\"@id\":\"https:\\\/\\\/diarioprincipios.com\\\/#\\\/schema\\\/logo\\\/image\\\/\",\"url\":\"https:\\\/\\\/diarioprincipios.com\\\/wp-content\\\/uploads\\\/2024\\\/04\\\/cropped-www.diarioprincipios.com_-1.png\",\"contentUrl\":\"https:\\\/\\\/diarioprincipios.com\\\/wp-content\\\/uploads\\\/2024\\\/04\\\/cropped-www.diarioprincipios.com_-1.png\",\"width\":5325,\"height\":1454,\"caption\":\"Principios\"},\"image\":{\"@id\":\"https:\\\/\\\/diarioprincipios.com\\\/#\\\/schema\\\/logo\\\/image\\\/\"}},{\"@type\":\"Person\",\"@id\":\"https:\\\/\\\/diarioprincipios.com\\\/#\\\/schema\\\/person\\\/436d5a1fd41a5e250e23ff5a6a7cb080\",\"name\":\"Hern\u00e1n L\u00f3pez\",\"image\":{\"@type\":\"ImageObject\",\"inLanguage\":\"es\",\"@id\":\"https:\\\/\\\/diarioprincipios.com\\\/wp-content\\\/litespeed\\\/avatar\\\/11ddfe5610ff3bd100522525b2571f48.jpg?ver=1777048341\",\"url\":\"https:\\\/\\\/diarioprincipios.com\\\/wp-content\\\/litespeed\\\/avatar\\\/11ddfe5610ff3bd100522525b2571f48.jpg?ver=1777048341\",\"contentUrl\":\"https:\\\/\\\/diarioprincipios.com\\\/wp-content\\\/litespeed\\\/avatar\\\/11ddfe5610ff3bd100522525b2571f48.jpg?ver=1777048341\",\"caption\":\"Hern\u00e1n L\u00f3pez\"},\"url\":\"https:\\\/\\\/diarioprincipios.com\\\/index.php\\\/author\\\/hernan\\\/\"}]}<\/script>\n<!-- \/ Yoast SEO plugin. -->","yoast_head_json":{"title":"Mussi particip\u00f3 de la presentaci\u00f3n del Plan de Obras de Energ\u00eda El\u00e9ctrica - Principios","robots":{"index":"index","follow":"follow","max-snippet":"max-snippet:-1","max-image-preview":"max-image-preview:large","max-video-preview":"max-video-preview:-1"},"canonical":"https:\/\/diarioprincipios.com\/index.php\/2023\/04\/25\/mussi-participo-de-la-presentacion-del-plan-de-obras-de-energia-electrica\/","og_locale":"es_ES","og_type":"article","og_title":"Mussi particip\u00f3 de la presentaci\u00f3n del Plan de Obras de Energ\u00eda El\u00e9ctrica - Principios","og_description":"El ministro de Econom\u00eda, Sergio Massa, anunci\u00f3 un plan de obras de energ\u00eda el\u00e9ctrica. El mismo tendr\u00e1 un criterio social y no comercial, contar\u00e1 con una inversi\u00f3n de 7 mil millones de pesos y beneficiar\u00e1 a 600.000 usuarios. Estuvo presente en el acto el intendente de Berazategui, Juan Jos\u00e9 Mussi, junto a otros jefes y...","og_url":"https:\/\/diarioprincipios.com\/index.php\/2023\/04\/25\/mussi-participo-de-la-presentacion-del-plan-de-obras-de-energia-electrica\/","og_site_name":"Principios","article_published_time":"2023-04-25T19:34:08+00:00","article_modified_time":"2023-04-28T16:04:47+00:00","og_image":[{"width":1920,"height":1280,"url":"https:\/\/diarioprincipios.com\/wp-content\/uploads\/2023\/04\/MUSSI-EN-LA-PRESENTACION-DEL-PLAN-DE-OBRAS-DE-ENERGIA-ELECTRICA-1.jpg","type":"image\/jpeg"}],"author":"Hern\u00e1n L\u00f3pez","twitter_card":"summary_large_image","twitter_misc":{"Escrito por":"Hern\u00e1n L\u00f3pez","Tiempo de lectura":"2 minutos"},"schema":{"@context":"https:\/\/schema.org","@graph":[{"@type":"Article","@id":"https:\/\/diarioprincipios.com\/index.php\/2023\/04\/25\/mussi-participo-de-la-presentacion-del-plan-de-obras-de-energia-electrica\/#article","isPartOf":{"@id":"https:\/\/diarioprincipios.com\/index.php\/2023\/04\/25\/mussi-participo-de-la-presentacion-del-plan-de-obras-de-energia-electrica\/"},"author":{"name":"Hern\u00e1n L\u00f3pez","@id":"https:\/\/diarioprincipios.com\/#\/schema\/person\/436d5a1fd41a5e250e23ff5a6a7cb080"},"headline":"Mussi particip\u00f3 de la presentaci\u00f3n del Plan de Obras de Energ\u00eda El\u00e9ctrica","datePublished":"2023-04-25T19:34:08+00:00","dateModified":"2023-04-28T16:04:47+00:00","mainEntityOfPage":{"@id":"https:\/\/diarioprincipios.com\/index.php\/2023\/04\/25\/mussi-participo-de-la-presentacion-del-plan-de-obras-de-energia-electrica\/"},"wordCount":347,"commentCount":0,"publisher":{"@id":"https:\/\/diarioprincipios.com\/#organization"},"image":{"@id":"https:\/\/diarioprincipios.com\/index.php\/2023\/04\/25\/mussi-participo-de-la-presentacion-del-plan-de-obras-de-energia-electrica\/#primaryimage"},"thumbnailUrl":"https:\/\/diarioprincipios.com\/wp-content\/uploads\/2023\/04\/MUSSI-EN-LA-PRESENTACION-DEL-PLAN-DE-OBRAS-DE-ENERGIA-ELECTRICA-1.jpg","articleSection":["Berazategui"],"inLanguage":"es","potentialAction":[{"@type":"CommentAction","name":"Comment","target":["https:\/\/diarioprincipios.com\/index.php\/2023\/04\/25\/mussi-participo-de-la-presentacion-del-plan-de-obras-de-energia-electrica\/#respond"]}]},{"@type":"WebPage","@id":"https:\/\/diarioprincipios.com\/index.php\/2023\/04\/25\/mussi-participo-de-la-presentacion-del-plan-de-obras-de-energia-electrica\/","url":"https:\/\/diarioprincipios.com\/index.php\/2023\/04\/25\/mussi-participo-de-la-presentacion-del-plan-de-obras-de-energia-electrica\/","name":"Mussi particip\u00f3 de la presentaci\u00f3n del Plan de Obras de Energ\u00eda El\u00e9ctrica - Principios","isPartOf":{"@id":"https:\/\/diarioprincipios.com\/#website"},"primaryImageOfPage":{"@id":"https:\/\/diarioprincipios.com\/index.php\/2023\/04\/25\/mussi-participo-de-la-presentacion-del-plan-de-obras-de-energia-electrica\/#primaryimage"},"image":{"@id":"https:\/\/diarioprincipios.com\/index.php\/2023\/04\/25\/mussi-participo-de-la-presentacion-del-plan-de-obras-de-energia-electrica\/#primaryimage"},"thumbnailUrl":"https:\/\/diarioprincipios.com\/wp-content\/uploads\/2023\/04\/MUSSI-EN-LA-PRESENTACION-DEL-PLAN-DE-OBRAS-DE-ENERGIA-ELECTRICA-1.jpg","datePublished":"2023-04-25T19:34:08+00:00","dateModified":"2023-04-28T16:04:47+00:00","breadcrumb":{"@id":"https:\/\/diarioprincipios.com\/index.php\/2023\/04\/25\/mussi-participo-de-la-presentacion-del-plan-de-obras-de-energia-electrica\/#breadcrumb"},"inLanguage":"es","potentialAction":[{"@type":"ReadAction","target":["https:\/\/diarioprincipios.com\/index.php\/2023\/04\/25\/mussi-participo-de-la-presentacion-del-plan-de-obras-de-energia-electrica\/"]}]},{"@type":"ImageObject","inLanguage":"es","@id":"https:\/\/diarioprincipios.com\/index.php\/2023\/04\/25\/mussi-participo-de-la-presentacion-del-plan-de-obras-de-energia-electrica\/#primaryimage","url":"https:\/\/diarioprincipios.com\/wp-content\/uploads\/2023\/04\/MUSSI-EN-LA-PRESENTACION-DEL-PLAN-DE-OBRAS-DE-ENERGIA-ELECTRICA-1.jpg","contentUrl":"https:\/\/diarioprincipios.com\/wp-content\/uploads\/2023\/04\/MUSSI-EN-LA-PRESENTACION-DEL-PLAN-DE-OBRAS-DE-ENERGIA-ELECTRICA-1.jpg","width":1920,"height":1280},{"@type":"BreadcrumbList","@id":"https:\/\/diarioprincipios.com\/index.php\/2023\/04\/25\/mussi-participo-de-la-presentacion-del-plan-de-obras-de-energia-electrica\/#breadcrumb","itemListElement":[{"@type":"ListItem","position":1,"name":"Portada","item":"https:\/\/diarioprincipios.com\/"},{"@type":"ListItem","position":2,"name":"Mussi particip\u00f3 de la presentaci\u00f3n del Plan de Obras de Energ\u00eda El\u00e9ctrica"}]},{"@type":"WebSite","@id":"https:\/\/diarioprincipios.com\/#website","url":"https:\/\/diarioprincipios.com\/","name":"Principios","description":"Principios Diario","publisher":{"@id":"https:\/\/diarioprincipios.com\/#organization"},"potentialAction":[{"@type":"SearchAction","target":{"@type":"EntryPoint","urlTemplate":"https:\/\/diarioprincipios.com\/?s={search_term_string}"},"query-input":{"@type":"PropertyValueSpecification","valueRequired":true,"valueName":"search_term_string"}}],"inLanguage":"es"},{"@type":"Organization","@id":"https:\/\/diarioprincipios.com\/#organization","name":"Principios","url":"https:\/\/diarioprincipios.com\/","logo":{"@type":"ImageObject","inLanguage":"es","@id":"https:\/\/diarioprincipios.com\/#\/schema\/logo\/image\/","url":"https:\/\/diarioprincipios.com\/wp-content\/uploads\/2024\/04\/cropped-www.diarioprincipios.com_-1.png","contentUrl":"https:\/\/diarioprincipios.com\/wp-content\/uploads\/2024\/04\/cropped-www.diarioprincipios.com_-1.png","width":5325,"height":1454,"caption":"Principios"},"image":{"@id":"https:\/\/diarioprincipios.com\/#\/schema\/logo\/image\/"}},{"@type":"Person","@id":"https:\/\/diarioprincipios.com\/#\/schema\/person\/436d5a1fd41a5e250e23ff5a6a7cb080","name":"Hern\u00e1n L\u00f3pez","image":{"@type":"ImageObject","inLanguage":"es","@id":"https:\/\/diarioprincipios.com\/wp-content\/litespeed\/avatar\/11ddfe5610ff3bd100522525b2571f48.jpg?ver=1777048341","url":"https:\/\/diarioprincipios.com\/wp-content\/litespeed\/avatar\/11ddfe5610ff3bd100522525b2571f48.jpg?ver=1777048341","contentUrl":"https:\/\/diarioprincipios.com\/wp-content\/litespeed\/avatar\/11ddfe5610ff3bd100522525b2571f48.jpg?ver=1777048341","caption":"Hern\u00e1n L\u00f3pez"},"url":"https:\/\/diarioprincipios.com\/index.php\/author\/hernan\/"}]}},"jetpack_featured_media_url":"https:\/\/diarioprincipios.com\/wp-content\/uploads\/2023\/04\/MUSSI-EN-LA-PRESENTACION-DEL-PLAN-DE-OBRAS-DE-ENERGIA-ELECTRICA-1.jpg","_links":{"self":[{"href":"https:\/\/diarioprincipios.com\/index.php\/wp-json\/wp\/v2\/posts\/16744","targetHints":{"allow":["GET"]}}],"collection":[{"href":"https:\/\/diarioprincipios.com\/index.php\/wp-json\/wp\/v2\/posts"}],"about":[{"href":"https:\/\/diarioprincipios.com\/index.php\/wp-json\/wp\/v2\/types\/post"}],"author":[{"embeddable":true,"href":"https:\/\/diarioprincipios.com\/index.php\/wp-json\/wp\/v2\/users\/2"}],"replies":[{"embeddable":true,"href":"https:\/\/diarioprincipios.com\/index.php\/wp-json\/wp\/v2\/comments?post=16744"}],"version-history":[{"count":1,"href":"https:\/\/diarioprincipios.com\/index.php\/wp-json\/wp\/v2\/posts\/16744\/revisions"}],"predecessor-version":[{"id":16747,"href":"https:\/\/diarioprincipios.com\/index.php\/wp-json\/wp\/v2\/posts\/16744\/revisions\/16747"}],"wp:featuredmedia":[{"embeddable":true,"href":"https:\/\/diarioprincipios.com\/index.php\/wp-json\/wp\/v2\/media\/16746"}],"wp:attachment":[{"href":"https:\/\/diarioprincipios.com\/index.php\/wp-json\/wp\/v2\/media?parent=16744"}],"wp:term":[{"taxonomy":"category","embeddable":true,"href":"https:\/\/diarioprincipios.com\/index.php\/wp-json\/wp\/v2\/categories?post=16744"},{"taxonomy":"post_tag","embeddable":true,"href":"https:\/\/diarioprincipios.com\/index.php\/wp-json\/wp\/v2\/tags?post=16744"}],"curies":[{"name":"wp","href":"https:\/\/api.w.org\/{rel}","templated":true}]}}