{"id":16728,"date":"2023-04-25T12:06:27","date_gmt":"2023-04-25T15:06:27","guid":{"rendered":"http:\/\/diarioprincipios.com\/?p=16728"},"modified":"2023-04-28T13:04:32","modified_gmt":"2023-04-28T16:04:32","slug":"mussi-el-programa-de-alfabetizacion-tiene-que-seguir","status":"publish","type":"post","link":"https:\/\/diarioprincipios.com\/index.php\/2023\/04\/25\/mussi-el-programa-de-alfabetizacion-tiene-que-seguir\/","title":{"rendered":"Mussi: \u00abEl Programa de Alfabetizaci\u00f3n tiene que seguir\u00bb"},"content":{"rendered":"\n<p><strong>Se reconoci\u00f3 a 184 referentes del Programa Municipal de Alfabetizaci\u00f3n en un acto encabezado por el intendente Juan Jos\u00e9 Mussi. De esta manera, se destac\u00f3 a alfabetizadores y alfabetizadoras de los Centros de Aprendizaje Comunitario; alfabetizandos y alfabetizandas; egresados y egresadas del Curso de Herramientas Socioeducativas -en su edici\u00f3n 2023- y representantes de instituciones que apoyan la iniciativa.<\/strong><\/p>\n\n\n\n<figure class=\"wp-block-image size-large\"><img loading=\"lazy\" decoding=\"async\" width=\"1024\" height=\"726\" src=\"https:\/\/diarioprincipios.com\/wp-content\/uploads\/2023\/04\/Screenshot_20230425-120417_Yahoo-Mail-1024x726.jpg\" alt=\"\" class=\"wp-image-16729\" srcset=\"https:\/\/diarioprincipios.com\/wp-content\/uploads\/2023\/04\/Screenshot_20230425-120417_Yahoo-Mail-1024x726.jpg 1024w, https:\/\/diarioprincipios.com\/wp-content\/uploads\/2023\/04\/Screenshot_20230425-120417_Yahoo-Mail-300x213.jpg 300w, https:\/\/diarioprincipios.com\/wp-content\/uploads\/2023\/04\/Screenshot_20230425-120417_Yahoo-Mail-768x545.jpg 768w, https:\/\/diarioprincipios.com\/wp-content\/uploads\/2023\/04\/Screenshot_20230425-120417_Yahoo-Mail.jpg 1080w\" sizes=\"auto, (max-width: 1024px) 100vw, 1024px\" \/><\/figure>\n\n\n\n<p>\u201cEste es un programa muy especial. Empez\u00f3 siendo una campa\u00f1a, pero lo transformamos en un programa para que siga. La Universidad Nacional de Quilmes -a la que agradecemos todo el tramo que hizo- no pudo seguir y no lo \u00edbamos a cortar de ninguna manera. Para m\u00ed, con tantos a\u00f1os de gesti\u00f3n, este es uno de los programas m\u00e1s importantes que llevamos adelante. Una vez conoc\u00ed a un se\u00f1or chaque\u00f1o de m\u00e1s de 70 a\u00f1os, que me dijo \u00b4estaba ciego y empec\u00e9 a ver\u00b4. As\u00ed grafic\u00f3 el significado de aprender a escribir y a leer. Eso fue conmovedor; as\u00ed como una de las primeras alfabetizadoras que me dijo que ten\u00eda 3 hijos, manten\u00eda su familia y tomaba un micro para ir a otro barrio a alfabetizar. Este programa tiene solidaridad\u201d, asegur\u00f3 Mussi.<\/p>\n\n\n\n<p>Adem\u00e1s, el Intendente subray\u00f3: \u201cLo mejor que le puede pasar a la Argentina es que haya gente que quiera hacer estas cosas por solidaridad, por amor al otro. Este programa tiene que seguir hasta que no haya un solo vecino de Berazategui que no sepa leer y escribir\u201d.<\/p>\n\n\n\n<figure class=\"wp-block-image size-large\"><img loading=\"lazy\" decoding=\"async\" width=\"1024\" height=\"503\" src=\"https:\/\/diarioprincipios.com\/wp-content\/uploads\/2023\/04\/Screenshot_20230425-120428_Yahoo-Mail-1024x503.jpg\" alt=\"\" class=\"wp-image-16730\" srcset=\"https:\/\/diarioprincipios.com\/wp-content\/uploads\/2023\/04\/Screenshot_20230425-120428_Yahoo-Mail-1024x503.jpg 1024w, https:\/\/diarioprincipios.com\/wp-content\/uploads\/2023\/04\/Screenshot_20230425-120428_Yahoo-Mail-300x147.jpg 300w, https:\/\/diarioprincipios.com\/wp-content\/uploads\/2023\/04\/Screenshot_20230425-120428_Yahoo-Mail-768x377.jpg 768w, https:\/\/diarioprincipios.com\/wp-content\/uploads\/2023\/04\/Screenshot_20230425-120428_Yahoo-Mail.jpg 1080w\" sizes=\"auto, (max-width: 1024px) 100vw, 1024px\" \/><\/figure>\n\n\n\n<p>Por su parte, Federico L\u00f3pez, secretario de Cultura y Educaci\u00f3n municipal, declar\u00f3: \u201cEs un d\u00eda lleno de emociones, reconociendo a la cadena de alfabetizadores y alfabetizandos, a todos aquellos que aportan su granito de arena para que este Programa, que apoya y lleva adelante el intendente Juan Jos\u00e9 Mussi -desde la Secretar\u00eda de Cultura y Educaci\u00f3n-, sea una realidad. Lo es junto a toda la comunidad, porque se construye colectivamente y genera un v\u00ednculo de acompa\u00f1amiento necesario en este Berazategui tan querido, en lo m\u00e1s lindo que tiene, su comunidad. Se trata de componer un derecho. Les agradecemos el compromiso. Este programa se lleva adelante con amor\u201d.<\/p>\n\n\n\n<p>El encuentro se realiz\u00f3 en el Complejo Cultural Municipal La Calle y cont\u00f3 con una exposici\u00f3n de afiches realizados en los Centros de Aprendizaje Comunitario, un espacio de estampado de remeras con el logo del programa, y m\u00fasica a cargo del d\u00fao Rein Diamond.<\/p>\n\n\n\n<p>Por su parte, Carolina Guti\u00e9rrez, quien se desempe\u00f1a como alfabetizadora desde 2020 -actualmente en el barrio R\u00edo Encantado- y es artista berazateguense, expres\u00f3: \u201cEs un d\u00eda de fiesta y de encuentro. Este Programa municipal es hermoso; es todo lo que se puede decir que est\u00e1 bien. Somos vecinos encontr\u00e1ndonos y compartiendo momentos y saberes\u201d.<\/p>\n\n\n\n<p>El Programa Municipal de Alfabetizaci\u00f3n comenz\u00f3 a implementarse en 2017, con el objetivo de garantizar el derecho a la educaci\u00f3n. Desde su inicio, hasta la actualidad, se abrieron m\u00e1s de 131 Centros de Aprendizaje Comunitario. Miles de vecinos y vecinas fueron contactados e invitados a los Centros en base a censos de trayectorias educativas realizados en los barrios. A partir de su participaci\u00f3n en estos espacios, muchas personas continuaron sus estudios en otros niveles educativos del sistema formal y tambi\u00e9n en talleres de la Secretar\u00eda de Cultura y Educaci\u00f3n. Ya se encuentran en funcionamiento dos comisiones de formaci\u00f3n para alfabetizadores.<\/p>\n\n\n\n<p>Acompa\u00f1aron al Intendente: la directora General de Territorio y Pol\u00edticas Culturales, Camila L\u00f3pez; y la coordinadora del Programa Municipal de Alfabetizaci\u00f3n, Giuliana Calv\u00edn; integrantes del Gabinete municipal, vecinos y vecinas.<\/p>\n","protected":false},"excerpt":{"rendered":"<p>Se reconoci\u00f3 a 184 referentes del Programa Municipal de Alfabetizaci\u00f3n en un acto encabezado por el intendente Juan Jos\u00e9 Mussi. De esta manera, se destac\u00f3 a alfabetizadores y alfabetizadoras de los Centros de Aprendizaje Comunitario; alfabetizandos y alfabetizandas; egresados y egresadas del Curso de Herramientas Socioeducativas -en su edici\u00f3n 2023- y representantes de instituciones que&#8230;<\/p>\n","protected":false},"author":2,"featured_media":16731,"comment_status":"open","ping_status":"open","sticky":false,"template":"","format":"standard","meta":{"footnotes":""},"categories":[3],"tags":[],"class_list":["post-16728","post","type-post","status-publish","format-standard","has-post-thumbnail","hentry","category-berazategui"],"featured_image_src":"https:\/\/diarioprincipios.com\/wp-content\/uploads\/2023\/04\/Screenshot_20230425-120421_Yahoo-Mail-1024x680.jpg","blog_images":{"medium":"https:\/\/diarioprincipios.com\/wp-content\/uploads\/2023\/04\/Screenshot_20230425-120421_Yahoo-Mail-300x199.jpg","large":"https:\/\/diarioprincipios.com\/wp-content\/uploads\/2023\/04\/Screenshot_20230425-120421_Yahoo-Mail-1024x680.jpg"},"ams_acf":[],"yoast_head":"<!-- This site is optimized with the Yoast SEO plugin v27.3 - https:\/\/yoast.com\/product\/yoast-seo-wordpress\/ -->\n<title>Mussi: &quot;El Programa de Alfabetizaci\u00f3n tiene que seguir&quot; - Principios<\/title>\n<meta name=\"robots\" content=\"index, follow, max-snippet:-1, max-image-preview:large, max-video-preview:-1\" \/>\n<link rel=\"canonical\" href=\"https:\/\/diarioprincipios.com\/index.php\/2023\/04\/25\/mussi-el-programa-de-alfabetizacion-tiene-que-seguir\/\" \/>\n<meta property=\"og:locale\" content=\"es_ES\" \/>\n<meta property=\"og:type\" content=\"article\" \/>\n<meta property=\"og:title\" content=\"Mussi: &quot;El Programa de Alfabetizaci\u00f3n tiene que seguir&quot; - Principios\" \/>\n<meta property=\"og:description\" content=\"Se reconoci\u00f3 a 184 referentes del Programa Municipal de Alfabetizaci\u00f3n en un acto encabezado por el intendente Juan Jos\u00e9 Mussi. De esta manera, se destac\u00f3 a alfabetizadores y alfabetizadoras de los Centros de Aprendizaje Comunitario; alfabetizandos y alfabetizandas; egresados y egresadas del Curso de Herramientas Socioeducativas -en su edici\u00f3n 2023- y representantes de instituciones que...\" \/>\n<meta property=\"og:url\" content=\"https:\/\/diarioprincipios.com\/index.php\/2023\/04\/25\/mussi-el-programa-de-alfabetizacion-tiene-que-seguir\/\" \/>\n<meta property=\"og:site_name\" content=\"Principios\" \/>\n<meta property=\"article:published_time\" content=\"2023-04-25T15:06:27+00:00\" \/>\n<meta property=\"article:modified_time\" content=\"2023-04-28T16:04:32+00:00\" \/>\n<meta property=\"og:image\" content=\"https:\/\/diarioprincipios.com\/wp-content\/uploads\/2023\/04\/Screenshot_20230425-120421_Yahoo-Mail.jpg\" \/>\n\t<meta property=\"og:image:width\" content=\"1080\" \/>\n\t<meta property=\"og:image:height\" content=\"717\" \/>\n\t<meta property=\"og:image:type\" content=\"image\/jpeg\" \/>\n<meta name=\"author\" content=\"Hern\u00e1n L\u00f3pez\" \/>\n<meta name=\"twitter:card\" content=\"summary_large_image\" \/>\n<meta name=\"twitter:label1\" content=\"Escrito por\" \/>\n\t<meta name=\"twitter:data1\" content=\"Hern\u00e1n L\u00f3pez\" \/>\n\t<meta name=\"twitter:label2\" content=\"Tiempo de lectura\" \/>\n\t<meta name=\"twitter:data2\" content=\"4 minutos\" \/>\n<script type=\"application\/ld+json\" class=\"yoast-schema-graph\">{\"@context\":\"https:\\\/\\\/schema.org\",\"@graph\":[{\"@type\":\"Article\",\"@id\":\"https:\\\/\\\/diarioprincipios.com\\\/index.php\\\/2023\\\/04\\\/25\\\/mussi-el-programa-de-alfabetizacion-tiene-que-seguir\\\/#article\",\"isPartOf\":{\"@id\":\"https:\\\/\\\/diarioprincipios.com\\\/index.php\\\/2023\\\/04\\\/25\\\/mussi-el-programa-de-alfabetizacion-tiene-que-seguir\\\/\"},\"author\":{\"name\":\"Hern\u00e1n L\u00f3pez\",\"@id\":\"https:\\\/\\\/diarioprincipios.com\\\/#\\\/schema\\\/person\\\/436d5a1fd41a5e250e23ff5a6a7cb080\"},\"headline\":\"Mussi: \u00abEl Programa de Alfabetizaci\u00f3n tiene que seguir\u00bb\",\"datePublished\":\"2023-04-25T15:06:27+00:00\",\"dateModified\":\"2023-04-28T16:04:32+00:00\",\"mainEntityOfPage\":{\"@id\":\"https:\\\/\\\/diarioprincipios.com\\\/index.php\\\/2023\\\/04\\\/25\\\/mussi-el-programa-de-alfabetizacion-tiene-que-seguir\\\/\"},\"wordCount\":618,\"commentCount\":0,\"publisher\":{\"@id\":\"https:\\\/\\\/diarioprincipios.com\\\/#organization\"},\"image\":{\"@id\":\"https:\\\/\\\/diarioprincipios.com\\\/index.php\\\/2023\\\/04\\\/25\\\/mussi-el-programa-de-alfabetizacion-tiene-que-seguir\\\/#primaryimage\"},\"thumbnailUrl\":\"https:\\\/\\\/diarioprincipios.com\\\/wp-content\\\/uploads\\\/2023\\\/04\\\/Screenshot_20230425-120421_Yahoo-Mail.jpg\",\"articleSection\":[\"Berazategui\"],\"inLanguage\":\"es\",\"potentialAction\":[{\"@type\":\"CommentAction\",\"name\":\"Comment\",\"target\":[\"https:\\\/\\\/diarioprincipios.com\\\/index.php\\\/2023\\\/04\\\/25\\\/mussi-el-programa-de-alfabetizacion-tiene-que-seguir\\\/#respond\"]}]},{\"@type\":\"WebPage\",\"@id\":\"https:\\\/\\\/diarioprincipios.com\\\/index.php\\\/2023\\\/04\\\/25\\\/mussi-el-programa-de-alfabetizacion-tiene-que-seguir\\\/\",\"url\":\"https:\\\/\\\/diarioprincipios.com\\\/index.php\\\/2023\\\/04\\\/25\\\/mussi-el-programa-de-alfabetizacion-tiene-que-seguir\\\/\",\"name\":\"Mussi: \\\"El Programa de Alfabetizaci\u00f3n tiene que seguir\\\" - Principios\",\"isPartOf\":{\"@id\":\"https:\\\/\\\/diarioprincipios.com\\\/#website\"},\"primaryImageOfPage\":{\"@id\":\"https:\\\/\\\/diarioprincipios.com\\\/index.php\\\/2023\\\/04\\\/25\\\/mussi-el-programa-de-alfabetizacion-tiene-que-seguir\\\/#primaryimage\"},\"image\":{\"@id\":\"https:\\\/\\\/diarioprincipios.com\\\/index.php\\\/2023\\\/04\\\/25\\\/mussi-el-programa-de-alfabetizacion-tiene-que-seguir\\\/#primaryimage\"},\"thumbnailUrl\":\"https:\\\/\\\/diarioprincipios.com\\\/wp-content\\\/uploads\\\/2023\\\/04\\\/Screenshot_20230425-120421_Yahoo-Mail.jpg\",\"datePublished\":\"2023-04-25T15:06:27+00:00\",\"dateModified\":\"2023-04-28T16:04:32+00:00\",\"breadcrumb\":{\"@id\":\"https:\\\/\\\/diarioprincipios.com\\\/index.php\\\/2023\\\/04\\\/25\\\/mussi-el-programa-de-alfabetizacion-tiene-que-seguir\\\/#breadcrumb\"},\"inLanguage\":\"es\",\"potentialAction\":[{\"@type\":\"ReadAction\",\"target\":[\"https:\\\/\\\/diarioprincipios.com\\\/index.php\\\/2023\\\/04\\\/25\\\/mussi-el-programa-de-alfabetizacion-tiene-que-seguir\\\/\"]}]},{\"@type\":\"ImageObject\",\"inLanguage\":\"es\",\"@id\":\"https:\\\/\\\/diarioprincipios.com\\\/index.php\\\/2023\\\/04\\\/25\\\/mussi-el-programa-de-alfabetizacion-tiene-que-seguir\\\/#primaryimage\",\"url\":\"https:\\\/\\\/diarioprincipios.com\\\/wp-content\\\/uploads\\\/2023\\\/04\\\/Screenshot_20230425-120421_Yahoo-Mail.jpg\",\"contentUrl\":\"https:\\\/\\\/diarioprincipios.com\\\/wp-content\\\/uploads\\\/2023\\\/04\\\/Screenshot_20230425-120421_Yahoo-Mail.jpg\",\"width\":1080,\"height\":717},{\"@type\":\"BreadcrumbList\",\"@id\":\"https:\\\/\\\/diarioprincipios.com\\\/index.php\\\/2023\\\/04\\\/25\\\/mussi-el-programa-de-alfabetizacion-tiene-que-seguir\\\/#breadcrumb\",\"itemListElement\":[{\"@type\":\"ListItem\",\"position\":1,\"name\":\"Portada\",\"item\":\"https:\\\/\\\/diarioprincipios.com\\\/\"},{\"@type\":\"ListItem\",\"position\":2,\"name\":\"Mussi: \u00abEl Programa de Alfabetizaci\u00f3n tiene que seguir\u00bb\"}]},{\"@type\":\"WebSite\",\"@id\":\"https:\\\/\\\/diarioprincipios.com\\\/#website\",\"url\":\"https:\\\/\\\/diarioprincipios.com\\\/\",\"name\":\"Principios\",\"description\":\"Principios Diario\",\"publisher\":{\"@id\":\"https:\\\/\\\/diarioprincipios.com\\\/#organization\"},\"potentialAction\":[{\"@type\":\"SearchAction\",\"target\":{\"@type\":\"EntryPoint\",\"urlTemplate\":\"https:\\\/\\\/diarioprincipios.com\\\/?s={search_term_string}\"},\"query-input\":{\"@type\":\"PropertyValueSpecification\",\"valueRequired\":true,\"valueName\":\"search_term_string\"}}],\"inLanguage\":\"es\"},{\"@type\":\"Organization\",\"@id\":\"https:\\\/\\\/diarioprincipios.com\\\/#organization\",\"name\":\"Principios\",\"url\":\"https:\\\/\\\/diarioprincipios.com\\\/\",\"logo\":{\"@type\":\"ImageObject\",\"inLanguage\":\"es\",\"@id\":\"https:\\\/\\\/diarioprincipios.com\\\/#\\\/schema\\\/logo\\\/image\\\/\",\"url\":\"https:\\\/\\\/diarioprincipios.com\\\/wp-content\\\/uploads\\\/2024\\\/04\\\/cropped-www.diarioprincipios.com_-1.png\",\"contentUrl\":\"https:\\\/\\\/diarioprincipios.com\\\/wp-content\\\/uploads\\\/2024\\\/04\\\/cropped-www.diarioprincipios.com_-1.png\",\"width\":5325,\"height\":1454,\"caption\":\"Principios\"},\"image\":{\"@id\":\"https:\\\/\\\/diarioprincipios.com\\\/#\\\/schema\\\/logo\\\/image\\\/\"}},{\"@type\":\"Person\",\"@id\":\"https:\\\/\\\/diarioprincipios.com\\\/#\\\/schema\\\/person\\\/436d5a1fd41a5e250e23ff5a6a7cb080\",\"name\":\"Hern\u00e1n L\u00f3pez\",\"image\":{\"@type\":\"ImageObject\",\"inLanguage\":\"es\",\"@id\":\"https:\\\/\\\/diarioprincipios.com\\\/wp-content\\\/litespeed\\\/avatar\\\/11ddfe5610ff3bd100522525b2571f48.jpg?ver=1777048341\",\"url\":\"https:\\\/\\\/diarioprincipios.com\\\/wp-content\\\/litespeed\\\/avatar\\\/11ddfe5610ff3bd100522525b2571f48.jpg?ver=1777048341\",\"contentUrl\":\"https:\\\/\\\/diarioprincipios.com\\\/wp-content\\\/litespeed\\\/avatar\\\/11ddfe5610ff3bd100522525b2571f48.jpg?ver=1777048341\",\"caption\":\"Hern\u00e1n L\u00f3pez\"},\"url\":\"https:\\\/\\\/diarioprincipios.com\\\/index.php\\\/author\\\/hernan\\\/\"}]}<\/script>\n<!-- \/ Yoast SEO plugin. -->","yoast_head_json":{"title":"Mussi: \"El Programa de Alfabetizaci\u00f3n tiene que seguir\" - Principios","robots":{"index":"index","follow":"follow","max-snippet":"max-snippet:-1","max-image-preview":"max-image-preview:large","max-video-preview":"max-video-preview:-1"},"canonical":"https:\/\/diarioprincipios.com\/index.php\/2023\/04\/25\/mussi-el-programa-de-alfabetizacion-tiene-que-seguir\/","og_locale":"es_ES","og_type":"article","og_title":"Mussi: \"El Programa de Alfabetizaci\u00f3n tiene que seguir\" - Principios","og_description":"Se reconoci\u00f3 a 184 referentes del Programa Municipal de Alfabetizaci\u00f3n en un acto encabezado por el intendente Juan Jos\u00e9 Mussi. De esta manera, se destac\u00f3 a alfabetizadores y alfabetizadoras de los Centros de Aprendizaje Comunitario; alfabetizandos y alfabetizandas; egresados y egresadas del Curso de Herramientas Socioeducativas -en su edici\u00f3n 2023- y representantes de instituciones que...","og_url":"https:\/\/diarioprincipios.com\/index.php\/2023\/04\/25\/mussi-el-programa-de-alfabetizacion-tiene-que-seguir\/","og_site_name":"Principios","article_published_time":"2023-04-25T15:06:27+00:00","article_modified_time":"2023-04-28T16:04:32+00:00","og_image":[{"width":1080,"height":717,"url":"https:\/\/diarioprincipios.com\/wp-content\/uploads\/2023\/04\/Screenshot_20230425-120421_Yahoo-Mail.jpg","type":"image\/jpeg"}],"author":"Hern\u00e1n L\u00f3pez","twitter_card":"summary_large_image","twitter_misc":{"Escrito por":"Hern\u00e1n L\u00f3pez","Tiempo de lectura":"4 minutos"},"schema":{"@context":"https:\/\/schema.org","@graph":[{"@type":"Article","@id":"https:\/\/diarioprincipios.com\/index.php\/2023\/04\/25\/mussi-el-programa-de-alfabetizacion-tiene-que-seguir\/#article","isPartOf":{"@id":"https:\/\/diarioprincipios.com\/index.php\/2023\/04\/25\/mussi-el-programa-de-alfabetizacion-tiene-que-seguir\/"},"author":{"name":"Hern\u00e1n L\u00f3pez","@id":"https:\/\/diarioprincipios.com\/#\/schema\/person\/436d5a1fd41a5e250e23ff5a6a7cb080"},"headline":"Mussi: \u00abEl Programa de Alfabetizaci\u00f3n tiene que seguir\u00bb","datePublished":"2023-04-25T15:06:27+00:00","dateModified":"2023-04-28T16:04:32+00:00","mainEntityOfPage":{"@id":"https:\/\/diarioprincipios.com\/index.php\/2023\/04\/25\/mussi-el-programa-de-alfabetizacion-tiene-que-seguir\/"},"wordCount":618,"commentCount":0,"publisher":{"@id":"https:\/\/diarioprincipios.com\/#organization"},"image":{"@id":"https:\/\/diarioprincipios.com\/index.php\/2023\/04\/25\/mussi-el-programa-de-alfabetizacion-tiene-que-seguir\/#primaryimage"},"thumbnailUrl":"https:\/\/diarioprincipios.com\/wp-content\/uploads\/2023\/04\/Screenshot_20230425-120421_Yahoo-Mail.jpg","articleSection":["Berazategui"],"inLanguage":"es","potentialAction":[{"@type":"CommentAction","name":"Comment","target":["https:\/\/diarioprincipios.com\/index.php\/2023\/04\/25\/mussi-el-programa-de-alfabetizacion-tiene-que-seguir\/#respond"]}]},{"@type":"WebPage","@id":"https:\/\/diarioprincipios.com\/index.php\/2023\/04\/25\/mussi-el-programa-de-alfabetizacion-tiene-que-seguir\/","url":"https:\/\/diarioprincipios.com\/index.php\/2023\/04\/25\/mussi-el-programa-de-alfabetizacion-tiene-que-seguir\/","name":"Mussi: \"El Programa de Alfabetizaci\u00f3n tiene que seguir\" - Principios","isPartOf":{"@id":"https:\/\/diarioprincipios.com\/#website"},"primaryImageOfPage":{"@id":"https:\/\/diarioprincipios.com\/index.php\/2023\/04\/25\/mussi-el-programa-de-alfabetizacion-tiene-que-seguir\/#primaryimage"},"image":{"@id":"https:\/\/diarioprincipios.com\/index.php\/2023\/04\/25\/mussi-el-programa-de-alfabetizacion-tiene-que-seguir\/#primaryimage"},"thumbnailUrl":"https:\/\/diarioprincipios.com\/wp-content\/uploads\/2023\/04\/Screenshot_20230425-120421_Yahoo-Mail.jpg","datePublished":"2023-04-25T15:06:27+00:00","dateModified":"2023-04-28T16:04:32+00:00","breadcrumb":{"@id":"https:\/\/diarioprincipios.com\/index.php\/2023\/04\/25\/mussi-el-programa-de-alfabetizacion-tiene-que-seguir\/#breadcrumb"},"inLanguage":"es","potentialAction":[{"@type":"ReadAction","target":["https:\/\/diarioprincipios.com\/index.php\/2023\/04\/25\/mussi-el-programa-de-alfabetizacion-tiene-que-seguir\/"]}]},{"@type":"ImageObject","inLanguage":"es","@id":"https:\/\/diarioprincipios.com\/index.php\/2023\/04\/25\/mussi-el-programa-de-alfabetizacion-tiene-que-seguir\/#primaryimage","url":"https:\/\/diarioprincipios.com\/wp-content\/uploads\/2023\/04\/Screenshot_20230425-120421_Yahoo-Mail.jpg","contentUrl":"https:\/\/diarioprincipios.com\/wp-content\/uploads\/2023\/04\/Screenshot_20230425-120421_Yahoo-Mail.jpg","width":1080,"height":717},{"@type":"BreadcrumbList","@id":"https:\/\/diarioprincipios.com\/index.php\/2023\/04\/25\/mussi-el-programa-de-alfabetizacion-tiene-que-seguir\/#breadcrumb","itemListElement":[{"@type":"ListItem","position":1,"name":"Portada","item":"https:\/\/diarioprincipios.com\/"},{"@type":"ListItem","position":2,"name":"Mussi: \u00abEl Programa de Alfabetizaci\u00f3n tiene que seguir\u00bb"}]},{"@type":"WebSite","@id":"https:\/\/diarioprincipios.com\/#website","url":"https:\/\/diarioprincipios.com\/","name":"Principios","description":"Principios Diario","publisher":{"@id":"https:\/\/diarioprincipios.com\/#organization"},"potentialAction":[{"@type":"SearchAction","target":{"@type":"EntryPoint","urlTemplate":"https:\/\/diarioprincipios.com\/?s={search_term_string}"},"query-input":{"@type":"PropertyValueSpecification","valueRequired":true,"valueName":"search_term_string"}}],"inLanguage":"es"},{"@type":"Organization","@id":"https:\/\/diarioprincipios.com\/#organization","name":"Principios","url":"https:\/\/diarioprincipios.com\/","logo":{"@type":"ImageObject","inLanguage":"es","@id":"https:\/\/diarioprincipios.com\/#\/schema\/logo\/image\/","url":"https:\/\/diarioprincipios.com\/wp-content\/uploads\/2024\/04\/cropped-www.diarioprincipios.com_-1.png","contentUrl":"https:\/\/diarioprincipios.com\/wp-content\/uploads\/2024\/04\/cropped-www.diarioprincipios.com_-1.png","width":5325,"height":1454,"caption":"Principios"},"image":{"@id":"https:\/\/diarioprincipios.com\/#\/schema\/logo\/image\/"}},{"@type":"Person","@id":"https:\/\/diarioprincipios.com\/#\/schema\/person\/436d5a1fd41a5e250e23ff5a6a7cb080","name":"Hern\u00e1n L\u00f3pez","image":{"@type":"ImageObject","inLanguage":"es","@id":"https:\/\/diarioprincipios.com\/wp-content\/litespeed\/avatar\/11ddfe5610ff3bd100522525b2571f48.jpg?ver=1777048341","url":"https:\/\/diarioprincipios.com\/wp-content\/litespeed\/avatar\/11ddfe5610ff3bd100522525b2571f48.jpg?ver=1777048341","contentUrl":"https:\/\/diarioprincipios.com\/wp-content\/litespeed\/avatar\/11ddfe5610ff3bd100522525b2571f48.jpg?ver=1777048341","caption":"Hern\u00e1n L\u00f3pez"},"url":"https:\/\/diarioprincipios.com\/index.php\/author\/hernan\/"}]}},"jetpack_featured_media_url":"https:\/\/diarioprincipios.com\/wp-content\/uploads\/2023\/04\/Screenshot_20230425-120421_Yahoo-Mail.jpg","_links":{"self":[{"href":"https:\/\/diarioprincipios.com\/index.php\/wp-json\/wp\/v2\/posts\/16728","targetHints":{"allow":["GET"]}}],"collection":[{"href":"https:\/\/diarioprincipios.com\/index.php\/wp-json\/wp\/v2\/posts"}],"about":[{"href":"https:\/\/diarioprincipios.com\/index.php\/wp-json\/wp\/v2\/types\/post"}],"author":[{"embeddable":true,"href":"https:\/\/diarioprincipios.com\/index.php\/wp-json\/wp\/v2\/users\/2"}],"replies":[{"embeddable":true,"href":"https:\/\/diarioprincipios.com\/index.php\/wp-json\/wp\/v2\/comments?post=16728"}],"version-history":[{"count":1,"href":"https:\/\/diarioprincipios.com\/index.php\/wp-json\/wp\/v2\/posts\/16728\/revisions"}],"predecessor-version":[{"id":16732,"href":"https:\/\/diarioprincipios.com\/index.php\/wp-json\/wp\/v2\/posts\/16728\/revisions\/16732"}],"wp:featuredmedia":[{"embeddable":true,"href":"https:\/\/diarioprincipios.com\/index.php\/wp-json\/wp\/v2\/media\/16731"}],"wp:attachment":[{"href":"https:\/\/diarioprincipios.com\/index.php\/wp-json\/wp\/v2\/media?parent=16728"}],"wp:term":[{"taxonomy":"category","embeddable":true,"href":"https:\/\/diarioprincipios.com\/index.php\/wp-json\/wp\/v2\/categories?post=16728"},{"taxonomy":"post_tag","embeddable":true,"href":"https:\/\/diarioprincipios.com\/index.php\/wp-json\/wp\/v2\/tags?post=16728"}],"curies":[{"name":"wp","href":"https:\/\/api.w.org\/{rel}","templated":true}]}}