{"id":16723,"date":"2023-04-24T14:09:19","date_gmt":"2023-04-24T17:09:19","guid":{"rendered":"http:\/\/diarioprincipios.com\/?p=16723"},"modified":"2023-04-28T13:04:27","modified_gmt":"2023-04-28T16:04:27","slug":"mussi-en-la-presentacion-de-los-juegos-bonaerenses-2023","status":"publish","type":"post","link":"https:\/\/diarioprincipios.com\/index.php\/2023\/04\/24\/mussi-en-la-presentacion-de-los-juegos-bonaerenses-2023\/","title":{"rendered":"Mussi en la presentaci\u00f3n de los Juegos Bonaerenses 2023"},"content":{"rendered":"\n<p><strong>El gobernador de la provincia de Buenos Aires, Axel Kicillof, encabez\u00f3 en Quilmes el acto de lanzamiento de los Juegos Bonaerenses (JJBB) 2023, junto a la vicegobernadora Ver\u00f3nica Magario; el ministro de Desarrollo de la Comunidad, Andr\u00e9s Larroque; la presidenta del Instituto Cultural, Florencia Saintout; el subsecretario de Deportes, Leandro Lurati; y la intendenta local, Mayra Mendoza. Estuvo presente, tambi\u00e9n, el intendente de Berazategui, Juan Jos\u00e9 Mussi.<\/strong><\/p>\n\n\n\n<p>En ese marco, Kicillof resalt\u00f3 que \u201ctodos los pibes y las pibas que participan de los Juegos Bonaerenses coinciden en que es una experiencia que marca un antes y un despu\u00e9s en sus vidas\u201d. \u201cEs el fruto del trabajo conjunto con cada uno de los distritos para garantizar las condiciones de acceso al deporte, la diversi\u00f3n y el disfrute\u201d, agreg\u00f3.<\/p>\n\n\n\n<figure class=\"wp-block-image size-large\"><img loading=\"lazy\" decoding=\"async\" width=\"1024\" height=\"768\" src=\"https:\/\/diarioprincipios.com\/wp-content\/uploads\/2023\/04\/MUSSI-EN-LA-PRESENTACION-DE-LOS-JUEGOS-BONAERENSES-2023-3-1024x768.jpg\" alt=\"\" class=\"wp-image-16724\" srcset=\"https:\/\/diarioprincipios.com\/wp-content\/uploads\/2023\/04\/MUSSI-EN-LA-PRESENTACION-DE-LOS-JUEGOS-BONAERENSES-2023-3-1024x768.jpg 1024w, https:\/\/diarioprincipios.com\/wp-content\/uploads\/2023\/04\/MUSSI-EN-LA-PRESENTACION-DE-LOS-JUEGOS-BONAERENSES-2023-3-300x225.jpg 300w, https:\/\/diarioprincipios.com\/wp-content\/uploads\/2023\/04\/MUSSI-EN-LA-PRESENTACION-DE-LOS-JUEGOS-BONAERENSES-2023-3-768x576.jpg 768w, https:\/\/diarioprincipios.com\/wp-content\/uploads\/2023\/04\/MUSSI-EN-LA-PRESENTACION-DE-LOS-JUEGOS-BONAERENSES-2023-3-1536x1152.jpg 1536w, https:\/\/diarioprincipios.com\/wp-content\/uploads\/2023\/04\/MUSSI-EN-LA-PRESENTACION-DE-LOS-JUEGOS-BONAERENSES-2023-3.jpg 1920w\" sizes=\"auto, (max-width: 1024px) 100vw, 1024px\" \/><\/figure>\n\n\n\n<p>\u201cHay muy pocas pol\u00edticas p\u00fablicas que, como estos juegos, sean tan transversales y marquen tanto a la identidad y el orgullo de pertenecer a la provincia de Buenos Aires\u201d, explic\u00f3 el Gobernador y subray\u00f3: \u201cEs un instrumento que s\u00f3lo puede garantizar el Estado y que busca igualar y generar equidad y justicia social\u201d.<\/p>\n\n\n\n<p>Por su parte, Mussi destac\u00f3: \u201cHoy pude presenciar la apertura oficial de la edici\u00f3n N\u00b0 32 de este torneo provincial, del que Berazategui participa hace d\u00e9cadas en distintas disciplinas y categor\u00edas. Me enorgullece que los y las berazateguenses representen a nuestra ciudad en estos juegos\u201d.<\/p>\n\n\n\n<figure class=\"wp-block-image size-large\"><img loading=\"lazy\" decoding=\"async\" width=\"1024\" height=\"768\" src=\"https:\/\/diarioprincipios.com\/wp-content\/uploads\/2023\/04\/MUSSI-EN-LA-PRESENTACION-DE-LOS-JUEGOS-BONAERENSES-2023-2-1024x768.jpg\" alt=\"\" class=\"wp-image-16725\" srcset=\"https:\/\/diarioprincipios.com\/wp-content\/uploads\/2023\/04\/MUSSI-EN-LA-PRESENTACION-DE-LOS-JUEGOS-BONAERENSES-2023-2-1024x768.jpg 1024w, https:\/\/diarioprincipios.com\/wp-content\/uploads\/2023\/04\/MUSSI-EN-LA-PRESENTACION-DE-LOS-JUEGOS-BONAERENSES-2023-2-300x225.jpg 300w, https:\/\/diarioprincipios.com\/wp-content\/uploads\/2023\/04\/MUSSI-EN-LA-PRESENTACION-DE-LOS-JUEGOS-BONAERENSES-2023-2-768x576.jpg 768w, https:\/\/diarioprincipios.com\/wp-content\/uploads\/2023\/04\/MUSSI-EN-LA-PRESENTACION-DE-LOS-JUEGOS-BONAERENSES-2023-2-1536x1152.jpg 1536w, https:\/\/diarioprincipios.com\/wp-content\/uploads\/2023\/04\/MUSSI-EN-LA-PRESENTACION-DE-LOS-JUEGOS-BONAERENSES-2023-2.jpg 1920w\" sizes=\"auto, (max-width: 1024px) 100vw, 1024px\" \/><\/figure>\n\n\n\n<p>La inscripci\u00f3n para esta 32\u00b0 edici\u00f3n de los JJBB estar\u00e1 abierta hasta el 30 de abril, a trav\u00e9s de la p\u00e1gina web&nbsp;<a rel=\"noreferrer noopener\" target=\"_blank\" href=\"http:\/\/www.deportes.gba.gob.ar\/\">www.deportes.gba.gob.ar<\/a>. Constar\u00e1 de tres etapas: la municipal, que se llevar\u00e1 a cabo del 1 de mayo al 30 de junio; la regional, entre el 1 de julio y el 31 de agosto; y la fase final, que se desarrollar\u00e1 del 15 al 20 de septiembre en la ciudad de Mar del Plata. Habr\u00e1 m\u00e1s de 100 disciplinas y se podr\u00e1 participar en las categor\u00edas de juveniles (de 13 a 17 a\u00f1os); personas mayores; personas con discapacidad; personas trasplantadas; y estudiantes universitarios.<\/p>\n\n\n\n<p>Asimismo, la inscripci\u00f3n para las personas mayores de Berazategui es personal y presencial en el Club Municipal Ducilo (calle 151 y 5), los lunes, mi\u00e9rcoles, viernes y s\u00e1bados de 9.00 a 12.00; y los martes y jueves de 15.00 a 18.00. Para m\u00e1s informaci\u00f3n, pueden comunicarse al 4356-9200 (Int. 2120).<\/p>\n","protected":false},"excerpt":{"rendered":"<p>El gobernador de la provincia de Buenos Aires, Axel Kicillof, encabez\u00f3 en Quilmes el acto de lanzamiento de los Juegos Bonaerenses (JJBB) 2023, junto a la vicegobernadora Ver\u00f3nica Magario; el ministro de Desarrollo de la Comunidad, Andr\u00e9s Larroque; la presidenta del Instituto Cultural, Florencia Saintout; el subsecretario de Deportes, Leandro Lurati; y la intendenta local,&#8230;<\/p>\n","protected":false},"author":2,"featured_media":16726,"comment_status":"open","ping_status":"open","sticky":false,"template":"","format":"standard","meta":{"footnotes":""},"categories":[4],"tags":[],"class_list":["post-16723","post","type-post","status-publish","format-standard","has-post-thumbnail","hentry","category-quilmes"],"featured_image_src":"https:\/\/diarioprincipios.com\/wp-content\/uploads\/2023\/04\/MUSSI-EN-LA-PRESENTACION-DE-LOS-JUEGOS-BONAERENSES-2023-1-1024x683.jpg","blog_images":{"medium":"https:\/\/diarioprincipios.com\/wp-content\/uploads\/2023\/04\/MUSSI-EN-LA-PRESENTACION-DE-LOS-JUEGOS-BONAERENSES-2023-1-300x200.jpg","large":"https:\/\/diarioprincipios.com\/wp-content\/uploads\/2023\/04\/MUSSI-EN-LA-PRESENTACION-DE-LOS-JUEGOS-BONAERENSES-2023-1-1024x683.jpg"},"ams_acf":[],"yoast_head":"<!-- This site is optimized with the Yoast SEO plugin v27.3 - https:\/\/yoast.com\/product\/yoast-seo-wordpress\/ -->\n<title>Mussi en la presentaci\u00f3n de los Juegos Bonaerenses 2023 - Principios<\/title>\n<meta name=\"robots\" content=\"index, follow, max-snippet:-1, max-image-preview:large, max-video-preview:-1\" \/>\n<link rel=\"canonical\" href=\"https:\/\/diarioprincipios.com\/index.php\/2023\/04\/24\/mussi-en-la-presentacion-de-los-juegos-bonaerenses-2023\/\" \/>\n<meta property=\"og:locale\" content=\"es_ES\" \/>\n<meta property=\"og:type\" content=\"article\" \/>\n<meta property=\"og:title\" content=\"Mussi en la presentaci\u00f3n de los Juegos Bonaerenses 2023 - Principios\" \/>\n<meta property=\"og:description\" content=\"El gobernador de la provincia de Buenos Aires, Axel Kicillof, encabez\u00f3 en Quilmes el acto de lanzamiento de los Juegos Bonaerenses (JJBB) 2023, junto a la vicegobernadora Ver\u00f3nica Magario; el ministro de Desarrollo de la Comunidad, Andr\u00e9s Larroque; la presidenta del Instituto Cultural, Florencia Saintout; el subsecretario de Deportes, Leandro Lurati; y la intendenta local,...\" \/>\n<meta property=\"og:url\" content=\"https:\/\/diarioprincipios.com\/index.php\/2023\/04\/24\/mussi-en-la-presentacion-de-los-juegos-bonaerenses-2023\/\" \/>\n<meta property=\"og:site_name\" content=\"Principios\" \/>\n<meta property=\"article:published_time\" content=\"2023-04-24T17:09:19+00:00\" \/>\n<meta property=\"article:modified_time\" content=\"2023-04-28T16:04:27+00:00\" \/>\n<meta property=\"og:image\" content=\"https:\/\/diarioprincipios.com\/wp-content\/uploads\/2023\/04\/MUSSI-EN-LA-PRESENTACION-DE-LOS-JUEGOS-BONAERENSES-2023-1.jpg\" \/>\n\t<meta property=\"og:image:width\" content=\"1920\" \/>\n\t<meta property=\"og:image:height\" content=\"1280\" \/>\n\t<meta property=\"og:image:type\" content=\"image\/jpeg\" \/>\n<meta name=\"author\" content=\"Hern\u00e1n L\u00f3pez\" \/>\n<meta name=\"twitter:card\" content=\"summary_large_image\" \/>\n<meta name=\"twitter:label1\" content=\"Escrito por\" \/>\n\t<meta name=\"twitter:data1\" content=\"Hern\u00e1n L\u00f3pez\" \/>\n\t<meta name=\"twitter:label2\" content=\"Tiempo de lectura\" \/>\n\t<meta name=\"twitter:data2\" content=\"3 minutos\" \/>\n<script type=\"application\/ld+json\" class=\"yoast-schema-graph\">{\"@context\":\"https:\\\/\\\/schema.org\",\"@graph\":[{\"@type\":\"Article\",\"@id\":\"https:\\\/\\\/diarioprincipios.com\\\/index.php\\\/2023\\\/04\\\/24\\\/mussi-en-la-presentacion-de-los-juegos-bonaerenses-2023\\\/#article\",\"isPartOf\":{\"@id\":\"https:\\\/\\\/diarioprincipios.com\\\/index.php\\\/2023\\\/04\\\/24\\\/mussi-en-la-presentacion-de-los-juegos-bonaerenses-2023\\\/\"},\"author\":{\"name\":\"Hern\u00e1n L\u00f3pez\",\"@id\":\"https:\\\/\\\/diarioprincipios.com\\\/#\\\/schema\\\/person\\\/436d5a1fd41a5e250e23ff5a6a7cb080\"},\"headline\":\"Mussi en la presentaci\u00f3n de los Juegos Bonaerenses 2023\",\"datePublished\":\"2023-04-24T17:09:19+00:00\",\"dateModified\":\"2023-04-28T16:04:27+00:00\",\"mainEntityOfPage\":{\"@id\":\"https:\\\/\\\/diarioprincipios.com\\\/index.php\\\/2023\\\/04\\\/24\\\/mussi-en-la-presentacion-de-los-juegos-bonaerenses-2023\\\/\"},\"wordCount\":395,\"commentCount\":0,\"publisher\":{\"@id\":\"https:\\\/\\\/diarioprincipios.com\\\/#organization\"},\"image\":{\"@id\":\"https:\\\/\\\/diarioprincipios.com\\\/index.php\\\/2023\\\/04\\\/24\\\/mussi-en-la-presentacion-de-los-juegos-bonaerenses-2023\\\/#primaryimage\"},\"thumbnailUrl\":\"https:\\\/\\\/diarioprincipios.com\\\/wp-content\\\/uploads\\\/2023\\\/04\\\/MUSSI-EN-LA-PRESENTACION-DE-LOS-JUEGOS-BONAERENSES-2023-1.jpg\",\"articleSection\":[\"Quilmes\"],\"inLanguage\":\"es\",\"potentialAction\":[{\"@type\":\"CommentAction\",\"name\":\"Comment\",\"target\":[\"https:\\\/\\\/diarioprincipios.com\\\/index.php\\\/2023\\\/04\\\/24\\\/mussi-en-la-presentacion-de-los-juegos-bonaerenses-2023\\\/#respond\"]}]},{\"@type\":\"WebPage\",\"@id\":\"https:\\\/\\\/diarioprincipios.com\\\/index.php\\\/2023\\\/04\\\/24\\\/mussi-en-la-presentacion-de-los-juegos-bonaerenses-2023\\\/\",\"url\":\"https:\\\/\\\/diarioprincipios.com\\\/index.php\\\/2023\\\/04\\\/24\\\/mussi-en-la-presentacion-de-los-juegos-bonaerenses-2023\\\/\",\"name\":\"Mussi en la presentaci\u00f3n de los Juegos Bonaerenses 2023 - Principios\",\"isPartOf\":{\"@id\":\"https:\\\/\\\/diarioprincipios.com\\\/#website\"},\"primaryImageOfPage\":{\"@id\":\"https:\\\/\\\/diarioprincipios.com\\\/index.php\\\/2023\\\/04\\\/24\\\/mussi-en-la-presentacion-de-los-juegos-bonaerenses-2023\\\/#primaryimage\"},\"image\":{\"@id\":\"https:\\\/\\\/diarioprincipios.com\\\/index.php\\\/2023\\\/04\\\/24\\\/mussi-en-la-presentacion-de-los-juegos-bonaerenses-2023\\\/#primaryimage\"},\"thumbnailUrl\":\"https:\\\/\\\/diarioprincipios.com\\\/wp-content\\\/uploads\\\/2023\\\/04\\\/MUSSI-EN-LA-PRESENTACION-DE-LOS-JUEGOS-BONAERENSES-2023-1.jpg\",\"datePublished\":\"2023-04-24T17:09:19+00:00\",\"dateModified\":\"2023-04-28T16:04:27+00:00\",\"breadcrumb\":{\"@id\":\"https:\\\/\\\/diarioprincipios.com\\\/index.php\\\/2023\\\/04\\\/24\\\/mussi-en-la-presentacion-de-los-juegos-bonaerenses-2023\\\/#breadcrumb\"},\"inLanguage\":\"es\",\"potentialAction\":[{\"@type\":\"ReadAction\",\"target\":[\"https:\\\/\\\/diarioprincipios.com\\\/index.php\\\/2023\\\/04\\\/24\\\/mussi-en-la-presentacion-de-los-juegos-bonaerenses-2023\\\/\"]}]},{\"@type\":\"ImageObject\",\"inLanguage\":\"es\",\"@id\":\"https:\\\/\\\/diarioprincipios.com\\\/index.php\\\/2023\\\/04\\\/24\\\/mussi-en-la-presentacion-de-los-juegos-bonaerenses-2023\\\/#primaryimage\",\"url\":\"https:\\\/\\\/diarioprincipios.com\\\/wp-content\\\/uploads\\\/2023\\\/04\\\/MUSSI-EN-LA-PRESENTACION-DE-LOS-JUEGOS-BONAERENSES-2023-1.jpg\",\"contentUrl\":\"https:\\\/\\\/diarioprincipios.com\\\/wp-content\\\/uploads\\\/2023\\\/04\\\/MUSSI-EN-LA-PRESENTACION-DE-LOS-JUEGOS-BONAERENSES-2023-1.jpg\",\"width\":1920,\"height\":1280},{\"@type\":\"BreadcrumbList\",\"@id\":\"https:\\\/\\\/diarioprincipios.com\\\/index.php\\\/2023\\\/04\\\/24\\\/mussi-en-la-presentacion-de-los-juegos-bonaerenses-2023\\\/#breadcrumb\",\"itemListElement\":[{\"@type\":\"ListItem\",\"position\":1,\"name\":\"Portada\",\"item\":\"https:\\\/\\\/diarioprincipios.com\\\/\"},{\"@type\":\"ListItem\",\"position\":2,\"name\":\"Mussi en la presentaci\u00f3n de los Juegos Bonaerenses 2023\"}]},{\"@type\":\"WebSite\",\"@id\":\"https:\\\/\\\/diarioprincipios.com\\\/#website\",\"url\":\"https:\\\/\\\/diarioprincipios.com\\\/\",\"name\":\"Principios\",\"description\":\"Principios Diario\",\"publisher\":{\"@id\":\"https:\\\/\\\/diarioprincipios.com\\\/#organization\"},\"potentialAction\":[{\"@type\":\"SearchAction\",\"target\":{\"@type\":\"EntryPoint\",\"urlTemplate\":\"https:\\\/\\\/diarioprincipios.com\\\/?s={search_term_string}\"},\"query-input\":{\"@type\":\"PropertyValueSpecification\",\"valueRequired\":true,\"valueName\":\"search_term_string\"}}],\"inLanguage\":\"es\"},{\"@type\":\"Organization\",\"@id\":\"https:\\\/\\\/diarioprincipios.com\\\/#organization\",\"name\":\"Principios\",\"url\":\"https:\\\/\\\/diarioprincipios.com\\\/\",\"logo\":{\"@type\":\"ImageObject\",\"inLanguage\":\"es\",\"@id\":\"https:\\\/\\\/diarioprincipios.com\\\/#\\\/schema\\\/logo\\\/image\\\/\",\"url\":\"https:\\\/\\\/diarioprincipios.com\\\/wp-content\\\/uploads\\\/2024\\\/04\\\/cropped-www.diarioprincipios.com_-1.png\",\"contentUrl\":\"https:\\\/\\\/diarioprincipios.com\\\/wp-content\\\/uploads\\\/2024\\\/04\\\/cropped-www.diarioprincipios.com_-1.png\",\"width\":5325,\"height\":1454,\"caption\":\"Principios\"},\"image\":{\"@id\":\"https:\\\/\\\/diarioprincipios.com\\\/#\\\/schema\\\/logo\\\/image\\\/\"}},{\"@type\":\"Person\",\"@id\":\"https:\\\/\\\/diarioprincipios.com\\\/#\\\/schema\\\/person\\\/436d5a1fd41a5e250e23ff5a6a7cb080\",\"name\":\"Hern\u00e1n L\u00f3pez\",\"image\":{\"@type\":\"ImageObject\",\"inLanguage\":\"es\",\"@id\":\"https:\\\/\\\/diarioprincipios.com\\\/wp-content\\\/litespeed\\\/avatar\\\/11ddfe5610ff3bd100522525b2571f48.jpg?ver=1777048341\",\"url\":\"https:\\\/\\\/diarioprincipios.com\\\/wp-content\\\/litespeed\\\/avatar\\\/11ddfe5610ff3bd100522525b2571f48.jpg?ver=1777048341\",\"contentUrl\":\"https:\\\/\\\/diarioprincipios.com\\\/wp-content\\\/litespeed\\\/avatar\\\/11ddfe5610ff3bd100522525b2571f48.jpg?ver=1777048341\",\"caption\":\"Hern\u00e1n L\u00f3pez\"},\"url\":\"https:\\\/\\\/diarioprincipios.com\\\/index.php\\\/author\\\/hernan\\\/\"}]}<\/script>\n<!-- \/ Yoast SEO plugin. -->","yoast_head_json":{"title":"Mussi en la presentaci\u00f3n de los Juegos Bonaerenses 2023 - Principios","robots":{"index":"index","follow":"follow","max-snippet":"max-snippet:-1","max-image-preview":"max-image-preview:large","max-video-preview":"max-video-preview:-1"},"canonical":"https:\/\/diarioprincipios.com\/index.php\/2023\/04\/24\/mussi-en-la-presentacion-de-los-juegos-bonaerenses-2023\/","og_locale":"es_ES","og_type":"article","og_title":"Mussi en la presentaci\u00f3n de los Juegos Bonaerenses 2023 - Principios","og_description":"El gobernador de la provincia de Buenos Aires, Axel Kicillof, encabez\u00f3 en Quilmes el acto de lanzamiento de los Juegos Bonaerenses (JJBB) 2023, junto a la vicegobernadora Ver\u00f3nica Magario; el ministro de Desarrollo de la Comunidad, Andr\u00e9s Larroque; la presidenta del Instituto Cultural, Florencia Saintout; el subsecretario de Deportes, Leandro Lurati; y la intendenta local,...","og_url":"https:\/\/diarioprincipios.com\/index.php\/2023\/04\/24\/mussi-en-la-presentacion-de-los-juegos-bonaerenses-2023\/","og_site_name":"Principios","article_published_time":"2023-04-24T17:09:19+00:00","article_modified_time":"2023-04-28T16:04:27+00:00","og_image":[{"width":1920,"height":1280,"url":"https:\/\/diarioprincipios.com\/wp-content\/uploads\/2023\/04\/MUSSI-EN-LA-PRESENTACION-DE-LOS-JUEGOS-BONAERENSES-2023-1.jpg","type":"image\/jpeg"}],"author":"Hern\u00e1n L\u00f3pez","twitter_card":"summary_large_image","twitter_misc":{"Escrito por":"Hern\u00e1n L\u00f3pez","Tiempo de lectura":"3 minutos"},"schema":{"@context":"https:\/\/schema.org","@graph":[{"@type":"Article","@id":"https:\/\/diarioprincipios.com\/index.php\/2023\/04\/24\/mussi-en-la-presentacion-de-los-juegos-bonaerenses-2023\/#article","isPartOf":{"@id":"https:\/\/diarioprincipios.com\/index.php\/2023\/04\/24\/mussi-en-la-presentacion-de-los-juegos-bonaerenses-2023\/"},"author":{"name":"Hern\u00e1n L\u00f3pez","@id":"https:\/\/diarioprincipios.com\/#\/schema\/person\/436d5a1fd41a5e250e23ff5a6a7cb080"},"headline":"Mussi en la presentaci\u00f3n de los Juegos Bonaerenses 2023","datePublished":"2023-04-24T17:09:19+00:00","dateModified":"2023-04-28T16:04:27+00:00","mainEntityOfPage":{"@id":"https:\/\/diarioprincipios.com\/index.php\/2023\/04\/24\/mussi-en-la-presentacion-de-los-juegos-bonaerenses-2023\/"},"wordCount":395,"commentCount":0,"publisher":{"@id":"https:\/\/diarioprincipios.com\/#organization"},"image":{"@id":"https:\/\/diarioprincipios.com\/index.php\/2023\/04\/24\/mussi-en-la-presentacion-de-los-juegos-bonaerenses-2023\/#primaryimage"},"thumbnailUrl":"https:\/\/diarioprincipios.com\/wp-content\/uploads\/2023\/04\/MUSSI-EN-LA-PRESENTACION-DE-LOS-JUEGOS-BONAERENSES-2023-1.jpg","articleSection":["Quilmes"],"inLanguage":"es","potentialAction":[{"@type":"CommentAction","name":"Comment","target":["https:\/\/diarioprincipios.com\/index.php\/2023\/04\/24\/mussi-en-la-presentacion-de-los-juegos-bonaerenses-2023\/#respond"]}]},{"@type":"WebPage","@id":"https:\/\/diarioprincipios.com\/index.php\/2023\/04\/24\/mussi-en-la-presentacion-de-los-juegos-bonaerenses-2023\/","url":"https:\/\/diarioprincipios.com\/index.php\/2023\/04\/24\/mussi-en-la-presentacion-de-los-juegos-bonaerenses-2023\/","name":"Mussi en la presentaci\u00f3n de los Juegos Bonaerenses 2023 - Principios","isPartOf":{"@id":"https:\/\/diarioprincipios.com\/#website"},"primaryImageOfPage":{"@id":"https:\/\/diarioprincipios.com\/index.php\/2023\/04\/24\/mussi-en-la-presentacion-de-los-juegos-bonaerenses-2023\/#primaryimage"},"image":{"@id":"https:\/\/diarioprincipios.com\/index.php\/2023\/04\/24\/mussi-en-la-presentacion-de-los-juegos-bonaerenses-2023\/#primaryimage"},"thumbnailUrl":"https:\/\/diarioprincipios.com\/wp-content\/uploads\/2023\/04\/MUSSI-EN-LA-PRESENTACION-DE-LOS-JUEGOS-BONAERENSES-2023-1.jpg","datePublished":"2023-04-24T17:09:19+00:00","dateModified":"2023-04-28T16:04:27+00:00","breadcrumb":{"@id":"https:\/\/diarioprincipios.com\/index.php\/2023\/04\/24\/mussi-en-la-presentacion-de-los-juegos-bonaerenses-2023\/#breadcrumb"},"inLanguage":"es","potentialAction":[{"@type":"ReadAction","target":["https:\/\/diarioprincipios.com\/index.php\/2023\/04\/24\/mussi-en-la-presentacion-de-los-juegos-bonaerenses-2023\/"]}]},{"@type":"ImageObject","inLanguage":"es","@id":"https:\/\/diarioprincipios.com\/index.php\/2023\/04\/24\/mussi-en-la-presentacion-de-los-juegos-bonaerenses-2023\/#primaryimage","url":"https:\/\/diarioprincipios.com\/wp-content\/uploads\/2023\/04\/MUSSI-EN-LA-PRESENTACION-DE-LOS-JUEGOS-BONAERENSES-2023-1.jpg","contentUrl":"https:\/\/diarioprincipios.com\/wp-content\/uploads\/2023\/04\/MUSSI-EN-LA-PRESENTACION-DE-LOS-JUEGOS-BONAERENSES-2023-1.jpg","width":1920,"height":1280},{"@type":"BreadcrumbList","@id":"https:\/\/diarioprincipios.com\/index.php\/2023\/04\/24\/mussi-en-la-presentacion-de-los-juegos-bonaerenses-2023\/#breadcrumb","itemListElement":[{"@type":"ListItem","position":1,"name":"Portada","item":"https:\/\/diarioprincipios.com\/"},{"@type":"ListItem","position":2,"name":"Mussi en la presentaci\u00f3n de los Juegos Bonaerenses 2023"}]},{"@type":"WebSite","@id":"https:\/\/diarioprincipios.com\/#website","url":"https:\/\/diarioprincipios.com\/","name":"Principios","description":"Principios Diario","publisher":{"@id":"https:\/\/diarioprincipios.com\/#organization"},"potentialAction":[{"@type":"SearchAction","target":{"@type":"EntryPoint","urlTemplate":"https:\/\/diarioprincipios.com\/?s={search_term_string}"},"query-input":{"@type":"PropertyValueSpecification","valueRequired":true,"valueName":"search_term_string"}}],"inLanguage":"es"},{"@type":"Organization","@id":"https:\/\/diarioprincipios.com\/#organization","name":"Principios","url":"https:\/\/diarioprincipios.com\/","logo":{"@type":"ImageObject","inLanguage":"es","@id":"https:\/\/diarioprincipios.com\/#\/schema\/logo\/image\/","url":"https:\/\/diarioprincipios.com\/wp-content\/uploads\/2024\/04\/cropped-www.diarioprincipios.com_-1.png","contentUrl":"https:\/\/diarioprincipios.com\/wp-content\/uploads\/2024\/04\/cropped-www.diarioprincipios.com_-1.png","width":5325,"height":1454,"caption":"Principios"},"image":{"@id":"https:\/\/diarioprincipios.com\/#\/schema\/logo\/image\/"}},{"@type":"Person","@id":"https:\/\/diarioprincipios.com\/#\/schema\/person\/436d5a1fd41a5e250e23ff5a6a7cb080","name":"Hern\u00e1n L\u00f3pez","image":{"@type":"ImageObject","inLanguage":"es","@id":"https:\/\/diarioprincipios.com\/wp-content\/litespeed\/avatar\/11ddfe5610ff3bd100522525b2571f48.jpg?ver=1777048341","url":"https:\/\/diarioprincipios.com\/wp-content\/litespeed\/avatar\/11ddfe5610ff3bd100522525b2571f48.jpg?ver=1777048341","contentUrl":"https:\/\/diarioprincipios.com\/wp-content\/litespeed\/avatar\/11ddfe5610ff3bd100522525b2571f48.jpg?ver=1777048341","caption":"Hern\u00e1n L\u00f3pez"},"url":"https:\/\/diarioprincipios.com\/index.php\/author\/hernan\/"}]}},"jetpack_featured_media_url":"https:\/\/diarioprincipios.com\/wp-content\/uploads\/2023\/04\/MUSSI-EN-LA-PRESENTACION-DE-LOS-JUEGOS-BONAERENSES-2023-1.jpg","_links":{"self":[{"href":"https:\/\/diarioprincipios.com\/index.php\/wp-json\/wp\/v2\/posts\/16723","targetHints":{"allow":["GET"]}}],"collection":[{"href":"https:\/\/diarioprincipios.com\/index.php\/wp-json\/wp\/v2\/posts"}],"about":[{"href":"https:\/\/diarioprincipios.com\/index.php\/wp-json\/wp\/v2\/types\/post"}],"author":[{"embeddable":true,"href":"https:\/\/diarioprincipios.com\/index.php\/wp-json\/wp\/v2\/users\/2"}],"replies":[{"embeddable":true,"href":"https:\/\/diarioprincipios.com\/index.php\/wp-json\/wp\/v2\/comments?post=16723"}],"version-history":[{"count":1,"href":"https:\/\/diarioprincipios.com\/index.php\/wp-json\/wp\/v2\/posts\/16723\/revisions"}],"predecessor-version":[{"id":16727,"href":"https:\/\/diarioprincipios.com\/index.php\/wp-json\/wp\/v2\/posts\/16723\/revisions\/16727"}],"wp:featuredmedia":[{"embeddable":true,"href":"https:\/\/diarioprincipios.com\/index.php\/wp-json\/wp\/v2\/media\/16726"}],"wp:attachment":[{"href":"https:\/\/diarioprincipios.com\/index.php\/wp-json\/wp\/v2\/media?parent=16723"}],"wp:term":[{"taxonomy":"category","embeddable":true,"href":"https:\/\/diarioprincipios.com\/index.php\/wp-json\/wp\/v2\/categories?post=16723"},{"taxonomy":"post_tag","embeddable":true,"href":"https:\/\/diarioprincipios.com\/index.php\/wp-json\/wp\/v2\/tags?post=16723"}],"curies":[{"name":"wp","href":"https:\/\/api.w.org\/{rel}","templated":true}]}}