{"id":1672,"date":"2020-05-18T17:19:19","date_gmt":"2020-05-18T17:19:19","guid":{"rendered":"http:\/\/diarioprincipios.com\/?p=1672"},"modified":"2020-05-18T17:19:21","modified_gmt":"2020-05-18T17:19:21","slug":"mayra-mendoza-dio-negativo-al-test-de-coronavirus","status":"publish","type":"post","link":"https:\/\/diarioprincipios.com\/index.php\/2020\/05\/18\/mayra-mendoza-dio-negativo-al-test-de-coronavirus\/","title":{"rendered":"Mayra Mendoza di\u00f3 negativo al test de Coronavirus"},"content":{"rendered":"\n<p>Hace instantes el  Municipio de Quilmes inform\u00f3 que \u00abel resultado del hisopado realizado a la Intendenta Mayra Mendoza dio negativo\u00bb.<\/p>\n\n\n\n<p>El mismo resultado se di\u00f3 para los dem\u00e1s funcionarios quilme\u00f1os que estuvieron en la jornada del viernes de la que particip\u00f3 el Director del Hospital Iriarte, quien si contrajo la enfermedad.<\/p>\n","protected":false},"excerpt":{"rendered":"<p>Hace instantes el Municipio de Quilmes inform\u00f3 que \u00abel resultado del hisopado realizado a la Intendenta Mayra Mendoza dio negativo\u00bb. El mismo resultado se di\u00f3 para los dem\u00e1s funcionarios quilme\u00f1os que estuvieron en la jornada del viernes de la que particip\u00f3 el Director del Hospital Iriarte, quien si contrajo la enfermedad.<\/p>\n","protected":false},"author":2,"featured_media":1666,"comment_status":"open","ping_status":"open","sticky":false,"template":"","format":"standard","meta":{"footnotes":""},"categories":[4],"tags":[],"class_list":["post-1672","post","type-post","status-publish","format-standard","has-post-thumbnail","hentry","category-quilmes"],"featured_image_src":"https:\/\/diarioprincipios.com\/wp-content\/uploads\/2020\/05\/IMG-20200517-WA0024.jpg","blog_images":{"medium":"https:\/\/diarioprincipios.com\/wp-content\/uploads\/2020\/05\/IMG-20200517-WA0024-300x200.jpg","large":"https:\/\/diarioprincipios.com\/wp-content\/uploads\/2020\/05\/IMG-20200517-WA0024.jpg"},"ams_acf":[],"yoast_head":"<!-- This site is optimized with the Yoast SEO plugin v27.3 - https:\/\/yoast.com\/product\/yoast-seo-wordpress\/ -->\n<title>Mayra Mendoza di\u00f3 negativo al test de Coronavirus - Principios<\/title>\n<meta name=\"robots\" content=\"index, follow, max-snippet:-1, max-image-preview:large, max-video-preview:-1\" \/>\n<link rel=\"canonical\" href=\"https:\/\/diarioprincipios.com\/index.php\/2020\/05\/18\/mayra-mendoza-dio-negativo-al-test-de-coronavirus\/\" \/>\n<meta property=\"og:locale\" content=\"es_ES\" \/>\n<meta property=\"og:type\" content=\"article\" \/>\n<meta property=\"og:title\" content=\"Mayra Mendoza di\u00f3 negativo al test de Coronavirus - Principios\" \/>\n<meta property=\"og:description\" content=\"Hace instantes el Municipio de Quilmes inform\u00f3 que \u00abel resultado del hisopado realizado a la Intendenta Mayra Mendoza dio negativo\u00bb. El mismo resultado se di\u00f3 para los dem\u00e1s funcionarios quilme\u00f1os que estuvieron en la jornada del viernes de la que particip\u00f3 el Director del Hospital Iriarte, quien si contrajo la enfermedad.\" \/>\n<meta property=\"og:url\" content=\"https:\/\/diarioprincipios.com\/index.php\/2020\/05\/18\/mayra-mendoza-dio-negativo-al-test-de-coronavirus\/\" \/>\n<meta property=\"og:site_name\" content=\"Principios\" \/>\n<meta property=\"article:published_time\" content=\"2020-05-18T17:19:19+00:00\" \/>\n<meta property=\"article:modified_time\" content=\"2020-05-18T17:19:21+00:00\" \/>\n<meta property=\"og:image\" content=\"https:\/\/diarioprincipios.com\/wp-content\/uploads\/2020\/05\/IMG-20200517-WA0024.jpg\" \/>\n\t<meta property=\"og:image:width\" content=\"1024\" \/>\n\t<meta property=\"og:image:height\" content=\"682\" \/>\n\t<meta property=\"og:image:type\" content=\"image\/jpeg\" \/>\n<meta name=\"author\" content=\"Hern\u00e1n L\u00f3pez\" \/>\n<meta name=\"twitter:card\" content=\"summary_large_image\" \/>\n<meta name=\"twitter:label1\" content=\"Escrito por\" \/>\n\t<meta name=\"twitter:data1\" content=\"Hern\u00e1n L\u00f3pez\" \/>\n<script type=\"application\/ld+json\" class=\"yoast-schema-graph\">{\"@context\":\"https:\\\/\\\/schema.org\",\"@graph\":[{\"@type\":\"Article\",\"@id\":\"https:\\\/\\\/diarioprincipios.com\\\/index.php\\\/2020\\\/05\\\/18\\\/mayra-mendoza-dio-negativo-al-test-de-coronavirus\\\/#article\",\"isPartOf\":{\"@id\":\"https:\\\/\\\/diarioprincipios.com\\\/index.php\\\/2020\\\/05\\\/18\\\/mayra-mendoza-dio-negativo-al-test-de-coronavirus\\\/\"},\"author\":{\"name\":\"Hern\u00e1n L\u00f3pez\",\"@id\":\"https:\\\/\\\/diarioprincipios.com\\\/#\\\/schema\\\/person\\\/436d5a1fd41a5e250e23ff5a6a7cb080\"},\"headline\":\"Mayra Mendoza di\u00f3 negativo al test de Coronavirus\",\"datePublished\":\"2020-05-18T17:19:19+00:00\",\"dateModified\":\"2020-05-18T17:19:21+00:00\",\"mainEntityOfPage\":{\"@id\":\"https:\\\/\\\/diarioprincipios.com\\\/index.php\\\/2020\\\/05\\\/18\\\/mayra-mendoza-dio-negativo-al-test-de-coronavirus\\\/\"},\"wordCount\":61,\"commentCount\":0,\"publisher\":{\"@id\":\"https:\\\/\\\/diarioprincipios.com\\\/#organization\"},\"image\":{\"@id\":\"https:\\\/\\\/diarioprincipios.com\\\/index.php\\\/2020\\\/05\\\/18\\\/mayra-mendoza-dio-negativo-al-test-de-coronavirus\\\/#primaryimage\"},\"thumbnailUrl\":\"https:\\\/\\\/diarioprincipios.com\\\/wp-content\\\/uploads\\\/2020\\\/05\\\/IMG-20200517-WA0024.jpg\",\"articleSection\":[\"Quilmes\"],\"inLanguage\":\"es\",\"potentialAction\":[{\"@type\":\"CommentAction\",\"name\":\"Comment\",\"target\":[\"https:\\\/\\\/diarioprincipios.com\\\/index.php\\\/2020\\\/05\\\/18\\\/mayra-mendoza-dio-negativo-al-test-de-coronavirus\\\/#respond\"]}]},{\"@type\":\"WebPage\",\"@id\":\"https:\\\/\\\/diarioprincipios.com\\\/index.php\\\/2020\\\/05\\\/18\\\/mayra-mendoza-dio-negativo-al-test-de-coronavirus\\\/\",\"url\":\"https:\\\/\\\/diarioprincipios.com\\\/index.php\\\/2020\\\/05\\\/18\\\/mayra-mendoza-dio-negativo-al-test-de-coronavirus\\\/\",\"name\":\"Mayra Mendoza di\u00f3 negativo al test de Coronavirus - Principios\",\"isPartOf\":{\"@id\":\"https:\\\/\\\/diarioprincipios.com\\\/#website\"},\"primaryImageOfPage\":{\"@id\":\"https:\\\/\\\/diarioprincipios.com\\\/index.php\\\/2020\\\/05\\\/18\\\/mayra-mendoza-dio-negativo-al-test-de-coronavirus\\\/#primaryimage\"},\"image\":{\"@id\":\"https:\\\/\\\/diarioprincipios.com\\\/index.php\\\/2020\\\/05\\\/18\\\/mayra-mendoza-dio-negativo-al-test-de-coronavirus\\\/#primaryimage\"},\"thumbnailUrl\":\"https:\\\/\\\/diarioprincipios.com\\\/wp-content\\\/uploads\\\/2020\\\/05\\\/IMG-20200517-WA0024.jpg\",\"datePublished\":\"2020-05-18T17:19:19+00:00\",\"dateModified\":\"2020-05-18T17:19:21+00:00\",\"breadcrumb\":{\"@id\":\"https:\\\/\\\/diarioprincipios.com\\\/index.php\\\/2020\\\/05\\\/18\\\/mayra-mendoza-dio-negativo-al-test-de-coronavirus\\\/#breadcrumb\"},\"inLanguage\":\"es\",\"potentialAction\":[{\"@type\":\"ReadAction\",\"target\":[\"https:\\\/\\\/diarioprincipios.com\\\/index.php\\\/2020\\\/05\\\/18\\\/mayra-mendoza-dio-negativo-al-test-de-coronavirus\\\/\"]}]},{\"@type\":\"ImageObject\",\"inLanguage\":\"es\",\"@id\":\"https:\\\/\\\/diarioprincipios.com\\\/index.php\\\/2020\\\/05\\\/18\\\/mayra-mendoza-dio-negativo-al-test-de-coronavirus\\\/#primaryimage\",\"url\":\"https:\\\/\\\/diarioprincipios.com\\\/wp-content\\\/uploads\\\/2020\\\/05\\\/IMG-20200517-WA0024.jpg\",\"contentUrl\":\"https:\\\/\\\/diarioprincipios.com\\\/wp-content\\\/uploads\\\/2020\\\/05\\\/IMG-20200517-WA0024.jpg\",\"width\":1024,\"height\":682},{\"@type\":\"BreadcrumbList\",\"@id\":\"https:\\\/\\\/diarioprincipios.com\\\/index.php\\\/2020\\\/05\\\/18\\\/mayra-mendoza-dio-negativo-al-test-de-coronavirus\\\/#breadcrumb\",\"itemListElement\":[{\"@type\":\"ListItem\",\"position\":1,\"name\":\"Portada\",\"item\":\"https:\\\/\\\/diarioprincipios.com\\\/\"},{\"@type\":\"ListItem\",\"position\":2,\"name\":\"Mayra Mendoza di\u00f3 negativo al test de Coronavirus\"}]},{\"@type\":\"WebSite\",\"@id\":\"https:\\\/\\\/diarioprincipios.com\\\/#website\",\"url\":\"https:\\\/\\\/diarioprincipios.com\\\/\",\"name\":\"Principios\",\"description\":\"Principios Diario\",\"publisher\":{\"@id\":\"https:\\\/\\\/diarioprincipios.com\\\/#organization\"},\"potentialAction\":[{\"@type\":\"SearchAction\",\"target\":{\"@type\":\"EntryPoint\",\"urlTemplate\":\"https:\\\/\\\/diarioprincipios.com\\\/?s={search_term_string}\"},\"query-input\":{\"@type\":\"PropertyValueSpecification\",\"valueRequired\":true,\"valueName\":\"search_term_string\"}}],\"inLanguage\":\"es\"},{\"@type\":\"Organization\",\"@id\":\"https:\\\/\\\/diarioprincipios.com\\\/#organization\",\"name\":\"Principios\",\"url\":\"https:\\\/\\\/diarioprincipios.com\\\/\",\"logo\":{\"@type\":\"ImageObject\",\"inLanguage\":\"es\",\"@id\":\"https:\\\/\\\/diarioprincipios.com\\\/#\\\/schema\\\/logo\\\/image\\\/\",\"url\":\"https:\\\/\\\/diarioprincipios.com\\\/wp-content\\\/uploads\\\/2024\\\/04\\\/cropped-www.diarioprincipios.com_-1.png\",\"contentUrl\":\"https:\\\/\\\/diarioprincipios.com\\\/wp-content\\\/uploads\\\/2024\\\/04\\\/cropped-www.diarioprincipios.com_-1.png\",\"width\":5325,\"height\":1454,\"caption\":\"Principios\"},\"image\":{\"@id\":\"https:\\\/\\\/diarioprincipios.com\\\/#\\\/schema\\\/logo\\\/image\\\/\"}},{\"@type\":\"Person\",\"@id\":\"https:\\\/\\\/diarioprincipios.com\\\/#\\\/schema\\\/person\\\/436d5a1fd41a5e250e23ff5a6a7cb080\",\"name\":\"Hern\u00e1n L\u00f3pez\",\"image\":{\"@type\":\"ImageObject\",\"inLanguage\":\"es\",\"@id\":\"https:\\\/\\\/diarioprincipios.com\\\/wp-content\\\/litespeed\\\/avatar\\\/11ddfe5610ff3bd100522525b2571f48.jpg?ver=1777653193\",\"url\":\"https:\\\/\\\/diarioprincipios.com\\\/wp-content\\\/litespeed\\\/avatar\\\/11ddfe5610ff3bd100522525b2571f48.jpg?ver=1777653193\",\"contentUrl\":\"https:\\\/\\\/diarioprincipios.com\\\/wp-content\\\/litespeed\\\/avatar\\\/11ddfe5610ff3bd100522525b2571f48.jpg?ver=1777653193\",\"caption\":\"Hern\u00e1n L\u00f3pez\"},\"url\":\"https:\\\/\\\/diarioprincipios.com\\\/index.php\\\/author\\\/hernan\\\/\"}]}<\/script>\n<!-- \/ Yoast SEO plugin. -->","yoast_head_json":{"title":"Mayra Mendoza di\u00f3 negativo al test de Coronavirus - Principios","robots":{"index":"index","follow":"follow","max-snippet":"max-snippet:-1","max-image-preview":"max-image-preview:large","max-video-preview":"max-video-preview:-1"},"canonical":"https:\/\/diarioprincipios.com\/index.php\/2020\/05\/18\/mayra-mendoza-dio-negativo-al-test-de-coronavirus\/","og_locale":"es_ES","og_type":"article","og_title":"Mayra Mendoza di\u00f3 negativo al test de Coronavirus - Principios","og_description":"Hace instantes el Municipio de Quilmes inform\u00f3 que \u00abel resultado del hisopado realizado a la Intendenta Mayra Mendoza dio negativo\u00bb. El mismo resultado se di\u00f3 para los dem\u00e1s funcionarios quilme\u00f1os que estuvieron en la jornada del viernes de la que particip\u00f3 el Director del Hospital Iriarte, quien si contrajo la enfermedad.","og_url":"https:\/\/diarioprincipios.com\/index.php\/2020\/05\/18\/mayra-mendoza-dio-negativo-al-test-de-coronavirus\/","og_site_name":"Principios","article_published_time":"2020-05-18T17:19:19+00:00","article_modified_time":"2020-05-18T17:19:21+00:00","og_image":[{"width":1024,"height":682,"url":"https:\/\/diarioprincipios.com\/wp-content\/uploads\/2020\/05\/IMG-20200517-WA0024.jpg","type":"image\/jpeg"}],"author":"Hern\u00e1n L\u00f3pez","twitter_card":"summary_large_image","twitter_misc":{"Escrito por":"Hern\u00e1n L\u00f3pez"},"schema":{"@context":"https:\/\/schema.org","@graph":[{"@type":"Article","@id":"https:\/\/diarioprincipios.com\/index.php\/2020\/05\/18\/mayra-mendoza-dio-negativo-al-test-de-coronavirus\/#article","isPartOf":{"@id":"https:\/\/diarioprincipios.com\/index.php\/2020\/05\/18\/mayra-mendoza-dio-negativo-al-test-de-coronavirus\/"},"author":{"name":"Hern\u00e1n L\u00f3pez","@id":"https:\/\/diarioprincipios.com\/#\/schema\/person\/436d5a1fd41a5e250e23ff5a6a7cb080"},"headline":"Mayra Mendoza di\u00f3 negativo al test de Coronavirus","datePublished":"2020-05-18T17:19:19+00:00","dateModified":"2020-05-18T17:19:21+00:00","mainEntityOfPage":{"@id":"https:\/\/diarioprincipios.com\/index.php\/2020\/05\/18\/mayra-mendoza-dio-negativo-al-test-de-coronavirus\/"},"wordCount":61,"commentCount":0,"publisher":{"@id":"https:\/\/diarioprincipios.com\/#organization"},"image":{"@id":"https:\/\/diarioprincipios.com\/index.php\/2020\/05\/18\/mayra-mendoza-dio-negativo-al-test-de-coronavirus\/#primaryimage"},"thumbnailUrl":"https:\/\/diarioprincipios.com\/wp-content\/uploads\/2020\/05\/IMG-20200517-WA0024.jpg","articleSection":["Quilmes"],"inLanguage":"es","potentialAction":[{"@type":"CommentAction","name":"Comment","target":["https:\/\/diarioprincipios.com\/index.php\/2020\/05\/18\/mayra-mendoza-dio-negativo-al-test-de-coronavirus\/#respond"]}]},{"@type":"WebPage","@id":"https:\/\/diarioprincipios.com\/index.php\/2020\/05\/18\/mayra-mendoza-dio-negativo-al-test-de-coronavirus\/","url":"https:\/\/diarioprincipios.com\/index.php\/2020\/05\/18\/mayra-mendoza-dio-negativo-al-test-de-coronavirus\/","name":"Mayra Mendoza di\u00f3 negativo al test de Coronavirus - Principios","isPartOf":{"@id":"https:\/\/diarioprincipios.com\/#website"},"primaryImageOfPage":{"@id":"https:\/\/diarioprincipios.com\/index.php\/2020\/05\/18\/mayra-mendoza-dio-negativo-al-test-de-coronavirus\/#primaryimage"},"image":{"@id":"https:\/\/diarioprincipios.com\/index.php\/2020\/05\/18\/mayra-mendoza-dio-negativo-al-test-de-coronavirus\/#primaryimage"},"thumbnailUrl":"https:\/\/diarioprincipios.com\/wp-content\/uploads\/2020\/05\/IMG-20200517-WA0024.jpg","datePublished":"2020-05-18T17:19:19+00:00","dateModified":"2020-05-18T17:19:21+00:00","breadcrumb":{"@id":"https:\/\/diarioprincipios.com\/index.php\/2020\/05\/18\/mayra-mendoza-dio-negativo-al-test-de-coronavirus\/#breadcrumb"},"inLanguage":"es","potentialAction":[{"@type":"ReadAction","target":["https:\/\/diarioprincipios.com\/index.php\/2020\/05\/18\/mayra-mendoza-dio-negativo-al-test-de-coronavirus\/"]}]},{"@type":"ImageObject","inLanguage":"es","@id":"https:\/\/diarioprincipios.com\/index.php\/2020\/05\/18\/mayra-mendoza-dio-negativo-al-test-de-coronavirus\/#primaryimage","url":"https:\/\/diarioprincipios.com\/wp-content\/uploads\/2020\/05\/IMG-20200517-WA0024.jpg","contentUrl":"https:\/\/diarioprincipios.com\/wp-content\/uploads\/2020\/05\/IMG-20200517-WA0024.jpg","width":1024,"height":682},{"@type":"BreadcrumbList","@id":"https:\/\/diarioprincipios.com\/index.php\/2020\/05\/18\/mayra-mendoza-dio-negativo-al-test-de-coronavirus\/#breadcrumb","itemListElement":[{"@type":"ListItem","position":1,"name":"Portada","item":"https:\/\/diarioprincipios.com\/"},{"@type":"ListItem","position":2,"name":"Mayra Mendoza di\u00f3 negativo al test de Coronavirus"}]},{"@type":"WebSite","@id":"https:\/\/diarioprincipios.com\/#website","url":"https:\/\/diarioprincipios.com\/","name":"Principios","description":"Principios Diario","publisher":{"@id":"https:\/\/diarioprincipios.com\/#organization"},"potentialAction":[{"@type":"SearchAction","target":{"@type":"EntryPoint","urlTemplate":"https:\/\/diarioprincipios.com\/?s={search_term_string}"},"query-input":{"@type":"PropertyValueSpecification","valueRequired":true,"valueName":"search_term_string"}}],"inLanguage":"es"},{"@type":"Organization","@id":"https:\/\/diarioprincipios.com\/#organization","name":"Principios","url":"https:\/\/diarioprincipios.com\/","logo":{"@type":"ImageObject","inLanguage":"es","@id":"https:\/\/diarioprincipios.com\/#\/schema\/logo\/image\/","url":"https:\/\/diarioprincipios.com\/wp-content\/uploads\/2024\/04\/cropped-www.diarioprincipios.com_-1.png","contentUrl":"https:\/\/diarioprincipios.com\/wp-content\/uploads\/2024\/04\/cropped-www.diarioprincipios.com_-1.png","width":5325,"height":1454,"caption":"Principios"},"image":{"@id":"https:\/\/diarioprincipios.com\/#\/schema\/logo\/image\/"}},{"@type":"Person","@id":"https:\/\/diarioprincipios.com\/#\/schema\/person\/436d5a1fd41a5e250e23ff5a6a7cb080","name":"Hern\u00e1n L\u00f3pez","image":{"@type":"ImageObject","inLanguage":"es","@id":"https:\/\/diarioprincipios.com\/wp-content\/litespeed\/avatar\/11ddfe5610ff3bd100522525b2571f48.jpg?ver=1777653193","url":"https:\/\/diarioprincipios.com\/wp-content\/litespeed\/avatar\/11ddfe5610ff3bd100522525b2571f48.jpg?ver=1777653193","contentUrl":"https:\/\/diarioprincipios.com\/wp-content\/litespeed\/avatar\/11ddfe5610ff3bd100522525b2571f48.jpg?ver=1777653193","caption":"Hern\u00e1n L\u00f3pez"},"url":"https:\/\/diarioprincipios.com\/index.php\/author\/hernan\/"}]}},"jetpack_featured_media_url":"https:\/\/diarioprincipios.com\/wp-content\/uploads\/2020\/05\/IMG-20200517-WA0024.jpg","_links":{"self":[{"href":"https:\/\/diarioprincipios.com\/index.php\/wp-json\/wp\/v2\/posts\/1672","targetHints":{"allow":["GET"]}}],"collection":[{"href":"https:\/\/diarioprincipios.com\/index.php\/wp-json\/wp\/v2\/posts"}],"about":[{"href":"https:\/\/diarioprincipios.com\/index.php\/wp-json\/wp\/v2\/types\/post"}],"author":[{"embeddable":true,"href":"https:\/\/diarioprincipios.com\/index.php\/wp-json\/wp\/v2\/users\/2"}],"replies":[{"embeddable":true,"href":"https:\/\/diarioprincipios.com\/index.php\/wp-json\/wp\/v2\/comments?post=1672"}],"version-history":[{"count":1,"href":"https:\/\/diarioprincipios.com\/index.php\/wp-json\/wp\/v2\/posts\/1672\/revisions"}],"predecessor-version":[{"id":1674,"href":"https:\/\/diarioprincipios.com\/index.php\/wp-json\/wp\/v2\/posts\/1672\/revisions\/1674"}],"wp:featuredmedia":[{"embeddable":true,"href":"https:\/\/diarioprincipios.com\/index.php\/wp-json\/wp\/v2\/media\/1666"}],"wp:attachment":[{"href":"https:\/\/diarioprincipios.com\/index.php\/wp-json\/wp\/v2\/media?parent=1672"}],"wp:term":[{"taxonomy":"category","embeddable":true,"href":"https:\/\/diarioprincipios.com\/index.php\/wp-json\/wp\/v2\/categories?post=1672"},{"taxonomy":"post_tag","embeddable":true,"href":"https:\/\/diarioprincipios.com\/index.php\/wp-json\/wp\/v2\/tags?post=1672"}],"curies":[{"name":"wp","href":"https:\/\/api.w.org\/{rel}","templated":true}]}}