{"id":16716,"date":"2023-04-24T08:25:13","date_gmt":"2023-04-24T11:25:13","guid":{"rendered":"http:\/\/diarioprincipios.com\/?p=16716"},"modified":"2023-04-28T13:04:17","modified_gmt":"2023-04-28T16:04:17","slug":"berazategui-se-prepara-para-un-mega-festejo-por-el-dia-del-animal","status":"publish","type":"post","link":"https:\/\/diarioprincipios.com\/index.php\/2023\/04\/24\/berazategui-se-prepara-para-un-mega-festejo-por-el-dia-del-animal\/","title":{"rendered":"Berazategui se prepara para un Mega Festejo por el D\u00eda del Animal"},"content":{"rendered":"\n<p><strong>Se viene un gran festejo por este d\u00eda tan especial y la Municipalidad de Berazategui invita a los vecinos y las vecinas a participar junto a sus animalitos de compa\u00f1\u00eda. Ser\u00e1 el s\u00e1bado 29 de abril, desde las 15.00, en el play\u00f3n del Edificio Municipal (Av. 14 e\/ 131 y 131 A). Se inaugurar\u00e1 un monumento dedicado a los perros de la ciudad, y habr\u00e1 vacunaci\u00f3n antirr\u00e1bica para perros y gatos, charlas y premios.<\/strong><\/p>\n\n\n\n<p>Adem\u00e1s, se dispondr\u00e1 un stand de la Web Coraz\u00f3n de Zona Sur, la primera p\u00e1gina municipal de adopci\u00f3n animal, con informaci\u00f3n sobre adopci\u00f3n responsable, recomendaciones para el cuidado de los animales y los servicios que brinda la Cl\u00ednica Veterinaria Municipal; y un espacio con animalitos de la Granja Educativa. Tambi\u00e9n estar\u00e1 presente el Dr. Juan Enrique Romero.<\/p>\n\n\n\n<figure class=\"wp-block-image size-large\"><img loading=\"lazy\" decoding=\"async\" width=\"819\" height=\"1024\" src=\"https:\/\/diarioprincipios.com\/wp-content\/uploads\/2023\/04\/BERAZATEGUI-SE-PREPARA-PARA-UN-MEGA-FESTEJO-POR-EL-DIA-DEL-ANIMAL-1-819x1024.jpg\" alt=\"\" class=\"wp-image-16717\" srcset=\"https:\/\/diarioprincipios.com\/wp-content\/uploads\/2023\/04\/BERAZATEGUI-SE-PREPARA-PARA-UN-MEGA-FESTEJO-POR-EL-DIA-DEL-ANIMAL-1-819x1024.jpg 819w, https:\/\/diarioprincipios.com\/wp-content\/uploads\/2023\/04\/BERAZATEGUI-SE-PREPARA-PARA-UN-MEGA-FESTEJO-POR-EL-DIA-DEL-ANIMAL-1-240x300.jpg 240w, https:\/\/diarioprincipios.com\/wp-content\/uploads\/2023\/04\/BERAZATEGUI-SE-PREPARA-PARA-UN-MEGA-FESTEJO-POR-EL-DIA-DEL-ANIMAL-1-768x960.jpg 768w, https:\/\/diarioprincipios.com\/wp-content\/uploads\/2023\/04\/BERAZATEGUI-SE-PREPARA-PARA-UN-MEGA-FESTEJO-POR-EL-DIA-DEL-ANIMAL-1.jpg 1080w\" sizes=\"auto, (max-width: 819px) 100vw, 819px\" \/><\/figure>\n\n\n\n<p>Los vecinos y las vecinas que concurran con sus animales de compa\u00f1\u00eda podr\u00e1n participar en sorteos. A su vez, asistir\u00e1n emprendedores de la Feria Emprender, quienes pondr\u00e1n a la venta los productos que elaboran para animales.<\/p>\n\n\n\n<p>Adem\u00e1s, se solicita que quienes traigan a sus animales lo hagan con correa y bolsitas para juntar sus deposiciones.<\/p>\n","protected":false},"excerpt":{"rendered":"<p>Se viene un gran festejo por este d\u00eda tan especial y la Municipalidad de Berazategui invita a los vecinos y las vecinas a participar junto a sus animalitos de compa\u00f1\u00eda. Ser\u00e1 el s\u00e1bado 29 de abril, desde las 15.00, en el play\u00f3n del Edificio Municipal (Av. 14 e\/ 131 y 131 A). Se inaugurar\u00e1 un&#8230;<\/p>\n","protected":false},"author":2,"featured_media":16718,"comment_status":"open","ping_status":"open","sticky":false,"template":"","format":"standard","meta":{"footnotes":""},"categories":[3],"tags":[],"class_list":["post-16716","post","type-post","status-publish","format-standard","has-post-thumbnail","hentry","category-berazategui"],"featured_image_src":"https:\/\/diarioprincipios.com\/wp-content\/uploads\/2023\/04\/BERAZATEGUI-PROMUEVE-LA-ADOPCION-RESPONSABLE-DE-MASCOTAS-1-1024x682.jpeg","blog_images":{"medium":"https:\/\/diarioprincipios.com\/wp-content\/uploads\/2023\/04\/BERAZATEGUI-PROMUEVE-LA-ADOPCION-RESPONSABLE-DE-MASCOTAS-1-300x200.jpeg","large":"https:\/\/diarioprincipios.com\/wp-content\/uploads\/2023\/04\/BERAZATEGUI-PROMUEVE-LA-ADOPCION-RESPONSABLE-DE-MASCOTAS-1-1024x682.jpeg"},"ams_acf":[],"yoast_head":"<!-- This site is optimized with the Yoast SEO plugin v27.3 - https:\/\/yoast.com\/product\/yoast-seo-wordpress\/ -->\n<title>Berazategui se prepara para un Mega Festejo por el D\u00eda del Animal - Principios<\/title>\n<meta name=\"robots\" content=\"index, follow, max-snippet:-1, max-image-preview:large, max-video-preview:-1\" \/>\n<link rel=\"canonical\" href=\"https:\/\/diarioprincipios.com\/index.php\/2023\/04\/24\/berazategui-se-prepara-para-un-mega-festejo-por-el-dia-del-animal\/\" \/>\n<meta property=\"og:locale\" content=\"es_ES\" \/>\n<meta property=\"og:type\" content=\"article\" \/>\n<meta property=\"og:title\" content=\"Berazategui se prepara para un Mega Festejo por el D\u00eda del Animal - Principios\" \/>\n<meta property=\"og:description\" content=\"Se viene un gran festejo por este d\u00eda tan especial y la Municipalidad de Berazategui invita a los vecinos y las vecinas a participar junto a sus animalitos de compa\u00f1\u00eda. Ser\u00e1 el s\u00e1bado 29 de abril, desde las 15.00, en el play\u00f3n del Edificio Municipal (Av. 14 e\/ 131 y 131 A). Se inaugurar\u00e1 un...\" \/>\n<meta property=\"og:url\" content=\"https:\/\/diarioprincipios.com\/index.php\/2023\/04\/24\/berazategui-se-prepara-para-un-mega-festejo-por-el-dia-del-animal\/\" \/>\n<meta property=\"og:site_name\" content=\"Principios\" \/>\n<meta property=\"article:published_time\" content=\"2023-04-24T11:25:13+00:00\" \/>\n<meta property=\"article:modified_time\" content=\"2023-04-28T16:04:17+00:00\" \/>\n<meta property=\"og:image\" content=\"https:\/\/diarioprincipios.com\/wp-content\/uploads\/2023\/04\/BERAZATEGUI-PROMUEVE-LA-ADOPCION-RESPONSABLE-DE-MASCOTAS-1.jpeg\" \/>\n\t<meta property=\"og:image:width\" content=\"1280\" \/>\n\t<meta property=\"og:image:height\" content=\"853\" \/>\n\t<meta property=\"og:image:type\" content=\"image\/jpeg\" \/>\n<meta name=\"author\" content=\"Hern\u00e1n L\u00f3pez\" \/>\n<meta name=\"twitter:card\" content=\"summary_large_image\" \/>\n<meta name=\"twitter:label1\" content=\"Escrito por\" \/>\n\t<meta name=\"twitter:data1\" content=\"Hern\u00e1n L\u00f3pez\" \/>\n\t<meta name=\"twitter:label2\" content=\"Tiempo de lectura\" \/>\n\t<meta name=\"twitter:data2\" content=\"2 minutos\" \/>\n<script type=\"application\/ld+json\" class=\"yoast-schema-graph\">{\"@context\":\"https:\\\/\\\/schema.org\",\"@graph\":[{\"@type\":\"Article\",\"@id\":\"https:\\\/\\\/diarioprincipios.com\\\/index.php\\\/2023\\\/04\\\/24\\\/berazategui-se-prepara-para-un-mega-festejo-por-el-dia-del-animal\\\/#article\",\"isPartOf\":{\"@id\":\"https:\\\/\\\/diarioprincipios.com\\\/index.php\\\/2023\\\/04\\\/24\\\/berazategui-se-prepara-para-un-mega-festejo-por-el-dia-del-animal\\\/\"},\"author\":{\"name\":\"Hern\u00e1n L\u00f3pez\",\"@id\":\"https:\\\/\\\/diarioprincipios.com\\\/#\\\/schema\\\/person\\\/436d5a1fd41a5e250e23ff5a6a7cb080\"},\"headline\":\"Berazategui se prepara para un Mega Festejo por el D\u00eda del Animal\",\"datePublished\":\"2023-04-24T11:25:13+00:00\",\"dateModified\":\"2023-04-28T16:04:17+00:00\",\"mainEntityOfPage\":{\"@id\":\"https:\\\/\\\/diarioprincipios.com\\\/index.php\\\/2023\\\/04\\\/24\\\/berazategui-se-prepara-para-un-mega-festejo-por-el-dia-del-animal\\\/\"},\"wordCount\":213,\"commentCount\":0,\"publisher\":{\"@id\":\"https:\\\/\\\/diarioprincipios.com\\\/#organization\"},\"image\":{\"@id\":\"https:\\\/\\\/diarioprincipios.com\\\/index.php\\\/2023\\\/04\\\/24\\\/berazategui-se-prepara-para-un-mega-festejo-por-el-dia-del-animal\\\/#primaryimage\"},\"thumbnailUrl\":\"https:\\\/\\\/diarioprincipios.com\\\/wp-content\\\/uploads\\\/2023\\\/04\\\/BERAZATEGUI-PROMUEVE-LA-ADOPCION-RESPONSABLE-DE-MASCOTAS-1.jpeg\",\"articleSection\":[\"Berazategui\"],\"inLanguage\":\"es\",\"potentialAction\":[{\"@type\":\"CommentAction\",\"name\":\"Comment\",\"target\":[\"https:\\\/\\\/diarioprincipios.com\\\/index.php\\\/2023\\\/04\\\/24\\\/berazategui-se-prepara-para-un-mega-festejo-por-el-dia-del-animal\\\/#respond\"]}]},{\"@type\":\"WebPage\",\"@id\":\"https:\\\/\\\/diarioprincipios.com\\\/index.php\\\/2023\\\/04\\\/24\\\/berazategui-se-prepara-para-un-mega-festejo-por-el-dia-del-animal\\\/\",\"url\":\"https:\\\/\\\/diarioprincipios.com\\\/index.php\\\/2023\\\/04\\\/24\\\/berazategui-se-prepara-para-un-mega-festejo-por-el-dia-del-animal\\\/\",\"name\":\"Berazategui se prepara para un Mega Festejo por el D\u00eda del Animal - Principios\",\"isPartOf\":{\"@id\":\"https:\\\/\\\/diarioprincipios.com\\\/#website\"},\"primaryImageOfPage\":{\"@id\":\"https:\\\/\\\/diarioprincipios.com\\\/index.php\\\/2023\\\/04\\\/24\\\/berazategui-se-prepara-para-un-mega-festejo-por-el-dia-del-animal\\\/#primaryimage\"},\"image\":{\"@id\":\"https:\\\/\\\/diarioprincipios.com\\\/index.php\\\/2023\\\/04\\\/24\\\/berazategui-se-prepara-para-un-mega-festejo-por-el-dia-del-animal\\\/#primaryimage\"},\"thumbnailUrl\":\"https:\\\/\\\/diarioprincipios.com\\\/wp-content\\\/uploads\\\/2023\\\/04\\\/BERAZATEGUI-PROMUEVE-LA-ADOPCION-RESPONSABLE-DE-MASCOTAS-1.jpeg\",\"datePublished\":\"2023-04-24T11:25:13+00:00\",\"dateModified\":\"2023-04-28T16:04:17+00:00\",\"breadcrumb\":{\"@id\":\"https:\\\/\\\/diarioprincipios.com\\\/index.php\\\/2023\\\/04\\\/24\\\/berazategui-se-prepara-para-un-mega-festejo-por-el-dia-del-animal\\\/#breadcrumb\"},\"inLanguage\":\"es\",\"potentialAction\":[{\"@type\":\"ReadAction\",\"target\":[\"https:\\\/\\\/diarioprincipios.com\\\/index.php\\\/2023\\\/04\\\/24\\\/berazategui-se-prepara-para-un-mega-festejo-por-el-dia-del-animal\\\/\"]}]},{\"@type\":\"ImageObject\",\"inLanguage\":\"es\",\"@id\":\"https:\\\/\\\/diarioprincipios.com\\\/index.php\\\/2023\\\/04\\\/24\\\/berazategui-se-prepara-para-un-mega-festejo-por-el-dia-del-animal\\\/#primaryimage\",\"url\":\"https:\\\/\\\/diarioprincipios.com\\\/wp-content\\\/uploads\\\/2023\\\/04\\\/BERAZATEGUI-PROMUEVE-LA-ADOPCION-RESPONSABLE-DE-MASCOTAS-1.jpeg\",\"contentUrl\":\"https:\\\/\\\/diarioprincipios.com\\\/wp-content\\\/uploads\\\/2023\\\/04\\\/BERAZATEGUI-PROMUEVE-LA-ADOPCION-RESPONSABLE-DE-MASCOTAS-1.jpeg\",\"width\":1280,\"height\":853},{\"@type\":\"BreadcrumbList\",\"@id\":\"https:\\\/\\\/diarioprincipios.com\\\/index.php\\\/2023\\\/04\\\/24\\\/berazategui-se-prepara-para-un-mega-festejo-por-el-dia-del-animal\\\/#breadcrumb\",\"itemListElement\":[{\"@type\":\"ListItem\",\"position\":1,\"name\":\"Portada\",\"item\":\"https:\\\/\\\/diarioprincipios.com\\\/\"},{\"@type\":\"ListItem\",\"position\":2,\"name\":\"Berazategui se prepara para un Mega Festejo por el D\u00eda del Animal\"}]},{\"@type\":\"WebSite\",\"@id\":\"https:\\\/\\\/diarioprincipios.com\\\/#website\",\"url\":\"https:\\\/\\\/diarioprincipios.com\\\/\",\"name\":\"Principios\",\"description\":\"Principios Diario\",\"publisher\":{\"@id\":\"https:\\\/\\\/diarioprincipios.com\\\/#organization\"},\"potentialAction\":[{\"@type\":\"SearchAction\",\"target\":{\"@type\":\"EntryPoint\",\"urlTemplate\":\"https:\\\/\\\/diarioprincipios.com\\\/?s={search_term_string}\"},\"query-input\":{\"@type\":\"PropertyValueSpecification\",\"valueRequired\":true,\"valueName\":\"search_term_string\"}}],\"inLanguage\":\"es\"},{\"@type\":\"Organization\",\"@id\":\"https:\\\/\\\/diarioprincipios.com\\\/#organization\",\"name\":\"Principios\",\"url\":\"https:\\\/\\\/diarioprincipios.com\\\/\",\"logo\":{\"@type\":\"ImageObject\",\"inLanguage\":\"es\",\"@id\":\"https:\\\/\\\/diarioprincipios.com\\\/#\\\/schema\\\/logo\\\/image\\\/\",\"url\":\"https:\\\/\\\/diarioprincipios.com\\\/wp-content\\\/uploads\\\/2024\\\/04\\\/cropped-www.diarioprincipios.com_-1.png\",\"contentUrl\":\"https:\\\/\\\/diarioprincipios.com\\\/wp-content\\\/uploads\\\/2024\\\/04\\\/cropped-www.diarioprincipios.com_-1.png\",\"width\":5325,\"height\":1454,\"caption\":\"Principios\"},\"image\":{\"@id\":\"https:\\\/\\\/diarioprincipios.com\\\/#\\\/schema\\\/logo\\\/image\\\/\"}},{\"@type\":\"Person\",\"@id\":\"https:\\\/\\\/diarioprincipios.com\\\/#\\\/schema\\\/person\\\/436d5a1fd41a5e250e23ff5a6a7cb080\",\"name\":\"Hern\u00e1n L\u00f3pez\",\"image\":{\"@type\":\"ImageObject\",\"inLanguage\":\"es\",\"@id\":\"https:\\\/\\\/diarioprincipios.com\\\/wp-content\\\/litespeed\\\/avatar\\\/11ddfe5610ff3bd100522525b2571f48.jpg?ver=1777048341\",\"url\":\"https:\\\/\\\/diarioprincipios.com\\\/wp-content\\\/litespeed\\\/avatar\\\/11ddfe5610ff3bd100522525b2571f48.jpg?ver=1777048341\",\"contentUrl\":\"https:\\\/\\\/diarioprincipios.com\\\/wp-content\\\/litespeed\\\/avatar\\\/11ddfe5610ff3bd100522525b2571f48.jpg?ver=1777048341\",\"caption\":\"Hern\u00e1n L\u00f3pez\"},\"url\":\"https:\\\/\\\/diarioprincipios.com\\\/index.php\\\/author\\\/hernan\\\/\"}]}<\/script>\n<!-- \/ Yoast SEO plugin. -->","yoast_head_json":{"title":"Berazategui se prepara para un Mega Festejo por el D\u00eda del Animal - Principios","robots":{"index":"index","follow":"follow","max-snippet":"max-snippet:-1","max-image-preview":"max-image-preview:large","max-video-preview":"max-video-preview:-1"},"canonical":"https:\/\/diarioprincipios.com\/index.php\/2023\/04\/24\/berazategui-se-prepara-para-un-mega-festejo-por-el-dia-del-animal\/","og_locale":"es_ES","og_type":"article","og_title":"Berazategui se prepara para un Mega Festejo por el D\u00eda del Animal - Principios","og_description":"Se viene un gran festejo por este d\u00eda tan especial y la Municipalidad de Berazategui invita a los vecinos y las vecinas a participar junto a sus animalitos de compa\u00f1\u00eda. Ser\u00e1 el s\u00e1bado 29 de abril, desde las 15.00, en el play\u00f3n del Edificio Municipal (Av. 14 e\/ 131 y 131 A). Se inaugurar\u00e1 un...","og_url":"https:\/\/diarioprincipios.com\/index.php\/2023\/04\/24\/berazategui-se-prepara-para-un-mega-festejo-por-el-dia-del-animal\/","og_site_name":"Principios","article_published_time":"2023-04-24T11:25:13+00:00","article_modified_time":"2023-04-28T16:04:17+00:00","og_image":[{"width":1280,"height":853,"url":"https:\/\/diarioprincipios.com\/wp-content\/uploads\/2023\/04\/BERAZATEGUI-PROMUEVE-LA-ADOPCION-RESPONSABLE-DE-MASCOTAS-1.jpeg","type":"image\/jpeg"}],"author":"Hern\u00e1n L\u00f3pez","twitter_card":"summary_large_image","twitter_misc":{"Escrito por":"Hern\u00e1n L\u00f3pez","Tiempo de lectura":"2 minutos"},"schema":{"@context":"https:\/\/schema.org","@graph":[{"@type":"Article","@id":"https:\/\/diarioprincipios.com\/index.php\/2023\/04\/24\/berazategui-se-prepara-para-un-mega-festejo-por-el-dia-del-animal\/#article","isPartOf":{"@id":"https:\/\/diarioprincipios.com\/index.php\/2023\/04\/24\/berazategui-se-prepara-para-un-mega-festejo-por-el-dia-del-animal\/"},"author":{"name":"Hern\u00e1n L\u00f3pez","@id":"https:\/\/diarioprincipios.com\/#\/schema\/person\/436d5a1fd41a5e250e23ff5a6a7cb080"},"headline":"Berazategui se prepara para un Mega Festejo por el D\u00eda del Animal","datePublished":"2023-04-24T11:25:13+00:00","dateModified":"2023-04-28T16:04:17+00:00","mainEntityOfPage":{"@id":"https:\/\/diarioprincipios.com\/index.php\/2023\/04\/24\/berazategui-se-prepara-para-un-mega-festejo-por-el-dia-del-animal\/"},"wordCount":213,"commentCount":0,"publisher":{"@id":"https:\/\/diarioprincipios.com\/#organization"},"image":{"@id":"https:\/\/diarioprincipios.com\/index.php\/2023\/04\/24\/berazategui-se-prepara-para-un-mega-festejo-por-el-dia-del-animal\/#primaryimage"},"thumbnailUrl":"https:\/\/diarioprincipios.com\/wp-content\/uploads\/2023\/04\/BERAZATEGUI-PROMUEVE-LA-ADOPCION-RESPONSABLE-DE-MASCOTAS-1.jpeg","articleSection":["Berazategui"],"inLanguage":"es","potentialAction":[{"@type":"CommentAction","name":"Comment","target":["https:\/\/diarioprincipios.com\/index.php\/2023\/04\/24\/berazategui-se-prepara-para-un-mega-festejo-por-el-dia-del-animal\/#respond"]}]},{"@type":"WebPage","@id":"https:\/\/diarioprincipios.com\/index.php\/2023\/04\/24\/berazategui-se-prepara-para-un-mega-festejo-por-el-dia-del-animal\/","url":"https:\/\/diarioprincipios.com\/index.php\/2023\/04\/24\/berazategui-se-prepara-para-un-mega-festejo-por-el-dia-del-animal\/","name":"Berazategui se prepara para un Mega Festejo por el D\u00eda del Animal - Principios","isPartOf":{"@id":"https:\/\/diarioprincipios.com\/#website"},"primaryImageOfPage":{"@id":"https:\/\/diarioprincipios.com\/index.php\/2023\/04\/24\/berazategui-se-prepara-para-un-mega-festejo-por-el-dia-del-animal\/#primaryimage"},"image":{"@id":"https:\/\/diarioprincipios.com\/index.php\/2023\/04\/24\/berazategui-se-prepara-para-un-mega-festejo-por-el-dia-del-animal\/#primaryimage"},"thumbnailUrl":"https:\/\/diarioprincipios.com\/wp-content\/uploads\/2023\/04\/BERAZATEGUI-PROMUEVE-LA-ADOPCION-RESPONSABLE-DE-MASCOTAS-1.jpeg","datePublished":"2023-04-24T11:25:13+00:00","dateModified":"2023-04-28T16:04:17+00:00","breadcrumb":{"@id":"https:\/\/diarioprincipios.com\/index.php\/2023\/04\/24\/berazategui-se-prepara-para-un-mega-festejo-por-el-dia-del-animal\/#breadcrumb"},"inLanguage":"es","potentialAction":[{"@type":"ReadAction","target":["https:\/\/diarioprincipios.com\/index.php\/2023\/04\/24\/berazategui-se-prepara-para-un-mega-festejo-por-el-dia-del-animal\/"]}]},{"@type":"ImageObject","inLanguage":"es","@id":"https:\/\/diarioprincipios.com\/index.php\/2023\/04\/24\/berazategui-se-prepara-para-un-mega-festejo-por-el-dia-del-animal\/#primaryimage","url":"https:\/\/diarioprincipios.com\/wp-content\/uploads\/2023\/04\/BERAZATEGUI-PROMUEVE-LA-ADOPCION-RESPONSABLE-DE-MASCOTAS-1.jpeg","contentUrl":"https:\/\/diarioprincipios.com\/wp-content\/uploads\/2023\/04\/BERAZATEGUI-PROMUEVE-LA-ADOPCION-RESPONSABLE-DE-MASCOTAS-1.jpeg","width":1280,"height":853},{"@type":"BreadcrumbList","@id":"https:\/\/diarioprincipios.com\/index.php\/2023\/04\/24\/berazategui-se-prepara-para-un-mega-festejo-por-el-dia-del-animal\/#breadcrumb","itemListElement":[{"@type":"ListItem","position":1,"name":"Portada","item":"https:\/\/diarioprincipios.com\/"},{"@type":"ListItem","position":2,"name":"Berazategui se prepara para un Mega Festejo por el D\u00eda del Animal"}]},{"@type":"WebSite","@id":"https:\/\/diarioprincipios.com\/#website","url":"https:\/\/diarioprincipios.com\/","name":"Principios","description":"Principios Diario","publisher":{"@id":"https:\/\/diarioprincipios.com\/#organization"},"potentialAction":[{"@type":"SearchAction","target":{"@type":"EntryPoint","urlTemplate":"https:\/\/diarioprincipios.com\/?s={search_term_string}"},"query-input":{"@type":"PropertyValueSpecification","valueRequired":true,"valueName":"search_term_string"}}],"inLanguage":"es"},{"@type":"Organization","@id":"https:\/\/diarioprincipios.com\/#organization","name":"Principios","url":"https:\/\/diarioprincipios.com\/","logo":{"@type":"ImageObject","inLanguage":"es","@id":"https:\/\/diarioprincipios.com\/#\/schema\/logo\/image\/","url":"https:\/\/diarioprincipios.com\/wp-content\/uploads\/2024\/04\/cropped-www.diarioprincipios.com_-1.png","contentUrl":"https:\/\/diarioprincipios.com\/wp-content\/uploads\/2024\/04\/cropped-www.diarioprincipios.com_-1.png","width":5325,"height":1454,"caption":"Principios"},"image":{"@id":"https:\/\/diarioprincipios.com\/#\/schema\/logo\/image\/"}},{"@type":"Person","@id":"https:\/\/diarioprincipios.com\/#\/schema\/person\/436d5a1fd41a5e250e23ff5a6a7cb080","name":"Hern\u00e1n L\u00f3pez","image":{"@type":"ImageObject","inLanguage":"es","@id":"https:\/\/diarioprincipios.com\/wp-content\/litespeed\/avatar\/11ddfe5610ff3bd100522525b2571f48.jpg?ver=1777048341","url":"https:\/\/diarioprincipios.com\/wp-content\/litespeed\/avatar\/11ddfe5610ff3bd100522525b2571f48.jpg?ver=1777048341","contentUrl":"https:\/\/diarioprincipios.com\/wp-content\/litespeed\/avatar\/11ddfe5610ff3bd100522525b2571f48.jpg?ver=1777048341","caption":"Hern\u00e1n L\u00f3pez"},"url":"https:\/\/diarioprincipios.com\/index.php\/author\/hernan\/"}]}},"jetpack_featured_media_url":"https:\/\/diarioprincipios.com\/wp-content\/uploads\/2023\/04\/BERAZATEGUI-PROMUEVE-LA-ADOPCION-RESPONSABLE-DE-MASCOTAS-1.jpeg","_links":{"self":[{"href":"https:\/\/diarioprincipios.com\/index.php\/wp-json\/wp\/v2\/posts\/16716","targetHints":{"allow":["GET"]}}],"collection":[{"href":"https:\/\/diarioprincipios.com\/index.php\/wp-json\/wp\/v2\/posts"}],"about":[{"href":"https:\/\/diarioprincipios.com\/index.php\/wp-json\/wp\/v2\/types\/post"}],"author":[{"embeddable":true,"href":"https:\/\/diarioprincipios.com\/index.php\/wp-json\/wp\/v2\/users\/2"}],"replies":[{"embeddable":true,"href":"https:\/\/diarioprincipios.com\/index.php\/wp-json\/wp\/v2\/comments?post=16716"}],"version-history":[{"count":1,"href":"https:\/\/diarioprincipios.com\/index.php\/wp-json\/wp\/v2\/posts\/16716\/revisions"}],"predecessor-version":[{"id":16719,"href":"https:\/\/diarioprincipios.com\/index.php\/wp-json\/wp\/v2\/posts\/16716\/revisions\/16719"}],"wp:featuredmedia":[{"embeddable":true,"href":"https:\/\/diarioprincipios.com\/index.php\/wp-json\/wp\/v2\/media\/16718"}],"wp:attachment":[{"href":"https:\/\/diarioprincipios.com\/index.php\/wp-json\/wp\/v2\/media?parent=16716"}],"wp:term":[{"taxonomy":"category","embeddable":true,"href":"https:\/\/diarioprincipios.com\/index.php\/wp-json\/wp\/v2\/categories?post=16716"},{"taxonomy":"post_tag","embeddable":true,"href":"https:\/\/diarioprincipios.com\/index.php\/wp-json\/wp\/v2\/tags?post=16716"}],"curies":[{"name":"wp","href":"https:\/\/api.w.org\/{rel}","templated":true}]}}