{"id":16700,"date":"2023-04-23T21:52:08","date_gmt":"2023-04-24T00:52:08","guid":{"rendered":"http:\/\/diarioprincipios.com\/?p=16700"},"modified":"2023-04-28T13:03:58","modified_gmt":"2023-04-28T16:03:58","slug":"avanza-la-construccion-de-la-ciudad-de-los-deportes-en-solano-2","status":"publish","type":"post","link":"https:\/\/diarioprincipios.com\/index.php\/2023\/04\/23\/avanza-la-construccion-de-la-ciudad-de-los-deportes-en-solano-2\/","title":{"rendered":"Avanza la construcci\u00f3n de la Ciudad de los Deportes en Solano"},"content":{"rendered":"\n<p>El Municipio de Quilmes avanza con la construcci\u00f3n de la Ciudad de los Deportes, que se ubica en el predio delimitado por las calles 854, calle 856 y la avenida Ferrocarril Provincial, en San Francisco Solano.<\/p>\n\n\n\n<p>En la actualidad, ya se encuentra ejecutado el hormig\u00f3n de todos los playones deportivos que incluyen una cancha multideporte de 45m x 25m; un play\u00f3n deportivo de 25m x 15m; 4 canchas de f\u00fatbol tenis; un play\u00f3n deportivo de v\u00f3ley y un domo para patinaje art\u00edstico. Tambi\u00e9n se construyeron, casi en su totalidad, las veredas perimetrales de hormig\u00f3n peinado y el contrapiso para el solado de la pista de atletismo. En el sector del Murg\u00f3dromo se realiz\u00f3 la restauraci\u00f3n parcial del puente y los tabiques de hormig\u00f3n con bancos.<\/p>\n\n\n\n<figure class=\"wp-block-image size-large\"><img loading=\"lazy\" decoding=\"async\" width=\"1024\" height=\"682\" src=\"https:\/\/diarioprincipios.com\/wp-content\/uploads\/2023\/04\/CONSTRUCCION-DE-LA-CIUDAD-DE-LOS-DEPORTES-EN-SAN-FRANCISCO-SOLANO-1-1024x682.jpg\" alt=\"\" class=\"wp-image-16701\" srcset=\"https:\/\/diarioprincipios.com\/wp-content\/uploads\/2023\/04\/CONSTRUCCION-DE-LA-CIUDAD-DE-LOS-DEPORTES-EN-SAN-FRANCISCO-SOLANO-1-1024x682.jpg 1024w, https:\/\/diarioprincipios.com\/wp-content\/uploads\/2023\/04\/CONSTRUCCION-DE-LA-CIUDAD-DE-LOS-DEPORTES-EN-SAN-FRANCISCO-SOLANO-1-300x200.jpg 300w, https:\/\/diarioprincipios.com\/wp-content\/uploads\/2023\/04\/CONSTRUCCION-DE-LA-CIUDAD-DE-LOS-DEPORTES-EN-SAN-FRANCISCO-SOLANO-1-768x512.jpg 768w, https:\/\/diarioprincipios.com\/wp-content\/uploads\/2023\/04\/CONSTRUCCION-DE-LA-CIUDAD-DE-LOS-DEPORTES-EN-SAN-FRANCISCO-SOLANO-1.jpg 1280w\" sizes=\"auto, (max-width: 1024px) 100vw, 1024px\" \/><\/figure>\n\n\n\n<p>Con respecto a la iluminaci\u00f3n, se encuentra realizado todo el tendido subterr\u00e1neo y colocadas las columnas donde luego, se instalar\u00e1n los artefactos. Adem\u00e1s, se realiz\u00f3 la ejecuci\u00f3n de 2 calles de convivencia de intertrabado, cord\u00f3n cuneta, rampas de accesibilidad y bolardos de hormig\u00f3n con iluminaci\u00f3n y en toda la intervenci\u00f3n se colocaron bancos premoldeados de hormig\u00f3n. A su vez, contin\u00faan los trabajos de &nbsp;colocaci\u00f3n de p\u00e9rgolas y barandas met\u00e1licas, al igual que, la colocaci\u00f3n de solado premoldeado de hormig\u00f3n en \u00e1reas de descanso y en la instalaci\u00f3n el\u00e9ctrica para las luminarias LED.<\/p>\n\n\n\n<p>El proyecto, llevado adelante por la secretar\u00eda de Desarrollo Urbano y Obra P\u00fablica, a cargo de Ceci Soler, incluye la puesta en valor del espacio p\u00fablico y las obras de h\u00e1bitat necesarias para dotar al sector de accesibilidad universal, espacios l\u00fadicos, deportivos, de encuentro e intercambio, adem\u00e1s de propiciar seguridad para los vecinos y vecinas.<\/p>\n\n\n\n<p>Cabe recordar que la Ciudad de los Deportes es uno de los 30 compromisos de gesti\u00f3n asumidos por la Intendenta Mayra Mendoza, que busca poner en valor los espacios p\u00fablicos convirti\u00e9ndolos en lugares seguros y de encuentro para toda la familia. Para conocer el avance de cada uno, los interesados e interesadas pueden ingresar en:&nbsp;<a rel=\"noreferrer noopener\" target=\"_blank\" href=\"https:\/\/www.quilmes.gov.ar\/compromisos\/\">https:\/\/www.quilmes.gov.ar\/compromisos\/<\/a>.<\/p>\n","protected":false},"excerpt":{"rendered":"<p>El Municipio de Quilmes avanza con la construcci\u00f3n de la Ciudad de los Deportes, que se ubica en el predio delimitado por las calles 854, calle 856 y la avenida Ferrocarril Provincial, en San Francisco Solano. En la actualidad, ya se encuentra ejecutado el hormig\u00f3n de todos los playones deportivos que incluyen una cancha multideporte&#8230;<\/p>\n","protected":false},"author":2,"featured_media":16702,"comment_status":"open","ping_status":"open","sticky":false,"template":"","format":"standard","meta":{"footnotes":""},"categories":[4],"tags":[],"class_list":["post-16700","post","type-post","status-publish","format-standard","has-post-thumbnail","hentry","category-quilmes"],"featured_image_src":"https:\/\/diarioprincipios.com\/wp-content\/uploads\/2023\/04\/CONSTRUCCION-DE-LA-CIUDAD-DE-LOS-DEPORTES-EN-SAN-FRANCISCO-SOLANO-3-1024x682.jpg","blog_images":{"medium":"https:\/\/diarioprincipios.com\/wp-content\/uploads\/2023\/04\/CONSTRUCCION-DE-LA-CIUDAD-DE-LOS-DEPORTES-EN-SAN-FRANCISCO-SOLANO-3-300x200.jpg","large":"https:\/\/diarioprincipios.com\/wp-content\/uploads\/2023\/04\/CONSTRUCCION-DE-LA-CIUDAD-DE-LOS-DEPORTES-EN-SAN-FRANCISCO-SOLANO-3-1024x682.jpg"},"ams_acf":[],"yoast_head":"<!-- This site is optimized with the Yoast SEO plugin v27.3 - https:\/\/yoast.com\/product\/yoast-seo-wordpress\/ -->\n<title>Avanza la construcci\u00f3n de la Ciudad de los Deportes en Solano - Principios<\/title>\n<meta name=\"robots\" content=\"index, follow, max-snippet:-1, max-image-preview:large, max-video-preview:-1\" \/>\n<link rel=\"canonical\" href=\"https:\/\/diarioprincipios.com\/index.php\/2023\/04\/23\/avanza-la-construccion-de-la-ciudad-de-los-deportes-en-solano-2\/\" \/>\n<meta property=\"og:locale\" content=\"es_ES\" \/>\n<meta property=\"og:type\" content=\"article\" \/>\n<meta property=\"og:title\" content=\"Avanza la construcci\u00f3n de la Ciudad de los Deportes en Solano - Principios\" \/>\n<meta property=\"og:description\" content=\"El Municipio de Quilmes avanza con la construcci\u00f3n de la Ciudad de los Deportes, que se ubica en el predio delimitado por las calles 854, calle 856 y la avenida Ferrocarril Provincial, en San Francisco Solano. En la actualidad, ya se encuentra ejecutado el hormig\u00f3n de todos los playones deportivos que incluyen una cancha multideporte...\" \/>\n<meta property=\"og:url\" content=\"https:\/\/diarioprincipios.com\/index.php\/2023\/04\/23\/avanza-la-construccion-de-la-ciudad-de-los-deportes-en-solano-2\/\" \/>\n<meta property=\"og:site_name\" content=\"Principios\" \/>\n<meta property=\"article:published_time\" content=\"2023-04-24T00:52:08+00:00\" \/>\n<meta property=\"article:modified_time\" content=\"2023-04-28T16:03:58+00:00\" \/>\n<meta property=\"og:image\" content=\"https:\/\/diarioprincipios.com\/wp-content\/uploads\/2023\/04\/CONSTRUCCION-DE-LA-CIUDAD-DE-LOS-DEPORTES-EN-SAN-FRANCISCO-SOLANO-3.jpg\" \/>\n\t<meta property=\"og:image:width\" content=\"1280\" \/>\n\t<meta property=\"og:image:height\" content=\"853\" \/>\n\t<meta property=\"og:image:type\" content=\"image\/jpeg\" \/>\n<meta name=\"author\" content=\"Hern\u00e1n L\u00f3pez\" \/>\n<meta name=\"twitter:card\" content=\"summary_large_image\" \/>\n<meta name=\"twitter:label1\" content=\"Escrito por\" \/>\n\t<meta name=\"twitter:data1\" content=\"Hern\u00e1n L\u00f3pez\" \/>\n\t<meta name=\"twitter:label2\" content=\"Tiempo de lectura\" \/>\n\t<meta name=\"twitter:data2\" content=\"2 minutos\" \/>\n<script type=\"application\/ld+json\" class=\"yoast-schema-graph\">{\"@context\":\"https:\\\/\\\/schema.org\",\"@graph\":[{\"@type\":\"Article\",\"@id\":\"https:\\\/\\\/diarioprincipios.com\\\/index.php\\\/2023\\\/04\\\/23\\\/avanza-la-construccion-de-la-ciudad-de-los-deportes-en-solano-2\\\/#article\",\"isPartOf\":{\"@id\":\"https:\\\/\\\/diarioprincipios.com\\\/index.php\\\/2023\\\/04\\\/23\\\/avanza-la-construccion-de-la-ciudad-de-los-deportes-en-solano-2\\\/\"},\"author\":{\"name\":\"Hern\u00e1n L\u00f3pez\",\"@id\":\"https:\\\/\\\/diarioprincipios.com\\\/#\\\/schema\\\/person\\\/436d5a1fd41a5e250e23ff5a6a7cb080\"},\"headline\":\"Avanza la construcci\u00f3n de la Ciudad de los Deportes en Solano\",\"datePublished\":\"2023-04-24T00:52:08+00:00\",\"dateModified\":\"2023-04-28T16:03:58+00:00\",\"mainEntityOfPage\":{\"@id\":\"https:\\\/\\\/diarioprincipios.com\\\/index.php\\\/2023\\\/04\\\/23\\\/avanza-la-construccion-de-la-ciudad-de-los-deportes-en-solano-2\\\/\"},\"wordCount\":381,\"commentCount\":0,\"publisher\":{\"@id\":\"https:\\\/\\\/diarioprincipios.com\\\/#organization\"},\"image\":{\"@id\":\"https:\\\/\\\/diarioprincipios.com\\\/index.php\\\/2023\\\/04\\\/23\\\/avanza-la-construccion-de-la-ciudad-de-los-deportes-en-solano-2\\\/#primaryimage\"},\"thumbnailUrl\":\"https:\\\/\\\/diarioprincipios.com\\\/wp-content\\\/uploads\\\/2023\\\/04\\\/CONSTRUCCION-DE-LA-CIUDAD-DE-LOS-DEPORTES-EN-SAN-FRANCISCO-SOLANO-3.jpg\",\"articleSection\":[\"Quilmes\"],\"inLanguage\":\"es\",\"potentialAction\":[{\"@type\":\"CommentAction\",\"name\":\"Comment\",\"target\":[\"https:\\\/\\\/diarioprincipios.com\\\/index.php\\\/2023\\\/04\\\/23\\\/avanza-la-construccion-de-la-ciudad-de-los-deportes-en-solano-2\\\/#respond\"]}]},{\"@type\":\"WebPage\",\"@id\":\"https:\\\/\\\/diarioprincipios.com\\\/index.php\\\/2023\\\/04\\\/23\\\/avanza-la-construccion-de-la-ciudad-de-los-deportes-en-solano-2\\\/\",\"url\":\"https:\\\/\\\/diarioprincipios.com\\\/index.php\\\/2023\\\/04\\\/23\\\/avanza-la-construccion-de-la-ciudad-de-los-deportes-en-solano-2\\\/\",\"name\":\"Avanza la construcci\u00f3n de la Ciudad de los Deportes en Solano - Principios\",\"isPartOf\":{\"@id\":\"https:\\\/\\\/diarioprincipios.com\\\/#website\"},\"primaryImageOfPage\":{\"@id\":\"https:\\\/\\\/diarioprincipios.com\\\/index.php\\\/2023\\\/04\\\/23\\\/avanza-la-construccion-de-la-ciudad-de-los-deportes-en-solano-2\\\/#primaryimage\"},\"image\":{\"@id\":\"https:\\\/\\\/diarioprincipios.com\\\/index.php\\\/2023\\\/04\\\/23\\\/avanza-la-construccion-de-la-ciudad-de-los-deportes-en-solano-2\\\/#primaryimage\"},\"thumbnailUrl\":\"https:\\\/\\\/diarioprincipios.com\\\/wp-content\\\/uploads\\\/2023\\\/04\\\/CONSTRUCCION-DE-LA-CIUDAD-DE-LOS-DEPORTES-EN-SAN-FRANCISCO-SOLANO-3.jpg\",\"datePublished\":\"2023-04-24T00:52:08+00:00\",\"dateModified\":\"2023-04-28T16:03:58+00:00\",\"breadcrumb\":{\"@id\":\"https:\\\/\\\/diarioprincipios.com\\\/index.php\\\/2023\\\/04\\\/23\\\/avanza-la-construccion-de-la-ciudad-de-los-deportes-en-solano-2\\\/#breadcrumb\"},\"inLanguage\":\"es\",\"potentialAction\":[{\"@type\":\"ReadAction\",\"target\":[\"https:\\\/\\\/diarioprincipios.com\\\/index.php\\\/2023\\\/04\\\/23\\\/avanza-la-construccion-de-la-ciudad-de-los-deportes-en-solano-2\\\/\"]}]},{\"@type\":\"ImageObject\",\"inLanguage\":\"es\",\"@id\":\"https:\\\/\\\/diarioprincipios.com\\\/index.php\\\/2023\\\/04\\\/23\\\/avanza-la-construccion-de-la-ciudad-de-los-deportes-en-solano-2\\\/#primaryimage\",\"url\":\"https:\\\/\\\/diarioprincipios.com\\\/wp-content\\\/uploads\\\/2023\\\/04\\\/CONSTRUCCION-DE-LA-CIUDAD-DE-LOS-DEPORTES-EN-SAN-FRANCISCO-SOLANO-3.jpg\",\"contentUrl\":\"https:\\\/\\\/diarioprincipios.com\\\/wp-content\\\/uploads\\\/2023\\\/04\\\/CONSTRUCCION-DE-LA-CIUDAD-DE-LOS-DEPORTES-EN-SAN-FRANCISCO-SOLANO-3.jpg\",\"width\":1280,\"height\":853},{\"@type\":\"BreadcrumbList\",\"@id\":\"https:\\\/\\\/diarioprincipios.com\\\/index.php\\\/2023\\\/04\\\/23\\\/avanza-la-construccion-de-la-ciudad-de-los-deportes-en-solano-2\\\/#breadcrumb\",\"itemListElement\":[{\"@type\":\"ListItem\",\"position\":1,\"name\":\"Portada\",\"item\":\"https:\\\/\\\/diarioprincipios.com\\\/\"},{\"@type\":\"ListItem\",\"position\":2,\"name\":\"Avanza la construcci\u00f3n de la Ciudad de los Deportes en Solano\"}]},{\"@type\":\"WebSite\",\"@id\":\"https:\\\/\\\/diarioprincipios.com\\\/#website\",\"url\":\"https:\\\/\\\/diarioprincipios.com\\\/\",\"name\":\"Principios\",\"description\":\"Principios Diario\",\"publisher\":{\"@id\":\"https:\\\/\\\/diarioprincipios.com\\\/#organization\"},\"potentialAction\":[{\"@type\":\"SearchAction\",\"target\":{\"@type\":\"EntryPoint\",\"urlTemplate\":\"https:\\\/\\\/diarioprincipios.com\\\/?s={search_term_string}\"},\"query-input\":{\"@type\":\"PropertyValueSpecification\",\"valueRequired\":true,\"valueName\":\"search_term_string\"}}],\"inLanguage\":\"es\"},{\"@type\":\"Organization\",\"@id\":\"https:\\\/\\\/diarioprincipios.com\\\/#organization\",\"name\":\"Principios\",\"url\":\"https:\\\/\\\/diarioprincipios.com\\\/\",\"logo\":{\"@type\":\"ImageObject\",\"inLanguage\":\"es\",\"@id\":\"https:\\\/\\\/diarioprincipios.com\\\/#\\\/schema\\\/logo\\\/image\\\/\",\"url\":\"https:\\\/\\\/diarioprincipios.com\\\/wp-content\\\/uploads\\\/2024\\\/04\\\/cropped-www.diarioprincipios.com_-1.png\",\"contentUrl\":\"https:\\\/\\\/diarioprincipios.com\\\/wp-content\\\/uploads\\\/2024\\\/04\\\/cropped-www.diarioprincipios.com_-1.png\",\"width\":5325,\"height\":1454,\"caption\":\"Principios\"},\"image\":{\"@id\":\"https:\\\/\\\/diarioprincipios.com\\\/#\\\/schema\\\/logo\\\/image\\\/\"}},{\"@type\":\"Person\",\"@id\":\"https:\\\/\\\/diarioprincipios.com\\\/#\\\/schema\\\/person\\\/436d5a1fd41a5e250e23ff5a6a7cb080\",\"name\":\"Hern\u00e1n L\u00f3pez\",\"image\":{\"@type\":\"ImageObject\",\"inLanguage\":\"es\",\"@id\":\"https:\\\/\\\/diarioprincipios.com\\\/wp-content\\\/litespeed\\\/avatar\\\/11ddfe5610ff3bd100522525b2571f48.jpg?ver=1777048341\",\"url\":\"https:\\\/\\\/diarioprincipios.com\\\/wp-content\\\/litespeed\\\/avatar\\\/11ddfe5610ff3bd100522525b2571f48.jpg?ver=1777048341\",\"contentUrl\":\"https:\\\/\\\/diarioprincipios.com\\\/wp-content\\\/litespeed\\\/avatar\\\/11ddfe5610ff3bd100522525b2571f48.jpg?ver=1777048341\",\"caption\":\"Hern\u00e1n L\u00f3pez\"},\"url\":\"https:\\\/\\\/diarioprincipios.com\\\/index.php\\\/author\\\/hernan\\\/\"}]}<\/script>\n<!-- \/ Yoast SEO plugin. -->","yoast_head_json":{"title":"Avanza la construcci\u00f3n de la Ciudad de los Deportes en Solano - Principios","robots":{"index":"index","follow":"follow","max-snippet":"max-snippet:-1","max-image-preview":"max-image-preview:large","max-video-preview":"max-video-preview:-1"},"canonical":"https:\/\/diarioprincipios.com\/index.php\/2023\/04\/23\/avanza-la-construccion-de-la-ciudad-de-los-deportes-en-solano-2\/","og_locale":"es_ES","og_type":"article","og_title":"Avanza la construcci\u00f3n de la Ciudad de los Deportes en Solano - Principios","og_description":"El Municipio de Quilmes avanza con la construcci\u00f3n de la Ciudad de los Deportes, que se ubica en el predio delimitado por las calles 854, calle 856 y la avenida Ferrocarril Provincial, en San Francisco Solano. En la actualidad, ya se encuentra ejecutado el hormig\u00f3n de todos los playones deportivos que incluyen una cancha multideporte...","og_url":"https:\/\/diarioprincipios.com\/index.php\/2023\/04\/23\/avanza-la-construccion-de-la-ciudad-de-los-deportes-en-solano-2\/","og_site_name":"Principios","article_published_time":"2023-04-24T00:52:08+00:00","article_modified_time":"2023-04-28T16:03:58+00:00","og_image":[{"width":1280,"height":853,"url":"https:\/\/diarioprincipios.com\/wp-content\/uploads\/2023\/04\/CONSTRUCCION-DE-LA-CIUDAD-DE-LOS-DEPORTES-EN-SAN-FRANCISCO-SOLANO-3.jpg","type":"image\/jpeg"}],"author":"Hern\u00e1n L\u00f3pez","twitter_card":"summary_large_image","twitter_misc":{"Escrito por":"Hern\u00e1n L\u00f3pez","Tiempo de lectura":"2 minutos"},"schema":{"@context":"https:\/\/schema.org","@graph":[{"@type":"Article","@id":"https:\/\/diarioprincipios.com\/index.php\/2023\/04\/23\/avanza-la-construccion-de-la-ciudad-de-los-deportes-en-solano-2\/#article","isPartOf":{"@id":"https:\/\/diarioprincipios.com\/index.php\/2023\/04\/23\/avanza-la-construccion-de-la-ciudad-de-los-deportes-en-solano-2\/"},"author":{"name":"Hern\u00e1n L\u00f3pez","@id":"https:\/\/diarioprincipios.com\/#\/schema\/person\/436d5a1fd41a5e250e23ff5a6a7cb080"},"headline":"Avanza la construcci\u00f3n de la Ciudad de los Deportes en Solano","datePublished":"2023-04-24T00:52:08+00:00","dateModified":"2023-04-28T16:03:58+00:00","mainEntityOfPage":{"@id":"https:\/\/diarioprincipios.com\/index.php\/2023\/04\/23\/avanza-la-construccion-de-la-ciudad-de-los-deportes-en-solano-2\/"},"wordCount":381,"commentCount":0,"publisher":{"@id":"https:\/\/diarioprincipios.com\/#organization"},"image":{"@id":"https:\/\/diarioprincipios.com\/index.php\/2023\/04\/23\/avanza-la-construccion-de-la-ciudad-de-los-deportes-en-solano-2\/#primaryimage"},"thumbnailUrl":"https:\/\/diarioprincipios.com\/wp-content\/uploads\/2023\/04\/CONSTRUCCION-DE-LA-CIUDAD-DE-LOS-DEPORTES-EN-SAN-FRANCISCO-SOLANO-3.jpg","articleSection":["Quilmes"],"inLanguage":"es","potentialAction":[{"@type":"CommentAction","name":"Comment","target":["https:\/\/diarioprincipios.com\/index.php\/2023\/04\/23\/avanza-la-construccion-de-la-ciudad-de-los-deportes-en-solano-2\/#respond"]}]},{"@type":"WebPage","@id":"https:\/\/diarioprincipios.com\/index.php\/2023\/04\/23\/avanza-la-construccion-de-la-ciudad-de-los-deportes-en-solano-2\/","url":"https:\/\/diarioprincipios.com\/index.php\/2023\/04\/23\/avanza-la-construccion-de-la-ciudad-de-los-deportes-en-solano-2\/","name":"Avanza la construcci\u00f3n de la Ciudad de los Deportes en Solano - Principios","isPartOf":{"@id":"https:\/\/diarioprincipios.com\/#website"},"primaryImageOfPage":{"@id":"https:\/\/diarioprincipios.com\/index.php\/2023\/04\/23\/avanza-la-construccion-de-la-ciudad-de-los-deportes-en-solano-2\/#primaryimage"},"image":{"@id":"https:\/\/diarioprincipios.com\/index.php\/2023\/04\/23\/avanza-la-construccion-de-la-ciudad-de-los-deportes-en-solano-2\/#primaryimage"},"thumbnailUrl":"https:\/\/diarioprincipios.com\/wp-content\/uploads\/2023\/04\/CONSTRUCCION-DE-LA-CIUDAD-DE-LOS-DEPORTES-EN-SAN-FRANCISCO-SOLANO-3.jpg","datePublished":"2023-04-24T00:52:08+00:00","dateModified":"2023-04-28T16:03:58+00:00","breadcrumb":{"@id":"https:\/\/diarioprincipios.com\/index.php\/2023\/04\/23\/avanza-la-construccion-de-la-ciudad-de-los-deportes-en-solano-2\/#breadcrumb"},"inLanguage":"es","potentialAction":[{"@type":"ReadAction","target":["https:\/\/diarioprincipios.com\/index.php\/2023\/04\/23\/avanza-la-construccion-de-la-ciudad-de-los-deportes-en-solano-2\/"]}]},{"@type":"ImageObject","inLanguage":"es","@id":"https:\/\/diarioprincipios.com\/index.php\/2023\/04\/23\/avanza-la-construccion-de-la-ciudad-de-los-deportes-en-solano-2\/#primaryimage","url":"https:\/\/diarioprincipios.com\/wp-content\/uploads\/2023\/04\/CONSTRUCCION-DE-LA-CIUDAD-DE-LOS-DEPORTES-EN-SAN-FRANCISCO-SOLANO-3.jpg","contentUrl":"https:\/\/diarioprincipios.com\/wp-content\/uploads\/2023\/04\/CONSTRUCCION-DE-LA-CIUDAD-DE-LOS-DEPORTES-EN-SAN-FRANCISCO-SOLANO-3.jpg","width":1280,"height":853},{"@type":"BreadcrumbList","@id":"https:\/\/diarioprincipios.com\/index.php\/2023\/04\/23\/avanza-la-construccion-de-la-ciudad-de-los-deportes-en-solano-2\/#breadcrumb","itemListElement":[{"@type":"ListItem","position":1,"name":"Portada","item":"https:\/\/diarioprincipios.com\/"},{"@type":"ListItem","position":2,"name":"Avanza la construcci\u00f3n de la Ciudad de los Deportes en Solano"}]},{"@type":"WebSite","@id":"https:\/\/diarioprincipios.com\/#website","url":"https:\/\/diarioprincipios.com\/","name":"Principios","description":"Principios Diario","publisher":{"@id":"https:\/\/diarioprincipios.com\/#organization"},"potentialAction":[{"@type":"SearchAction","target":{"@type":"EntryPoint","urlTemplate":"https:\/\/diarioprincipios.com\/?s={search_term_string}"},"query-input":{"@type":"PropertyValueSpecification","valueRequired":true,"valueName":"search_term_string"}}],"inLanguage":"es"},{"@type":"Organization","@id":"https:\/\/diarioprincipios.com\/#organization","name":"Principios","url":"https:\/\/diarioprincipios.com\/","logo":{"@type":"ImageObject","inLanguage":"es","@id":"https:\/\/diarioprincipios.com\/#\/schema\/logo\/image\/","url":"https:\/\/diarioprincipios.com\/wp-content\/uploads\/2024\/04\/cropped-www.diarioprincipios.com_-1.png","contentUrl":"https:\/\/diarioprincipios.com\/wp-content\/uploads\/2024\/04\/cropped-www.diarioprincipios.com_-1.png","width":5325,"height":1454,"caption":"Principios"},"image":{"@id":"https:\/\/diarioprincipios.com\/#\/schema\/logo\/image\/"}},{"@type":"Person","@id":"https:\/\/diarioprincipios.com\/#\/schema\/person\/436d5a1fd41a5e250e23ff5a6a7cb080","name":"Hern\u00e1n L\u00f3pez","image":{"@type":"ImageObject","inLanguage":"es","@id":"https:\/\/diarioprincipios.com\/wp-content\/litespeed\/avatar\/11ddfe5610ff3bd100522525b2571f48.jpg?ver=1777048341","url":"https:\/\/diarioprincipios.com\/wp-content\/litespeed\/avatar\/11ddfe5610ff3bd100522525b2571f48.jpg?ver=1777048341","contentUrl":"https:\/\/diarioprincipios.com\/wp-content\/litespeed\/avatar\/11ddfe5610ff3bd100522525b2571f48.jpg?ver=1777048341","caption":"Hern\u00e1n L\u00f3pez"},"url":"https:\/\/diarioprincipios.com\/index.php\/author\/hernan\/"}]}},"jetpack_featured_media_url":"https:\/\/diarioprincipios.com\/wp-content\/uploads\/2023\/04\/CONSTRUCCION-DE-LA-CIUDAD-DE-LOS-DEPORTES-EN-SAN-FRANCISCO-SOLANO-3.jpg","_links":{"self":[{"href":"https:\/\/diarioprincipios.com\/index.php\/wp-json\/wp\/v2\/posts\/16700","targetHints":{"allow":["GET"]}}],"collection":[{"href":"https:\/\/diarioprincipios.com\/index.php\/wp-json\/wp\/v2\/posts"}],"about":[{"href":"https:\/\/diarioprincipios.com\/index.php\/wp-json\/wp\/v2\/types\/post"}],"author":[{"embeddable":true,"href":"https:\/\/diarioprincipios.com\/index.php\/wp-json\/wp\/v2\/users\/2"}],"replies":[{"embeddable":true,"href":"https:\/\/diarioprincipios.com\/index.php\/wp-json\/wp\/v2\/comments?post=16700"}],"version-history":[{"count":1,"href":"https:\/\/diarioprincipios.com\/index.php\/wp-json\/wp\/v2\/posts\/16700\/revisions"}],"predecessor-version":[{"id":16703,"href":"https:\/\/diarioprincipios.com\/index.php\/wp-json\/wp\/v2\/posts\/16700\/revisions\/16703"}],"wp:featuredmedia":[{"embeddable":true,"href":"https:\/\/diarioprincipios.com\/index.php\/wp-json\/wp\/v2\/media\/16702"}],"wp:attachment":[{"href":"https:\/\/diarioprincipios.com\/index.php\/wp-json\/wp\/v2\/media?parent=16700"}],"wp:term":[{"taxonomy":"category","embeddable":true,"href":"https:\/\/diarioprincipios.com\/index.php\/wp-json\/wp\/v2\/categories?post=16700"},{"taxonomy":"post_tag","embeddable":true,"href":"https:\/\/diarioprincipios.com\/index.php\/wp-json\/wp\/v2\/tags?post=16700"}],"curies":[{"name":"wp","href":"https:\/\/api.w.org\/{rel}","templated":true}]}}