{"id":16693,"date":"2023-04-23T21:33:13","date_gmt":"2023-04-24T00:33:13","guid":{"rendered":"http:\/\/diarioprincipios.com\/?p=16693"},"modified":"2023-04-28T13:13:46","modified_gmt":"2023-04-28T16:13:46","slug":"con-un-emotivo-desfile-los-bomberos-de-echenagucia-celebraron-su-centenario","status":"publish","type":"post","link":"https:\/\/diarioprincipios.com\/index.php\/2023\/04\/23\/con-un-emotivo-desfile-los-bomberos-de-echenagucia-celebraron-su-centenario\/","title":{"rendered":"Con un emotivo desfile, los bomberos de Echenaguc\u00eda celebraron su centenario"},"content":{"rendered":"\n<p>Decenas de destacamentos de la Provincia y de la ciudad de Buenos Aires, instituciones y gran cantidad de vecinos se acercaron a acompa\u00f1ar el festejo.<\/p>\n\n\n\n<p>Con la presencia del intendente municipal Jorge Ferraresi y una enorme concurrencia, se llev\u00f3 a cabo\u00a0en el cruce de Lacarra y De la Serna, de Gerli, el desfile por la celebraci\u00f3n del cent\u00e9simo aniversario de la fundaci\u00f3n del Cuartel de Bomberos Voluntarios de Echenaguc\u00eda.<\/p>\n\n\n\n<figure class=\"wp-block-image size-large\"><img loading=\"lazy\" decoding=\"async\" width=\"1024\" height=\"680\" src=\"https:\/\/diarioprincipios.com\/wp-content\/uploads\/2023\/04\/Screenshot_20230423-213150_Yahoo-Mail-1024x680.jpg\" alt=\"\" class=\"wp-image-16694\" srcset=\"https:\/\/diarioprincipios.com\/wp-content\/uploads\/2023\/04\/Screenshot_20230423-213150_Yahoo-Mail-1024x680.jpg 1024w, https:\/\/diarioprincipios.com\/wp-content\/uploads\/2023\/04\/Screenshot_20230423-213150_Yahoo-Mail-300x199.jpg 300w, https:\/\/diarioprincipios.com\/wp-content\/uploads\/2023\/04\/Screenshot_20230423-213150_Yahoo-Mail-768x510.jpg 768w, https:\/\/diarioprincipios.com\/wp-content\/uploads\/2023\/04\/Screenshot_20230423-213150_Yahoo-Mail.jpg 1080w\" sizes=\"auto, (max-width: 1024px) 100vw, 1024px\" \/><\/figure>\n\n\n\n<p>En los discursos se record\u00f3 a los oficiales ca\u00eddos y se destac\u00f3 la valent\u00eda y solidaridad de los bomberos para con su comunidad.<\/p>\n\n\n\n<p>Estuvieron presentes tambi\u00e9n la jefa de Gabinete, Magdalena Sierra, autoridades del Consejo de Federaciones de Bomberos Voluntarios de la Argentina, de la Federaci\u00f3n de Bomberos de la Provincia de Buenos Aires, gran cantidad de funcionarixs locales, vecinos, vecinas, instituciones y la banda del Regimiento de Infanter\u00eda 1 de Patricios.&#8211;<\/p>\n","protected":false},"excerpt":{"rendered":"<p>Decenas de destacamentos de la Provincia y de la ciudad de Buenos Aires, instituciones y gran cantidad de vecinos se acercaron a acompa\u00f1ar el festejo. Con la presencia del intendente municipal Jorge Ferraresi y una enorme concurrencia, se llev\u00f3 a cabo\u00a0en el cruce de Lacarra y De la Serna, de Gerli, el desfile por la&#8230;<\/p>\n","protected":false},"author":2,"featured_media":16695,"comment_status":"open","ping_status":"open","sticky":false,"template":"","format":"standard","meta":{"footnotes":""},"categories":[5],"tags":[],"class_list":["post-16693","post","type-post","status-publish","format-standard","has-post-thumbnail","hentry","category-avellaneda"],"featured_image_src":"https:\/\/diarioprincipios.com\/wp-content\/uploads\/2023\/04\/Screenshot_20230423-213150_Yahoo-Mail-1-1024x680.jpg","blog_images":{"medium":"https:\/\/diarioprincipios.com\/wp-content\/uploads\/2023\/04\/Screenshot_20230423-213150_Yahoo-Mail-1-300x199.jpg","large":"https:\/\/diarioprincipios.com\/wp-content\/uploads\/2023\/04\/Screenshot_20230423-213150_Yahoo-Mail-1-1024x680.jpg"},"ams_acf":[],"yoast_head":"<!-- This site is optimized with the Yoast SEO plugin v27.3 - https:\/\/yoast.com\/product\/yoast-seo-wordpress\/ -->\n<title>Con un emotivo desfile, los bomberos de Echenaguc\u00eda celebraron su centenario - Principios<\/title>\n<meta name=\"robots\" content=\"index, follow, max-snippet:-1, max-image-preview:large, max-video-preview:-1\" \/>\n<link rel=\"canonical\" href=\"https:\/\/diarioprincipios.com\/index.php\/2023\/04\/23\/con-un-emotivo-desfile-los-bomberos-de-echenagucia-celebraron-su-centenario\/\" \/>\n<meta property=\"og:locale\" content=\"es_ES\" \/>\n<meta property=\"og:type\" content=\"article\" \/>\n<meta property=\"og:title\" content=\"Con un emotivo desfile, los bomberos de Echenaguc\u00eda celebraron su centenario - Principios\" \/>\n<meta property=\"og:description\" content=\"Decenas de destacamentos de la Provincia y de la ciudad de Buenos Aires, instituciones y gran cantidad de vecinos se acercaron a acompa\u00f1ar el festejo. Con la presencia del intendente municipal Jorge Ferraresi y una enorme concurrencia, se llev\u00f3 a cabo\u00a0en el cruce de Lacarra y De la Serna, de Gerli, el desfile por la...\" \/>\n<meta property=\"og:url\" content=\"https:\/\/diarioprincipios.com\/index.php\/2023\/04\/23\/con-un-emotivo-desfile-los-bomberos-de-echenagucia-celebraron-su-centenario\/\" \/>\n<meta property=\"og:site_name\" content=\"Principios\" \/>\n<meta property=\"article:published_time\" content=\"2023-04-24T00:33:13+00:00\" \/>\n<meta property=\"article:modified_time\" content=\"2023-04-28T16:13:46+00:00\" \/>\n<meta property=\"og:image\" content=\"https:\/\/diarioprincipios.com\/wp-content\/uploads\/2023\/04\/Screenshot_20230423-213150_Yahoo-Mail-1.jpg\" \/>\n\t<meta property=\"og:image:width\" content=\"1080\" \/>\n\t<meta property=\"og:image:height\" content=\"717\" \/>\n\t<meta property=\"og:image:type\" content=\"image\/jpeg\" \/>\n<meta name=\"author\" content=\"Hern\u00e1n L\u00f3pez\" \/>\n<meta name=\"twitter:card\" content=\"summary_large_image\" \/>\n<meta name=\"twitter:label1\" content=\"Escrito por\" \/>\n\t<meta name=\"twitter:data1\" content=\"Hern\u00e1n L\u00f3pez\" \/>\n\t<meta name=\"twitter:label2\" content=\"Tiempo de lectura\" \/>\n\t<meta name=\"twitter:data2\" content=\"1 minuto\" \/>\n<script type=\"application\/ld+json\" class=\"yoast-schema-graph\">{\"@context\":\"https:\\\/\\\/schema.org\",\"@graph\":[{\"@type\":\"Article\",\"@id\":\"https:\\\/\\\/diarioprincipios.com\\\/index.php\\\/2023\\\/04\\\/23\\\/con-un-emotivo-desfile-los-bomberos-de-echenagucia-celebraron-su-centenario\\\/#article\",\"isPartOf\":{\"@id\":\"https:\\\/\\\/diarioprincipios.com\\\/index.php\\\/2023\\\/04\\\/23\\\/con-un-emotivo-desfile-los-bomberos-de-echenagucia-celebraron-su-centenario\\\/\"},\"author\":{\"name\":\"Hern\u00e1n L\u00f3pez\",\"@id\":\"https:\\\/\\\/diarioprincipios.com\\\/#\\\/schema\\\/person\\\/436d5a1fd41a5e250e23ff5a6a7cb080\"},\"headline\":\"Con un emotivo desfile, los bomberos de Echenaguc\u00eda celebraron su centenario\",\"datePublished\":\"2023-04-24T00:33:13+00:00\",\"dateModified\":\"2023-04-28T16:13:46+00:00\",\"mainEntityOfPage\":{\"@id\":\"https:\\\/\\\/diarioprincipios.com\\\/index.php\\\/2023\\\/04\\\/23\\\/con-un-emotivo-desfile-los-bomberos-de-echenagucia-celebraron-su-centenario\\\/\"},\"wordCount\":164,\"commentCount\":0,\"publisher\":{\"@id\":\"https:\\\/\\\/diarioprincipios.com\\\/#organization\"},\"image\":{\"@id\":\"https:\\\/\\\/diarioprincipios.com\\\/index.php\\\/2023\\\/04\\\/23\\\/con-un-emotivo-desfile-los-bomberos-de-echenagucia-celebraron-su-centenario\\\/#primaryimage\"},\"thumbnailUrl\":\"https:\\\/\\\/diarioprincipios.com\\\/wp-content\\\/uploads\\\/2023\\\/04\\\/Screenshot_20230423-213150_Yahoo-Mail-1.jpg\",\"articleSection\":[\"Avellaneda\"],\"inLanguage\":\"es\",\"potentialAction\":[{\"@type\":\"CommentAction\",\"name\":\"Comment\",\"target\":[\"https:\\\/\\\/diarioprincipios.com\\\/index.php\\\/2023\\\/04\\\/23\\\/con-un-emotivo-desfile-los-bomberos-de-echenagucia-celebraron-su-centenario\\\/#respond\"]}]},{\"@type\":\"WebPage\",\"@id\":\"https:\\\/\\\/diarioprincipios.com\\\/index.php\\\/2023\\\/04\\\/23\\\/con-un-emotivo-desfile-los-bomberos-de-echenagucia-celebraron-su-centenario\\\/\",\"url\":\"https:\\\/\\\/diarioprincipios.com\\\/index.php\\\/2023\\\/04\\\/23\\\/con-un-emotivo-desfile-los-bomberos-de-echenagucia-celebraron-su-centenario\\\/\",\"name\":\"Con un emotivo desfile, los bomberos de Echenaguc\u00eda celebraron su centenario - Principios\",\"isPartOf\":{\"@id\":\"https:\\\/\\\/diarioprincipios.com\\\/#website\"},\"primaryImageOfPage\":{\"@id\":\"https:\\\/\\\/diarioprincipios.com\\\/index.php\\\/2023\\\/04\\\/23\\\/con-un-emotivo-desfile-los-bomberos-de-echenagucia-celebraron-su-centenario\\\/#primaryimage\"},\"image\":{\"@id\":\"https:\\\/\\\/diarioprincipios.com\\\/index.php\\\/2023\\\/04\\\/23\\\/con-un-emotivo-desfile-los-bomberos-de-echenagucia-celebraron-su-centenario\\\/#primaryimage\"},\"thumbnailUrl\":\"https:\\\/\\\/diarioprincipios.com\\\/wp-content\\\/uploads\\\/2023\\\/04\\\/Screenshot_20230423-213150_Yahoo-Mail-1.jpg\",\"datePublished\":\"2023-04-24T00:33:13+00:00\",\"dateModified\":\"2023-04-28T16:13:46+00:00\",\"breadcrumb\":{\"@id\":\"https:\\\/\\\/diarioprincipios.com\\\/index.php\\\/2023\\\/04\\\/23\\\/con-un-emotivo-desfile-los-bomberos-de-echenagucia-celebraron-su-centenario\\\/#breadcrumb\"},\"inLanguage\":\"es\",\"potentialAction\":[{\"@type\":\"ReadAction\",\"target\":[\"https:\\\/\\\/diarioprincipios.com\\\/index.php\\\/2023\\\/04\\\/23\\\/con-un-emotivo-desfile-los-bomberos-de-echenagucia-celebraron-su-centenario\\\/\"]}]},{\"@type\":\"ImageObject\",\"inLanguage\":\"es\",\"@id\":\"https:\\\/\\\/diarioprincipios.com\\\/index.php\\\/2023\\\/04\\\/23\\\/con-un-emotivo-desfile-los-bomberos-de-echenagucia-celebraron-su-centenario\\\/#primaryimage\",\"url\":\"https:\\\/\\\/diarioprincipios.com\\\/wp-content\\\/uploads\\\/2023\\\/04\\\/Screenshot_20230423-213150_Yahoo-Mail-1.jpg\",\"contentUrl\":\"https:\\\/\\\/diarioprincipios.com\\\/wp-content\\\/uploads\\\/2023\\\/04\\\/Screenshot_20230423-213150_Yahoo-Mail-1.jpg\",\"width\":1080,\"height\":717},{\"@type\":\"BreadcrumbList\",\"@id\":\"https:\\\/\\\/diarioprincipios.com\\\/index.php\\\/2023\\\/04\\\/23\\\/con-un-emotivo-desfile-los-bomberos-de-echenagucia-celebraron-su-centenario\\\/#breadcrumb\",\"itemListElement\":[{\"@type\":\"ListItem\",\"position\":1,\"name\":\"Portada\",\"item\":\"https:\\\/\\\/diarioprincipios.com\\\/\"},{\"@type\":\"ListItem\",\"position\":2,\"name\":\"Con un emotivo desfile, los bomberos de Echenaguc\u00eda celebraron su centenario\"}]},{\"@type\":\"WebSite\",\"@id\":\"https:\\\/\\\/diarioprincipios.com\\\/#website\",\"url\":\"https:\\\/\\\/diarioprincipios.com\\\/\",\"name\":\"Principios\",\"description\":\"Principios Diario\",\"publisher\":{\"@id\":\"https:\\\/\\\/diarioprincipios.com\\\/#organization\"},\"potentialAction\":[{\"@type\":\"SearchAction\",\"target\":{\"@type\":\"EntryPoint\",\"urlTemplate\":\"https:\\\/\\\/diarioprincipios.com\\\/?s={search_term_string}\"},\"query-input\":{\"@type\":\"PropertyValueSpecification\",\"valueRequired\":true,\"valueName\":\"search_term_string\"}}],\"inLanguage\":\"es\"},{\"@type\":\"Organization\",\"@id\":\"https:\\\/\\\/diarioprincipios.com\\\/#organization\",\"name\":\"Principios\",\"url\":\"https:\\\/\\\/diarioprincipios.com\\\/\",\"logo\":{\"@type\":\"ImageObject\",\"inLanguage\":\"es\",\"@id\":\"https:\\\/\\\/diarioprincipios.com\\\/#\\\/schema\\\/logo\\\/image\\\/\",\"url\":\"https:\\\/\\\/diarioprincipios.com\\\/wp-content\\\/uploads\\\/2024\\\/04\\\/cropped-www.diarioprincipios.com_-1.png\",\"contentUrl\":\"https:\\\/\\\/diarioprincipios.com\\\/wp-content\\\/uploads\\\/2024\\\/04\\\/cropped-www.diarioprincipios.com_-1.png\",\"width\":5325,\"height\":1454,\"caption\":\"Principios\"},\"image\":{\"@id\":\"https:\\\/\\\/diarioprincipios.com\\\/#\\\/schema\\\/logo\\\/image\\\/\"}},{\"@type\":\"Person\",\"@id\":\"https:\\\/\\\/diarioprincipios.com\\\/#\\\/schema\\\/person\\\/436d5a1fd41a5e250e23ff5a6a7cb080\",\"name\":\"Hern\u00e1n L\u00f3pez\",\"image\":{\"@type\":\"ImageObject\",\"inLanguage\":\"es\",\"@id\":\"https:\\\/\\\/diarioprincipios.com\\\/wp-content\\\/litespeed\\\/avatar\\\/11ddfe5610ff3bd100522525b2571f48.jpg?ver=1777048341\",\"url\":\"https:\\\/\\\/diarioprincipios.com\\\/wp-content\\\/litespeed\\\/avatar\\\/11ddfe5610ff3bd100522525b2571f48.jpg?ver=1777048341\",\"contentUrl\":\"https:\\\/\\\/diarioprincipios.com\\\/wp-content\\\/litespeed\\\/avatar\\\/11ddfe5610ff3bd100522525b2571f48.jpg?ver=1777048341\",\"caption\":\"Hern\u00e1n L\u00f3pez\"},\"url\":\"https:\\\/\\\/diarioprincipios.com\\\/index.php\\\/author\\\/hernan\\\/\"}]}<\/script>\n<!-- \/ Yoast SEO plugin. -->","yoast_head_json":{"title":"Con un emotivo desfile, los bomberos de Echenaguc\u00eda celebraron su centenario - Principios","robots":{"index":"index","follow":"follow","max-snippet":"max-snippet:-1","max-image-preview":"max-image-preview:large","max-video-preview":"max-video-preview:-1"},"canonical":"https:\/\/diarioprincipios.com\/index.php\/2023\/04\/23\/con-un-emotivo-desfile-los-bomberos-de-echenagucia-celebraron-su-centenario\/","og_locale":"es_ES","og_type":"article","og_title":"Con un emotivo desfile, los bomberos de Echenaguc\u00eda celebraron su centenario - Principios","og_description":"Decenas de destacamentos de la Provincia y de la ciudad de Buenos Aires, instituciones y gran cantidad de vecinos se acercaron a acompa\u00f1ar el festejo. Con la presencia del intendente municipal Jorge Ferraresi y una enorme concurrencia, se llev\u00f3 a cabo\u00a0en el cruce de Lacarra y De la Serna, de Gerli, el desfile por la...","og_url":"https:\/\/diarioprincipios.com\/index.php\/2023\/04\/23\/con-un-emotivo-desfile-los-bomberos-de-echenagucia-celebraron-su-centenario\/","og_site_name":"Principios","article_published_time":"2023-04-24T00:33:13+00:00","article_modified_time":"2023-04-28T16:13:46+00:00","og_image":[{"width":1080,"height":717,"url":"https:\/\/diarioprincipios.com\/wp-content\/uploads\/2023\/04\/Screenshot_20230423-213150_Yahoo-Mail-1.jpg","type":"image\/jpeg"}],"author":"Hern\u00e1n L\u00f3pez","twitter_card":"summary_large_image","twitter_misc":{"Escrito por":"Hern\u00e1n L\u00f3pez","Tiempo de lectura":"1 minuto"},"schema":{"@context":"https:\/\/schema.org","@graph":[{"@type":"Article","@id":"https:\/\/diarioprincipios.com\/index.php\/2023\/04\/23\/con-un-emotivo-desfile-los-bomberos-de-echenagucia-celebraron-su-centenario\/#article","isPartOf":{"@id":"https:\/\/diarioprincipios.com\/index.php\/2023\/04\/23\/con-un-emotivo-desfile-los-bomberos-de-echenagucia-celebraron-su-centenario\/"},"author":{"name":"Hern\u00e1n L\u00f3pez","@id":"https:\/\/diarioprincipios.com\/#\/schema\/person\/436d5a1fd41a5e250e23ff5a6a7cb080"},"headline":"Con un emotivo desfile, los bomberos de Echenaguc\u00eda celebraron su centenario","datePublished":"2023-04-24T00:33:13+00:00","dateModified":"2023-04-28T16:13:46+00:00","mainEntityOfPage":{"@id":"https:\/\/diarioprincipios.com\/index.php\/2023\/04\/23\/con-un-emotivo-desfile-los-bomberos-de-echenagucia-celebraron-su-centenario\/"},"wordCount":164,"commentCount":0,"publisher":{"@id":"https:\/\/diarioprincipios.com\/#organization"},"image":{"@id":"https:\/\/diarioprincipios.com\/index.php\/2023\/04\/23\/con-un-emotivo-desfile-los-bomberos-de-echenagucia-celebraron-su-centenario\/#primaryimage"},"thumbnailUrl":"https:\/\/diarioprincipios.com\/wp-content\/uploads\/2023\/04\/Screenshot_20230423-213150_Yahoo-Mail-1.jpg","articleSection":["Avellaneda"],"inLanguage":"es","potentialAction":[{"@type":"CommentAction","name":"Comment","target":["https:\/\/diarioprincipios.com\/index.php\/2023\/04\/23\/con-un-emotivo-desfile-los-bomberos-de-echenagucia-celebraron-su-centenario\/#respond"]}]},{"@type":"WebPage","@id":"https:\/\/diarioprincipios.com\/index.php\/2023\/04\/23\/con-un-emotivo-desfile-los-bomberos-de-echenagucia-celebraron-su-centenario\/","url":"https:\/\/diarioprincipios.com\/index.php\/2023\/04\/23\/con-un-emotivo-desfile-los-bomberos-de-echenagucia-celebraron-su-centenario\/","name":"Con un emotivo desfile, los bomberos de Echenaguc\u00eda celebraron su centenario - Principios","isPartOf":{"@id":"https:\/\/diarioprincipios.com\/#website"},"primaryImageOfPage":{"@id":"https:\/\/diarioprincipios.com\/index.php\/2023\/04\/23\/con-un-emotivo-desfile-los-bomberos-de-echenagucia-celebraron-su-centenario\/#primaryimage"},"image":{"@id":"https:\/\/diarioprincipios.com\/index.php\/2023\/04\/23\/con-un-emotivo-desfile-los-bomberos-de-echenagucia-celebraron-su-centenario\/#primaryimage"},"thumbnailUrl":"https:\/\/diarioprincipios.com\/wp-content\/uploads\/2023\/04\/Screenshot_20230423-213150_Yahoo-Mail-1.jpg","datePublished":"2023-04-24T00:33:13+00:00","dateModified":"2023-04-28T16:13:46+00:00","breadcrumb":{"@id":"https:\/\/diarioprincipios.com\/index.php\/2023\/04\/23\/con-un-emotivo-desfile-los-bomberos-de-echenagucia-celebraron-su-centenario\/#breadcrumb"},"inLanguage":"es","potentialAction":[{"@type":"ReadAction","target":["https:\/\/diarioprincipios.com\/index.php\/2023\/04\/23\/con-un-emotivo-desfile-los-bomberos-de-echenagucia-celebraron-su-centenario\/"]}]},{"@type":"ImageObject","inLanguage":"es","@id":"https:\/\/diarioprincipios.com\/index.php\/2023\/04\/23\/con-un-emotivo-desfile-los-bomberos-de-echenagucia-celebraron-su-centenario\/#primaryimage","url":"https:\/\/diarioprincipios.com\/wp-content\/uploads\/2023\/04\/Screenshot_20230423-213150_Yahoo-Mail-1.jpg","contentUrl":"https:\/\/diarioprincipios.com\/wp-content\/uploads\/2023\/04\/Screenshot_20230423-213150_Yahoo-Mail-1.jpg","width":1080,"height":717},{"@type":"BreadcrumbList","@id":"https:\/\/diarioprincipios.com\/index.php\/2023\/04\/23\/con-un-emotivo-desfile-los-bomberos-de-echenagucia-celebraron-su-centenario\/#breadcrumb","itemListElement":[{"@type":"ListItem","position":1,"name":"Portada","item":"https:\/\/diarioprincipios.com\/"},{"@type":"ListItem","position":2,"name":"Con un emotivo desfile, los bomberos de Echenaguc\u00eda celebraron su centenario"}]},{"@type":"WebSite","@id":"https:\/\/diarioprincipios.com\/#website","url":"https:\/\/diarioprincipios.com\/","name":"Principios","description":"Principios Diario","publisher":{"@id":"https:\/\/diarioprincipios.com\/#organization"},"potentialAction":[{"@type":"SearchAction","target":{"@type":"EntryPoint","urlTemplate":"https:\/\/diarioprincipios.com\/?s={search_term_string}"},"query-input":{"@type":"PropertyValueSpecification","valueRequired":true,"valueName":"search_term_string"}}],"inLanguage":"es"},{"@type":"Organization","@id":"https:\/\/diarioprincipios.com\/#organization","name":"Principios","url":"https:\/\/diarioprincipios.com\/","logo":{"@type":"ImageObject","inLanguage":"es","@id":"https:\/\/diarioprincipios.com\/#\/schema\/logo\/image\/","url":"https:\/\/diarioprincipios.com\/wp-content\/uploads\/2024\/04\/cropped-www.diarioprincipios.com_-1.png","contentUrl":"https:\/\/diarioprincipios.com\/wp-content\/uploads\/2024\/04\/cropped-www.diarioprincipios.com_-1.png","width":5325,"height":1454,"caption":"Principios"},"image":{"@id":"https:\/\/diarioprincipios.com\/#\/schema\/logo\/image\/"}},{"@type":"Person","@id":"https:\/\/diarioprincipios.com\/#\/schema\/person\/436d5a1fd41a5e250e23ff5a6a7cb080","name":"Hern\u00e1n L\u00f3pez","image":{"@type":"ImageObject","inLanguage":"es","@id":"https:\/\/diarioprincipios.com\/wp-content\/litespeed\/avatar\/11ddfe5610ff3bd100522525b2571f48.jpg?ver=1777048341","url":"https:\/\/diarioprincipios.com\/wp-content\/litespeed\/avatar\/11ddfe5610ff3bd100522525b2571f48.jpg?ver=1777048341","contentUrl":"https:\/\/diarioprincipios.com\/wp-content\/litespeed\/avatar\/11ddfe5610ff3bd100522525b2571f48.jpg?ver=1777048341","caption":"Hern\u00e1n L\u00f3pez"},"url":"https:\/\/diarioprincipios.com\/index.php\/author\/hernan\/"}]}},"jetpack_featured_media_url":"https:\/\/diarioprincipios.com\/wp-content\/uploads\/2023\/04\/Screenshot_20230423-213150_Yahoo-Mail-1.jpg","_links":{"self":[{"href":"https:\/\/diarioprincipios.com\/index.php\/wp-json\/wp\/v2\/posts\/16693","targetHints":{"allow":["GET"]}}],"collection":[{"href":"https:\/\/diarioprincipios.com\/index.php\/wp-json\/wp\/v2\/posts"}],"about":[{"href":"https:\/\/diarioprincipios.com\/index.php\/wp-json\/wp\/v2\/types\/post"}],"author":[{"embeddable":true,"href":"https:\/\/diarioprincipios.com\/index.php\/wp-json\/wp\/v2\/users\/2"}],"replies":[{"embeddable":true,"href":"https:\/\/diarioprincipios.com\/index.php\/wp-json\/wp\/v2\/comments?post=16693"}],"version-history":[{"count":1,"href":"https:\/\/diarioprincipios.com\/index.php\/wp-json\/wp\/v2\/posts\/16693\/revisions"}],"predecessor-version":[{"id":16696,"href":"https:\/\/diarioprincipios.com\/index.php\/wp-json\/wp\/v2\/posts\/16693\/revisions\/16696"}],"wp:featuredmedia":[{"embeddable":true,"href":"https:\/\/diarioprincipios.com\/index.php\/wp-json\/wp\/v2\/media\/16695"}],"wp:attachment":[{"href":"https:\/\/diarioprincipios.com\/index.php\/wp-json\/wp\/v2\/media?parent=16693"}],"wp:term":[{"taxonomy":"category","embeddable":true,"href":"https:\/\/diarioprincipios.com\/index.php\/wp-json\/wp\/v2\/categories?post=16693"},{"taxonomy":"post_tag","embeddable":true,"href":"https:\/\/diarioprincipios.com\/index.php\/wp-json\/wp\/v2\/tags?post=16693"}],"curies":[{"name":"wp","href":"https:\/\/api.w.org\/{rel}","templated":true}]}}