{"id":16683,"date":"2023-04-21T13:33:29","date_gmt":"2023-04-21T16:33:29","guid":{"rendered":"http:\/\/diarioprincipios.com\/?p=16683"},"modified":"2023-04-28T13:03:36","modified_gmt":"2023-04-28T16:03:36","slug":"el-stmb-acordo-recomposicion-salarial-para-los-trabajadores","status":"publish","type":"post","link":"https:\/\/diarioprincipios.com\/index.php\/2023\/04\/21\/el-stmb-acordo-recomposicion-salarial-para-los-trabajadores\/","title":{"rendered":"El STMB acord\u00f3 recomposici\u00f3n salarial para los Trabajadores Municipales"},"content":{"rendered":"\n<p>El Sindicato de Trabajadores Municipales de Berazategui inform\u00f3 a sus afiliados y p\u00fablico en general que \u00aben la ma\u00f1ana del d\u00eda de la fecha se lleg\u00f3 a un entendimiento con el departamento ejecutivo municipal para la recomposici\u00f3n del salario de todos los trabajadores municipales del distrito en la primera parte del a\u00f1o\u00bb.<\/p>\n\n\n\n<p>El Secretario General de la entidad, Gabriel Carril Campusano, rubric\u00f3 a primera hora de la ma\u00f1ana junto al Intendente Municipal, Dr. Juan Jos\u00e9 Mussi, el acta acuerdo que establece una recomposici\u00f3n salarial para todo el personal municipal del 45,6% sobre los sueldos b\u00e1sicos al 31 de julio del 2023.<\/p>\n\n\n\n<p>La misma se instrumentar\u00e1 de la siguiente manera: 6% correspondientes al mes de febrero y 6% a marzo que ya fueron otorgados y percibidos con los haberes del mes de marzo; 10% pagaderos con los haberes del mes de abril; 10% con los haberes del mes de mayo; y el \u00faltimo 10% junto a los haberes del mes de julio. Todos los incrementos ser\u00e1n calculados sobre los haberes de marzo.<\/p>\n\n\n\n<p>Lo establecido por el documento firmado en las instalaciones del palacio municipal dispone que, en el caso de que la inflaci\u00f3n del a\u00f1o supere la previsi\u00f3n establecida en el presupuesto nacional (60%), la diferencia porcentual ser\u00e1 \u00edntegramente reconocida como recomposici\u00f3n salarial m\u00e1s un 1% sobre dicho guarismo.<\/p>\n\n\n\n<p>Adem\u00e1s, cabe destacar que los incrementos se incorporan al sueldo b\u00e1sico en todas las escalas y cargas horarias, y tambi\u00e9n alcanzan a las compa\u00f1eras y compa\u00f1eros jubilados. Asimismo, el gremio y la comuna acordaron respetar los valores de las asignaciones familiares establecidos por el Estado Nacional.<\/p>\n\n\n\n<figure class=\"wp-block-image size-large is-resized\"><img loading=\"lazy\" decoding=\"async\" src=\"https:\/\/diarioprincipios.com\/wp-content\/uploads\/2023\/04\/acta-576x1024.png\" alt=\"\" class=\"wp-image-16684\" width=\"393\" height=\"699\" srcset=\"https:\/\/diarioprincipios.com\/wp-content\/uploads\/2023\/04\/acta-576x1024.png 576w, https:\/\/diarioprincipios.com\/wp-content\/uploads\/2023\/04\/acta-169x300.png 169w, https:\/\/diarioprincipios.com\/wp-content\/uploads\/2023\/04\/acta-768x1366.png 768w, https:\/\/diarioprincipios.com\/wp-content\/uploads\/2023\/04\/acta-864x1536.png 864w, https:\/\/diarioprincipios.com\/wp-content\/uploads\/2023\/04\/acta.png 899w\" sizes=\"auto, (max-width: 393px) 100vw, 393px\" \/><\/figure>\n\n\n\n<p>Por \u00faltimo, ambas partes asumieron el compromiso de trabajar en la modificaci\u00f3n del presentismo, y efectivizar el pase a planta permanente de 300 trabajadores municipales m\u00e1s para el segundo semestre; y volver\u00e1n a reunirse nuevamente durante el mes de agosto a los fines de analizar la evoluci\u00f3n de la inflaci\u00f3n del a\u00f1o en curso.<\/p>\n\n\n\n<p>Gabriel Carril Campusano, Secretario General del STMB, expres\u00f3:&nbsp;<em><strong>\u201cEl acuerdo al que hemos llegado es sumamente positivo en l\u00edneas generales. Estamos transitando un a\u00f1o muy dif\u00edcil, una coyuntura por dem\u00e1s complicada, y por eso seguiremos trabajando para conseguir mayores beneficios para los trabajadores\u201d<\/strong><\/em>.<\/p>\n\n\n\n<p><em><strong>\u201cNuestro compromiso con los compa\u00f1eros municipales es seguir trabajando, seguir comprometidos en la defensa de sus derechos con la mayor responsabilidad para lograr condiciones dignas y equitativas de trabajo, y un salario cada vez m\u00e1s justo\u201d<\/strong><\/em><em>,<\/em>&nbsp;destac\u00f3 Carril.<\/p>\n","protected":false},"excerpt":{"rendered":"<p>El Sindicato de Trabajadores Municipales de Berazategui inform\u00f3 a sus afiliados y p\u00fablico en general que \u00aben la ma\u00f1ana del d\u00eda de la fecha se lleg\u00f3 a un entendimiento con el departamento ejecutivo municipal para la recomposici\u00f3n del salario de todos los trabajadores municipales del distrito en la primera parte del a\u00f1o\u00bb. El Secretario General&#8230;<\/p>\n","protected":false},"author":2,"featured_media":16685,"comment_status":"open","ping_status":"open","sticky":false,"template":"","format":"standard","meta":{"footnotes":""},"categories":[3],"tags":[],"class_list":["post-16683","post","type-post","status-publish","format-standard","has-post-thumbnail","hentry","category-berazategui"],"featured_image_src":"https:\/\/diarioprincipios.com\/wp-content\/uploads\/2023\/04\/acuerdo-1-1024x768.png","blog_images":{"medium":"https:\/\/diarioprincipios.com\/wp-content\/uploads\/2023\/04\/acuerdo-1-300x225.png","large":"https:\/\/diarioprincipios.com\/wp-content\/uploads\/2023\/04\/acuerdo-1-1024x768.png"},"ams_acf":[],"yoast_head":"<!-- This site is optimized with the Yoast SEO plugin v27.3 - https:\/\/yoast.com\/product\/yoast-seo-wordpress\/ -->\n<title>El STMB acord\u00f3 recomposici\u00f3n salarial para los Trabajadores Municipales - Principios<\/title>\n<meta name=\"robots\" content=\"index, follow, max-snippet:-1, max-image-preview:large, max-video-preview:-1\" \/>\n<link rel=\"canonical\" href=\"https:\/\/diarioprincipios.com\/index.php\/2023\/04\/21\/el-stmb-acordo-recomposicion-salarial-para-los-trabajadores\/\" \/>\n<meta property=\"og:locale\" content=\"es_ES\" \/>\n<meta property=\"og:type\" content=\"article\" \/>\n<meta property=\"og:title\" content=\"El STMB acord\u00f3 recomposici\u00f3n salarial para los Trabajadores Municipales - Principios\" \/>\n<meta property=\"og:description\" content=\"El Sindicato de Trabajadores Municipales de Berazategui inform\u00f3 a sus afiliados y p\u00fablico en general que \u00aben la ma\u00f1ana del d\u00eda de la fecha se lleg\u00f3 a un entendimiento con el departamento ejecutivo municipal para la recomposici\u00f3n del salario de todos los trabajadores municipales del distrito en la primera parte del a\u00f1o\u00bb. El Secretario General...\" \/>\n<meta property=\"og:url\" content=\"https:\/\/diarioprincipios.com\/index.php\/2023\/04\/21\/el-stmb-acordo-recomposicion-salarial-para-los-trabajadores\/\" \/>\n<meta property=\"og:site_name\" content=\"Principios\" \/>\n<meta property=\"article:published_time\" content=\"2023-04-21T16:33:29+00:00\" \/>\n<meta property=\"article:modified_time\" content=\"2023-04-28T16:03:36+00:00\" \/>\n<meta property=\"og:image\" content=\"https:\/\/diarioprincipios.com\/wp-content\/uploads\/2023\/04\/acuerdo-1.png\" \/>\n\t<meta property=\"og:image:width\" content=\"1280\" \/>\n\t<meta property=\"og:image:height\" content=\"960\" \/>\n\t<meta property=\"og:image:type\" content=\"image\/png\" \/>\n<meta name=\"author\" content=\"Hern\u00e1n L\u00f3pez\" \/>\n<meta name=\"twitter:card\" content=\"summary_large_image\" \/>\n<meta name=\"twitter:label1\" content=\"Escrito por\" \/>\n\t<meta name=\"twitter:data1\" content=\"Hern\u00e1n L\u00f3pez\" \/>\n\t<meta name=\"twitter:label2\" content=\"Tiempo de lectura\" \/>\n\t<meta name=\"twitter:data2\" content=\"3 minutos\" \/>\n<script type=\"application\/ld+json\" class=\"yoast-schema-graph\">{\"@context\":\"https:\\\/\\\/schema.org\",\"@graph\":[{\"@type\":\"Article\",\"@id\":\"https:\\\/\\\/diarioprincipios.com\\\/index.php\\\/2023\\\/04\\\/21\\\/el-stmb-acordo-recomposicion-salarial-para-los-trabajadores\\\/#article\",\"isPartOf\":{\"@id\":\"https:\\\/\\\/diarioprincipios.com\\\/index.php\\\/2023\\\/04\\\/21\\\/el-stmb-acordo-recomposicion-salarial-para-los-trabajadores\\\/\"},\"author\":{\"name\":\"Hern\u00e1n L\u00f3pez\",\"@id\":\"https:\\\/\\\/diarioprincipios.com\\\/#\\\/schema\\\/person\\\/436d5a1fd41a5e250e23ff5a6a7cb080\"},\"headline\":\"El STMB acord\u00f3 recomposici\u00f3n salarial para los Trabajadores Municipales\",\"datePublished\":\"2023-04-21T16:33:29+00:00\",\"dateModified\":\"2023-04-28T16:03:36+00:00\",\"mainEntityOfPage\":{\"@id\":\"https:\\\/\\\/diarioprincipios.com\\\/index.php\\\/2023\\\/04\\\/21\\\/el-stmb-acordo-recomposicion-salarial-para-los-trabajadores\\\/\"},\"wordCount\":431,\"commentCount\":0,\"publisher\":{\"@id\":\"https:\\\/\\\/diarioprincipios.com\\\/#organization\"},\"image\":{\"@id\":\"https:\\\/\\\/diarioprincipios.com\\\/index.php\\\/2023\\\/04\\\/21\\\/el-stmb-acordo-recomposicion-salarial-para-los-trabajadores\\\/#primaryimage\"},\"thumbnailUrl\":\"https:\\\/\\\/diarioprincipios.com\\\/wp-content\\\/uploads\\\/2023\\\/04\\\/acuerdo-1.png\",\"articleSection\":[\"Berazategui\"],\"inLanguage\":\"es\",\"potentialAction\":[{\"@type\":\"CommentAction\",\"name\":\"Comment\",\"target\":[\"https:\\\/\\\/diarioprincipios.com\\\/index.php\\\/2023\\\/04\\\/21\\\/el-stmb-acordo-recomposicion-salarial-para-los-trabajadores\\\/#respond\"]}]},{\"@type\":\"WebPage\",\"@id\":\"https:\\\/\\\/diarioprincipios.com\\\/index.php\\\/2023\\\/04\\\/21\\\/el-stmb-acordo-recomposicion-salarial-para-los-trabajadores\\\/\",\"url\":\"https:\\\/\\\/diarioprincipios.com\\\/index.php\\\/2023\\\/04\\\/21\\\/el-stmb-acordo-recomposicion-salarial-para-los-trabajadores\\\/\",\"name\":\"El STMB acord\u00f3 recomposici\u00f3n salarial para los Trabajadores Municipales - Principios\",\"isPartOf\":{\"@id\":\"https:\\\/\\\/diarioprincipios.com\\\/#website\"},\"primaryImageOfPage\":{\"@id\":\"https:\\\/\\\/diarioprincipios.com\\\/index.php\\\/2023\\\/04\\\/21\\\/el-stmb-acordo-recomposicion-salarial-para-los-trabajadores\\\/#primaryimage\"},\"image\":{\"@id\":\"https:\\\/\\\/diarioprincipios.com\\\/index.php\\\/2023\\\/04\\\/21\\\/el-stmb-acordo-recomposicion-salarial-para-los-trabajadores\\\/#primaryimage\"},\"thumbnailUrl\":\"https:\\\/\\\/diarioprincipios.com\\\/wp-content\\\/uploads\\\/2023\\\/04\\\/acuerdo-1.png\",\"datePublished\":\"2023-04-21T16:33:29+00:00\",\"dateModified\":\"2023-04-28T16:03:36+00:00\",\"breadcrumb\":{\"@id\":\"https:\\\/\\\/diarioprincipios.com\\\/index.php\\\/2023\\\/04\\\/21\\\/el-stmb-acordo-recomposicion-salarial-para-los-trabajadores\\\/#breadcrumb\"},\"inLanguage\":\"es\",\"potentialAction\":[{\"@type\":\"ReadAction\",\"target\":[\"https:\\\/\\\/diarioprincipios.com\\\/index.php\\\/2023\\\/04\\\/21\\\/el-stmb-acordo-recomposicion-salarial-para-los-trabajadores\\\/\"]}]},{\"@type\":\"ImageObject\",\"inLanguage\":\"es\",\"@id\":\"https:\\\/\\\/diarioprincipios.com\\\/index.php\\\/2023\\\/04\\\/21\\\/el-stmb-acordo-recomposicion-salarial-para-los-trabajadores\\\/#primaryimage\",\"url\":\"https:\\\/\\\/diarioprincipios.com\\\/wp-content\\\/uploads\\\/2023\\\/04\\\/acuerdo-1.png\",\"contentUrl\":\"https:\\\/\\\/diarioprincipios.com\\\/wp-content\\\/uploads\\\/2023\\\/04\\\/acuerdo-1.png\",\"width\":1280,\"height\":960},{\"@type\":\"BreadcrumbList\",\"@id\":\"https:\\\/\\\/diarioprincipios.com\\\/index.php\\\/2023\\\/04\\\/21\\\/el-stmb-acordo-recomposicion-salarial-para-los-trabajadores\\\/#breadcrumb\",\"itemListElement\":[{\"@type\":\"ListItem\",\"position\":1,\"name\":\"Portada\",\"item\":\"https:\\\/\\\/diarioprincipios.com\\\/\"},{\"@type\":\"ListItem\",\"position\":2,\"name\":\"El STMB acord\u00f3 recomposici\u00f3n salarial para los Trabajadores Municipales\"}]},{\"@type\":\"WebSite\",\"@id\":\"https:\\\/\\\/diarioprincipios.com\\\/#website\",\"url\":\"https:\\\/\\\/diarioprincipios.com\\\/\",\"name\":\"Principios\",\"description\":\"Principios Diario\",\"publisher\":{\"@id\":\"https:\\\/\\\/diarioprincipios.com\\\/#organization\"},\"potentialAction\":[{\"@type\":\"SearchAction\",\"target\":{\"@type\":\"EntryPoint\",\"urlTemplate\":\"https:\\\/\\\/diarioprincipios.com\\\/?s={search_term_string}\"},\"query-input\":{\"@type\":\"PropertyValueSpecification\",\"valueRequired\":true,\"valueName\":\"search_term_string\"}}],\"inLanguage\":\"es\"},{\"@type\":\"Organization\",\"@id\":\"https:\\\/\\\/diarioprincipios.com\\\/#organization\",\"name\":\"Principios\",\"url\":\"https:\\\/\\\/diarioprincipios.com\\\/\",\"logo\":{\"@type\":\"ImageObject\",\"inLanguage\":\"es\",\"@id\":\"https:\\\/\\\/diarioprincipios.com\\\/#\\\/schema\\\/logo\\\/image\\\/\",\"url\":\"https:\\\/\\\/diarioprincipios.com\\\/wp-content\\\/uploads\\\/2024\\\/04\\\/cropped-www.diarioprincipios.com_-1.png\",\"contentUrl\":\"https:\\\/\\\/diarioprincipios.com\\\/wp-content\\\/uploads\\\/2024\\\/04\\\/cropped-www.diarioprincipios.com_-1.png\",\"width\":5325,\"height\":1454,\"caption\":\"Principios\"},\"image\":{\"@id\":\"https:\\\/\\\/diarioprincipios.com\\\/#\\\/schema\\\/logo\\\/image\\\/\"}},{\"@type\":\"Person\",\"@id\":\"https:\\\/\\\/diarioprincipios.com\\\/#\\\/schema\\\/person\\\/436d5a1fd41a5e250e23ff5a6a7cb080\",\"name\":\"Hern\u00e1n L\u00f3pez\",\"image\":{\"@type\":\"ImageObject\",\"inLanguage\":\"es\",\"@id\":\"https:\\\/\\\/diarioprincipios.com\\\/wp-content\\\/litespeed\\\/avatar\\\/11ddfe5610ff3bd100522525b2571f48.jpg?ver=1777048341\",\"url\":\"https:\\\/\\\/diarioprincipios.com\\\/wp-content\\\/litespeed\\\/avatar\\\/11ddfe5610ff3bd100522525b2571f48.jpg?ver=1777048341\",\"contentUrl\":\"https:\\\/\\\/diarioprincipios.com\\\/wp-content\\\/litespeed\\\/avatar\\\/11ddfe5610ff3bd100522525b2571f48.jpg?ver=1777048341\",\"caption\":\"Hern\u00e1n L\u00f3pez\"},\"url\":\"https:\\\/\\\/diarioprincipios.com\\\/index.php\\\/author\\\/hernan\\\/\"}]}<\/script>\n<!-- \/ Yoast SEO plugin. -->","yoast_head_json":{"title":"El STMB acord\u00f3 recomposici\u00f3n salarial para los Trabajadores Municipales - Principios","robots":{"index":"index","follow":"follow","max-snippet":"max-snippet:-1","max-image-preview":"max-image-preview:large","max-video-preview":"max-video-preview:-1"},"canonical":"https:\/\/diarioprincipios.com\/index.php\/2023\/04\/21\/el-stmb-acordo-recomposicion-salarial-para-los-trabajadores\/","og_locale":"es_ES","og_type":"article","og_title":"El STMB acord\u00f3 recomposici\u00f3n salarial para los Trabajadores Municipales - Principios","og_description":"El Sindicato de Trabajadores Municipales de Berazategui inform\u00f3 a sus afiliados y p\u00fablico en general que \u00aben la ma\u00f1ana del d\u00eda de la fecha se lleg\u00f3 a un entendimiento con el departamento ejecutivo municipal para la recomposici\u00f3n del salario de todos los trabajadores municipales del distrito en la primera parte del a\u00f1o\u00bb. El Secretario General...","og_url":"https:\/\/diarioprincipios.com\/index.php\/2023\/04\/21\/el-stmb-acordo-recomposicion-salarial-para-los-trabajadores\/","og_site_name":"Principios","article_published_time":"2023-04-21T16:33:29+00:00","article_modified_time":"2023-04-28T16:03:36+00:00","og_image":[{"width":1280,"height":960,"url":"https:\/\/diarioprincipios.com\/wp-content\/uploads\/2023\/04\/acuerdo-1.png","type":"image\/png"}],"author":"Hern\u00e1n L\u00f3pez","twitter_card":"summary_large_image","twitter_misc":{"Escrito por":"Hern\u00e1n L\u00f3pez","Tiempo de lectura":"3 minutos"},"schema":{"@context":"https:\/\/schema.org","@graph":[{"@type":"Article","@id":"https:\/\/diarioprincipios.com\/index.php\/2023\/04\/21\/el-stmb-acordo-recomposicion-salarial-para-los-trabajadores\/#article","isPartOf":{"@id":"https:\/\/diarioprincipios.com\/index.php\/2023\/04\/21\/el-stmb-acordo-recomposicion-salarial-para-los-trabajadores\/"},"author":{"name":"Hern\u00e1n L\u00f3pez","@id":"https:\/\/diarioprincipios.com\/#\/schema\/person\/436d5a1fd41a5e250e23ff5a6a7cb080"},"headline":"El STMB acord\u00f3 recomposici\u00f3n salarial para los Trabajadores Municipales","datePublished":"2023-04-21T16:33:29+00:00","dateModified":"2023-04-28T16:03:36+00:00","mainEntityOfPage":{"@id":"https:\/\/diarioprincipios.com\/index.php\/2023\/04\/21\/el-stmb-acordo-recomposicion-salarial-para-los-trabajadores\/"},"wordCount":431,"commentCount":0,"publisher":{"@id":"https:\/\/diarioprincipios.com\/#organization"},"image":{"@id":"https:\/\/diarioprincipios.com\/index.php\/2023\/04\/21\/el-stmb-acordo-recomposicion-salarial-para-los-trabajadores\/#primaryimage"},"thumbnailUrl":"https:\/\/diarioprincipios.com\/wp-content\/uploads\/2023\/04\/acuerdo-1.png","articleSection":["Berazategui"],"inLanguage":"es","potentialAction":[{"@type":"CommentAction","name":"Comment","target":["https:\/\/diarioprincipios.com\/index.php\/2023\/04\/21\/el-stmb-acordo-recomposicion-salarial-para-los-trabajadores\/#respond"]}]},{"@type":"WebPage","@id":"https:\/\/diarioprincipios.com\/index.php\/2023\/04\/21\/el-stmb-acordo-recomposicion-salarial-para-los-trabajadores\/","url":"https:\/\/diarioprincipios.com\/index.php\/2023\/04\/21\/el-stmb-acordo-recomposicion-salarial-para-los-trabajadores\/","name":"El STMB acord\u00f3 recomposici\u00f3n salarial para los Trabajadores Municipales - Principios","isPartOf":{"@id":"https:\/\/diarioprincipios.com\/#website"},"primaryImageOfPage":{"@id":"https:\/\/diarioprincipios.com\/index.php\/2023\/04\/21\/el-stmb-acordo-recomposicion-salarial-para-los-trabajadores\/#primaryimage"},"image":{"@id":"https:\/\/diarioprincipios.com\/index.php\/2023\/04\/21\/el-stmb-acordo-recomposicion-salarial-para-los-trabajadores\/#primaryimage"},"thumbnailUrl":"https:\/\/diarioprincipios.com\/wp-content\/uploads\/2023\/04\/acuerdo-1.png","datePublished":"2023-04-21T16:33:29+00:00","dateModified":"2023-04-28T16:03:36+00:00","breadcrumb":{"@id":"https:\/\/diarioprincipios.com\/index.php\/2023\/04\/21\/el-stmb-acordo-recomposicion-salarial-para-los-trabajadores\/#breadcrumb"},"inLanguage":"es","potentialAction":[{"@type":"ReadAction","target":["https:\/\/diarioprincipios.com\/index.php\/2023\/04\/21\/el-stmb-acordo-recomposicion-salarial-para-los-trabajadores\/"]}]},{"@type":"ImageObject","inLanguage":"es","@id":"https:\/\/diarioprincipios.com\/index.php\/2023\/04\/21\/el-stmb-acordo-recomposicion-salarial-para-los-trabajadores\/#primaryimage","url":"https:\/\/diarioprincipios.com\/wp-content\/uploads\/2023\/04\/acuerdo-1.png","contentUrl":"https:\/\/diarioprincipios.com\/wp-content\/uploads\/2023\/04\/acuerdo-1.png","width":1280,"height":960},{"@type":"BreadcrumbList","@id":"https:\/\/diarioprincipios.com\/index.php\/2023\/04\/21\/el-stmb-acordo-recomposicion-salarial-para-los-trabajadores\/#breadcrumb","itemListElement":[{"@type":"ListItem","position":1,"name":"Portada","item":"https:\/\/diarioprincipios.com\/"},{"@type":"ListItem","position":2,"name":"El STMB acord\u00f3 recomposici\u00f3n salarial para los Trabajadores Municipales"}]},{"@type":"WebSite","@id":"https:\/\/diarioprincipios.com\/#website","url":"https:\/\/diarioprincipios.com\/","name":"Principios","description":"Principios Diario","publisher":{"@id":"https:\/\/diarioprincipios.com\/#organization"},"potentialAction":[{"@type":"SearchAction","target":{"@type":"EntryPoint","urlTemplate":"https:\/\/diarioprincipios.com\/?s={search_term_string}"},"query-input":{"@type":"PropertyValueSpecification","valueRequired":true,"valueName":"search_term_string"}}],"inLanguage":"es"},{"@type":"Organization","@id":"https:\/\/diarioprincipios.com\/#organization","name":"Principios","url":"https:\/\/diarioprincipios.com\/","logo":{"@type":"ImageObject","inLanguage":"es","@id":"https:\/\/diarioprincipios.com\/#\/schema\/logo\/image\/","url":"https:\/\/diarioprincipios.com\/wp-content\/uploads\/2024\/04\/cropped-www.diarioprincipios.com_-1.png","contentUrl":"https:\/\/diarioprincipios.com\/wp-content\/uploads\/2024\/04\/cropped-www.diarioprincipios.com_-1.png","width":5325,"height":1454,"caption":"Principios"},"image":{"@id":"https:\/\/diarioprincipios.com\/#\/schema\/logo\/image\/"}},{"@type":"Person","@id":"https:\/\/diarioprincipios.com\/#\/schema\/person\/436d5a1fd41a5e250e23ff5a6a7cb080","name":"Hern\u00e1n L\u00f3pez","image":{"@type":"ImageObject","inLanguage":"es","@id":"https:\/\/diarioprincipios.com\/wp-content\/litespeed\/avatar\/11ddfe5610ff3bd100522525b2571f48.jpg?ver=1777048341","url":"https:\/\/diarioprincipios.com\/wp-content\/litespeed\/avatar\/11ddfe5610ff3bd100522525b2571f48.jpg?ver=1777048341","contentUrl":"https:\/\/diarioprincipios.com\/wp-content\/litespeed\/avatar\/11ddfe5610ff3bd100522525b2571f48.jpg?ver=1777048341","caption":"Hern\u00e1n L\u00f3pez"},"url":"https:\/\/diarioprincipios.com\/index.php\/author\/hernan\/"}]}},"jetpack_featured_media_url":"https:\/\/diarioprincipios.com\/wp-content\/uploads\/2023\/04\/acuerdo-1.png","_links":{"self":[{"href":"https:\/\/diarioprincipios.com\/index.php\/wp-json\/wp\/v2\/posts\/16683","targetHints":{"allow":["GET"]}}],"collection":[{"href":"https:\/\/diarioprincipios.com\/index.php\/wp-json\/wp\/v2\/posts"}],"about":[{"href":"https:\/\/diarioprincipios.com\/index.php\/wp-json\/wp\/v2\/types\/post"}],"author":[{"embeddable":true,"href":"https:\/\/diarioprincipios.com\/index.php\/wp-json\/wp\/v2\/users\/2"}],"replies":[{"embeddable":true,"href":"https:\/\/diarioprincipios.com\/index.php\/wp-json\/wp\/v2\/comments?post=16683"}],"version-history":[{"count":3,"href":"https:\/\/diarioprincipios.com\/index.php\/wp-json\/wp\/v2\/posts\/16683\/revisions"}],"predecessor-version":[{"id":16733,"href":"https:\/\/diarioprincipios.com\/index.php\/wp-json\/wp\/v2\/posts\/16683\/revisions\/16733"}],"wp:featuredmedia":[{"embeddable":true,"href":"https:\/\/diarioprincipios.com\/index.php\/wp-json\/wp\/v2\/media\/16685"}],"wp:attachment":[{"href":"https:\/\/diarioprincipios.com\/index.php\/wp-json\/wp\/v2\/media?parent=16683"}],"wp:term":[{"taxonomy":"category","embeddable":true,"href":"https:\/\/diarioprincipios.com\/index.php\/wp-json\/wp\/v2\/categories?post=16683"},{"taxonomy":"post_tag","embeddable":true,"href":"https:\/\/diarioprincipios.com\/index.php\/wp-json\/wp\/v2\/tags?post=16683"}],"curies":[{"name":"wp","href":"https:\/\/api.w.org\/{rel}","templated":true}]}}