{"id":16678,"date":"2023-04-21T08:06:17","date_gmt":"2023-04-21T11:06:17","guid":{"rendered":"http:\/\/diarioprincipios.com\/?p=16678"},"modified":"2023-04-28T13:03:31","modified_gmt":"2023-04-28T16:03:31","slug":"se-realizo-la-entrega-de-posesiones-a-las-primeras-empresas-radicadas-en-el-parque-tecnologico-e-industrial-intepark","status":"publish","type":"post","link":"https:\/\/diarioprincipios.com\/index.php\/2023\/04\/21\/se-realizo-la-entrega-de-posesiones-a-las-primeras-empresas-radicadas-en-el-parque-tecnologico-e-industrial-intepark\/","title":{"rendered":"Se realiz\u00f3 la entrega de posesiones a las primeras empresas radicadas en el Parque Tecnol\u00f3gico e Industrial Intepark"},"content":{"rendered":"\n<p><strong>Se realiz\u00f3 la entrega de posesiones a las primeras 23 empresas radicadas en el Parque Tecnol\u00f3gico e Industrial Intepark. El acto fue encabezado por el intendente de Berazategui, Juan Jos\u00e9 Mussi; y el ministro bonaerense de Producci\u00f3n, Ciencia e Innovaci\u00f3n Tecnol\u00f3gica, Augusto Costa.<\/strong><\/p>\n\n\n\n<figure class=\"wp-block-image size-large\"><img loading=\"lazy\" decoding=\"async\" width=\"1024\" height=\"682\" src=\"https:\/\/diarioprincipios.com\/wp-content\/uploads\/2023\/04\/ENTREGARON-POSESIONES-A-LAS-PRIMERAS-EMPRESAS-RADICADAS-EN-EL-PARQUE-INDUSTRIAL-INTEPARK-1024x682.jpg\" alt=\"\" class=\"wp-image-16679\" srcset=\"https:\/\/diarioprincipios.com\/wp-content\/uploads\/2023\/04\/ENTREGARON-POSESIONES-A-LAS-PRIMERAS-EMPRESAS-RADICADAS-EN-EL-PARQUE-INDUSTRIAL-INTEPARK-1024x682.jpg 1024w, https:\/\/diarioprincipios.com\/wp-content\/uploads\/2023\/04\/ENTREGARON-POSESIONES-A-LAS-PRIMERAS-EMPRESAS-RADICADAS-EN-EL-PARQUE-INDUSTRIAL-INTEPARK-300x200.jpg 300w, https:\/\/diarioprincipios.com\/wp-content\/uploads\/2023\/04\/ENTREGARON-POSESIONES-A-LAS-PRIMERAS-EMPRESAS-RADICADAS-EN-EL-PARQUE-INDUSTRIAL-INTEPARK-768x512.jpg 768w, https:\/\/diarioprincipios.com\/wp-content\/uploads\/2023\/04\/ENTREGARON-POSESIONES-A-LAS-PRIMERAS-EMPRESAS-RADICADAS-EN-EL-PARQUE-INDUSTRIAL-INTEPARK-1536x1023.jpg 1536w, https:\/\/diarioprincipios.com\/wp-content\/uploads\/2023\/04\/ENTREGARON-POSESIONES-A-LAS-PRIMERAS-EMPRESAS-RADICADAS-EN-EL-PARQUE-INDUSTRIAL-INTEPARK.jpg 1600w\" sizes=\"auto, (max-width: 1024px) 100vw, 1024px\" \/><\/figure>\n\n\n\n<p>Durante el acto, el intendente Mussi expres\u00f3: \u201cEstas acciones son un gran est\u00edmulo. Desde el Municipio entendemos que la \u00fanica salida que tiene el pa\u00eds es la producci\u00f3n y el empleo. Les agradezco a todas las personas que hicieron posible el desarrollo del Parque: a quienes invierten, a los industriales y a los Gobiernos provincial y nacional, porque nos ayudan a seguir consolidando esta Patria Chica de la que nos sentimos orgullosos\u201d.<\/p>\n\n\n\n<p>Por su parte, el ministro Costa felicit\u00f3 \u201ca todos los que est\u00e1n apostando por generar m\u00e1s producci\u00f3n y trabajo en Berazategui. Cada vez que venimos al distrito nos impresiona su progreso y c\u00f3mo va creando nuevos espacios e infraestructuras. Le agradezco a Mussi por todo el acompa\u00f1amiento que le brinda tanto al Gobierno provincial como a quienes llevan a cabo proyectos en esta ciudad\u201d.<\/p>\n\n\n\n<figure class=\"wp-block-image size-large\"><img loading=\"lazy\" decoding=\"async\" width=\"1024\" height=\"768\" src=\"https:\/\/diarioprincipios.com\/wp-content\/uploads\/2023\/04\/ENTREGARON-POSESIONES-A-LAS-PRIMERAS-EMPRESAS-RADICADAS-EN-EL-PARQUE-INDUSTRIAL-INTEPARK1-1024x768.jpg\" alt=\"\" class=\"wp-image-16680\" srcset=\"https:\/\/diarioprincipios.com\/wp-content\/uploads\/2023\/04\/ENTREGARON-POSESIONES-A-LAS-PRIMERAS-EMPRESAS-RADICADAS-EN-EL-PARQUE-INDUSTRIAL-INTEPARK1-1024x768.jpg 1024w, https:\/\/diarioprincipios.com\/wp-content\/uploads\/2023\/04\/ENTREGARON-POSESIONES-A-LAS-PRIMERAS-EMPRESAS-RADICADAS-EN-EL-PARQUE-INDUSTRIAL-INTEPARK1-300x225.jpg 300w, https:\/\/diarioprincipios.com\/wp-content\/uploads\/2023\/04\/ENTREGARON-POSESIONES-A-LAS-PRIMERAS-EMPRESAS-RADICADAS-EN-EL-PARQUE-INDUSTRIAL-INTEPARK1-768x576.jpg 768w, https:\/\/diarioprincipios.com\/wp-content\/uploads\/2023\/04\/ENTREGARON-POSESIONES-A-LAS-PRIMERAS-EMPRESAS-RADICADAS-EN-EL-PARQUE-INDUSTRIAL-INTEPARK1-1536x1152.jpg 1536w, https:\/\/diarioprincipios.com\/wp-content\/uploads\/2023\/04\/ENTREGARON-POSESIONES-A-LAS-PRIMERAS-EMPRESAS-RADICADAS-EN-EL-PARQUE-INDUSTRIAL-INTEPARK1.jpg 1600w\" sizes=\"auto, (max-width: 1024px) 100vw, 1024px\" \/><\/figure>\n\n\n\n<p>En el Intepark funcionar\u00e1n industrias que trabajar\u00e1n en pos de lograr el impulso econ\u00f3mico de las actividades cient\u00edficas, tecnol\u00f3gicas y productivas de la ciudad y la regi\u00f3n, adem\u00e1s de propiciar la transferencia de tecnolog\u00edas desde las \u00e1reas de conocimiento e innovaci\u00f3n, hacia el sector productivo. En las inmediaciones, adem\u00e1s, funcionar\u00e1n la sede de Berazategui de la Universidad Nacional Arturo Jauretche, con carreras vinculadas al desarrollo tecnol\u00f3gico y la industria 4.0; y un Polo Tecnol\u00f3gico, que se construir\u00e1 a trav\u00e9s del Programa Federal Construir Ciencia, del Gobierno Nacional.<\/p>\n\n\n\n<p>Su desarrollador, Mat\u00edas Luchelli, expres\u00f3 al respecto: \u201cQuiero agradecerle a las autoridades por la inversi\u00f3n que se hizo en Intepark. Valoramos mucho el apoyo y acompa\u00f1amiento que nos brindan\u201d. Asimismo, inform\u00f3 que \u201cya est\u00e1n dadas las condiciones para que los industriales puedan fabricar sus propios galpones, para seguir avanzando con sus proyectos y, fundamentalmente, darle trabajo a la gente de Berazategui\u201d.<\/p>\n\n\n\n<p>Tambi\u00e9n participaron: el secretario de Trabajo, Juan Manuel Parra, acompa\u00f1ado de otros integrantes del Gabinete Municipal; adem\u00e1s de empresarios e industriales locales.<\/p>\n","protected":false},"excerpt":{"rendered":"<p>Se realiz\u00f3 la entrega de posesiones a las primeras 23 empresas radicadas en el Parque Tecnol\u00f3gico e Industrial Intepark. El acto fue encabezado por el intendente de Berazategui, Juan Jos\u00e9 Mussi; y el ministro bonaerense de Producci\u00f3n, Ciencia e Innovaci\u00f3n Tecnol\u00f3gica, Augusto Costa. Durante el acto, el intendente Mussi expres\u00f3: \u201cEstas acciones son un gran&#8230;<\/p>\n","protected":false},"author":2,"featured_media":16681,"comment_status":"open","ping_status":"open","sticky":false,"template":"","format":"standard","meta":{"footnotes":""},"categories":[3],"tags":[],"class_list":["post-16678","post","type-post","status-publish","format-standard","has-post-thumbnail","hentry","category-berazategui"],"featured_image_src":"https:\/\/diarioprincipios.com\/wp-content\/uploads\/2023\/04\/ENTREGARON-POSESIONES-A-LAS-PRIMERAS-EMPRESAS-RADICADAS-EN-EL-PARQUE-INDUSTRIAL-INTEPARK4-1024x682.jpg","blog_images":{"medium":"https:\/\/diarioprincipios.com\/wp-content\/uploads\/2023\/04\/ENTREGARON-POSESIONES-A-LAS-PRIMERAS-EMPRESAS-RADICADAS-EN-EL-PARQUE-INDUSTRIAL-INTEPARK4-300x200.jpg","large":"https:\/\/diarioprincipios.com\/wp-content\/uploads\/2023\/04\/ENTREGARON-POSESIONES-A-LAS-PRIMERAS-EMPRESAS-RADICADAS-EN-EL-PARQUE-INDUSTRIAL-INTEPARK4-1024x682.jpg"},"ams_acf":[],"yoast_head":"<!-- This site is optimized with the Yoast SEO plugin v27.3 - https:\/\/yoast.com\/product\/yoast-seo-wordpress\/ -->\n<title>Se realiz\u00f3 la entrega de posesiones a las primeras empresas radicadas en el Parque Tecnol\u00f3gico e Industrial Intepark - Principios<\/title>\n<meta name=\"robots\" content=\"index, follow, max-snippet:-1, max-image-preview:large, max-video-preview:-1\" \/>\n<link rel=\"canonical\" href=\"https:\/\/diarioprincipios.com\/index.php\/2023\/04\/21\/se-realizo-la-entrega-de-posesiones-a-las-primeras-empresas-radicadas-en-el-parque-tecnologico-e-industrial-intepark\/\" \/>\n<meta property=\"og:locale\" content=\"es_ES\" \/>\n<meta property=\"og:type\" content=\"article\" \/>\n<meta property=\"og:title\" content=\"Se realiz\u00f3 la entrega de posesiones a las primeras empresas radicadas en el Parque Tecnol\u00f3gico e Industrial Intepark - Principios\" \/>\n<meta property=\"og:description\" content=\"Se realiz\u00f3 la entrega de posesiones a las primeras 23 empresas radicadas en el Parque Tecnol\u00f3gico e Industrial Intepark. El acto fue encabezado por el intendente de Berazategui, Juan Jos\u00e9 Mussi; y el ministro bonaerense de Producci\u00f3n, Ciencia e Innovaci\u00f3n Tecnol\u00f3gica, Augusto Costa. Durante el acto, el intendente Mussi expres\u00f3: \u201cEstas acciones son un gran...\" \/>\n<meta property=\"og:url\" content=\"https:\/\/diarioprincipios.com\/index.php\/2023\/04\/21\/se-realizo-la-entrega-de-posesiones-a-las-primeras-empresas-radicadas-en-el-parque-tecnologico-e-industrial-intepark\/\" \/>\n<meta property=\"og:site_name\" content=\"Principios\" \/>\n<meta property=\"article:published_time\" content=\"2023-04-21T11:06:17+00:00\" \/>\n<meta property=\"article:modified_time\" content=\"2023-04-28T16:03:31+00:00\" \/>\n<meta property=\"og:image\" content=\"https:\/\/diarioprincipios.com\/wp-content\/uploads\/2023\/04\/ENTREGARON-POSESIONES-A-LAS-PRIMERAS-EMPRESAS-RADICADAS-EN-EL-PARQUE-INDUSTRIAL-INTEPARK4.jpg\" \/>\n\t<meta property=\"og:image:width\" content=\"1600\" \/>\n\t<meta property=\"og:image:height\" content=\"1066\" \/>\n\t<meta property=\"og:image:type\" content=\"image\/jpeg\" \/>\n<meta name=\"author\" content=\"Hern\u00e1n L\u00f3pez\" \/>\n<meta name=\"twitter:card\" content=\"summary_large_image\" \/>\n<meta name=\"twitter:label1\" content=\"Escrito por\" \/>\n\t<meta name=\"twitter:data1\" content=\"Hern\u00e1n L\u00f3pez\" \/>\n\t<meta name=\"twitter:label2\" content=\"Tiempo de lectura\" \/>\n\t<meta name=\"twitter:data2\" content=\"3 minutos\" \/>\n<script type=\"application\/ld+json\" class=\"yoast-schema-graph\">{\"@context\":\"https:\\\/\\\/schema.org\",\"@graph\":[{\"@type\":\"Article\",\"@id\":\"https:\\\/\\\/diarioprincipios.com\\\/index.php\\\/2023\\\/04\\\/21\\\/se-realizo-la-entrega-de-posesiones-a-las-primeras-empresas-radicadas-en-el-parque-tecnologico-e-industrial-intepark\\\/#article\",\"isPartOf\":{\"@id\":\"https:\\\/\\\/diarioprincipios.com\\\/index.php\\\/2023\\\/04\\\/21\\\/se-realizo-la-entrega-de-posesiones-a-las-primeras-empresas-radicadas-en-el-parque-tecnologico-e-industrial-intepark\\\/\"},\"author\":{\"name\":\"Hern\u00e1n L\u00f3pez\",\"@id\":\"https:\\\/\\\/diarioprincipios.com\\\/#\\\/schema\\\/person\\\/436d5a1fd41a5e250e23ff5a6a7cb080\"},\"headline\":\"Se realiz\u00f3 la entrega de posesiones a las primeras empresas radicadas en el Parque Tecnol\u00f3gico e Industrial Intepark\",\"datePublished\":\"2023-04-21T11:06:17+00:00\",\"dateModified\":\"2023-04-28T16:03:31+00:00\",\"mainEntityOfPage\":{\"@id\":\"https:\\\/\\\/diarioprincipios.com\\\/index.php\\\/2023\\\/04\\\/21\\\/se-realizo-la-entrega-de-posesiones-a-las-primeras-empresas-radicadas-en-el-parque-tecnologico-e-industrial-intepark\\\/\"},\"wordCount\":399,\"commentCount\":0,\"publisher\":{\"@id\":\"https:\\\/\\\/diarioprincipios.com\\\/#organization\"},\"image\":{\"@id\":\"https:\\\/\\\/diarioprincipios.com\\\/index.php\\\/2023\\\/04\\\/21\\\/se-realizo-la-entrega-de-posesiones-a-las-primeras-empresas-radicadas-en-el-parque-tecnologico-e-industrial-intepark\\\/#primaryimage\"},\"thumbnailUrl\":\"https:\\\/\\\/diarioprincipios.com\\\/wp-content\\\/uploads\\\/2023\\\/04\\\/ENTREGARON-POSESIONES-A-LAS-PRIMERAS-EMPRESAS-RADICADAS-EN-EL-PARQUE-INDUSTRIAL-INTEPARK4.jpg\",\"articleSection\":[\"Berazategui\"],\"inLanguage\":\"es\",\"potentialAction\":[{\"@type\":\"CommentAction\",\"name\":\"Comment\",\"target\":[\"https:\\\/\\\/diarioprincipios.com\\\/index.php\\\/2023\\\/04\\\/21\\\/se-realizo-la-entrega-de-posesiones-a-las-primeras-empresas-radicadas-en-el-parque-tecnologico-e-industrial-intepark\\\/#respond\"]}]},{\"@type\":\"WebPage\",\"@id\":\"https:\\\/\\\/diarioprincipios.com\\\/index.php\\\/2023\\\/04\\\/21\\\/se-realizo-la-entrega-de-posesiones-a-las-primeras-empresas-radicadas-en-el-parque-tecnologico-e-industrial-intepark\\\/\",\"url\":\"https:\\\/\\\/diarioprincipios.com\\\/index.php\\\/2023\\\/04\\\/21\\\/se-realizo-la-entrega-de-posesiones-a-las-primeras-empresas-radicadas-en-el-parque-tecnologico-e-industrial-intepark\\\/\",\"name\":\"Se realiz\u00f3 la entrega de posesiones a las primeras empresas radicadas en el Parque Tecnol\u00f3gico e Industrial Intepark - Principios\",\"isPartOf\":{\"@id\":\"https:\\\/\\\/diarioprincipios.com\\\/#website\"},\"primaryImageOfPage\":{\"@id\":\"https:\\\/\\\/diarioprincipios.com\\\/index.php\\\/2023\\\/04\\\/21\\\/se-realizo-la-entrega-de-posesiones-a-las-primeras-empresas-radicadas-en-el-parque-tecnologico-e-industrial-intepark\\\/#primaryimage\"},\"image\":{\"@id\":\"https:\\\/\\\/diarioprincipios.com\\\/index.php\\\/2023\\\/04\\\/21\\\/se-realizo-la-entrega-de-posesiones-a-las-primeras-empresas-radicadas-en-el-parque-tecnologico-e-industrial-intepark\\\/#primaryimage\"},\"thumbnailUrl\":\"https:\\\/\\\/diarioprincipios.com\\\/wp-content\\\/uploads\\\/2023\\\/04\\\/ENTREGARON-POSESIONES-A-LAS-PRIMERAS-EMPRESAS-RADICADAS-EN-EL-PARQUE-INDUSTRIAL-INTEPARK4.jpg\",\"datePublished\":\"2023-04-21T11:06:17+00:00\",\"dateModified\":\"2023-04-28T16:03:31+00:00\",\"breadcrumb\":{\"@id\":\"https:\\\/\\\/diarioprincipios.com\\\/index.php\\\/2023\\\/04\\\/21\\\/se-realizo-la-entrega-de-posesiones-a-las-primeras-empresas-radicadas-en-el-parque-tecnologico-e-industrial-intepark\\\/#breadcrumb\"},\"inLanguage\":\"es\",\"potentialAction\":[{\"@type\":\"ReadAction\",\"target\":[\"https:\\\/\\\/diarioprincipios.com\\\/index.php\\\/2023\\\/04\\\/21\\\/se-realizo-la-entrega-de-posesiones-a-las-primeras-empresas-radicadas-en-el-parque-tecnologico-e-industrial-intepark\\\/\"]}]},{\"@type\":\"ImageObject\",\"inLanguage\":\"es\",\"@id\":\"https:\\\/\\\/diarioprincipios.com\\\/index.php\\\/2023\\\/04\\\/21\\\/se-realizo-la-entrega-de-posesiones-a-las-primeras-empresas-radicadas-en-el-parque-tecnologico-e-industrial-intepark\\\/#primaryimage\",\"url\":\"https:\\\/\\\/diarioprincipios.com\\\/wp-content\\\/uploads\\\/2023\\\/04\\\/ENTREGARON-POSESIONES-A-LAS-PRIMERAS-EMPRESAS-RADICADAS-EN-EL-PARQUE-INDUSTRIAL-INTEPARK4.jpg\",\"contentUrl\":\"https:\\\/\\\/diarioprincipios.com\\\/wp-content\\\/uploads\\\/2023\\\/04\\\/ENTREGARON-POSESIONES-A-LAS-PRIMERAS-EMPRESAS-RADICADAS-EN-EL-PARQUE-INDUSTRIAL-INTEPARK4.jpg\",\"width\":1600,\"height\":1066},{\"@type\":\"BreadcrumbList\",\"@id\":\"https:\\\/\\\/diarioprincipios.com\\\/index.php\\\/2023\\\/04\\\/21\\\/se-realizo-la-entrega-de-posesiones-a-las-primeras-empresas-radicadas-en-el-parque-tecnologico-e-industrial-intepark\\\/#breadcrumb\",\"itemListElement\":[{\"@type\":\"ListItem\",\"position\":1,\"name\":\"Portada\",\"item\":\"https:\\\/\\\/diarioprincipios.com\\\/\"},{\"@type\":\"ListItem\",\"position\":2,\"name\":\"Se realiz\u00f3 la entrega de posesiones a las primeras empresas radicadas en el Parque Tecnol\u00f3gico e Industrial Intepark\"}]},{\"@type\":\"WebSite\",\"@id\":\"https:\\\/\\\/diarioprincipios.com\\\/#website\",\"url\":\"https:\\\/\\\/diarioprincipios.com\\\/\",\"name\":\"Principios\",\"description\":\"Principios Diario\",\"publisher\":{\"@id\":\"https:\\\/\\\/diarioprincipios.com\\\/#organization\"},\"potentialAction\":[{\"@type\":\"SearchAction\",\"target\":{\"@type\":\"EntryPoint\",\"urlTemplate\":\"https:\\\/\\\/diarioprincipios.com\\\/?s={search_term_string}\"},\"query-input\":{\"@type\":\"PropertyValueSpecification\",\"valueRequired\":true,\"valueName\":\"search_term_string\"}}],\"inLanguage\":\"es\"},{\"@type\":\"Organization\",\"@id\":\"https:\\\/\\\/diarioprincipios.com\\\/#organization\",\"name\":\"Principios\",\"url\":\"https:\\\/\\\/diarioprincipios.com\\\/\",\"logo\":{\"@type\":\"ImageObject\",\"inLanguage\":\"es\",\"@id\":\"https:\\\/\\\/diarioprincipios.com\\\/#\\\/schema\\\/logo\\\/image\\\/\",\"url\":\"https:\\\/\\\/diarioprincipios.com\\\/wp-content\\\/uploads\\\/2024\\\/04\\\/cropped-www.diarioprincipios.com_-1.png\",\"contentUrl\":\"https:\\\/\\\/diarioprincipios.com\\\/wp-content\\\/uploads\\\/2024\\\/04\\\/cropped-www.diarioprincipios.com_-1.png\",\"width\":5325,\"height\":1454,\"caption\":\"Principios\"},\"image\":{\"@id\":\"https:\\\/\\\/diarioprincipios.com\\\/#\\\/schema\\\/logo\\\/image\\\/\"}},{\"@type\":\"Person\",\"@id\":\"https:\\\/\\\/diarioprincipios.com\\\/#\\\/schema\\\/person\\\/436d5a1fd41a5e250e23ff5a6a7cb080\",\"name\":\"Hern\u00e1n L\u00f3pez\",\"image\":{\"@type\":\"ImageObject\",\"inLanguage\":\"es\",\"@id\":\"https:\\\/\\\/diarioprincipios.com\\\/wp-content\\\/litespeed\\\/avatar\\\/11ddfe5610ff3bd100522525b2571f48.jpg?ver=1777048341\",\"url\":\"https:\\\/\\\/diarioprincipios.com\\\/wp-content\\\/litespeed\\\/avatar\\\/11ddfe5610ff3bd100522525b2571f48.jpg?ver=1777048341\",\"contentUrl\":\"https:\\\/\\\/diarioprincipios.com\\\/wp-content\\\/litespeed\\\/avatar\\\/11ddfe5610ff3bd100522525b2571f48.jpg?ver=1777048341\",\"caption\":\"Hern\u00e1n L\u00f3pez\"},\"url\":\"https:\\\/\\\/diarioprincipios.com\\\/index.php\\\/author\\\/hernan\\\/\"}]}<\/script>\n<!-- \/ Yoast SEO plugin. -->","yoast_head_json":{"title":"Se realiz\u00f3 la entrega de posesiones a las primeras empresas radicadas en el Parque Tecnol\u00f3gico e Industrial Intepark - Principios","robots":{"index":"index","follow":"follow","max-snippet":"max-snippet:-1","max-image-preview":"max-image-preview:large","max-video-preview":"max-video-preview:-1"},"canonical":"https:\/\/diarioprincipios.com\/index.php\/2023\/04\/21\/se-realizo-la-entrega-de-posesiones-a-las-primeras-empresas-radicadas-en-el-parque-tecnologico-e-industrial-intepark\/","og_locale":"es_ES","og_type":"article","og_title":"Se realiz\u00f3 la entrega de posesiones a las primeras empresas radicadas en el Parque Tecnol\u00f3gico e Industrial Intepark - Principios","og_description":"Se realiz\u00f3 la entrega de posesiones a las primeras 23 empresas radicadas en el Parque Tecnol\u00f3gico e Industrial Intepark. El acto fue encabezado por el intendente de Berazategui, Juan Jos\u00e9 Mussi; y el ministro bonaerense de Producci\u00f3n, Ciencia e Innovaci\u00f3n Tecnol\u00f3gica, Augusto Costa. Durante el acto, el intendente Mussi expres\u00f3: \u201cEstas acciones son un gran...","og_url":"https:\/\/diarioprincipios.com\/index.php\/2023\/04\/21\/se-realizo-la-entrega-de-posesiones-a-las-primeras-empresas-radicadas-en-el-parque-tecnologico-e-industrial-intepark\/","og_site_name":"Principios","article_published_time":"2023-04-21T11:06:17+00:00","article_modified_time":"2023-04-28T16:03:31+00:00","og_image":[{"width":1600,"height":1066,"url":"https:\/\/diarioprincipios.com\/wp-content\/uploads\/2023\/04\/ENTREGARON-POSESIONES-A-LAS-PRIMERAS-EMPRESAS-RADICADAS-EN-EL-PARQUE-INDUSTRIAL-INTEPARK4.jpg","type":"image\/jpeg"}],"author":"Hern\u00e1n L\u00f3pez","twitter_card":"summary_large_image","twitter_misc":{"Escrito por":"Hern\u00e1n L\u00f3pez","Tiempo de lectura":"3 minutos"},"schema":{"@context":"https:\/\/schema.org","@graph":[{"@type":"Article","@id":"https:\/\/diarioprincipios.com\/index.php\/2023\/04\/21\/se-realizo-la-entrega-de-posesiones-a-las-primeras-empresas-radicadas-en-el-parque-tecnologico-e-industrial-intepark\/#article","isPartOf":{"@id":"https:\/\/diarioprincipios.com\/index.php\/2023\/04\/21\/se-realizo-la-entrega-de-posesiones-a-las-primeras-empresas-radicadas-en-el-parque-tecnologico-e-industrial-intepark\/"},"author":{"name":"Hern\u00e1n L\u00f3pez","@id":"https:\/\/diarioprincipios.com\/#\/schema\/person\/436d5a1fd41a5e250e23ff5a6a7cb080"},"headline":"Se realiz\u00f3 la entrega de posesiones a las primeras empresas radicadas en el Parque Tecnol\u00f3gico e Industrial Intepark","datePublished":"2023-04-21T11:06:17+00:00","dateModified":"2023-04-28T16:03:31+00:00","mainEntityOfPage":{"@id":"https:\/\/diarioprincipios.com\/index.php\/2023\/04\/21\/se-realizo-la-entrega-de-posesiones-a-las-primeras-empresas-radicadas-en-el-parque-tecnologico-e-industrial-intepark\/"},"wordCount":399,"commentCount":0,"publisher":{"@id":"https:\/\/diarioprincipios.com\/#organization"},"image":{"@id":"https:\/\/diarioprincipios.com\/index.php\/2023\/04\/21\/se-realizo-la-entrega-de-posesiones-a-las-primeras-empresas-radicadas-en-el-parque-tecnologico-e-industrial-intepark\/#primaryimage"},"thumbnailUrl":"https:\/\/diarioprincipios.com\/wp-content\/uploads\/2023\/04\/ENTREGARON-POSESIONES-A-LAS-PRIMERAS-EMPRESAS-RADICADAS-EN-EL-PARQUE-INDUSTRIAL-INTEPARK4.jpg","articleSection":["Berazategui"],"inLanguage":"es","potentialAction":[{"@type":"CommentAction","name":"Comment","target":["https:\/\/diarioprincipios.com\/index.php\/2023\/04\/21\/se-realizo-la-entrega-de-posesiones-a-las-primeras-empresas-radicadas-en-el-parque-tecnologico-e-industrial-intepark\/#respond"]}]},{"@type":"WebPage","@id":"https:\/\/diarioprincipios.com\/index.php\/2023\/04\/21\/se-realizo-la-entrega-de-posesiones-a-las-primeras-empresas-radicadas-en-el-parque-tecnologico-e-industrial-intepark\/","url":"https:\/\/diarioprincipios.com\/index.php\/2023\/04\/21\/se-realizo-la-entrega-de-posesiones-a-las-primeras-empresas-radicadas-en-el-parque-tecnologico-e-industrial-intepark\/","name":"Se realiz\u00f3 la entrega de posesiones a las primeras empresas radicadas en el Parque Tecnol\u00f3gico e Industrial Intepark - Principios","isPartOf":{"@id":"https:\/\/diarioprincipios.com\/#website"},"primaryImageOfPage":{"@id":"https:\/\/diarioprincipios.com\/index.php\/2023\/04\/21\/se-realizo-la-entrega-de-posesiones-a-las-primeras-empresas-radicadas-en-el-parque-tecnologico-e-industrial-intepark\/#primaryimage"},"image":{"@id":"https:\/\/diarioprincipios.com\/index.php\/2023\/04\/21\/se-realizo-la-entrega-de-posesiones-a-las-primeras-empresas-radicadas-en-el-parque-tecnologico-e-industrial-intepark\/#primaryimage"},"thumbnailUrl":"https:\/\/diarioprincipios.com\/wp-content\/uploads\/2023\/04\/ENTREGARON-POSESIONES-A-LAS-PRIMERAS-EMPRESAS-RADICADAS-EN-EL-PARQUE-INDUSTRIAL-INTEPARK4.jpg","datePublished":"2023-04-21T11:06:17+00:00","dateModified":"2023-04-28T16:03:31+00:00","breadcrumb":{"@id":"https:\/\/diarioprincipios.com\/index.php\/2023\/04\/21\/se-realizo-la-entrega-de-posesiones-a-las-primeras-empresas-radicadas-en-el-parque-tecnologico-e-industrial-intepark\/#breadcrumb"},"inLanguage":"es","potentialAction":[{"@type":"ReadAction","target":["https:\/\/diarioprincipios.com\/index.php\/2023\/04\/21\/se-realizo-la-entrega-de-posesiones-a-las-primeras-empresas-radicadas-en-el-parque-tecnologico-e-industrial-intepark\/"]}]},{"@type":"ImageObject","inLanguage":"es","@id":"https:\/\/diarioprincipios.com\/index.php\/2023\/04\/21\/se-realizo-la-entrega-de-posesiones-a-las-primeras-empresas-radicadas-en-el-parque-tecnologico-e-industrial-intepark\/#primaryimage","url":"https:\/\/diarioprincipios.com\/wp-content\/uploads\/2023\/04\/ENTREGARON-POSESIONES-A-LAS-PRIMERAS-EMPRESAS-RADICADAS-EN-EL-PARQUE-INDUSTRIAL-INTEPARK4.jpg","contentUrl":"https:\/\/diarioprincipios.com\/wp-content\/uploads\/2023\/04\/ENTREGARON-POSESIONES-A-LAS-PRIMERAS-EMPRESAS-RADICADAS-EN-EL-PARQUE-INDUSTRIAL-INTEPARK4.jpg","width":1600,"height":1066},{"@type":"BreadcrumbList","@id":"https:\/\/diarioprincipios.com\/index.php\/2023\/04\/21\/se-realizo-la-entrega-de-posesiones-a-las-primeras-empresas-radicadas-en-el-parque-tecnologico-e-industrial-intepark\/#breadcrumb","itemListElement":[{"@type":"ListItem","position":1,"name":"Portada","item":"https:\/\/diarioprincipios.com\/"},{"@type":"ListItem","position":2,"name":"Se realiz\u00f3 la entrega de posesiones a las primeras empresas radicadas en el Parque Tecnol\u00f3gico e Industrial Intepark"}]},{"@type":"WebSite","@id":"https:\/\/diarioprincipios.com\/#website","url":"https:\/\/diarioprincipios.com\/","name":"Principios","description":"Principios Diario","publisher":{"@id":"https:\/\/diarioprincipios.com\/#organization"},"potentialAction":[{"@type":"SearchAction","target":{"@type":"EntryPoint","urlTemplate":"https:\/\/diarioprincipios.com\/?s={search_term_string}"},"query-input":{"@type":"PropertyValueSpecification","valueRequired":true,"valueName":"search_term_string"}}],"inLanguage":"es"},{"@type":"Organization","@id":"https:\/\/diarioprincipios.com\/#organization","name":"Principios","url":"https:\/\/diarioprincipios.com\/","logo":{"@type":"ImageObject","inLanguage":"es","@id":"https:\/\/diarioprincipios.com\/#\/schema\/logo\/image\/","url":"https:\/\/diarioprincipios.com\/wp-content\/uploads\/2024\/04\/cropped-www.diarioprincipios.com_-1.png","contentUrl":"https:\/\/diarioprincipios.com\/wp-content\/uploads\/2024\/04\/cropped-www.diarioprincipios.com_-1.png","width":5325,"height":1454,"caption":"Principios"},"image":{"@id":"https:\/\/diarioprincipios.com\/#\/schema\/logo\/image\/"}},{"@type":"Person","@id":"https:\/\/diarioprincipios.com\/#\/schema\/person\/436d5a1fd41a5e250e23ff5a6a7cb080","name":"Hern\u00e1n L\u00f3pez","image":{"@type":"ImageObject","inLanguage":"es","@id":"https:\/\/diarioprincipios.com\/wp-content\/litespeed\/avatar\/11ddfe5610ff3bd100522525b2571f48.jpg?ver=1777048341","url":"https:\/\/diarioprincipios.com\/wp-content\/litespeed\/avatar\/11ddfe5610ff3bd100522525b2571f48.jpg?ver=1777048341","contentUrl":"https:\/\/diarioprincipios.com\/wp-content\/litespeed\/avatar\/11ddfe5610ff3bd100522525b2571f48.jpg?ver=1777048341","caption":"Hern\u00e1n L\u00f3pez"},"url":"https:\/\/diarioprincipios.com\/index.php\/author\/hernan\/"}]}},"jetpack_featured_media_url":"https:\/\/diarioprincipios.com\/wp-content\/uploads\/2023\/04\/ENTREGARON-POSESIONES-A-LAS-PRIMERAS-EMPRESAS-RADICADAS-EN-EL-PARQUE-INDUSTRIAL-INTEPARK4.jpg","_links":{"self":[{"href":"https:\/\/diarioprincipios.com\/index.php\/wp-json\/wp\/v2\/posts\/16678","targetHints":{"allow":["GET"]}}],"collection":[{"href":"https:\/\/diarioprincipios.com\/index.php\/wp-json\/wp\/v2\/posts"}],"about":[{"href":"https:\/\/diarioprincipios.com\/index.php\/wp-json\/wp\/v2\/types\/post"}],"author":[{"embeddable":true,"href":"https:\/\/diarioprincipios.com\/index.php\/wp-json\/wp\/v2\/users\/2"}],"replies":[{"embeddable":true,"href":"https:\/\/diarioprincipios.com\/index.php\/wp-json\/wp\/v2\/comments?post=16678"}],"version-history":[{"count":1,"href":"https:\/\/diarioprincipios.com\/index.php\/wp-json\/wp\/v2\/posts\/16678\/revisions"}],"predecessor-version":[{"id":16682,"href":"https:\/\/diarioprincipios.com\/index.php\/wp-json\/wp\/v2\/posts\/16678\/revisions\/16682"}],"wp:featuredmedia":[{"embeddable":true,"href":"https:\/\/diarioprincipios.com\/index.php\/wp-json\/wp\/v2\/media\/16681"}],"wp:attachment":[{"href":"https:\/\/diarioprincipios.com\/index.php\/wp-json\/wp\/v2\/media?parent=16678"}],"wp:term":[{"taxonomy":"category","embeddable":true,"href":"https:\/\/diarioprincipios.com\/index.php\/wp-json\/wp\/v2\/categories?post=16678"},{"taxonomy":"post_tag","embeddable":true,"href":"https:\/\/diarioprincipios.com\/index.php\/wp-json\/wp\/v2\/tags?post=16678"}],"curies":[{"name":"wp","href":"https:\/\/api.w.org\/{rel}","templated":true}]}}