{"id":16673,"date":"2023-04-21T08:01:08","date_gmt":"2023-04-21T11:01:08","guid":{"rendered":"http:\/\/diarioprincipios.com\/?p=16673"},"modified":"2023-04-28T13:03:26","modified_gmt":"2023-04-28T16:03:26","slug":"berazategui-es-la-unica-ciudad-fuera-de-europa-que-se-incorpora-a-la-red-internacional-de-municipios-hermanados-por-el-vidrio","status":"publish","type":"post","link":"https:\/\/diarioprincipios.com\/index.php\/2023\/04\/21\/berazategui-es-la-unica-ciudad-fuera-de-europa-que-se-incorpora-a-la-red-internacional-de-municipios-hermanados-por-el-vidrio\/","title":{"rendered":"Berazategui es la \u00fanica ciudad fuera de Europa que se incorpora a la Red Internacional de Municipios Hermanados por el Vidrio"},"content":{"rendered":"\n<p><strong>Berazategui es la \u00fanica ciudad fuera de Europa que se incorpora a la Red Internacional de Municipios Hermanados por el Vidrio. Este reconocimiento fue realizado por la Dra. Alicia Dur\u00e1n, coordinadora del A\u00f1o Internacional del Vidrio e integrante del Instituto de Cer\u00e1mica y Vidrio (ICV) del Consejo Superior de Investigaciones Cient\u00edficas (CSIC) de Espa\u00f1a, mediante la entrega de una llave simb\u00f3lica de vidrio al intendente Juan Jos\u00e9 Mussi, en el marco de su visita al Museo del Vidrio (MUVI) de Berazategui.<\/strong><\/p>\n\n\n\n<p>Tambi\u00e9n participaron los secretarios municipales de Cultura y Educaci\u00f3n, Federico L\u00f3pez; y de Trabajo, Juan Manuel Parra; adem\u00e1s de Nicol\u00e1s Rendtorff, ceramista berazateguense oriundo de Ranelagh, coordinador argentino del A\u00f1o Internacional del Vidrio 2022.<\/p>\n\n\n\n<figure class=\"wp-block-image size-large\"><img loading=\"lazy\" decoding=\"async\" width=\"1024\" height=\"683\" src=\"https:\/\/diarioprincipios.com\/wp-content\/uploads\/2023\/04\/BERAZATEGUI-SE-SUMO-A-LA-RED-INTERNACIONAL-DE-MUNICIPIOS-HERMANADOS-POR-EL-VIDRIO-3-1024x683.jpg\" alt=\"\" class=\"wp-image-16674\" srcset=\"https:\/\/diarioprincipios.com\/wp-content\/uploads\/2023\/04\/BERAZATEGUI-SE-SUMO-A-LA-RED-INTERNACIONAL-DE-MUNICIPIOS-HERMANADOS-POR-EL-VIDRIO-3-1024x683.jpg 1024w, https:\/\/diarioprincipios.com\/wp-content\/uploads\/2023\/04\/BERAZATEGUI-SE-SUMO-A-LA-RED-INTERNACIONAL-DE-MUNICIPIOS-HERMANADOS-POR-EL-VIDRIO-3-300x200.jpg 300w, https:\/\/diarioprincipios.com\/wp-content\/uploads\/2023\/04\/BERAZATEGUI-SE-SUMO-A-LA-RED-INTERNACIONAL-DE-MUNICIPIOS-HERMANADOS-POR-EL-VIDRIO-3-768x512.jpg 768w, https:\/\/diarioprincipios.com\/wp-content\/uploads\/2023\/04\/BERAZATEGUI-SE-SUMO-A-LA-RED-INTERNACIONAL-DE-MUNICIPIOS-HERMANADOS-POR-EL-VIDRIO-3-1536x1024.jpg 1536w, https:\/\/diarioprincipios.com\/wp-content\/uploads\/2023\/04\/BERAZATEGUI-SE-SUMO-A-LA-RED-INTERNACIONAL-DE-MUNICIPIOS-HERMANADOS-POR-EL-VIDRIO-3.jpg 1920w\" sizes=\"auto, (max-width: 1024px) 100vw, 1024px\" \/><\/figure>\n\n\n\n<p>Al respecto, el intendente Mussi expres\u00f3: \u201cBerazategui es reconocida en el exterior por su cultura del vidrio. La investigadora Alicia Dur\u00e1n nos entreg\u00f3 hoy la distinci\u00f3n \u00abMunicipios hermanados por el vidrio\u00bb, una iniciativa espa\u00f1ola que traspas\u00f3 las fronteras y lleg\u00f3 a nuestra Patria Chica. Con una llave confeccionada con vidrio reciclado, distinguieron nuestra labor en este rubro, parte importante de la identidad berazateguense\u201d.<\/p>\n\n\n\n<p>En tanto, la Dra. Dur\u00e1n inform\u00f3: \u201cVenimos trabajando sin fronteras con el fin de que la gente sepa para qu\u00e9 sirve el vidrio y por qu\u00e9 hoy en d\u00eda es sin\u00f3nimo de sustentabilidad. Visit\u00e9 Berazategui para incorporar al distrito a la Red Internacional de Municipios Hermanados por el Vidrio, la primera ciudad fuera de Europa en sumarse. Tambi\u00e9n, para pedirle al intendente Mussi que siga con su compromiso con el vidrio\u201d.<\/p>\n\n\n\n<figure class=\"wp-block-image size-large\"><img loading=\"lazy\" decoding=\"async\" width=\"1024\" height=\"683\" src=\"https:\/\/diarioprincipios.com\/wp-content\/uploads\/2023\/04\/BERAZATEGUI-SE-SUMO-A-LA-RED-INTERNACIONAL-DE-MUNICIPIOS-HERMANADOS-POR-EL-VIDRIO-2-1024x683.jpg\" alt=\"\" class=\"wp-image-16675\" srcset=\"https:\/\/diarioprincipios.com\/wp-content\/uploads\/2023\/04\/BERAZATEGUI-SE-SUMO-A-LA-RED-INTERNACIONAL-DE-MUNICIPIOS-HERMANADOS-POR-EL-VIDRIO-2-1024x683.jpg 1024w, https:\/\/diarioprincipios.com\/wp-content\/uploads\/2023\/04\/BERAZATEGUI-SE-SUMO-A-LA-RED-INTERNACIONAL-DE-MUNICIPIOS-HERMANADOS-POR-EL-VIDRIO-2-300x200.jpg 300w, https:\/\/diarioprincipios.com\/wp-content\/uploads\/2023\/04\/BERAZATEGUI-SE-SUMO-A-LA-RED-INTERNACIONAL-DE-MUNICIPIOS-HERMANADOS-POR-EL-VIDRIO-2-768x512.jpg 768w, https:\/\/diarioprincipios.com\/wp-content\/uploads\/2023\/04\/BERAZATEGUI-SE-SUMO-A-LA-RED-INTERNACIONAL-DE-MUNICIPIOS-HERMANADOS-POR-EL-VIDRIO-2-1536x1024.jpg 1536w, https:\/\/diarioprincipios.com\/wp-content\/uploads\/2023\/04\/BERAZATEGUI-SE-SUMO-A-LA-RED-INTERNACIONAL-DE-MUNICIPIOS-HERMANADOS-POR-EL-VIDRIO-2.jpg 1920w\" sizes=\"auto, (max-width: 1024px) 100vw, 1024px\" \/><\/figure>\n\n\n\n<p>El proyecto de la declaraci\u00f3n de 2022 como el A\u00f1o Internacional del Vidrio -aprobado por la Asamblea General de Naciones Unidas-, fue lanzado y presentado en 2019 por la International Comission on Glass (ICG), dirigida por\u00a0Alicia Dur\u00e1n. Entre otras distinciones, ella\u00a0fue presidenta\u00a0de la Comisi\u00f3n Internacional del Vidrio de las Naciones Unidas y es actualmente la titular de la Comisi\u00f3n Nacional del Vidrio. Adem\u00e1s, es profesora de Investigaci\u00f3n del Consejo Superior de Investigaciones Cient\u00edficas de Espa\u00f1a. Es Licenciada en F\u00edsica por la Universidad Nacional de C\u00f3rdoba (Argentina) y PhD por la Universidad Aut\u00f3noma de Madrid.<\/p>\n","protected":false},"excerpt":{"rendered":"<p>Berazategui es la \u00fanica ciudad fuera de Europa que se incorpora a la Red Internacional de Municipios Hermanados por el Vidrio. Este reconocimiento fue realizado por la Dra. Alicia Dur\u00e1n, coordinadora del A\u00f1o Internacional del Vidrio e integrante del Instituto de Cer\u00e1mica y Vidrio (ICV) del Consejo Superior de Investigaciones Cient\u00edficas (CSIC) de Espa\u00f1a, mediante&#8230;<\/p>\n","protected":false},"author":2,"featured_media":16676,"comment_status":"open","ping_status":"open","sticky":false,"template":"","format":"standard","meta":{"footnotes":""},"categories":[3],"tags":[],"class_list":["post-16673","post","type-post","status-publish","format-standard","has-post-thumbnail","hentry","category-berazategui"],"featured_image_src":"https:\/\/diarioprincipios.com\/wp-content\/uploads\/2023\/04\/BERAZATEGUI-SE-SUMO-A-LA-RED-INTERNACIONAL-DE-MUNICIPIOS-HERMANADOS-POR-EL-VIDRIO-4-1024x683.jpg","blog_images":{"medium":"https:\/\/diarioprincipios.com\/wp-content\/uploads\/2023\/04\/BERAZATEGUI-SE-SUMO-A-LA-RED-INTERNACIONAL-DE-MUNICIPIOS-HERMANADOS-POR-EL-VIDRIO-4-300x200.jpg","large":"https:\/\/diarioprincipios.com\/wp-content\/uploads\/2023\/04\/BERAZATEGUI-SE-SUMO-A-LA-RED-INTERNACIONAL-DE-MUNICIPIOS-HERMANADOS-POR-EL-VIDRIO-4-1024x683.jpg"},"ams_acf":[],"yoast_head":"<!-- This site is optimized with the Yoast SEO plugin v27.3 - https:\/\/yoast.com\/product\/yoast-seo-wordpress\/ -->\n<title>Berazategui es la \u00fanica ciudad fuera de Europa que se incorpora a la Red Internacional de Municipios Hermanados por el Vidrio - Principios<\/title>\n<meta name=\"robots\" content=\"index, follow, max-snippet:-1, max-image-preview:large, max-video-preview:-1\" \/>\n<link rel=\"canonical\" href=\"https:\/\/diarioprincipios.com\/index.php\/2023\/04\/21\/berazategui-es-la-unica-ciudad-fuera-de-europa-que-se-incorpora-a-la-red-internacional-de-municipios-hermanados-por-el-vidrio\/\" \/>\n<meta property=\"og:locale\" content=\"es_ES\" \/>\n<meta property=\"og:type\" content=\"article\" \/>\n<meta property=\"og:title\" content=\"Berazategui es la \u00fanica ciudad fuera de Europa que se incorpora a la Red Internacional de Municipios Hermanados por el Vidrio - Principios\" \/>\n<meta property=\"og:description\" content=\"Berazategui es la \u00fanica ciudad fuera de Europa que se incorpora a la Red Internacional de Municipios Hermanados por el Vidrio. Este reconocimiento fue realizado por la Dra. Alicia Dur\u00e1n, coordinadora del A\u00f1o Internacional del Vidrio e integrante del Instituto de Cer\u00e1mica y Vidrio (ICV) del Consejo Superior de Investigaciones Cient\u00edficas (CSIC) de Espa\u00f1a, mediante...\" \/>\n<meta property=\"og:url\" content=\"https:\/\/diarioprincipios.com\/index.php\/2023\/04\/21\/berazategui-es-la-unica-ciudad-fuera-de-europa-que-se-incorpora-a-la-red-internacional-de-municipios-hermanados-por-el-vidrio\/\" \/>\n<meta property=\"og:site_name\" content=\"Principios\" \/>\n<meta property=\"article:published_time\" content=\"2023-04-21T11:01:08+00:00\" \/>\n<meta property=\"article:modified_time\" content=\"2023-04-28T16:03:26+00:00\" \/>\n<meta property=\"og:image\" content=\"https:\/\/diarioprincipios.com\/wp-content\/uploads\/2023\/04\/BERAZATEGUI-SE-SUMO-A-LA-RED-INTERNACIONAL-DE-MUNICIPIOS-HERMANADOS-POR-EL-VIDRIO-4.jpg\" \/>\n\t<meta property=\"og:image:width\" content=\"1920\" \/>\n\t<meta property=\"og:image:height\" content=\"1280\" \/>\n\t<meta property=\"og:image:type\" content=\"image\/jpeg\" \/>\n<meta name=\"author\" content=\"Hern\u00e1n L\u00f3pez\" \/>\n<meta name=\"twitter:card\" content=\"summary_large_image\" \/>\n<meta name=\"twitter:label1\" content=\"Escrito por\" \/>\n\t<meta name=\"twitter:data1\" content=\"Hern\u00e1n L\u00f3pez\" \/>\n\t<meta name=\"twitter:label2\" content=\"Tiempo de lectura\" \/>\n\t<meta name=\"twitter:data2\" content=\"2 minutos\" \/>\n<script type=\"application\/ld+json\" class=\"yoast-schema-graph\">{\"@context\":\"https:\\\/\\\/schema.org\",\"@graph\":[{\"@type\":\"Article\",\"@id\":\"https:\\\/\\\/diarioprincipios.com\\\/index.php\\\/2023\\\/04\\\/21\\\/berazategui-es-la-unica-ciudad-fuera-de-europa-que-se-incorpora-a-la-red-internacional-de-municipios-hermanados-por-el-vidrio\\\/#article\",\"isPartOf\":{\"@id\":\"https:\\\/\\\/diarioprincipios.com\\\/index.php\\\/2023\\\/04\\\/21\\\/berazategui-es-la-unica-ciudad-fuera-de-europa-que-se-incorpora-a-la-red-internacional-de-municipios-hermanados-por-el-vidrio\\\/\"},\"author\":{\"name\":\"Hern\u00e1n L\u00f3pez\",\"@id\":\"https:\\\/\\\/diarioprincipios.com\\\/#\\\/schema\\\/person\\\/436d5a1fd41a5e250e23ff5a6a7cb080\"},\"headline\":\"Berazategui es la \u00fanica ciudad fuera de Europa que se incorpora a la Red Internacional de Municipios Hermanados por el Vidrio\",\"datePublished\":\"2023-04-21T11:01:08+00:00\",\"dateModified\":\"2023-04-28T16:03:26+00:00\",\"mainEntityOfPage\":{\"@id\":\"https:\\\/\\\/diarioprincipios.com\\\/index.php\\\/2023\\\/04\\\/21\\\/berazategui-es-la-unica-ciudad-fuera-de-europa-que-se-incorpora-a-la-red-internacional-de-municipios-hermanados-por-el-vidrio\\\/\"},\"wordCount\":395,\"commentCount\":0,\"publisher\":{\"@id\":\"https:\\\/\\\/diarioprincipios.com\\\/#organization\"},\"image\":{\"@id\":\"https:\\\/\\\/diarioprincipios.com\\\/index.php\\\/2023\\\/04\\\/21\\\/berazategui-es-la-unica-ciudad-fuera-de-europa-que-se-incorpora-a-la-red-internacional-de-municipios-hermanados-por-el-vidrio\\\/#primaryimage\"},\"thumbnailUrl\":\"https:\\\/\\\/diarioprincipios.com\\\/wp-content\\\/uploads\\\/2023\\\/04\\\/BERAZATEGUI-SE-SUMO-A-LA-RED-INTERNACIONAL-DE-MUNICIPIOS-HERMANADOS-POR-EL-VIDRIO-4.jpg\",\"articleSection\":[\"Berazategui\"],\"inLanguage\":\"es\",\"potentialAction\":[{\"@type\":\"CommentAction\",\"name\":\"Comment\",\"target\":[\"https:\\\/\\\/diarioprincipios.com\\\/index.php\\\/2023\\\/04\\\/21\\\/berazategui-es-la-unica-ciudad-fuera-de-europa-que-se-incorpora-a-la-red-internacional-de-municipios-hermanados-por-el-vidrio\\\/#respond\"]}]},{\"@type\":\"WebPage\",\"@id\":\"https:\\\/\\\/diarioprincipios.com\\\/index.php\\\/2023\\\/04\\\/21\\\/berazategui-es-la-unica-ciudad-fuera-de-europa-que-se-incorpora-a-la-red-internacional-de-municipios-hermanados-por-el-vidrio\\\/\",\"url\":\"https:\\\/\\\/diarioprincipios.com\\\/index.php\\\/2023\\\/04\\\/21\\\/berazategui-es-la-unica-ciudad-fuera-de-europa-que-se-incorpora-a-la-red-internacional-de-municipios-hermanados-por-el-vidrio\\\/\",\"name\":\"Berazategui es la \u00fanica ciudad fuera de Europa que se incorpora a la Red Internacional de Municipios Hermanados por el Vidrio - Principios\",\"isPartOf\":{\"@id\":\"https:\\\/\\\/diarioprincipios.com\\\/#website\"},\"primaryImageOfPage\":{\"@id\":\"https:\\\/\\\/diarioprincipios.com\\\/index.php\\\/2023\\\/04\\\/21\\\/berazategui-es-la-unica-ciudad-fuera-de-europa-que-se-incorpora-a-la-red-internacional-de-municipios-hermanados-por-el-vidrio\\\/#primaryimage\"},\"image\":{\"@id\":\"https:\\\/\\\/diarioprincipios.com\\\/index.php\\\/2023\\\/04\\\/21\\\/berazategui-es-la-unica-ciudad-fuera-de-europa-que-se-incorpora-a-la-red-internacional-de-municipios-hermanados-por-el-vidrio\\\/#primaryimage\"},\"thumbnailUrl\":\"https:\\\/\\\/diarioprincipios.com\\\/wp-content\\\/uploads\\\/2023\\\/04\\\/BERAZATEGUI-SE-SUMO-A-LA-RED-INTERNACIONAL-DE-MUNICIPIOS-HERMANADOS-POR-EL-VIDRIO-4.jpg\",\"datePublished\":\"2023-04-21T11:01:08+00:00\",\"dateModified\":\"2023-04-28T16:03:26+00:00\",\"breadcrumb\":{\"@id\":\"https:\\\/\\\/diarioprincipios.com\\\/index.php\\\/2023\\\/04\\\/21\\\/berazategui-es-la-unica-ciudad-fuera-de-europa-que-se-incorpora-a-la-red-internacional-de-municipios-hermanados-por-el-vidrio\\\/#breadcrumb\"},\"inLanguage\":\"es\",\"potentialAction\":[{\"@type\":\"ReadAction\",\"target\":[\"https:\\\/\\\/diarioprincipios.com\\\/index.php\\\/2023\\\/04\\\/21\\\/berazategui-es-la-unica-ciudad-fuera-de-europa-que-se-incorpora-a-la-red-internacional-de-municipios-hermanados-por-el-vidrio\\\/\"]}]},{\"@type\":\"ImageObject\",\"inLanguage\":\"es\",\"@id\":\"https:\\\/\\\/diarioprincipios.com\\\/index.php\\\/2023\\\/04\\\/21\\\/berazategui-es-la-unica-ciudad-fuera-de-europa-que-se-incorpora-a-la-red-internacional-de-municipios-hermanados-por-el-vidrio\\\/#primaryimage\",\"url\":\"https:\\\/\\\/diarioprincipios.com\\\/wp-content\\\/uploads\\\/2023\\\/04\\\/BERAZATEGUI-SE-SUMO-A-LA-RED-INTERNACIONAL-DE-MUNICIPIOS-HERMANADOS-POR-EL-VIDRIO-4.jpg\",\"contentUrl\":\"https:\\\/\\\/diarioprincipios.com\\\/wp-content\\\/uploads\\\/2023\\\/04\\\/BERAZATEGUI-SE-SUMO-A-LA-RED-INTERNACIONAL-DE-MUNICIPIOS-HERMANADOS-POR-EL-VIDRIO-4.jpg\",\"width\":1920,\"height\":1280},{\"@type\":\"BreadcrumbList\",\"@id\":\"https:\\\/\\\/diarioprincipios.com\\\/index.php\\\/2023\\\/04\\\/21\\\/berazategui-es-la-unica-ciudad-fuera-de-europa-que-se-incorpora-a-la-red-internacional-de-municipios-hermanados-por-el-vidrio\\\/#breadcrumb\",\"itemListElement\":[{\"@type\":\"ListItem\",\"position\":1,\"name\":\"Portada\",\"item\":\"https:\\\/\\\/diarioprincipios.com\\\/\"},{\"@type\":\"ListItem\",\"position\":2,\"name\":\"Berazategui es la \u00fanica ciudad fuera de Europa que se incorpora a la Red Internacional de Municipios Hermanados por el Vidrio\"}]},{\"@type\":\"WebSite\",\"@id\":\"https:\\\/\\\/diarioprincipios.com\\\/#website\",\"url\":\"https:\\\/\\\/diarioprincipios.com\\\/\",\"name\":\"Principios\",\"description\":\"Principios Diario\",\"publisher\":{\"@id\":\"https:\\\/\\\/diarioprincipios.com\\\/#organization\"},\"potentialAction\":[{\"@type\":\"SearchAction\",\"target\":{\"@type\":\"EntryPoint\",\"urlTemplate\":\"https:\\\/\\\/diarioprincipios.com\\\/?s={search_term_string}\"},\"query-input\":{\"@type\":\"PropertyValueSpecification\",\"valueRequired\":true,\"valueName\":\"search_term_string\"}}],\"inLanguage\":\"es\"},{\"@type\":\"Organization\",\"@id\":\"https:\\\/\\\/diarioprincipios.com\\\/#organization\",\"name\":\"Principios\",\"url\":\"https:\\\/\\\/diarioprincipios.com\\\/\",\"logo\":{\"@type\":\"ImageObject\",\"inLanguage\":\"es\",\"@id\":\"https:\\\/\\\/diarioprincipios.com\\\/#\\\/schema\\\/logo\\\/image\\\/\",\"url\":\"https:\\\/\\\/diarioprincipios.com\\\/wp-content\\\/uploads\\\/2024\\\/04\\\/cropped-www.diarioprincipios.com_-1.png\",\"contentUrl\":\"https:\\\/\\\/diarioprincipios.com\\\/wp-content\\\/uploads\\\/2024\\\/04\\\/cropped-www.diarioprincipios.com_-1.png\",\"width\":5325,\"height\":1454,\"caption\":\"Principios\"},\"image\":{\"@id\":\"https:\\\/\\\/diarioprincipios.com\\\/#\\\/schema\\\/logo\\\/image\\\/\"}},{\"@type\":\"Person\",\"@id\":\"https:\\\/\\\/diarioprincipios.com\\\/#\\\/schema\\\/person\\\/436d5a1fd41a5e250e23ff5a6a7cb080\",\"name\":\"Hern\u00e1n L\u00f3pez\",\"image\":{\"@type\":\"ImageObject\",\"inLanguage\":\"es\",\"@id\":\"https:\\\/\\\/diarioprincipios.com\\\/wp-content\\\/litespeed\\\/avatar\\\/11ddfe5610ff3bd100522525b2571f48.jpg?ver=1777048341\",\"url\":\"https:\\\/\\\/diarioprincipios.com\\\/wp-content\\\/litespeed\\\/avatar\\\/11ddfe5610ff3bd100522525b2571f48.jpg?ver=1777048341\",\"contentUrl\":\"https:\\\/\\\/diarioprincipios.com\\\/wp-content\\\/litespeed\\\/avatar\\\/11ddfe5610ff3bd100522525b2571f48.jpg?ver=1777048341\",\"caption\":\"Hern\u00e1n L\u00f3pez\"},\"url\":\"https:\\\/\\\/diarioprincipios.com\\\/index.php\\\/author\\\/hernan\\\/\"}]}<\/script>\n<!-- \/ Yoast SEO plugin. -->","yoast_head_json":{"title":"Berazategui es la \u00fanica ciudad fuera de Europa que se incorpora a la Red Internacional de Municipios Hermanados por el Vidrio - Principios","robots":{"index":"index","follow":"follow","max-snippet":"max-snippet:-1","max-image-preview":"max-image-preview:large","max-video-preview":"max-video-preview:-1"},"canonical":"https:\/\/diarioprincipios.com\/index.php\/2023\/04\/21\/berazategui-es-la-unica-ciudad-fuera-de-europa-que-se-incorpora-a-la-red-internacional-de-municipios-hermanados-por-el-vidrio\/","og_locale":"es_ES","og_type":"article","og_title":"Berazategui es la \u00fanica ciudad fuera de Europa que se incorpora a la Red Internacional de Municipios Hermanados por el Vidrio - Principios","og_description":"Berazategui es la \u00fanica ciudad fuera de Europa que se incorpora a la Red Internacional de Municipios Hermanados por el Vidrio. Este reconocimiento fue realizado por la Dra. Alicia Dur\u00e1n, coordinadora del A\u00f1o Internacional del Vidrio e integrante del Instituto de Cer\u00e1mica y Vidrio (ICV) del Consejo Superior de Investigaciones Cient\u00edficas (CSIC) de Espa\u00f1a, mediante...","og_url":"https:\/\/diarioprincipios.com\/index.php\/2023\/04\/21\/berazategui-es-la-unica-ciudad-fuera-de-europa-que-se-incorpora-a-la-red-internacional-de-municipios-hermanados-por-el-vidrio\/","og_site_name":"Principios","article_published_time":"2023-04-21T11:01:08+00:00","article_modified_time":"2023-04-28T16:03:26+00:00","og_image":[{"width":1920,"height":1280,"url":"https:\/\/diarioprincipios.com\/wp-content\/uploads\/2023\/04\/BERAZATEGUI-SE-SUMO-A-LA-RED-INTERNACIONAL-DE-MUNICIPIOS-HERMANADOS-POR-EL-VIDRIO-4.jpg","type":"image\/jpeg"}],"author":"Hern\u00e1n L\u00f3pez","twitter_card":"summary_large_image","twitter_misc":{"Escrito por":"Hern\u00e1n L\u00f3pez","Tiempo de lectura":"2 minutos"},"schema":{"@context":"https:\/\/schema.org","@graph":[{"@type":"Article","@id":"https:\/\/diarioprincipios.com\/index.php\/2023\/04\/21\/berazategui-es-la-unica-ciudad-fuera-de-europa-que-se-incorpora-a-la-red-internacional-de-municipios-hermanados-por-el-vidrio\/#article","isPartOf":{"@id":"https:\/\/diarioprincipios.com\/index.php\/2023\/04\/21\/berazategui-es-la-unica-ciudad-fuera-de-europa-que-se-incorpora-a-la-red-internacional-de-municipios-hermanados-por-el-vidrio\/"},"author":{"name":"Hern\u00e1n L\u00f3pez","@id":"https:\/\/diarioprincipios.com\/#\/schema\/person\/436d5a1fd41a5e250e23ff5a6a7cb080"},"headline":"Berazategui es la \u00fanica ciudad fuera de Europa que se incorpora a la Red Internacional de Municipios Hermanados por el Vidrio","datePublished":"2023-04-21T11:01:08+00:00","dateModified":"2023-04-28T16:03:26+00:00","mainEntityOfPage":{"@id":"https:\/\/diarioprincipios.com\/index.php\/2023\/04\/21\/berazategui-es-la-unica-ciudad-fuera-de-europa-que-se-incorpora-a-la-red-internacional-de-municipios-hermanados-por-el-vidrio\/"},"wordCount":395,"commentCount":0,"publisher":{"@id":"https:\/\/diarioprincipios.com\/#organization"},"image":{"@id":"https:\/\/diarioprincipios.com\/index.php\/2023\/04\/21\/berazategui-es-la-unica-ciudad-fuera-de-europa-que-se-incorpora-a-la-red-internacional-de-municipios-hermanados-por-el-vidrio\/#primaryimage"},"thumbnailUrl":"https:\/\/diarioprincipios.com\/wp-content\/uploads\/2023\/04\/BERAZATEGUI-SE-SUMO-A-LA-RED-INTERNACIONAL-DE-MUNICIPIOS-HERMANADOS-POR-EL-VIDRIO-4.jpg","articleSection":["Berazategui"],"inLanguage":"es","potentialAction":[{"@type":"CommentAction","name":"Comment","target":["https:\/\/diarioprincipios.com\/index.php\/2023\/04\/21\/berazategui-es-la-unica-ciudad-fuera-de-europa-que-se-incorpora-a-la-red-internacional-de-municipios-hermanados-por-el-vidrio\/#respond"]}]},{"@type":"WebPage","@id":"https:\/\/diarioprincipios.com\/index.php\/2023\/04\/21\/berazategui-es-la-unica-ciudad-fuera-de-europa-que-se-incorpora-a-la-red-internacional-de-municipios-hermanados-por-el-vidrio\/","url":"https:\/\/diarioprincipios.com\/index.php\/2023\/04\/21\/berazategui-es-la-unica-ciudad-fuera-de-europa-que-se-incorpora-a-la-red-internacional-de-municipios-hermanados-por-el-vidrio\/","name":"Berazategui es la \u00fanica ciudad fuera de Europa que se incorpora a la Red Internacional de Municipios Hermanados por el Vidrio - Principios","isPartOf":{"@id":"https:\/\/diarioprincipios.com\/#website"},"primaryImageOfPage":{"@id":"https:\/\/diarioprincipios.com\/index.php\/2023\/04\/21\/berazategui-es-la-unica-ciudad-fuera-de-europa-que-se-incorpora-a-la-red-internacional-de-municipios-hermanados-por-el-vidrio\/#primaryimage"},"image":{"@id":"https:\/\/diarioprincipios.com\/index.php\/2023\/04\/21\/berazategui-es-la-unica-ciudad-fuera-de-europa-que-se-incorpora-a-la-red-internacional-de-municipios-hermanados-por-el-vidrio\/#primaryimage"},"thumbnailUrl":"https:\/\/diarioprincipios.com\/wp-content\/uploads\/2023\/04\/BERAZATEGUI-SE-SUMO-A-LA-RED-INTERNACIONAL-DE-MUNICIPIOS-HERMANADOS-POR-EL-VIDRIO-4.jpg","datePublished":"2023-04-21T11:01:08+00:00","dateModified":"2023-04-28T16:03:26+00:00","breadcrumb":{"@id":"https:\/\/diarioprincipios.com\/index.php\/2023\/04\/21\/berazategui-es-la-unica-ciudad-fuera-de-europa-que-se-incorpora-a-la-red-internacional-de-municipios-hermanados-por-el-vidrio\/#breadcrumb"},"inLanguage":"es","potentialAction":[{"@type":"ReadAction","target":["https:\/\/diarioprincipios.com\/index.php\/2023\/04\/21\/berazategui-es-la-unica-ciudad-fuera-de-europa-que-se-incorpora-a-la-red-internacional-de-municipios-hermanados-por-el-vidrio\/"]}]},{"@type":"ImageObject","inLanguage":"es","@id":"https:\/\/diarioprincipios.com\/index.php\/2023\/04\/21\/berazategui-es-la-unica-ciudad-fuera-de-europa-que-se-incorpora-a-la-red-internacional-de-municipios-hermanados-por-el-vidrio\/#primaryimage","url":"https:\/\/diarioprincipios.com\/wp-content\/uploads\/2023\/04\/BERAZATEGUI-SE-SUMO-A-LA-RED-INTERNACIONAL-DE-MUNICIPIOS-HERMANADOS-POR-EL-VIDRIO-4.jpg","contentUrl":"https:\/\/diarioprincipios.com\/wp-content\/uploads\/2023\/04\/BERAZATEGUI-SE-SUMO-A-LA-RED-INTERNACIONAL-DE-MUNICIPIOS-HERMANADOS-POR-EL-VIDRIO-4.jpg","width":1920,"height":1280},{"@type":"BreadcrumbList","@id":"https:\/\/diarioprincipios.com\/index.php\/2023\/04\/21\/berazategui-es-la-unica-ciudad-fuera-de-europa-que-se-incorpora-a-la-red-internacional-de-municipios-hermanados-por-el-vidrio\/#breadcrumb","itemListElement":[{"@type":"ListItem","position":1,"name":"Portada","item":"https:\/\/diarioprincipios.com\/"},{"@type":"ListItem","position":2,"name":"Berazategui es la \u00fanica ciudad fuera de Europa que se incorpora a la Red Internacional de Municipios Hermanados por el Vidrio"}]},{"@type":"WebSite","@id":"https:\/\/diarioprincipios.com\/#website","url":"https:\/\/diarioprincipios.com\/","name":"Principios","description":"Principios Diario","publisher":{"@id":"https:\/\/diarioprincipios.com\/#organization"},"potentialAction":[{"@type":"SearchAction","target":{"@type":"EntryPoint","urlTemplate":"https:\/\/diarioprincipios.com\/?s={search_term_string}"},"query-input":{"@type":"PropertyValueSpecification","valueRequired":true,"valueName":"search_term_string"}}],"inLanguage":"es"},{"@type":"Organization","@id":"https:\/\/diarioprincipios.com\/#organization","name":"Principios","url":"https:\/\/diarioprincipios.com\/","logo":{"@type":"ImageObject","inLanguage":"es","@id":"https:\/\/diarioprincipios.com\/#\/schema\/logo\/image\/","url":"https:\/\/diarioprincipios.com\/wp-content\/uploads\/2024\/04\/cropped-www.diarioprincipios.com_-1.png","contentUrl":"https:\/\/diarioprincipios.com\/wp-content\/uploads\/2024\/04\/cropped-www.diarioprincipios.com_-1.png","width":5325,"height":1454,"caption":"Principios"},"image":{"@id":"https:\/\/diarioprincipios.com\/#\/schema\/logo\/image\/"}},{"@type":"Person","@id":"https:\/\/diarioprincipios.com\/#\/schema\/person\/436d5a1fd41a5e250e23ff5a6a7cb080","name":"Hern\u00e1n L\u00f3pez","image":{"@type":"ImageObject","inLanguage":"es","@id":"https:\/\/diarioprincipios.com\/wp-content\/litespeed\/avatar\/11ddfe5610ff3bd100522525b2571f48.jpg?ver=1777048341","url":"https:\/\/diarioprincipios.com\/wp-content\/litespeed\/avatar\/11ddfe5610ff3bd100522525b2571f48.jpg?ver=1777048341","contentUrl":"https:\/\/diarioprincipios.com\/wp-content\/litespeed\/avatar\/11ddfe5610ff3bd100522525b2571f48.jpg?ver=1777048341","caption":"Hern\u00e1n L\u00f3pez"},"url":"https:\/\/diarioprincipios.com\/index.php\/author\/hernan\/"}]}},"jetpack_featured_media_url":"https:\/\/diarioprincipios.com\/wp-content\/uploads\/2023\/04\/BERAZATEGUI-SE-SUMO-A-LA-RED-INTERNACIONAL-DE-MUNICIPIOS-HERMANADOS-POR-EL-VIDRIO-4.jpg","_links":{"self":[{"href":"https:\/\/diarioprincipios.com\/index.php\/wp-json\/wp\/v2\/posts\/16673","targetHints":{"allow":["GET"]}}],"collection":[{"href":"https:\/\/diarioprincipios.com\/index.php\/wp-json\/wp\/v2\/posts"}],"about":[{"href":"https:\/\/diarioprincipios.com\/index.php\/wp-json\/wp\/v2\/types\/post"}],"author":[{"embeddable":true,"href":"https:\/\/diarioprincipios.com\/index.php\/wp-json\/wp\/v2\/users\/2"}],"replies":[{"embeddable":true,"href":"https:\/\/diarioprincipios.com\/index.php\/wp-json\/wp\/v2\/comments?post=16673"}],"version-history":[{"count":1,"href":"https:\/\/diarioprincipios.com\/index.php\/wp-json\/wp\/v2\/posts\/16673\/revisions"}],"predecessor-version":[{"id":16677,"href":"https:\/\/diarioprincipios.com\/index.php\/wp-json\/wp\/v2\/posts\/16673\/revisions\/16677"}],"wp:featuredmedia":[{"embeddable":true,"href":"https:\/\/diarioprincipios.com\/index.php\/wp-json\/wp\/v2\/media\/16676"}],"wp:attachment":[{"href":"https:\/\/diarioprincipios.com\/index.php\/wp-json\/wp\/v2\/media?parent=16673"}],"wp:term":[{"taxonomy":"category","embeddable":true,"href":"https:\/\/diarioprincipios.com\/index.php\/wp-json\/wp\/v2\/categories?post=16673"},{"taxonomy":"post_tag","embeddable":true,"href":"https:\/\/diarioprincipios.com\/index.php\/wp-json\/wp\/v2\/tags?post=16673"}],"curies":[{"name":"wp","href":"https:\/\/api.w.org\/{rel}","templated":true}]}}