{"id":16660,"date":"2023-04-20T22:15:26","date_gmt":"2023-04-21T01:15:26","guid":{"rendered":"http:\/\/diarioprincipios.com\/?p=16660"},"modified":"2023-04-28T13:03:01","modified_gmt":"2023-04-28T16:03:01","slug":"mussi-y-costa-inauguraron-obras-en-el-parque-industrial-platanos-y-firmaron-acuerdos","status":"publish","type":"post","link":"https:\/\/diarioprincipios.com\/index.php\/2023\/04\/20\/mussi-y-costa-inauguraron-obras-en-el-parque-industrial-platanos-y-firmaron-acuerdos\/","title":{"rendered":"Mussi y Costa inauguraron obras en el Parque Industrial Pl\u00e1tanos y firmaron Acuerdos"},"content":{"rendered":"\n<p><strong>Se inauguraron las obras de la nueva red y planta de bombeo cloacal en el Parque Industrial Pl\u00e1tanos y se firm\u00f3 un acuerdo de cooperaci\u00f3n para impulsar y fortalecer a cooperativas locales. Estas acciones fueron encabezadas por el intendente de Berazategui, Juan Jos\u00e9 Mussi; quien estuvo acompa\u00f1ado por el ministro de Producci\u00f3n, Ciencia e Innovaci\u00f3n Tecnol\u00f3gica de la Provincia, Augusto Costa.<\/strong><\/p>\n\n\n\n<p>\u201cEl trabajo es el gran moderador social y le da dignidad a la gente\u201d, comenz\u00f3 remarcando Mussi, quien -adem\u00e1s- expres\u00f3 su gratitud con el Gobierno provincial \u00abpor el constante impulso al desarrollo de la industria berazateguense: \u201cAugusto (Costa) es un amigo del Municipio. Les agradezco, tanto a \u00e9l como a Axel Kicillof, por los aportes que realizan para que generemos empleo genuino en nuestra ciudad. Tenemos que tener memoria y reconocer a quienes nos ayudaron todo este tiempo\u201d.<\/p>\n\n\n\n<figure class=\"wp-block-image size-large\"><img loading=\"lazy\" decoding=\"async\" width=\"1024\" height=\"682\" src=\"https:\/\/diarioprincipios.com\/wp-content\/uploads\/2023\/04\/MUSSI-Y-COSTA-INAUGURARON-OBRAS-EN-EL-PARQUE-INDUSTRIAL-PLATANOS1-1024x682.jpg\" alt=\"\" class=\"wp-image-16661\" srcset=\"https:\/\/diarioprincipios.com\/wp-content\/uploads\/2023\/04\/MUSSI-Y-COSTA-INAUGURARON-OBRAS-EN-EL-PARQUE-INDUSTRIAL-PLATANOS1-1024x682.jpg 1024w, https:\/\/diarioprincipios.com\/wp-content\/uploads\/2023\/04\/MUSSI-Y-COSTA-INAUGURARON-OBRAS-EN-EL-PARQUE-INDUSTRIAL-PLATANOS1-300x200.jpg 300w, https:\/\/diarioprincipios.com\/wp-content\/uploads\/2023\/04\/MUSSI-Y-COSTA-INAUGURARON-OBRAS-EN-EL-PARQUE-INDUSTRIAL-PLATANOS1-768x512.jpg 768w, https:\/\/diarioprincipios.com\/wp-content\/uploads\/2023\/04\/MUSSI-Y-COSTA-INAUGURARON-OBRAS-EN-EL-PARQUE-INDUSTRIAL-PLATANOS1-1536x1023.jpg 1536w, https:\/\/diarioprincipios.com\/wp-content\/uploads\/2023\/04\/MUSSI-Y-COSTA-INAUGURARON-OBRAS-EN-EL-PARQUE-INDUSTRIAL-PLATANOS1.jpg 1600w\" sizes=\"auto, (max-width: 1024px) 100vw, 1024px\" \/><\/figure>\n\n\n\n<p>Por su parte, Costa resalt\u00f3: \u201cBerazategui es el \u00fanico partido de Buenos Aires que recibi\u00f3 dos subsidios para Parques Industriales. Esto es gracias a la labor intensa y coordinada que lleva a cabo el Municipio\u201d. Asimismo, el Ministro afirm\u00f3 que \u201cla producci\u00f3n y el trabajo son los aspectos que impulsan el desarrollo y generan mejores condiciones de vida para la gente; y los industriales y las cooperativas son partes fundamentales de ese proceso\u201d.<\/p>\n\n\n\n<p>En cuanto a la red y planta de bombeo cloacal, esta fue construida en el marco del Programa Provincial Arriba Parques, para el Desarrollo de Agrupamientos Industriales, con una inversi\u00f3n de 30 millones de pesos. Al respecto, el presidente del Parque Industrial, Daniel Rosato, manifest\u00f3: \u201cHace un tiempo le mencionamos a las autoridades la necesidad de contar con estas obras y ese pedido se transform\u00f3 en una realidad en tiempo r\u00e9cord. Los trabajos que se hicieron son clave para que nuestro Parque pueda seguir creciendo en capacidad e infraestructura. El Municipio y la Provincia nos brindan un apoyo muy importante\u201d.<\/p>\n\n\n\n<figure class=\"wp-block-image size-large\"><img loading=\"lazy\" decoding=\"async\" width=\"1024\" height=\"682\" src=\"https:\/\/diarioprincipios.com\/wp-content\/uploads\/2023\/04\/MUSSI-Y-COSTA-INAUGURARON-OBRAS-EN-EL-PARQUE-INDUSTRIAL-PLATANOS5-1024x682.jpg\" alt=\"\" class=\"wp-image-16662\" srcset=\"https:\/\/diarioprincipios.com\/wp-content\/uploads\/2023\/04\/MUSSI-Y-COSTA-INAUGURARON-OBRAS-EN-EL-PARQUE-INDUSTRIAL-PLATANOS5-1024x682.jpg 1024w, https:\/\/diarioprincipios.com\/wp-content\/uploads\/2023\/04\/MUSSI-Y-COSTA-INAUGURARON-OBRAS-EN-EL-PARQUE-INDUSTRIAL-PLATANOS5-300x200.jpg 300w, https:\/\/diarioprincipios.com\/wp-content\/uploads\/2023\/04\/MUSSI-Y-COSTA-INAUGURARON-OBRAS-EN-EL-PARQUE-INDUSTRIAL-PLATANOS5-768x512.jpg 768w, https:\/\/diarioprincipios.com\/wp-content\/uploads\/2023\/04\/MUSSI-Y-COSTA-INAUGURARON-OBRAS-EN-EL-PARQUE-INDUSTRIAL-PLATANOS5-1536x1023.jpg 1536w, https:\/\/diarioprincipios.com\/wp-content\/uploads\/2023\/04\/MUSSI-Y-COSTA-INAUGURARON-OBRAS-EN-EL-PARQUE-INDUSTRIAL-PLATANOS5.jpg 1600w\" sizes=\"auto, (max-width: 1024px) 100vw, 1024px\" \/><\/figure>\n\n\n\n<p>Durante el acto, las autoridades le entregaron un reconocimiento a la Cooperativa Hormigas Podadoras. Esta se ocupa de las tareas de mantenimiento del Parque Industrial Pl\u00e1tanos, pero tambi\u00e9n forma parte del grupo de proveedores del Municipio, realizando labores de desmalezamiento en diferentes puntos de Berazategui y colaborando con la urbanizaci\u00f3n en el barrio San Blas, entre otras articulaciones. Adem\u00e1s, se firm\u00f3 un acta de cooperaci\u00f3n para la mejora continua de la seguridad e higiene en los puestos de trabajo, a trav\u00e9s de la aplicaci\u00f3n del \u201cM\u00e9todo Kaizen\u201d para la prevenci\u00f3n de riesgos.<\/p>\n\n\n\n<p>La presidenta de la Cooperativa, Jesica Palavecino, celebr\u00f3 estas acciones: \u201cAgradecemos el apoyo del intendente Mussi y de los industriales de Berazategui. Nosotros surgimos dentro del PIP hace diez a\u00f1os y, actualmente, somos proveedores del Municipio. Vamos a seguir trabajando en todo lo que necesite el distrito\u201d.<\/p>\n\n\n\n<p>Tambi\u00e9n se firm\u00f3 un acta para financiar proyectos vinculados a las Cooperativas hort\u00edcolas \u201c12 de Agosto\u201d y \u201cUTT-COTEPO\u201d; &nbsp;y a la compa\u00f1\u00eda de energ\u00edas alternativas \u201cEcotec\u201d, por 20 millones de pesos.<\/p>\n","protected":false},"excerpt":{"rendered":"<p>Se inauguraron las obras de la nueva red y planta de bombeo cloacal en el Parque Industrial Pl\u00e1tanos y se firm\u00f3 un acuerdo de cooperaci\u00f3n para impulsar y fortalecer a cooperativas locales. Estas acciones fueron encabezadas por el intendente de Berazategui, Juan Jos\u00e9 Mussi; quien estuvo acompa\u00f1ado por el ministro de Producci\u00f3n, Ciencia e Innovaci\u00f3n&#8230;<\/p>\n","protected":false},"author":2,"featured_media":16663,"comment_status":"open","ping_status":"open","sticky":false,"template":"","format":"standard","meta":{"footnotes":""},"categories":[3],"tags":[],"class_list":["post-16660","post","type-post","status-publish","format-standard","has-post-thumbnail","hentry","category-berazategui"],"featured_image_src":"https:\/\/diarioprincipios.com\/wp-content\/uploads\/2023\/04\/MUSSI-Y-COSTA-INAUGURARON-OBRAS-EN-EL-PARQUE-INDUSTRIAL-PLATANOS2-1024x682.jpg","blog_images":{"medium":"https:\/\/diarioprincipios.com\/wp-content\/uploads\/2023\/04\/MUSSI-Y-COSTA-INAUGURARON-OBRAS-EN-EL-PARQUE-INDUSTRIAL-PLATANOS2-300x200.jpg","large":"https:\/\/diarioprincipios.com\/wp-content\/uploads\/2023\/04\/MUSSI-Y-COSTA-INAUGURARON-OBRAS-EN-EL-PARQUE-INDUSTRIAL-PLATANOS2-1024x682.jpg"},"ams_acf":[],"yoast_head":"<!-- This site is optimized with the Yoast SEO plugin v27.3 - https:\/\/yoast.com\/product\/yoast-seo-wordpress\/ -->\n<title>Mussi y Costa inauguraron obras en el Parque Industrial Pl\u00e1tanos y firmaron Acuerdos - Principios<\/title>\n<meta name=\"robots\" content=\"index, follow, max-snippet:-1, max-image-preview:large, max-video-preview:-1\" \/>\n<link rel=\"canonical\" href=\"https:\/\/diarioprincipios.com\/index.php\/2023\/04\/20\/mussi-y-costa-inauguraron-obras-en-el-parque-industrial-platanos-y-firmaron-acuerdos\/\" \/>\n<meta property=\"og:locale\" content=\"es_ES\" \/>\n<meta property=\"og:type\" content=\"article\" \/>\n<meta property=\"og:title\" content=\"Mussi y Costa inauguraron obras en el Parque Industrial Pl\u00e1tanos y firmaron Acuerdos - Principios\" \/>\n<meta property=\"og:description\" content=\"Se inauguraron las obras de la nueva red y planta de bombeo cloacal en el Parque Industrial Pl\u00e1tanos y se firm\u00f3 un acuerdo de cooperaci\u00f3n para impulsar y fortalecer a cooperativas locales. Estas acciones fueron encabezadas por el intendente de Berazategui, Juan Jos\u00e9 Mussi; quien estuvo acompa\u00f1ado por el ministro de Producci\u00f3n, Ciencia e Innovaci\u00f3n...\" \/>\n<meta property=\"og:url\" content=\"https:\/\/diarioprincipios.com\/index.php\/2023\/04\/20\/mussi-y-costa-inauguraron-obras-en-el-parque-industrial-platanos-y-firmaron-acuerdos\/\" \/>\n<meta property=\"og:site_name\" content=\"Principios\" \/>\n<meta property=\"article:published_time\" content=\"2023-04-21T01:15:26+00:00\" \/>\n<meta property=\"article:modified_time\" content=\"2023-04-28T16:03:01+00:00\" \/>\n<meta property=\"og:image\" content=\"https:\/\/diarioprincipios.com\/wp-content\/uploads\/2023\/04\/MUSSI-Y-COSTA-INAUGURARON-OBRAS-EN-EL-PARQUE-INDUSTRIAL-PLATANOS2.jpg\" \/>\n\t<meta property=\"og:image:width\" content=\"1600\" \/>\n\t<meta property=\"og:image:height\" content=\"1066\" \/>\n\t<meta property=\"og:image:type\" content=\"image\/jpeg\" \/>\n<meta name=\"author\" content=\"Hern\u00e1n L\u00f3pez\" \/>\n<meta name=\"twitter:card\" content=\"summary_large_image\" \/>\n<meta name=\"twitter:label1\" content=\"Escrito por\" \/>\n\t<meta name=\"twitter:data1\" content=\"Hern\u00e1n L\u00f3pez\" \/>\n\t<meta name=\"twitter:label2\" content=\"Tiempo de lectura\" \/>\n\t<meta name=\"twitter:data2\" content=\"3 minutos\" \/>\n<script type=\"application\/ld+json\" class=\"yoast-schema-graph\">{\"@context\":\"https:\\\/\\\/schema.org\",\"@graph\":[{\"@type\":\"Article\",\"@id\":\"https:\\\/\\\/diarioprincipios.com\\\/index.php\\\/2023\\\/04\\\/20\\\/mussi-y-costa-inauguraron-obras-en-el-parque-industrial-platanos-y-firmaron-acuerdos\\\/#article\",\"isPartOf\":{\"@id\":\"https:\\\/\\\/diarioprincipios.com\\\/index.php\\\/2023\\\/04\\\/20\\\/mussi-y-costa-inauguraron-obras-en-el-parque-industrial-platanos-y-firmaron-acuerdos\\\/\"},\"author\":{\"name\":\"Hern\u00e1n L\u00f3pez\",\"@id\":\"https:\\\/\\\/diarioprincipios.com\\\/#\\\/schema\\\/person\\\/436d5a1fd41a5e250e23ff5a6a7cb080\"},\"headline\":\"Mussi y Costa inauguraron obras en el Parque Industrial Pl\u00e1tanos y firmaron Acuerdos\",\"datePublished\":\"2023-04-21T01:15:26+00:00\",\"dateModified\":\"2023-04-28T16:03:01+00:00\",\"mainEntityOfPage\":{\"@id\":\"https:\\\/\\\/diarioprincipios.com\\\/index.php\\\/2023\\\/04\\\/20\\\/mussi-y-costa-inauguraron-obras-en-el-parque-industrial-platanos-y-firmaron-acuerdos\\\/\"},\"wordCount\":518,\"commentCount\":0,\"publisher\":{\"@id\":\"https:\\\/\\\/diarioprincipios.com\\\/#organization\"},\"image\":{\"@id\":\"https:\\\/\\\/diarioprincipios.com\\\/index.php\\\/2023\\\/04\\\/20\\\/mussi-y-costa-inauguraron-obras-en-el-parque-industrial-platanos-y-firmaron-acuerdos\\\/#primaryimage\"},\"thumbnailUrl\":\"https:\\\/\\\/diarioprincipios.com\\\/wp-content\\\/uploads\\\/2023\\\/04\\\/MUSSI-Y-COSTA-INAUGURARON-OBRAS-EN-EL-PARQUE-INDUSTRIAL-PLATANOS2.jpg\",\"articleSection\":[\"Berazategui\"],\"inLanguage\":\"es\",\"potentialAction\":[{\"@type\":\"CommentAction\",\"name\":\"Comment\",\"target\":[\"https:\\\/\\\/diarioprincipios.com\\\/index.php\\\/2023\\\/04\\\/20\\\/mussi-y-costa-inauguraron-obras-en-el-parque-industrial-platanos-y-firmaron-acuerdos\\\/#respond\"]}]},{\"@type\":\"WebPage\",\"@id\":\"https:\\\/\\\/diarioprincipios.com\\\/index.php\\\/2023\\\/04\\\/20\\\/mussi-y-costa-inauguraron-obras-en-el-parque-industrial-platanos-y-firmaron-acuerdos\\\/\",\"url\":\"https:\\\/\\\/diarioprincipios.com\\\/index.php\\\/2023\\\/04\\\/20\\\/mussi-y-costa-inauguraron-obras-en-el-parque-industrial-platanos-y-firmaron-acuerdos\\\/\",\"name\":\"Mussi y Costa inauguraron obras en el Parque Industrial Pl\u00e1tanos y firmaron Acuerdos - Principios\",\"isPartOf\":{\"@id\":\"https:\\\/\\\/diarioprincipios.com\\\/#website\"},\"primaryImageOfPage\":{\"@id\":\"https:\\\/\\\/diarioprincipios.com\\\/index.php\\\/2023\\\/04\\\/20\\\/mussi-y-costa-inauguraron-obras-en-el-parque-industrial-platanos-y-firmaron-acuerdos\\\/#primaryimage\"},\"image\":{\"@id\":\"https:\\\/\\\/diarioprincipios.com\\\/index.php\\\/2023\\\/04\\\/20\\\/mussi-y-costa-inauguraron-obras-en-el-parque-industrial-platanos-y-firmaron-acuerdos\\\/#primaryimage\"},\"thumbnailUrl\":\"https:\\\/\\\/diarioprincipios.com\\\/wp-content\\\/uploads\\\/2023\\\/04\\\/MUSSI-Y-COSTA-INAUGURARON-OBRAS-EN-EL-PARQUE-INDUSTRIAL-PLATANOS2.jpg\",\"datePublished\":\"2023-04-21T01:15:26+00:00\",\"dateModified\":\"2023-04-28T16:03:01+00:00\",\"breadcrumb\":{\"@id\":\"https:\\\/\\\/diarioprincipios.com\\\/index.php\\\/2023\\\/04\\\/20\\\/mussi-y-costa-inauguraron-obras-en-el-parque-industrial-platanos-y-firmaron-acuerdos\\\/#breadcrumb\"},\"inLanguage\":\"es\",\"potentialAction\":[{\"@type\":\"ReadAction\",\"target\":[\"https:\\\/\\\/diarioprincipios.com\\\/index.php\\\/2023\\\/04\\\/20\\\/mussi-y-costa-inauguraron-obras-en-el-parque-industrial-platanos-y-firmaron-acuerdos\\\/\"]}]},{\"@type\":\"ImageObject\",\"inLanguage\":\"es\",\"@id\":\"https:\\\/\\\/diarioprincipios.com\\\/index.php\\\/2023\\\/04\\\/20\\\/mussi-y-costa-inauguraron-obras-en-el-parque-industrial-platanos-y-firmaron-acuerdos\\\/#primaryimage\",\"url\":\"https:\\\/\\\/diarioprincipios.com\\\/wp-content\\\/uploads\\\/2023\\\/04\\\/MUSSI-Y-COSTA-INAUGURARON-OBRAS-EN-EL-PARQUE-INDUSTRIAL-PLATANOS2.jpg\",\"contentUrl\":\"https:\\\/\\\/diarioprincipios.com\\\/wp-content\\\/uploads\\\/2023\\\/04\\\/MUSSI-Y-COSTA-INAUGURARON-OBRAS-EN-EL-PARQUE-INDUSTRIAL-PLATANOS2.jpg\",\"width\":1600,\"height\":1066},{\"@type\":\"BreadcrumbList\",\"@id\":\"https:\\\/\\\/diarioprincipios.com\\\/index.php\\\/2023\\\/04\\\/20\\\/mussi-y-costa-inauguraron-obras-en-el-parque-industrial-platanos-y-firmaron-acuerdos\\\/#breadcrumb\",\"itemListElement\":[{\"@type\":\"ListItem\",\"position\":1,\"name\":\"Portada\",\"item\":\"https:\\\/\\\/diarioprincipios.com\\\/\"},{\"@type\":\"ListItem\",\"position\":2,\"name\":\"Mussi y Costa inauguraron obras en el Parque Industrial Pl\u00e1tanos y firmaron Acuerdos\"}]},{\"@type\":\"WebSite\",\"@id\":\"https:\\\/\\\/diarioprincipios.com\\\/#website\",\"url\":\"https:\\\/\\\/diarioprincipios.com\\\/\",\"name\":\"Principios\",\"description\":\"Principios Diario\",\"publisher\":{\"@id\":\"https:\\\/\\\/diarioprincipios.com\\\/#organization\"},\"potentialAction\":[{\"@type\":\"SearchAction\",\"target\":{\"@type\":\"EntryPoint\",\"urlTemplate\":\"https:\\\/\\\/diarioprincipios.com\\\/?s={search_term_string}\"},\"query-input\":{\"@type\":\"PropertyValueSpecification\",\"valueRequired\":true,\"valueName\":\"search_term_string\"}}],\"inLanguage\":\"es\"},{\"@type\":\"Organization\",\"@id\":\"https:\\\/\\\/diarioprincipios.com\\\/#organization\",\"name\":\"Principios\",\"url\":\"https:\\\/\\\/diarioprincipios.com\\\/\",\"logo\":{\"@type\":\"ImageObject\",\"inLanguage\":\"es\",\"@id\":\"https:\\\/\\\/diarioprincipios.com\\\/#\\\/schema\\\/logo\\\/image\\\/\",\"url\":\"https:\\\/\\\/diarioprincipios.com\\\/wp-content\\\/uploads\\\/2024\\\/04\\\/cropped-www.diarioprincipios.com_-1.png\",\"contentUrl\":\"https:\\\/\\\/diarioprincipios.com\\\/wp-content\\\/uploads\\\/2024\\\/04\\\/cropped-www.diarioprincipios.com_-1.png\",\"width\":5325,\"height\":1454,\"caption\":\"Principios\"},\"image\":{\"@id\":\"https:\\\/\\\/diarioprincipios.com\\\/#\\\/schema\\\/logo\\\/image\\\/\"}},{\"@type\":\"Person\",\"@id\":\"https:\\\/\\\/diarioprincipios.com\\\/#\\\/schema\\\/person\\\/436d5a1fd41a5e250e23ff5a6a7cb080\",\"name\":\"Hern\u00e1n L\u00f3pez\",\"image\":{\"@type\":\"ImageObject\",\"inLanguage\":\"es\",\"@id\":\"https:\\\/\\\/diarioprincipios.com\\\/wp-content\\\/litespeed\\\/avatar\\\/11ddfe5610ff3bd100522525b2571f48.jpg?ver=1777048341\",\"url\":\"https:\\\/\\\/diarioprincipios.com\\\/wp-content\\\/litespeed\\\/avatar\\\/11ddfe5610ff3bd100522525b2571f48.jpg?ver=1777048341\",\"contentUrl\":\"https:\\\/\\\/diarioprincipios.com\\\/wp-content\\\/litespeed\\\/avatar\\\/11ddfe5610ff3bd100522525b2571f48.jpg?ver=1777048341\",\"caption\":\"Hern\u00e1n L\u00f3pez\"},\"url\":\"https:\\\/\\\/diarioprincipios.com\\\/index.php\\\/author\\\/hernan\\\/\"}]}<\/script>\n<!-- \/ Yoast SEO plugin. -->","yoast_head_json":{"title":"Mussi y Costa inauguraron obras en el Parque Industrial Pl\u00e1tanos y firmaron Acuerdos - Principios","robots":{"index":"index","follow":"follow","max-snippet":"max-snippet:-1","max-image-preview":"max-image-preview:large","max-video-preview":"max-video-preview:-1"},"canonical":"https:\/\/diarioprincipios.com\/index.php\/2023\/04\/20\/mussi-y-costa-inauguraron-obras-en-el-parque-industrial-platanos-y-firmaron-acuerdos\/","og_locale":"es_ES","og_type":"article","og_title":"Mussi y Costa inauguraron obras en el Parque Industrial Pl\u00e1tanos y firmaron Acuerdos - Principios","og_description":"Se inauguraron las obras de la nueva red y planta de bombeo cloacal en el Parque Industrial Pl\u00e1tanos y se firm\u00f3 un acuerdo de cooperaci\u00f3n para impulsar y fortalecer a cooperativas locales. Estas acciones fueron encabezadas por el intendente de Berazategui, Juan Jos\u00e9 Mussi; quien estuvo acompa\u00f1ado por el ministro de Producci\u00f3n, Ciencia e Innovaci\u00f3n...","og_url":"https:\/\/diarioprincipios.com\/index.php\/2023\/04\/20\/mussi-y-costa-inauguraron-obras-en-el-parque-industrial-platanos-y-firmaron-acuerdos\/","og_site_name":"Principios","article_published_time":"2023-04-21T01:15:26+00:00","article_modified_time":"2023-04-28T16:03:01+00:00","og_image":[{"width":1600,"height":1066,"url":"https:\/\/diarioprincipios.com\/wp-content\/uploads\/2023\/04\/MUSSI-Y-COSTA-INAUGURARON-OBRAS-EN-EL-PARQUE-INDUSTRIAL-PLATANOS2.jpg","type":"image\/jpeg"}],"author":"Hern\u00e1n L\u00f3pez","twitter_card":"summary_large_image","twitter_misc":{"Escrito por":"Hern\u00e1n L\u00f3pez","Tiempo de lectura":"3 minutos"},"schema":{"@context":"https:\/\/schema.org","@graph":[{"@type":"Article","@id":"https:\/\/diarioprincipios.com\/index.php\/2023\/04\/20\/mussi-y-costa-inauguraron-obras-en-el-parque-industrial-platanos-y-firmaron-acuerdos\/#article","isPartOf":{"@id":"https:\/\/diarioprincipios.com\/index.php\/2023\/04\/20\/mussi-y-costa-inauguraron-obras-en-el-parque-industrial-platanos-y-firmaron-acuerdos\/"},"author":{"name":"Hern\u00e1n L\u00f3pez","@id":"https:\/\/diarioprincipios.com\/#\/schema\/person\/436d5a1fd41a5e250e23ff5a6a7cb080"},"headline":"Mussi y Costa inauguraron obras en el Parque Industrial Pl\u00e1tanos y firmaron Acuerdos","datePublished":"2023-04-21T01:15:26+00:00","dateModified":"2023-04-28T16:03:01+00:00","mainEntityOfPage":{"@id":"https:\/\/diarioprincipios.com\/index.php\/2023\/04\/20\/mussi-y-costa-inauguraron-obras-en-el-parque-industrial-platanos-y-firmaron-acuerdos\/"},"wordCount":518,"commentCount":0,"publisher":{"@id":"https:\/\/diarioprincipios.com\/#organization"},"image":{"@id":"https:\/\/diarioprincipios.com\/index.php\/2023\/04\/20\/mussi-y-costa-inauguraron-obras-en-el-parque-industrial-platanos-y-firmaron-acuerdos\/#primaryimage"},"thumbnailUrl":"https:\/\/diarioprincipios.com\/wp-content\/uploads\/2023\/04\/MUSSI-Y-COSTA-INAUGURARON-OBRAS-EN-EL-PARQUE-INDUSTRIAL-PLATANOS2.jpg","articleSection":["Berazategui"],"inLanguage":"es","potentialAction":[{"@type":"CommentAction","name":"Comment","target":["https:\/\/diarioprincipios.com\/index.php\/2023\/04\/20\/mussi-y-costa-inauguraron-obras-en-el-parque-industrial-platanos-y-firmaron-acuerdos\/#respond"]}]},{"@type":"WebPage","@id":"https:\/\/diarioprincipios.com\/index.php\/2023\/04\/20\/mussi-y-costa-inauguraron-obras-en-el-parque-industrial-platanos-y-firmaron-acuerdos\/","url":"https:\/\/diarioprincipios.com\/index.php\/2023\/04\/20\/mussi-y-costa-inauguraron-obras-en-el-parque-industrial-platanos-y-firmaron-acuerdos\/","name":"Mussi y Costa inauguraron obras en el Parque Industrial Pl\u00e1tanos y firmaron Acuerdos - Principios","isPartOf":{"@id":"https:\/\/diarioprincipios.com\/#website"},"primaryImageOfPage":{"@id":"https:\/\/diarioprincipios.com\/index.php\/2023\/04\/20\/mussi-y-costa-inauguraron-obras-en-el-parque-industrial-platanos-y-firmaron-acuerdos\/#primaryimage"},"image":{"@id":"https:\/\/diarioprincipios.com\/index.php\/2023\/04\/20\/mussi-y-costa-inauguraron-obras-en-el-parque-industrial-platanos-y-firmaron-acuerdos\/#primaryimage"},"thumbnailUrl":"https:\/\/diarioprincipios.com\/wp-content\/uploads\/2023\/04\/MUSSI-Y-COSTA-INAUGURARON-OBRAS-EN-EL-PARQUE-INDUSTRIAL-PLATANOS2.jpg","datePublished":"2023-04-21T01:15:26+00:00","dateModified":"2023-04-28T16:03:01+00:00","breadcrumb":{"@id":"https:\/\/diarioprincipios.com\/index.php\/2023\/04\/20\/mussi-y-costa-inauguraron-obras-en-el-parque-industrial-platanos-y-firmaron-acuerdos\/#breadcrumb"},"inLanguage":"es","potentialAction":[{"@type":"ReadAction","target":["https:\/\/diarioprincipios.com\/index.php\/2023\/04\/20\/mussi-y-costa-inauguraron-obras-en-el-parque-industrial-platanos-y-firmaron-acuerdos\/"]}]},{"@type":"ImageObject","inLanguage":"es","@id":"https:\/\/diarioprincipios.com\/index.php\/2023\/04\/20\/mussi-y-costa-inauguraron-obras-en-el-parque-industrial-platanos-y-firmaron-acuerdos\/#primaryimage","url":"https:\/\/diarioprincipios.com\/wp-content\/uploads\/2023\/04\/MUSSI-Y-COSTA-INAUGURARON-OBRAS-EN-EL-PARQUE-INDUSTRIAL-PLATANOS2.jpg","contentUrl":"https:\/\/diarioprincipios.com\/wp-content\/uploads\/2023\/04\/MUSSI-Y-COSTA-INAUGURARON-OBRAS-EN-EL-PARQUE-INDUSTRIAL-PLATANOS2.jpg","width":1600,"height":1066},{"@type":"BreadcrumbList","@id":"https:\/\/diarioprincipios.com\/index.php\/2023\/04\/20\/mussi-y-costa-inauguraron-obras-en-el-parque-industrial-platanos-y-firmaron-acuerdos\/#breadcrumb","itemListElement":[{"@type":"ListItem","position":1,"name":"Portada","item":"https:\/\/diarioprincipios.com\/"},{"@type":"ListItem","position":2,"name":"Mussi y Costa inauguraron obras en el Parque Industrial Pl\u00e1tanos y firmaron Acuerdos"}]},{"@type":"WebSite","@id":"https:\/\/diarioprincipios.com\/#website","url":"https:\/\/diarioprincipios.com\/","name":"Principios","description":"Principios Diario","publisher":{"@id":"https:\/\/diarioprincipios.com\/#organization"},"potentialAction":[{"@type":"SearchAction","target":{"@type":"EntryPoint","urlTemplate":"https:\/\/diarioprincipios.com\/?s={search_term_string}"},"query-input":{"@type":"PropertyValueSpecification","valueRequired":true,"valueName":"search_term_string"}}],"inLanguage":"es"},{"@type":"Organization","@id":"https:\/\/diarioprincipios.com\/#organization","name":"Principios","url":"https:\/\/diarioprincipios.com\/","logo":{"@type":"ImageObject","inLanguage":"es","@id":"https:\/\/diarioprincipios.com\/#\/schema\/logo\/image\/","url":"https:\/\/diarioprincipios.com\/wp-content\/uploads\/2024\/04\/cropped-www.diarioprincipios.com_-1.png","contentUrl":"https:\/\/diarioprincipios.com\/wp-content\/uploads\/2024\/04\/cropped-www.diarioprincipios.com_-1.png","width":5325,"height":1454,"caption":"Principios"},"image":{"@id":"https:\/\/diarioprincipios.com\/#\/schema\/logo\/image\/"}},{"@type":"Person","@id":"https:\/\/diarioprincipios.com\/#\/schema\/person\/436d5a1fd41a5e250e23ff5a6a7cb080","name":"Hern\u00e1n L\u00f3pez","image":{"@type":"ImageObject","inLanguage":"es","@id":"https:\/\/diarioprincipios.com\/wp-content\/litespeed\/avatar\/11ddfe5610ff3bd100522525b2571f48.jpg?ver=1777048341","url":"https:\/\/diarioprincipios.com\/wp-content\/litespeed\/avatar\/11ddfe5610ff3bd100522525b2571f48.jpg?ver=1777048341","contentUrl":"https:\/\/diarioprincipios.com\/wp-content\/litespeed\/avatar\/11ddfe5610ff3bd100522525b2571f48.jpg?ver=1777048341","caption":"Hern\u00e1n L\u00f3pez"},"url":"https:\/\/diarioprincipios.com\/index.php\/author\/hernan\/"}]}},"jetpack_featured_media_url":"https:\/\/diarioprincipios.com\/wp-content\/uploads\/2023\/04\/MUSSI-Y-COSTA-INAUGURARON-OBRAS-EN-EL-PARQUE-INDUSTRIAL-PLATANOS2.jpg","_links":{"self":[{"href":"https:\/\/diarioprincipios.com\/index.php\/wp-json\/wp\/v2\/posts\/16660","targetHints":{"allow":["GET"]}}],"collection":[{"href":"https:\/\/diarioprincipios.com\/index.php\/wp-json\/wp\/v2\/posts"}],"about":[{"href":"https:\/\/diarioprincipios.com\/index.php\/wp-json\/wp\/v2\/types\/post"}],"author":[{"embeddable":true,"href":"https:\/\/diarioprincipios.com\/index.php\/wp-json\/wp\/v2\/users\/2"}],"replies":[{"embeddable":true,"href":"https:\/\/diarioprincipios.com\/index.php\/wp-json\/wp\/v2\/comments?post=16660"}],"version-history":[{"count":1,"href":"https:\/\/diarioprincipios.com\/index.php\/wp-json\/wp\/v2\/posts\/16660\/revisions"}],"predecessor-version":[{"id":16664,"href":"https:\/\/diarioprincipios.com\/index.php\/wp-json\/wp\/v2\/posts\/16660\/revisions\/16664"}],"wp:featuredmedia":[{"embeddable":true,"href":"https:\/\/diarioprincipios.com\/index.php\/wp-json\/wp\/v2\/media\/16663"}],"wp:attachment":[{"href":"https:\/\/diarioprincipios.com\/index.php\/wp-json\/wp\/v2\/media?parent=16660"}],"wp:term":[{"taxonomy":"category","embeddable":true,"href":"https:\/\/diarioprincipios.com\/index.php\/wp-json\/wp\/v2\/categories?post=16660"},{"taxonomy":"post_tag","embeddable":true,"href":"https:\/\/diarioprincipios.com\/index.php\/wp-json\/wp\/v2\/tags?post=16660"}],"curies":[{"name":"wp","href":"https:\/\/api.w.org\/{rel}","templated":true}]}}