{"id":16657,"date":"2023-04-20T12:04:59","date_gmt":"2023-04-20T15:04:59","guid":{"rendered":"http:\/\/diarioprincipios.com\/?p=16657"},"modified":"2023-04-28T13:02:56","modified_gmt":"2023-04-28T16:02:56","slug":"el-sindicato-municipal-dio-a-conocer-a-los-ganadores-del-sorteo-por-el-dia-del-trabajador","status":"publish","type":"post","link":"https:\/\/diarioprincipios.com\/index.php\/2023\/04\/20\/el-sindicato-municipal-dio-a-conocer-a-los-ganadores-del-sorteo-por-el-dia-del-trabajador\/","title":{"rendered":"El Sindicato Municipal di\u00f3 a conocer a los Ganadores del Sorteo por el D\u00eda del Trabajador"},"content":{"rendered":"\n<p>El Sindicato de Trabajadores Municipales de Berazategui, que conduce Gabriel Carril Campusano, inform\u00f3 a sus afiliadas, afiliados y p\u00fablico en general los ganadores del sorteo que la entidad realiz\u00f3 en el d\u00eda de la fecha con motivo de celebrarse el pr\u00f3ximo lunes 1\u00b0 de mayo el \u201cD\u00eda del Trabajador\u201d.<\/p>\n\n\n\n<p>El premio correspondiente podr\u00e1 ser retirado a partir del d\u00eda viernes 21 de abril en las instalaciones del sindicato, de 9 a 15 hs.<\/p>\n\n\n\n<p>Los beneficiados son los siguientes afiliados:<\/p>\n\n\n\n<ol class=\"wp-block-list\">\n<li>Orden de compra en Supermercado Modelo por $50.000 | Juan Manuel IBA\u00d1EZ &#8211; Legajo N\u00b0 10.240&nbsp;<\/li>\n\n\n\n<li>Orden de compra en Supermercado Modelo por $30.000 | Maximiliano Abraham QUIROZ &#8211; Legajo N\u00b0 14.512<\/li>\n\n\n\n<li>Orden de compra en Supermercado Modelo por $25.000 | Lelia Alejandra REQUENA &#8211; Legajo N\u00b0 15.301<\/li>\n\n\n\n<li>Orden de compra en Supermercado Modelo por $20.000 | Carlos Manuel FERN\u00c1NDEZ &#8211;&nbsp; Legajo N\u00b0 4.256<\/li>\n\n\n\n<li>Orden de compra en Supermercado Modelo por $15.000 | Mar\u00eda Florencia BALLATO &#8211;&nbsp; Legajo N\u00b0 6.878<\/li>\n\n\n\n<li>Cena para dos personas en el restaurant Un Tano y Dos Gallegos | Osvaldo Ram\u00f3n MARQUEZ &#8211; Legajo N\u00b0 5.721<\/li>\n\n\n\n<li>Cena para dos personas en el restaurant Un Tano y Dos Gallegos | Ricardo PRIETO &#8211;&nbsp; Legajo N\u00b0 13.082<\/li>\n\n\n\n<li>Cena para dos personas en el restaurant Un Tano y Dos Gallegos | Octavio Agust\u00edn LUNA &#8211;&nbsp; Legajo N\u00b0 16.356<\/li>\n\n\n\n<li>Cena para dos personas en el restaurant Un Tano y Dos Gallegos | Ana Mar\u00eda BERTAGLIA &#8211;&nbsp; Legajo N\u00b0 12.866<\/li>\n\n\n\n<li>Cena para dos personas en el restaurant Un Tano y Dos Gallegos | Gustavo Jos\u00e9 VEGA &#8211;&nbsp; Legajo N\u00b0 6.876<\/li>\n<\/ol>\n\n\n\n<p>Desde el gremio destacaron que \u00abcomo cada a\u00f1o con total transparencia hemos podido realizar este Sorteo entre nuestros afiliados\u00bb, al tiempo que se\u00f1alaron que \u00abhace a\u00f1os atr\u00e1s esto no exist\u00eda pero en nuestra gesti\u00f3n queremos estar presentes en cada fecha importante para la familia municipal y esta sin dudas es una de ellas\u00bb.<\/p>\n","protected":false},"excerpt":{"rendered":"<p>El Sindicato de Trabajadores Municipales de Berazategui, que conduce Gabriel Carril Campusano, inform\u00f3 a sus afiliadas, afiliados y p\u00fablico en general los ganadores del sorteo que la entidad realiz\u00f3 en el d\u00eda de la fecha con motivo de celebrarse el pr\u00f3ximo lunes 1\u00b0 de mayo el \u201cD\u00eda del Trabajador\u201d. El premio correspondiente podr\u00e1 ser retirado&#8230;<\/p>\n","protected":false},"author":2,"featured_media":16658,"comment_status":"open","ping_status":"open","sticky":false,"template":"","format":"standard","meta":{"footnotes":""},"categories":[3],"tags":[],"class_list":["post-16657","post","type-post","status-publish","format-standard","has-post-thumbnail","hentry","category-berazategui"],"featured_image_src":"https:\/\/diarioprincipios.com\/wp-content\/uploads\/2023\/04\/IMG-20230420-WA0011.jpg","blog_images":{"medium":"https:\/\/diarioprincipios.com\/wp-content\/uploads\/2023\/04\/IMG-20230420-WA0011-300x300.jpg","large":"https:\/\/diarioprincipios.com\/wp-content\/uploads\/2023\/04\/IMG-20230420-WA0011.jpg"},"ams_acf":[],"yoast_head":"<!-- This site is optimized with the Yoast SEO plugin v27.3 - https:\/\/yoast.com\/product\/yoast-seo-wordpress\/ -->\n<title>El Sindicato Municipal di\u00f3 a conocer a los Ganadores del Sorteo por el D\u00eda del Trabajador - Principios<\/title>\n<meta name=\"robots\" content=\"index, follow, max-snippet:-1, max-image-preview:large, max-video-preview:-1\" \/>\n<link rel=\"canonical\" href=\"https:\/\/diarioprincipios.com\/index.php\/2023\/04\/20\/el-sindicato-municipal-dio-a-conocer-a-los-ganadores-del-sorteo-por-el-dia-del-trabajador\/\" \/>\n<meta property=\"og:locale\" content=\"es_ES\" \/>\n<meta property=\"og:type\" content=\"article\" \/>\n<meta property=\"og:title\" content=\"El Sindicato Municipal di\u00f3 a conocer a los Ganadores del Sorteo por el D\u00eda del Trabajador - Principios\" \/>\n<meta property=\"og:description\" content=\"El Sindicato de Trabajadores Municipales de Berazategui, que conduce Gabriel Carril Campusano, inform\u00f3 a sus afiliadas, afiliados y p\u00fablico en general los ganadores del sorteo que la entidad realiz\u00f3 en el d\u00eda de la fecha con motivo de celebrarse el pr\u00f3ximo lunes 1\u00b0 de mayo el \u201cD\u00eda del Trabajador\u201d. El premio correspondiente podr\u00e1 ser retirado...\" \/>\n<meta property=\"og:url\" content=\"https:\/\/diarioprincipios.com\/index.php\/2023\/04\/20\/el-sindicato-municipal-dio-a-conocer-a-los-ganadores-del-sorteo-por-el-dia-del-trabajador\/\" \/>\n<meta property=\"og:site_name\" content=\"Principios\" \/>\n<meta property=\"article:published_time\" content=\"2023-04-20T15:04:59+00:00\" \/>\n<meta property=\"article:modified_time\" content=\"2023-04-28T16:02:56+00:00\" \/>\n<meta property=\"og:image\" content=\"https:\/\/diarioprincipios.com\/wp-content\/uploads\/2023\/04\/IMG-20230420-WA0011.jpg\" \/>\n\t<meta property=\"og:image:width\" content=\"720\" \/>\n\t<meta property=\"og:image:height\" content=\"720\" \/>\n\t<meta property=\"og:image:type\" content=\"image\/jpeg\" \/>\n<meta name=\"author\" content=\"Hern\u00e1n L\u00f3pez\" \/>\n<meta name=\"twitter:card\" content=\"summary_large_image\" \/>\n<meta name=\"twitter:label1\" content=\"Escrito por\" \/>\n\t<meta name=\"twitter:data1\" content=\"Hern\u00e1n L\u00f3pez\" \/>\n\t<meta name=\"twitter:label2\" content=\"Tiempo de lectura\" \/>\n\t<meta name=\"twitter:data2\" content=\"2 minutos\" \/>\n<script type=\"application\/ld+json\" class=\"yoast-schema-graph\">{\"@context\":\"https:\\\/\\\/schema.org\",\"@graph\":[{\"@type\":\"Article\",\"@id\":\"https:\\\/\\\/diarioprincipios.com\\\/index.php\\\/2023\\\/04\\\/20\\\/el-sindicato-municipal-dio-a-conocer-a-los-ganadores-del-sorteo-por-el-dia-del-trabajador\\\/#article\",\"isPartOf\":{\"@id\":\"https:\\\/\\\/diarioprincipios.com\\\/index.php\\\/2023\\\/04\\\/20\\\/el-sindicato-municipal-dio-a-conocer-a-los-ganadores-del-sorteo-por-el-dia-del-trabajador\\\/\"},\"author\":{\"name\":\"Hern\u00e1n L\u00f3pez\",\"@id\":\"https:\\\/\\\/diarioprincipios.com\\\/#\\\/schema\\\/person\\\/436d5a1fd41a5e250e23ff5a6a7cb080\"},\"headline\":\"El Sindicato Municipal di\u00f3 a conocer a los Ganadores del Sorteo por el D\u00eda del Trabajador\",\"datePublished\":\"2023-04-20T15:04:59+00:00\",\"dateModified\":\"2023-04-28T16:02:56+00:00\",\"mainEntityOfPage\":{\"@id\":\"https:\\\/\\\/diarioprincipios.com\\\/index.php\\\/2023\\\/04\\\/20\\\/el-sindicato-municipal-dio-a-conocer-a-los-ganadores-del-sorteo-por-el-dia-del-trabajador\\\/\"},\"wordCount\":323,\"commentCount\":0,\"publisher\":{\"@id\":\"https:\\\/\\\/diarioprincipios.com\\\/#organization\"},\"image\":{\"@id\":\"https:\\\/\\\/diarioprincipios.com\\\/index.php\\\/2023\\\/04\\\/20\\\/el-sindicato-municipal-dio-a-conocer-a-los-ganadores-del-sorteo-por-el-dia-del-trabajador\\\/#primaryimage\"},\"thumbnailUrl\":\"https:\\\/\\\/diarioprincipios.com\\\/wp-content\\\/uploads\\\/2023\\\/04\\\/IMG-20230420-WA0011.jpg\",\"articleSection\":[\"Berazategui\"],\"inLanguage\":\"es\",\"potentialAction\":[{\"@type\":\"CommentAction\",\"name\":\"Comment\",\"target\":[\"https:\\\/\\\/diarioprincipios.com\\\/index.php\\\/2023\\\/04\\\/20\\\/el-sindicato-municipal-dio-a-conocer-a-los-ganadores-del-sorteo-por-el-dia-del-trabajador\\\/#respond\"]}]},{\"@type\":\"WebPage\",\"@id\":\"https:\\\/\\\/diarioprincipios.com\\\/index.php\\\/2023\\\/04\\\/20\\\/el-sindicato-municipal-dio-a-conocer-a-los-ganadores-del-sorteo-por-el-dia-del-trabajador\\\/\",\"url\":\"https:\\\/\\\/diarioprincipios.com\\\/index.php\\\/2023\\\/04\\\/20\\\/el-sindicato-municipal-dio-a-conocer-a-los-ganadores-del-sorteo-por-el-dia-del-trabajador\\\/\",\"name\":\"El Sindicato Municipal di\u00f3 a conocer a los Ganadores del Sorteo por el D\u00eda del Trabajador - Principios\",\"isPartOf\":{\"@id\":\"https:\\\/\\\/diarioprincipios.com\\\/#website\"},\"primaryImageOfPage\":{\"@id\":\"https:\\\/\\\/diarioprincipios.com\\\/index.php\\\/2023\\\/04\\\/20\\\/el-sindicato-municipal-dio-a-conocer-a-los-ganadores-del-sorteo-por-el-dia-del-trabajador\\\/#primaryimage\"},\"image\":{\"@id\":\"https:\\\/\\\/diarioprincipios.com\\\/index.php\\\/2023\\\/04\\\/20\\\/el-sindicato-municipal-dio-a-conocer-a-los-ganadores-del-sorteo-por-el-dia-del-trabajador\\\/#primaryimage\"},\"thumbnailUrl\":\"https:\\\/\\\/diarioprincipios.com\\\/wp-content\\\/uploads\\\/2023\\\/04\\\/IMG-20230420-WA0011.jpg\",\"datePublished\":\"2023-04-20T15:04:59+00:00\",\"dateModified\":\"2023-04-28T16:02:56+00:00\",\"breadcrumb\":{\"@id\":\"https:\\\/\\\/diarioprincipios.com\\\/index.php\\\/2023\\\/04\\\/20\\\/el-sindicato-municipal-dio-a-conocer-a-los-ganadores-del-sorteo-por-el-dia-del-trabajador\\\/#breadcrumb\"},\"inLanguage\":\"es\",\"potentialAction\":[{\"@type\":\"ReadAction\",\"target\":[\"https:\\\/\\\/diarioprincipios.com\\\/index.php\\\/2023\\\/04\\\/20\\\/el-sindicato-municipal-dio-a-conocer-a-los-ganadores-del-sorteo-por-el-dia-del-trabajador\\\/\"]}]},{\"@type\":\"ImageObject\",\"inLanguage\":\"es\",\"@id\":\"https:\\\/\\\/diarioprincipios.com\\\/index.php\\\/2023\\\/04\\\/20\\\/el-sindicato-municipal-dio-a-conocer-a-los-ganadores-del-sorteo-por-el-dia-del-trabajador\\\/#primaryimage\",\"url\":\"https:\\\/\\\/diarioprincipios.com\\\/wp-content\\\/uploads\\\/2023\\\/04\\\/IMG-20230420-WA0011.jpg\",\"contentUrl\":\"https:\\\/\\\/diarioprincipios.com\\\/wp-content\\\/uploads\\\/2023\\\/04\\\/IMG-20230420-WA0011.jpg\",\"width\":720,\"height\":720},{\"@type\":\"BreadcrumbList\",\"@id\":\"https:\\\/\\\/diarioprincipios.com\\\/index.php\\\/2023\\\/04\\\/20\\\/el-sindicato-municipal-dio-a-conocer-a-los-ganadores-del-sorteo-por-el-dia-del-trabajador\\\/#breadcrumb\",\"itemListElement\":[{\"@type\":\"ListItem\",\"position\":1,\"name\":\"Portada\",\"item\":\"https:\\\/\\\/diarioprincipios.com\\\/\"},{\"@type\":\"ListItem\",\"position\":2,\"name\":\"El Sindicato Municipal di\u00f3 a conocer a los Ganadores del Sorteo por el D\u00eda del Trabajador\"}]},{\"@type\":\"WebSite\",\"@id\":\"https:\\\/\\\/diarioprincipios.com\\\/#website\",\"url\":\"https:\\\/\\\/diarioprincipios.com\\\/\",\"name\":\"Principios\",\"description\":\"Principios Diario\",\"publisher\":{\"@id\":\"https:\\\/\\\/diarioprincipios.com\\\/#organization\"},\"potentialAction\":[{\"@type\":\"SearchAction\",\"target\":{\"@type\":\"EntryPoint\",\"urlTemplate\":\"https:\\\/\\\/diarioprincipios.com\\\/?s={search_term_string}\"},\"query-input\":{\"@type\":\"PropertyValueSpecification\",\"valueRequired\":true,\"valueName\":\"search_term_string\"}}],\"inLanguage\":\"es\"},{\"@type\":\"Organization\",\"@id\":\"https:\\\/\\\/diarioprincipios.com\\\/#organization\",\"name\":\"Principios\",\"url\":\"https:\\\/\\\/diarioprincipios.com\\\/\",\"logo\":{\"@type\":\"ImageObject\",\"inLanguage\":\"es\",\"@id\":\"https:\\\/\\\/diarioprincipios.com\\\/#\\\/schema\\\/logo\\\/image\\\/\",\"url\":\"https:\\\/\\\/diarioprincipios.com\\\/wp-content\\\/uploads\\\/2024\\\/04\\\/cropped-www.diarioprincipios.com_-1.png\",\"contentUrl\":\"https:\\\/\\\/diarioprincipios.com\\\/wp-content\\\/uploads\\\/2024\\\/04\\\/cropped-www.diarioprincipios.com_-1.png\",\"width\":5325,\"height\":1454,\"caption\":\"Principios\"},\"image\":{\"@id\":\"https:\\\/\\\/diarioprincipios.com\\\/#\\\/schema\\\/logo\\\/image\\\/\"}},{\"@type\":\"Person\",\"@id\":\"https:\\\/\\\/diarioprincipios.com\\\/#\\\/schema\\\/person\\\/436d5a1fd41a5e250e23ff5a6a7cb080\",\"name\":\"Hern\u00e1n L\u00f3pez\",\"image\":{\"@type\":\"ImageObject\",\"inLanguage\":\"es\",\"@id\":\"https:\\\/\\\/diarioprincipios.com\\\/wp-content\\\/litespeed\\\/avatar\\\/11ddfe5610ff3bd100522525b2571f48.jpg?ver=1777048341\",\"url\":\"https:\\\/\\\/diarioprincipios.com\\\/wp-content\\\/litespeed\\\/avatar\\\/11ddfe5610ff3bd100522525b2571f48.jpg?ver=1777048341\",\"contentUrl\":\"https:\\\/\\\/diarioprincipios.com\\\/wp-content\\\/litespeed\\\/avatar\\\/11ddfe5610ff3bd100522525b2571f48.jpg?ver=1777048341\",\"caption\":\"Hern\u00e1n L\u00f3pez\"},\"url\":\"https:\\\/\\\/diarioprincipios.com\\\/index.php\\\/author\\\/hernan\\\/\"}]}<\/script>\n<!-- \/ Yoast SEO plugin. -->","yoast_head_json":{"title":"El Sindicato Municipal di\u00f3 a conocer a los Ganadores del Sorteo por el D\u00eda del Trabajador - Principios","robots":{"index":"index","follow":"follow","max-snippet":"max-snippet:-1","max-image-preview":"max-image-preview:large","max-video-preview":"max-video-preview:-1"},"canonical":"https:\/\/diarioprincipios.com\/index.php\/2023\/04\/20\/el-sindicato-municipal-dio-a-conocer-a-los-ganadores-del-sorteo-por-el-dia-del-trabajador\/","og_locale":"es_ES","og_type":"article","og_title":"El Sindicato Municipal di\u00f3 a conocer a los Ganadores del Sorteo por el D\u00eda del Trabajador - Principios","og_description":"El Sindicato de Trabajadores Municipales de Berazategui, que conduce Gabriel Carril Campusano, inform\u00f3 a sus afiliadas, afiliados y p\u00fablico en general los ganadores del sorteo que la entidad realiz\u00f3 en el d\u00eda de la fecha con motivo de celebrarse el pr\u00f3ximo lunes 1\u00b0 de mayo el \u201cD\u00eda del Trabajador\u201d. El premio correspondiente podr\u00e1 ser retirado...","og_url":"https:\/\/diarioprincipios.com\/index.php\/2023\/04\/20\/el-sindicato-municipal-dio-a-conocer-a-los-ganadores-del-sorteo-por-el-dia-del-trabajador\/","og_site_name":"Principios","article_published_time":"2023-04-20T15:04:59+00:00","article_modified_time":"2023-04-28T16:02:56+00:00","og_image":[{"width":720,"height":720,"url":"https:\/\/diarioprincipios.com\/wp-content\/uploads\/2023\/04\/IMG-20230420-WA0011.jpg","type":"image\/jpeg"}],"author":"Hern\u00e1n L\u00f3pez","twitter_card":"summary_large_image","twitter_misc":{"Escrito por":"Hern\u00e1n L\u00f3pez","Tiempo de lectura":"2 minutos"},"schema":{"@context":"https:\/\/schema.org","@graph":[{"@type":"Article","@id":"https:\/\/diarioprincipios.com\/index.php\/2023\/04\/20\/el-sindicato-municipal-dio-a-conocer-a-los-ganadores-del-sorteo-por-el-dia-del-trabajador\/#article","isPartOf":{"@id":"https:\/\/diarioprincipios.com\/index.php\/2023\/04\/20\/el-sindicato-municipal-dio-a-conocer-a-los-ganadores-del-sorteo-por-el-dia-del-trabajador\/"},"author":{"name":"Hern\u00e1n L\u00f3pez","@id":"https:\/\/diarioprincipios.com\/#\/schema\/person\/436d5a1fd41a5e250e23ff5a6a7cb080"},"headline":"El Sindicato Municipal di\u00f3 a conocer a los Ganadores del Sorteo por el D\u00eda del Trabajador","datePublished":"2023-04-20T15:04:59+00:00","dateModified":"2023-04-28T16:02:56+00:00","mainEntityOfPage":{"@id":"https:\/\/diarioprincipios.com\/index.php\/2023\/04\/20\/el-sindicato-municipal-dio-a-conocer-a-los-ganadores-del-sorteo-por-el-dia-del-trabajador\/"},"wordCount":323,"commentCount":0,"publisher":{"@id":"https:\/\/diarioprincipios.com\/#organization"},"image":{"@id":"https:\/\/diarioprincipios.com\/index.php\/2023\/04\/20\/el-sindicato-municipal-dio-a-conocer-a-los-ganadores-del-sorteo-por-el-dia-del-trabajador\/#primaryimage"},"thumbnailUrl":"https:\/\/diarioprincipios.com\/wp-content\/uploads\/2023\/04\/IMG-20230420-WA0011.jpg","articleSection":["Berazategui"],"inLanguage":"es","potentialAction":[{"@type":"CommentAction","name":"Comment","target":["https:\/\/diarioprincipios.com\/index.php\/2023\/04\/20\/el-sindicato-municipal-dio-a-conocer-a-los-ganadores-del-sorteo-por-el-dia-del-trabajador\/#respond"]}]},{"@type":"WebPage","@id":"https:\/\/diarioprincipios.com\/index.php\/2023\/04\/20\/el-sindicato-municipal-dio-a-conocer-a-los-ganadores-del-sorteo-por-el-dia-del-trabajador\/","url":"https:\/\/diarioprincipios.com\/index.php\/2023\/04\/20\/el-sindicato-municipal-dio-a-conocer-a-los-ganadores-del-sorteo-por-el-dia-del-trabajador\/","name":"El Sindicato Municipal di\u00f3 a conocer a los Ganadores del Sorteo por el D\u00eda del Trabajador - Principios","isPartOf":{"@id":"https:\/\/diarioprincipios.com\/#website"},"primaryImageOfPage":{"@id":"https:\/\/diarioprincipios.com\/index.php\/2023\/04\/20\/el-sindicato-municipal-dio-a-conocer-a-los-ganadores-del-sorteo-por-el-dia-del-trabajador\/#primaryimage"},"image":{"@id":"https:\/\/diarioprincipios.com\/index.php\/2023\/04\/20\/el-sindicato-municipal-dio-a-conocer-a-los-ganadores-del-sorteo-por-el-dia-del-trabajador\/#primaryimage"},"thumbnailUrl":"https:\/\/diarioprincipios.com\/wp-content\/uploads\/2023\/04\/IMG-20230420-WA0011.jpg","datePublished":"2023-04-20T15:04:59+00:00","dateModified":"2023-04-28T16:02:56+00:00","breadcrumb":{"@id":"https:\/\/diarioprincipios.com\/index.php\/2023\/04\/20\/el-sindicato-municipal-dio-a-conocer-a-los-ganadores-del-sorteo-por-el-dia-del-trabajador\/#breadcrumb"},"inLanguage":"es","potentialAction":[{"@type":"ReadAction","target":["https:\/\/diarioprincipios.com\/index.php\/2023\/04\/20\/el-sindicato-municipal-dio-a-conocer-a-los-ganadores-del-sorteo-por-el-dia-del-trabajador\/"]}]},{"@type":"ImageObject","inLanguage":"es","@id":"https:\/\/diarioprincipios.com\/index.php\/2023\/04\/20\/el-sindicato-municipal-dio-a-conocer-a-los-ganadores-del-sorteo-por-el-dia-del-trabajador\/#primaryimage","url":"https:\/\/diarioprincipios.com\/wp-content\/uploads\/2023\/04\/IMG-20230420-WA0011.jpg","contentUrl":"https:\/\/diarioprincipios.com\/wp-content\/uploads\/2023\/04\/IMG-20230420-WA0011.jpg","width":720,"height":720},{"@type":"BreadcrumbList","@id":"https:\/\/diarioprincipios.com\/index.php\/2023\/04\/20\/el-sindicato-municipal-dio-a-conocer-a-los-ganadores-del-sorteo-por-el-dia-del-trabajador\/#breadcrumb","itemListElement":[{"@type":"ListItem","position":1,"name":"Portada","item":"https:\/\/diarioprincipios.com\/"},{"@type":"ListItem","position":2,"name":"El Sindicato Municipal di\u00f3 a conocer a los Ganadores del Sorteo por el D\u00eda del Trabajador"}]},{"@type":"WebSite","@id":"https:\/\/diarioprincipios.com\/#website","url":"https:\/\/diarioprincipios.com\/","name":"Principios","description":"Principios Diario","publisher":{"@id":"https:\/\/diarioprincipios.com\/#organization"},"potentialAction":[{"@type":"SearchAction","target":{"@type":"EntryPoint","urlTemplate":"https:\/\/diarioprincipios.com\/?s={search_term_string}"},"query-input":{"@type":"PropertyValueSpecification","valueRequired":true,"valueName":"search_term_string"}}],"inLanguage":"es"},{"@type":"Organization","@id":"https:\/\/diarioprincipios.com\/#organization","name":"Principios","url":"https:\/\/diarioprincipios.com\/","logo":{"@type":"ImageObject","inLanguage":"es","@id":"https:\/\/diarioprincipios.com\/#\/schema\/logo\/image\/","url":"https:\/\/diarioprincipios.com\/wp-content\/uploads\/2024\/04\/cropped-www.diarioprincipios.com_-1.png","contentUrl":"https:\/\/diarioprincipios.com\/wp-content\/uploads\/2024\/04\/cropped-www.diarioprincipios.com_-1.png","width":5325,"height":1454,"caption":"Principios"},"image":{"@id":"https:\/\/diarioprincipios.com\/#\/schema\/logo\/image\/"}},{"@type":"Person","@id":"https:\/\/diarioprincipios.com\/#\/schema\/person\/436d5a1fd41a5e250e23ff5a6a7cb080","name":"Hern\u00e1n L\u00f3pez","image":{"@type":"ImageObject","inLanguage":"es","@id":"https:\/\/diarioprincipios.com\/wp-content\/litespeed\/avatar\/11ddfe5610ff3bd100522525b2571f48.jpg?ver=1777048341","url":"https:\/\/diarioprincipios.com\/wp-content\/litespeed\/avatar\/11ddfe5610ff3bd100522525b2571f48.jpg?ver=1777048341","contentUrl":"https:\/\/diarioprincipios.com\/wp-content\/litespeed\/avatar\/11ddfe5610ff3bd100522525b2571f48.jpg?ver=1777048341","caption":"Hern\u00e1n L\u00f3pez"},"url":"https:\/\/diarioprincipios.com\/index.php\/author\/hernan\/"}]}},"jetpack_featured_media_url":"https:\/\/diarioprincipios.com\/wp-content\/uploads\/2023\/04\/IMG-20230420-WA0011.jpg","_links":{"self":[{"href":"https:\/\/diarioprincipios.com\/index.php\/wp-json\/wp\/v2\/posts\/16657","targetHints":{"allow":["GET"]}}],"collection":[{"href":"https:\/\/diarioprincipios.com\/index.php\/wp-json\/wp\/v2\/posts"}],"about":[{"href":"https:\/\/diarioprincipios.com\/index.php\/wp-json\/wp\/v2\/types\/post"}],"author":[{"embeddable":true,"href":"https:\/\/diarioprincipios.com\/index.php\/wp-json\/wp\/v2\/users\/2"}],"replies":[{"embeddable":true,"href":"https:\/\/diarioprincipios.com\/index.php\/wp-json\/wp\/v2\/comments?post=16657"}],"version-history":[{"count":1,"href":"https:\/\/diarioprincipios.com\/index.php\/wp-json\/wp\/v2\/posts\/16657\/revisions"}],"predecessor-version":[{"id":16659,"href":"https:\/\/diarioprincipios.com\/index.php\/wp-json\/wp\/v2\/posts\/16657\/revisions\/16659"}],"wp:featuredmedia":[{"embeddable":true,"href":"https:\/\/diarioprincipios.com\/index.php\/wp-json\/wp\/v2\/media\/16658"}],"wp:attachment":[{"href":"https:\/\/diarioprincipios.com\/index.php\/wp-json\/wp\/v2\/media?parent=16657"}],"wp:term":[{"taxonomy":"category","embeddable":true,"href":"https:\/\/diarioprincipios.com\/index.php\/wp-json\/wp\/v2\/categories?post=16657"},{"taxonomy":"post_tag","embeddable":true,"href":"https:\/\/diarioprincipios.com\/index.php\/wp-json\/wp\/v2\/tags?post=16657"}],"curies":[{"name":"wp","href":"https:\/\/api.w.org\/{rel}","templated":true}]}}