{"id":16611,"date":"2023-04-18T08:55:44","date_gmt":"2023-04-18T11:55:44","guid":{"rendered":"http:\/\/diarioprincipios.com\/?p=16611"},"modified":"2023-04-28T13:12:17","modified_gmt":"2023-04-28T16:12:17","slug":"ferraresi-inauguro-un-nuevo-parque-en-sarandi","status":"publish","type":"post","link":"https:\/\/diarioprincipios.com\/index.php\/2023\/04\/18\/ferraresi-inauguro-un-nuevo-parque-en-sarandi\/","title":{"rendered":"Ferraresi inaugur\u00f3 un nuevo Parque en Sarand\u00ed"},"content":{"rendered":"\n<p>Se trata del Paseo La Alameda 2 y para celebrarlo se llev\u00f3 a cabo un festival popular con m\u00fasica, danzas y espect\u00e1culos para toda la familia.<\/p>\n\n\n\n<p>El intendente de Avellaneda, Jorge Ferraresi, inaugur\u00f3 junto a una gran cantidad de vecinos de Sarand\u00ed el paseo La Alameda 2, ubicado a lo largo de la calle Emilio Zola, entre Azucena Villaflor y Gral. Hornos.<\/p>\n\n\n\n<figure class=\"wp-block-image size-large\"><img loading=\"lazy\" decoding=\"async\" width=\"1024\" height=\"681\" src=\"https:\/\/diarioprincipios.com\/wp-content\/uploads\/2023\/04\/222-1024x681.jpg\" alt=\"\" class=\"wp-image-16612\" srcset=\"https:\/\/diarioprincipios.com\/wp-content\/uploads\/2023\/04\/222-1024x681.jpg 1024w, https:\/\/diarioprincipios.com\/wp-content\/uploads\/2023\/04\/222-300x200.jpg 300w, https:\/\/diarioprincipios.com\/wp-content\/uploads\/2023\/04\/222-768x511.jpg 768w, https:\/\/diarioprincipios.com\/wp-content\/uploads\/2023\/04\/222-1536x1021.jpg 1536w, https:\/\/diarioprincipios.com\/wp-content\/uploads\/2023\/04\/222.jpg 1600w\" sizes=\"auto, (max-width: 1024px) 100vw, 1024px\" \/><\/figure>\n\n\n\n<p>De esta forma el municipio sigue adelante con su pol\u00edtica de recuperaci\u00f3n y puesta en valor permanente de los espacios p\u00fablicos de toda la ciudad.<\/p>\n\n\n\n<p>Aqu\u00ed se colocaron juegos, se realiz\u00f3 el parquizado y construcci\u00f3n de senderos, bicisendas, espacios recreativos y de descanso, adem\u00e1s de la iluminaci\u00f3n completa del paseo.<\/p>\n\n\n\n<figure class=\"wp-block-image size-large\"><img loading=\"lazy\" decoding=\"async\" width=\"1024\" height=\"681\" src=\"https:\/\/diarioprincipios.com\/wp-content\/uploads\/2023\/04\/4-1024x681.jpg\" alt=\"\" class=\"wp-image-16613\" srcset=\"https:\/\/diarioprincipios.com\/wp-content\/uploads\/2023\/04\/4-1024x681.jpg 1024w, https:\/\/diarioprincipios.com\/wp-content\/uploads\/2023\/04\/4-300x200.jpg 300w, https:\/\/diarioprincipios.com\/wp-content\/uploads\/2023\/04\/4-768x511.jpg 768w, https:\/\/diarioprincipios.com\/wp-content\/uploads\/2023\/04\/4-1536x1021.jpg 1536w, https:\/\/diarioprincipios.com\/wp-content\/uploads\/2023\/04\/4.jpg 1600w\" sizes=\"auto, (max-width: 1024px) 100vw, 1024px\" \/><\/figure>\n\n\n\n<p>Acompa\u00f1ado por la jefa de gabinete Magdalena Sierra, el presidente del Concejo Deliberante Hugo Barrueco y gran cantidad de funcionarixs locales, el jefe comunal convers\u00f3 con los vecinos y vecinas presentes y disfrutaron de un gran festival organizado para la ocasi\u00f3n, que cont\u00f3 con las actuaciones de la Escuela Municipal de Circo de la Isla Maciel, la Escuela Municipal de Danzas, stands del Programa Avellaneda Recicla y de la secretar\u00eda de Deportes y un cierre musical a cargo de Cristian Ariel RKT.<\/p>\n","protected":false},"excerpt":{"rendered":"<p>Se trata del Paseo La Alameda 2 y para celebrarlo se llev\u00f3 a cabo un festival popular con m\u00fasica, danzas y espect\u00e1culos para toda la familia. El intendente de Avellaneda, Jorge Ferraresi, inaugur\u00f3 junto a una gran cantidad de vecinos de Sarand\u00ed el paseo La Alameda 2, ubicado a lo largo de la calle Emilio&#8230;<\/p>\n","protected":false},"author":2,"featured_media":16614,"comment_status":"open","ping_status":"open","sticky":false,"template":"","format":"standard","meta":{"footnotes":""},"categories":[5],"tags":[],"class_list":["post-16611","post","type-post","status-publish","format-standard","has-post-thumbnail","hentry","category-avellaneda"],"featured_image_src":"https:\/\/diarioprincipios.com\/wp-content\/uploads\/2023\/04\/1-1024x681.jpg","blog_images":{"medium":"https:\/\/diarioprincipios.com\/wp-content\/uploads\/2023\/04\/1-300x200.jpg","large":"https:\/\/diarioprincipios.com\/wp-content\/uploads\/2023\/04\/1-1024x681.jpg"},"ams_acf":[],"yoast_head":"<!-- This site is optimized with the Yoast SEO plugin v27.3 - https:\/\/yoast.com\/product\/yoast-seo-wordpress\/ -->\n<title>Ferraresi inaugur\u00f3 un nuevo Parque en Sarand\u00ed - Principios<\/title>\n<meta name=\"robots\" content=\"index, follow, max-snippet:-1, max-image-preview:large, max-video-preview:-1\" \/>\n<link rel=\"canonical\" href=\"https:\/\/diarioprincipios.com\/index.php\/2023\/04\/18\/ferraresi-inauguro-un-nuevo-parque-en-sarandi\/\" \/>\n<meta property=\"og:locale\" content=\"es_ES\" \/>\n<meta property=\"og:type\" content=\"article\" \/>\n<meta property=\"og:title\" content=\"Ferraresi inaugur\u00f3 un nuevo Parque en Sarand\u00ed - Principios\" \/>\n<meta property=\"og:description\" content=\"Se trata del Paseo La Alameda 2 y para celebrarlo se llev\u00f3 a cabo un festival popular con m\u00fasica, danzas y espect\u00e1culos para toda la familia. El intendente de Avellaneda, Jorge Ferraresi, inaugur\u00f3 junto a una gran cantidad de vecinos de Sarand\u00ed el paseo La Alameda 2, ubicado a lo largo de la calle Emilio...\" \/>\n<meta property=\"og:url\" content=\"https:\/\/diarioprincipios.com\/index.php\/2023\/04\/18\/ferraresi-inauguro-un-nuevo-parque-en-sarandi\/\" \/>\n<meta property=\"og:site_name\" content=\"Principios\" \/>\n<meta property=\"article:published_time\" content=\"2023-04-18T11:55:44+00:00\" \/>\n<meta property=\"article:modified_time\" content=\"2023-04-28T16:12:17+00:00\" \/>\n<meta property=\"og:image\" content=\"https:\/\/diarioprincipios.com\/wp-content\/uploads\/2023\/04\/1.jpg\" \/>\n\t<meta property=\"og:image:width\" content=\"1600\" \/>\n\t<meta property=\"og:image:height\" content=\"1064\" \/>\n\t<meta property=\"og:image:type\" content=\"image\/jpeg\" \/>\n<meta name=\"author\" content=\"Hern\u00e1n L\u00f3pez\" \/>\n<meta name=\"twitter:card\" content=\"summary_large_image\" \/>\n<meta name=\"twitter:label1\" content=\"Escrito por\" \/>\n\t<meta name=\"twitter:data1\" content=\"Hern\u00e1n L\u00f3pez\" \/>\n\t<meta name=\"twitter:label2\" content=\"Tiempo de lectura\" \/>\n\t<meta name=\"twitter:data2\" content=\"2 minutos\" \/>\n<script type=\"application\/ld+json\" class=\"yoast-schema-graph\">{\"@context\":\"https:\\\/\\\/schema.org\",\"@graph\":[{\"@type\":\"Article\",\"@id\":\"https:\\\/\\\/diarioprincipios.com\\\/index.php\\\/2023\\\/04\\\/18\\\/ferraresi-inauguro-un-nuevo-parque-en-sarandi\\\/#article\",\"isPartOf\":{\"@id\":\"https:\\\/\\\/diarioprincipios.com\\\/index.php\\\/2023\\\/04\\\/18\\\/ferraresi-inauguro-un-nuevo-parque-en-sarandi\\\/\"},\"author\":{\"name\":\"Hern\u00e1n L\u00f3pez\",\"@id\":\"https:\\\/\\\/diarioprincipios.com\\\/#\\\/schema\\\/person\\\/436d5a1fd41a5e250e23ff5a6a7cb080\"},\"headline\":\"Ferraresi inaugur\u00f3 un nuevo Parque en Sarand\u00ed\",\"datePublished\":\"2023-04-18T11:55:44+00:00\",\"dateModified\":\"2023-04-28T16:12:17+00:00\",\"mainEntityOfPage\":{\"@id\":\"https:\\\/\\\/diarioprincipios.com\\\/index.php\\\/2023\\\/04\\\/18\\\/ferraresi-inauguro-un-nuevo-parque-en-sarandi\\\/\"},\"wordCount\":210,\"commentCount\":0,\"publisher\":{\"@id\":\"https:\\\/\\\/diarioprincipios.com\\\/#organization\"},\"image\":{\"@id\":\"https:\\\/\\\/diarioprincipios.com\\\/index.php\\\/2023\\\/04\\\/18\\\/ferraresi-inauguro-un-nuevo-parque-en-sarandi\\\/#primaryimage\"},\"thumbnailUrl\":\"https:\\\/\\\/diarioprincipios.com\\\/wp-content\\\/uploads\\\/2023\\\/04\\\/1.jpg\",\"articleSection\":[\"Avellaneda\"],\"inLanguage\":\"es\",\"potentialAction\":[{\"@type\":\"CommentAction\",\"name\":\"Comment\",\"target\":[\"https:\\\/\\\/diarioprincipios.com\\\/index.php\\\/2023\\\/04\\\/18\\\/ferraresi-inauguro-un-nuevo-parque-en-sarandi\\\/#respond\"]}]},{\"@type\":\"WebPage\",\"@id\":\"https:\\\/\\\/diarioprincipios.com\\\/index.php\\\/2023\\\/04\\\/18\\\/ferraresi-inauguro-un-nuevo-parque-en-sarandi\\\/\",\"url\":\"https:\\\/\\\/diarioprincipios.com\\\/index.php\\\/2023\\\/04\\\/18\\\/ferraresi-inauguro-un-nuevo-parque-en-sarandi\\\/\",\"name\":\"Ferraresi inaugur\u00f3 un nuevo Parque en Sarand\u00ed - Principios\",\"isPartOf\":{\"@id\":\"https:\\\/\\\/diarioprincipios.com\\\/#website\"},\"primaryImageOfPage\":{\"@id\":\"https:\\\/\\\/diarioprincipios.com\\\/index.php\\\/2023\\\/04\\\/18\\\/ferraresi-inauguro-un-nuevo-parque-en-sarandi\\\/#primaryimage\"},\"image\":{\"@id\":\"https:\\\/\\\/diarioprincipios.com\\\/index.php\\\/2023\\\/04\\\/18\\\/ferraresi-inauguro-un-nuevo-parque-en-sarandi\\\/#primaryimage\"},\"thumbnailUrl\":\"https:\\\/\\\/diarioprincipios.com\\\/wp-content\\\/uploads\\\/2023\\\/04\\\/1.jpg\",\"datePublished\":\"2023-04-18T11:55:44+00:00\",\"dateModified\":\"2023-04-28T16:12:17+00:00\",\"breadcrumb\":{\"@id\":\"https:\\\/\\\/diarioprincipios.com\\\/index.php\\\/2023\\\/04\\\/18\\\/ferraresi-inauguro-un-nuevo-parque-en-sarandi\\\/#breadcrumb\"},\"inLanguage\":\"es\",\"potentialAction\":[{\"@type\":\"ReadAction\",\"target\":[\"https:\\\/\\\/diarioprincipios.com\\\/index.php\\\/2023\\\/04\\\/18\\\/ferraresi-inauguro-un-nuevo-parque-en-sarandi\\\/\"]}]},{\"@type\":\"ImageObject\",\"inLanguage\":\"es\",\"@id\":\"https:\\\/\\\/diarioprincipios.com\\\/index.php\\\/2023\\\/04\\\/18\\\/ferraresi-inauguro-un-nuevo-parque-en-sarandi\\\/#primaryimage\",\"url\":\"https:\\\/\\\/diarioprincipios.com\\\/wp-content\\\/uploads\\\/2023\\\/04\\\/1.jpg\",\"contentUrl\":\"https:\\\/\\\/diarioprincipios.com\\\/wp-content\\\/uploads\\\/2023\\\/04\\\/1.jpg\",\"width\":1600,\"height\":1064},{\"@type\":\"BreadcrumbList\",\"@id\":\"https:\\\/\\\/diarioprincipios.com\\\/index.php\\\/2023\\\/04\\\/18\\\/ferraresi-inauguro-un-nuevo-parque-en-sarandi\\\/#breadcrumb\",\"itemListElement\":[{\"@type\":\"ListItem\",\"position\":1,\"name\":\"Portada\",\"item\":\"https:\\\/\\\/diarioprincipios.com\\\/\"},{\"@type\":\"ListItem\",\"position\":2,\"name\":\"Ferraresi inaugur\u00f3 un nuevo Parque en Sarand\u00ed\"}]},{\"@type\":\"WebSite\",\"@id\":\"https:\\\/\\\/diarioprincipios.com\\\/#website\",\"url\":\"https:\\\/\\\/diarioprincipios.com\\\/\",\"name\":\"Principios\",\"description\":\"Principios Diario\",\"publisher\":{\"@id\":\"https:\\\/\\\/diarioprincipios.com\\\/#organization\"},\"potentialAction\":[{\"@type\":\"SearchAction\",\"target\":{\"@type\":\"EntryPoint\",\"urlTemplate\":\"https:\\\/\\\/diarioprincipios.com\\\/?s={search_term_string}\"},\"query-input\":{\"@type\":\"PropertyValueSpecification\",\"valueRequired\":true,\"valueName\":\"search_term_string\"}}],\"inLanguage\":\"es\"},{\"@type\":\"Organization\",\"@id\":\"https:\\\/\\\/diarioprincipios.com\\\/#organization\",\"name\":\"Principios\",\"url\":\"https:\\\/\\\/diarioprincipios.com\\\/\",\"logo\":{\"@type\":\"ImageObject\",\"inLanguage\":\"es\",\"@id\":\"https:\\\/\\\/diarioprincipios.com\\\/#\\\/schema\\\/logo\\\/image\\\/\",\"url\":\"https:\\\/\\\/diarioprincipios.com\\\/wp-content\\\/uploads\\\/2024\\\/04\\\/cropped-www.diarioprincipios.com_-1.png\",\"contentUrl\":\"https:\\\/\\\/diarioprincipios.com\\\/wp-content\\\/uploads\\\/2024\\\/04\\\/cropped-www.diarioprincipios.com_-1.png\",\"width\":5325,\"height\":1454,\"caption\":\"Principios\"},\"image\":{\"@id\":\"https:\\\/\\\/diarioprincipios.com\\\/#\\\/schema\\\/logo\\\/image\\\/\"}},{\"@type\":\"Person\",\"@id\":\"https:\\\/\\\/diarioprincipios.com\\\/#\\\/schema\\\/person\\\/436d5a1fd41a5e250e23ff5a6a7cb080\",\"name\":\"Hern\u00e1n L\u00f3pez\",\"image\":{\"@type\":\"ImageObject\",\"inLanguage\":\"es\",\"@id\":\"https:\\\/\\\/diarioprincipios.com\\\/wp-content\\\/litespeed\\\/avatar\\\/11ddfe5610ff3bd100522525b2571f48.jpg?ver=1777048341\",\"url\":\"https:\\\/\\\/diarioprincipios.com\\\/wp-content\\\/litespeed\\\/avatar\\\/11ddfe5610ff3bd100522525b2571f48.jpg?ver=1777048341\",\"contentUrl\":\"https:\\\/\\\/diarioprincipios.com\\\/wp-content\\\/litespeed\\\/avatar\\\/11ddfe5610ff3bd100522525b2571f48.jpg?ver=1777048341\",\"caption\":\"Hern\u00e1n L\u00f3pez\"},\"url\":\"https:\\\/\\\/diarioprincipios.com\\\/index.php\\\/author\\\/hernan\\\/\"}]}<\/script>\n<!-- \/ Yoast SEO plugin. -->","yoast_head_json":{"title":"Ferraresi inaugur\u00f3 un nuevo Parque en Sarand\u00ed - Principios","robots":{"index":"index","follow":"follow","max-snippet":"max-snippet:-1","max-image-preview":"max-image-preview:large","max-video-preview":"max-video-preview:-1"},"canonical":"https:\/\/diarioprincipios.com\/index.php\/2023\/04\/18\/ferraresi-inauguro-un-nuevo-parque-en-sarandi\/","og_locale":"es_ES","og_type":"article","og_title":"Ferraresi inaugur\u00f3 un nuevo Parque en Sarand\u00ed - Principios","og_description":"Se trata del Paseo La Alameda 2 y para celebrarlo se llev\u00f3 a cabo un festival popular con m\u00fasica, danzas y espect\u00e1culos para toda la familia. El intendente de Avellaneda, Jorge Ferraresi, inaugur\u00f3 junto a una gran cantidad de vecinos de Sarand\u00ed el paseo La Alameda 2, ubicado a lo largo de la calle Emilio...","og_url":"https:\/\/diarioprincipios.com\/index.php\/2023\/04\/18\/ferraresi-inauguro-un-nuevo-parque-en-sarandi\/","og_site_name":"Principios","article_published_time":"2023-04-18T11:55:44+00:00","article_modified_time":"2023-04-28T16:12:17+00:00","og_image":[{"width":1600,"height":1064,"url":"https:\/\/diarioprincipios.com\/wp-content\/uploads\/2023\/04\/1.jpg","type":"image\/jpeg"}],"author":"Hern\u00e1n L\u00f3pez","twitter_card":"summary_large_image","twitter_misc":{"Escrito por":"Hern\u00e1n L\u00f3pez","Tiempo de lectura":"2 minutos"},"schema":{"@context":"https:\/\/schema.org","@graph":[{"@type":"Article","@id":"https:\/\/diarioprincipios.com\/index.php\/2023\/04\/18\/ferraresi-inauguro-un-nuevo-parque-en-sarandi\/#article","isPartOf":{"@id":"https:\/\/diarioprincipios.com\/index.php\/2023\/04\/18\/ferraresi-inauguro-un-nuevo-parque-en-sarandi\/"},"author":{"name":"Hern\u00e1n L\u00f3pez","@id":"https:\/\/diarioprincipios.com\/#\/schema\/person\/436d5a1fd41a5e250e23ff5a6a7cb080"},"headline":"Ferraresi inaugur\u00f3 un nuevo Parque en Sarand\u00ed","datePublished":"2023-04-18T11:55:44+00:00","dateModified":"2023-04-28T16:12:17+00:00","mainEntityOfPage":{"@id":"https:\/\/diarioprincipios.com\/index.php\/2023\/04\/18\/ferraresi-inauguro-un-nuevo-parque-en-sarandi\/"},"wordCount":210,"commentCount":0,"publisher":{"@id":"https:\/\/diarioprincipios.com\/#organization"},"image":{"@id":"https:\/\/diarioprincipios.com\/index.php\/2023\/04\/18\/ferraresi-inauguro-un-nuevo-parque-en-sarandi\/#primaryimage"},"thumbnailUrl":"https:\/\/diarioprincipios.com\/wp-content\/uploads\/2023\/04\/1.jpg","articleSection":["Avellaneda"],"inLanguage":"es","potentialAction":[{"@type":"CommentAction","name":"Comment","target":["https:\/\/diarioprincipios.com\/index.php\/2023\/04\/18\/ferraresi-inauguro-un-nuevo-parque-en-sarandi\/#respond"]}]},{"@type":"WebPage","@id":"https:\/\/diarioprincipios.com\/index.php\/2023\/04\/18\/ferraresi-inauguro-un-nuevo-parque-en-sarandi\/","url":"https:\/\/diarioprincipios.com\/index.php\/2023\/04\/18\/ferraresi-inauguro-un-nuevo-parque-en-sarandi\/","name":"Ferraresi inaugur\u00f3 un nuevo Parque en Sarand\u00ed - Principios","isPartOf":{"@id":"https:\/\/diarioprincipios.com\/#website"},"primaryImageOfPage":{"@id":"https:\/\/diarioprincipios.com\/index.php\/2023\/04\/18\/ferraresi-inauguro-un-nuevo-parque-en-sarandi\/#primaryimage"},"image":{"@id":"https:\/\/diarioprincipios.com\/index.php\/2023\/04\/18\/ferraresi-inauguro-un-nuevo-parque-en-sarandi\/#primaryimage"},"thumbnailUrl":"https:\/\/diarioprincipios.com\/wp-content\/uploads\/2023\/04\/1.jpg","datePublished":"2023-04-18T11:55:44+00:00","dateModified":"2023-04-28T16:12:17+00:00","breadcrumb":{"@id":"https:\/\/diarioprincipios.com\/index.php\/2023\/04\/18\/ferraresi-inauguro-un-nuevo-parque-en-sarandi\/#breadcrumb"},"inLanguage":"es","potentialAction":[{"@type":"ReadAction","target":["https:\/\/diarioprincipios.com\/index.php\/2023\/04\/18\/ferraresi-inauguro-un-nuevo-parque-en-sarandi\/"]}]},{"@type":"ImageObject","inLanguage":"es","@id":"https:\/\/diarioprincipios.com\/index.php\/2023\/04\/18\/ferraresi-inauguro-un-nuevo-parque-en-sarandi\/#primaryimage","url":"https:\/\/diarioprincipios.com\/wp-content\/uploads\/2023\/04\/1.jpg","contentUrl":"https:\/\/diarioprincipios.com\/wp-content\/uploads\/2023\/04\/1.jpg","width":1600,"height":1064},{"@type":"BreadcrumbList","@id":"https:\/\/diarioprincipios.com\/index.php\/2023\/04\/18\/ferraresi-inauguro-un-nuevo-parque-en-sarandi\/#breadcrumb","itemListElement":[{"@type":"ListItem","position":1,"name":"Portada","item":"https:\/\/diarioprincipios.com\/"},{"@type":"ListItem","position":2,"name":"Ferraresi inaugur\u00f3 un nuevo Parque en Sarand\u00ed"}]},{"@type":"WebSite","@id":"https:\/\/diarioprincipios.com\/#website","url":"https:\/\/diarioprincipios.com\/","name":"Principios","description":"Principios Diario","publisher":{"@id":"https:\/\/diarioprincipios.com\/#organization"},"potentialAction":[{"@type":"SearchAction","target":{"@type":"EntryPoint","urlTemplate":"https:\/\/diarioprincipios.com\/?s={search_term_string}"},"query-input":{"@type":"PropertyValueSpecification","valueRequired":true,"valueName":"search_term_string"}}],"inLanguage":"es"},{"@type":"Organization","@id":"https:\/\/diarioprincipios.com\/#organization","name":"Principios","url":"https:\/\/diarioprincipios.com\/","logo":{"@type":"ImageObject","inLanguage":"es","@id":"https:\/\/diarioprincipios.com\/#\/schema\/logo\/image\/","url":"https:\/\/diarioprincipios.com\/wp-content\/uploads\/2024\/04\/cropped-www.diarioprincipios.com_-1.png","contentUrl":"https:\/\/diarioprincipios.com\/wp-content\/uploads\/2024\/04\/cropped-www.diarioprincipios.com_-1.png","width":5325,"height":1454,"caption":"Principios"},"image":{"@id":"https:\/\/diarioprincipios.com\/#\/schema\/logo\/image\/"}},{"@type":"Person","@id":"https:\/\/diarioprincipios.com\/#\/schema\/person\/436d5a1fd41a5e250e23ff5a6a7cb080","name":"Hern\u00e1n L\u00f3pez","image":{"@type":"ImageObject","inLanguage":"es","@id":"https:\/\/diarioprincipios.com\/wp-content\/litespeed\/avatar\/11ddfe5610ff3bd100522525b2571f48.jpg?ver=1777048341","url":"https:\/\/diarioprincipios.com\/wp-content\/litespeed\/avatar\/11ddfe5610ff3bd100522525b2571f48.jpg?ver=1777048341","contentUrl":"https:\/\/diarioprincipios.com\/wp-content\/litespeed\/avatar\/11ddfe5610ff3bd100522525b2571f48.jpg?ver=1777048341","caption":"Hern\u00e1n L\u00f3pez"},"url":"https:\/\/diarioprincipios.com\/index.php\/author\/hernan\/"}]}},"jetpack_featured_media_url":"https:\/\/diarioprincipios.com\/wp-content\/uploads\/2023\/04\/1.jpg","_links":{"self":[{"href":"https:\/\/diarioprincipios.com\/index.php\/wp-json\/wp\/v2\/posts\/16611","targetHints":{"allow":["GET"]}}],"collection":[{"href":"https:\/\/diarioprincipios.com\/index.php\/wp-json\/wp\/v2\/posts"}],"about":[{"href":"https:\/\/diarioprincipios.com\/index.php\/wp-json\/wp\/v2\/types\/post"}],"author":[{"embeddable":true,"href":"https:\/\/diarioprincipios.com\/index.php\/wp-json\/wp\/v2\/users\/2"}],"replies":[{"embeddable":true,"href":"https:\/\/diarioprincipios.com\/index.php\/wp-json\/wp\/v2\/comments?post=16611"}],"version-history":[{"count":1,"href":"https:\/\/diarioprincipios.com\/index.php\/wp-json\/wp\/v2\/posts\/16611\/revisions"}],"predecessor-version":[{"id":16615,"href":"https:\/\/diarioprincipios.com\/index.php\/wp-json\/wp\/v2\/posts\/16611\/revisions\/16615"}],"wp:featuredmedia":[{"embeddable":true,"href":"https:\/\/diarioprincipios.com\/index.php\/wp-json\/wp\/v2\/media\/16614"}],"wp:attachment":[{"href":"https:\/\/diarioprincipios.com\/index.php\/wp-json\/wp\/v2\/media?parent=16611"}],"wp:term":[{"taxonomy":"category","embeddable":true,"href":"https:\/\/diarioprincipios.com\/index.php\/wp-json\/wp\/v2\/categories?post=16611"},{"taxonomy":"post_tag","embeddable":true,"href":"https:\/\/diarioprincipios.com\/index.php\/wp-json\/wp\/v2\/tags?post=16611"}],"curies":[{"name":"wp","href":"https:\/\/api.w.org\/{rel}","templated":true}]}}