{"id":16589,"date":"2023-04-17T11:43:55","date_gmt":"2023-04-17T14:43:55","guid":{"rendered":"http:\/\/diarioprincipios.com\/?p=16589"},"modified":"2023-04-28T12:58:16","modified_gmt":"2023-04-28T15:58:16","slug":"mussi-y-katopodis-inauguraron-el-centro-civico-cultural-y-recreativo-de-gutierrez","status":"publish","type":"post","link":"https:\/\/diarioprincipios.com\/index.php\/2023\/04\/17\/mussi-y-katopodis-inauguraron-el-centro-civico-cultural-y-recreativo-de-gutierrez\/","title":{"rendered":"Mussi y Katopodis inauguraron el Centro C\u00edvico, Cultural y Recreativo de Guti\u00e9rrez"},"content":{"rendered":"\n<p><strong>Se inaugur\u00f3 el nuevo Centro C\u00edvico, Cultural y Recreativo Municipal de Guti\u00e9rrez, en Camino Real y calle 418, en el marco de los festejos por el 139\u00ba aniversario de la localidad. El intendente de Berazategui, Juan Jos\u00e9 Mussi, encabez\u00f3 las celebraciones, acompa\u00f1ado del ministro nacional de Obras P\u00fablicas, Gabriel Katopodis.<br><\/strong><br>La inauguraci\u00f3n de estas obras, que fueron financiadas por el Gobierno Nacional, complet\u00f3 el megaproyecto que comenz\u00f3 con la Plaza Carlos San Mart\u00edn (ubicada en Camino Real y 413); continu\u00f3 con el tramo abarcado por el Vel\u00f3dromo Argentino R\u00edos, hasta llegar al edificio institucional del Centro C\u00edvico, de 800 metros cuadrados. Este espacio cuenta con una Delegaci\u00f3n Municipal, un Registro Civil, un \u00e1rea de Licencias de Conducir, una Oficina de Control Inmobiliario, un Sal\u00f3n de Usos M\u00faltiples (SUM) donde se realizar\u00e1n actividades complementarias del sector administrativo y cultural, un auditorio y tres aulas para los cursos y talleres de Cultura.<\/p>\n\n\n\n<figure class=\"wp-block-image size-large\"><img loading=\"lazy\" decoding=\"async\" width=\"1024\" height=\"683\" src=\"https:\/\/diarioprincipios.com\/wp-content\/uploads\/2023\/04\/20230419_Inauguracion_Centro_Civico_Gutierrez_Festejos_139\u00b0_Aniversario_Juan_Maria_Guiterrez_JD_803-1024x683.jpg\" alt=\"\" class=\"wp-image-16590\" srcset=\"https:\/\/diarioprincipios.com\/wp-content\/uploads\/2023\/04\/20230419_Inauguracion_Centro_Civico_Gutierrez_Festejos_139\u00b0_Aniversario_Juan_Maria_Guiterrez_JD_803-1024x683.jpg 1024w, https:\/\/diarioprincipios.com\/wp-content\/uploads\/2023\/04\/20230419_Inauguracion_Centro_Civico_Gutierrez_Festejos_139\u00b0_Aniversario_Juan_Maria_Guiterrez_JD_803-300x200.jpg 300w, https:\/\/diarioprincipios.com\/wp-content\/uploads\/2023\/04\/20230419_Inauguracion_Centro_Civico_Gutierrez_Festejos_139\u00b0_Aniversario_Juan_Maria_Guiterrez_JD_803-768x512.jpg 768w, https:\/\/diarioprincipios.com\/wp-content\/uploads\/2023\/04\/20230419_Inauguracion_Centro_Civico_Gutierrez_Festejos_139\u00b0_Aniversario_Juan_Maria_Guiterrez_JD_803-1536x1024.jpg 1536w, https:\/\/diarioprincipios.com\/wp-content\/uploads\/2023\/04\/20230419_Inauguracion_Centro_Civico_Gutierrez_Festejos_139\u00b0_Aniversario_Juan_Maria_Guiterrez_JD_803.jpg 1920w\" sizes=\"auto, (max-width: 1024px) 100vw, 1024px\" \/><\/figure>\n\n\n\n<p>Al respecto, el intendente Mussi celebr\u00f3: \u201cAgradezco a las escuelas e instituciones presentes y al ministro Katopodis. Le pido que le traslade mi agradecimiento al presidente de la Naci\u00f3n porque nos dieron los recursos para tener hoy esta obra impresionante aqu\u00ed en Guti\u00e9rrez. Berazategui va a cumplir 63 a\u00f1os, pero Guti\u00e9rrez tiene 139, es un pueblo localista, un pueblo que empuja y es comprometido, por eso hacemos estas cosas. \u00a1Qu\u00e9 lindo est\u00e1 Guti\u00e9rrez!\u201d.<\/p>\n\n\n\n<p>A su vez, subray\u00f3: \u201cLas plazas siempre est\u00e1n llenas de chicos y padres, todos unidos; y eso es lo que necesitamos, que los argentinos se junten. Les quiero pedir en este d\u00eda tan especial, compromiso y unidad, la agresi\u00f3n no sirve para nada, se construye con amor y aqu\u00ed hay mucho. Guti\u00e9rrez va a cuidar estas obras. No saben lo lindo que es que la gente se acerque y recibir un beso, un abrazo, me emociona. \u00a1Gracias Guti\u00e9rrez! Sigan empujando, un\u00e1monos para salvar esta Patria Grande que tenemos, por nuestros pibes y pibas. No hay otra forma que no sea uni\u00e9ndonos. Nos envolvemos en la azul y blanca y le damos para adelante. \u00a1Gracias, Guti\u00e9rrez, feliz cumplea\u00f1os!\u00bb.<\/p>\n\n\n\n<figure class=\"wp-block-image size-large\"><img loading=\"lazy\" decoding=\"async\" width=\"1024\" height=\"683\" src=\"https:\/\/diarioprincipios.com\/wp-content\/uploads\/2023\/04\/20230421_Inauguracion_Centro_Civico_Gutierrez_Festejos_139\u00b0_Aniversario_Juan_Maria_Guiterrez_JD_803-1024x683.jpg\" alt=\"\" class=\"wp-image-16591\" srcset=\"https:\/\/diarioprincipios.com\/wp-content\/uploads\/2023\/04\/20230421_Inauguracion_Centro_Civico_Gutierrez_Festejos_139\u00b0_Aniversario_Juan_Maria_Guiterrez_JD_803-1024x683.jpg 1024w, https:\/\/diarioprincipios.com\/wp-content\/uploads\/2023\/04\/20230421_Inauguracion_Centro_Civico_Gutierrez_Festejos_139\u00b0_Aniversario_Juan_Maria_Guiterrez_JD_803-300x200.jpg 300w, https:\/\/diarioprincipios.com\/wp-content\/uploads\/2023\/04\/20230421_Inauguracion_Centro_Civico_Gutierrez_Festejos_139\u00b0_Aniversario_Juan_Maria_Guiterrez_JD_803-768x512.jpg 768w, https:\/\/diarioprincipios.com\/wp-content\/uploads\/2023\/04\/20230421_Inauguracion_Centro_Civico_Gutierrez_Festejos_139\u00b0_Aniversario_Juan_Maria_Guiterrez_JD_803-1536x1024.jpg 1536w, https:\/\/diarioprincipios.com\/wp-content\/uploads\/2023\/04\/20230421_Inauguracion_Centro_Civico_Gutierrez_Festejos_139\u00b0_Aniversario_Juan_Maria_Guiterrez_JD_803.jpg 1920w\" sizes=\"auto, (max-width: 1024px) 100vw, 1024px\" \/><\/figure>\n\n\n\n<p>Por su parte, Katopodis afirm\u00f3: \u201cEsta es una gran fiesta, \u00a1feliz cumplea\u00f1os, Guti\u00e9rrez! Tienen que estar muy orgullosos de la ciudad que vienen construyendo con Juan Jos\u00e9 Mussi, de haber llegado a tener este Centro C\u00edvico y este Parque Lineal. La manera que tiene un Intendente de estar cerca de su pueblo, cerca de su gente, la forma que tenemos de abrazarlos, es haciendo lo que aqu\u00ed se hace todos los d\u00edas, trabajar con mucha seriedad, ponerle mucha garra y no dejar que ning\u00fan vecino de Berazategui se quede atr\u00e1s; que todos podamos disfrutar y llegar a vivir juntos nuestros proyectos\u201d.<\/p>\n\n\n\n<p>Y asegur\u00f3: \u201cEst\u00e1n pasando cosas buenas en nuestra comunidad y en nuestro pa\u00eds. Estamos convencidos de que este es el camino. El intendente Mussi defiende Berazategui, todos los d\u00edas pelea por su gente, lleva estas obras a cada rinc\u00f3n de la ciudad porque tiene en el coraz\u00f3n a cada uno de los vecinos y vecinas. Cuidemos Berazategui, sigamos trabajando por nuestra ciudad, disfrutemos de estos nuevos espacios, de cada obra que hacemos para que nuestra gente cada d\u00eda viva un poquito mejor\u201d.<\/p>\n\n\n\n<figure class=\"wp-block-image size-large\"><img loading=\"lazy\" decoding=\"async\" width=\"1024\" height=\"683\" src=\"https:\/\/diarioprincipios.com\/wp-content\/uploads\/2023\/04\/20230420_Inauguracion_Centro_Civico_Gutierrez_Festejos_139\u00b0_Aniversario_Juan_Maria_Guiterrez_JD_803-1024x683.jpg\" alt=\"\" class=\"wp-image-16592\" srcset=\"https:\/\/diarioprincipios.com\/wp-content\/uploads\/2023\/04\/20230420_Inauguracion_Centro_Civico_Gutierrez_Festejos_139\u00b0_Aniversario_Juan_Maria_Guiterrez_JD_803-1024x683.jpg 1024w, https:\/\/diarioprincipios.com\/wp-content\/uploads\/2023\/04\/20230420_Inauguracion_Centro_Civico_Gutierrez_Festejos_139\u00b0_Aniversario_Juan_Maria_Guiterrez_JD_803-300x200.jpg 300w, https:\/\/diarioprincipios.com\/wp-content\/uploads\/2023\/04\/20230420_Inauguracion_Centro_Civico_Gutierrez_Festejos_139\u00b0_Aniversario_Juan_Maria_Guiterrez_JD_803-768x512.jpg 768w, https:\/\/diarioprincipios.com\/wp-content\/uploads\/2023\/04\/20230420_Inauguracion_Centro_Civico_Gutierrez_Festejos_139\u00b0_Aniversario_Juan_Maria_Guiterrez_JD_803-1536x1024.jpg 1536w, https:\/\/diarioprincipios.com\/wp-content\/uploads\/2023\/04\/20230420_Inauguracion_Centro_Civico_Gutierrez_Festejos_139\u00b0_Aniversario_Juan_Maria_Guiterrez_JD_803.jpg 1920w\" sizes=\"auto, (max-width: 1024px) 100vw, 1024px\" \/><\/figure>\n\n\n\n<p>Silvina Micoli, vecina de Guti\u00e9rrez, expres\u00f3: \u201cEstoy muy emocionada, me encanta ver como est\u00e1 Guti\u00e9rrez hoy, les pido que cuidemos esto, el Parque lineal y el Centro C\u00edvico son espacios muy importantes para toda la comunidad. Se revaloriz\u00f3 Guti\u00e9rrez. Sigamos adelante como siempre, estamos muy agradecidos\u201d.<\/p>\n\n\n\n<p>Tambi\u00e9n hubo un n\u00famero musical a cargo de Las Voces Norte\u00f1as; se hizo presente el Centro Cultural M\u00f3vil de Cultura Colectiva, con actividades para toda la familia; estuvieron productores locales de la Feria Regal\u00e1 Cultura y se sortearon premios &nbsp;otorgados por comerciantes locales. Adem\u00e1s, participaron instituciones educativas y deportivas, Sociedades de Fomento, Centros de Jubilados y Comerciales, Bomberos Voluntarios, entre otros.<\/p>\n","protected":false},"excerpt":{"rendered":"<p>Se inaugur\u00f3 el nuevo Centro C\u00edvico, Cultural y Recreativo Municipal de Guti\u00e9rrez, en Camino Real y calle 418, en el marco de los festejos por el 139\u00ba aniversario de la localidad. El intendente de Berazategui, Juan Jos\u00e9 Mussi, encabez\u00f3 las celebraciones, acompa\u00f1ado del ministro nacional de Obras P\u00fablicas, Gabriel Katopodis.La inauguraci\u00f3n de estas obras, que&#8230;<\/p>\n","protected":false},"author":2,"featured_media":16593,"comment_status":"open","ping_status":"open","sticky":false,"template":"","format":"standard","meta":{"footnotes":""},"categories":[3],"tags":[],"class_list":["post-16589","post","type-post","status-publish","format-standard","has-post-thumbnail","hentry","category-berazategui"],"featured_image_src":"https:\/\/diarioprincipios.com\/wp-content\/uploads\/2023\/04\/20230418_Inauguracion_Centro_Civico_Gutierrez_Festejos_139\u00b0_Aniversario_Juan_Maria_Guiterrez_JD_803-1024x683.jpg","blog_images":{"medium":"https:\/\/diarioprincipios.com\/wp-content\/uploads\/2023\/04\/20230418_Inauguracion_Centro_Civico_Gutierrez_Festejos_139\u00b0_Aniversario_Juan_Maria_Guiterrez_JD_803-300x200.jpg","large":"https:\/\/diarioprincipios.com\/wp-content\/uploads\/2023\/04\/20230418_Inauguracion_Centro_Civico_Gutierrez_Festejos_139\u00b0_Aniversario_Juan_Maria_Guiterrez_JD_803-1024x683.jpg"},"ams_acf":[],"yoast_head":"<!-- This site is optimized with the Yoast SEO plugin v27.3 - https:\/\/yoast.com\/product\/yoast-seo-wordpress\/ -->\n<title>Mussi y Katopodis inauguraron el Centro C\u00edvico, Cultural y Recreativo de Guti\u00e9rrez - Principios<\/title>\n<meta name=\"robots\" content=\"index, follow, max-snippet:-1, max-image-preview:large, max-video-preview:-1\" \/>\n<link rel=\"canonical\" href=\"https:\/\/diarioprincipios.com\/index.php\/2023\/04\/17\/mussi-y-katopodis-inauguraron-el-centro-civico-cultural-y-recreativo-de-gutierrez\/\" \/>\n<meta property=\"og:locale\" content=\"es_ES\" \/>\n<meta property=\"og:type\" content=\"article\" \/>\n<meta property=\"og:title\" content=\"Mussi y Katopodis inauguraron el Centro C\u00edvico, Cultural y Recreativo de Guti\u00e9rrez - Principios\" \/>\n<meta property=\"og:description\" content=\"Se inaugur\u00f3 el nuevo Centro C\u00edvico, Cultural y Recreativo Municipal de Guti\u00e9rrez, en Camino Real y calle 418, en el marco de los festejos por el 139\u00ba aniversario de la localidad. El intendente de Berazategui, Juan Jos\u00e9 Mussi, encabez\u00f3 las celebraciones, acompa\u00f1ado del ministro nacional de Obras P\u00fablicas, Gabriel Katopodis.La inauguraci\u00f3n de estas obras, que...\" \/>\n<meta property=\"og:url\" content=\"https:\/\/diarioprincipios.com\/index.php\/2023\/04\/17\/mussi-y-katopodis-inauguraron-el-centro-civico-cultural-y-recreativo-de-gutierrez\/\" \/>\n<meta property=\"og:site_name\" content=\"Principios\" \/>\n<meta property=\"article:published_time\" content=\"2023-04-17T14:43:55+00:00\" \/>\n<meta property=\"article:modified_time\" content=\"2023-04-28T15:58:16+00:00\" \/>\n<meta property=\"og:image\" content=\"https:\/\/diarioprincipios.com\/wp-content\/uploads\/2023\/04\/20230418_Inauguracion_Centro_Civico_Gutierrez_Festejos_139\u00b0_Aniversario_Juan_Maria_Guiterrez_JD_803.jpg\" \/>\n\t<meta property=\"og:image:width\" content=\"1920\" \/>\n\t<meta property=\"og:image:height\" content=\"1280\" \/>\n\t<meta property=\"og:image:type\" content=\"image\/jpeg\" \/>\n<meta name=\"author\" content=\"Hern\u00e1n L\u00f3pez\" \/>\n<meta name=\"twitter:card\" content=\"summary_large_image\" \/>\n<meta name=\"twitter:label1\" content=\"Escrito por\" \/>\n\t<meta name=\"twitter:data1\" content=\"Hern\u00e1n L\u00f3pez\" \/>\n\t<meta name=\"twitter:label2\" content=\"Tiempo de lectura\" \/>\n\t<meta name=\"twitter:data2\" content=\"4 minutos\" \/>\n<script type=\"application\/ld+json\" class=\"yoast-schema-graph\">{\"@context\":\"https:\\\/\\\/schema.org\",\"@graph\":[{\"@type\":\"Article\",\"@id\":\"https:\\\/\\\/diarioprincipios.com\\\/index.php\\\/2023\\\/04\\\/17\\\/mussi-y-katopodis-inauguraron-el-centro-civico-cultural-y-recreativo-de-gutierrez\\\/#article\",\"isPartOf\":{\"@id\":\"https:\\\/\\\/diarioprincipios.com\\\/index.php\\\/2023\\\/04\\\/17\\\/mussi-y-katopodis-inauguraron-el-centro-civico-cultural-y-recreativo-de-gutierrez\\\/\"},\"author\":{\"name\":\"Hern\u00e1n L\u00f3pez\",\"@id\":\"https:\\\/\\\/diarioprincipios.com\\\/#\\\/schema\\\/person\\\/436d5a1fd41a5e250e23ff5a6a7cb080\"},\"headline\":\"Mussi y Katopodis inauguraron el Centro C\u00edvico, Cultural y Recreativo de Guti\u00e9rrez\",\"datePublished\":\"2023-04-17T14:43:55+00:00\",\"dateModified\":\"2023-04-28T15:58:16+00:00\",\"mainEntityOfPage\":{\"@id\":\"https:\\\/\\\/diarioprincipios.com\\\/index.php\\\/2023\\\/04\\\/17\\\/mussi-y-katopodis-inauguraron-el-centro-civico-cultural-y-recreativo-de-gutierrez\\\/\"},\"wordCount\":687,\"commentCount\":0,\"publisher\":{\"@id\":\"https:\\\/\\\/diarioprincipios.com\\\/#organization\"},\"image\":{\"@id\":\"https:\\\/\\\/diarioprincipios.com\\\/index.php\\\/2023\\\/04\\\/17\\\/mussi-y-katopodis-inauguraron-el-centro-civico-cultural-y-recreativo-de-gutierrez\\\/#primaryimage\"},\"thumbnailUrl\":\"https:\\\/\\\/diarioprincipios.com\\\/wp-content\\\/uploads\\\/2023\\\/04\\\/20230418_Inauguracion_Centro_Civico_Gutierrez_Festejos_139\u00b0_Aniversario_Juan_Maria_Guiterrez_JD_803.jpg\",\"articleSection\":[\"Berazategui\"],\"inLanguage\":\"es\",\"potentialAction\":[{\"@type\":\"CommentAction\",\"name\":\"Comment\",\"target\":[\"https:\\\/\\\/diarioprincipios.com\\\/index.php\\\/2023\\\/04\\\/17\\\/mussi-y-katopodis-inauguraron-el-centro-civico-cultural-y-recreativo-de-gutierrez\\\/#respond\"]}]},{\"@type\":\"WebPage\",\"@id\":\"https:\\\/\\\/diarioprincipios.com\\\/index.php\\\/2023\\\/04\\\/17\\\/mussi-y-katopodis-inauguraron-el-centro-civico-cultural-y-recreativo-de-gutierrez\\\/\",\"url\":\"https:\\\/\\\/diarioprincipios.com\\\/index.php\\\/2023\\\/04\\\/17\\\/mussi-y-katopodis-inauguraron-el-centro-civico-cultural-y-recreativo-de-gutierrez\\\/\",\"name\":\"Mussi y Katopodis inauguraron el Centro C\u00edvico, Cultural y Recreativo de Guti\u00e9rrez - Principios\",\"isPartOf\":{\"@id\":\"https:\\\/\\\/diarioprincipios.com\\\/#website\"},\"primaryImageOfPage\":{\"@id\":\"https:\\\/\\\/diarioprincipios.com\\\/index.php\\\/2023\\\/04\\\/17\\\/mussi-y-katopodis-inauguraron-el-centro-civico-cultural-y-recreativo-de-gutierrez\\\/#primaryimage\"},\"image\":{\"@id\":\"https:\\\/\\\/diarioprincipios.com\\\/index.php\\\/2023\\\/04\\\/17\\\/mussi-y-katopodis-inauguraron-el-centro-civico-cultural-y-recreativo-de-gutierrez\\\/#primaryimage\"},\"thumbnailUrl\":\"https:\\\/\\\/diarioprincipios.com\\\/wp-content\\\/uploads\\\/2023\\\/04\\\/20230418_Inauguracion_Centro_Civico_Gutierrez_Festejos_139\u00b0_Aniversario_Juan_Maria_Guiterrez_JD_803.jpg\",\"datePublished\":\"2023-04-17T14:43:55+00:00\",\"dateModified\":\"2023-04-28T15:58:16+00:00\",\"breadcrumb\":{\"@id\":\"https:\\\/\\\/diarioprincipios.com\\\/index.php\\\/2023\\\/04\\\/17\\\/mussi-y-katopodis-inauguraron-el-centro-civico-cultural-y-recreativo-de-gutierrez\\\/#breadcrumb\"},\"inLanguage\":\"es\",\"potentialAction\":[{\"@type\":\"ReadAction\",\"target\":[\"https:\\\/\\\/diarioprincipios.com\\\/index.php\\\/2023\\\/04\\\/17\\\/mussi-y-katopodis-inauguraron-el-centro-civico-cultural-y-recreativo-de-gutierrez\\\/\"]}]},{\"@type\":\"ImageObject\",\"inLanguage\":\"es\",\"@id\":\"https:\\\/\\\/diarioprincipios.com\\\/index.php\\\/2023\\\/04\\\/17\\\/mussi-y-katopodis-inauguraron-el-centro-civico-cultural-y-recreativo-de-gutierrez\\\/#primaryimage\",\"url\":\"https:\\\/\\\/diarioprincipios.com\\\/wp-content\\\/uploads\\\/2023\\\/04\\\/20230418_Inauguracion_Centro_Civico_Gutierrez_Festejos_139\u00b0_Aniversario_Juan_Maria_Guiterrez_JD_803.jpg\",\"contentUrl\":\"https:\\\/\\\/diarioprincipios.com\\\/wp-content\\\/uploads\\\/2023\\\/04\\\/20230418_Inauguracion_Centro_Civico_Gutierrez_Festejos_139\u00b0_Aniversario_Juan_Maria_Guiterrez_JD_803.jpg\",\"width\":1920,\"height\":1280},{\"@type\":\"BreadcrumbList\",\"@id\":\"https:\\\/\\\/diarioprincipios.com\\\/index.php\\\/2023\\\/04\\\/17\\\/mussi-y-katopodis-inauguraron-el-centro-civico-cultural-y-recreativo-de-gutierrez\\\/#breadcrumb\",\"itemListElement\":[{\"@type\":\"ListItem\",\"position\":1,\"name\":\"Portada\",\"item\":\"https:\\\/\\\/diarioprincipios.com\\\/\"},{\"@type\":\"ListItem\",\"position\":2,\"name\":\"Mussi y Katopodis inauguraron el Centro C\u00edvico, Cultural y Recreativo de Guti\u00e9rrez\"}]},{\"@type\":\"WebSite\",\"@id\":\"https:\\\/\\\/diarioprincipios.com\\\/#website\",\"url\":\"https:\\\/\\\/diarioprincipios.com\\\/\",\"name\":\"Principios\",\"description\":\"Principios Diario\",\"publisher\":{\"@id\":\"https:\\\/\\\/diarioprincipios.com\\\/#organization\"},\"potentialAction\":[{\"@type\":\"SearchAction\",\"target\":{\"@type\":\"EntryPoint\",\"urlTemplate\":\"https:\\\/\\\/diarioprincipios.com\\\/?s={search_term_string}\"},\"query-input\":{\"@type\":\"PropertyValueSpecification\",\"valueRequired\":true,\"valueName\":\"search_term_string\"}}],\"inLanguage\":\"es\"},{\"@type\":\"Organization\",\"@id\":\"https:\\\/\\\/diarioprincipios.com\\\/#organization\",\"name\":\"Principios\",\"url\":\"https:\\\/\\\/diarioprincipios.com\\\/\",\"logo\":{\"@type\":\"ImageObject\",\"inLanguage\":\"es\",\"@id\":\"https:\\\/\\\/diarioprincipios.com\\\/#\\\/schema\\\/logo\\\/image\\\/\",\"url\":\"https:\\\/\\\/diarioprincipios.com\\\/wp-content\\\/uploads\\\/2024\\\/04\\\/cropped-www.diarioprincipios.com_-1.png\",\"contentUrl\":\"https:\\\/\\\/diarioprincipios.com\\\/wp-content\\\/uploads\\\/2024\\\/04\\\/cropped-www.diarioprincipios.com_-1.png\",\"width\":5325,\"height\":1454,\"caption\":\"Principios\"},\"image\":{\"@id\":\"https:\\\/\\\/diarioprincipios.com\\\/#\\\/schema\\\/logo\\\/image\\\/\"}},{\"@type\":\"Person\",\"@id\":\"https:\\\/\\\/diarioprincipios.com\\\/#\\\/schema\\\/person\\\/436d5a1fd41a5e250e23ff5a6a7cb080\",\"name\":\"Hern\u00e1n L\u00f3pez\",\"image\":{\"@type\":\"ImageObject\",\"inLanguage\":\"es\",\"@id\":\"https:\\\/\\\/diarioprincipios.com\\\/wp-content\\\/litespeed\\\/avatar\\\/11ddfe5610ff3bd100522525b2571f48.jpg?ver=1777048341\",\"url\":\"https:\\\/\\\/diarioprincipios.com\\\/wp-content\\\/litespeed\\\/avatar\\\/11ddfe5610ff3bd100522525b2571f48.jpg?ver=1777048341\",\"contentUrl\":\"https:\\\/\\\/diarioprincipios.com\\\/wp-content\\\/litespeed\\\/avatar\\\/11ddfe5610ff3bd100522525b2571f48.jpg?ver=1777048341\",\"caption\":\"Hern\u00e1n L\u00f3pez\"},\"url\":\"https:\\\/\\\/diarioprincipios.com\\\/index.php\\\/author\\\/hernan\\\/\"}]}<\/script>\n<!-- \/ Yoast SEO plugin. -->","yoast_head_json":{"title":"Mussi y Katopodis inauguraron el Centro C\u00edvico, Cultural y Recreativo de Guti\u00e9rrez - Principios","robots":{"index":"index","follow":"follow","max-snippet":"max-snippet:-1","max-image-preview":"max-image-preview:large","max-video-preview":"max-video-preview:-1"},"canonical":"https:\/\/diarioprincipios.com\/index.php\/2023\/04\/17\/mussi-y-katopodis-inauguraron-el-centro-civico-cultural-y-recreativo-de-gutierrez\/","og_locale":"es_ES","og_type":"article","og_title":"Mussi y Katopodis inauguraron el Centro C\u00edvico, Cultural y Recreativo de Guti\u00e9rrez - Principios","og_description":"Se inaugur\u00f3 el nuevo Centro C\u00edvico, Cultural y Recreativo Municipal de Guti\u00e9rrez, en Camino Real y calle 418, en el marco de los festejos por el 139\u00ba aniversario de la localidad. El intendente de Berazategui, Juan Jos\u00e9 Mussi, encabez\u00f3 las celebraciones, acompa\u00f1ado del ministro nacional de Obras P\u00fablicas, Gabriel Katopodis.La inauguraci\u00f3n de estas obras, que...","og_url":"https:\/\/diarioprincipios.com\/index.php\/2023\/04\/17\/mussi-y-katopodis-inauguraron-el-centro-civico-cultural-y-recreativo-de-gutierrez\/","og_site_name":"Principios","article_published_time":"2023-04-17T14:43:55+00:00","article_modified_time":"2023-04-28T15:58:16+00:00","og_image":[{"width":1920,"height":1280,"url":"https:\/\/diarioprincipios.com\/wp-content\/uploads\/2023\/04\/20230418_Inauguracion_Centro_Civico_Gutierrez_Festejos_139\u00b0_Aniversario_Juan_Maria_Guiterrez_JD_803.jpg","type":"image\/jpeg"}],"author":"Hern\u00e1n L\u00f3pez","twitter_card":"summary_large_image","twitter_misc":{"Escrito por":"Hern\u00e1n L\u00f3pez","Tiempo de lectura":"4 minutos"},"schema":{"@context":"https:\/\/schema.org","@graph":[{"@type":"Article","@id":"https:\/\/diarioprincipios.com\/index.php\/2023\/04\/17\/mussi-y-katopodis-inauguraron-el-centro-civico-cultural-y-recreativo-de-gutierrez\/#article","isPartOf":{"@id":"https:\/\/diarioprincipios.com\/index.php\/2023\/04\/17\/mussi-y-katopodis-inauguraron-el-centro-civico-cultural-y-recreativo-de-gutierrez\/"},"author":{"name":"Hern\u00e1n L\u00f3pez","@id":"https:\/\/diarioprincipios.com\/#\/schema\/person\/436d5a1fd41a5e250e23ff5a6a7cb080"},"headline":"Mussi y Katopodis inauguraron el Centro C\u00edvico, Cultural y Recreativo de Guti\u00e9rrez","datePublished":"2023-04-17T14:43:55+00:00","dateModified":"2023-04-28T15:58:16+00:00","mainEntityOfPage":{"@id":"https:\/\/diarioprincipios.com\/index.php\/2023\/04\/17\/mussi-y-katopodis-inauguraron-el-centro-civico-cultural-y-recreativo-de-gutierrez\/"},"wordCount":687,"commentCount":0,"publisher":{"@id":"https:\/\/diarioprincipios.com\/#organization"},"image":{"@id":"https:\/\/diarioprincipios.com\/index.php\/2023\/04\/17\/mussi-y-katopodis-inauguraron-el-centro-civico-cultural-y-recreativo-de-gutierrez\/#primaryimage"},"thumbnailUrl":"https:\/\/diarioprincipios.com\/wp-content\/uploads\/2023\/04\/20230418_Inauguracion_Centro_Civico_Gutierrez_Festejos_139\u00b0_Aniversario_Juan_Maria_Guiterrez_JD_803.jpg","articleSection":["Berazategui"],"inLanguage":"es","potentialAction":[{"@type":"CommentAction","name":"Comment","target":["https:\/\/diarioprincipios.com\/index.php\/2023\/04\/17\/mussi-y-katopodis-inauguraron-el-centro-civico-cultural-y-recreativo-de-gutierrez\/#respond"]}]},{"@type":"WebPage","@id":"https:\/\/diarioprincipios.com\/index.php\/2023\/04\/17\/mussi-y-katopodis-inauguraron-el-centro-civico-cultural-y-recreativo-de-gutierrez\/","url":"https:\/\/diarioprincipios.com\/index.php\/2023\/04\/17\/mussi-y-katopodis-inauguraron-el-centro-civico-cultural-y-recreativo-de-gutierrez\/","name":"Mussi y Katopodis inauguraron el Centro C\u00edvico, Cultural y Recreativo de Guti\u00e9rrez - Principios","isPartOf":{"@id":"https:\/\/diarioprincipios.com\/#website"},"primaryImageOfPage":{"@id":"https:\/\/diarioprincipios.com\/index.php\/2023\/04\/17\/mussi-y-katopodis-inauguraron-el-centro-civico-cultural-y-recreativo-de-gutierrez\/#primaryimage"},"image":{"@id":"https:\/\/diarioprincipios.com\/index.php\/2023\/04\/17\/mussi-y-katopodis-inauguraron-el-centro-civico-cultural-y-recreativo-de-gutierrez\/#primaryimage"},"thumbnailUrl":"https:\/\/diarioprincipios.com\/wp-content\/uploads\/2023\/04\/20230418_Inauguracion_Centro_Civico_Gutierrez_Festejos_139\u00b0_Aniversario_Juan_Maria_Guiterrez_JD_803.jpg","datePublished":"2023-04-17T14:43:55+00:00","dateModified":"2023-04-28T15:58:16+00:00","breadcrumb":{"@id":"https:\/\/diarioprincipios.com\/index.php\/2023\/04\/17\/mussi-y-katopodis-inauguraron-el-centro-civico-cultural-y-recreativo-de-gutierrez\/#breadcrumb"},"inLanguage":"es","potentialAction":[{"@type":"ReadAction","target":["https:\/\/diarioprincipios.com\/index.php\/2023\/04\/17\/mussi-y-katopodis-inauguraron-el-centro-civico-cultural-y-recreativo-de-gutierrez\/"]}]},{"@type":"ImageObject","inLanguage":"es","@id":"https:\/\/diarioprincipios.com\/index.php\/2023\/04\/17\/mussi-y-katopodis-inauguraron-el-centro-civico-cultural-y-recreativo-de-gutierrez\/#primaryimage","url":"https:\/\/diarioprincipios.com\/wp-content\/uploads\/2023\/04\/20230418_Inauguracion_Centro_Civico_Gutierrez_Festejos_139\u00b0_Aniversario_Juan_Maria_Guiterrez_JD_803.jpg","contentUrl":"https:\/\/diarioprincipios.com\/wp-content\/uploads\/2023\/04\/20230418_Inauguracion_Centro_Civico_Gutierrez_Festejos_139\u00b0_Aniversario_Juan_Maria_Guiterrez_JD_803.jpg","width":1920,"height":1280},{"@type":"BreadcrumbList","@id":"https:\/\/diarioprincipios.com\/index.php\/2023\/04\/17\/mussi-y-katopodis-inauguraron-el-centro-civico-cultural-y-recreativo-de-gutierrez\/#breadcrumb","itemListElement":[{"@type":"ListItem","position":1,"name":"Portada","item":"https:\/\/diarioprincipios.com\/"},{"@type":"ListItem","position":2,"name":"Mussi y Katopodis inauguraron el Centro C\u00edvico, Cultural y Recreativo de Guti\u00e9rrez"}]},{"@type":"WebSite","@id":"https:\/\/diarioprincipios.com\/#website","url":"https:\/\/diarioprincipios.com\/","name":"Principios","description":"Principios Diario","publisher":{"@id":"https:\/\/diarioprincipios.com\/#organization"},"potentialAction":[{"@type":"SearchAction","target":{"@type":"EntryPoint","urlTemplate":"https:\/\/diarioprincipios.com\/?s={search_term_string}"},"query-input":{"@type":"PropertyValueSpecification","valueRequired":true,"valueName":"search_term_string"}}],"inLanguage":"es"},{"@type":"Organization","@id":"https:\/\/diarioprincipios.com\/#organization","name":"Principios","url":"https:\/\/diarioprincipios.com\/","logo":{"@type":"ImageObject","inLanguage":"es","@id":"https:\/\/diarioprincipios.com\/#\/schema\/logo\/image\/","url":"https:\/\/diarioprincipios.com\/wp-content\/uploads\/2024\/04\/cropped-www.diarioprincipios.com_-1.png","contentUrl":"https:\/\/diarioprincipios.com\/wp-content\/uploads\/2024\/04\/cropped-www.diarioprincipios.com_-1.png","width":5325,"height":1454,"caption":"Principios"},"image":{"@id":"https:\/\/diarioprincipios.com\/#\/schema\/logo\/image\/"}},{"@type":"Person","@id":"https:\/\/diarioprincipios.com\/#\/schema\/person\/436d5a1fd41a5e250e23ff5a6a7cb080","name":"Hern\u00e1n L\u00f3pez","image":{"@type":"ImageObject","inLanguage":"es","@id":"https:\/\/diarioprincipios.com\/wp-content\/litespeed\/avatar\/11ddfe5610ff3bd100522525b2571f48.jpg?ver=1777048341","url":"https:\/\/diarioprincipios.com\/wp-content\/litespeed\/avatar\/11ddfe5610ff3bd100522525b2571f48.jpg?ver=1777048341","contentUrl":"https:\/\/diarioprincipios.com\/wp-content\/litespeed\/avatar\/11ddfe5610ff3bd100522525b2571f48.jpg?ver=1777048341","caption":"Hern\u00e1n L\u00f3pez"},"url":"https:\/\/diarioprincipios.com\/index.php\/author\/hernan\/"}]}},"jetpack_featured_media_url":"https:\/\/diarioprincipios.com\/wp-content\/uploads\/2023\/04\/20230418_Inauguracion_Centro_Civico_Gutierrez_Festejos_139\u00b0_Aniversario_Juan_Maria_Guiterrez_JD_803.jpg","_links":{"self":[{"href":"https:\/\/diarioprincipios.com\/index.php\/wp-json\/wp\/v2\/posts\/16589","targetHints":{"allow":["GET"]}}],"collection":[{"href":"https:\/\/diarioprincipios.com\/index.php\/wp-json\/wp\/v2\/posts"}],"about":[{"href":"https:\/\/diarioprincipios.com\/index.php\/wp-json\/wp\/v2\/types\/post"}],"author":[{"embeddable":true,"href":"https:\/\/diarioprincipios.com\/index.php\/wp-json\/wp\/v2\/users\/2"}],"replies":[{"embeddable":true,"href":"https:\/\/diarioprincipios.com\/index.php\/wp-json\/wp\/v2\/comments?post=16589"}],"version-history":[{"count":1,"href":"https:\/\/diarioprincipios.com\/index.php\/wp-json\/wp\/v2\/posts\/16589\/revisions"}],"predecessor-version":[{"id":16594,"href":"https:\/\/diarioprincipios.com\/index.php\/wp-json\/wp\/v2\/posts\/16589\/revisions\/16594"}],"wp:featuredmedia":[{"embeddable":true,"href":"https:\/\/diarioprincipios.com\/index.php\/wp-json\/wp\/v2\/media\/16593"}],"wp:attachment":[{"href":"https:\/\/diarioprincipios.com\/index.php\/wp-json\/wp\/v2\/media?parent=16589"}],"wp:term":[{"taxonomy":"category","embeddable":true,"href":"https:\/\/diarioprincipios.com\/index.php\/wp-json\/wp\/v2\/categories?post=16589"},{"taxonomy":"post_tag","embeddable":true,"href":"https:\/\/diarioprincipios.com\/index.php\/wp-json\/wp\/v2\/tags?post=16589"}],"curies":[{"name":"wp","href":"https:\/\/api.w.org\/{rel}","templated":true}]}}