{"id":16577,"date":"2023-04-16T12:26:59","date_gmt":"2023-04-16T15:26:59","guid":{"rendered":"http:\/\/diarioprincipios.com\/?p=16577"},"modified":"2023-04-28T12:58:02","modified_gmt":"2023-04-28T15:58:02","slug":"nueva-edicion-de-b-play-la-feria-multidisciplinaria-de-berazategui","status":"publish","type":"post","link":"https:\/\/diarioprincipios.com\/index.php\/2023\/04\/16\/nueva-edicion-de-b-play-la-feria-multidisciplinaria-de-berazategui\/","title":{"rendered":"Nueva edici\u00f3n de B-Play, la feria multidisciplinaria de Berazategui"},"content":{"rendered":"\n<p><strong>Se realizar\u00e1 una nueva edici\u00f3n de B-Play, la feria multidisciplinaria de Berazategui. Ser\u00e1 del viernes 5 al domingo 7 de mayo, de 14.00 a 21.00, en el Centro Municipal de Actividades Roberto De Vicenzo (calle 148 y 18). Habr\u00e1 exponentes destacados, stands y actividades de Cultura Pop, C\u00f3mic, Cosplay, FX y Arte Kustom, entre otros. El acceso, como siempre, ser\u00e1 libre y gratuito.<\/strong><\/p>\n\n\n\n<p>Adem\u00e1s, las y los asistentes podr\u00e1n disfrutar de charlas sobre cine fant\u00e1stico, recreaci\u00f3n de batallas, m\u00fasica y esculturas de arte pop. Tambi\u00e9n habr\u00e1 puestos de creadores y dise\u00f1adores de c\u00f3mics y mangas; y la presencia de artistas pl\u00e1sticos, cosplayers -concursos y desfiles de cosplays-, efectistas, escritores, ilustradores, locales comerciales, recreacionistas, adem\u00e1s de un sector gamer y de VR (realidad virtual).<\/p>\n\n\n\n<p>Al respecto, el director de Eventos Culturales de la Secretar\u00eda de Cultura y Educaci\u00f3n municipal, Marcelo Silva, inform\u00f3: \u201cEsta propuesta tuvo un gran crecimiento; recibe a m\u00e1s de 30 mil visitantes cada edici\u00f3n. Est\u00e1 a la altura de las mejores convenciones, pero con acceso libre y gratuito, para poder disfrutar en familia\u00bb.<\/p>\n\n\n\n<p>Asimismo, Silva destac\u00f3 que \u00abestas actividades habilitadas por el intendente Juan Jos\u00e9 Mussi siempre impactan en nuestra comunidad y mejoran a\u00f1o a a\u00f1o, con producci\u00f3n municipal y la colaboraci\u00f3n del estudio integral de artes pl\u00e1sticas \u201cTwisted Factory\u201d.<\/p>\n\n\n\n<p>Finalmente, el Director de Eventos Culturales agreg\u00f3 que \u00abhabr\u00e1 Feria Medieval, productores locales de la cultura pop y un laberinto para los amantes del terror\u201d.<\/p>\n","protected":false},"excerpt":{"rendered":"<p>Se realizar\u00e1 una nueva edici\u00f3n de B-Play, la feria multidisciplinaria de Berazategui. Ser\u00e1 del viernes 5 al domingo 7 de mayo, de 14.00 a 21.00, en el Centro Municipal de Actividades Roberto De Vicenzo (calle 148 y 18). Habr\u00e1 exponentes destacados, stands y actividades de Cultura Pop, C\u00f3mic, Cosplay, FX y Arte Kustom, entre otros&#8230;.<\/p>\n","protected":false},"author":2,"featured_media":16578,"comment_status":"open","ping_status":"open","sticky":false,"template":"","format":"standard","meta":{"footnotes":""},"categories":[3],"tags":[],"class_list":["post-16577","post","type-post","status-publish","format-standard","has-post-thumbnail","hentry","category-berazategui"],"featured_image_src":"https:\/\/diarioprincipios.com\/wp-content\/uploads\/2023\/04\/UNA-VEZ-MAS-LLEGA-LA-B-PLAY-DE-BERAZATEGUI-2-1024x683.jpg","blog_images":{"medium":"https:\/\/diarioprincipios.com\/wp-content\/uploads\/2023\/04\/UNA-VEZ-MAS-LLEGA-LA-B-PLAY-DE-BERAZATEGUI-2-300x200.jpg","large":"https:\/\/diarioprincipios.com\/wp-content\/uploads\/2023\/04\/UNA-VEZ-MAS-LLEGA-LA-B-PLAY-DE-BERAZATEGUI-2-1024x683.jpg"},"ams_acf":[],"yoast_head":"<!-- This site is optimized with the Yoast SEO plugin v27.3 - https:\/\/yoast.com\/product\/yoast-seo-wordpress\/ -->\n<title>Nueva edici\u00f3n de B-Play, la feria multidisciplinaria de Berazategui - Principios<\/title>\n<meta name=\"robots\" content=\"index, follow, max-snippet:-1, max-image-preview:large, max-video-preview:-1\" \/>\n<link rel=\"canonical\" href=\"https:\/\/diarioprincipios.com\/index.php\/2023\/04\/16\/nueva-edicion-de-b-play-la-feria-multidisciplinaria-de-berazategui\/\" \/>\n<meta property=\"og:locale\" content=\"es_ES\" \/>\n<meta property=\"og:type\" content=\"article\" \/>\n<meta property=\"og:title\" content=\"Nueva edici\u00f3n de B-Play, la feria multidisciplinaria de Berazategui - Principios\" \/>\n<meta property=\"og:description\" content=\"Se realizar\u00e1 una nueva edici\u00f3n de B-Play, la feria multidisciplinaria de Berazategui. Ser\u00e1 del viernes 5 al domingo 7 de mayo, de 14.00 a 21.00, en el Centro Municipal de Actividades Roberto De Vicenzo (calle 148 y 18). Habr\u00e1 exponentes destacados, stands y actividades de Cultura Pop, C\u00f3mic, Cosplay, FX y Arte Kustom, entre otros....\" \/>\n<meta property=\"og:url\" content=\"https:\/\/diarioprincipios.com\/index.php\/2023\/04\/16\/nueva-edicion-de-b-play-la-feria-multidisciplinaria-de-berazategui\/\" \/>\n<meta property=\"og:site_name\" content=\"Principios\" \/>\n<meta property=\"article:published_time\" content=\"2023-04-16T15:26:59+00:00\" \/>\n<meta property=\"article:modified_time\" content=\"2023-04-28T15:58:02+00:00\" \/>\n<meta property=\"og:image\" content=\"https:\/\/diarioprincipios.com\/wp-content\/uploads\/2023\/04\/UNA-VEZ-MAS-LLEGA-LA-B-PLAY-DE-BERAZATEGUI-2.jpg\" \/>\n\t<meta property=\"og:image:width\" content=\"1920\" \/>\n\t<meta property=\"og:image:height\" content=\"1280\" \/>\n\t<meta property=\"og:image:type\" content=\"image\/jpeg\" \/>\n<meta name=\"author\" content=\"Hern\u00e1n L\u00f3pez\" \/>\n<meta name=\"twitter:card\" content=\"summary_large_image\" \/>\n<meta name=\"twitter:label1\" content=\"Escrito por\" \/>\n\t<meta name=\"twitter:data1\" content=\"Hern\u00e1n L\u00f3pez\" \/>\n\t<meta name=\"twitter:label2\" content=\"Tiempo de lectura\" \/>\n\t<meta name=\"twitter:data2\" content=\"2 minutos\" \/>\n<script type=\"application\/ld+json\" class=\"yoast-schema-graph\">{\"@context\":\"https:\\\/\\\/schema.org\",\"@graph\":[{\"@type\":\"Article\",\"@id\":\"https:\\\/\\\/diarioprincipios.com\\\/index.php\\\/2023\\\/04\\\/16\\\/nueva-edicion-de-b-play-la-feria-multidisciplinaria-de-berazategui\\\/#article\",\"isPartOf\":{\"@id\":\"https:\\\/\\\/diarioprincipios.com\\\/index.php\\\/2023\\\/04\\\/16\\\/nueva-edicion-de-b-play-la-feria-multidisciplinaria-de-berazategui\\\/\"},\"author\":{\"name\":\"Hern\u00e1n L\u00f3pez\",\"@id\":\"https:\\\/\\\/diarioprincipios.com\\\/#\\\/schema\\\/person\\\/436d5a1fd41a5e250e23ff5a6a7cb080\"},\"headline\":\"Nueva edici\u00f3n de B-Play, la feria multidisciplinaria de Berazategui\",\"datePublished\":\"2023-04-16T15:26:59+00:00\",\"dateModified\":\"2023-04-28T15:58:02+00:00\",\"mainEntityOfPage\":{\"@id\":\"https:\\\/\\\/diarioprincipios.com\\\/index.php\\\/2023\\\/04\\\/16\\\/nueva-edicion-de-b-play-la-feria-multidisciplinaria-de-berazategui\\\/\"},\"wordCount\":261,\"commentCount\":0,\"publisher\":{\"@id\":\"https:\\\/\\\/diarioprincipios.com\\\/#organization\"},\"image\":{\"@id\":\"https:\\\/\\\/diarioprincipios.com\\\/index.php\\\/2023\\\/04\\\/16\\\/nueva-edicion-de-b-play-la-feria-multidisciplinaria-de-berazategui\\\/#primaryimage\"},\"thumbnailUrl\":\"https:\\\/\\\/diarioprincipios.com\\\/wp-content\\\/uploads\\\/2023\\\/04\\\/UNA-VEZ-MAS-LLEGA-LA-B-PLAY-DE-BERAZATEGUI-2.jpg\",\"articleSection\":[\"Berazategui\"],\"inLanguage\":\"es\",\"potentialAction\":[{\"@type\":\"CommentAction\",\"name\":\"Comment\",\"target\":[\"https:\\\/\\\/diarioprincipios.com\\\/index.php\\\/2023\\\/04\\\/16\\\/nueva-edicion-de-b-play-la-feria-multidisciplinaria-de-berazategui\\\/#respond\"]}]},{\"@type\":\"WebPage\",\"@id\":\"https:\\\/\\\/diarioprincipios.com\\\/index.php\\\/2023\\\/04\\\/16\\\/nueva-edicion-de-b-play-la-feria-multidisciplinaria-de-berazategui\\\/\",\"url\":\"https:\\\/\\\/diarioprincipios.com\\\/index.php\\\/2023\\\/04\\\/16\\\/nueva-edicion-de-b-play-la-feria-multidisciplinaria-de-berazategui\\\/\",\"name\":\"Nueva edici\u00f3n de B-Play, la feria multidisciplinaria de Berazategui - Principios\",\"isPartOf\":{\"@id\":\"https:\\\/\\\/diarioprincipios.com\\\/#website\"},\"primaryImageOfPage\":{\"@id\":\"https:\\\/\\\/diarioprincipios.com\\\/index.php\\\/2023\\\/04\\\/16\\\/nueva-edicion-de-b-play-la-feria-multidisciplinaria-de-berazategui\\\/#primaryimage\"},\"image\":{\"@id\":\"https:\\\/\\\/diarioprincipios.com\\\/index.php\\\/2023\\\/04\\\/16\\\/nueva-edicion-de-b-play-la-feria-multidisciplinaria-de-berazategui\\\/#primaryimage\"},\"thumbnailUrl\":\"https:\\\/\\\/diarioprincipios.com\\\/wp-content\\\/uploads\\\/2023\\\/04\\\/UNA-VEZ-MAS-LLEGA-LA-B-PLAY-DE-BERAZATEGUI-2.jpg\",\"datePublished\":\"2023-04-16T15:26:59+00:00\",\"dateModified\":\"2023-04-28T15:58:02+00:00\",\"breadcrumb\":{\"@id\":\"https:\\\/\\\/diarioprincipios.com\\\/index.php\\\/2023\\\/04\\\/16\\\/nueva-edicion-de-b-play-la-feria-multidisciplinaria-de-berazategui\\\/#breadcrumb\"},\"inLanguage\":\"es\",\"potentialAction\":[{\"@type\":\"ReadAction\",\"target\":[\"https:\\\/\\\/diarioprincipios.com\\\/index.php\\\/2023\\\/04\\\/16\\\/nueva-edicion-de-b-play-la-feria-multidisciplinaria-de-berazategui\\\/\"]}]},{\"@type\":\"ImageObject\",\"inLanguage\":\"es\",\"@id\":\"https:\\\/\\\/diarioprincipios.com\\\/index.php\\\/2023\\\/04\\\/16\\\/nueva-edicion-de-b-play-la-feria-multidisciplinaria-de-berazategui\\\/#primaryimage\",\"url\":\"https:\\\/\\\/diarioprincipios.com\\\/wp-content\\\/uploads\\\/2023\\\/04\\\/UNA-VEZ-MAS-LLEGA-LA-B-PLAY-DE-BERAZATEGUI-2.jpg\",\"contentUrl\":\"https:\\\/\\\/diarioprincipios.com\\\/wp-content\\\/uploads\\\/2023\\\/04\\\/UNA-VEZ-MAS-LLEGA-LA-B-PLAY-DE-BERAZATEGUI-2.jpg\",\"width\":1920,\"height\":1280},{\"@type\":\"BreadcrumbList\",\"@id\":\"https:\\\/\\\/diarioprincipios.com\\\/index.php\\\/2023\\\/04\\\/16\\\/nueva-edicion-de-b-play-la-feria-multidisciplinaria-de-berazategui\\\/#breadcrumb\",\"itemListElement\":[{\"@type\":\"ListItem\",\"position\":1,\"name\":\"Portada\",\"item\":\"https:\\\/\\\/diarioprincipios.com\\\/\"},{\"@type\":\"ListItem\",\"position\":2,\"name\":\"Nueva edici\u00f3n de B-Play, la feria multidisciplinaria de Berazategui\"}]},{\"@type\":\"WebSite\",\"@id\":\"https:\\\/\\\/diarioprincipios.com\\\/#website\",\"url\":\"https:\\\/\\\/diarioprincipios.com\\\/\",\"name\":\"Principios\",\"description\":\"Principios Diario\",\"publisher\":{\"@id\":\"https:\\\/\\\/diarioprincipios.com\\\/#organization\"},\"potentialAction\":[{\"@type\":\"SearchAction\",\"target\":{\"@type\":\"EntryPoint\",\"urlTemplate\":\"https:\\\/\\\/diarioprincipios.com\\\/?s={search_term_string}\"},\"query-input\":{\"@type\":\"PropertyValueSpecification\",\"valueRequired\":true,\"valueName\":\"search_term_string\"}}],\"inLanguage\":\"es\"},{\"@type\":\"Organization\",\"@id\":\"https:\\\/\\\/diarioprincipios.com\\\/#organization\",\"name\":\"Principios\",\"url\":\"https:\\\/\\\/diarioprincipios.com\\\/\",\"logo\":{\"@type\":\"ImageObject\",\"inLanguage\":\"es\",\"@id\":\"https:\\\/\\\/diarioprincipios.com\\\/#\\\/schema\\\/logo\\\/image\\\/\",\"url\":\"https:\\\/\\\/diarioprincipios.com\\\/wp-content\\\/uploads\\\/2024\\\/04\\\/cropped-www.diarioprincipios.com_-1.png\",\"contentUrl\":\"https:\\\/\\\/diarioprincipios.com\\\/wp-content\\\/uploads\\\/2024\\\/04\\\/cropped-www.diarioprincipios.com_-1.png\",\"width\":5325,\"height\":1454,\"caption\":\"Principios\"},\"image\":{\"@id\":\"https:\\\/\\\/diarioprincipios.com\\\/#\\\/schema\\\/logo\\\/image\\\/\"}},{\"@type\":\"Person\",\"@id\":\"https:\\\/\\\/diarioprincipios.com\\\/#\\\/schema\\\/person\\\/436d5a1fd41a5e250e23ff5a6a7cb080\",\"name\":\"Hern\u00e1n L\u00f3pez\",\"image\":{\"@type\":\"ImageObject\",\"inLanguage\":\"es\",\"@id\":\"https:\\\/\\\/diarioprincipios.com\\\/wp-content\\\/litespeed\\\/avatar\\\/11ddfe5610ff3bd100522525b2571f48.jpg?ver=1777048341\",\"url\":\"https:\\\/\\\/diarioprincipios.com\\\/wp-content\\\/litespeed\\\/avatar\\\/11ddfe5610ff3bd100522525b2571f48.jpg?ver=1777048341\",\"contentUrl\":\"https:\\\/\\\/diarioprincipios.com\\\/wp-content\\\/litespeed\\\/avatar\\\/11ddfe5610ff3bd100522525b2571f48.jpg?ver=1777048341\",\"caption\":\"Hern\u00e1n L\u00f3pez\"},\"url\":\"https:\\\/\\\/diarioprincipios.com\\\/index.php\\\/author\\\/hernan\\\/\"}]}<\/script>\n<!-- \/ Yoast SEO plugin. -->","yoast_head_json":{"title":"Nueva edici\u00f3n de B-Play, la feria multidisciplinaria de Berazategui - Principios","robots":{"index":"index","follow":"follow","max-snippet":"max-snippet:-1","max-image-preview":"max-image-preview:large","max-video-preview":"max-video-preview:-1"},"canonical":"https:\/\/diarioprincipios.com\/index.php\/2023\/04\/16\/nueva-edicion-de-b-play-la-feria-multidisciplinaria-de-berazategui\/","og_locale":"es_ES","og_type":"article","og_title":"Nueva edici\u00f3n de B-Play, la feria multidisciplinaria de Berazategui - Principios","og_description":"Se realizar\u00e1 una nueva edici\u00f3n de B-Play, la feria multidisciplinaria de Berazategui. Ser\u00e1 del viernes 5 al domingo 7 de mayo, de 14.00 a 21.00, en el Centro Municipal de Actividades Roberto De Vicenzo (calle 148 y 18). Habr\u00e1 exponentes destacados, stands y actividades de Cultura Pop, C\u00f3mic, Cosplay, FX y Arte Kustom, entre otros....","og_url":"https:\/\/diarioprincipios.com\/index.php\/2023\/04\/16\/nueva-edicion-de-b-play-la-feria-multidisciplinaria-de-berazategui\/","og_site_name":"Principios","article_published_time":"2023-04-16T15:26:59+00:00","article_modified_time":"2023-04-28T15:58:02+00:00","og_image":[{"width":1920,"height":1280,"url":"https:\/\/diarioprincipios.com\/wp-content\/uploads\/2023\/04\/UNA-VEZ-MAS-LLEGA-LA-B-PLAY-DE-BERAZATEGUI-2.jpg","type":"image\/jpeg"}],"author":"Hern\u00e1n L\u00f3pez","twitter_card":"summary_large_image","twitter_misc":{"Escrito por":"Hern\u00e1n L\u00f3pez","Tiempo de lectura":"2 minutos"},"schema":{"@context":"https:\/\/schema.org","@graph":[{"@type":"Article","@id":"https:\/\/diarioprincipios.com\/index.php\/2023\/04\/16\/nueva-edicion-de-b-play-la-feria-multidisciplinaria-de-berazategui\/#article","isPartOf":{"@id":"https:\/\/diarioprincipios.com\/index.php\/2023\/04\/16\/nueva-edicion-de-b-play-la-feria-multidisciplinaria-de-berazategui\/"},"author":{"name":"Hern\u00e1n L\u00f3pez","@id":"https:\/\/diarioprincipios.com\/#\/schema\/person\/436d5a1fd41a5e250e23ff5a6a7cb080"},"headline":"Nueva edici\u00f3n de B-Play, la feria multidisciplinaria de Berazategui","datePublished":"2023-04-16T15:26:59+00:00","dateModified":"2023-04-28T15:58:02+00:00","mainEntityOfPage":{"@id":"https:\/\/diarioprincipios.com\/index.php\/2023\/04\/16\/nueva-edicion-de-b-play-la-feria-multidisciplinaria-de-berazategui\/"},"wordCount":261,"commentCount":0,"publisher":{"@id":"https:\/\/diarioprincipios.com\/#organization"},"image":{"@id":"https:\/\/diarioprincipios.com\/index.php\/2023\/04\/16\/nueva-edicion-de-b-play-la-feria-multidisciplinaria-de-berazategui\/#primaryimage"},"thumbnailUrl":"https:\/\/diarioprincipios.com\/wp-content\/uploads\/2023\/04\/UNA-VEZ-MAS-LLEGA-LA-B-PLAY-DE-BERAZATEGUI-2.jpg","articleSection":["Berazategui"],"inLanguage":"es","potentialAction":[{"@type":"CommentAction","name":"Comment","target":["https:\/\/diarioprincipios.com\/index.php\/2023\/04\/16\/nueva-edicion-de-b-play-la-feria-multidisciplinaria-de-berazategui\/#respond"]}]},{"@type":"WebPage","@id":"https:\/\/diarioprincipios.com\/index.php\/2023\/04\/16\/nueva-edicion-de-b-play-la-feria-multidisciplinaria-de-berazategui\/","url":"https:\/\/diarioprincipios.com\/index.php\/2023\/04\/16\/nueva-edicion-de-b-play-la-feria-multidisciplinaria-de-berazategui\/","name":"Nueva edici\u00f3n de B-Play, la feria multidisciplinaria de Berazategui - Principios","isPartOf":{"@id":"https:\/\/diarioprincipios.com\/#website"},"primaryImageOfPage":{"@id":"https:\/\/diarioprincipios.com\/index.php\/2023\/04\/16\/nueva-edicion-de-b-play-la-feria-multidisciplinaria-de-berazategui\/#primaryimage"},"image":{"@id":"https:\/\/diarioprincipios.com\/index.php\/2023\/04\/16\/nueva-edicion-de-b-play-la-feria-multidisciplinaria-de-berazategui\/#primaryimage"},"thumbnailUrl":"https:\/\/diarioprincipios.com\/wp-content\/uploads\/2023\/04\/UNA-VEZ-MAS-LLEGA-LA-B-PLAY-DE-BERAZATEGUI-2.jpg","datePublished":"2023-04-16T15:26:59+00:00","dateModified":"2023-04-28T15:58:02+00:00","breadcrumb":{"@id":"https:\/\/diarioprincipios.com\/index.php\/2023\/04\/16\/nueva-edicion-de-b-play-la-feria-multidisciplinaria-de-berazategui\/#breadcrumb"},"inLanguage":"es","potentialAction":[{"@type":"ReadAction","target":["https:\/\/diarioprincipios.com\/index.php\/2023\/04\/16\/nueva-edicion-de-b-play-la-feria-multidisciplinaria-de-berazategui\/"]}]},{"@type":"ImageObject","inLanguage":"es","@id":"https:\/\/diarioprincipios.com\/index.php\/2023\/04\/16\/nueva-edicion-de-b-play-la-feria-multidisciplinaria-de-berazategui\/#primaryimage","url":"https:\/\/diarioprincipios.com\/wp-content\/uploads\/2023\/04\/UNA-VEZ-MAS-LLEGA-LA-B-PLAY-DE-BERAZATEGUI-2.jpg","contentUrl":"https:\/\/diarioprincipios.com\/wp-content\/uploads\/2023\/04\/UNA-VEZ-MAS-LLEGA-LA-B-PLAY-DE-BERAZATEGUI-2.jpg","width":1920,"height":1280},{"@type":"BreadcrumbList","@id":"https:\/\/diarioprincipios.com\/index.php\/2023\/04\/16\/nueva-edicion-de-b-play-la-feria-multidisciplinaria-de-berazategui\/#breadcrumb","itemListElement":[{"@type":"ListItem","position":1,"name":"Portada","item":"https:\/\/diarioprincipios.com\/"},{"@type":"ListItem","position":2,"name":"Nueva edici\u00f3n de B-Play, la feria multidisciplinaria de Berazategui"}]},{"@type":"WebSite","@id":"https:\/\/diarioprincipios.com\/#website","url":"https:\/\/diarioprincipios.com\/","name":"Principios","description":"Principios Diario","publisher":{"@id":"https:\/\/diarioprincipios.com\/#organization"},"potentialAction":[{"@type":"SearchAction","target":{"@type":"EntryPoint","urlTemplate":"https:\/\/diarioprincipios.com\/?s={search_term_string}"},"query-input":{"@type":"PropertyValueSpecification","valueRequired":true,"valueName":"search_term_string"}}],"inLanguage":"es"},{"@type":"Organization","@id":"https:\/\/diarioprincipios.com\/#organization","name":"Principios","url":"https:\/\/diarioprincipios.com\/","logo":{"@type":"ImageObject","inLanguage":"es","@id":"https:\/\/diarioprincipios.com\/#\/schema\/logo\/image\/","url":"https:\/\/diarioprincipios.com\/wp-content\/uploads\/2024\/04\/cropped-www.diarioprincipios.com_-1.png","contentUrl":"https:\/\/diarioprincipios.com\/wp-content\/uploads\/2024\/04\/cropped-www.diarioprincipios.com_-1.png","width":5325,"height":1454,"caption":"Principios"},"image":{"@id":"https:\/\/diarioprincipios.com\/#\/schema\/logo\/image\/"}},{"@type":"Person","@id":"https:\/\/diarioprincipios.com\/#\/schema\/person\/436d5a1fd41a5e250e23ff5a6a7cb080","name":"Hern\u00e1n L\u00f3pez","image":{"@type":"ImageObject","inLanguage":"es","@id":"https:\/\/diarioprincipios.com\/wp-content\/litespeed\/avatar\/11ddfe5610ff3bd100522525b2571f48.jpg?ver=1777048341","url":"https:\/\/diarioprincipios.com\/wp-content\/litespeed\/avatar\/11ddfe5610ff3bd100522525b2571f48.jpg?ver=1777048341","contentUrl":"https:\/\/diarioprincipios.com\/wp-content\/litespeed\/avatar\/11ddfe5610ff3bd100522525b2571f48.jpg?ver=1777048341","caption":"Hern\u00e1n L\u00f3pez"},"url":"https:\/\/diarioprincipios.com\/index.php\/author\/hernan\/"}]}},"jetpack_featured_media_url":"https:\/\/diarioprincipios.com\/wp-content\/uploads\/2023\/04\/UNA-VEZ-MAS-LLEGA-LA-B-PLAY-DE-BERAZATEGUI-2.jpg","_links":{"self":[{"href":"https:\/\/diarioprincipios.com\/index.php\/wp-json\/wp\/v2\/posts\/16577","targetHints":{"allow":["GET"]}}],"collection":[{"href":"https:\/\/diarioprincipios.com\/index.php\/wp-json\/wp\/v2\/posts"}],"about":[{"href":"https:\/\/diarioprincipios.com\/index.php\/wp-json\/wp\/v2\/types\/post"}],"author":[{"embeddable":true,"href":"https:\/\/diarioprincipios.com\/index.php\/wp-json\/wp\/v2\/users\/2"}],"replies":[{"embeddable":true,"href":"https:\/\/diarioprincipios.com\/index.php\/wp-json\/wp\/v2\/comments?post=16577"}],"version-history":[{"count":1,"href":"https:\/\/diarioprincipios.com\/index.php\/wp-json\/wp\/v2\/posts\/16577\/revisions"}],"predecessor-version":[{"id":16579,"href":"https:\/\/diarioprincipios.com\/index.php\/wp-json\/wp\/v2\/posts\/16577\/revisions\/16579"}],"wp:featuredmedia":[{"embeddable":true,"href":"https:\/\/diarioprincipios.com\/index.php\/wp-json\/wp\/v2\/media\/16578"}],"wp:attachment":[{"href":"https:\/\/diarioprincipios.com\/index.php\/wp-json\/wp\/v2\/media?parent=16577"}],"wp:term":[{"taxonomy":"category","embeddable":true,"href":"https:\/\/diarioprincipios.com\/index.php\/wp-json\/wp\/v2\/categories?post=16577"},{"taxonomy":"post_tag","embeddable":true,"href":"https:\/\/diarioprincipios.com\/index.php\/wp-json\/wp\/v2\/tags?post=16577"}],"curies":[{"name":"wp","href":"https:\/\/api.w.org\/{rel}","templated":true}]}}