{"id":16565,"date":"2023-04-14T14:14:47","date_gmt":"2023-04-14T17:14:47","guid":{"rendered":"http:\/\/diarioprincipios.com\/?p=16565"},"modified":"2023-04-28T12:57:46","modified_gmt":"2023-04-28T15:57:46","slug":"mussi-a-esta-altura-de-la-vida-mi-idea-es-dejar-un-berazategui-mas-lindo","status":"publish","type":"post","link":"https:\/\/diarioprincipios.com\/index.php\/2023\/04\/14\/mussi-a-esta-altura-de-la-vida-mi-idea-es-dejar-un-berazategui-mas-lindo\/","title":{"rendered":"Mussi: \u00abA esta altura de la vida mi idea es dejar un Berazategui m\u00e1s lindo\u00bb"},"content":{"rendered":"\n<p><strong>Se inauguraron nuevas obras de repavimentaci\u00f3n en Berazategui, esta vez en el barrio San Carlos, donde el intendente Juan Jos\u00e9 Mussi encabez\u00f3 el acto junto a las y los vecinos de la zona.<\/strong><\/p>\n\n\n\n<figure class=\"wp-block-image size-large\"><img loading=\"lazy\" decoding=\"async\" width=\"1024\" height=\"683\" src=\"https:\/\/diarioprincipios.com\/wp-content\/uploads\/2023\/04\/MUSSI_-A-ESTA-ALTURA-DE-LA-VIDA-MI-IDEA-ES-DEJAR-UN-BERAZATEGUI-MAS-LINDO-1-1024x683.jpg\" alt=\"\" class=\"wp-image-16566\" srcset=\"https:\/\/diarioprincipios.com\/wp-content\/uploads\/2023\/04\/MUSSI_-A-ESTA-ALTURA-DE-LA-VIDA-MI-IDEA-ES-DEJAR-UN-BERAZATEGUI-MAS-LINDO-1-1024x683.jpg 1024w, https:\/\/diarioprincipios.com\/wp-content\/uploads\/2023\/04\/MUSSI_-A-ESTA-ALTURA-DE-LA-VIDA-MI-IDEA-ES-DEJAR-UN-BERAZATEGUI-MAS-LINDO-1-300x200.jpg 300w, https:\/\/diarioprincipios.com\/wp-content\/uploads\/2023\/04\/MUSSI_-A-ESTA-ALTURA-DE-LA-VIDA-MI-IDEA-ES-DEJAR-UN-BERAZATEGUI-MAS-LINDO-1-768x512.jpg 768w, https:\/\/diarioprincipios.com\/wp-content\/uploads\/2023\/04\/MUSSI_-A-ESTA-ALTURA-DE-LA-VIDA-MI-IDEA-ES-DEJAR-UN-BERAZATEGUI-MAS-LINDO-1-1536x1024.jpg 1536w, https:\/\/diarioprincipios.com\/wp-content\/uploads\/2023\/04\/MUSSI_-A-ESTA-ALTURA-DE-LA-VIDA-MI-IDEA-ES-DEJAR-UN-BERAZATEGUI-MAS-LINDO-1.jpg 1920w\" sizes=\"auto, (max-width: 1024px) 100vw, 1024px\" \/><\/figure>\n\n\n\n<p>Las obras, que mejoran notablemente la circulaci\u00f3n de veh\u00edculos y beneficiar\u00e1n directamente a 400 habitantes e indirectamente a 5000 vecinos y vecinas de la zona, se realizaron con fondos del Gobierno municipal. Las cuadras repavimentadas corresponden a las calles 101 e\/ 3 A y 4 A; y 3 A e\/ Av. Calchaqu\u00ed y 102. El trabajo implic\u00f3 la construcci\u00f3n de una calzada de hormig\u00f3n simple de 3,50 metros de ancho.<\/p>\n\n\n\n<p>Tras disfrutar de un show del Ballet Folcl\u00f3rico y del Coro Musical del C\u00edrculo Recreativo Abruzzese, Mussi expres\u00f3: \u201cEs una felicidad estar aqu\u00ed e inaugurar esto, estar al lado de gente que conozco hace tanto tiempo, que siempre me abri\u00f3 las puertas. El barrio qued\u00f3 muy lindo, es un d\u00eda de alegr\u00eda para la zona y tambi\u00e9n para m\u00ed. Cuando uno llega a un barrio, que lo reciban y abracen es lo mejor que le puede pasar. Todo lo que hacemos es para mejorar la calidad de vida de este Berazategui, para que los vecinos est\u00e9n mejor. A esta altura de la vida, mi idea es dejar un Berazategui m\u00e1s lindo. Un gran abrazo para todos\u201d.<\/p>\n\n\n\n<figure class=\"wp-block-image size-large\"><img loading=\"lazy\" decoding=\"async\" width=\"1024\" height=\"683\" src=\"https:\/\/diarioprincipios.com\/wp-content\/uploads\/2023\/04\/MUSSI_-A-ESTA-ALTURA-DE-LA-VIDA-MI-IDEA-ES-DEJAR-UN-BERAZATEGUI-MAS-LINDO-3-1024x683.jpg\" alt=\"\" class=\"wp-image-16567\" srcset=\"https:\/\/diarioprincipios.com\/wp-content\/uploads\/2023\/04\/MUSSI_-A-ESTA-ALTURA-DE-LA-VIDA-MI-IDEA-ES-DEJAR-UN-BERAZATEGUI-MAS-LINDO-3-1024x683.jpg 1024w, https:\/\/diarioprincipios.com\/wp-content\/uploads\/2023\/04\/MUSSI_-A-ESTA-ALTURA-DE-LA-VIDA-MI-IDEA-ES-DEJAR-UN-BERAZATEGUI-MAS-LINDO-3-300x200.jpg 300w, https:\/\/diarioprincipios.com\/wp-content\/uploads\/2023\/04\/MUSSI_-A-ESTA-ALTURA-DE-LA-VIDA-MI-IDEA-ES-DEJAR-UN-BERAZATEGUI-MAS-LINDO-3-768x512.jpg 768w, https:\/\/diarioprincipios.com\/wp-content\/uploads\/2023\/04\/MUSSI_-A-ESTA-ALTURA-DE-LA-VIDA-MI-IDEA-ES-DEJAR-UN-BERAZATEGUI-MAS-LINDO-3-1536x1024.jpg 1536w, https:\/\/diarioprincipios.com\/wp-content\/uploads\/2023\/04\/MUSSI_-A-ESTA-ALTURA-DE-LA-VIDA-MI-IDEA-ES-DEJAR-UN-BERAZATEGUI-MAS-LINDO-3.jpg 1920w\" sizes=\"auto, (max-width: 1024px) 100vw, 1024px\" \/><\/figure>\n\n\n\n<p>Por su parte, el presidente del C\u00edrculo Recreativo Abruzzese, Honorio Di Nenno, afirm\u00f3: \u201cHoy es un d\u00eda especial para la instituci\u00f3n porque se inauguran nuevos pavimentos. El Dr. Mussi hizo un gran trabajo, siempre nos ayud\u00f3 a mejorar nuestra instituci\u00f3n e hizo los asfaltos del barrio San Carlos. No tengo palabras para agradecerle; estoy emocionado. Lo recibimos con todo el coraz\u00f3n porque es una gran persona\u201d.<\/p>\n\n\n\n<p>Asistieron al acto inaugural: integrantes del Gabinete municipal, concejales, representantes de instituciones del barrio, vecinos y vecinas.<\/p>\n","protected":false},"excerpt":{"rendered":"<p>Se inauguraron nuevas obras de repavimentaci\u00f3n en Berazategui, esta vez en el barrio San Carlos, donde el intendente Juan Jos\u00e9 Mussi encabez\u00f3 el acto junto a las y los vecinos de la zona. Las obras, que mejoran notablemente la circulaci\u00f3n de veh\u00edculos y beneficiar\u00e1n directamente a 400 habitantes e indirectamente a 5000 vecinos y vecinas&#8230;<\/p>\n","protected":false},"author":2,"featured_media":16568,"comment_status":"open","ping_status":"open","sticky":false,"template":"","format":"standard","meta":{"footnotes":""},"categories":[3],"tags":[],"class_list":["post-16565","post","type-post","status-publish","format-standard","has-post-thumbnail","hentry","category-berazategui"],"featured_image_src":"https:\/\/diarioprincipios.com\/wp-content\/uploads\/2023\/04\/MUSSI_-A-ESTA-ALTURA-DE-LA-VIDA-MI-IDEA-ES-DEJAR-UN-BERAZATEGUI-MAS-LINDO-2-1024x683.jpg","blog_images":{"medium":"https:\/\/diarioprincipios.com\/wp-content\/uploads\/2023\/04\/MUSSI_-A-ESTA-ALTURA-DE-LA-VIDA-MI-IDEA-ES-DEJAR-UN-BERAZATEGUI-MAS-LINDO-2-300x200.jpg","large":"https:\/\/diarioprincipios.com\/wp-content\/uploads\/2023\/04\/MUSSI_-A-ESTA-ALTURA-DE-LA-VIDA-MI-IDEA-ES-DEJAR-UN-BERAZATEGUI-MAS-LINDO-2-1024x683.jpg"},"ams_acf":[],"yoast_head":"<!-- This site is optimized with the Yoast SEO plugin v27.3 - https:\/\/yoast.com\/product\/yoast-seo-wordpress\/ -->\n<title>Mussi: &quot;A esta altura de la vida mi idea es dejar un Berazategui m\u00e1s lindo&quot; - Principios<\/title>\n<meta name=\"robots\" content=\"index, follow, max-snippet:-1, max-image-preview:large, max-video-preview:-1\" \/>\n<link rel=\"canonical\" href=\"https:\/\/diarioprincipios.com\/index.php\/2023\/04\/14\/mussi-a-esta-altura-de-la-vida-mi-idea-es-dejar-un-berazategui-mas-lindo\/\" \/>\n<meta property=\"og:locale\" content=\"es_ES\" \/>\n<meta property=\"og:type\" content=\"article\" \/>\n<meta property=\"og:title\" content=\"Mussi: &quot;A esta altura de la vida mi idea es dejar un Berazategui m\u00e1s lindo&quot; - Principios\" \/>\n<meta property=\"og:description\" content=\"Se inauguraron nuevas obras de repavimentaci\u00f3n en Berazategui, esta vez en el barrio San Carlos, donde el intendente Juan Jos\u00e9 Mussi encabez\u00f3 el acto junto a las y los vecinos de la zona. Las obras, que mejoran notablemente la circulaci\u00f3n de veh\u00edculos y beneficiar\u00e1n directamente a 400 habitantes e indirectamente a 5000 vecinos y vecinas...\" \/>\n<meta property=\"og:url\" content=\"https:\/\/diarioprincipios.com\/index.php\/2023\/04\/14\/mussi-a-esta-altura-de-la-vida-mi-idea-es-dejar-un-berazategui-mas-lindo\/\" \/>\n<meta property=\"og:site_name\" content=\"Principios\" \/>\n<meta property=\"article:published_time\" content=\"2023-04-14T17:14:47+00:00\" \/>\n<meta property=\"article:modified_time\" content=\"2023-04-28T15:57:46+00:00\" \/>\n<meta property=\"og:image\" content=\"https:\/\/diarioprincipios.com\/wp-content\/uploads\/2023\/04\/MUSSI_-A-ESTA-ALTURA-DE-LA-VIDA-MI-IDEA-ES-DEJAR-UN-BERAZATEGUI-MAS-LINDO-2.jpg\" \/>\n\t<meta property=\"og:image:width\" content=\"1920\" \/>\n\t<meta property=\"og:image:height\" content=\"1280\" \/>\n\t<meta property=\"og:image:type\" content=\"image\/jpeg\" \/>\n<meta name=\"author\" content=\"Hern\u00e1n L\u00f3pez\" \/>\n<meta name=\"twitter:card\" content=\"summary_large_image\" \/>\n<meta name=\"twitter:label1\" content=\"Escrito por\" \/>\n\t<meta name=\"twitter:data1\" content=\"Hern\u00e1n L\u00f3pez\" \/>\n\t<meta name=\"twitter:label2\" content=\"Tiempo de lectura\" \/>\n\t<meta name=\"twitter:data2\" content=\"2 minutos\" \/>\n<script type=\"application\/ld+json\" class=\"yoast-schema-graph\">{\"@context\":\"https:\\\/\\\/schema.org\",\"@graph\":[{\"@type\":\"Article\",\"@id\":\"https:\\\/\\\/diarioprincipios.com\\\/index.php\\\/2023\\\/04\\\/14\\\/mussi-a-esta-altura-de-la-vida-mi-idea-es-dejar-un-berazategui-mas-lindo\\\/#article\",\"isPartOf\":{\"@id\":\"https:\\\/\\\/diarioprincipios.com\\\/index.php\\\/2023\\\/04\\\/14\\\/mussi-a-esta-altura-de-la-vida-mi-idea-es-dejar-un-berazategui-mas-lindo\\\/\"},\"author\":{\"name\":\"Hern\u00e1n L\u00f3pez\",\"@id\":\"https:\\\/\\\/diarioprincipios.com\\\/#\\\/schema\\\/person\\\/436d5a1fd41a5e250e23ff5a6a7cb080\"},\"headline\":\"Mussi: \u00abA esta altura de la vida mi idea es dejar un Berazategui m\u00e1s lindo\u00bb\",\"datePublished\":\"2023-04-14T17:14:47+00:00\",\"dateModified\":\"2023-04-28T15:57:46+00:00\",\"mainEntityOfPage\":{\"@id\":\"https:\\\/\\\/diarioprincipios.com\\\/index.php\\\/2023\\\/04\\\/14\\\/mussi-a-esta-altura-de-la-vida-mi-idea-es-dejar-un-berazategui-mas-lindo\\\/\"},\"wordCount\":328,\"commentCount\":0,\"publisher\":{\"@id\":\"https:\\\/\\\/diarioprincipios.com\\\/#organization\"},\"image\":{\"@id\":\"https:\\\/\\\/diarioprincipios.com\\\/index.php\\\/2023\\\/04\\\/14\\\/mussi-a-esta-altura-de-la-vida-mi-idea-es-dejar-un-berazategui-mas-lindo\\\/#primaryimage\"},\"thumbnailUrl\":\"https:\\\/\\\/diarioprincipios.com\\\/wp-content\\\/uploads\\\/2023\\\/04\\\/MUSSI_-A-ESTA-ALTURA-DE-LA-VIDA-MI-IDEA-ES-DEJAR-UN-BERAZATEGUI-MAS-LINDO-2.jpg\",\"articleSection\":[\"Berazategui\"],\"inLanguage\":\"es\",\"potentialAction\":[{\"@type\":\"CommentAction\",\"name\":\"Comment\",\"target\":[\"https:\\\/\\\/diarioprincipios.com\\\/index.php\\\/2023\\\/04\\\/14\\\/mussi-a-esta-altura-de-la-vida-mi-idea-es-dejar-un-berazategui-mas-lindo\\\/#respond\"]}]},{\"@type\":\"WebPage\",\"@id\":\"https:\\\/\\\/diarioprincipios.com\\\/index.php\\\/2023\\\/04\\\/14\\\/mussi-a-esta-altura-de-la-vida-mi-idea-es-dejar-un-berazategui-mas-lindo\\\/\",\"url\":\"https:\\\/\\\/diarioprincipios.com\\\/index.php\\\/2023\\\/04\\\/14\\\/mussi-a-esta-altura-de-la-vida-mi-idea-es-dejar-un-berazategui-mas-lindo\\\/\",\"name\":\"Mussi: \\\"A esta altura de la vida mi idea es dejar un Berazategui m\u00e1s lindo\\\" - Principios\",\"isPartOf\":{\"@id\":\"https:\\\/\\\/diarioprincipios.com\\\/#website\"},\"primaryImageOfPage\":{\"@id\":\"https:\\\/\\\/diarioprincipios.com\\\/index.php\\\/2023\\\/04\\\/14\\\/mussi-a-esta-altura-de-la-vida-mi-idea-es-dejar-un-berazategui-mas-lindo\\\/#primaryimage\"},\"image\":{\"@id\":\"https:\\\/\\\/diarioprincipios.com\\\/index.php\\\/2023\\\/04\\\/14\\\/mussi-a-esta-altura-de-la-vida-mi-idea-es-dejar-un-berazategui-mas-lindo\\\/#primaryimage\"},\"thumbnailUrl\":\"https:\\\/\\\/diarioprincipios.com\\\/wp-content\\\/uploads\\\/2023\\\/04\\\/MUSSI_-A-ESTA-ALTURA-DE-LA-VIDA-MI-IDEA-ES-DEJAR-UN-BERAZATEGUI-MAS-LINDO-2.jpg\",\"datePublished\":\"2023-04-14T17:14:47+00:00\",\"dateModified\":\"2023-04-28T15:57:46+00:00\",\"breadcrumb\":{\"@id\":\"https:\\\/\\\/diarioprincipios.com\\\/index.php\\\/2023\\\/04\\\/14\\\/mussi-a-esta-altura-de-la-vida-mi-idea-es-dejar-un-berazategui-mas-lindo\\\/#breadcrumb\"},\"inLanguage\":\"es\",\"potentialAction\":[{\"@type\":\"ReadAction\",\"target\":[\"https:\\\/\\\/diarioprincipios.com\\\/index.php\\\/2023\\\/04\\\/14\\\/mussi-a-esta-altura-de-la-vida-mi-idea-es-dejar-un-berazategui-mas-lindo\\\/\"]}]},{\"@type\":\"ImageObject\",\"inLanguage\":\"es\",\"@id\":\"https:\\\/\\\/diarioprincipios.com\\\/index.php\\\/2023\\\/04\\\/14\\\/mussi-a-esta-altura-de-la-vida-mi-idea-es-dejar-un-berazategui-mas-lindo\\\/#primaryimage\",\"url\":\"https:\\\/\\\/diarioprincipios.com\\\/wp-content\\\/uploads\\\/2023\\\/04\\\/MUSSI_-A-ESTA-ALTURA-DE-LA-VIDA-MI-IDEA-ES-DEJAR-UN-BERAZATEGUI-MAS-LINDO-2.jpg\",\"contentUrl\":\"https:\\\/\\\/diarioprincipios.com\\\/wp-content\\\/uploads\\\/2023\\\/04\\\/MUSSI_-A-ESTA-ALTURA-DE-LA-VIDA-MI-IDEA-ES-DEJAR-UN-BERAZATEGUI-MAS-LINDO-2.jpg\",\"width\":1920,\"height\":1280},{\"@type\":\"BreadcrumbList\",\"@id\":\"https:\\\/\\\/diarioprincipios.com\\\/index.php\\\/2023\\\/04\\\/14\\\/mussi-a-esta-altura-de-la-vida-mi-idea-es-dejar-un-berazategui-mas-lindo\\\/#breadcrumb\",\"itemListElement\":[{\"@type\":\"ListItem\",\"position\":1,\"name\":\"Portada\",\"item\":\"https:\\\/\\\/diarioprincipios.com\\\/\"},{\"@type\":\"ListItem\",\"position\":2,\"name\":\"Mussi: \u00abA esta altura de la vida mi idea es dejar un Berazategui m\u00e1s lindo\u00bb\"}]},{\"@type\":\"WebSite\",\"@id\":\"https:\\\/\\\/diarioprincipios.com\\\/#website\",\"url\":\"https:\\\/\\\/diarioprincipios.com\\\/\",\"name\":\"Principios\",\"description\":\"Principios Diario\",\"publisher\":{\"@id\":\"https:\\\/\\\/diarioprincipios.com\\\/#organization\"},\"potentialAction\":[{\"@type\":\"SearchAction\",\"target\":{\"@type\":\"EntryPoint\",\"urlTemplate\":\"https:\\\/\\\/diarioprincipios.com\\\/?s={search_term_string}\"},\"query-input\":{\"@type\":\"PropertyValueSpecification\",\"valueRequired\":true,\"valueName\":\"search_term_string\"}}],\"inLanguage\":\"es\"},{\"@type\":\"Organization\",\"@id\":\"https:\\\/\\\/diarioprincipios.com\\\/#organization\",\"name\":\"Principios\",\"url\":\"https:\\\/\\\/diarioprincipios.com\\\/\",\"logo\":{\"@type\":\"ImageObject\",\"inLanguage\":\"es\",\"@id\":\"https:\\\/\\\/diarioprincipios.com\\\/#\\\/schema\\\/logo\\\/image\\\/\",\"url\":\"https:\\\/\\\/diarioprincipios.com\\\/wp-content\\\/uploads\\\/2024\\\/04\\\/cropped-www.diarioprincipios.com_-1.png\",\"contentUrl\":\"https:\\\/\\\/diarioprincipios.com\\\/wp-content\\\/uploads\\\/2024\\\/04\\\/cropped-www.diarioprincipios.com_-1.png\",\"width\":5325,\"height\":1454,\"caption\":\"Principios\"},\"image\":{\"@id\":\"https:\\\/\\\/diarioprincipios.com\\\/#\\\/schema\\\/logo\\\/image\\\/\"}},{\"@type\":\"Person\",\"@id\":\"https:\\\/\\\/diarioprincipios.com\\\/#\\\/schema\\\/person\\\/436d5a1fd41a5e250e23ff5a6a7cb080\",\"name\":\"Hern\u00e1n L\u00f3pez\",\"image\":{\"@type\":\"ImageObject\",\"inLanguage\":\"es\",\"@id\":\"https:\\\/\\\/diarioprincipios.com\\\/wp-content\\\/litespeed\\\/avatar\\\/11ddfe5610ff3bd100522525b2571f48.jpg?ver=1777048341\",\"url\":\"https:\\\/\\\/diarioprincipios.com\\\/wp-content\\\/litespeed\\\/avatar\\\/11ddfe5610ff3bd100522525b2571f48.jpg?ver=1777048341\",\"contentUrl\":\"https:\\\/\\\/diarioprincipios.com\\\/wp-content\\\/litespeed\\\/avatar\\\/11ddfe5610ff3bd100522525b2571f48.jpg?ver=1777048341\",\"caption\":\"Hern\u00e1n L\u00f3pez\"},\"url\":\"https:\\\/\\\/diarioprincipios.com\\\/index.php\\\/author\\\/hernan\\\/\"}]}<\/script>\n<!-- \/ Yoast SEO plugin. -->","yoast_head_json":{"title":"Mussi: \"A esta altura de la vida mi idea es dejar un Berazategui m\u00e1s lindo\" - Principios","robots":{"index":"index","follow":"follow","max-snippet":"max-snippet:-1","max-image-preview":"max-image-preview:large","max-video-preview":"max-video-preview:-1"},"canonical":"https:\/\/diarioprincipios.com\/index.php\/2023\/04\/14\/mussi-a-esta-altura-de-la-vida-mi-idea-es-dejar-un-berazategui-mas-lindo\/","og_locale":"es_ES","og_type":"article","og_title":"Mussi: \"A esta altura de la vida mi idea es dejar un Berazategui m\u00e1s lindo\" - Principios","og_description":"Se inauguraron nuevas obras de repavimentaci\u00f3n en Berazategui, esta vez en el barrio San Carlos, donde el intendente Juan Jos\u00e9 Mussi encabez\u00f3 el acto junto a las y los vecinos de la zona. Las obras, que mejoran notablemente la circulaci\u00f3n de veh\u00edculos y beneficiar\u00e1n directamente a 400 habitantes e indirectamente a 5000 vecinos y vecinas...","og_url":"https:\/\/diarioprincipios.com\/index.php\/2023\/04\/14\/mussi-a-esta-altura-de-la-vida-mi-idea-es-dejar-un-berazategui-mas-lindo\/","og_site_name":"Principios","article_published_time":"2023-04-14T17:14:47+00:00","article_modified_time":"2023-04-28T15:57:46+00:00","og_image":[{"width":1920,"height":1280,"url":"https:\/\/diarioprincipios.com\/wp-content\/uploads\/2023\/04\/MUSSI_-A-ESTA-ALTURA-DE-LA-VIDA-MI-IDEA-ES-DEJAR-UN-BERAZATEGUI-MAS-LINDO-2.jpg","type":"image\/jpeg"}],"author":"Hern\u00e1n L\u00f3pez","twitter_card":"summary_large_image","twitter_misc":{"Escrito por":"Hern\u00e1n L\u00f3pez","Tiempo de lectura":"2 minutos"},"schema":{"@context":"https:\/\/schema.org","@graph":[{"@type":"Article","@id":"https:\/\/diarioprincipios.com\/index.php\/2023\/04\/14\/mussi-a-esta-altura-de-la-vida-mi-idea-es-dejar-un-berazategui-mas-lindo\/#article","isPartOf":{"@id":"https:\/\/diarioprincipios.com\/index.php\/2023\/04\/14\/mussi-a-esta-altura-de-la-vida-mi-idea-es-dejar-un-berazategui-mas-lindo\/"},"author":{"name":"Hern\u00e1n L\u00f3pez","@id":"https:\/\/diarioprincipios.com\/#\/schema\/person\/436d5a1fd41a5e250e23ff5a6a7cb080"},"headline":"Mussi: \u00abA esta altura de la vida mi idea es dejar un Berazategui m\u00e1s lindo\u00bb","datePublished":"2023-04-14T17:14:47+00:00","dateModified":"2023-04-28T15:57:46+00:00","mainEntityOfPage":{"@id":"https:\/\/diarioprincipios.com\/index.php\/2023\/04\/14\/mussi-a-esta-altura-de-la-vida-mi-idea-es-dejar-un-berazategui-mas-lindo\/"},"wordCount":328,"commentCount":0,"publisher":{"@id":"https:\/\/diarioprincipios.com\/#organization"},"image":{"@id":"https:\/\/diarioprincipios.com\/index.php\/2023\/04\/14\/mussi-a-esta-altura-de-la-vida-mi-idea-es-dejar-un-berazategui-mas-lindo\/#primaryimage"},"thumbnailUrl":"https:\/\/diarioprincipios.com\/wp-content\/uploads\/2023\/04\/MUSSI_-A-ESTA-ALTURA-DE-LA-VIDA-MI-IDEA-ES-DEJAR-UN-BERAZATEGUI-MAS-LINDO-2.jpg","articleSection":["Berazategui"],"inLanguage":"es","potentialAction":[{"@type":"CommentAction","name":"Comment","target":["https:\/\/diarioprincipios.com\/index.php\/2023\/04\/14\/mussi-a-esta-altura-de-la-vida-mi-idea-es-dejar-un-berazategui-mas-lindo\/#respond"]}]},{"@type":"WebPage","@id":"https:\/\/diarioprincipios.com\/index.php\/2023\/04\/14\/mussi-a-esta-altura-de-la-vida-mi-idea-es-dejar-un-berazategui-mas-lindo\/","url":"https:\/\/diarioprincipios.com\/index.php\/2023\/04\/14\/mussi-a-esta-altura-de-la-vida-mi-idea-es-dejar-un-berazategui-mas-lindo\/","name":"Mussi: \"A esta altura de la vida mi idea es dejar un Berazategui m\u00e1s lindo\" - Principios","isPartOf":{"@id":"https:\/\/diarioprincipios.com\/#website"},"primaryImageOfPage":{"@id":"https:\/\/diarioprincipios.com\/index.php\/2023\/04\/14\/mussi-a-esta-altura-de-la-vida-mi-idea-es-dejar-un-berazategui-mas-lindo\/#primaryimage"},"image":{"@id":"https:\/\/diarioprincipios.com\/index.php\/2023\/04\/14\/mussi-a-esta-altura-de-la-vida-mi-idea-es-dejar-un-berazategui-mas-lindo\/#primaryimage"},"thumbnailUrl":"https:\/\/diarioprincipios.com\/wp-content\/uploads\/2023\/04\/MUSSI_-A-ESTA-ALTURA-DE-LA-VIDA-MI-IDEA-ES-DEJAR-UN-BERAZATEGUI-MAS-LINDO-2.jpg","datePublished":"2023-04-14T17:14:47+00:00","dateModified":"2023-04-28T15:57:46+00:00","breadcrumb":{"@id":"https:\/\/diarioprincipios.com\/index.php\/2023\/04\/14\/mussi-a-esta-altura-de-la-vida-mi-idea-es-dejar-un-berazategui-mas-lindo\/#breadcrumb"},"inLanguage":"es","potentialAction":[{"@type":"ReadAction","target":["https:\/\/diarioprincipios.com\/index.php\/2023\/04\/14\/mussi-a-esta-altura-de-la-vida-mi-idea-es-dejar-un-berazategui-mas-lindo\/"]}]},{"@type":"ImageObject","inLanguage":"es","@id":"https:\/\/diarioprincipios.com\/index.php\/2023\/04\/14\/mussi-a-esta-altura-de-la-vida-mi-idea-es-dejar-un-berazategui-mas-lindo\/#primaryimage","url":"https:\/\/diarioprincipios.com\/wp-content\/uploads\/2023\/04\/MUSSI_-A-ESTA-ALTURA-DE-LA-VIDA-MI-IDEA-ES-DEJAR-UN-BERAZATEGUI-MAS-LINDO-2.jpg","contentUrl":"https:\/\/diarioprincipios.com\/wp-content\/uploads\/2023\/04\/MUSSI_-A-ESTA-ALTURA-DE-LA-VIDA-MI-IDEA-ES-DEJAR-UN-BERAZATEGUI-MAS-LINDO-2.jpg","width":1920,"height":1280},{"@type":"BreadcrumbList","@id":"https:\/\/diarioprincipios.com\/index.php\/2023\/04\/14\/mussi-a-esta-altura-de-la-vida-mi-idea-es-dejar-un-berazategui-mas-lindo\/#breadcrumb","itemListElement":[{"@type":"ListItem","position":1,"name":"Portada","item":"https:\/\/diarioprincipios.com\/"},{"@type":"ListItem","position":2,"name":"Mussi: \u00abA esta altura de la vida mi idea es dejar un Berazategui m\u00e1s lindo\u00bb"}]},{"@type":"WebSite","@id":"https:\/\/diarioprincipios.com\/#website","url":"https:\/\/diarioprincipios.com\/","name":"Principios","description":"Principios Diario","publisher":{"@id":"https:\/\/diarioprincipios.com\/#organization"},"potentialAction":[{"@type":"SearchAction","target":{"@type":"EntryPoint","urlTemplate":"https:\/\/diarioprincipios.com\/?s={search_term_string}"},"query-input":{"@type":"PropertyValueSpecification","valueRequired":true,"valueName":"search_term_string"}}],"inLanguage":"es"},{"@type":"Organization","@id":"https:\/\/diarioprincipios.com\/#organization","name":"Principios","url":"https:\/\/diarioprincipios.com\/","logo":{"@type":"ImageObject","inLanguage":"es","@id":"https:\/\/diarioprincipios.com\/#\/schema\/logo\/image\/","url":"https:\/\/diarioprincipios.com\/wp-content\/uploads\/2024\/04\/cropped-www.diarioprincipios.com_-1.png","contentUrl":"https:\/\/diarioprincipios.com\/wp-content\/uploads\/2024\/04\/cropped-www.diarioprincipios.com_-1.png","width":5325,"height":1454,"caption":"Principios"},"image":{"@id":"https:\/\/diarioprincipios.com\/#\/schema\/logo\/image\/"}},{"@type":"Person","@id":"https:\/\/diarioprincipios.com\/#\/schema\/person\/436d5a1fd41a5e250e23ff5a6a7cb080","name":"Hern\u00e1n L\u00f3pez","image":{"@type":"ImageObject","inLanguage":"es","@id":"https:\/\/diarioprincipios.com\/wp-content\/litespeed\/avatar\/11ddfe5610ff3bd100522525b2571f48.jpg?ver=1777048341","url":"https:\/\/diarioprincipios.com\/wp-content\/litespeed\/avatar\/11ddfe5610ff3bd100522525b2571f48.jpg?ver=1777048341","contentUrl":"https:\/\/diarioprincipios.com\/wp-content\/litespeed\/avatar\/11ddfe5610ff3bd100522525b2571f48.jpg?ver=1777048341","caption":"Hern\u00e1n L\u00f3pez"},"url":"https:\/\/diarioprincipios.com\/index.php\/author\/hernan\/"}]}},"jetpack_featured_media_url":"https:\/\/diarioprincipios.com\/wp-content\/uploads\/2023\/04\/MUSSI_-A-ESTA-ALTURA-DE-LA-VIDA-MI-IDEA-ES-DEJAR-UN-BERAZATEGUI-MAS-LINDO-2.jpg","_links":{"self":[{"href":"https:\/\/diarioprincipios.com\/index.php\/wp-json\/wp\/v2\/posts\/16565","targetHints":{"allow":["GET"]}}],"collection":[{"href":"https:\/\/diarioprincipios.com\/index.php\/wp-json\/wp\/v2\/posts"}],"about":[{"href":"https:\/\/diarioprincipios.com\/index.php\/wp-json\/wp\/v2\/types\/post"}],"author":[{"embeddable":true,"href":"https:\/\/diarioprincipios.com\/index.php\/wp-json\/wp\/v2\/users\/2"}],"replies":[{"embeddable":true,"href":"https:\/\/diarioprincipios.com\/index.php\/wp-json\/wp\/v2\/comments?post=16565"}],"version-history":[{"count":1,"href":"https:\/\/diarioprincipios.com\/index.php\/wp-json\/wp\/v2\/posts\/16565\/revisions"}],"predecessor-version":[{"id":16569,"href":"https:\/\/diarioprincipios.com\/index.php\/wp-json\/wp\/v2\/posts\/16565\/revisions\/16569"}],"wp:featuredmedia":[{"embeddable":true,"href":"https:\/\/diarioprincipios.com\/index.php\/wp-json\/wp\/v2\/media\/16568"}],"wp:attachment":[{"href":"https:\/\/diarioprincipios.com\/index.php\/wp-json\/wp\/v2\/media?parent=16565"}],"wp:term":[{"taxonomy":"category","embeddable":true,"href":"https:\/\/diarioprincipios.com\/index.php\/wp-json\/wp\/v2\/categories?post=16565"},{"taxonomy":"post_tag","embeddable":true,"href":"https:\/\/diarioprincipios.com\/index.php\/wp-json\/wp\/v2\/tags?post=16565"}],"curies":[{"name":"wp","href":"https:\/\/api.w.org\/{rel}","templated":true}]}}