{"id":16548,"date":"2023-04-13T12:32:17","date_gmt":"2023-04-13T15:32:17","guid":{"rendered":"http:\/\/diarioprincipios.com\/?p=16548"},"modified":"2023-04-28T12:57:37","modified_gmt":"2023-04-28T15:57:37","slug":"industriales-empresarios-y-sindicalistas-por-la-produccion-y-el-trabajo-junto-a-mussi","status":"publish","type":"post","link":"https:\/\/diarioprincipios.com\/index.php\/2023\/04\/13\/industriales-empresarios-y-sindicalistas-por-la-produccion-y-el-trabajo-junto-a-mussi\/","title":{"rendered":"Industriales, Empresarios y Sindicalistas por la Producci\u00f3n y el Trabajo junto a Mussi"},"content":{"rendered":"\n<p>El mi\u00e9rcoles 12 de Abril, se llev\u00f3 adelante una importante reuni\u00f3n organizada por la Uni\u00f3n Industrial\u00a0(UIB) y la\u00a0Subsecretar\u00eda de Relaciones Sindicales de la Municipalidad de Berazategui, con el aval y la presencia de la Mesa Pol\u00edtico Sindical Peronista \u00ab17 de Octubre\u00bb, con m\u00e1s de 35 Organizaciones Gremiales presentes\u00a0 y que cont\u00f3 con la participaci\u00f3n del Intendente Municipal Dr. Juan Jos\u00e9 Mussi.<\/p>\n\n\n\n<figure class=\"wp-block-image size-full\"><img loading=\"lazy\" decoding=\"async\" width=\"768\" height=\"1024\" src=\"https:\/\/diarioprincipios.com\/wp-content\/uploads\/2023\/04\/IMG-20230413-WA0009.jpg\" alt=\"\" class=\"wp-image-16549\" srcset=\"https:\/\/diarioprincipios.com\/wp-content\/uploads\/2023\/04\/IMG-20230413-WA0009.jpg 768w, https:\/\/diarioprincipios.com\/wp-content\/uploads\/2023\/04\/IMG-20230413-WA0009-225x300.jpg 225w\" sizes=\"auto, (max-width: 768px) 100vw, 768px\" \/><\/figure>\n\n\n\n<p>En el encuentro, llevado a cabo en la sede de la UIB,&nbsp; se anunci\u00f3 la elaboraci\u00f3n de un Documento que ser\u00e1 dado a conocer pr\u00f3ximamente, en el cual se presentar\u00e1n propuestas para la producci\u00f3n y el trabajo. El mismo ser\u00e1 elevado al Congreso Nacional y distintos estamentos p\u00fablicos nacionales y provinciales.<\/p>\n\n\n\n<p>Participaron de la reuni\u00f3n las distintas C\u00e1maras de Comercio del distrito, el Rotary, el Club de Leones, el Sindicato de Trabajadores Municipales de\u00a0Berazategui (\u00fanico gremio municipal presente),\u00a0el C\u00edrculo de Periodistas y tambi\u00e9n se encontraban los miembros de IPA ( Industriales Pymes Argentinos) con su presidente Daniel Rosato.\u00a0<\/p>\n\n\n\n<figure class=\"wp-block-image size-full\"><img loading=\"lazy\" decoding=\"async\" width=\"1024\" height=\"768\" src=\"https:\/\/diarioprincipios.com\/wp-content\/uploads\/2023\/04\/IMG-20230413-WA0006.jpg\" alt=\"\" class=\"wp-image-16550\" srcset=\"https:\/\/diarioprincipios.com\/wp-content\/uploads\/2023\/04\/IMG-20230413-WA0006.jpg 1024w, https:\/\/diarioprincipios.com\/wp-content\/uploads\/2023\/04\/IMG-20230413-WA0006-300x225.jpg 300w, https:\/\/diarioprincipios.com\/wp-content\/uploads\/2023\/04\/IMG-20230413-WA0006-768x576.jpg 768w\" sizes=\"auto, (max-width: 1024px) 100vw, 1024px\" \/><\/figure>\n\n\n\n<p>Tras la presentaci\u00f3n del contador Edgardo Cilona, la bienvenida estuvo a cargo del Presidente de la entidad industrial, Alejandro Bartalini quien expuso que \u00aben 30 d\u00edas aproximadamente, estar\u00e1 listo un documento que firmar\u00e1n todos los presentes y que en su contenido habla de la fuerza del trabajo y la producci\u00f3n para la generaci\u00f3n de m\u00e1s puestos de trabajo\u00bb. Luego, en su discurso, el Subsecretario de Relaciones Sindicales Andr\u00e9s Nikitiuk, hizo menci\u00f3n a la importancia de la unidad lograda por todos los sectores del Comercio y la Industria con el Movimiento Obrero, agradeci\u00f3 la presencia de las autoridades y los convoc\u00f3 a seguir trabajando por un Berazategui Industrial y en crecimiento. Argentino \u00abTito\u00bb Geneiro, en uso de la palabra, puso a disposici\u00f3n de las Empresas y a sus trabajadores, toda la capacitaci\u00f3n necesaria para el crecimiento y el desarrollo.\u00a0<\/p>\n\n\n\n<figure class=\"wp-block-image size-full\"><img loading=\"lazy\" decoding=\"async\" width=\"1024\" height=\"768\" src=\"https:\/\/diarioprincipios.com\/wp-content\/uploads\/2023\/04\/IMG-20230413-WA0008.jpg\" alt=\"\" class=\"wp-image-16551\" srcset=\"https:\/\/diarioprincipios.com\/wp-content\/uploads\/2023\/04\/IMG-20230413-WA0008.jpg 1024w, https:\/\/diarioprincipios.com\/wp-content\/uploads\/2023\/04\/IMG-20230413-WA0008-300x225.jpg 300w, https:\/\/diarioprincipios.com\/wp-content\/uploads\/2023\/04\/IMG-20230413-WA0008-768x576.jpg 768w\" sizes=\"auto, (max-width: 1024px) 100vw, 1024px\" \/><\/figure>\n\n\n\n<p><strong>Mussi: \u00abEste pa\u00eds solo sale por consenso\u00bb<\/strong><\/p>\n\n\n\n<p>Cerr\u00f3 la reuni\u00f3n el Intendente Municipal Juan Jos\u00e9 Mussi, quien agradeci\u00f3 la invitaci\u00f3n y manifest\u00f3 que \u00abel compromiso asumido entre todos los sectores para proyectar y trabajar juntos, pone en valor el crecimiento continuo de nuestro distrito\u00bb. Mussi remarc\u00f3 la importancia de la unidad de todos los sectores y sostuvo que \u00abeste pa\u00eds solo sale por consenso\u00bb.<\/p>\n\n\n\n<p>El l\u00edder peronista dijo adem\u00e1s que \u00abme dan mucha bronca las peleas y las divisiones, m\u00e1s en un momento donde tenemos que trabajar todos juntos, el pa\u00eds est\u00e1 en peligro y tenemos que dialogar para sacarlo adelante\u00bb.<\/p>\n","protected":false},"excerpt":{"rendered":"<p>El mi\u00e9rcoles 12 de Abril, se llev\u00f3 adelante una importante reuni\u00f3n organizada por la Uni\u00f3n Industrial\u00a0(UIB) y la\u00a0Subsecretar\u00eda de Relaciones Sindicales de la Municipalidad de Berazategui, con el aval y la presencia de la Mesa Pol\u00edtico Sindical Peronista \u00ab17 de Octubre\u00bb, con m\u00e1s de 35 Organizaciones Gremiales presentes\u00a0 y que cont\u00f3 con la participaci\u00f3n del&#8230;<\/p>\n","protected":false},"author":2,"featured_media":16552,"comment_status":"open","ping_status":"open","sticky":false,"template":"","format":"standard","meta":{"footnotes":""},"categories":[3],"tags":[],"class_list":["post-16548","post","type-post","status-publish","format-standard","has-post-thumbnail","hentry","category-berazategui"],"featured_image_src":"https:\/\/diarioprincipios.com\/wp-content\/uploads\/2023\/04\/IMG-20230412-WA0064-1024x461.jpg","blog_images":{"medium":"https:\/\/diarioprincipios.com\/wp-content\/uploads\/2023\/04\/IMG-20230412-WA0064-300x135.jpg","large":"https:\/\/diarioprincipios.com\/wp-content\/uploads\/2023\/04\/IMG-20230412-WA0064-1024x461.jpg"},"ams_acf":[],"yoast_head":"<!-- This site is optimized with the Yoast SEO plugin v27.3 - https:\/\/yoast.com\/product\/yoast-seo-wordpress\/ -->\n<title>Industriales, Empresarios y Sindicalistas por la Producci\u00f3n y el Trabajo junto a Mussi - Principios<\/title>\n<meta name=\"robots\" content=\"index, follow, max-snippet:-1, max-image-preview:large, max-video-preview:-1\" \/>\n<link rel=\"canonical\" href=\"https:\/\/diarioprincipios.com\/index.php\/2023\/04\/13\/industriales-empresarios-y-sindicalistas-por-la-produccion-y-el-trabajo-junto-a-mussi\/\" \/>\n<meta property=\"og:locale\" content=\"es_ES\" \/>\n<meta property=\"og:type\" content=\"article\" \/>\n<meta property=\"og:title\" content=\"Industriales, Empresarios y Sindicalistas por la Producci\u00f3n y el Trabajo junto a Mussi - Principios\" \/>\n<meta property=\"og:description\" content=\"El mi\u00e9rcoles 12 de Abril, se llev\u00f3 adelante una importante reuni\u00f3n organizada por la Uni\u00f3n Industrial\u00a0(UIB) y la\u00a0Subsecretar\u00eda de Relaciones Sindicales de la Municipalidad de Berazategui, con el aval y la presencia de la Mesa Pol\u00edtico Sindical Peronista \u00ab17 de Octubre\u00bb, con m\u00e1s de 35 Organizaciones Gremiales presentes\u00a0 y que cont\u00f3 con la participaci\u00f3n del...\" \/>\n<meta property=\"og:url\" content=\"https:\/\/diarioprincipios.com\/index.php\/2023\/04\/13\/industriales-empresarios-y-sindicalistas-por-la-produccion-y-el-trabajo-junto-a-mussi\/\" \/>\n<meta property=\"og:site_name\" content=\"Principios\" \/>\n<meta property=\"article:published_time\" content=\"2023-04-13T15:32:17+00:00\" \/>\n<meta property=\"article:modified_time\" content=\"2023-04-28T15:57:37+00:00\" \/>\n<meta property=\"og:image\" content=\"https:\/\/diarioprincipios.com\/wp-content\/uploads\/2023\/04\/IMG-20230412-WA0064.jpg\" \/>\n\t<meta property=\"og:image:width\" content=\"1280\" \/>\n\t<meta property=\"og:image:height\" content=\"576\" \/>\n\t<meta property=\"og:image:type\" content=\"image\/jpeg\" \/>\n<meta name=\"author\" content=\"Hern\u00e1n L\u00f3pez\" \/>\n<meta name=\"twitter:card\" content=\"summary_large_image\" \/>\n<meta name=\"twitter:label1\" content=\"Escrito por\" \/>\n\t<meta name=\"twitter:data1\" content=\"Hern\u00e1n L\u00f3pez\" \/>\n\t<meta name=\"twitter:label2\" content=\"Tiempo de lectura\" \/>\n\t<meta name=\"twitter:data2\" content=\"3 minutos\" \/>\n<script type=\"application\/ld+json\" class=\"yoast-schema-graph\">{\"@context\":\"https:\\\/\\\/schema.org\",\"@graph\":[{\"@type\":\"Article\",\"@id\":\"https:\\\/\\\/diarioprincipios.com\\\/index.php\\\/2023\\\/04\\\/13\\\/industriales-empresarios-y-sindicalistas-por-la-produccion-y-el-trabajo-junto-a-mussi\\\/#article\",\"isPartOf\":{\"@id\":\"https:\\\/\\\/diarioprincipios.com\\\/index.php\\\/2023\\\/04\\\/13\\\/industriales-empresarios-y-sindicalistas-por-la-produccion-y-el-trabajo-junto-a-mussi\\\/\"},\"author\":{\"name\":\"Hern\u00e1n L\u00f3pez\",\"@id\":\"https:\\\/\\\/diarioprincipios.com\\\/#\\\/schema\\\/person\\\/436d5a1fd41a5e250e23ff5a6a7cb080\"},\"headline\":\"Industriales, Empresarios y Sindicalistas por la Producci\u00f3n y el Trabajo junto a Mussi\",\"datePublished\":\"2023-04-13T15:32:17+00:00\",\"dateModified\":\"2023-04-28T15:57:37+00:00\",\"mainEntityOfPage\":{\"@id\":\"https:\\\/\\\/diarioprincipios.com\\\/index.php\\\/2023\\\/04\\\/13\\\/industriales-empresarios-y-sindicalistas-por-la-produccion-y-el-trabajo-junto-a-mussi\\\/\"},\"wordCount\":446,\"commentCount\":0,\"publisher\":{\"@id\":\"https:\\\/\\\/diarioprincipios.com\\\/#organization\"},\"image\":{\"@id\":\"https:\\\/\\\/diarioprincipios.com\\\/index.php\\\/2023\\\/04\\\/13\\\/industriales-empresarios-y-sindicalistas-por-la-produccion-y-el-trabajo-junto-a-mussi\\\/#primaryimage\"},\"thumbnailUrl\":\"https:\\\/\\\/diarioprincipios.com\\\/wp-content\\\/uploads\\\/2023\\\/04\\\/IMG-20230412-WA0064.jpg\",\"articleSection\":[\"Berazategui\"],\"inLanguage\":\"es\",\"potentialAction\":[{\"@type\":\"CommentAction\",\"name\":\"Comment\",\"target\":[\"https:\\\/\\\/diarioprincipios.com\\\/index.php\\\/2023\\\/04\\\/13\\\/industriales-empresarios-y-sindicalistas-por-la-produccion-y-el-trabajo-junto-a-mussi\\\/#respond\"]}]},{\"@type\":\"WebPage\",\"@id\":\"https:\\\/\\\/diarioprincipios.com\\\/index.php\\\/2023\\\/04\\\/13\\\/industriales-empresarios-y-sindicalistas-por-la-produccion-y-el-trabajo-junto-a-mussi\\\/\",\"url\":\"https:\\\/\\\/diarioprincipios.com\\\/index.php\\\/2023\\\/04\\\/13\\\/industriales-empresarios-y-sindicalistas-por-la-produccion-y-el-trabajo-junto-a-mussi\\\/\",\"name\":\"Industriales, Empresarios y Sindicalistas por la Producci\u00f3n y el Trabajo junto a Mussi - Principios\",\"isPartOf\":{\"@id\":\"https:\\\/\\\/diarioprincipios.com\\\/#website\"},\"primaryImageOfPage\":{\"@id\":\"https:\\\/\\\/diarioprincipios.com\\\/index.php\\\/2023\\\/04\\\/13\\\/industriales-empresarios-y-sindicalistas-por-la-produccion-y-el-trabajo-junto-a-mussi\\\/#primaryimage\"},\"image\":{\"@id\":\"https:\\\/\\\/diarioprincipios.com\\\/index.php\\\/2023\\\/04\\\/13\\\/industriales-empresarios-y-sindicalistas-por-la-produccion-y-el-trabajo-junto-a-mussi\\\/#primaryimage\"},\"thumbnailUrl\":\"https:\\\/\\\/diarioprincipios.com\\\/wp-content\\\/uploads\\\/2023\\\/04\\\/IMG-20230412-WA0064.jpg\",\"datePublished\":\"2023-04-13T15:32:17+00:00\",\"dateModified\":\"2023-04-28T15:57:37+00:00\",\"breadcrumb\":{\"@id\":\"https:\\\/\\\/diarioprincipios.com\\\/index.php\\\/2023\\\/04\\\/13\\\/industriales-empresarios-y-sindicalistas-por-la-produccion-y-el-trabajo-junto-a-mussi\\\/#breadcrumb\"},\"inLanguage\":\"es\",\"potentialAction\":[{\"@type\":\"ReadAction\",\"target\":[\"https:\\\/\\\/diarioprincipios.com\\\/index.php\\\/2023\\\/04\\\/13\\\/industriales-empresarios-y-sindicalistas-por-la-produccion-y-el-trabajo-junto-a-mussi\\\/\"]}]},{\"@type\":\"ImageObject\",\"inLanguage\":\"es\",\"@id\":\"https:\\\/\\\/diarioprincipios.com\\\/index.php\\\/2023\\\/04\\\/13\\\/industriales-empresarios-y-sindicalistas-por-la-produccion-y-el-trabajo-junto-a-mussi\\\/#primaryimage\",\"url\":\"https:\\\/\\\/diarioprincipios.com\\\/wp-content\\\/uploads\\\/2023\\\/04\\\/IMG-20230412-WA0064.jpg\",\"contentUrl\":\"https:\\\/\\\/diarioprincipios.com\\\/wp-content\\\/uploads\\\/2023\\\/04\\\/IMG-20230412-WA0064.jpg\",\"width\":1280,\"height\":576},{\"@type\":\"BreadcrumbList\",\"@id\":\"https:\\\/\\\/diarioprincipios.com\\\/index.php\\\/2023\\\/04\\\/13\\\/industriales-empresarios-y-sindicalistas-por-la-produccion-y-el-trabajo-junto-a-mussi\\\/#breadcrumb\",\"itemListElement\":[{\"@type\":\"ListItem\",\"position\":1,\"name\":\"Portada\",\"item\":\"https:\\\/\\\/diarioprincipios.com\\\/\"},{\"@type\":\"ListItem\",\"position\":2,\"name\":\"Industriales, Empresarios y Sindicalistas por la Producci\u00f3n y el Trabajo junto a Mussi\"}]},{\"@type\":\"WebSite\",\"@id\":\"https:\\\/\\\/diarioprincipios.com\\\/#website\",\"url\":\"https:\\\/\\\/diarioprincipios.com\\\/\",\"name\":\"Principios\",\"description\":\"Principios Diario\",\"publisher\":{\"@id\":\"https:\\\/\\\/diarioprincipios.com\\\/#organization\"},\"potentialAction\":[{\"@type\":\"SearchAction\",\"target\":{\"@type\":\"EntryPoint\",\"urlTemplate\":\"https:\\\/\\\/diarioprincipios.com\\\/?s={search_term_string}\"},\"query-input\":{\"@type\":\"PropertyValueSpecification\",\"valueRequired\":true,\"valueName\":\"search_term_string\"}}],\"inLanguage\":\"es\"},{\"@type\":\"Organization\",\"@id\":\"https:\\\/\\\/diarioprincipios.com\\\/#organization\",\"name\":\"Principios\",\"url\":\"https:\\\/\\\/diarioprincipios.com\\\/\",\"logo\":{\"@type\":\"ImageObject\",\"inLanguage\":\"es\",\"@id\":\"https:\\\/\\\/diarioprincipios.com\\\/#\\\/schema\\\/logo\\\/image\\\/\",\"url\":\"https:\\\/\\\/diarioprincipios.com\\\/wp-content\\\/uploads\\\/2024\\\/04\\\/cropped-www.diarioprincipios.com_-1.png\",\"contentUrl\":\"https:\\\/\\\/diarioprincipios.com\\\/wp-content\\\/uploads\\\/2024\\\/04\\\/cropped-www.diarioprincipios.com_-1.png\",\"width\":5325,\"height\":1454,\"caption\":\"Principios\"},\"image\":{\"@id\":\"https:\\\/\\\/diarioprincipios.com\\\/#\\\/schema\\\/logo\\\/image\\\/\"}},{\"@type\":\"Person\",\"@id\":\"https:\\\/\\\/diarioprincipios.com\\\/#\\\/schema\\\/person\\\/436d5a1fd41a5e250e23ff5a6a7cb080\",\"name\":\"Hern\u00e1n L\u00f3pez\",\"image\":{\"@type\":\"ImageObject\",\"inLanguage\":\"es\",\"@id\":\"https:\\\/\\\/diarioprincipios.com\\\/wp-content\\\/litespeed\\\/avatar\\\/11ddfe5610ff3bd100522525b2571f48.jpg?ver=1777048341\",\"url\":\"https:\\\/\\\/diarioprincipios.com\\\/wp-content\\\/litespeed\\\/avatar\\\/11ddfe5610ff3bd100522525b2571f48.jpg?ver=1777048341\",\"contentUrl\":\"https:\\\/\\\/diarioprincipios.com\\\/wp-content\\\/litespeed\\\/avatar\\\/11ddfe5610ff3bd100522525b2571f48.jpg?ver=1777048341\",\"caption\":\"Hern\u00e1n L\u00f3pez\"},\"url\":\"https:\\\/\\\/diarioprincipios.com\\\/index.php\\\/author\\\/hernan\\\/\"}]}<\/script>\n<!-- \/ Yoast SEO plugin. -->","yoast_head_json":{"title":"Industriales, Empresarios y Sindicalistas por la Producci\u00f3n y el Trabajo junto a Mussi - Principios","robots":{"index":"index","follow":"follow","max-snippet":"max-snippet:-1","max-image-preview":"max-image-preview:large","max-video-preview":"max-video-preview:-1"},"canonical":"https:\/\/diarioprincipios.com\/index.php\/2023\/04\/13\/industriales-empresarios-y-sindicalistas-por-la-produccion-y-el-trabajo-junto-a-mussi\/","og_locale":"es_ES","og_type":"article","og_title":"Industriales, Empresarios y Sindicalistas por la Producci\u00f3n y el Trabajo junto a Mussi - Principios","og_description":"El mi\u00e9rcoles 12 de Abril, se llev\u00f3 adelante una importante reuni\u00f3n organizada por la Uni\u00f3n Industrial\u00a0(UIB) y la\u00a0Subsecretar\u00eda de Relaciones Sindicales de la Municipalidad de Berazategui, con el aval y la presencia de la Mesa Pol\u00edtico Sindical Peronista \u00ab17 de Octubre\u00bb, con m\u00e1s de 35 Organizaciones Gremiales presentes\u00a0 y que cont\u00f3 con la participaci\u00f3n del...","og_url":"https:\/\/diarioprincipios.com\/index.php\/2023\/04\/13\/industriales-empresarios-y-sindicalistas-por-la-produccion-y-el-trabajo-junto-a-mussi\/","og_site_name":"Principios","article_published_time":"2023-04-13T15:32:17+00:00","article_modified_time":"2023-04-28T15:57:37+00:00","og_image":[{"width":1280,"height":576,"url":"https:\/\/diarioprincipios.com\/wp-content\/uploads\/2023\/04\/IMG-20230412-WA0064.jpg","type":"image\/jpeg"}],"author":"Hern\u00e1n L\u00f3pez","twitter_card":"summary_large_image","twitter_misc":{"Escrito por":"Hern\u00e1n L\u00f3pez","Tiempo de lectura":"3 minutos"},"schema":{"@context":"https:\/\/schema.org","@graph":[{"@type":"Article","@id":"https:\/\/diarioprincipios.com\/index.php\/2023\/04\/13\/industriales-empresarios-y-sindicalistas-por-la-produccion-y-el-trabajo-junto-a-mussi\/#article","isPartOf":{"@id":"https:\/\/diarioprincipios.com\/index.php\/2023\/04\/13\/industriales-empresarios-y-sindicalistas-por-la-produccion-y-el-trabajo-junto-a-mussi\/"},"author":{"name":"Hern\u00e1n L\u00f3pez","@id":"https:\/\/diarioprincipios.com\/#\/schema\/person\/436d5a1fd41a5e250e23ff5a6a7cb080"},"headline":"Industriales, Empresarios y Sindicalistas por la Producci\u00f3n y el Trabajo junto a Mussi","datePublished":"2023-04-13T15:32:17+00:00","dateModified":"2023-04-28T15:57:37+00:00","mainEntityOfPage":{"@id":"https:\/\/diarioprincipios.com\/index.php\/2023\/04\/13\/industriales-empresarios-y-sindicalistas-por-la-produccion-y-el-trabajo-junto-a-mussi\/"},"wordCount":446,"commentCount":0,"publisher":{"@id":"https:\/\/diarioprincipios.com\/#organization"},"image":{"@id":"https:\/\/diarioprincipios.com\/index.php\/2023\/04\/13\/industriales-empresarios-y-sindicalistas-por-la-produccion-y-el-trabajo-junto-a-mussi\/#primaryimage"},"thumbnailUrl":"https:\/\/diarioprincipios.com\/wp-content\/uploads\/2023\/04\/IMG-20230412-WA0064.jpg","articleSection":["Berazategui"],"inLanguage":"es","potentialAction":[{"@type":"CommentAction","name":"Comment","target":["https:\/\/diarioprincipios.com\/index.php\/2023\/04\/13\/industriales-empresarios-y-sindicalistas-por-la-produccion-y-el-trabajo-junto-a-mussi\/#respond"]}]},{"@type":"WebPage","@id":"https:\/\/diarioprincipios.com\/index.php\/2023\/04\/13\/industriales-empresarios-y-sindicalistas-por-la-produccion-y-el-trabajo-junto-a-mussi\/","url":"https:\/\/diarioprincipios.com\/index.php\/2023\/04\/13\/industriales-empresarios-y-sindicalistas-por-la-produccion-y-el-trabajo-junto-a-mussi\/","name":"Industriales, Empresarios y Sindicalistas por la Producci\u00f3n y el Trabajo junto a Mussi - Principios","isPartOf":{"@id":"https:\/\/diarioprincipios.com\/#website"},"primaryImageOfPage":{"@id":"https:\/\/diarioprincipios.com\/index.php\/2023\/04\/13\/industriales-empresarios-y-sindicalistas-por-la-produccion-y-el-trabajo-junto-a-mussi\/#primaryimage"},"image":{"@id":"https:\/\/diarioprincipios.com\/index.php\/2023\/04\/13\/industriales-empresarios-y-sindicalistas-por-la-produccion-y-el-trabajo-junto-a-mussi\/#primaryimage"},"thumbnailUrl":"https:\/\/diarioprincipios.com\/wp-content\/uploads\/2023\/04\/IMG-20230412-WA0064.jpg","datePublished":"2023-04-13T15:32:17+00:00","dateModified":"2023-04-28T15:57:37+00:00","breadcrumb":{"@id":"https:\/\/diarioprincipios.com\/index.php\/2023\/04\/13\/industriales-empresarios-y-sindicalistas-por-la-produccion-y-el-trabajo-junto-a-mussi\/#breadcrumb"},"inLanguage":"es","potentialAction":[{"@type":"ReadAction","target":["https:\/\/diarioprincipios.com\/index.php\/2023\/04\/13\/industriales-empresarios-y-sindicalistas-por-la-produccion-y-el-trabajo-junto-a-mussi\/"]}]},{"@type":"ImageObject","inLanguage":"es","@id":"https:\/\/diarioprincipios.com\/index.php\/2023\/04\/13\/industriales-empresarios-y-sindicalistas-por-la-produccion-y-el-trabajo-junto-a-mussi\/#primaryimage","url":"https:\/\/diarioprincipios.com\/wp-content\/uploads\/2023\/04\/IMG-20230412-WA0064.jpg","contentUrl":"https:\/\/diarioprincipios.com\/wp-content\/uploads\/2023\/04\/IMG-20230412-WA0064.jpg","width":1280,"height":576},{"@type":"BreadcrumbList","@id":"https:\/\/diarioprincipios.com\/index.php\/2023\/04\/13\/industriales-empresarios-y-sindicalistas-por-la-produccion-y-el-trabajo-junto-a-mussi\/#breadcrumb","itemListElement":[{"@type":"ListItem","position":1,"name":"Portada","item":"https:\/\/diarioprincipios.com\/"},{"@type":"ListItem","position":2,"name":"Industriales, Empresarios y Sindicalistas por la Producci\u00f3n y el Trabajo junto a Mussi"}]},{"@type":"WebSite","@id":"https:\/\/diarioprincipios.com\/#website","url":"https:\/\/diarioprincipios.com\/","name":"Principios","description":"Principios Diario","publisher":{"@id":"https:\/\/diarioprincipios.com\/#organization"},"potentialAction":[{"@type":"SearchAction","target":{"@type":"EntryPoint","urlTemplate":"https:\/\/diarioprincipios.com\/?s={search_term_string}"},"query-input":{"@type":"PropertyValueSpecification","valueRequired":true,"valueName":"search_term_string"}}],"inLanguage":"es"},{"@type":"Organization","@id":"https:\/\/diarioprincipios.com\/#organization","name":"Principios","url":"https:\/\/diarioprincipios.com\/","logo":{"@type":"ImageObject","inLanguage":"es","@id":"https:\/\/diarioprincipios.com\/#\/schema\/logo\/image\/","url":"https:\/\/diarioprincipios.com\/wp-content\/uploads\/2024\/04\/cropped-www.diarioprincipios.com_-1.png","contentUrl":"https:\/\/diarioprincipios.com\/wp-content\/uploads\/2024\/04\/cropped-www.diarioprincipios.com_-1.png","width":5325,"height":1454,"caption":"Principios"},"image":{"@id":"https:\/\/diarioprincipios.com\/#\/schema\/logo\/image\/"}},{"@type":"Person","@id":"https:\/\/diarioprincipios.com\/#\/schema\/person\/436d5a1fd41a5e250e23ff5a6a7cb080","name":"Hern\u00e1n L\u00f3pez","image":{"@type":"ImageObject","inLanguage":"es","@id":"https:\/\/diarioprincipios.com\/wp-content\/litespeed\/avatar\/11ddfe5610ff3bd100522525b2571f48.jpg?ver=1777048341","url":"https:\/\/diarioprincipios.com\/wp-content\/litespeed\/avatar\/11ddfe5610ff3bd100522525b2571f48.jpg?ver=1777048341","contentUrl":"https:\/\/diarioprincipios.com\/wp-content\/litespeed\/avatar\/11ddfe5610ff3bd100522525b2571f48.jpg?ver=1777048341","caption":"Hern\u00e1n L\u00f3pez"},"url":"https:\/\/diarioprincipios.com\/index.php\/author\/hernan\/"}]}},"jetpack_featured_media_url":"https:\/\/diarioprincipios.com\/wp-content\/uploads\/2023\/04\/IMG-20230412-WA0064.jpg","_links":{"self":[{"href":"https:\/\/diarioprincipios.com\/index.php\/wp-json\/wp\/v2\/posts\/16548","targetHints":{"allow":["GET"]}}],"collection":[{"href":"https:\/\/diarioprincipios.com\/index.php\/wp-json\/wp\/v2\/posts"}],"about":[{"href":"https:\/\/diarioprincipios.com\/index.php\/wp-json\/wp\/v2\/types\/post"}],"author":[{"embeddable":true,"href":"https:\/\/diarioprincipios.com\/index.php\/wp-json\/wp\/v2\/users\/2"}],"replies":[{"embeddable":true,"href":"https:\/\/diarioprincipios.com\/index.php\/wp-json\/wp\/v2\/comments?post=16548"}],"version-history":[{"count":1,"href":"https:\/\/diarioprincipios.com\/index.php\/wp-json\/wp\/v2\/posts\/16548\/revisions"}],"predecessor-version":[{"id":16553,"href":"https:\/\/diarioprincipios.com\/index.php\/wp-json\/wp\/v2\/posts\/16548\/revisions\/16553"}],"wp:featuredmedia":[{"embeddable":true,"href":"https:\/\/diarioprincipios.com\/index.php\/wp-json\/wp\/v2\/media\/16552"}],"wp:attachment":[{"href":"https:\/\/diarioprincipios.com\/index.php\/wp-json\/wp\/v2\/media?parent=16548"}],"wp:term":[{"taxonomy":"category","embeddable":true,"href":"https:\/\/diarioprincipios.com\/index.php\/wp-json\/wp\/v2\/categories?post=16548"},{"taxonomy":"post_tag","embeddable":true,"href":"https:\/\/diarioprincipios.com\/index.php\/wp-json\/wp\/v2\/tags?post=16548"}],"curies":[{"name":"wp","href":"https:\/\/api.w.org\/{rel}","templated":true}]}}