{"id":16539,"date":"2023-04-13T10:00:37","date_gmt":"2023-04-13T13:00:37","guid":{"rendered":"http:\/\/diarioprincipios.com\/?p=16539"},"modified":"2023-04-28T12:57:25","modified_gmt":"2023-04-28T15:57:25","slug":"remodelaron-plaza-de-platanos","status":"publish","type":"post","link":"https:\/\/diarioprincipios.com\/index.php\/2023\/04\/13\/remodelaron-plaza-de-platanos\/","title":{"rendered":"Remodelaron Plaza de Pl\u00e1tanos"},"content":{"rendered":"\n<p><strong>Pusieron en valor la Plaza Juan Mussi Padre (calle 158 e\/ 42 y 43, Pl\u00e1tanos), en el marco del Programa A jugar a la Plaza que impulsa la Fundaci\u00f3n Banco Provincia para mejorar y crear espacios de recreaci\u00f3n en las plazas bonaerenses. El intendente Juan Jos\u00e9 Mussi estuvo en el lugar, junto a Alejandro Alegretti, vicepresidente de la Fundaci\u00f3n del Banco Provincia; y Ariel Gonz\u00e1lez, coordinador del Plan Nativas Bonaerenses -del Ministerio de Ambiente de la Provincia-, por el cual se intervino la plaza con ejemplares arb\u00f3reos.<\/strong><\/p>\n\n\n\n<p>Durante su discurso, Mussi expres\u00f3: \u201cEs una alegr\u00eda estar en este lugar, que lleve el nombre de mi pap\u00e1 (Juan Mussi), quien fue Presidente de la Sociedad de Fomento durante muchos a\u00f1os. Hoy est\u00e1n presentes todas las instituciones; esto es la comunidad organizada. Nac\u00ed aqu\u00ed a diez cuadras y despu\u00e9s viv\u00ed cerca, a seis o siete cuadras. Este es mi Pl\u00e1tanos, el Pl\u00e1tanos de mis amores\u201d.<\/p>\n\n\n\n<figure class=\"wp-block-image size-large\"><img loading=\"lazy\" decoding=\"async\" width=\"1024\" height=\"683\" src=\"https:\/\/diarioprincipios.com\/wp-content\/uploads\/2023\/04\/REMODELARON-PLAZA-DE-PLATANOS2-1024x683.jpg\" alt=\"\" class=\"wp-image-16541\" srcset=\"https:\/\/diarioprincipios.com\/wp-content\/uploads\/2023\/04\/REMODELARON-PLAZA-DE-PLATANOS2-1024x683.jpg 1024w, https:\/\/diarioprincipios.com\/wp-content\/uploads\/2023\/04\/REMODELARON-PLAZA-DE-PLATANOS2-300x200.jpg 300w, https:\/\/diarioprincipios.com\/wp-content\/uploads\/2023\/04\/REMODELARON-PLAZA-DE-PLATANOS2-768x512.jpg 768w, https:\/\/diarioprincipios.com\/wp-content\/uploads\/2023\/04\/REMODELARON-PLAZA-DE-PLATANOS2-1536x1024.jpg 1536w, https:\/\/diarioprincipios.com\/wp-content\/uploads\/2023\/04\/REMODELARON-PLAZA-DE-PLATANOS2.jpg 1920w\" sizes=\"auto, (max-width: 1024px) 100vw, 1024px\" \/><\/figure>\n\n\n\n<p>Adem\u00e1s, el Intendente recalc\u00f3 la importancia de contar en Berazategui con espacios verdes mejorados para el disfrute de los vecinos y vecinas: \u201cCon estas acciones queremos mejorar la plaza y la calidad de vida de los vecinos y vecinas. Este es un lugar de encuentro, es una de las plazas concurridas. Seguramente mi viejo me debe estar agradeciendo desde all\u00e1. Les pido que la cuiden. Detr\u00e1s de todo esto hay un Gobernador que se preocupa por los municipios, que estuvo con nosotros permanentemente y hoy nos da estos recursos para que podamos seguir adelante\u201d.<\/p>\n\n\n\n<p>En tanto, Alegretti subray\u00f3 el compromiso de la Fundaci\u00f3n Banco Provincia con el desarrollo social y el bienestar de la comunidad: \u201cEsta plaza es para que la disfruten. Este es un Municipio presente, que busca todo el tiempo mejorar la calidad de vida de su pueblo. Hoy inauguramos esta plaza con juegos y aparatos de educaci\u00f3n f\u00edsica para el bienestar y la salud de todos y todas. Queremos acompa\u00f1ar a los intendentes para que estas cosas sucedan. La felicidad de los ciudadanos y ciudadanas le da sentido al trabajo de la Fundaci\u00f3n, en este caso de manera integral, junto al Ministerio de Ambiente.\u201d<\/p>\n\n\n\n<figure class=\"wp-block-image size-large\"><img loading=\"lazy\" decoding=\"async\" width=\"1024\" height=\"683\" src=\"https:\/\/diarioprincipios.com\/wp-content\/uploads\/2023\/04\/REMODELARON-PLAZA-DE-PLATANOS3-1024x683.jpg\" alt=\"\" class=\"wp-image-16542\" srcset=\"https:\/\/diarioprincipios.com\/wp-content\/uploads\/2023\/04\/REMODELARON-PLAZA-DE-PLATANOS3-1024x683.jpg 1024w, https:\/\/diarioprincipios.com\/wp-content\/uploads\/2023\/04\/REMODELARON-PLAZA-DE-PLATANOS3-300x200.jpg 300w, https:\/\/diarioprincipios.com\/wp-content\/uploads\/2023\/04\/REMODELARON-PLAZA-DE-PLATANOS3-768x512.jpg 768w, https:\/\/diarioprincipios.com\/wp-content\/uploads\/2023\/04\/REMODELARON-PLAZA-DE-PLATANOS3-1536x1024.jpg 1536w, https:\/\/diarioprincipios.com\/wp-content\/uploads\/2023\/04\/REMODELARON-PLAZA-DE-PLATANOS3.jpg 1920w\" sizes=\"auto, (max-width: 1024px) 100vw, 1024px\" \/><\/figure>\n\n\n\n<p>Las obras de remodelaci\u00f3n fueron el resultado de un convenio entre la Fundaci\u00f3n Banco Provincia y la Municipalidad de Berazategui. Se puso en valor un sector de la Plaza y se instalaron 11 juegos integradores nuevos, dise\u00f1ados para fomentar la actividad f\u00edsica en personas de diferentes edades y capacidades motrices. Tambi\u00e9n, se intervino el espacio verde con 23 ejemplares arb\u00f3reos de especies nativas de la regi\u00f3n del Delta e islas del Paran\u00e1 y de la ecorregi\u00f3n pampeana.<\/p>\n\n\n\n<p>Participaron en el encuentro: integrantes del Gabinete Municipal, concejales, estudiantes de instituciones educativas locales, vecinos y vecinas.<\/p>\n","protected":false},"excerpt":{"rendered":"<p>Pusieron en valor la Plaza Juan Mussi Padre (calle 158 e\/ 42 y 43, Pl\u00e1tanos), en el marco del Programa A jugar a la Plaza que impulsa la Fundaci\u00f3n Banco Provincia para mejorar y crear espacios de recreaci\u00f3n en las plazas bonaerenses. El intendente Juan Jos\u00e9 Mussi estuvo en el lugar, junto a Alejandro Alegretti,&#8230;<\/p>\n","protected":false},"author":2,"featured_media":16540,"comment_status":"open","ping_status":"open","sticky":false,"template":"","format":"standard","meta":{"footnotes":""},"categories":[3],"tags":[],"class_list":["post-16539","post","type-post","status-publish","format-standard","has-post-thumbnail","hentry","category-berazategui"],"featured_image_src":"https:\/\/diarioprincipios.com\/wp-content\/uploads\/2023\/04\/REMODELARON-PLAZA-DE-PLATANOS-1024x682.jpg","blog_images":{"medium":"https:\/\/diarioprincipios.com\/wp-content\/uploads\/2023\/04\/REMODELARON-PLAZA-DE-PLATANOS-300x200.jpg","large":"https:\/\/diarioprincipios.com\/wp-content\/uploads\/2023\/04\/REMODELARON-PLAZA-DE-PLATANOS-1024x682.jpg"},"ams_acf":[],"yoast_head":"<!-- This site is optimized with the Yoast SEO plugin v27.3 - https:\/\/yoast.com\/product\/yoast-seo-wordpress\/ -->\n<title>Remodelaron Plaza de Pl\u00e1tanos - Principios<\/title>\n<meta name=\"robots\" content=\"index, follow, max-snippet:-1, max-image-preview:large, max-video-preview:-1\" \/>\n<link rel=\"canonical\" href=\"https:\/\/diarioprincipios.com\/index.php\/2023\/04\/13\/remodelaron-plaza-de-platanos\/\" \/>\n<meta property=\"og:locale\" content=\"es_ES\" \/>\n<meta property=\"og:type\" content=\"article\" \/>\n<meta property=\"og:title\" content=\"Remodelaron Plaza de Pl\u00e1tanos - Principios\" \/>\n<meta property=\"og:description\" content=\"Pusieron en valor la Plaza Juan Mussi Padre (calle 158 e\/ 42 y 43, Pl\u00e1tanos), en el marco del Programa A jugar a la Plaza que impulsa la Fundaci\u00f3n Banco Provincia para mejorar y crear espacios de recreaci\u00f3n en las plazas bonaerenses. El intendente Juan Jos\u00e9 Mussi estuvo en el lugar, junto a Alejandro Alegretti,...\" \/>\n<meta property=\"og:url\" content=\"https:\/\/diarioprincipios.com\/index.php\/2023\/04\/13\/remodelaron-plaza-de-platanos\/\" \/>\n<meta property=\"og:site_name\" content=\"Principios\" \/>\n<meta property=\"article:published_time\" content=\"2023-04-13T13:00:37+00:00\" \/>\n<meta property=\"article:modified_time\" content=\"2023-04-28T15:57:25+00:00\" \/>\n<meta property=\"og:image\" content=\"https:\/\/diarioprincipios.com\/wp-content\/uploads\/2023\/04\/REMODELARON-PLAZA-DE-PLATANOS.jpg\" \/>\n\t<meta property=\"og:image:width\" content=\"1600\" \/>\n\t<meta property=\"og:image:height\" content=\"1066\" \/>\n\t<meta property=\"og:image:type\" content=\"image\/jpeg\" \/>\n<meta name=\"author\" content=\"Hern\u00e1n L\u00f3pez\" \/>\n<meta name=\"twitter:card\" content=\"summary_large_image\" \/>\n<meta name=\"twitter:label1\" content=\"Escrito por\" \/>\n\t<meta name=\"twitter:data1\" content=\"Hern\u00e1n L\u00f3pez\" \/>\n\t<meta name=\"twitter:label2\" content=\"Tiempo de lectura\" \/>\n\t<meta name=\"twitter:data2\" content=\"3 minutos\" \/>\n<script type=\"application\/ld+json\" class=\"yoast-schema-graph\">{\"@context\":\"https:\\\/\\\/schema.org\",\"@graph\":[{\"@type\":\"Article\",\"@id\":\"https:\\\/\\\/diarioprincipios.com\\\/index.php\\\/2023\\\/04\\\/13\\\/remodelaron-plaza-de-platanos\\\/#article\",\"isPartOf\":{\"@id\":\"https:\\\/\\\/diarioprincipios.com\\\/index.php\\\/2023\\\/04\\\/13\\\/remodelaron-plaza-de-platanos\\\/\"},\"author\":{\"name\":\"Hern\u00e1n L\u00f3pez\",\"@id\":\"https:\\\/\\\/diarioprincipios.com\\\/#\\\/schema\\\/person\\\/436d5a1fd41a5e250e23ff5a6a7cb080\"},\"headline\":\"Remodelaron Plaza de Pl\u00e1tanos\",\"datePublished\":\"2023-04-13T13:00:37+00:00\",\"dateModified\":\"2023-04-28T15:57:25+00:00\",\"mainEntityOfPage\":{\"@id\":\"https:\\\/\\\/diarioprincipios.com\\\/index.php\\\/2023\\\/04\\\/13\\\/remodelaron-plaza-de-platanos\\\/\"},\"wordCount\":471,\"commentCount\":0,\"publisher\":{\"@id\":\"https:\\\/\\\/diarioprincipios.com\\\/#organization\"},\"image\":{\"@id\":\"https:\\\/\\\/diarioprincipios.com\\\/index.php\\\/2023\\\/04\\\/13\\\/remodelaron-plaza-de-platanos\\\/#primaryimage\"},\"thumbnailUrl\":\"https:\\\/\\\/diarioprincipios.com\\\/wp-content\\\/uploads\\\/2023\\\/04\\\/REMODELARON-PLAZA-DE-PLATANOS.jpg\",\"articleSection\":[\"Berazategui\"],\"inLanguage\":\"es\",\"potentialAction\":[{\"@type\":\"CommentAction\",\"name\":\"Comment\",\"target\":[\"https:\\\/\\\/diarioprincipios.com\\\/index.php\\\/2023\\\/04\\\/13\\\/remodelaron-plaza-de-platanos\\\/#respond\"]}]},{\"@type\":\"WebPage\",\"@id\":\"https:\\\/\\\/diarioprincipios.com\\\/index.php\\\/2023\\\/04\\\/13\\\/remodelaron-plaza-de-platanos\\\/\",\"url\":\"https:\\\/\\\/diarioprincipios.com\\\/index.php\\\/2023\\\/04\\\/13\\\/remodelaron-plaza-de-platanos\\\/\",\"name\":\"Remodelaron Plaza de Pl\u00e1tanos - Principios\",\"isPartOf\":{\"@id\":\"https:\\\/\\\/diarioprincipios.com\\\/#website\"},\"primaryImageOfPage\":{\"@id\":\"https:\\\/\\\/diarioprincipios.com\\\/index.php\\\/2023\\\/04\\\/13\\\/remodelaron-plaza-de-platanos\\\/#primaryimage\"},\"image\":{\"@id\":\"https:\\\/\\\/diarioprincipios.com\\\/index.php\\\/2023\\\/04\\\/13\\\/remodelaron-plaza-de-platanos\\\/#primaryimage\"},\"thumbnailUrl\":\"https:\\\/\\\/diarioprincipios.com\\\/wp-content\\\/uploads\\\/2023\\\/04\\\/REMODELARON-PLAZA-DE-PLATANOS.jpg\",\"datePublished\":\"2023-04-13T13:00:37+00:00\",\"dateModified\":\"2023-04-28T15:57:25+00:00\",\"breadcrumb\":{\"@id\":\"https:\\\/\\\/diarioprincipios.com\\\/index.php\\\/2023\\\/04\\\/13\\\/remodelaron-plaza-de-platanos\\\/#breadcrumb\"},\"inLanguage\":\"es\",\"potentialAction\":[{\"@type\":\"ReadAction\",\"target\":[\"https:\\\/\\\/diarioprincipios.com\\\/index.php\\\/2023\\\/04\\\/13\\\/remodelaron-plaza-de-platanos\\\/\"]}]},{\"@type\":\"ImageObject\",\"inLanguage\":\"es\",\"@id\":\"https:\\\/\\\/diarioprincipios.com\\\/index.php\\\/2023\\\/04\\\/13\\\/remodelaron-plaza-de-platanos\\\/#primaryimage\",\"url\":\"https:\\\/\\\/diarioprincipios.com\\\/wp-content\\\/uploads\\\/2023\\\/04\\\/REMODELARON-PLAZA-DE-PLATANOS.jpg\",\"contentUrl\":\"https:\\\/\\\/diarioprincipios.com\\\/wp-content\\\/uploads\\\/2023\\\/04\\\/REMODELARON-PLAZA-DE-PLATANOS.jpg\",\"width\":1600,\"height\":1066},{\"@type\":\"BreadcrumbList\",\"@id\":\"https:\\\/\\\/diarioprincipios.com\\\/index.php\\\/2023\\\/04\\\/13\\\/remodelaron-plaza-de-platanos\\\/#breadcrumb\",\"itemListElement\":[{\"@type\":\"ListItem\",\"position\":1,\"name\":\"Portada\",\"item\":\"https:\\\/\\\/diarioprincipios.com\\\/\"},{\"@type\":\"ListItem\",\"position\":2,\"name\":\"Remodelaron Plaza de Pl\u00e1tanos\"}]},{\"@type\":\"WebSite\",\"@id\":\"https:\\\/\\\/diarioprincipios.com\\\/#website\",\"url\":\"https:\\\/\\\/diarioprincipios.com\\\/\",\"name\":\"Principios\",\"description\":\"Principios Diario\",\"publisher\":{\"@id\":\"https:\\\/\\\/diarioprincipios.com\\\/#organization\"},\"potentialAction\":[{\"@type\":\"SearchAction\",\"target\":{\"@type\":\"EntryPoint\",\"urlTemplate\":\"https:\\\/\\\/diarioprincipios.com\\\/?s={search_term_string}\"},\"query-input\":{\"@type\":\"PropertyValueSpecification\",\"valueRequired\":true,\"valueName\":\"search_term_string\"}}],\"inLanguage\":\"es\"},{\"@type\":\"Organization\",\"@id\":\"https:\\\/\\\/diarioprincipios.com\\\/#organization\",\"name\":\"Principios\",\"url\":\"https:\\\/\\\/diarioprincipios.com\\\/\",\"logo\":{\"@type\":\"ImageObject\",\"inLanguage\":\"es\",\"@id\":\"https:\\\/\\\/diarioprincipios.com\\\/#\\\/schema\\\/logo\\\/image\\\/\",\"url\":\"https:\\\/\\\/diarioprincipios.com\\\/wp-content\\\/uploads\\\/2024\\\/04\\\/cropped-www.diarioprincipios.com_-1.png\",\"contentUrl\":\"https:\\\/\\\/diarioprincipios.com\\\/wp-content\\\/uploads\\\/2024\\\/04\\\/cropped-www.diarioprincipios.com_-1.png\",\"width\":5325,\"height\":1454,\"caption\":\"Principios\"},\"image\":{\"@id\":\"https:\\\/\\\/diarioprincipios.com\\\/#\\\/schema\\\/logo\\\/image\\\/\"}},{\"@type\":\"Person\",\"@id\":\"https:\\\/\\\/diarioprincipios.com\\\/#\\\/schema\\\/person\\\/436d5a1fd41a5e250e23ff5a6a7cb080\",\"name\":\"Hern\u00e1n L\u00f3pez\",\"image\":{\"@type\":\"ImageObject\",\"inLanguage\":\"es\",\"@id\":\"https:\\\/\\\/diarioprincipios.com\\\/wp-content\\\/litespeed\\\/avatar\\\/11ddfe5610ff3bd100522525b2571f48.jpg?ver=1777048341\",\"url\":\"https:\\\/\\\/diarioprincipios.com\\\/wp-content\\\/litespeed\\\/avatar\\\/11ddfe5610ff3bd100522525b2571f48.jpg?ver=1777048341\",\"contentUrl\":\"https:\\\/\\\/diarioprincipios.com\\\/wp-content\\\/litespeed\\\/avatar\\\/11ddfe5610ff3bd100522525b2571f48.jpg?ver=1777048341\",\"caption\":\"Hern\u00e1n L\u00f3pez\"},\"url\":\"https:\\\/\\\/diarioprincipios.com\\\/index.php\\\/author\\\/hernan\\\/\"}]}<\/script>\n<!-- \/ Yoast SEO plugin. -->","yoast_head_json":{"title":"Remodelaron Plaza de Pl\u00e1tanos - Principios","robots":{"index":"index","follow":"follow","max-snippet":"max-snippet:-1","max-image-preview":"max-image-preview:large","max-video-preview":"max-video-preview:-1"},"canonical":"https:\/\/diarioprincipios.com\/index.php\/2023\/04\/13\/remodelaron-plaza-de-platanos\/","og_locale":"es_ES","og_type":"article","og_title":"Remodelaron Plaza de Pl\u00e1tanos - Principios","og_description":"Pusieron en valor la Plaza Juan Mussi Padre (calle 158 e\/ 42 y 43, Pl\u00e1tanos), en el marco del Programa A jugar a la Plaza que impulsa la Fundaci\u00f3n Banco Provincia para mejorar y crear espacios de recreaci\u00f3n en las plazas bonaerenses. El intendente Juan Jos\u00e9 Mussi estuvo en el lugar, junto a Alejandro Alegretti,...","og_url":"https:\/\/diarioprincipios.com\/index.php\/2023\/04\/13\/remodelaron-plaza-de-platanos\/","og_site_name":"Principios","article_published_time":"2023-04-13T13:00:37+00:00","article_modified_time":"2023-04-28T15:57:25+00:00","og_image":[{"width":1600,"height":1066,"url":"https:\/\/diarioprincipios.com\/wp-content\/uploads\/2023\/04\/REMODELARON-PLAZA-DE-PLATANOS.jpg","type":"image\/jpeg"}],"author":"Hern\u00e1n L\u00f3pez","twitter_card":"summary_large_image","twitter_misc":{"Escrito por":"Hern\u00e1n L\u00f3pez","Tiempo de lectura":"3 minutos"},"schema":{"@context":"https:\/\/schema.org","@graph":[{"@type":"Article","@id":"https:\/\/diarioprincipios.com\/index.php\/2023\/04\/13\/remodelaron-plaza-de-platanos\/#article","isPartOf":{"@id":"https:\/\/diarioprincipios.com\/index.php\/2023\/04\/13\/remodelaron-plaza-de-platanos\/"},"author":{"name":"Hern\u00e1n L\u00f3pez","@id":"https:\/\/diarioprincipios.com\/#\/schema\/person\/436d5a1fd41a5e250e23ff5a6a7cb080"},"headline":"Remodelaron Plaza de Pl\u00e1tanos","datePublished":"2023-04-13T13:00:37+00:00","dateModified":"2023-04-28T15:57:25+00:00","mainEntityOfPage":{"@id":"https:\/\/diarioprincipios.com\/index.php\/2023\/04\/13\/remodelaron-plaza-de-platanos\/"},"wordCount":471,"commentCount":0,"publisher":{"@id":"https:\/\/diarioprincipios.com\/#organization"},"image":{"@id":"https:\/\/diarioprincipios.com\/index.php\/2023\/04\/13\/remodelaron-plaza-de-platanos\/#primaryimage"},"thumbnailUrl":"https:\/\/diarioprincipios.com\/wp-content\/uploads\/2023\/04\/REMODELARON-PLAZA-DE-PLATANOS.jpg","articleSection":["Berazategui"],"inLanguage":"es","potentialAction":[{"@type":"CommentAction","name":"Comment","target":["https:\/\/diarioprincipios.com\/index.php\/2023\/04\/13\/remodelaron-plaza-de-platanos\/#respond"]}]},{"@type":"WebPage","@id":"https:\/\/diarioprincipios.com\/index.php\/2023\/04\/13\/remodelaron-plaza-de-platanos\/","url":"https:\/\/diarioprincipios.com\/index.php\/2023\/04\/13\/remodelaron-plaza-de-platanos\/","name":"Remodelaron Plaza de Pl\u00e1tanos - Principios","isPartOf":{"@id":"https:\/\/diarioprincipios.com\/#website"},"primaryImageOfPage":{"@id":"https:\/\/diarioprincipios.com\/index.php\/2023\/04\/13\/remodelaron-plaza-de-platanos\/#primaryimage"},"image":{"@id":"https:\/\/diarioprincipios.com\/index.php\/2023\/04\/13\/remodelaron-plaza-de-platanos\/#primaryimage"},"thumbnailUrl":"https:\/\/diarioprincipios.com\/wp-content\/uploads\/2023\/04\/REMODELARON-PLAZA-DE-PLATANOS.jpg","datePublished":"2023-04-13T13:00:37+00:00","dateModified":"2023-04-28T15:57:25+00:00","breadcrumb":{"@id":"https:\/\/diarioprincipios.com\/index.php\/2023\/04\/13\/remodelaron-plaza-de-platanos\/#breadcrumb"},"inLanguage":"es","potentialAction":[{"@type":"ReadAction","target":["https:\/\/diarioprincipios.com\/index.php\/2023\/04\/13\/remodelaron-plaza-de-platanos\/"]}]},{"@type":"ImageObject","inLanguage":"es","@id":"https:\/\/diarioprincipios.com\/index.php\/2023\/04\/13\/remodelaron-plaza-de-platanos\/#primaryimage","url":"https:\/\/diarioprincipios.com\/wp-content\/uploads\/2023\/04\/REMODELARON-PLAZA-DE-PLATANOS.jpg","contentUrl":"https:\/\/diarioprincipios.com\/wp-content\/uploads\/2023\/04\/REMODELARON-PLAZA-DE-PLATANOS.jpg","width":1600,"height":1066},{"@type":"BreadcrumbList","@id":"https:\/\/diarioprincipios.com\/index.php\/2023\/04\/13\/remodelaron-plaza-de-platanos\/#breadcrumb","itemListElement":[{"@type":"ListItem","position":1,"name":"Portada","item":"https:\/\/diarioprincipios.com\/"},{"@type":"ListItem","position":2,"name":"Remodelaron Plaza de Pl\u00e1tanos"}]},{"@type":"WebSite","@id":"https:\/\/diarioprincipios.com\/#website","url":"https:\/\/diarioprincipios.com\/","name":"Principios","description":"Principios Diario","publisher":{"@id":"https:\/\/diarioprincipios.com\/#organization"},"potentialAction":[{"@type":"SearchAction","target":{"@type":"EntryPoint","urlTemplate":"https:\/\/diarioprincipios.com\/?s={search_term_string}"},"query-input":{"@type":"PropertyValueSpecification","valueRequired":true,"valueName":"search_term_string"}}],"inLanguage":"es"},{"@type":"Organization","@id":"https:\/\/diarioprincipios.com\/#organization","name":"Principios","url":"https:\/\/diarioprincipios.com\/","logo":{"@type":"ImageObject","inLanguage":"es","@id":"https:\/\/diarioprincipios.com\/#\/schema\/logo\/image\/","url":"https:\/\/diarioprincipios.com\/wp-content\/uploads\/2024\/04\/cropped-www.diarioprincipios.com_-1.png","contentUrl":"https:\/\/diarioprincipios.com\/wp-content\/uploads\/2024\/04\/cropped-www.diarioprincipios.com_-1.png","width":5325,"height":1454,"caption":"Principios"},"image":{"@id":"https:\/\/diarioprincipios.com\/#\/schema\/logo\/image\/"}},{"@type":"Person","@id":"https:\/\/diarioprincipios.com\/#\/schema\/person\/436d5a1fd41a5e250e23ff5a6a7cb080","name":"Hern\u00e1n L\u00f3pez","image":{"@type":"ImageObject","inLanguage":"es","@id":"https:\/\/diarioprincipios.com\/wp-content\/litespeed\/avatar\/11ddfe5610ff3bd100522525b2571f48.jpg?ver=1777048341","url":"https:\/\/diarioprincipios.com\/wp-content\/litespeed\/avatar\/11ddfe5610ff3bd100522525b2571f48.jpg?ver=1777048341","contentUrl":"https:\/\/diarioprincipios.com\/wp-content\/litespeed\/avatar\/11ddfe5610ff3bd100522525b2571f48.jpg?ver=1777048341","caption":"Hern\u00e1n L\u00f3pez"},"url":"https:\/\/diarioprincipios.com\/index.php\/author\/hernan\/"}]}},"jetpack_featured_media_url":"https:\/\/diarioprincipios.com\/wp-content\/uploads\/2023\/04\/REMODELARON-PLAZA-DE-PLATANOS.jpg","_links":{"self":[{"href":"https:\/\/diarioprincipios.com\/index.php\/wp-json\/wp\/v2\/posts\/16539","targetHints":{"allow":["GET"]}}],"collection":[{"href":"https:\/\/diarioprincipios.com\/index.php\/wp-json\/wp\/v2\/posts"}],"about":[{"href":"https:\/\/diarioprincipios.com\/index.php\/wp-json\/wp\/v2\/types\/post"}],"author":[{"embeddable":true,"href":"https:\/\/diarioprincipios.com\/index.php\/wp-json\/wp\/v2\/users\/2"}],"replies":[{"embeddable":true,"href":"https:\/\/diarioprincipios.com\/index.php\/wp-json\/wp\/v2\/comments?post=16539"}],"version-history":[{"count":1,"href":"https:\/\/diarioprincipios.com\/index.php\/wp-json\/wp\/v2\/posts\/16539\/revisions"}],"predecessor-version":[{"id":16543,"href":"https:\/\/diarioprincipios.com\/index.php\/wp-json\/wp\/v2\/posts\/16539\/revisions\/16543"}],"wp:featuredmedia":[{"embeddable":true,"href":"https:\/\/diarioprincipios.com\/index.php\/wp-json\/wp\/v2\/media\/16540"}],"wp:attachment":[{"href":"https:\/\/diarioprincipios.com\/index.php\/wp-json\/wp\/v2\/media?parent=16539"}],"wp:term":[{"taxonomy":"category","embeddable":true,"href":"https:\/\/diarioprincipios.com\/index.php\/wp-json\/wp\/v2\/categories?post=16539"},{"taxonomy":"post_tag","embeddable":true,"href":"https:\/\/diarioprincipios.com\/index.php\/wp-json\/wp\/v2\/tags?post=16539"}],"curies":[{"name":"wp","href":"https:\/\/api.w.org\/{rel}","templated":true}]}}