{"id":16503,"date":"2023-04-11T13:11:21","date_gmt":"2023-04-11T16:11:21","guid":{"rendered":"http:\/\/diarioprincipios.com\/?p=16503"},"modified":"2023-04-28T12:51:11","modified_gmt":"2023-04-28T15:51:11","slug":"mussi-en-la-presentacion-de-linea-leasing-para-municipios-bonaerenses","status":"publish","type":"post","link":"https:\/\/diarioprincipios.com\/index.php\/2023\/04\/11\/mussi-en-la-presentacion-de-linea-leasing-para-municipios-bonaerenses\/","title":{"rendered":"Mussi en la presentaci\u00f3n de L\u00ednea Leasing para Municipios Bonaerenses"},"content":{"rendered":"\n<p><strong>El gobernador de la provincia de Buenos Aires, Axel Kicillof, encabez\u00f3 junto al presidente del Banco Provincia, Juan Cuattromo, la presentaci\u00f3n de la cuarta edici\u00f3n de la l\u00ednea de Provincia Leasing dise\u00f1ada para los municipios bonaerenses. Esta asciende a $6.000 millones para el financiamiento de bienes que permitan reforzar sus servicios de obras p\u00fablicas, salud y seguridad, entre otros. En el acto estuvo presente el intendente de Berazategui, Juan Jos\u00e9 Mussi.<\/strong><\/p>\n\n\n\n<p>En ese marco, Kicillof destac\u00f3 que \u201ccon Provincia Leasing recuperamos una herramienta que hab\u00eda sido abandonada y que nos permite acompa\u00f1ar a los municipios en la adquisici\u00f3n de bienes de capital. Este programa brinda una respuesta a los distritos que, al acceder a mejores fuentes de financiamiento, pueden proyectar obras p\u00fablicas ambiciosas y de largo alcance\u201d, agreg\u00f3.<\/p>\n\n\n\n<figure class=\"wp-block-image size-large\"><img loading=\"lazy\" decoding=\"async\" width=\"1024\" height=\"683\" src=\"https:\/\/diarioprincipios.com\/wp-content\/uploads\/2023\/04\/MUSSI-EN-LA-PRESENTACION-DE-LA-LINEA-LEASING-PARA-MUNICIPIOS-BONAERENSES-1-1024x683.jpg\" alt=\"\" class=\"wp-image-16504\" srcset=\"https:\/\/diarioprincipios.com\/wp-content\/uploads\/2023\/04\/MUSSI-EN-LA-PRESENTACION-DE-LA-LINEA-LEASING-PARA-MUNICIPIOS-BONAERENSES-1-1024x683.jpg 1024w, https:\/\/diarioprincipios.com\/wp-content\/uploads\/2023\/04\/MUSSI-EN-LA-PRESENTACION-DE-LA-LINEA-LEASING-PARA-MUNICIPIOS-BONAERENSES-1-300x200.jpg 300w, https:\/\/diarioprincipios.com\/wp-content\/uploads\/2023\/04\/MUSSI-EN-LA-PRESENTACION-DE-LA-LINEA-LEASING-PARA-MUNICIPIOS-BONAERENSES-1-768x512.jpg 768w, https:\/\/diarioprincipios.com\/wp-content\/uploads\/2023\/04\/MUSSI-EN-LA-PRESENTACION-DE-LA-LINEA-LEASING-PARA-MUNICIPIOS-BONAERENSES-1-1536x1024.jpg 1536w, https:\/\/diarioprincipios.com\/wp-content\/uploads\/2023\/04\/MUSSI-EN-LA-PRESENTACION-DE-LA-LINEA-LEASING-PARA-MUNICIPIOS-BONAERENSES-1.jpg 1920w\" sizes=\"auto, (max-width: 1024px) 100vw, 1024px\" \/><\/figure>\n\n\n\n<p>Municipios Bonaerenses 2023 duplica el monto otorgado durante el a\u00f1o pasado: la nueva l\u00ednea financia la adquisici\u00f3n del bien al 100%, con plazos de entre 24 y 61 meses, una tasa BADLAR +9 o +9,5 puntos seg\u00fan el plazo. En los \u00faltimos tres\u202fa\u00f1os, el Gobierno provincial asisti\u00f3 con esta herramienta a m\u00e1s\u202fde 85 distritos por m\u00e1s de $\u202f6.000 millones, equivalentes a la entrega de m\u00e1s de 12.600 bienes, entre veh\u00edculos, computadoras y accesorios, equipamiento m\u00e9dico, maquinaria vial y luminaria.<\/p>\n\n\n\n<p>Al respecto, Mussi destac\u00f3: \u201cGracias a la nueva L\u00ednea de Provincia Leasing Municipios Bonaerenses 2023 vamos a poder acceder a cr\u00e9ditos para la compra de bienes que nos permitir\u00e1, no solo mejorar sino tambi\u00e9n ampliar los servicios que le damos a los vecinos y vecinas de Berazategui. Agradezco al gobernador Axel Kicillof por darnos la oportunidad de que, todos los d\u00edas, nuestra Patria Chica pueda estar un poco mejor en beneficio de los y las berazateguenses\u201d.<\/p>\n\n\n\n<p>Por su parte, Cuattromo explic\u00f3 que \u201cProvincia Leasing es una herramienta que acompa\u00f1a y contribuye a la gesti\u00f3n municipal y que se caracteriza por la velocidad en la ejecuci\u00f3n de los diferentes tipos de financiamiento. Para nosotros es muy importante que el Banco Provincia asuma el compromiso de ofrecer una herramienta que est\u00e9 a la altura de lo que necesitan los distritos para seguir mejorando las condiciones de vida de nuestra poblaci\u00f3n\u201d, subray\u00f3.<\/p>\n\n\n\n<figure class=\"wp-block-image size-large\"><img loading=\"lazy\" decoding=\"async\" width=\"1024\" height=\"575\" src=\"https:\/\/diarioprincipios.com\/wp-content\/uploads\/2023\/04\/MUSSI-EN-LA-PRESENTACION-DE-LA-LINEA-LEASING-PARA-MUNICIPIOS-BONAERENSES-3-1024x575.jpg\" alt=\"\" class=\"wp-image-16506\" srcset=\"https:\/\/diarioprincipios.com\/wp-content\/uploads\/2023\/04\/MUSSI-EN-LA-PRESENTACION-DE-LA-LINEA-LEASING-PARA-MUNICIPIOS-BONAERENSES-3-1024x575.jpg 1024w, https:\/\/diarioprincipios.com\/wp-content\/uploads\/2023\/04\/MUSSI-EN-LA-PRESENTACION-DE-LA-LINEA-LEASING-PARA-MUNICIPIOS-BONAERENSES-3-300x169.jpg 300w, https:\/\/diarioprincipios.com\/wp-content\/uploads\/2023\/04\/MUSSI-EN-LA-PRESENTACION-DE-LA-LINEA-LEASING-PARA-MUNICIPIOS-BONAERENSES-3-768x431.jpg 768w, https:\/\/diarioprincipios.com\/wp-content\/uploads\/2023\/04\/MUSSI-EN-LA-PRESENTACION-DE-LA-LINEA-LEASING-PARA-MUNICIPIOS-BONAERENSES-3-1536x863.jpg 1536w, https:\/\/diarioprincipios.com\/wp-content\/uploads\/2023\/04\/MUSSI-EN-LA-PRESENTACION-DE-LA-LINEA-LEASING-PARA-MUNICIPIOS-BONAERENSES-3.jpg 1755w\" sizes=\"auto, (max-width: 1024px) 100vw, 1024px\" \/><\/figure>\n\n\n\n<p>Estuvieron presentes el vicepresidente del Banco Provincia, Daniel Barrera; el gerente general, Rub\u00e9n Gonz\u00e1lez Ocantos; el vicepresidente de Provincia Servicios Financieros, Fernando Gelfo; y la presidenta de Provincia Leasing, Valeria Dallera.<\/p>\n\n\n\n<p>Tambi\u00e9n participaron los intendentes de Brandsen, Daniel Cappelletti; General Alvear, Ram\u00f3n Capra; General Belgrano, Osvaldo Din\u00e1poli; General Lavalle, Jos\u00e9 Rodr\u00edguez Ponte; Lezama, Arnaldo Harispe; Magdalena, Gonzalo Peluso; Maip\u00fa, Mat\u00edas Rappallini; Merlo, Karina Men\u00e9ndez; Monte, Jos\u00e9 Castro; Moreno, Mariel Fern\u00e1ndez; Pilar, Federico Achaval; Quilmes, Mayra Mendoza; Ramallo, Gustavo Peri\u00e9; Rauch, Maximiliano Suescun; Rivadavia, Javier Reynoso; Saladillo, Jos\u00e9 Luis Salom\u00f3n; Salliquel\u00f3, Juan Miguel Nosetti; San Andr\u00e9s de Giles, Miguel Gesualdi; San Cayetano, Miguel \u00c1ngel Gargaglione; San Vicente, Nicol\u00e1s Mantegazza; Suipacha, Alejandro Federico; Tandil, Miguel \u00c1ngel Lunghi; Tigre, Julio Zamora; Las Flores, Alberto Gelen\u00e9; Benito Ju\u00e1rez, Julio Marini; de Col\u00f3n, Ricardo Casi, de Roque P\u00e9rez, el intendente interino Jos\u00e9 Luis Horna; Almirante Brown, Juan Jos\u00e9 Fabiani; Navarro, Facundo Diz; y Avellaneda, Jorge Ferraresi; adem\u00e1s del secretario de Obras P\u00fablicas de Ezeiza, Gast\u00f3n Granados.<\/p>\n\n\n\n<p>Adem\u00e1s, participaron el diputado nacional, Daniel Gollan; el diputado provincial, Cuto Moreno; la legisladora provincial, Natalia S\u00e1nchez J\u00e1uregui; y la concejala Paula Lambertini.<\/p>\n","protected":false},"excerpt":{"rendered":"<p>El gobernador de la provincia de Buenos Aires, Axel Kicillof, encabez\u00f3 junto al presidente del Banco Provincia, Juan Cuattromo, la presentaci\u00f3n de la cuarta edici\u00f3n de la l\u00ednea de Provincia Leasing dise\u00f1ada para los municipios bonaerenses. Esta asciende a $6.000 millones para el financiamiento de bienes que permitan reforzar sus servicios de obras p\u00fablicas, salud&#8230;<\/p>\n","protected":false},"author":2,"featured_media":16507,"comment_status":"open","ping_status":"open","sticky":false,"template":"","format":"standard","meta":{"footnotes":""},"categories":[7],"tags":[],"class_list":["post-16503","post","type-post","status-publish","format-standard","has-post-thumbnail","hentry","category-provincia"],"featured_image_src":"https:\/\/diarioprincipios.com\/wp-content\/uploads\/2023\/04\/MUSSI-EN-LA-PRESENTACION-DE-LA-LINEA-LEASING-PARA-MUNICIPIOS-BONAERENSES-2-1-1024x683.jpg","blog_images":{"medium":"https:\/\/diarioprincipios.com\/wp-content\/uploads\/2023\/04\/MUSSI-EN-LA-PRESENTACION-DE-LA-LINEA-LEASING-PARA-MUNICIPIOS-BONAERENSES-2-1-300x200.jpg","large":"https:\/\/diarioprincipios.com\/wp-content\/uploads\/2023\/04\/MUSSI-EN-LA-PRESENTACION-DE-LA-LINEA-LEASING-PARA-MUNICIPIOS-BONAERENSES-2-1-1024x683.jpg"},"ams_acf":[],"yoast_head":"<!-- This site is optimized with the Yoast SEO plugin v27.3 - https:\/\/yoast.com\/product\/yoast-seo-wordpress\/ -->\n<title>Mussi en la presentaci\u00f3n de L\u00ednea Leasing para Municipios Bonaerenses - Principios<\/title>\n<meta name=\"robots\" content=\"index, follow, max-snippet:-1, max-image-preview:large, max-video-preview:-1\" \/>\n<link rel=\"canonical\" href=\"https:\/\/diarioprincipios.com\/index.php\/2023\/04\/11\/mussi-en-la-presentacion-de-linea-leasing-para-municipios-bonaerenses\/\" \/>\n<meta property=\"og:locale\" content=\"es_ES\" \/>\n<meta property=\"og:type\" content=\"article\" \/>\n<meta property=\"og:title\" content=\"Mussi en la presentaci\u00f3n de L\u00ednea Leasing para Municipios Bonaerenses - Principios\" \/>\n<meta property=\"og:description\" content=\"El gobernador de la provincia de Buenos Aires, Axel Kicillof, encabez\u00f3 junto al presidente del Banco Provincia, Juan Cuattromo, la presentaci\u00f3n de la cuarta edici\u00f3n de la l\u00ednea de Provincia Leasing dise\u00f1ada para los municipios bonaerenses. Esta asciende a $6.000 millones para el financiamiento de bienes que permitan reforzar sus servicios de obras p\u00fablicas, salud...\" \/>\n<meta property=\"og:url\" content=\"https:\/\/diarioprincipios.com\/index.php\/2023\/04\/11\/mussi-en-la-presentacion-de-linea-leasing-para-municipios-bonaerenses\/\" \/>\n<meta property=\"og:site_name\" content=\"Principios\" \/>\n<meta property=\"article:published_time\" content=\"2023-04-11T16:11:21+00:00\" \/>\n<meta property=\"article:modified_time\" content=\"2023-04-28T15:51:11+00:00\" \/>\n<meta property=\"og:image\" content=\"https:\/\/diarioprincipios.com\/wp-content\/uploads\/2023\/04\/MUSSI-EN-LA-PRESENTACION-DE-LA-LINEA-LEASING-PARA-MUNICIPIOS-BONAERENSES-2-1.jpg\" \/>\n\t<meta property=\"og:image:width\" content=\"1920\" \/>\n\t<meta property=\"og:image:height\" content=\"1280\" \/>\n\t<meta property=\"og:image:type\" content=\"image\/jpeg\" \/>\n<meta name=\"author\" content=\"Hern\u00e1n L\u00f3pez\" \/>\n<meta name=\"twitter:card\" content=\"summary_large_image\" \/>\n<meta name=\"twitter:label1\" content=\"Escrito por\" \/>\n\t<meta name=\"twitter:data1\" content=\"Hern\u00e1n L\u00f3pez\" \/>\n\t<meta name=\"twitter:label2\" content=\"Tiempo de lectura\" \/>\n\t<meta name=\"twitter:data2\" content=\"3 minutos\" \/>\n<script type=\"application\/ld+json\" class=\"yoast-schema-graph\">{\"@context\":\"https:\\\/\\\/schema.org\",\"@graph\":[{\"@type\":\"Article\",\"@id\":\"https:\\\/\\\/diarioprincipios.com\\\/index.php\\\/2023\\\/04\\\/11\\\/mussi-en-la-presentacion-de-linea-leasing-para-municipios-bonaerenses\\\/#article\",\"isPartOf\":{\"@id\":\"https:\\\/\\\/diarioprincipios.com\\\/index.php\\\/2023\\\/04\\\/11\\\/mussi-en-la-presentacion-de-linea-leasing-para-municipios-bonaerenses\\\/\"},\"author\":{\"name\":\"Hern\u00e1n L\u00f3pez\",\"@id\":\"https:\\\/\\\/diarioprincipios.com\\\/#\\\/schema\\\/person\\\/436d5a1fd41a5e250e23ff5a6a7cb080\"},\"headline\":\"Mussi en la presentaci\u00f3n de L\u00ednea Leasing para Municipios Bonaerenses\",\"datePublished\":\"2023-04-11T16:11:21+00:00\",\"dateModified\":\"2023-04-28T15:51:11+00:00\",\"mainEntityOfPage\":{\"@id\":\"https:\\\/\\\/diarioprincipios.com\\\/index.php\\\/2023\\\/04\\\/11\\\/mussi-en-la-presentacion-de-linea-leasing-para-municipios-bonaerenses\\\/\"},\"wordCount\":591,\"commentCount\":0,\"publisher\":{\"@id\":\"https:\\\/\\\/diarioprincipios.com\\\/#organization\"},\"image\":{\"@id\":\"https:\\\/\\\/diarioprincipios.com\\\/index.php\\\/2023\\\/04\\\/11\\\/mussi-en-la-presentacion-de-linea-leasing-para-municipios-bonaerenses\\\/#primaryimage\"},\"thumbnailUrl\":\"https:\\\/\\\/diarioprincipios.com\\\/wp-content\\\/uploads\\\/2023\\\/04\\\/MUSSI-EN-LA-PRESENTACION-DE-LA-LINEA-LEASING-PARA-MUNICIPIOS-BONAERENSES-2-1.jpg\",\"articleSection\":[\"Provincia\"],\"inLanguage\":\"es\",\"potentialAction\":[{\"@type\":\"CommentAction\",\"name\":\"Comment\",\"target\":[\"https:\\\/\\\/diarioprincipios.com\\\/index.php\\\/2023\\\/04\\\/11\\\/mussi-en-la-presentacion-de-linea-leasing-para-municipios-bonaerenses\\\/#respond\"]}]},{\"@type\":\"WebPage\",\"@id\":\"https:\\\/\\\/diarioprincipios.com\\\/index.php\\\/2023\\\/04\\\/11\\\/mussi-en-la-presentacion-de-linea-leasing-para-municipios-bonaerenses\\\/\",\"url\":\"https:\\\/\\\/diarioprincipios.com\\\/index.php\\\/2023\\\/04\\\/11\\\/mussi-en-la-presentacion-de-linea-leasing-para-municipios-bonaerenses\\\/\",\"name\":\"Mussi en la presentaci\u00f3n de L\u00ednea Leasing para Municipios Bonaerenses - Principios\",\"isPartOf\":{\"@id\":\"https:\\\/\\\/diarioprincipios.com\\\/#website\"},\"primaryImageOfPage\":{\"@id\":\"https:\\\/\\\/diarioprincipios.com\\\/index.php\\\/2023\\\/04\\\/11\\\/mussi-en-la-presentacion-de-linea-leasing-para-municipios-bonaerenses\\\/#primaryimage\"},\"image\":{\"@id\":\"https:\\\/\\\/diarioprincipios.com\\\/index.php\\\/2023\\\/04\\\/11\\\/mussi-en-la-presentacion-de-linea-leasing-para-municipios-bonaerenses\\\/#primaryimage\"},\"thumbnailUrl\":\"https:\\\/\\\/diarioprincipios.com\\\/wp-content\\\/uploads\\\/2023\\\/04\\\/MUSSI-EN-LA-PRESENTACION-DE-LA-LINEA-LEASING-PARA-MUNICIPIOS-BONAERENSES-2-1.jpg\",\"datePublished\":\"2023-04-11T16:11:21+00:00\",\"dateModified\":\"2023-04-28T15:51:11+00:00\",\"breadcrumb\":{\"@id\":\"https:\\\/\\\/diarioprincipios.com\\\/index.php\\\/2023\\\/04\\\/11\\\/mussi-en-la-presentacion-de-linea-leasing-para-municipios-bonaerenses\\\/#breadcrumb\"},\"inLanguage\":\"es\",\"potentialAction\":[{\"@type\":\"ReadAction\",\"target\":[\"https:\\\/\\\/diarioprincipios.com\\\/index.php\\\/2023\\\/04\\\/11\\\/mussi-en-la-presentacion-de-linea-leasing-para-municipios-bonaerenses\\\/\"]}]},{\"@type\":\"ImageObject\",\"inLanguage\":\"es\",\"@id\":\"https:\\\/\\\/diarioprincipios.com\\\/index.php\\\/2023\\\/04\\\/11\\\/mussi-en-la-presentacion-de-linea-leasing-para-municipios-bonaerenses\\\/#primaryimage\",\"url\":\"https:\\\/\\\/diarioprincipios.com\\\/wp-content\\\/uploads\\\/2023\\\/04\\\/MUSSI-EN-LA-PRESENTACION-DE-LA-LINEA-LEASING-PARA-MUNICIPIOS-BONAERENSES-2-1.jpg\",\"contentUrl\":\"https:\\\/\\\/diarioprincipios.com\\\/wp-content\\\/uploads\\\/2023\\\/04\\\/MUSSI-EN-LA-PRESENTACION-DE-LA-LINEA-LEASING-PARA-MUNICIPIOS-BONAERENSES-2-1.jpg\",\"width\":1920,\"height\":1280},{\"@type\":\"BreadcrumbList\",\"@id\":\"https:\\\/\\\/diarioprincipios.com\\\/index.php\\\/2023\\\/04\\\/11\\\/mussi-en-la-presentacion-de-linea-leasing-para-municipios-bonaerenses\\\/#breadcrumb\",\"itemListElement\":[{\"@type\":\"ListItem\",\"position\":1,\"name\":\"Portada\",\"item\":\"https:\\\/\\\/diarioprincipios.com\\\/\"},{\"@type\":\"ListItem\",\"position\":2,\"name\":\"Mussi en la presentaci\u00f3n de L\u00ednea Leasing para Municipios Bonaerenses\"}]},{\"@type\":\"WebSite\",\"@id\":\"https:\\\/\\\/diarioprincipios.com\\\/#website\",\"url\":\"https:\\\/\\\/diarioprincipios.com\\\/\",\"name\":\"Principios\",\"description\":\"Principios Diario\",\"publisher\":{\"@id\":\"https:\\\/\\\/diarioprincipios.com\\\/#organization\"},\"potentialAction\":[{\"@type\":\"SearchAction\",\"target\":{\"@type\":\"EntryPoint\",\"urlTemplate\":\"https:\\\/\\\/diarioprincipios.com\\\/?s={search_term_string}\"},\"query-input\":{\"@type\":\"PropertyValueSpecification\",\"valueRequired\":true,\"valueName\":\"search_term_string\"}}],\"inLanguage\":\"es\"},{\"@type\":\"Organization\",\"@id\":\"https:\\\/\\\/diarioprincipios.com\\\/#organization\",\"name\":\"Principios\",\"url\":\"https:\\\/\\\/diarioprincipios.com\\\/\",\"logo\":{\"@type\":\"ImageObject\",\"inLanguage\":\"es\",\"@id\":\"https:\\\/\\\/diarioprincipios.com\\\/#\\\/schema\\\/logo\\\/image\\\/\",\"url\":\"https:\\\/\\\/diarioprincipios.com\\\/wp-content\\\/uploads\\\/2024\\\/04\\\/cropped-www.diarioprincipios.com_-1.png\",\"contentUrl\":\"https:\\\/\\\/diarioprincipios.com\\\/wp-content\\\/uploads\\\/2024\\\/04\\\/cropped-www.diarioprincipios.com_-1.png\",\"width\":5325,\"height\":1454,\"caption\":\"Principios\"},\"image\":{\"@id\":\"https:\\\/\\\/diarioprincipios.com\\\/#\\\/schema\\\/logo\\\/image\\\/\"}},{\"@type\":\"Person\",\"@id\":\"https:\\\/\\\/diarioprincipios.com\\\/#\\\/schema\\\/person\\\/436d5a1fd41a5e250e23ff5a6a7cb080\",\"name\":\"Hern\u00e1n L\u00f3pez\",\"image\":{\"@type\":\"ImageObject\",\"inLanguage\":\"es\",\"@id\":\"https:\\\/\\\/diarioprincipios.com\\\/wp-content\\\/litespeed\\\/avatar\\\/11ddfe5610ff3bd100522525b2571f48.jpg?ver=1777048341\",\"url\":\"https:\\\/\\\/diarioprincipios.com\\\/wp-content\\\/litespeed\\\/avatar\\\/11ddfe5610ff3bd100522525b2571f48.jpg?ver=1777048341\",\"contentUrl\":\"https:\\\/\\\/diarioprincipios.com\\\/wp-content\\\/litespeed\\\/avatar\\\/11ddfe5610ff3bd100522525b2571f48.jpg?ver=1777048341\",\"caption\":\"Hern\u00e1n L\u00f3pez\"},\"url\":\"https:\\\/\\\/diarioprincipios.com\\\/index.php\\\/author\\\/hernan\\\/\"}]}<\/script>\n<!-- \/ Yoast SEO plugin. -->","yoast_head_json":{"title":"Mussi en la presentaci\u00f3n de L\u00ednea Leasing para Municipios Bonaerenses - Principios","robots":{"index":"index","follow":"follow","max-snippet":"max-snippet:-1","max-image-preview":"max-image-preview:large","max-video-preview":"max-video-preview:-1"},"canonical":"https:\/\/diarioprincipios.com\/index.php\/2023\/04\/11\/mussi-en-la-presentacion-de-linea-leasing-para-municipios-bonaerenses\/","og_locale":"es_ES","og_type":"article","og_title":"Mussi en la presentaci\u00f3n de L\u00ednea Leasing para Municipios Bonaerenses - Principios","og_description":"El gobernador de la provincia de Buenos Aires, Axel Kicillof, encabez\u00f3 junto al presidente del Banco Provincia, Juan Cuattromo, la presentaci\u00f3n de la cuarta edici\u00f3n de la l\u00ednea de Provincia Leasing dise\u00f1ada para los municipios bonaerenses. Esta asciende a $6.000 millones para el financiamiento de bienes que permitan reforzar sus servicios de obras p\u00fablicas, salud...","og_url":"https:\/\/diarioprincipios.com\/index.php\/2023\/04\/11\/mussi-en-la-presentacion-de-linea-leasing-para-municipios-bonaerenses\/","og_site_name":"Principios","article_published_time":"2023-04-11T16:11:21+00:00","article_modified_time":"2023-04-28T15:51:11+00:00","og_image":[{"width":1920,"height":1280,"url":"https:\/\/diarioprincipios.com\/wp-content\/uploads\/2023\/04\/MUSSI-EN-LA-PRESENTACION-DE-LA-LINEA-LEASING-PARA-MUNICIPIOS-BONAERENSES-2-1.jpg","type":"image\/jpeg"}],"author":"Hern\u00e1n L\u00f3pez","twitter_card":"summary_large_image","twitter_misc":{"Escrito por":"Hern\u00e1n L\u00f3pez","Tiempo de lectura":"3 minutos"},"schema":{"@context":"https:\/\/schema.org","@graph":[{"@type":"Article","@id":"https:\/\/diarioprincipios.com\/index.php\/2023\/04\/11\/mussi-en-la-presentacion-de-linea-leasing-para-municipios-bonaerenses\/#article","isPartOf":{"@id":"https:\/\/diarioprincipios.com\/index.php\/2023\/04\/11\/mussi-en-la-presentacion-de-linea-leasing-para-municipios-bonaerenses\/"},"author":{"name":"Hern\u00e1n L\u00f3pez","@id":"https:\/\/diarioprincipios.com\/#\/schema\/person\/436d5a1fd41a5e250e23ff5a6a7cb080"},"headline":"Mussi en la presentaci\u00f3n de L\u00ednea Leasing para Municipios Bonaerenses","datePublished":"2023-04-11T16:11:21+00:00","dateModified":"2023-04-28T15:51:11+00:00","mainEntityOfPage":{"@id":"https:\/\/diarioprincipios.com\/index.php\/2023\/04\/11\/mussi-en-la-presentacion-de-linea-leasing-para-municipios-bonaerenses\/"},"wordCount":591,"commentCount":0,"publisher":{"@id":"https:\/\/diarioprincipios.com\/#organization"},"image":{"@id":"https:\/\/diarioprincipios.com\/index.php\/2023\/04\/11\/mussi-en-la-presentacion-de-linea-leasing-para-municipios-bonaerenses\/#primaryimage"},"thumbnailUrl":"https:\/\/diarioprincipios.com\/wp-content\/uploads\/2023\/04\/MUSSI-EN-LA-PRESENTACION-DE-LA-LINEA-LEASING-PARA-MUNICIPIOS-BONAERENSES-2-1.jpg","articleSection":["Provincia"],"inLanguage":"es","potentialAction":[{"@type":"CommentAction","name":"Comment","target":["https:\/\/diarioprincipios.com\/index.php\/2023\/04\/11\/mussi-en-la-presentacion-de-linea-leasing-para-municipios-bonaerenses\/#respond"]}]},{"@type":"WebPage","@id":"https:\/\/diarioprincipios.com\/index.php\/2023\/04\/11\/mussi-en-la-presentacion-de-linea-leasing-para-municipios-bonaerenses\/","url":"https:\/\/diarioprincipios.com\/index.php\/2023\/04\/11\/mussi-en-la-presentacion-de-linea-leasing-para-municipios-bonaerenses\/","name":"Mussi en la presentaci\u00f3n de L\u00ednea Leasing para Municipios Bonaerenses - Principios","isPartOf":{"@id":"https:\/\/diarioprincipios.com\/#website"},"primaryImageOfPage":{"@id":"https:\/\/diarioprincipios.com\/index.php\/2023\/04\/11\/mussi-en-la-presentacion-de-linea-leasing-para-municipios-bonaerenses\/#primaryimage"},"image":{"@id":"https:\/\/diarioprincipios.com\/index.php\/2023\/04\/11\/mussi-en-la-presentacion-de-linea-leasing-para-municipios-bonaerenses\/#primaryimage"},"thumbnailUrl":"https:\/\/diarioprincipios.com\/wp-content\/uploads\/2023\/04\/MUSSI-EN-LA-PRESENTACION-DE-LA-LINEA-LEASING-PARA-MUNICIPIOS-BONAERENSES-2-1.jpg","datePublished":"2023-04-11T16:11:21+00:00","dateModified":"2023-04-28T15:51:11+00:00","breadcrumb":{"@id":"https:\/\/diarioprincipios.com\/index.php\/2023\/04\/11\/mussi-en-la-presentacion-de-linea-leasing-para-municipios-bonaerenses\/#breadcrumb"},"inLanguage":"es","potentialAction":[{"@type":"ReadAction","target":["https:\/\/diarioprincipios.com\/index.php\/2023\/04\/11\/mussi-en-la-presentacion-de-linea-leasing-para-municipios-bonaerenses\/"]}]},{"@type":"ImageObject","inLanguage":"es","@id":"https:\/\/diarioprincipios.com\/index.php\/2023\/04\/11\/mussi-en-la-presentacion-de-linea-leasing-para-municipios-bonaerenses\/#primaryimage","url":"https:\/\/diarioprincipios.com\/wp-content\/uploads\/2023\/04\/MUSSI-EN-LA-PRESENTACION-DE-LA-LINEA-LEASING-PARA-MUNICIPIOS-BONAERENSES-2-1.jpg","contentUrl":"https:\/\/diarioprincipios.com\/wp-content\/uploads\/2023\/04\/MUSSI-EN-LA-PRESENTACION-DE-LA-LINEA-LEASING-PARA-MUNICIPIOS-BONAERENSES-2-1.jpg","width":1920,"height":1280},{"@type":"BreadcrumbList","@id":"https:\/\/diarioprincipios.com\/index.php\/2023\/04\/11\/mussi-en-la-presentacion-de-linea-leasing-para-municipios-bonaerenses\/#breadcrumb","itemListElement":[{"@type":"ListItem","position":1,"name":"Portada","item":"https:\/\/diarioprincipios.com\/"},{"@type":"ListItem","position":2,"name":"Mussi en la presentaci\u00f3n de L\u00ednea Leasing para Municipios Bonaerenses"}]},{"@type":"WebSite","@id":"https:\/\/diarioprincipios.com\/#website","url":"https:\/\/diarioprincipios.com\/","name":"Principios","description":"Principios Diario","publisher":{"@id":"https:\/\/diarioprincipios.com\/#organization"},"potentialAction":[{"@type":"SearchAction","target":{"@type":"EntryPoint","urlTemplate":"https:\/\/diarioprincipios.com\/?s={search_term_string}"},"query-input":{"@type":"PropertyValueSpecification","valueRequired":true,"valueName":"search_term_string"}}],"inLanguage":"es"},{"@type":"Organization","@id":"https:\/\/diarioprincipios.com\/#organization","name":"Principios","url":"https:\/\/diarioprincipios.com\/","logo":{"@type":"ImageObject","inLanguage":"es","@id":"https:\/\/diarioprincipios.com\/#\/schema\/logo\/image\/","url":"https:\/\/diarioprincipios.com\/wp-content\/uploads\/2024\/04\/cropped-www.diarioprincipios.com_-1.png","contentUrl":"https:\/\/diarioprincipios.com\/wp-content\/uploads\/2024\/04\/cropped-www.diarioprincipios.com_-1.png","width":5325,"height":1454,"caption":"Principios"},"image":{"@id":"https:\/\/diarioprincipios.com\/#\/schema\/logo\/image\/"}},{"@type":"Person","@id":"https:\/\/diarioprincipios.com\/#\/schema\/person\/436d5a1fd41a5e250e23ff5a6a7cb080","name":"Hern\u00e1n L\u00f3pez","image":{"@type":"ImageObject","inLanguage":"es","@id":"https:\/\/diarioprincipios.com\/wp-content\/litespeed\/avatar\/11ddfe5610ff3bd100522525b2571f48.jpg?ver=1777048341","url":"https:\/\/diarioprincipios.com\/wp-content\/litespeed\/avatar\/11ddfe5610ff3bd100522525b2571f48.jpg?ver=1777048341","contentUrl":"https:\/\/diarioprincipios.com\/wp-content\/litespeed\/avatar\/11ddfe5610ff3bd100522525b2571f48.jpg?ver=1777048341","caption":"Hern\u00e1n L\u00f3pez"},"url":"https:\/\/diarioprincipios.com\/index.php\/author\/hernan\/"}]}},"jetpack_featured_media_url":"https:\/\/diarioprincipios.com\/wp-content\/uploads\/2023\/04\/MUSSI-EN-LA-PRESENTACION-DE-LA-LINEA-LEASING-PARA-MUNICIPIOS-BONAERENSES-2-1.jpg","_links":{"self":[{"href":"https:\/\/diarioprincipios.com\/index.php\/wp-json\/wp\/v2\/posts\/16503","targetHints":{"allow":["GET"]}}],"collection":[{"href":"https:\/\/diarioprincipios.com\/index.php\/wp-json\/wp\/v2\/posts"}],"about":[{"href":"https:\/\/diarioprincipios.com\/index.php\/wp-json\/wp\/v2\/types\/post"}],"author":[{"embeddable":true,"href":"https:\/\/diarioprincipios.com\/index.php\/wp-json\/wp\/v2\/users\/2"}],"replies":[{"embeddable":true,"href":"https:\/\/diarioprincipios.com\/index.php\/wp-json\/wp\/v2\/comments?post=16503"}],"version-history":[{"count":1,"href":"https:\/\/diarioprincipios.com\/index.php\/wp-json\/wp\/v2\/posts\/16503\/revisions"}],"predecessor-version":[{"id":16508,"href":"https:\/\/diarioprincipios.com\/index.php\/wp-json\/wp\/v2\/posts\/16503\/revisions\/16508"}],"wp:featuredmedia":[{"embeddable":true,"href":"https:\/\/diarioprincipios.com\/index.php\/wp-json\/wp\/v2\/media\/16507"}],"wp:attachment":[{"href":"https:\/\/diarioprincipios.com\/index.php\/wp-json\/wp\/v2\/media?parent=16503"}],"wp:term":[{"taxonomy":"category","embeddable":true,"href":"https:\/\/diarioprincipios.com\/index.php\/wp-json\/wp\/v2\/categories?post=16503"},{"taxonomy":"post_tag","embeddable":true,"href":"https:\/\/diarioprincipios.com\/index.php\/wp-json\/wp\/v2\/tags?post=16503"}],"curies":[{"name":"wp","href":"https:\/\/api.w.org\/{rel}","templated":true}]}}