{"id":16469,"date":"2023-04-06T13:53:56","date_gmt":"2023-04-06T16:53:56","guid":{"rendered":"http:\/\/diarioprincipios.com\/?p=16469"},"modified":"2023-04-28T12:50:26","modified_gmt":"2023-04-28T15:50:26","slug":"mussi-en-la-inauguracion-del-centro-regional-universitario-de-ituzaingo","status":"publish","type":"post","link":"https:\/\/diarioprincipios.com\/index.php\/2023\/04\/06\/mussi-en-la-inauguracion-del-centro-regional-universitario-de-ituzaingo\/","title":{"rendered":"Mussi en la inauguraci\u00f3n del Centro Regional Universitario de Ituzaing\u00f3"},"content":{"rendered":"\n<p><strong>El Intendente Juan Jos\u00e9 Mussi asisti\u00f3 a la ceremonia de inauguraci\u00f3n del primer establecimiento de educaci\u00f3n superior del Municipio de Ituzaing\u00f3: el Centro Regional Universitario. El acto fue encabezado por el jefe comunal de esa ciudad, Alberto Descalzo; acompa\u00f1ado por los ministros nacionales de Obras P\u00fablicas, Gabriel Katopodis; y de Educaci\u00f3n, Jaime Perczyk; adem\u00e1s del rector de la Universidad Nacional de La Matanza, Daniel Mart\u00ednez.<\/strong><\/p>\n\n\n\n<p>Se trata de un hito en la historia de ese distrito, que garantiza el derecho fundamental de todas las personas a acceder a una educaci\u00f3n p\u00fablica, gratuita y de calidad.<\/p>\n\n\n\n<p>Cabe recordar que, hace unas semanas, Mussi anunci\u00f3 la creaci\u00f3n de una sede de la Universidad Nacional Arturo Jauretche en Berazategui, que ser\u00e1 la primera universidad p\u00fablica en instalarse en el distrito.<\/p>\n\n\n\n<p>Al respecto de la inauguraci\u00f3n en Ituzaing\u00f3, Katopodis manifest\u00f3: \u201cEs un d\u00eda de mucha alegr\u00eda, hay que guardarlo en el coraz\u00f3n. No todos los d\u00edas se pone en marcha una Universidad. Este es un paso muy importante; estamos muy orgullosos, junto al intendente Juan Jos\u00e9 Mussi, porque sabemos lo que significa el inicio de un proyecto universitario como este, que arranca con mucha fuerza\u201d.<\/p>\n\n\n\n<p>Tras el encuentro, Mussi agradeci\u00f3 la invitaci\u00f3n del intendente Alberto Descalzo y destac\u00f3: \u201cSiempre celebro la creaci\u00f3n de nuevos espacios destinados a la educaci\u00f3n p\u00fablica, que permiten que m\u00e1s personas puedan tener igualdad de oportunidades\u201d.<\/p>\n\n\n\n<p>Por su parte, Descalzo expres\u00f3: \u201cSo\u00f1amos mucho con todos los que participaron en querer tener una Universidad. Hoy coronamos ese sue\u00f1o de nuestros docentes, vecinos y vecinas. Este lugar va a llenarse de alumnos y alumnas, que vienen con sus propios sue\u00f1os. Es una herramienta necesaria para que nuestros pibes y pibas puedan pensar por s\u00ed mismos\u201d.<\/p>\n","protected":false},"excerpt":{"rendered":"<p>El Intendente Juan Jos\u00e9 Mussi asisti\u00f3 a la ceremonia de inauguraci\u00f3n del primer establecimiento de educaci\u00f3n superior del Municipio de Ituzaing\u00f3: el Centro Regional Universitario. El acto fue encabezado por el jefe comunal de esa ciudad, Alberto Descalzo; acompa\u00f1ado por los ministros nacionales de Obras P\u00fablicas, Gabriel Katopodis; y de Educaci\u00f3n, Jaime Perczyk; adem\u00e1s del&#8230;<\/p>\n","protected":false},"author":2,"featured_media":16470,"comment_status":"open","ping_status":"open","sticky":false,"template":"","format":"standard","meta":{"footnotes":""},"categories":[11],"tags":[],"class_list":["post-16469","post","type-post","status-publish","format-standard","has-post-thumbnail","hentry","category-municipios"],"featured_image_src":"https:\/\/diarioprincipios.com\/wp-content\/uploads\/2023\/04\/MUSSI-EN-LA-INAUGURACION-DEL-CENTRO-REGIONAL-UNIVERSITARIO-DE-ITUZAINGO-1024x682.jpg","blog_images":{"medium":"https:\/\/diarioprincipios.com\/wp-content\/uploads\/2023\/04\/MUSSI-EN-LA-INAUGURACION-DEL-CENTRO-REGIONAL-UNIVERSITARIO-DE-ITUZAINGO-300x200.jpg","large":"https:\/\/diarioprincipios.com\/wp-content\/uploads\/2023\/04\/MUSSI-EN-LA-INAUGURACION-DEL-CENTRO-REGIONAL-UNIVERSITARIO-DE-ITUZAINGO-1024x682.jpg"},"ams_acf":[],"yoast_head":"<!-- This site is optimized with the Yoast SEO plugin v27.3 - https:\/\/yoast.com\/product\/yoast-seo-wordpress\/ -->\n<title>Mussi en la inauguraci\u00f3n del Centro Regional Universitario de Ituzaing\u00f3 - Principios<\/title>\n<meta name=\"robots\" content=\"index, follow, max-snippet:-1, max-image-preview:large, max-video-preview:-1\" \/>\n<link rel=\"canonical\" href=\"https:\/\/diarioprincipios.com\/index.php\/2023\/04\/06\/mussi-en-la-inauguracion-del-centro-regional-universitario-de-ituzaingo\/\" \/>\n<meta property=\"og:locale\" content=\"es_ES\" \/>\n<meta property=\"og:type\" content=\"article\" \/>\n<meta property=\"og:title\" content=\"Mussi en la inauguraci\u00f3n del Centro Regional Universitario de Ituzaing\u00f3 - Principios\" \/>\n<meta property=\"og:description\" content=\"El Intendente Juan Jos\u00e9 Mussi asisti\u00f3 a la ceremonia de inauguraci\u00f3n del primer establecimiento de educaci\u00f3n superior del Municipio de Ituzaing\u00f3: el Centro Regional Universitario. El acto fue encabezado por el jefe comunal de esa ciudad, Alberto Descalzo; acompa\u00f1ado por los ministros nacionales de Obras P\u00fablicas, Gabriel Katopodis; y de Educaci\u00f3n, Jaime Perczyk; adem\u00e1s del...\" \/>\n<meta property=\"og:url\" content=\"https:\/\/diarioprincipios.com\/index.php\/2023\/04\/06\/mussi-en-la-inauguracion-del-centro-regional-universitario-de-ituzaingo\/\" \/>\n<meta property=\"og:site_name\" content=\"Principios\" \/>\n<meta property=\"article:published_time\" content=\"2023-04-06T16:53:56+00:00\" \/>\n<meta property=\"article:modified_time\" content=\"2023-04-28T15:50:26+00:00\" \/>\n<meta property=\"og:image\" content=\"https:\/\/diarioprincipios.com\/wp-content\/uploads\/2023\/04\/MUSSI-EN-LA-INAUGURACION-DEL-CENTRO-REGIONAL-UNIVERSITARIO-DE-ITUZAINGO.jpg\" \/>\n\t<meta property=\"og:image:width\" content=\"1600\" \/>\n\t<meta property=\"og:image:height\" content=\"1066\" \/>\n\t<meta property=\"og:image:type\" content=\"image\/jpeg\" \/>\n<meta name=\"author\" content=\"Hern\u00e1n L\u00f3pez\" \/>\n<meta name=\"twitter:card\" content=\"summary_large_image\" \/>\n<meta name=\"twitter:label1\" content=\"Escrito por\" \/>\n\t<meta name=\"twitter:data1\" content=\"Hern\u00e1n L\u00f3pez\" \/>\n\t<meta name=\"twitter:label2\" content=\"Tiempo de lectura\" \/>\n\t<meta name=\"twitter:data2\" content=\"2 minutos\" \/>\n<script type=\"application\/ld+json\" class=\"yoast-schema-graph\">{\"@context\":\"https:\\\/\\\/schema.org\",\"@graph\":[{\"@type\":\"Article\",\"@id\":\"https:\\\/\\\/diarioprincipios.com\\\/index.php\\\/2023\\\/04\\\/06\\\/mussi-en-la-inauguracion-del-centro-regional-universitario-de-ituzaingo\\\/#article\",\"isPartOf\":{\"@id\":\"https:\\\/\\\/diarioprincipios.com\\\/index.php\\\/2023\\\/04\\\/06\\\/mussi-en-la-inauguracion-del-centro-regional-universitario-de-ituzaingo\\\/\"},\"author\":{\"name\":\"Hern\u00e1n L\u00f3pez\",\"@id\":\"https:\\\/\\\/diarioprincipios.com\\\/#\\\/schema\\\/person\\\/436d5a1fd41a5e250e23ff5a6a7cb080\"},\"headline\":\"Mussi en la inauguraci\u00f3n del Centro Regional Universitario de Ituzaing\u00f3\",\"datePublished\":\"2023-04-06T16:53:56+00:00\",\"dateModified\":\"2023-04-28T15:50:26+00:00\",\"mainEntityOfPage\":{\"@id\":\"https:\\\/\\\/diarioprincipios.com\\\/index.php\\\/2023\\\/04\\\/06\\\/mussi-en-la-inauguracion-del-centro-regional-universitario-de-ituzaingo\\\/\"},\"wordCount\":318,\"commentCount\":0,\"publisher\":{\"@id\":\"https:\\\/\\\/diarioprincipios.com\\\/#organization\"},\"image\":{\"@id\":\"https:\\\/\\\/diarioprincipios.com\\\/index.php\\\/2023\\\/04\\\/06\\\/mussi-en-la-inauguracion-del-centro-regional-universitario-de-ituzaingo\\\/#primaryimage\"},\"thumbnailUrl\":\"https:\\\/\\\/diarioprincipios.com\\\/wp-content\\\/uploads\\\/2023\\\/04\\\/MUSSI-EN-LA-INAUGURACION-DEL-CENTRO-REGIONAL-UNIVERSITARIO-DE-ITUZAINGO.jpg\",\"articleSection\":[\"Municipios\"],\"inLanguage\":\"es\",\"potentialAction\":[{\"@type\":\"CommentAction\",\"name\":\"Comment\",\"target\":[\"https:\\\/\\\/diarioprincipios.com\\\/index.php\\\/2023\\\/04\\\/06\\\/mussi-en-la-inauguracion-del-centro-regional-universitario-de-ituzaingo\\\/#respond\"]}]},{\"@type\":\"WebPage\",\"@id\":\"https:\\\/\\\/diarioprincipios.com\\\/index.php\\\/2023\\\/04\\\/06\\\/mussi-en-la-inauguracion-del-centro-regional-universitario-de-ituzaingo\\\/\",\"url\":\"https:\\\/\\\/diarioprincipios.com\\\/index.php\\\/2023\\\/04\\\/06\\\/mussi-en-la-inauguracion-del-centro-regional-universitario-de-ituzaingo\\\/\",\"name\":\"Mussi en la inauguraci\u00f3n del Centro Regional Universitario de Ituzaing\u00f3 - Principios\",\"isPartOf\":{\"@id\":\"https:\\\/\\\/diarioprincipios.com\\\/#website\"},\"primaryImageOfPage\":{\"@id\":\"https:\\\/\\\/diarioprincipios.com\\\/index.php\\\/2023\\\/04\\\/06\\\/mussi-en-la-inauguracion-del-centro-regional-universitario-de-ituzaingo\\\/#primaryimage\"},\"image\":{\"@id\":\"https:\\\/\\\/diarioprincipios.com\\\/index.php\\\/2023\\\/04\\\/06\\\/mussi-en-la-inauguracion-del-centro-regional-universitario-de-ituzaingo\\\/#primaryimage\"},\"thumbnailUrl\":\"https:\\\/\\\/diarioprincipios.com\\\/wp-content\\\/uploads\\\/2023\\\/04\\\/MUSSI-EN-LA-INAUGURACION-DEL-CENTRO-REGIONAL-UNIVERSITARIO-DE-ITUZAINGO.jpg\",\"datePublished\":\"2023-04-06T16:53:56+00:00\",\"dateModified\":\"2023-04-28T15:50:26+00:00\",\"breadcrumb\":{\"@id\":\"https:\\\/\\\/diarioprincipios.com\\\/index.php\\\/2023\\\/04\\\/06\\\/mussi-en-la-inauguracion-del-centro-regional-universitario-de-ituzaingo\\\/#breadcrumb\"},\"inLanguage\":\"es\",\"potentialAction\":[{\"@type\":\"ReadAction\",\"target\":[\"https:\\\/\\\/diarioprincipios.com\\\/index.php\\\/2023\\\/04\\\/06\\\/mussi-en-la-inauguracion-del-centro-regional-universitario-de-ituzaingo\\\/\"]}]},{\"@type\":\"ImageObject\",\"inLanguage\":\"es\",\"@id\":\"https:\\\/\\\/diarioprincipios.com\\\/index.php\\\/2023\\\/04\\\/06\\\/mussi-en-la-inauguracion-del-centro-regional-universitario-de-ituzaingo\\\/#primaryimage\",\"url\":\"https:\\\/\\\/diarioprincipios.com\\\/wp-content\\\/uploads\\\/2023\\\/04\\\/MUSSI-EN-LA-INAUGURACION-DEL-CENTRO-REGIONAL-UNIVERSITARIO-DE-ITUZAINGO.jpg\",\"contentUrl\":\"https:\\\/\\\/diarioprincipios.com\\\/wp-content\\\/uploads\\\/2023\\\/04\\\/MUSSI-EN-LA-INAUGURACION-DEL-CENTRO-REGIONAL-UNIVERSITARIO-DE-ITUZAINGO.jpg\",\"width\":1600,\"height\":1066},{\"@type\":\"BreadcrumbList\",\"@id\":\"https:\\\/\\\/diarioprincipios.com\\\/index.php\\\/2023\\\/04\\\/06\\\/mussi-en-la-inauguracion-del-centro-regional-universitario-de-ituzaingo\\\/#breadcrumb\",\"itemListElement\":[{\"@type\":\"ListItem\",\"position\":1,\"name\":\"Portada\",\"item\":\"https:\\\/\\\/diarioprincipios.com\\\/\"},{\"@type\":\"ListItem\",\"position\":2,\"name\":\"Mussi en la inauguraci\u00f3n del Centro Regional Universitario de Ituzaing\u00f3\"}]},{\"@type\":\"WebSite\",\"@id\":\"https:\\\/\\\/diarioprincipios.com\\\/#website\",\"url\":\"https:\\\/\\\/diarioprincipios.com\\\/\",\"name\":\"Principios\",\"description\":\"Principios Diario\",\"publisher\":{\"@id\":\"https:\\\/\\\/diarioprincipios.com\\\/#organization\"},\"potentialAction\":[{\"@type\":\"SearchAction\",\"target\":{\"@type\":\"EntryPoint\",\"urlTemplate\":\"https:\\\/\\\/diarioprincipios.com\\\/?s={search_term_string}\"},\"query-input\":{\"@type\":\"PropertyValueSpecification\",\"valueRequired\":true,\"valueName\":\"search_term_string\"}}],\"inLanguage\":\"es\"},{\"@type\":\"Organization\",\"@id\":\"https:\\\/\\\/diarioprincipios.com\\\/#organization\",\"name\":\"Principios\",\"url\":\"https:\\\/\\\/diarioprincipios.com\\\/\",\"logo\":{\"@type\":\"ImageObject\",\"inLanguage\":\"es\",\"@id\":\"https:\\\/\\\/diarioprincipios.com\\\/#\\\/schema\\\/logo\\\/image\\\/\",\"url\":\"https:\\\/\\\/diarioprincipios.com\\\/wp-content\\\/uploads\\\/2024\\\/04\\\/cropped-www.diarioprincipios.com_-1.png\",\"contentUrl\":\"https:\\\/\\\/diarioprincipios.com\\\/wp-content\\\/uploads\\\/2024\\\/04\\\/cropped-www.diarioprincipios.com_-1.png\",\"width\":5325,\"height\":1454,\"caption\":\"Principios\"},\"image\":{\"@id\":\"https:\\\/\\\/diarioprincipios.com\\\/#\\\/schema\\\/logo\\\/image\\\/\"}},{\"@type\":\"Person\",\"@id\":\"https:\\\/\\\/diarioprincipios.com\\\/#\\\/schema\\\/person\\\/436d5a1fd41a5e250e23ff5a6a7cb080\",\"name\":\"Hern\u00e1n L\u00f3pez\",\"image\":{\"@type\":\"ImageObject\",\"inLanguage\":\"es\",\"@id\":\"https:\\\/\\\/diarioprincipios.com\\\/wp-content\\\/litespeed\\\/avatar\\\/11ddfe5610ff3bd100522525b2571f48.jpg?ver=1777048341\",\"url\":\"https:\\\/\\\/diarioprincipios.com\\\/wp-content\\\/litespeed\\\/avatar\\\/11ddfe5610ff3bd100522525b2571f48.jpg?ver=1777048341\",\"contentUrl\":\"https:\\\/\\\/diarioprincipios.com\\\/wp-content\\\/litespeed\\\/avatar\\\/11ddfe5610ff3bd100522525b2571f48.jpg?ver=1777048341\",\"caption\":\"Hern\u00e1n L\u00f3pez\"},\"url\":\"https:\\\/\\\/diarioprincipios.com\\\/index.php\\\/author\\\/hernan\\\/\"}]}<\/script>\n<!-- \/ Yoast SEO plugin. -->","yoast_head_json":{"title":"Mussi en la inauguraci\u00f3n del Centro Regional Universitario de Ituzaing\u00f3 - Principios","robots":{"index":"index","follow":"follow","max-snippet":"max-snippet:-1","max-image-preview":"max-image-preview:large","max-video-preview":"max-video-preview:-1"},"canonical":"https:\/\/diarioprincipios.com\/index.php\/2023\/04\/06\/mussi-en-la-inauguracion-del-centro-regional-universitario-de-ituzaingo\/","og_locale":"es_ES","og_type":"article","og_title":"Mussi en la inauguraci\u00f3n del Centro Regional Universitario de Ituzaing\u00f3 - Principios","og_description":"El Intendente Juan Jos\u00e9 Mussi asisti\u00f3 a la ceremonia de inauguraci\u00f3n del primer establecimiento de educaci\u00f3n superior del Municipio de Ituzaing\u00f3: el Centro Regional Universitario. El acto fue encabezado por el jefe comunal de esa ciudad, Alberto Descalzo; acompa\u00f1ado por los ministros nacionales de Obras P\u00fablicas, Gabriel Katopodis; y de Educaci\u00f3n, Jaime Perczyk; adem\u00e1s del...","og_url":"https:\/\/diarioprincipios.com\/index.php\/2023\/04\/06\/mussi-en-la-inauguracion-del-centro-regional-universitario-de-ituzaingo\/","og_site_name":"Principios","article_published_time":"2023-04-06T16:53:56+00:00","article_modified_time":"2023-04-28T15:50:26+00:00","og_image":[{"width":1600,"height":1066,"url":"https:\/\/diarioprincipios.com\/wp-content\/uploads\/2023\/04\/MUSSI-EN-LA-INAUGURACION-DEL-CENTRO-REGIONAL-UNIVERSITARIO-DE-ITUZAINGO.jpg","type":"image\/jpeg"}],"author":"Hern\u00e1n L\u00f3pez","twitter_card":"summary_large_image","twitter_misc":{"Escrito por":"Hern\u00e1n L\u00f3pez","Tiempo de lectura":"2 minutos"},"schema":{"@context":"https:\/\/schema.org","@graph":[{"@type":"Article","@id":"https:\/\/diarioprincipios.com\/index.php\/2023\/04\/06\/mussi-en-la-inauguracion-del-centro-regional-universitario-de-ituzaingo\/#article","isPartOf":{"@id":"https:\/\/diarioprincipios.com\/index.php\/2023\/04\/06\/mussi-en-la-inauguracion-del-centro-regional-universitario-de-ituzaingo\/"},"author":{"name":"Hern\u00e1n L\u00f3pez","@id":"https:\/\/diarioprincipios.com\/#\/schema\/person\/436d5a1fd41a5e250e23ff5a6a7cb080"},"headline":"Mussi en la inauguraci\u00f3n del Centro Regional Universitario de Ituzaing\u00f3","datePublished":"2023-04-06T16:53:56+00:00","dateModified":"2023-04-28T15:50:26+00:00","mainEntityOfPage":{"@id":"https:\/\/diarioprincipios.com\/index.php\/2023\/04\/06\/mussi-en-la-inauguracion-del-centro-regional-universitario-de-ituzaingo\/"},"wordCount":318,"commentCount":0,"publisher":{"@id":"https:\/\/diarioprincipios.com\/#organization"},"image":{"@id":"https:\/\/diarioprincipios.com\/index.php\/2023\/04\/06\/mussi-en-la-inauguracion-del-centro-regional-universitario-de-ituzaingo\/#primaryimage"},"thumbnailUrl":"https:\/\/diarioprincipios.com\/wp-content\/uploads\/2023\/04\/MUSSI-EN-LA-INAUGURACION-DEL-CENTRO-REGIONAL-UNIVERSITARIO-DE-ITUZAINGO.jpg","articleSection":["Municipios"],"inLanguage":"es","potentialAction":[{"@type":"CommentAction","name":"Comment","target":["https:\/\/diarioprincipios.com\/index.php\/2023\/04\/06\/mussi-en-la-inauguracion-del-centro-regional-universitario-de-ituzaingo\/#respond"]}]},{"@type":"WebPage","@id":"https:\/\/diarioprincipios.com\/index.php\/2023\/04\/06\/mussi-en-la-inauguracion-del-centro-regional-universitario-de-ituzaingo\/","url":"https:\/\/diarioprincipios.com\/index.php\/2023\/04\/06\/mussi-en-la-inauguracion-del-centro-regional-universitario-de-ituzaingo\/","name":"Mussi en la inauguraci\u00f3n del Centro Regional Universitario de Ituzaing\u00f3 - Principios","isPartOf":{"@id":"https:\/\/diarioprincipios.com\/#website"},"primaryImageOfPage":{"@id":"https:\/\/diarioprincipios.com\/index.php\/2023\/04\/06\/mussi-en-la-inauguracion-del-centro-regional-universitario-de-ituzaingo\/#primaryimage"},"image":{"@id":"https:\/\/diarioprincipios.com\/index.php\/2023\/04\/06\/mussi-en-la-inauguracion-del-centro-regional-universitario-de-ituzaingo\/#primaryimage"},"thumbnailUrl":"https:\/\/diarioprincipios.com\/wp-content\/uploads\/2023\/04\/MUSSI-EN-LA-INAUGURACION-DEL-CENTRO-REGIONAL-UNIVERSITARIO-DE-ITUZAINGO.jpg","datePublished":"2023-04-06T16:53:56+00:00","dateModified":"2023-04-28T15:50:26+00:00","breadcrumb":{"@id":"https:\/\/diarioprincipios.com\/index.php\/2023\/04\/06\/mussi-en-la-inauguracion-del-centro-regional-universitario-de-ituzaingo\/#breadcrumb"},"inLanguage":"es","potentialAction":[{"@type":"ReadAction","target":["https:\/\/diarioprincipios.com\/index.php\/2023\/04\/06\/mussi-en-la-inauguracion-del-centro-regional-universitario-de-ituzaingo\/"]}]},{"@type":"ImageObject","inLanguage":"es","@id":"https:\/\/diarioprincipios.com\/index.php\/2023\/04\/06\/mussi-en-la-inauguracion-del-centro-regional-universitario-de-ituzaingo\/#primaryimage","url":"https:\/\/diarioprincipios.com\/wp-content\/uploads\/2023\/04\/MUSSI-EN-LA-INAUGURACION-DEL-CENTRO-REGIONAL-UNIVERSITARIO-DE-ITUZAINGO.jpg","contentUrl":"https:\/\/diarioprincipios.com\/wp-content\/uploads\/2023\/04\/MUSSI-EN-LA-INAUGURACION-DEL-CENTRO-REGIONAL-UNIVERSITARIO-DE-ITUZAINGO.jpg","width":1600,"height":1066},{"@type":"BreadcrumbList","@id":"https:\/\/diarioprincipios.com\/index.php\/2023\/04\/06\/mussi-en-la-inauguracion-del-centro-regional-universitario-de-ituzaingo\/#breadcrumb","itemListElement":[{"@type":"ListItem","position":1,"name":"Portada","item":"https:\/\/diarioprincipios.com\/"},{"@type":"ListItem","position":2,"name":"Mussi en la inauguraci\u00f3n del Centro Regional Universitario de Ituzaing\u00f3"}]},{"@type":"WebSite","@id":"https:\/\/diarioprincipios.com\/#website","url":"https:\/\/diarioprincipios.com\/","name":"Principios","description":"Principios Diario","publisher":{"@id":"https:\/\/diarioprincipios.com\/#organization"},"potentialAction":[{"@type":"SearchAction","target":{"@type":"EntryPoint","urlTemplate":"https:\/\/diarioprincipios.com\/?s={search_term_string}"},"query-input":{"@type":"PropertyValueSpecification","valueRequired":true,"valueName":"search_term_string"}}],"inLanguage":"es"},{"@type":"Organization","@id":"https:\/\/diarioprincipios.com\/#organization","name":"Principios","url":"https:\/\/diarioprincipios.com\/","logo":{"@type":"ImageObject","inLanguage":"es","@id":"https:\/\/diarioprincipios.com\/#\/schema\/logo\/image\/","url":"https:\/\/diarioprincipios.com\/wp-content\/uploads\/2024\/04\/cropped-www.diarioprincipios.com_-1.png","contentUrl":"https:\/\/diarioprincipios.com\/wp-content\/uploads\/2024\/04\/cropped-www.diarioprincipios.com_-1.png","width":5325,"height":1454,"caption":"Principios"},"image":{"@id":"https:\/\/diarioprincipios.com\/#\/schema\/logo\/image\/"}},{"@type":"Person","@id":"https:\/\/diarioprincipios.com\/#\/schema\/person\/436d5a1fd41a5e250e23ff5a6a7cb080","name":"Hern\u00e1n L\u00f3pez","image":{"@type":"ImageObject","inLanguage":"es","@id":"https:\/\/diarioprincipios.com\/wp-content\/litespeed\/avatar\/11ddfe5610ff3bd100522525b2571f48.jpg?ver=1777048341","url":"https:\/\/diarioprincipios.com\/wp-content\/litespeed\/avatar\/11ddfe5610ff3bd100522525b2571f48.jpg?ver=1777048341","contentUrl":"https:\/\/diarioprincipios.com\/wp-content\/litespeed\/avatar\/11ddfe5610ff3bd100522525b2571f48.jpg?ver=1777048341","caption":"Hern\u00e1n L\u00f3pez"},"url":"https:\/\/diarioprincipios.com\/index.php\/author\/hernan\/"}]}},"jetpack_featured_media_url":"https:\/\/diarioprincipios.com\/wp-content\/uploads\/2023\/04\/MUSSI-EN-LA-INAUGURACION-DEL-CENTRO-REGIONAL-UNIVERSITARIO-DE-ITUZAINGO.jpg","_links":{"self":[{"href":"https:\/\/diarioprincipios.com\/index.php\/wp-json\/wp\/v2\/posts\/16469","targetHints":{"allow":["GET"]}}],"collection":[{"href":"https:\/\/diarioprincipios.com\/index.php\/wp-json\/wp\/v2\/posts"}],"about":[{"href":"https:\/\/diarioprincipios.com\/index.php\/wp-json\/wp\/v2\/types\/post"}],"author":[{"embeddable":true,"href":"https:\/\/diarioprincipios.com\/index.php\/wp-json\/wp\/v2\/users\/2"}],"replies":[{"embeddable":true,"href":"https:\/\/diarioprincipios.com\/index.php\/wp-json\/wp\/v2\/comments?post=16469"}],"version-history":[{"count":1,"href":"https:\/\/diarioprincipios.com\/index.php\/wp-json\/wp\/v2\/posts\/16469\/revisions"}],"predecessor-version":[{"id":16471,"href":"https:\/\/diarioprincipios.com\/index.php\/wp-json\/wp\/v2\/posts\/16469\/revisions\/16471"}],"wp:featuredmedia":[{"embeddable":true,"href":"https:\/\/diarioprincipios.com\/index.php\/wp-json\/wp\/v2\/media\/16470"}],"wp:attachment":[{"href":"https:\/\/diarioprincipios.com\/index.php\/wp-json\/wp\/v2\/media?parent=16469"}],"wp:term":[{"taxonomy":"category","embeddable":true,"href":"https:\/\/diarioprincipios.com\/index.php\/wp-json\/wp\/v2\/categories?post=16469"},{"taxonomy":"post_tag","embeddable":true,"href":"https:\/\/diarioprincipios.com\/index.php\/wp-json\/wp\/v2\/tags?post=16469"}],"curies":[{"name":"wp","href":"https:\/\/api.w.org\/{rel}","templated":true}]}}