{"id":16464,"date":"2023-04-05T11:15:28","date_gmt":"2023-04-05T14:15:28","guid":{"rendered":"http:\/\/diarioprincipios.com\/?p=16464"},"modified":"2023-04-05T11:15:30","modified_gmt":"2023-04-05T14:15:30","slug":"nueva-jornada-contra-el-dengue","status":"publish","type":"post","link":"https:\/\/diarioprincipios.com\/index.php\/2023\/04\/05\/nueva-jornada-contra-el-dengue\/","title":{"rendered":"Nueva Jornada contra el Dengue"},"content":{"rendered":"\n<p><strong>La Municipalidad de Berazategui contin\u00faa con la campa\u00f1a contra el dengue, el zika y la fiebre chikungunya. Por ello, uno de los operativos de descacharrizaci\u00f3n y fumigaci\u00f3n se realiz\u00f3 en el barrio El Progreso.<\/strong><\/p>\n\n\n\n<p>En estas jornadas organizadas por la Secretar\u00eda de Salud P\u00fablica e Higiene, se llevan a cabo tareas de concientizaci\u00f3n y prevenci\u00f3n puerta a puerta para evitar la proliferaci\u00f3n del mosquito Aedes Aegypti (transmisor del dengue, zika y chikungunya). Adem\u00e1s, se entregan bolsas de residuos para eliminar los potenciales criaderos que, posteriormente, son retiradas por agentes de la Coordinaci\u00f3n de Higiene Urbana Municipal.<\/p>\n\n\n\n<p>Asimismo, se realiza fumigaci\u00f3n en el barrio, con el fin de disminuir la cantidad de mosquitos adultos que pueden estar infectados.&nbsp;<br>Bruno Guerrieri, integrante del equipo de Saneamiento del Municipio, afirm\u00f3: \u201cNos encontramos en el barrio El Progreso, efectuando la fumigaci\u00f3n en la zona para evitar la expansi\u00f3n de casos de dengue\u201d.<\/p>\n\n\n\n<p>Por su parte, Vicente Valiente, vecino del barrio, expres\u00f3: \u201cMe parece muy bien el operativo que est\u00e1n haciendo; es prevenci\u00f3n para todos, tenemos que cuidarnos, ya hicieron tres operativos y est\u00e1n fumigando. Agradecemos al intendente Mussi por las cosas que hace, siempre est\u00e1 preocupado por nuestras inquietudes y de c\u00f3mo solucionarlas\u201d.<\/p>\n","protected":false},"excerpt":{"rendered":"<p>La Municipalidad de Berazategui contin\u00faa con la campa\u00f1a contra el dengue, el zika y la fiebre chikungunya. Por ello, uno de los operativos de descacharrizaci\u00f3n y fumigaci\u00f3n se realiz\u00f3 en el barrio El Progreso. En estas jornadas organizadas por la Secretar\u00eda de Salud P\u00fablica e Higiene, se llevan a cabo tareas de concientizaci\u00f3n y prevenci\u00f3n&#8230;<\/p>\n","protected":false},"author":2,"featured_media":16465,"comment_status":"open","ping_status":"open","sticky":false,"template":"","format":"standard","meta":{"footnotes":""},"categories":[3],"tags":[],"class_list":["post-16464","post","type-post","status-publish","format-standard","has-post-thumbnail","hentry","category-berazategui"],"featured_image_src":"https:\/\/diarioprincipios.com\/wp-content\/uploads\/2023\/04\/NUEVA-JORNADA-DE-DESCACHARRIZACION-Y-FUMIGACION-CONTRA-EL-DENGUE1-1024x682.jpg","blog_images":{"medium":"https:\/\/diarioprincipios.com\/wp-content\/uploads\/2023\/04\/NUEVA-JORNADA-DE-DESCACHARRIZACION-Y-FUMIGACION-CONTRA-EL-DENGUE1-300x200.jpg","large":"https:\/\/diarioprincipios.com\/wp-content\/uploads\/2023\/04\/NUEVA-JORNADA-DE-DESCACHARRIZACION-Y-FUMIGACION-CONTRA-EL-DENGUE1-1024x682.jpg"},"ams_acf":[],"yoast_head":"<!-- This site is optimized with the Yoast SEO plugin v27.3 - https:\/\/yoast.com\/product\/yoast-seo-wordpress\/ -->\n<title>Nueva Jornada contra el Dengue - Principios<\/title>\n<meta name=\"robots\" content=\"index, follow, max-snippet:-1, max-image-preview:large, max-video-preview:-1\" \/>\n<link rel=\"canonical\" href=\"https:\/\/diarioprincipios.com\/index.php\/2023\/04\/05\/nueva-jornada-contra-el-dengue\/\" \/>\n<meta property=\"og:locale\" content=\"es_ES\" \/>\n<meta property=\"og:type\" content=\"article\" \/>\n<meta property=\"og:title\" content=\"Nueva Jornada contra el Dengue - Principios\" \/>\n<meta property=\"og:description\" content=\"La Municipalidad de Berazategui contin\u00faa con la campa\u00f1a contra el dengue, el zika y la fiebre chikungunya. Por ello, uno de los operativos de descacharrizaci\u00f3n y fumigaci\u00f3n se realiz\u00f3 en el barrio El Progreso. En estas jornadas organizadas por la Secretar\u00eda de Salud P\u00fablica e Higiene, se llevan a cabo tareas de concientizaci\u00f3n y prevenci\u00f3n...\" \/>\n<meta property=\"og:url\" content=\"https:\/\/diarioprincipios.com\/index.php\/2023\/04\/05\/nueva-jornada-contra-el-dengue\/\" \/>\n<meta property=\"og:site_name\" content=\"Principios\" \/>\n<meta property=\"article:published_time\" content=\"2023-04-05T14:15:28+00:00\" \/>\n<meta property=\"article:modified_time\" content=\"2023-04-05T14:15:30+00:00\" \/>\n<meta property=\"og:image\" content=\"https:\/\/diarioprincipios.com\/wp-content\/uploads\/2023\/04\/NUEVA-JORNADA-DE-DESCACHARRIZACION-Y-FUMIGACION-CONTRA-EL-DENGUE1.jpg\" \/>\n\t<meta property=\"og:image:width\" content=\"1600\" \/>\n\t<meta property=\"og:image:height\" content=\"1066\" \/>\n\t<meta property=\"og:image:type\" content=\"image\/jpeg\" \/>\n<meta name=\"author\" content=\"Hern\u00e1n L\u00f3pez\" \/>\n<meta name=\"twitter:card\" content=\"summary_large_image\" \/>\n<meta name=\"twitter:label1\" content=\"Escrito por\" \/>\n\t<meta name=\"twitter:data1\" content=\"Hern\u00e1n L\u00f3pez\" \/>\n\t<meta name=\"twitter:label2\" content=\"Tiempo de lectura\" \/>\n\t<meta name=\"twitter:data2\" content=\"1 minuto\" \/>\n<script type=\"application\/ld+json\" class=\"yoast-schema-graph\">{\"@context\":\"https:\\\/\\\/schema.org\",\"@graph\":[{\"@type\":\"Article\",\"@id\":\"https:\\\/\\\/diarioprincipios.com\\\/index.php\\\/2023\\\/04\\\/05\\\/nueva-jornada-contra-el-dengue\\\/#article\",\"isPartOf\":{\"@id\":\"https:\\\/\\\/diarioprincipios.com\\\/index.php\\\/2023\\\/04\\\/05\\\/nueva-jornada-contra-el-dengue\\\/\"},\"author\":{\"name\":\"Hern\u00e1n L\u00f3pez\",\"@id\":\"https:\\\/\\\/diarioprincipios.com\\\/#\\\/schema\\\/person\\\/436d5a1fd41a5e250e23ff5a6a7cb080\"},\"headline\":\"Nueva Jornada contra el Dengue\",\"datePublished\":\"2023-04-05T14:15:28+00:00\",\"dateModified\":\"2023-04-05T14:15:30+00:00\",\"mainEntityOfPage\":{\"@id\":\"https:\\\/\\\/diarioprincipios.com\\\/index.php\\\/2023\\\/04\\\/05\\\/nueva-jornada-contra-el-dengue\\\/\"},\"wordCount\":223,\"commentCount\":0,\"publisher\":{\"@id\":\"https:\\\/\\\/diarioprincipios.com\\\/#organization\"},\"image\":{\"@id\":\"https:\\\/\\\/diarioprincipios.com\\\/index.php\\\/2023\\\/04\\\/05\\\/nueva-jornada-contra-el-dengue\\\/#primaryimage\"},\"thumbnailUrl\":\"https:\\\/\\\/diarioprincipios.com\\\/wp-content\\\/uploads\\\/2023\\\/04\\\/NUEVA-JORNADA-DE-DESCACHARRIZACION-Y-FUMIGACION-CONTRA-EL-DENGUE1.jpg\",\"articleSection\":[\"Berazategui\"],\"inLanguage\":\"es\",\"potentialAction\":[{\"@type\":\"CommentAction\",\"name\":\"Comment\",\"target\":[\"https:\\\/\\\/diarioprincipios.com\\\/index.php\\\/2023\\\/04\\\/05\\\/nueva-jornada-contra-el-dengue\\\/#respond\"]}]},{\"@type\":\"WebPage\",\"@id\":\"https:\\\/\\\/diarioprincipios.com\\\/index.php\\\/2023\\\/04\\\/05\\\/nueva-jornada-contra-el-dengue\\\/\",\"url\":\"https:\\\/\\\/diarioprincipios.com\\\/index.php\\\/2023\\\/04\\\/05\\\/nueva-jornada-contra-el-dengue\\\/\",\"name\":\"Nueva Jornada contra el Dengue - Principios\",\"isPartOf\":{\"@id\":\"https:\\\/\\\/diarioprincipios.com\\\/#website\"},\"primaryImageOfPage\":{\"@id\":\"https:\\\/\\\/diarioprincipios.com\\\/index.php\\\/2023\\\/04\\\/05\\\/nueva-jornada-contra-el-dengue\\\/#primaryimage\"},\"image\":{\"@id\":\"https:\\\/\\\/diarioprincipios.com\\\/index.php\\\/2023\\\/04\\\/05\\\/nueva-jornada-contra-el-dengue\\\/#primaryimage\"},\"thumbnailUrl\":\"https:\\\/\\\/diarioprincipios.com\\\/wp-content\\\/uploads\\\/2023\\\/04\\\/NUEVA-JORNADA-DE-DESCACHARRIZACION-Y-FUMIGACION-CONTRA-EL-DENGUE1.jpg\",\"datePublished\":\"2023-04-05T14:15:28+00:00\",\"dateModified\":\"2023-04-05T14:15:30+00:00\",\"breadcrumb\":{\"@id\":\"https:\\\/\\\/diarioprincipios.com\\\/index.php\\\/2023\\\/04\\\/05\\\/nueva-jornada-contra-el-dengue\\\/#breadcrumb\"},\"inLanguage\":\"es\",\"potentialAction\":[{\"@type\":\"ReadAction\",\"target\":[\"https:\\\/\\\/diarioprincipios.com\\\/index.php\\\/2023\\\/04\\\/05\\\/nueva-jornada-contra-el-dengue\\\/\"]}]},{\"@type\":\"ImageObject\",\"inLanguage\":\"es\",\"@id\":\"https:\\\/\\\/diarioprincipios.com\\\/index.php\\\/2023\\\/04\\\/05\\\/nueva-jornada-contra-el-dengue\\\/#primaryimage\",\"url\":\"https:\\\/\\\/diarioprincipios.com\\\/wp-content\\\/uploads\\\/2023\\\/04\\\/NUEVA-JORNADA-DE-DESCACHARRIZACION-Y-FUMIGACION-CONTRA-EL-DENGUE1.jpg\",\"contentUrl\":\"https:\\\/\\\/diarioprincipios.com\\\/wp-content\\\/uploads\\\/2023\\\/04\\\/NUEVA-JORNADA-DE-DESCACHARRIZACION-Y-FUMIGACION-CONTRA-EL-DENGUE1.jpg\",\"width\":1600,\"height\":1066},{\"@type\":\"BreadcrumbList\",\"@id\":\"https:\\\/\\\/diarioprincipios.com\\\/index.php\\\/2023\\\/04\\\/05\\\/nueva-jornada-contra-el-dengue\\\/#breadcrumb\",\"itemListElement\":[{\"@type\":\"ListItem\",\"position\":1,\"name\":\"Portada\",\"item\":\"https:\\\/\\\/diarioprincipios.com\\\/\"},{\"@type\":\"ListItem\",\"position\":2,\"name\":\"Nueva Jornada contra el Dengue\"}]},{\"@type\":\"WebSite\",\"@id\":\"https:\\\/\\\/diarioprincipios.com\\\/#website\",\"url\":\"https:\\\/\\\/diarioprincipios.com\\\/\",\"name\":\"Principios\",\"description\":\"Principios Diario\",\"publisher\":{\"@id\":\"https:\\\/\\\/diarioprincipios.com\\\/#organization\"},\"potentialAction\":[{\"@type\":\"SearchAction\",\"target\":{\"@type\":\"EntryPoint\",\"urlTemplate\":\"https:\\\/\\\/diarioprincipios.com\\\/?s={search_term_string}\"},\"query-input\":{\"@type\":\"PropertyValueSpecification\",\"valueRequired\":true,\"valueName\":\"search_term_string\"}}],\"inLanguage\":\"es\"},{\"@type\":\"Organization\",\"@id\":\"https:\\\/\\\/diarioprincipios.com\\\/#organization\",\"name\":\"Principios\",\"url\":\"https:\\\/\\\/diarioprincipios.com\\\/\",\"logo\":{\"@type\":\"ImageObject\",\"inLanguage\":\"es\",\"@id\":\"https:\\\/\\\/diarioprincipios.com\\\/#\\\/schema\\\/logo\\\/image\\\/\",\"url\":\"https:\\\/\\\/diarioprincipios.com\\\/wp-content\\\/uploads\\\/2024\\\/04\\\/cropped-www.diarioprincipios.com_-1.png\",\"contentUrl\":\"https:\\\/\\\/diarioprincipios.com\\\/wp-content\\\/uploads\\\/2024\\\/04\\\/cropped-www.diarioprincipios.com_-1.png\",\"width\":5325,\"height\":1454,\"caption\":\"Principios\"},\"image\":{\"@id\":\"https:\\\/\\\/diarioprincipios.com\\\/#\\\/schema\\\/logo\\\/image\\\/\"}},{\"@type\":\"Person\",\"@id\":\"https:\\\/\\\/diarioprincipios.com\\\/#\\\/schema\\\/person\\\/436d5a1fd41a5e250e23ff5a6a7cb080\",\"name\":\"Hern\u00e1n L\u00f3pez\",\"image\":{\"@type\":\"ImageObject\",\"inLanguage\":\"es\",\"@id\":\"https:\\\/\\\/diarioprincipios.com\\\/wp-content\\\/litespeed\\\/avatar\\\/11ddfe5610ff3bd100522525b2571f48.jpg?ver=1777048341\",\"url\":\"https:\\\/\\\/diarioprincipios.com\\\/wp-content\\\/litespeed\\\/avatar\\\/11ddfe5610ff3bd100522525b2571f48.jpg?ver=1777048341\",\"contentUrl\":\"https:\\\/\\\/diarioprincipios.com\\\/wp-content\\\/litespeed\\\/avatar\\\/11ddfe5610ff3bd100522525b2571f48.jpg?ver=1777048341\",\"caption\":\"Hern\u00e1n L\u00f3pez\"},\"url\":\"https:\\\/\\\/diarioprincipios.com\\\/index.php\\\/author\\\/hernan\\\/\"}]}<\/script>\n<!-- \/ Yoast SEO plugin. -->","yoast_head_json":{"title":"Nueva Jornada contra el Dengue - Principios","robots":{"index":"index","follow":"follow","max-snippet":"max-snippet:-1","max-image-preview":"max-image-preview:large","max-video-preview":"max-video-preview:-1"},"canonical":"https:\/\/diarioprincipios.com\/index.php\/2023\/04\/05\/nueva-jornada-contra-el-dengue\/","og_locale":"es_ES","og_type":"article","og_title":"Nueva Jornada contra el Dengue - Principios","og_description":"La Municipalidad de Berazategui contin\u00faa con la campa\u00f1a contra el dengue, el zika y la fiebre chikungunya. Por ello, uno de los operativos de descacharrizaci\u00f3n y fumigaci\u00f3n se realiz\u00f3 en el barrio El Progreso. En estas jornadas organizadas por la Secretar\u00eda de Salud P\u00fablica e Higiene, se llevan a cabo tareas de concientizaci\u00f3n y prevenci\u00f3n...","og_url":"https:\/\/diarioprincipios.com\/index.php\/2023\/04\/05\/nueva-jornada-contra-el-dengue\/","og_site_name":"Principios","article_published_time":"2023-04-05T14:15:28+00:00","article_modified_time":"2023-04-05T14:15:30+00:00","og_image":[{"width":1600,"height":1066,"url":"https:\/\/diarioprincipios.com\/wp-content\/uploads\/2023\/04\/NUEVA-JORNADA-DE-DESCACHARRIZACION-Y-FUMIGACION-CONTRA-EL-DENGUE1.jpg","type":"image\/jpeg"}],"author":"Hern\u00e1n L\u00f3pez","twitter_card":"summary_large_image","twitter_misc":{"Escrito por":"Hern\u00e1n L\u00f3pez","Tiempo de lectura":"1 minuto"},"schema":{"@context":"https:\/\/schema.org","@graph":[{"@type":"Article","@id":"https:\/\/diarioprincipios.com\/index.php\/2023\/04\/05\/nueva-jornada-contra-el-dengue\/#article","isPartOf":{"@id":"https:\/\/diarioprincipios.com\/index.php\/2023\/04\/05\/nueva-jornada-contra-el-dengue\/"},"author":{"name":"Hern\u00e1n L\u00f3pez","@id":"https:\/\/diarioprincipios.com\/#\/schema\/person\/436d5a1fd41a5e250e23ff5a6a7cb080"},"headline":"Nueva Jornada contra el Dengue","datePublished":"2023-04-05T14:15:28+00:00","dateModified":"2023-04-05T14:15:30+00:00","mainEntityOfPage":{"@id":"https:\/\/diarioprincipios.com\/index.php\/2023\/04\/05\/nueva-jornada-contra-el-dengue\/"},"wordCount":223,"commentCount":0,"publisher":{"@id":"https:\/\/diarioprincipios.com\/#organization"},"image":{"@id":"https:\/\/diarioprincipios.com\/index.php\/2023\/04\/05\/nueva-jornada-contra-el-dengue\/#primaryimage"},"thumbnailUrl":"https:\/\/diarioprincipios.com\/wp-content\/uploads\/2023\/04\/NUEVA-JORNADA-DE-DESCACHARRIZACION-Y-FUMIGACION-CONTRA-EL-DENGUE1.jpg","articleSection":["Berazategui"],"inLanguage":"es","potentialAction":[{"@type":"CommentAction","name":"Comment","target":["https:\/\/diarioprincipios.com\/index.php\/2023\/04\/05\/nueva-jornada-contra-el-dengue\/#respond"]}]},{"@type":"WebPage","@id":"https:\/\/diarioprincipios.com\/index.php\/2023\/04\/05\/nueva-jornada-contra-el-dengue\/","url":"https:\/\/diarioprincipios.com\/index.php\/2023\/04\/05\/nueva-jornada-contra-el-dengue\/","name":"Nueva Jornada contra el Dengue - Principios","isPartOf":{"@id":"https:\/\/diarioprincipios.com\/#website"},"primaryImageOfPage":{"@id":"https:\/\/diarioprincipios.com\/index.php\/2023\/04\/05\/nueva-jornada-contra-el-dengue\/#primaryimage"},"image":{"@id":"https:\/\/diarioprincipios.com\/index.php\/2023\/04\/05\/nueva-jornada-contra-el-dengue\/#primaryimage"},"thumbnailUrl":"https:\/\/diarioprincipios.com\/wp-content\/uploads\/2023\/04\/NUEVA-JORNADA-DE-DESCACHARRIZACION-Y-FUMIGACION-CONTRA-EL-DENGUE1.jpg","datePublished":"2023-04-05T14:15:28+00:00","dateModified":"2023-04-05T14:15:30+00:00","breadcrumb":{"@id":"https:\/\/diarioprincipios.com\/index.php\/2023\/04\/05\/nueva-jornada-contra-el-dengue\/#breadcrumb"},"inLanguage":"es","potentialAction":[{"@type":"ReadAction","target":["https:\/\/diarioprincipios.com\/index.php\/2023\/04\/05\/nueva-jornada-contra-el-dengue\/"]}]},{"@type":"ImageObject","inLanguage":"es","@id":"https:\/\/diarioprincipios.com\/index.php\/2023\/04\/05\/nueva-jornada-contra-el-dengue\/#primaryimage","url":"https:\/\/diarioprincipios.com\/wp-content\/uploads\/2023\/04\/NUEVA-JORNADA-DE-DESCACHARRIZACION-Y-FUMIGACION-CONTRA-EL-DENGUE1.jpg","contentUrl":"https:\/\/diarioprincipios.com\/wp-content\/uploads\/2023\/04\/NUEVA-JORNADA-DE-DESCACHARRIZACION-Y-FUMIGACION-CONTRA-EL-DENGUE1.jpg","width":1600,"height":1066},{"@type":"BreadcrumbList","@id":"https:\/\/diarioprincipios.com\/index.php\/2023\/04\/05\/nueva-jornada-contra-el-dengue\/#breadcrumb","itemListElement":[{"@type":"ListItem","position":1,"name":"Portada","item":"https:\/\/diarioprincipios.com\/"},{"@type":"ListItem","position":2,"name":"Nueva Jornada contra el Dengue"}]},{"@type":"WebSite","@id":"https:\/\/diarioprincipios.com\/#website","url":"https:\/\/diarioprincipios.com\/","name":"Principios","description":"Principios Diario","publisher":{"@id":"https:\/\/diarioprincipios.com\/#organization"},"potentialAction":[{"@type":"SearchAction","target":{"@type":"EntryPoint","urlTemplate":"https:\/\/diarioprincipios.com\/?s={search_term_string}"},"query-input":{"@type":"PropertyValueSpecification","valueRequired":true,"valueName":"search_term_string"}}],"inLanguage":"es"},{"@type":"Organization","@id":"https:\/\/diarioprincipios.com\/#organization","name":"Principios","url":"https:\/\/diarioprincipios.com\/","logo":{"@type":"ImageObject","inLanguage":"es","@id":"https:\/\/diarioprincipios.com\/#\/schema\/logo\/image\/","url":"https:\/\/diarioprincipios.com\/wp-content\/uploads\/2024\/04\/cropped-www.diarioprincipios.com_-1.png","contentUrl":"https:\/\/diarioprincipios.com\/wp-content\/uploads\/2024\/04\/cropped-www.diarioprincipios.com_-1.png","width":5325,"height":1454,"caption":"Principios"},"image":{"@id":"https:\/\/diarioprincipios.com\/#\/schema\/logo\/image\/"}},{"@type":"Person","@id":"https:\/\/diarioprincipios.com\/#\/schema\/person\/436d5a1fd41a5e250e23ff5a6a7cb080","name":"Hern\u00e1n L\u00f3pez","image":{"@type":"ImageObject","inLanguage":"es","@id":"https:\/\/diarioprincipios.com\/wp-content\/litespeed\/avatar\/11ddfe5610ff3bd100522525b2571f48.jpg?ver=1777048341","url":"https:\/\/diarioprincipios.com\/wp-content\/litespeed\/avatar\/11ddfe5610ff3bd100522525b2571f48.jpg?ver=1777048341","contentUrl":"https:\/\/diarioprincipios.com\/wp-content\/litespeed\/avatar\/11ddfe5610ff3bd100522525b2571f48.jpg?ver=1777048341","caption":"Hern\u00e1n L\u00f3pez"},"url":"https:\/\/diarioprincipios.com\/index.php\/author\/hernan\/"}]}},"jetpack_featured_media_url":"https:\/\/diarioprincipios.com\/wp-content\/uploads\/2023\/04\/NUEVA-JORNADA-DE-DESCACHARRIZACION-Y-FUMIGACION-CONTRA-EL-DENGUE1.jpg","_links":{"self":[{"href":"https:\/\/diarioprincipios.com\/index.php\/wp-json\/wp\/v2\/posts\/16464","targetHints":{"allow":["GET"]}}],"collection":[{"href":"https:\/\/diarioprincipios.com\/index.php\/wp-json\/wp\/v2\/posts"}],"about":[{"href":"https:\/\/diarioprincipios.com\/index.php\/wp-json\/wp\/v2\/types\/post"}],"author":[{"embeddable":true,"href":"https:\/\/diarioprincipios.com\/index.php\/wp-json\/wp\/v2\/users\/2"}],"replies":[{"embeddable":true,"href":"https:\/\/diarioprincipios.com\/index.php\/wp-json\/wp\/v2\/comments?post=16464"}],"version-history":[{"count":1,"href":"https:\/\/diarioprincipios.com\/index.php\/wp-json\/wp\/v2\/posts\/16464\/revisions"}],"predecessor-version":[{"id":16466,"href":"https:\/\/diarioprincipios.com\/index.php\/wp-json\/wp\/v2\/posts\/16464\/revisions\/16466"}],"wp:featuredmedia":[{"embeddable":true,"href":"https:\/\/diarioprincipios.com\/index.php\/wp-json\/wp\/v2\/media\/16465"}],"wp:attachment":[{"href":"https:\/\/diarioprincipios.com\/index.php\/wp-json\/wp\/v2\/media?parent=16464"}],"wp:term":[{"taxonomy":"category","embeddable":true,"href":"https:\/\/diarioprincipios.com\/index.php\/wp-json\/wp\/v2\/categories?post=16464"},{"taxonomy":"post_tag","embeddable":true,"href":"https:\/\/diarioprincipios.com\/index.php\/wp-json\/wp\/v2\/tags?post=16464"}],"curies":[{"name":"wp","href":"https:\/\/api.w.org\/{rel}","templated":true}]}}