{"id":16459,"date":"2023-04-05T11:12:22","date_gmt":"2023-04-05T14:12:22","guid":{"rendered":"http:\/\/diarioprincipios.com\/?p=16459"},"modified":"2023-04-05T11:12:25","modified_gmt":"2023-04-05T14:12:25","slug":"emotiva-ceremonia-para-recordar-a-los-heroes-de-malvinas","status":"publish","type":"post","link":"https:\/\/diarioprincipios.com\/index.php\/2023\/04\/05\/emotiva-ceremonia-para-recordar-a-los-heroes-de-malvinas\/","title":{"rendered":"Emotiva Ceremonia para recordar a los H\u00e9roes de Malvinas"},"content":{"rendered":"\n<p><strong>El domingo 2 de abril, Berazategui conmemor\u00f3 el D\u00eda del Veterano y de los Ca\u00eddos en la contienda de 1982 con una gran ceremonia en homenaje a sus h\u00e9roes. El acto, en el marco del 41\u00b0 Aniversario de la gesta y defensa de la soberan\u00eda argentina en las Islas Malvinas, fue encabezado por el intendente Juan Jos\u00e9 Mussi y realizado en la r\u00e9plica del cementerio de Darwin, el primer Campo Santo del pa\u00eds exclusivo para excombatientes (en la necr\u00f3polis municipal).<\/strong><br>\u00a0<br>De esta manera, tras el recibimiento por parte de la Agrupaci\u00f3n Sinf\u00f3nica de la Polic\u00eda de la provincia de Buenos Aires y la presentaci\u00f3n de un mural alusivo creado por el \u00e1rea de Arte P\u00fablico de la Secretar\u00eda de Cultura y Educaci\u00f3n local, los y las asistentes entonaron el Himno Nacional Argentino y compartieron un minuto de silencio en honor a los ca\u00eddos.<\/p>\n\n\n\n<figure class=\"wp-block-image size-large\"><img loading=\"lazy\" decoding=\"async\" width=\"1024\" height=\"682\" src=\"https:\/\/diarioprincipios.com\/wp-content\/uploads\/2023\/04\/BERAZATEGUI-RECORDO-A-LOS-HEROES-DE-MALVINAS-CON-UNA-EMOTIVA-CEREMONIA-1024x682.jpg\" alt=\"\" class=\"wp-image-16460\" srcset=\"https:\/\/diarioprincipios.com\/wp-content\/uploads\/2023\/04\/BERAZATEGUI-RECORDO-A-LOS-HEROES-DE-MALVINAS-CON-UNA-EMOTIVA-CEREMONIA-1024x682.jpg 1024w, https:\/\/diarioprincipios.com\/wp-content\/uploads\/2023\/04\/BERAZATEGUI-RECORDO-A-LOS-HEROES-DE-MALVINAS-CON-UNA-EMOTIVA-CEREMONIA-300x200.jpg 300w, https:\/\/diarioprincipios.com\/wp-content\/uploads\/2023\/04\/BERAZATEGUI-RECORDO-A-LOS-HEROES-DE-MALVINAS-CON-UNA-EMOTIVA-CEREMONIA-768x512.jpg 768w, https:\/\/diarioprincipios.com\/wp-content\/uploads\/2023\/04\/BERAZATEGUI-RECORDO-A-LOS-HEROES-DE-MALVINAS-CON-UNA-EMOTIVA-CEREMONIA-1536x1023.jpg 1536w, https:\/\/diarioprincipios.com\/wp-content\/uploads\/2023\/04\/BERAZATEGUI-RECORDO-A-LOS-HEROES-DE-MALVINAS-CON-UNA-EMOTIVA-CEREMONIA.jpg 1600w\" sizes=\"auto, (max-width: 1024px) 100vw, 1024px\" \/><\/figure>\n\n\n\n<p>\u201cEste es un espacio creado por ex combatientes que nosotros acompa\u00f1amos desde el Municipio. Quiero destacar que, cuando comenzamos a homenajear a nuestros h\u00e9roes, \u00e9ramos muy pocos. Desde hace a\u00f1os que ya somos muchos, cada vez hay m\u00e1s malvinizaci\u00f3n y eso es muy importante\u201d, declar\u00f3 Mussi. Adem\u00e1s, resalt\u00f3: \u201cLas Malvinas son de todos, no de un intendente, de un gobernador o de un presidente. Por eso, todos -desde su lugar- deben seguir malvinizando para homenajear, tanto a los h\u00e9roes que se quedaron en las Islas, como a los h\u00e9roes que pudieron volver\u201d.<br>\u00a0<br>Por su parte, uno de los Custodios Malvineros, Mart\u00edn San Miguel, expres\u00f3: \u201cEl miedo que siempre tuvimos fue el olvido. Ese miedo hoy nos lo tenemos que sacar porque est\u00e1 a la vista que la causa Malvinas sigue viva en toda la Argentina y m\u00e1s a\u00fan en Berazategui. Me siento orgulloso de ser vecino de esta ciudad\u201d.<\/p>\n\n\n\n<figure class=\"wp-block-image size-large\"><img loading=\"lazy\" decoding=\"async\" width=\"1024\" height=\"682\" src=\"https:\/\/diarioprincipios.com\/wp-content\/uploads\/2023\/04\/BERAZATEGUI-RECORDO-A-LOS-HEROES-DE-MALVINAS-CON-UNA-EMOTIVA-CEREMONIA2-1024x682.jpg\" alt=\"\" class=\"wp-image-16461\" srcset=\"https:\/\/diarioprincipios.com\/wp-content\/uploads\/2023\/04\/BERAZATEGUI-RECORDO-A-LOS-HEROES-DE-MALVINAS-CON-UNA-EMOTIVA-CEREMONIA2-1024x682.jpg 1024w, https:\/\/diarioprincipios.com\/wp-content\/uploads\/2023\/04\/BERAZATEGUI-RECORDO-A-LOS-HEROES-DE-MALVINAS-CON-UNA-EMOTIVA-CEREMONIA2-300x200.jpg 300w, https:\/\/diarioprincipios.com\/wp-content\/uploads\/2023\/04\/BERAZATEGUI-RECORDO-A-LOS-HEROES-DE-MALVINAS-CON-UNA-EMOTIVA-CEREMONIA2-768x512.jpg 768w, https:\/\/diarioprincipios.com\/wp-content\/uploads\/2023\/04\/BERAZATEGUI-RECORDO-A-LOS-HEROES-DE-MALVINAS-CON-UNA-EMOTIVA-CEREMONIA2-1536x1023.jpg 1536w, https:\/\/diarioprincipios.com\/wp-content\/uploads\/2023\/04\/BERAZATEGUI-RECORDO-A-LOS-HEROES-DE-MALVINAS-CON-UNA-EMOTIVA-CEREMONIA2.jpg 1600w\" sizes=\"auto, (max-width: 1024px) 100vw, 1024px\" \/><\/figure>\n\n\n\n<p>La emotiva ceremonia finaliz\u00f3 con el despegue de un helic\u00f3ptero Bell UH-1H, enviado por el Batall\u00f3n de Aviaci\u00f3n del Ej\u00e9rcito, desde el Aer\u00f3dromo de Campo de Mayo. Este modelo se utiliz\u00f3 durante la Guerra de Malvinas para suministrar recursos a los combatientes, acercar atenci\u00f3n sanitaria y efectuar rescates.<br>\u00a0<br>Berazategui tambi\u00e9n cuenta con una aeronave de ese tipo, la cual prest\u00f3 funciones hasta 2020. Ese a\u00f1o, el Ej\u00e9rcito Argentino se la don\u00f3 al Municipio y, actualmente, se encuentra resguardada por los Custodios Malvineros en el Parque Industrial Pl\u00e1tanos. Pr\u00f3ximamente, podr\u00e1 ser visitada por la comunidad en fechas conmemorativas.<br>\u00a0<\/p>\n","protected":false},"excerpt":{"rendered":"<p>El domingo 2 de abril, Berazategui conmemor\u00f3 el D\u00eda del Veterano y de los Ca\u00eddos en la contienda de 1982 con una gran ceremonia en homenaje a sus h\u00e9roes. El acto, en el marco del 41\u00b0 Aniversario de la gesta y defensa de la soberan\u00eda argentina en las Islas Malvinas, fue encabezado por el intendente&#8230;<\/p>\n","protected":false},"author":2,"featured_media":16462,"comment_status":"open","ping_status":"open","sticky":false,"template":"","format":"standard","meta":{"footnotes":""},"categories":[3],"tags":[],"class_list":["post-16459","post","type-post","status-publish","format-standard","has-post-thumbnail","hentry","category-berazategui"],"featured_image_src":"https:\/\/diarioprincipios.com\/wp-content\/uploads\/2023\/04\/BERAZATEGUI-RECORDO-A-LOS-HEROES-DE-MALVINAS-CON-UNA-EMOTIVA-CEREMONIA1-1024x682.jpg","blog_images":{"medium":"https:\/\/diarioprincipios.com\/wp-content\/uploads\/2023\/04\/BERAZATEGUI-RECORDO-A-LOS-HEROES-DE-MALVINAS-CON-UNA-EMOTIVA-CEREMONIA1-300x200.jpg","large":"https:\/\/diarioprincipios.com\/wp-content\/uploads\/2023\/04\/BERAZATEGUI-RECORDO-A-LOS-HEROES-DE-MALVINAS-CON-UNA-EMOTIVA-CEREMONIA1-1024x682.jpg"},"ams_acf":[],"yoast_head":"<!-- This site is optimized with the Yoast SEO plugin v27.3 - https:\/\/yoast.com\/product\/yoast-seo-wordpress\/ -->\n<title>Emotiva Ceremonia para recordar a los H\u00e9roes de Malvinas - Principios<\/title>\n<meta name=\"robots\" content=\"index, follow, max-snippet:-1, max-image-preview:large, max-video-preview:-1\" \/>\n<link rel=\"canonical\" href=\"https:\/\/diarioprincipios.com\/index.php\/2023\/04\/05\/emotiva-ceremonia-para-recordar-a-los-heroes-de-malvinas\/\" \/>\n<meta property=\"og:locale\" content=\"es_ES\" \/>\n<meta property=\"og:type\" content=\"article\" \/>\n<meta property=\"og:title\" content=\"Emotiva Ceremonia para recordar a los H\u00e9roes de Malvinas - Principios\" \/>\n<meta property=\"og:description\" content=\"El domingo 2 de abril, Berazategui conmemor\u00f3 el D\u00eda del Veterano y de los Ca\u00eddos en la contienda de 1982 con una gran ceremonia en homenaje a sus h\u00e9roes. El acto, en el marco del 41\u00b0 Aniversario de la gesta y defensa de la soberan\u00eda argentina en las Islas Malvinas, fue encabezado por el intendente...\" \/>\n<meta property=\"og:url\" content=\"https:\/\/diarioprincipios.com\/index.php\/2023\/04\/05\/emotiva-ceremonia-para-recordar-a-los-heroes-de-malvinas\/\" \/>\n<meta property=\"og:site_name\" content=\"Principios\" \/>\n<meta property=\"article:published_time\" content=\"2023-04-05T14:12:22+00:00\" \/>\n<meta property=\"article:modified_time\" content=\"2023-04-05T14:12:25+00:00\" \/>\n<meta property=\"og:image\" content=\"https:\/\/diarioprincipios.com\/wp-content\/uploads\/2023\/04\/BERAZATEGUI-RECORDO-A-LOS-HEROES-DE-MALVINAS-CON-UNA-EMOTIVA-CEREMONIA1.jpg\" \/>\n\t<meta property=\"og:image:width\" content=\"1600\" \/>\n\t<meta property=\"og:image:height\" content=\"1066\" \/>\n\t<meta property=\"og:image:type\" content=\"image\/jpeg\" \/>\n<meta name=\"author\" content=\"Hern\u00e1n L\u00f3pez\" \/>\n<meta name=\"twitter:card\" content=\"summary_large_image\" \/>\n<meta name=\"twitter:label1\" content=\"Escrito por\" \/>\n\t<meta name=\"twitter:data1\" content=\"Hern\u00e1n L\u00f3pez\" \/>\n\t<meta name=\"twitter:label2\" content=\"Tiempo de lectura\" \/>\n\t<meta name=\"twitter:data2\" content=\"3 minutos\" \/>\n<script type=\"application\/ld+json\" class=\"yoast-schema-graph\">{\"@context\":\"https:\\\/\\\/schema.org\",\"@graph\":[{\"@type\":\"Article\",\"@id\":\"https:\\\/\\\/diarioprincipios.com\\\/index.php\\\/2023\\\/04\\\/05\\\/emotiva-ceremonia-para-recordar-a-los-heroes-de-malvinas\\\/#article\",\"isPartOf\":{\"@id\":\"https:\\\/\\\/diarioprincipios.com\\\/index.php\\\/2023\\\/04\\\/05\\\/emotiva-ceremonia-para-recordar-a-los-heroes-de-malvinas\\\/\"},\"author\":{\"name\":\"Hern\u00e1n L\u00f3pez\",\"@id\":\"https:\\\/\\\/diarioprincipios.com\\\/#\\\/schema\\\/person\\\/436d5a1fd41a5e250e23ff5a6a7cb080\"},\"headline\":\"Emotiva Ceremonia para recordar a los H\u00e9roes de Malvinas\",\"datePublished\":\"2023-04-05T14:12:22+00:00\",\"dateModified\":\"2023-04-05T14:12:25+00:00\",\"mainEntityOfPage\":{\"@id\":\"https:\\\/\\\/diarioprincipios.com\\\/index.php\\\/2023\\\/04\\\/05\\\/emotiva-ceremonia-para-recordar-a-los-heroes-de-malvinas\\\/\"},\"wordCount\":433,\"commentCount\":0,\"publisher\":{\"@id\":\"https:\\\/\\\/diarioprincipios.com\\\/#organization\"},\"image\":{\"@id\":\"https:\\\/\\\/diarioprincipios.com\\\/index.php\\\/2023\\\/04\\\/05\\\/emotiva-ceremonia-para-recordar-a-los-heroes-de-malvinas\\\/#primaryimage\"},\"thumbnailUrl\":\"https:\\\/\\\/diarioprincipios.com\\\/wp-content\\\/uploads\\\/2023\\\/04\\\/BERAZATEGUI-RECORDO-A-LOS-HEROES-DE-MALVINAS-CON-UNA-EMOTIVA-CEREMONIA1.jpg\",\"articleSection\":[\"Berazategui\"],\"inLanguage\":\"es\",\"potentialAction\":[{\"@type\":\"CommentAction\",\"name\":\"Comment\",\"target\":[\"https:\\\/\\\/diarioprincipios.com\\\/index.php\\\/2023\\\/04\\\/05\\\/emotiva-ceremonia-para-recordar-a-los-heroes-de-malvinas\\\/#respond\"]}]},{\"@type\":\"WebPage\",\"@id\":\"https:\\\/\\\/diarioprincipios.com\\\/index.php\\\/2023\\\/04\\\/05\\\/emotiva-ceremonia-para-recordar-a-los-heroes-de-malvinas\\\/\",\"url\":\"https:\\\/\\\/diarioprincipios.com\\\/index.php\\\/2023\\\/04\\\/05\\\/emotiva-ceremonia-para-recordar-a-los-heroes-de-malvinas\\\/\",\"name\":\"Emotiva Ceremonia para recordar a los H\u00e9roes de Malvinas - Principios\",\"isPartOf\":{\"@id\":\"https:\\\/\\\/diarioprincipios.com\\\/#website\"},\"primaryImageOfPage\":{\"@id\":\"https:\\\/\\\/diarioprincipios.com\\\/index.php\\\/2023\\\/04\\\/05\\\/emotiva-ceremonia-para-recordar-a-los-heroes-de-malvinas\\\/#primaryimage\"},\"image\":{\"@id\":\"https:\\\/\\\/diarioprincipios.com\\\/index.php\\\/2023\\\/04\\\/05\\\/emotiva-ceremonia-para-recordar-a-los-heroes-de-malvinas\\\/#primaryimage\"},\"thumbnailUrl\":\"https:\\\/\\\/diarioprincipios.com\\\/wp-content\\\/uploads\\\/2023\\\/04\\\/BERAZATEGUI-RECORDO-A-LOS-HEROES-DE-MALVINAS-CON-UNA-EMOTIVA-CEREMONIA1.jpg\",\"datePublished\":\"2023-04-05T14:12:22+00:00\",\"dateModified\":\"2023-04-05T14:12:25+00:00\",\"breadcrumb\":{\"@id\":\"https:\\\/\\\/diarioprincipios.com\\\/index.php\\\/2023\\\/04\\\/05\\\/emotiva-ceremonia-para-recordar-a-los-heroes-de-malvinas\\\/#breadcrumb\"},\"inLanguage\":\"es\",\"potentialAction\":[{\"@type\":\"ReadAction\",\"target\":[\"https:\\\/\\\/diarioprincipios.com\\\/index.php\\\/2023\\\/04\\\/05\\\/emotiva-ceremonia-para-recordar-a-los-heroes-de-malvinas\\\/\"]}]},{\"@type\":\"ImageObject\",\"inLanguage\":\"es\",\"@id\":\"https:\\\/\\\/diarioprincipios.com\\\/index.php\\\/2023\\\/04\\\/05\\\/emotiva-ceremonia-para-recordar-a-los-heroes-de-malvinas\\\/#primaryimage\",\"url\":\"https:\\\/\\\/diarioprincipios.com\\\/wp-content\\\/uploads\\\/2023\\\/04\\\/BERAZATEGUI-RECORDO-A-LOS-HEROES-DE-MALVINAS-CON-UNA-EMOTIVA-CEREMONIA1.jpg\",\"contentUrl\":\"https:\\\/\\\/diarioprincipios.com\\\/wp-content\\\/uploads\\\/2023\\\/04\\\/BERAZATEGUI-RECORDO-A-LOS-HEROES-DE-MALVINAS-CON-UNA-EMOTIVA-CEREMONIA1.jpg\",\"width\":1600,\"height\":1066},{\"@type\":\"BreadcrumbList\",\"@id\":\"https:\\\/\\\/diarioprincipios.com\\\/index.php\\\/2023\\\/04\\\/05\\\/emotiva-ceremonia-para-recordar-a-los-heroes-de-malvinas\\\/#breadcrumb\",\"itemListElement\":[{\"@type\":\"ListItem\",\"position\":1,\"name\":\"Portada\",\"item\":\"https:\\\/\\\/diarioprincipios.com\\\/\"},{\"@type\":\"ListItem\",\"position\":2,\"name\":\"Emotiva Ceremonia para recordar a los H\u00e9roes de Malvinas\"}]},{\"@type\":\"WebSite\",\"@id\":\"https:\\\/\\\/diarioprincipios.com\\\/#website\",\"url\":\"https:\\\/\\\/diarioprincipios.com\\\/\",\"name\":\"Principios\",\"description\":\"Principios Diario\",\"publisher\":{\"@id\":\"https:\\\/\\\/diarioprincipios.com\\\/#organization\"},\"potentialAction\":[{\"@type\":\"SearchAction\",\"target\":{\"@type\":\"EntryPoint\",\"urlTemplate\":\"https:\\\/\\\/diarioprincipios.com\\\/?s={search_term_string}\"},\"query-input\":{\"@type\":\"PropertyValueSpecification\",\"valueRequired\":true,\"valueName\":\"search_term_string\"}}],\"inLanguage\":\"es\"},{\"@type\":\"Organization\",\"@id\":\"https:\\\/\\\/diarioprincipios.com\\\/#organization\",\"name\":\"Principios\",\"url\":\"https:\\\/\\\/diarioprincipios.com\\\/\",\"logo\":{\"@type\":\"ImageObject\",\"inLanguage\":\"es\",\"@id\":\"https:\\\/\\\/diarioprincipios.com\\\/#\\\/schema\\\/logo\\\/image\\\/\",\"url\":\"https:\\\/\\\/diarioprincipios.com\\\/wp-content\\\/uploads\\\/2024\\\/04\\\/cropped-www.diarioprincipios.com_-1.png\",\"contentUrl\":\"https:\\\/\\\/diarioprincipios.com\\\/wp-content\\\/uploads\\\/2024\\\/04\\\/cropped-www.diarioprincipios.com_-1.png\",\"width\":5325,\"height\":1454,\"caption\":\"Principios\"},\"image\":{\"@id\":\"https:\\\/\\\/diarioprincipios.com\\\/#\\\/schema\\\/logo\\\/image\\\/\"}},{\"@type\":\"Person\",\"@id\":\"https:\\\/\\\/diarioprincipios.com\\\/#\\\/schema\\\/person\\\/436d5a1fd41a5e250e23ff5a6a7cb080\",\"name\":\"Hern\u00e1n L\u00f3pez\",\"image\":{\"@type\":\"ImageObject\",\"inLanguage\":\"es\",\"@id\":\"https:\\\/\\\/diarioprincipios.com\\\/wp-content\\\/litespeed\\\/avatar\\\/11ddfe5610ff3bd100522525b2571f48.jpg?ver=1777048341\",\"url\":\"https:\\\/\\\/diarioprincipios.com\\\/wp-content\\\/litespeed\\\/avatar\\\/11ddfe5610ff3bd100522525b2571f48.jpg?ver=1777048341\",\"contentUrl\":\"https:\\\/\\\/diarioprincipios.com\\\/wp-content\\\/litespeed\\\/avatar\\\/11ddfe5610ff3bd100522525b2571f48.jpg?ver=1777048341\",\"caption\":\"Hern\u00e1n L\u00f3pez\"},\"url\":\"https:\\\/\\\/diarioprincipios.com\\\/index.php\\\/author\\\/hernan\\\/\"}]}<\/script>\n<!-- \/ Yoast SEO plugin. -->","yoast_head_json":{"title":"Emotiva Ceremonia para recordar a los H\u00e9roes de Malvinas - Principios","robots":{"index":"index","follow":"follow","max-snippet":"max-snippet:-1","max-image-preview":"max-image-preview:large","max-video-preview":"max-video-preview:-1"},"canonical":"https:\/\/diarioprincipios.com\/index.php\/2023\/04\/05\/emotiva-ceremonia-para-recordar-a-los-heroes-de-malvinas\/","og_locale":"es_ES","og_type":"article","og_title":"Emotiva Ceremonia para recordar a los H\u00e9roes de Malvinas - Principios","og_description":"El domingo 2 de abril, Berazategui conmemor\u00f3 el D\u00eda del Veterano y de los Ca\u00eddos en la contienda de 1982 con una gran ceremonia en homenaje a sus h\u00e9roes. El acto, en el marco del 41\u00b0 Aniversario de la gesta y defensa de la soberan\u00eda argentina en las Islas Malvinas, fue encabezado por el intendente...","og_url":"https:\/\/diarioprincipios.com\/index.php\/2023\/04\/05\/emotiva-ceremonia-para-recordar-a-los-heroes-de-malvinas\/","og_site_name":"Principios","article_published_time":"2023-04-05T14:12:22+00:00","article_modified_time":"2023-04-05T14:12:25+00:00","og_image":[{"width":1600,"height":1066,"url":"https:\/\/diarioprincipios.com\/wp-content\/uploads\/2023\/04\/BERAZATEGUI-RECORDO-A-LOS-HEROES-DE-MALVINAS-CON-UNA-EMOTIVA-CEREMONIA1.jpg","type":"image\/jpeg"}],"author":"Hern\u00e1n L\u00f3pez","twitter_card":"summary_large_image","twitter_misc":{"Escrito por":"Hern\u00e1n L\u00f3pez","Tiempo de lectura":"3 minutos"},"schema":{"@context":"https:\/\/schema.org","@graph":[{"@type":"Article","@id":"https:\/\/diarioprincipios.com\/index.php\/2023\/04\/05\/emotiva-ceremonia-para-recordar-a-los-heroes-de-malvinas\/#article","isPartOf":{"@id":"https:\/\/diarioprincipios.com\/index.php\/2023\/04\/05\/emotiva-ceremonia-para-recordar-a-los-heroes-de-malvinas\/"},"author":{"name":"Hern\u00e1n L\u00f3pez","@id":"https:\/\/diarioprincipios.com\/#\/schema\/person\/436d5a1fd41a5e250e23ff5a6a7cb080"},"headline":"Emotiva Ceremonia para recordar a los H\u00e9roes de Malvinas","datePublished":"2023-04-05T14:12:22+00:00","dateModified":"2023-04-05T14:12:25+00:00","mainEntityOfPage":{"@id":"https:\/\/diarioprincipios.com\/index.php\/2023\/04\/05\/emotiva-ceremonia-para-recordar-a-los-heroes-de-malvinas\/"},"wordCount":433,"commentCount":0,"publisher":{"@id":"https:\/\/diarioprincipios.com\/#organization"},"image":{"@id":"https:\/\/diarioprincipios.com\/index.php\/2023\/04\/05\/emotiva-ceremonia-para-recordar-a-los-heroes-de-malvinas\/#primaryimage"},"thumbnailUrl":"https:\/\/diarioprincipios.com\/wp-content\/uploads\/2023\/04\/BERAZATEGUI-RECORDO-A-LOS-HEROES-DE-MALVINAS-CON-UNA-EMOTIVA-CEREMONIA1.jpg","articleSection":["Berazategui"],"inLanguage":"es","potentialAction":[{"@type":"CommentAction","name":"Comment","target":["https:\/\/diarioprincipios.com\/index.php\/2023\/04\/05\/emotiva-ceremonia-para-recordar-a-los-heroes-de-malvinas\/#respond"]}]},{"@type":"WebPage","@id":"https:\/\/diarioprincipios.com\/index.php\/2023\/04\/05\/emotiva-ceremonia-para-recordar-a-los-heroes-de-malvinas\/","url":"https:\/\/diarioprincipios.com\/index.php\/2023\/04\/05\/emotiva-ceremonia-para-recordar-a-los-heroes-de-malvinas\/","name":"Emotiva Ceremonia para recordar a los H\u00e9roes de Malvinas - Principios","isPartOf":{"@id":"https:\/\/diarioprincipios.com\/#website"},"primaryImageOfPage":{"@id":"https:\/\/diarioprincipios.com\/index.php\/2023\/04\/05\/emotiva-ceremonia-para-recordar-a-los-heroes-de-malvinas\/#primaryimage"},"image":{"@id":"https:\/\/diarioprincipios.com\/index.php\/2023\/04\/05\/emotiva-ceremonia-para-recordar-a-los-heroes-de-malvinas\/#primaryimage"},"thumbnailUrl":"https:\/\/diarioprincipios.com\/wp-content\/uploads\/2023\/04\/BERAZATEGUI-RECORDO-A-LOS-HEROES-DE-MALVINAS-CON-UNA-EMOTIVA-CEREMONIA1.jpg","datePublished":"2023-04-05T14:12:22+00:00","dateModified":"2023-04-05T14:12:25+00:00","breadcrumb":{"@id":"https:\/\/diarioprincipios.com\/index.php\/2023\/04\/05\/emotiva-ceremonia-para-recordar-a-los-heroes-de-malvinas\/#breadcrumb"},"inLanguage":"es","potentialAction":[{"@type":"ReadAction","target":["https:\/\/diarioprincipios.com\/index.php\/2023\/04\/05\/emotiva-ceremonia-para-recordar-a-los-heroes-de-malvinas\/"]}]},{"@type":"ImageObject","inLanguage":"es","@id":"https:\/\/diarioprincipios.com\/index.php\/2023\/04\/05\/emotiva-ceremonia-para-recordar-a-los-heroes-de-malvinas\/#primaryimage","url":"https:\/\/diarioprincipios.com\/wp-content\/uploads\/2023\/04\/BERAZATEGUI-RECORDO-A-LOS-HEROES-DE-MALVINAS-CON-UNA-EMOTIVA-CEREMONIA1.jpg","contentUrl":"https:\/\/diarioprincipios.com\/wp-content\/uploads\/2023\/04\/BERAZATEGUI-RECORDO-A-LOS-HEROES-DE-MALVINAS-CON-UNA-EMOTIVA-CEREMONIA1.jpg","width":1600,"height":1066},{"@type":"BreadcrumbList","@id":"https:\/\/diarioprincipios.com\/index.php\/2023\/04\/05\/emotiva-ceremonia-para-recordar-a-los-heroes-de-malvinas\/#breadcrumb","itemListElement":[{"@type":"ListItem","position":1,"name":"Portada","item":"https:\/\/diarioprincipios.com\/"},{"@type":"ListItem","position":2,"name":"Emotiva Ceremonia para recordar a los H\u00e9roes de Malvinas"}]},{"@type":"WebSite","@id":"https:\/\/diarioprincipios.com\/#website","url":"https:\/\/diarioprincipios.com\/","name":"Principios","description":"Principios Diario","publisher":{"@id":"https:\/\/diarioprincipios.com\/#organization"},"potentialAction":[{"@type":"SearchAction","target":{"@type":"EntryPoint","urlTemplate":"https:\/\/diarioprincipios.com\/?s={search_term_string}"},"query-input":{"@type":"PropertyValueSpecification","valueRequired":true,"valueName":"search_term_string"}}],"inLanguage":"es"},{"@type":"Organization","@id":"https:\/\/diarioprincipios.com\/#organization","name":"Principios","url":"https:\/\/diarioprincipios.com\/","logo":{"@type":"ImageObject","inLanguage":"es","@id":"https:\/\/diarioprincipios.com\/#\/schema\/logo\/image\/","url":"https:\/\/diarioprincipios.com\/wp-content\/uploads\/2024\/04\/cropped-www.diarioprincipios.com_-1.png","contentUrl":"https:\/\/diarioprincipios.com\/wp-content\/uploads\/2024\/04\/cropped-www.diarioprincipios.com_-1.png","width":5325,"height":1454,"caption":"Principios"},"image":{"@id":"https:\/\/diarioprincipios.com\/#\/schema\/logo\/image\/"}},{"@type":"Person","@id":"https:\/\/diarioprincipios.com\/#\/schema\/person\/436d5a1fd41a5e250e23ff5a6a7cb080","name":"Hern\u00e1n L\u00f3pez","image":{"@type":"ImageObject","inLanguage":"es","@id":"https:\/\/diarioprincipios.com\/wp-content\/litespeed\/avatar\/11ddfe5610ff3bd100522525b2571f48.jpg?ver=1777048341","url":"https:\/\/diarioprincipios.com\/wp-content\/litespeed\/avatar\/11ddfe5610ff3bd100522525b2571f48.jpg?ver=1777048341","contentUrl":"https:\/\/diarioprincipios.com\/wp-content\/litespeed\/avatar\/11ddfe5610ff3bd100522525b2571f48.jpg?ver=1777048341","caption":"Hern\u00e1n L\u00f3pez"},"url":"https:\/\/diarioprincipios.com\/index.php\/author\/hernan\/"}]}},"jetpack_featured_media_url":"https:\/\/diarioprincipios.com\/wp-content\/uploads\/2023\/04\/BERAZATEGUI-RECORDO-A-LOS-HEROES-DE-MALVINAS-CON-UNA-EMOTIVA-CEREMONIA1.jpg","_links":{"self":[{"href":"https:\/\/diarioprincipios.com\/index.php\/wp-json\/wp\/v2\/posts\/16459","targetHints":{"allow":["GET"]}}],"collection":[{"href":"https:\/\/diarioprincipios.com\/index.php\/wp-json\/wp\/v2\/posts"}],"about":[{"href":"https:\/\/diarioprincipios.com\/index.php\/wp-json\/wp\/v2\/types\/post"}],"author":[{"embeddable":true,"href":"https:\/\/diarioprincipios.com\/index.php\/wp-json\/wp\/v2\/users\/2"}],"replies":[{"embeddable":true,"href":"https:\/\/diarioprincipios.com\/index.php\/wp-json\/wp\/v2\/comments?post=16459"}],"version-history":[{"count":1,"href":"https:\/\/diarioprincipios.com\/index.php\/wp-json\/wp\/v2\/posts\/16459\/revisions"}],"predecessor-version":[{"id":16463,"href":"https:\/\/diarioprincipios.com\/index.php\/wp-json\/wp\/v2\/posts\/16459\/revisions\/16463"}],"wp:featuredmedia":[{"embeddable":true,"href":"https:\/\/diarioprincipios.com\/index.php\/wp-json\/wp\/v2\/media\/16462"}],"wp:attachment":[{"href":"https:\/\/diarioprincipios.com\/index.php\/wp-json\/wp\/v2\/media?parent=16459"}],"wp:term":[{"taxonomy":"category","embeddable":true,"href":"https:\/\/diarioprincipios.com\/index.php\/wp-json\/wp\/v2\/categories?post=16459"},{"taxonomy":"post_tag","embeddable":true,"href":"https:\/\/diarioprincipios.com\/index.php\/wp-json\/wp\/v2\/tags?post=16459"}],"curies":[{"name":"wp","href":"https:\/\/api.w.org\/{rel}","templated":true}]}}