{"id":16447,"date":"2023-04-04T14:31:09","date_gmt":"2023-04-04T17:31:09","guid":{"rendered":"http:\/\/diarioprincipios.com\/?p=16447"},"modified":"2023-04-04T14:31:11","modified_gmt":"2023-04-04T17:31:11","slug":"un-nuevo-jardin-maternal-para-avellaneda","status":"publish","type":"post","link":"https:\/\/diarioprincipios.com\/index.php\/2023\/04\/04\/un-nuevo-jardin-maternal-para-avellaneda\/","title":{"rendered":"Un nuevo jard\u00edn maternal para Avellaneda"},"content":{"rendered":"\n<p>El intendente Jorge Ferraresi, junto con Magdalena Sierra y autoridades educativas, inauguraron el Jard\u00edn Maternal Municipal N\u00ba 24, en Gerli.<\/p>\n\n\n\n<p>En el marco del programa municipal Haciendo Escuela, el intendente Jorge Ferraresi particip\u00f3 del acto de inicio de clases en este nuevo centro educativo destinado a ni\u00f1os y ni\u00f1as de entre 45 d\u00edas y 3 a\u00f1os de edad.<\/p>\n\n\n\n<figure class=\"wp-block-image size-large\"><img loading=\"lazy\" decoding=\"async\" width=\"1024\" height=\"664\" src=\"https:\/\/diarioprincipios.com\/wp-content\/uploads\/2023\/04\/Screenshot_20230404-142725_Yahoo-Mail-1024x664.jpg\" alt=\"\" class=\"wp-image-16448\" srcset=\"https:\/\/diarioprincipios.com\/wp-content\/uploads\/2023\/04\/Screenshot_20230404-142725_Yahoo-Mail-1024x664.jpg 1024w, https:\/\/diarioprincipios.com\/wp-content\/uploads\/2023\/04\/Screenshot_20230404-142725_Yahoo-Mail-300x194.jpg 300w, https:\/\/diarioprincipios.com\/wp-content\/uploads\/2023\/04\/Screenshot_20230404-142725_Yahoo-Mail-768x498.jpg 768w, https:\/\/diarioprincipios.com\/wp-content\/uploads\/2023\/04\/Screenshot_20230404-142725_Yahoo-Mail.jpg 1080w\" sizes=\"auto, (max-width: 1024px) 100vw, 1024px\" \/><\/figure>\n\n\n\n<p>El edificio est\u00e1 ubicado en el predio recuperado que delimitan las calles Lacarra, Newton y G\u00fcemes, donde tambi\u00e9n fue inaugurado recientemente el jard\u00edn provincial 920. Cuenta con aulas equipadas con mobiliario adaptado a la edad de lxs alumnxs, n\u00facleos sanitarios, SUM, cunas, cambiadores, patios y espacios recreativos.<\/p>\n\n\n\n<p>Durante el acto de bienvenida, el jefe comunal, felicit\u00f3 a todos los que participaron de la construcci\u00f3n y al personal educativo. Tambi\u00e9n anunci\u00f3 la inauguraci\u00f3n de 9 jardines maternales m\u00e1s para este a\u00f1o, y agreg\u00f3: \u201cLas infancias tienen derechos desde la panza y desde all\u00ed los acompa\u00f1amos\u201d.<\/p>\n\n\n\n<figure class=\"wp-block-image size-large\"><img loading=\"lazy\" decoding=\"async\" width=\"1024\" height=\"670\" src=\"https:\/\/diarioprincipios.com\/wp-content\/uploads\/2023\/04\/Screenshot_20230404-142730_Yahoo-Mail-1024x670.jpg\" alt=\"\" class=\"wp-image-16449\" srcset=\"https:\/\/diarioprincipios.com\/wp-content\/uploads\/2023\/04\/Screenshot_20230404-142730_Yahoo-Mail-1024x670.jpg 1024w, https:\/\/diarioprincipios.com\/wp-content\/uploads\/2023\/04\/Screenshot_20230404-142730_Yahoo-Mail-300x196.jpg 300w, https:\/\/diarioprincipios.com\/wp-content\/uploads\/2023\/04\/Screenshot_20230404-142730_Yahoo-Mail-768x503.jpg 768w, https:\/\/diarioprincipios.com\/wp-content\/uploads\/2023\/04\/Screenshot_20230404-142730_Yahoo-Mail.jpg 1079w\" sizes=\"auto, (max-width: 1024px) 100vw, 1024px\" \/><figcaption class=\"wp-element-caption\">\u2078<\/figcaption><\/figure>\n\n\n\n<p>De la actividad tambi\u00e9n particip\u00f3 la secretaria de Educaci\u00f3n, Mar\u00eda Laura De Vincenti; la subsecretaria Macarena Macia; el secretario de Obras y Servicios P\u00fablicos, Gast\u00f3n Seillan; la secretaria de Desarrollo Social, Romina Barreiro y la titular del Consejo Escolar de Avellaneda, Claudia Colaso; adem\u00e1s de la directora de la instituci\u00f3n, Daiana Saiet y toda la comunidad educativa.\u00a0<\/p>\n","protected":false},"excerpt":{"rendered":"<p>El intendente Jorge Ferraresi, junto con Magdalena Sierra y autoridades educativas, inauguraron el Jard\u00edn Maternal Municipal N\u00ba 24, en Gerli. En el marco del programa municipal Haciendo Escuela, el intendente Jorge Ferraresi particip\u00f3 del acto de inicio de clases en este nuevo centro educativo destinado a ni\u00f1os y ni\u00f1as de entre 45 d\u00edas y 3&#8230;<\/p>\n","protected":false},"author":2,"featured_media":16450,"comment_status":"open","ping_status":"open","sticky":false,"template":"","format":"standard","meta":{"footnotes":""},"categories":[5],"tags":[],"class_list":["post-16447","post","type-post","status-publish","format-standard","has-post-thumbnail","hentry","category-avellaneda"],"featured_image_src":"https:\/\/diarioprincipios.com\/wp-content\/uploads\/2023\/04\/Screenshot_20230404-142733_Yahoo-Mail-1024x683.jpg","blog_images":{"medium":"https:\/\/diarioprincipios.com\/wp-content\/uploads\/2023\/04\/Screenshot_20230404-142733_Yahoo-Mail-300x200.jpg","large":"https:\/\/diarioprincipios.com\/wp-content\/uploads\/2023\/04\/Screenshot_20230404-142733_Yahoo-Mail-1024x683.jpg"},"ams_acf":[],"yoast_head":"<!-- This site is optimized with the Yoast SEO plugin v27.3 - https:\/\/yoast.com\/product\/yoast-seo-wordpress\/ -->\n<title>Un nuevo jard\u00edn maternal para Avellaneda - Principios<\/title>\n<meta name=\"robots\" content=\"index, follow, max-snippet:-1, max-image-preview:large, max-video-preview:-1\" \/>\n<link rel=\"canonical\" href=\"https:\/\/diarioprincipios.com\/index.php\/2023\/04\/04\/un-nuevo-jardin-maternal-para-avellaneda\/\" \/>\n<meta property=\"og:locale\" content=\"es_ES\" \/>\n<meta property=\"og:type\" content=\"article\" \/>\n<meta property=\"og:title\" content=\"Un nuevo jard\u00edn maternal para Avellaneda - Principios\" \/>\n<meta property=\"og:description\" content=\"El intendente Jorge Ferraresi, junto con Magdalena Sierra y autoridades educativas, inauguraron el Jard\u00edn Maternal Municipal N\u00ba 24, en Gerli. En el marco del programa municipal Haciendo Escuela, el intendente Jorge Ferraresi particip\u00f3 del acto de inicio de clases en este nuevo centro educativo destinado a ni\u00f1os y ni\u00f1as de entre 45 d\u00edas y 3...\" \/>\n<meta property=\"og:url\" content=\"https:\/\/diarioprincipios.com\/index.php\/2023\/04\/04\/un-nuevo-jardin-maternal-para-avellaneda\/\" \/>\n<meta property=\"og:site_name\" content=\"Principios\" \/>\n<meta property=\"article:published_time\" content=\"2023-04-04T17:31:09+00:00\" \/>\n<meta property=\"article:modified_time\" content=\"2023-04-04T17:31:11+00:00\" \/>\n<meta property=\"og:image\" content=\"https:\/\/diarioprincipios.com\/wp-content\/uploads\/2023\/04\/Screenshot_20230404-142733_Yahoo-Mail.jpg\" \/>\n\t<meta property=\"og:image:width\" content=\"1080\" \/>\n\t<meta property=\"og:image:height\" content=\"720\" \/>\n\t<meta property=\"og:image:type\" content=\"image\/jpeg\" \/>\n<meta name=\"author\" content=\"Hern\u00e1n L\u00f3pez\" \/>\n<meta name=\"twitter:card\" content=\"summary_large_image\" \/>\n<meta name=\"twitter:label1\" content=\"Escrito por\" \/>\n\t<meta name=\"twitter:data1\" content=\"Hern\u00e1n L\u00f3pez\" \/>\n\t<meta name=\"twitter:label2\" content=\"Tiempo de lectura\" \/>\n\t<meta name=\"twitter:data2\" content=\"2 minutos\" \/>\n<script type=\"application\/ld+json\" class=\"yoast-schema-graph\">{\"@context\":\"https:\\\/\\\/schema.org\",\"@graph\":[{\"@type\":\"Article\",\"@id\":\"https:\\\/\\\/diarioprincipios.com\\\/index.php\\\/2023\\\/04\\\/04\\\/un-nuevo-jardin-maternal-para-avellaneda\\\/#article\",\"isPartOf\":{\"@id\":\"https:\\\/\\\/diarioprincipios.com\\\/index.php\\\/2023\\\/04\\\/04\\\/un-nuevo-jardin-maternal-para-avellaneda\\\/\"},\"author\":{\"name\":\"Hern\u00e1n L\u00f3pez\",\"@id\":\"https:\\\/\\\/diarioprincipios.com\\\/#\\\/schema\\\/person\\\/436d5a1fd41a5e250e23ff5a6a7cb080\"},\"headline\":\"Un nuevo jard\u00edn maternal para Avellaneda\",\"datePublished\":\"2023-04-04T17:31:09+00:00\",\"dateModified\":\"2023-04-04T17:31:11+00:00\",\"mainEntityOfPage\":{\"@id\":\"https:\\\/\\\/diarioprincipios.com\\\/index.php\\\/2023\\\/04\\\/04\\\/un-nuevo-jardin-maternal-para-avellaneda\\\/\"},\"wordCount\":233,\"commentCount\":0,\"publisher\":{\"@id\":\"https:\\\/\\\/diarioprincipios.com\\\/#organization\"},\"image\":{\"@id\":\"https:\\\/\\\/diarioprincipios.com\\\/index.php\\\/2023\\\/04\\\/04\\\/un-nuevo-jardin-maternal-para-avellaneda\\\/#primaryimage\"},\"thumbnailUrl\":\"https:\\\/\\\/diarioprincipios.com\\\/wp-content\\\/uploads\\\/2023\\\/04\\\/Screenshot_20230404-142733_Yahoo-Mail.jpg\",\"articleSection\":[\"Avellaneda\"],\"inLanguage\":\"es\",\"potentialAction\":[{\"@type\":\"CommentAction\",\"name\":\"Comment\",\"target\":[\"https:\\\/\\\/diarioprincipios.com\\\/index.php\\\/2023\\\/04\\\/04\\\/un-nuevo-jardin-maternal-para-avellaneda\\\/#respond\"]}]},{\"@type\":\"WebPage\",\"@id\":\"https:\\\/\\\/diarioprincipios.com\\\/index.php\\\/2023\\\/04\\\/04\\\/un-nuevo-jardin-maternal-para-avellaneda\\\/\",\"url\":\"https:\\\/\\\/diarioprincipios.com\\\/index.php\\\/2023\\\/04\\\/04\\\/un-nuevo-jardin-maternal-para-avellaneda\\\/\",\"name\":\"Un nuevo jard\u00edn maternal para Avellaneda - Principios\",\"isPartOf\":{\"@id\":\"https:\\\/\\\/diarioprincipios.com\\\/#website\"},\"primaryImageOfPage\":{\"@id\":\"https:\\\/\\\/diarioprincipios.com\\\/index.php\\\/2023\\\/04\\\/04\\\/un-nuevo-jardin-maternal-para-avellaneda\\\/#primaryimage\"},\"image\":{\"@id\":\"https:\\\/\\\/diarioprincipios.com\\\/index.php\\\/2023\\\/04\\\/04\\\/un-nuevo-jardin-maternal-para-avellaneda\\\/#primaryimage\"},\"thumbnailUrl\":\"https:\\\/\\\/diarioprincipios.com\\\/wp-content\\\/uploads\\\/2023\\\/04\\\/Screenshot_20230404-142733_Yahoo-Mail.jpg\",\"datePublished\":\"2023-04-04T17:31:09+00:00\",\"dateModified\":\"2023-04-04T17:31:11+00:00\",\"breadcrumb\":{\"@id\":\"https:\\\/\\\/diarioprincipios.com\\\/index.php\\\/2023\\\/04\\\/04\\\/un-nuevo-jardin-maternal-para-avellaneda\\\/#breadcrumb\"},\"inLanguage\":\"es\",\"potentialAction\":[{\"@type\":\"ReadAction\",\"target\":[\"https:\\\/\\\/diarioprincipios.com\\\/index.php\\\/2023\\\/04\\\/04\\\/un-nuevo-jardin-maternal-para-avellaneda\\\/\"]}]},{\"@type\":\"ImageObject\",\"inLanguage\":\"es\",\"@id\":\"https:\\\/\\\/diarioprincipios.com\\\/index.php\\\/2023\\\/04\\\/04\\\/un-nuevo-jardin-maternal-para-avellaneda\\\/#primaryimage\",\"url\":\"https:\\\/\\\/diarioprincipios.com\\\/wp-content\\\/uploads\\\/2023\\\/04\\\/Screenshot_20230404-142733_Yahoo-Mail.jpg\",\"contentUrl\":\"https:\\\/\\\/diarioprincipios.com\\\/wp-content\\\/uploads\\\/2023\\\/04\\\/Screenshot_20230404-142733_Yahoo-Mail.jpg\",\"width\":1080,\"height\":720},{\"@type\":\"BreadcrumbList\",\"@id\":\"https:\\\/\\\/diarioprincipios.com\\\/index.php\\\/2023\\\/04\\\/04\\\/un-nuevo-jardin-maternal-para-avellaneda\\\/#breadcrumb\",\"itemListElement\":[{\"@type\":\"ListItem\",\"position\":1,\"name\":\"Portada\",\"item\":\"https:\\\/\\\/diarioprincipios.com\\\/\"},{\"@type\":\"ListItem\",\"position\":2,\"name\":\"Un nuevo jard\u00edn maternal para Avellaneda\"}]},{\"@type\":\"WebSite\",\"@id\":\"https:\\\/\\\/diarioprincipios.com\\\/#website\",\"url\":\"https:\\\/\\\/diarioprincipios.com\\\/\",\"name\":\"Principios\",\"description\":\"Principios Diario\",\"publisher\":{\"@id\":\"https:\\\/\\\/diarioprincipios.com\\\/#organization\"},\"potentialAction\":[{\"@type\":\"SearchAction\",\"target\":{\"@type\":\"EntryPoint\",\"urlTemplate\":\"https:\\\/\\\/diarioprincipios.com\\\/?s={search_term_string}\"},\"query-input\":{\"@type\":\"PropertyValueSpecification\",\"valueRequired\":true,\"valueName\":\"search_term_string\"}}],\"inLanguage\":\"es\"},{\"@type\":\"Organization\",\"@id\":\"https:\\\/\\\/diarioprincipios.com\\\/#organization\",\"name\":\"Principios\",\"url\":\"https:\\\/\\\/diarioprincipios.com\\\/\",\"logo\":{\"@type\":\"ImageObject\",\"inLanguage\":\"es\",\"@id\":\"https:\\\/\\\/diarioprincipios.com\\\/#\\\/schema\\\/logo\\\/image\\\/\",\"url\":\"https:\\\/\\\/diarioprincipios.com\\\/wp-content\\\/uploads\\\/2024\\\/04\\\/cropped-www.diarioprincipios.com_-1.png\",\"contentUrl\":\"https:\\\/\\\/diarioprincipios.com\\\/wp-content\\\/uploads\\\/2024\\\/04\\\/cropped-www.diarioprincipios.com_-1.png\",\"width\":5325,\"height\":1454,\"caption\":\"Principios\"},\"image\":{\"@id\":\"https:\\\/\\\/diarioprincipios.com\\\/#\\\/schema\\\/logo\\\/image\\\/\"}},{\"@type\":\"Person\",\"@id\":\"https:\\\/\\\/diarioprincipios.com\\\/#\\\/schema\\\/person\\\/436d5a1fd41a5e250e23ff5a6a7cb080\",\"name\":\"Hern\u00e1n L\u00f3pez\",\"image\":{\"@type\":\"ImageObject\",\"inLanguage\":\"es\",\"@id\":\"https:\\\/\\\/diarioprincipios.com\\\/wp-content\\\/litespeed\\\/avatar\\\/11ddfe5610ff3bd100522525b2571f48.jpg?ver=1777653193\",\"url\":\"https:\\\/\\\/diarioprincipios.com\\\/wp-content\\\/litespeed\\\/avatar\\\/11ddfe5610ff3bd100522525b2571f48.jpg?ver=1777653193\",\"contentUrl\":\"https:\\\/\\\/diarioprincipios.com\\\/wp-content\\\/litespeed\\\/avatar\\\/11ddfe5610ff3bd100522525b2571f48.jpg?ver=1777653193\",\"caption\":\"Hern\u00e1n L\u00f3pez\"},\"url\":\"https:\\\/\\\/diarioprincipios.com\\\/index.php\\\/author\\\/hernan\\\/\"}]}<\/script>\n<!-- \/ Yoast SEO plugin. -->","yoast_head_json":{"title":"Un nuevo jard\u00edn maternal para Avellaneda - Principios","robots":{"index":"index","follow":"follow","max-snippet":"max-snippet:-1","max-image-preview":"max-image-preview:large","max-video-preview":"max-video-preview:-1"},"canonical":"https:\/\/diarioprincipios.com\/index.php\/2023\/04\/04\/un-nuevo-jardin-maternal-para-avellaneda\/","og_locale":"es_ES","og_type":"article","og_title":"Un nuevo jard\u00edn maternal para Avellaneda - Principios","og_description":"El intendente Jorge Ferraresi, junto con Magdalena Sierra y autoridades educativas, inauguraron el Jard\u00edn Maternal Municipal N\u00ba 24, en Gerli. En el marco del programa municipal Haciendo Escuela, el intendente Jorge Ferraresi particip\u00f3 del acto de inicio de clases en este nuevo centro educativo destinado a ni\u00f1os y ni\u00f1as de entre 45 d\u00edas y 3...","og_url":"https:\/\/diarioprincipios.com\/index.php\/2023\/04\/04\/un-nuevo-jardin-maternal-para-avellaneda\/","og_site_name":"Principios","article_published_time":"2023-04-04T17:31:09+00:00","article_modified_time":"2023-04-04T17:31:11+00:00","og_image":[{"width":1080,"height":720,"url":"https:\/\/diarioprincipios.com\/wp-content\/uploads\/2023\/04\/Screenshot_20230404-142733_Yahoo-Mail.jpg","type":"image\/jpeg"}],"author":"Hern\u00e1n L\u00f3pez","twitter_card":"summary_large_image","twitter_misc":{"Escrito por":"Hern\u00e1n L\u00f3pez","Tiempo de lectura":"2 minutos"},"schema":{"@context":"https:\/\/schema.org","@graph":[{"@type":"Article","@id":"https:\/\/diarioprincipios.com\/index.php\/2023\/04\/04\/un-nuevo-jardin-maternal-para-avellaneda\/#article","isPartOf":{"@id":"https:\/\/diarioprincipios.com\/index.php\/2023\/04\/04\/un-nuevo-jardin-maternal-para-avellaneda\/"},"author":{"name":"Hern\u00e1n L\u00f3pez","@id":"https:\/\/diarioprincipios.com\/#\/schema\/person\/436d5a1fd41a5e250e23ff5a6a7cb080"},"headline":"Un nuevo jard\u00edn maternal para Avellaneda","datePublished":"2023-04-04T17:31:09+00:00","dateModified":"2023-04-04T17:31:11+00:00","mainEntityOfPage":{"@id":"https:\/\/diarioprincipios.com\/index.php\/2023\/04\/04\/un-nuevo-jardin-maternal-para-avellaneda\/"},"wordCount":233,"commentCount":0,"publisher":{"@id":"https:\/\/diarioprincipios.com\/#organization"},"image":{"@id":"https:\/\/diarioprincipios.com\/index.php\/2023\/04\/04\/un-nuevo-jardin-maternal-para-avellaneda\/#primaryimage"},"thumbnailUrl":"https:\/\/diarioprincipios.com\/wp-content\/uploads\/2023\/04\/Screenshot_20230404-142733_Yahoo-Mail.jpg","articleSection":["Avellaneda"],"inLanguage":"es","potentialAction":[{"@type":"CommentAction","name":"Comment","target":["https:\/\/diarioprincipios.com\/index.php\/2023\/04\/04\/un-nuevo-jardin-maternal-para-avellaneda\/#respond"]}]},{"@type":"WebPage","@id":"https:\/\/diarioprincipios.com\/index.php\/2023\/04\/04\/un-nuevo-jardin-maternal-para-avellaneda\/","url":"https:\/\/diarioprincipios.com\/index.php\/2023\/04\/04\/un-nuevo-jardin-maternal-para-avellaneda\/","name":"Un nuevo jard\u00edn maternal para Avellaneda - Principios","isPartOf":{"@id":"https:\/\/diarioprincipios.com\/#website"},"primaryImageOfPage":{"@id":"https:\/\/diarioprincipios.com\/index.php\/2023\/04\/04\/un-nuevo-jardin-maternal-para-avellaneda\/#primaryimage"},"image":{"@id":"https:\/\/diarioprincipios.com\/index.php\/2023\/04\/04\/un-nuevo-jardin-maternal-para-avellaneda\/#primaryimage"},"thumbnailUrl":"https:\/\/diarioprincipios.com\/wp-content\/uploads\/2023\/04\/Screenshot_20230404-142733_Yahoo-Mail.jpg","datePublished":"2023-04-04T17:31:09+00:00","dateModified":"2023-04-04T17:31:11+00:00","breadcrumb":{"@id":"https:\/\/diarioprincipios.com\/index.php\/2023\/04\/04\/un-nuevo-jardin-maternal-para-avellaneda\/#breadcrumb"},"inLanguage":"es","potentialAction":[{"@type":"ReadAction","target":["https:\/\/diarioprincipios.com\/index.php\/2023\/04\/04\/un-nuevo-jardin-maternal-para-avellaneda\/"]}]},{"@type":"ImageObject","inLanguage":"es","@id":"https:\/\/diarioprincipios.com\/index.php\/2023\/04\/04\/un-nuevo-jardin-maternal-para-avellaneda\/#primaryimage","url":"https:\/\/diarioprincipios.com\/wp-content\/uploads\/2023\/04\/Screenshot_20230404-142733_Yahoo-Mail.jpg","contentUrl":"https:\/\/diarioprincipios.com\/wp-content\/uploads\/2023\/04\/Screenshot_20230404-142733_Yahoo-Mail.jpg","width":1080,"height":720},{"@type":"BreadcrumbList","@id":"https:\/\/diarioprincipios.com\/index.php\/2023\/04\/04\/un-nuevo-jardin-maternal-para-avellaneda\/#breadcrumb","itemListElement":[{"@type":"ListItem","position":1,"name":"Portada","item":"https:\/\/diarioprincipios.com\/"},{"@type":"ListItem","position":2,"name":"Un nuevo jard\u00edn maternal para Avellaneda"}]},{"@type":"WebSite","@id":"https:\/\/diarioprincipios.com\/#website","url":"https:\/\/diarioprincipios.com\/","name":"Principios","description":"Principios Diario","publisher":{"@id":"https:\/\/diarioprincipios.com\/#organization"},"potentialAction":[{"@type":"SearchAction","target":{"@type":"EntryPoint","urlTemplate":"https:\/\/diarioprincipios.com\/?s={search_term_string}"},"query-input":{"@type":"PropertyValueSpecification","valueRequired":true,"valueName":"search_term_string"}}],"inLanguage":"es"},{"@type":"Organization","@id":"https:\/\/diarioprincipios.com\/#organization","name":"Principios","url":"https:\/\/diarioprincipios.com\/","logo":{"@type":"ImageObject","inLanguage":"es","@id":"https:\/\/diarioprincipios.com\/#\/schema\/logo\/image\/","url":"https:\/\/diarioprincipios.com\/wp-content\/uploads\/2024\/04\/cropped-www.diarioprincipios.com_-1.png","contentUrl":"https:\/\/diarioprincipios.com\/wp-content\/uploads\/2024\/04\/cropped-www.diarioprincipios.com_-1.png","width":5325,"height":1454,"caption":"Principios"},"image":{"@id":"https:\/\/diarioprincipios.com\/#\/schema\/logo\/image\/"}},{"@type":"Person","@id":"https:\/\/diarioprincipios.com\/#\/schema\/person\/436d5a1fd41a5e250e23ff5a6a7cb080","name":"Hern\u00e1n L\u00f3pez","image":{"@type":"ImageObject","inLanguage":"es","@id":"https:\/\/diarioprincipios.com\/wp-content\/litespeed\/avatar\/11ddfe5610ff3bd100522525b2571f48.jpg?ver=1777653193","url":"https:\/\/diarioprincipios.com\/wp-content\/litespeed\/avatar\/11ddfe5610ff3bd100522525b2571f48.jpg?ver=1777653193","contentUrl":"https:\/\/diarioprincipios.com\/wp-content\/litespeed\/avatar\/11ddfe5610ff3bd100522525b2571f48.jpg?ver=1777653193","caption":"Hern\u00e1n L\u00f3pez"},"url":"https:\/\/diarioprincipios.com\/index.php\/author\/hernan\/"}]}},"jetpack_featured_media_url":"https:\/\/diarioprincipios.com\/wp-content\/uploads\/2023\/04\/Screenshot_20230404-142733_Yahoo-Mail.jpg","_links":{"self":[{"href":"https:\/\/diarioprincipios.com\/index.php\/wp-json\/wp\/v2\/posts\/16447","targetHints":{"allow":["GET"]}}],"collection":[{"href":"https:\/\/diarioprincipios.com\/index.php\/wp-json\/wp\/v2\/posts"}],"about":[{"href":"https:\/\/diarioprincipios.com\/index.php\/wp-json\/wp\/v2\/types\/post"}],"author":[{"embeddable":true,"href":"https:\/\/diarioprincipios.com\/index.php\/wp-json\/wp\/v2\/users\/2"}],"replies":[{"embeddable":true,"href":"https:\/\/diarioprincipios.com\/index.php\/wp-json\/wp\/v2\/comments?post=16447"}],"version-history":[{"count":1,"href":"https:\/\/diarioprincipios.com\/index.php\/wp-json\/wp\/v2\/posts\/16447\/revisions"}],"predecessor-version":[{"id":16451,"href":"https:\/\/diarioprincipios.com\/index.php\/wp-json\/wp\/v2\/posts\/16447\/revisions\/16451"}],"wp:featuredmedia":[{"embeddable":true,"href":"https:\/\/diarioprincipios.com\/index.php\/wp-json\/wp\/v2\/media\/16450"}],"wp:attachment":[{"href":"https:\/\/diarioprincipios.com\/index.php\/wp-json\/wp\/v2\/media?parent=16447"}],"wp:term":[{"taxonomy":"category","embeddable":true,"href":"https:\/\/diarioprincipios.com\/index.php\/wp-json\/wp\/v2\/categories?post=16447"},{"taxonomy":"post_tag","embeddable":true,"href":"https:\/\/diarioprincipios.com\/index.php\/wp-json\/wp\/v2\/tags?post=16447"}],"curies":[{"name":"wp","href":"https:\/\/api.w.org\/{rel}","templated":true}]}}