{"id":16416,"date":"2023-04-03T09:11:04","date_gmt":"2023-04-03T12:11:04","guid":{"rendered":"http:\/\/diarioprincipios.com\/?p=16416"},"modified":"2023-04-03T09:11:05","modified_gmt":"2023-04-03T12:11:05","slug":"berazategui-refuerza-la-prevencion-del-dengue","status":"publish","type":"post","link":"https:\/\/diarioprincipios.com\/index.php\/2023\/04\/03\/berazategui-refuerza-la-prevencion-del-dengue\/","title":{"rendered":"Berazategui refuerza la prevenci\u00f3n del Dengue"},"content":{"rendered":"\n<p><strong>La Municipalidad de Berazategui, mediante la Secretar\u00eda de Salud P\u00fablica e Higiene, informa las medidas a tomar para evitar la proliferaci\u00f3n del mosquito transmisor del dengue, zika y la fiebre chikungunya y, de esta manera, cuidar la salud de todos los vecinos y vecinas.<\/strong><\/p>\n\n\n\n<p>Al respecto, la Dra. Luciana Soto, subsecretaria de Salud, afirm\u00f3: \u201cEs muy importante seguir concientizando acerca de la prevenci\u00f3n del dengue, debido a su alta circulaci\u00f3n, actualmente, en toda la regi\u00f3n del AMBA, incluida Berazategui. Debemos hacer todo lo posible para erradicar al mosquito vector de esta enfermedad, el Aedes aegypti, de origen domiciliario (preferentemente). La principal medida a tomar durante todo el a\u00f1o para lograr que el mosquito no se reproduzca es la descacharrizaci\u00f3n, la fumigaci\u00f3n es una medida complementaria ya que solo elimina a los mosquitos adultos. Nuestra tarea implica la eliminaci\u00f3n de todos los criaderos de mosquitos\u201d.<\/p>\n\n\n\n<figure class=\"wp-block-image size-large\"><img loading=\"lazy\" decoding=\"async\" width=\"1024\" height=\"682\" src=\"https:\/\/diarioprincipios.com\/wp-content\/uploads\/2023\/04\/BERAZATEGUI-REFUERZA-LA-PREVENCION-DEL-DENGUE1-1024x682.jpg\" alt=\"\" class=\"wp-image-16417\" srcset=\"https:\/\/diarioprincipios.com\/wp-content\/uploads\/2023\/04\/BERAZATEGUI-REFUERZA-LA-PREVENCION-DEL-DENGUE1-1024x682.jpg 1024w, https:\/\/diarioprincipios.com\/wp-content\/uploads\/2023\/04\/BERAZATEGUI-REFUERZA-LA-PREVENCION-DEL-DENGUE1-300x200.jpg 300w, https:\/\/diarioprincipios.com\/wp-content\/uploads\/2023\/04\/BERAZATEGUI-REFUERZA-LA-PREVENCION-DEL-DENGUE1-768x512.jpg 768w, https:\/\/diarioprincipios.com\/wp-content\/uploads\/2023\/04\/BERAZATEGUI-REFUERZA-LA-PREVENCION-DEL-DENGUE1-1536x1023.jpg 1536w, https:\/\/diarioprincipios.com\/wp-content\/uploads\/2023\/04\/BERAZATEGUI-REFUERZA-LA-PREVENCION-DEL-DENGUE1.jpg 1600w\" sizes=\"auto, (max-width: 1024px) 100vw, 1024px\" \/><\/figure>\n\n\n\n<p>Por consiguiente, se recomienda:<\/p>\n\n\n\n<p>&#8211; Desechar bidones, botellas, lonas, cubiertas, baldes, tapas y todo&nbsp;recipiente que no se utilice. Cualquier peque\u00f1o objeto que acumule agua, incluso una tapita de pl\u00e1stico, sirve para que el mosquito ponga&nbsp;sus huevos y se reproduzca.<br>&#8211; Mantener jardines y patios ordenados.<br>&#8211; Cambiar frecuentemente el agua de bebederos de animales.<br>&#8211; Colocar mosquiteros en puertas y ventanas.<br>&#8211; Renovar el agua y mantener limpios los floreros.<br>&#8211; Tapar tanques de agua.<\/p>\n\n\n\n<p>Si se presentan algunos de los s\u00edntomas de esta enfermedad, se debe acudir de inmediato a un Centro de Salud, como por ejemplo:<\/p>\n\n\n\n<p>&#8211; Dolor detr\u00e1s de los ojos, de cabeza, muscular y de articulaciones.<br>&#8211; N\u00e1useas y v\u00f3mitos.<br>&#8211; Cansancio intenso.<br>&#8211; Aparici\u00f3n de manchas en la piel.<br>&#8211; Picaz\u00f3n y\/o sangrado de nariz y enc\u00edas.<\/p>\n\n\n\n<figure class=\"wp-block-image size-full\"><img loading=\"lazy\" decoding=\"async\" width=\"900\" height=\"600\" src=\"https:\/\/diarioprincipios.com\/wp-content\/uploads\/2023\/04\/BERAZATEGUI-REFUERZA-LA-PREVENCION-DEL-DENGUE.jpg\" alt=\"\" class=\"wp-image-16418\" srcset=\"https:\/\/diarioprincipios.com\/wp-content\/uploads\/2023\/04\/BERAZATEGUI-REFUERZA-LA-PREVENCION-DEL-DENGUE.jpg 900w, https:\/\/diarioprincipios.com\/wp-content\/uploads\/2023\/04\/BERAZATEGUI-REFUERZA-LA-PREVENCION-DEL-DENGUE-300x200.jpg 300w, https:\/\/diarioprincipios.com\/wp-content\/uploads\/2023\/04\/BERAZATEGUI-REFUERZA-LA-PREVENCION-DEL-DENGUE-768x512.jpg 768w\" sizes=\"auto, (max-width: 900px) 100vw, 900px\" \/><\/figure>\n\n\n\n<p><strong>Jornadas de prevenci\u00f3n en los barrios<\/strong><\/p>\n\n\n\n<p>El Municipio realiza jornadas de descacharrizaci\u00f3n y fumigaci\u00f3n en distintos barrios de Berazategui. En estos operativos barriales, los promotores de salud visitan a los vecinos y vecinas para informarles sobre las medidas preventivas, adem\u00e1s se entregan bolsas de residuos para eliminar los potenciales criaderos y, posteriormente, son retiradas por agentes de la Coordinaci\u00f3n de Higiene Urbana.<\/p>\n","protected":false},"excerpt":{"rendered":"<p>La Municipalidad de Berazategui, mediante la Secretar\u00eda de Salud P\u00fablica e Higiene, informa las medidas a tomar para evitar la proliferaci\u00f3n del mosquito transmisor del dengue, zika y la fiebre chikungunya y, de esta manera, cuidar la salud de todos los vecinos y vecinas. Al respecto, la Dra. Luciana Soto, subsecretaria de Salud, afirm\u00f3: \u201cEs&#8230;<\/p>\n","protected":false},"author":2,"featured_media":16419,"comment_status":"open","ping_status":"open","sticky":false,"template":"","format":"standard","meta":{"footnotes":""},"categories":[3],"tags":[],"class_list":["post-16416","post","type-post","status-publish","format-standard","has-post-thumbnail","hentry","category-berazategui"],"featured_image_src":"https:\/\/diarioprincipios.com\/wp-content\/uploads\/2023\/04\/BERAZATEGUI-REFUERZA-LA-PREVENCION-DEL-DENGUE2-1024x767.jpg","blog_images":{"medium":"https:\/\/diarioprincipios.com\/wp-content\/uploads\/2023\/04\/BERAZATEGUI-REFUERZA-LA-PREVENCION-DEL-DENGUE2-300x225.jpg","large":"https:\/\/diarioprincipios.com\/wp-content\/uploads\/2023\/04\/BERAZATEGUI-REFUERZA-LA-PREVENCION-DEL-DENGUE2-1024x767.jpg"},"ams_acf":[],"yoast_head":"<!-- This site is optimized with the Yoast SEO plugin v27.3 - https:\/\/yoast.com\/product\/yoast-seo-wordpress\/ -->\n<title>Berazategui refuerza la prevenci\u00f3n del Dengue - Principios<\/title>\n<meta name=\"robots\" content=\"index, follow, max-snippet:-1, max-image-preview:large, max-video-preview:-1\" \/>\n<link rel=\"canonical\" href=\"https:\/\/diarioprincipios.com\/index.php\/2023\/04\/03\/berazategui-refuerza-la-prevencion-del-dengue\/\" \/>\n<meta property=\"og:locale\" content=\"es_ES\" \/>\n<meta property=\"og:type\" content=\"article\" \/>\n<meta property=\"og:title\" content=\"Berazategui refuerza la prevenci\u00f3n del Dengue - Principios\" \/>\n<meta property=\"og:description\" content=\"La Municipalidad de Berazategui, mediante la Secretar\u00eda de Salud P\u00fablica e Higiene, informa las medidas a tomar para evitar la proliferaci\u00f3n del mosquito transmisor del dengue, zika y la fiebre chikungunya y, de esta manera, cuidar la salud de todos los vecinos y vecinas. Al respecto, la Dra. Luciana Soto, subsecretaria de Salud, afirm\u00f3: \u201cEs...\" \/>\n<meta property=\"og:url\" content=\"https:\/\/diarioprincipios.com\/index.php\/2023\/04\/03\/berazategui-refuerza-la-prevencion-del-dengue\/\" \/>\n<meta property=\"og:site_name\" content=\"Principios\" \/>\n<meta property=\"article:published_time\" content=\"2023-04-03T12:11:04+00:00\" \/>\n<meta property=\"article:modified_time\" content=\"2023-04-03T12:11:05+00:00\" \/>\n<meta property=\"og:image\" content=\"https:\/\/diarioprincipios.com\/wp-content\/uploads\/2023\/04\/BERAZATEGUI-REFUERZA-LA-PREVENCION-DEL-DENGUE2.jpg\" \/>\n\t<meta property=\"og:image:width\" content=\"1600\" \/>\n\t<meta property=\"og:image:height\" content=\"1199\" \/>\n\t<meta property=\"og:image:type\" content=\"image\/jpeg\" \/>\n<meta name=\"author\" content=\"Hern\u00e1n L\u00f3pez\" \/>\n<meta name=\"twitter:card\" content=\"summary_large_image\" \/>\n<meta name=\"twitter:label1\" content=\"Escrito por\" \/>\n\t<meta name=\"twitter:data1\" content=\"Hern\u00e1n L\u00f3pez\" \/>\n\t<meta name=\"twitter:label2\" content=\"Tiempo de lectura\" \/>\n\t<meta name=\"twitter:data2\" content=\"2 minutos\" \/>\n<script type=\"application\/ld+json\" class=\"yoast-schema-graph\">{\"@context\":\"https:\\\/\\\/schema.org\",\"@graph\":[{\"@type\":\"Article\",\"@id\":\"https:\\\/\\\/diarioprincipios.com\\\/index.php\\\/2023\\\/04\\\/03\\\/berazategui-refuerza-la-prevencion-del-dengue\\\/#article\",\"isPartOf\":{\"@id\":\"https:\\\/\\\/diarioprincipios.com\\\/index.php\\\/2023\\\/04\\\/03\\\/berazategui-refuerza-la-prevencion-del-dengue\\\/\"},\"author\":{\"name\":\"Hern\u00e1n L\u00f3pez\",\"@id\":\"https:\\\/\\\/diarioprincipios.com\\\/#\\\/schema\\\/person\\\/436d5a1fd41a5e250e23ff5a6a7cb080\"},\"headline\":\"Berazategui refuerza la prevenci\u00f3n del Dengue\",\"datePublished\":\"2023-04-03T12:11:04+00:00\",\"dateModified\":\"2023-04-03T12:11:05+00:00\",\"mainEntityOfPage\":{\"@id\":\"https:\\\/\\\/diarioprincipios.com\\\/index.php\\\/2023\\\/04\\\/03\\\/berazategui-refuerza-la-prevencion-del-dengue\\\/\"},\"wordCount\":374,\"commentCount\":0,\"publisher\":{\"@id\":\"https:\\\/\\\/diarioprincipios.com\\\/#organization\"},\"image\":{\"@id\":\"https:\\\/\\\/diarioprincipios.com\\\/index.php\\\/2023\\\/04\\\/03\\\/berazategui-refuerza-la-prevencion-del-dengue\\\/#primaryimage\"},\"thumbnailUrl\":\"https:\\\/\\\/diarioprincipios.com\\\/wp-content\\\/uploads\\\/2023\\\/04\\\/BERAZATEGUI-REFUERZA-LA-PREVENCION-DEL-DENGUE2.jpg\",\"articleSection\":[\"Berazategui\"],\"inLanguage\":\"es\",\"potentialAction\":[{\"@type\":\"CommentAction\",\"name\":\"Comment\",\"target\":[\"https:\\\/\\\/diarioprincipios.com\\\/index.php\\\/2023\\\/04\\\/03\\\/berazategui-refuerza-la-prevencion-del-dengue\\\/#respond\"]}]},{\"@type\":\"WebPage\",\"@id\":\"https:\\\/\\\/diarioprincipios.com\\\/index.php\\\/2023\\\/04\\\/03\\\/berazategui-refuerza-la-prevencion-del-dengue\\\/\",\"url\":\"https:\\\/\\\/diarioprincipios.com\\\/index.php\\\/2023\\\/04\\\/03\\\/berazategui-refuerza-la-prevencion-del-dengue\\\/\",\"name\":\"Berazategui refuerza la prevenci\u00f3n del Dengue - Principios\",\"isPartOf\":{\"@id\":\"https:\\\/\\\/diarioprincipios.com\\\/#website\"},\"primaryImageOfPage\":{\"@id\":\"https:\\\/\\\/diarioprincipios.com\\\/index.php\\\/2023\\\/04\\\/03\\\/berazategui-refuerza-la-prevencion-del-dengue\\\/#primaryimage\"},\"image\":{\"@id\":\"https:\\\/\\\/diarioprincipios.com\\\/index.php\\\/2023\\\/04\\\/03\\\/berazategui-refuerza-la-prevencion-del-dengue\\\/#primaryimage\"},\"thumbnailUrl\":\"https:\\\/\\\/diarioprincipios.com\\\/wp-content\\\/uploads\\\/2023\\\/04\\\/BERAZATEGUI-REFUERZA-LA-PREVENCION-DEL-DENGUE2.jpg\",\"datePublished\":\"2023-04-03T12:11:04+00:00\",\"dateModified\":\"2023-04-03T12:11:05+00:00\",\"breadcrumb\":{\"@id\":\"https:\\\/\\\/diarioprincipios.com\\\/index.php\\\/2023\\\/04\\\/03\\\/berazategui-refuerza-la-prevencion-del-dengue\\\/#breadcrumb\"},\"inLanguage\":\"es\",\"potentialAction\":[{\"@type\":\"ReadAction\",\"target\":[\"https:\\\/\\\/diarioprincipios.com\\\/index.php\\\/2023\\\/04\\\/03\\\/berazategui-refuerza-la-prevencion-del-dengue\\\/\"]}]},{\"@type\":\"ImageObject\",\"inLanguage\":\"es\",\"@id\":\"https:\\\/\\\/diarioprincipios.com\\\/index.php\\\/2023\\\/04\\\/03\\\/berazategui-refuerza-la-prevencion-del-dengue\\\/#primaryimage\",\"url\":\"https:\\\/\\\/diarioprincipios.com\\\/wp-content\\\/uploads\\\/2023\\\/04\\\/BERAZATEGUI-REFUERZA-LA-PREVENCION-DEL-DENGUE2.jpg\",\"contentUrl\":\"https:\\\/\\\/diarioprincipios.com\\\/wp-content\\\/uploads\\\/2023\\\/04\\\/BERAZATEGUI-REFUERZA-LA-PREVENCION-DEL-DENGUE2.jpg\",\"width\":1600,\"height\":1199},{\"@type\":\"BreadcrumbList\",\"@id\":\"https:\\\/\\\/diarioprincipios.com\\\/index.php\\\/2023\\\/04\\\/03\\\/berazategui-refuerza-la-prevencion-del-dengue\\\/#breadcrumb\",\"itemListElement\":[{\"@type\":\"ListItem\",\"position\":1,\"name\":\"Portada\",\"item\":\"https:\\\/\\\/diarioprincipios.com\\\/\"},{\"@type\":\"ListItem\",\"position\":2,\"name\":\"Berazategui refuerza la prevenci\u00f3n del Dengue\"}]},{\"@type\":\"WebSite\",\"@id\":\"https:\\\/\\\/diarioprincipios.com\\\/#website\",\"url\":\"https:\\\/\\\/diarioprincipios.com\\\/\",\"name\":\"Principios\",\"description\":\"Principios Diario\",\"publisher\":{\"@id\":\"https:\\\/\\\/diarioprincipios.com\\\/#organization\"},\"potentialAction\":[{\"@type\":\"SearchAction\",\"target\":{\"@type\":\"EntryPoint\",\"urlTemplate\":\"https:\\\/\\\/diarioprincipios.com\\\/?s={search_term_string}\"},\"query-input\":{\"@type\":\"PropertyValueSpecification\",\"valueRequired\":true,\"valueName\":\"search_term_string\"}}],\"inLanguage\":\"es\"},{\"@type\":\"Organization\",\"@id\":\"https:\\\/\\\/diarioprincipios.com\\\/#organization\",\"name\":\"Principios\",\"url\":\"https:\\\/\\\/diarioprincipios.com\\\/\",\"logo\":{\"@type\":\"ImageObject\",\"inLanguage\":\"es\",\"@id\":\"https:\\\/\\\/diarioprincipios.com\\\/#\\\/schema\\\/logo\\\/image\\\/\",\"url\":\"https:\\\/\\\/diarioprincipios.com\\\/wp-content\\\/uploads\\\/2024\\\/04\\\/cropped-www.diarioprincipios.com_-1.png\",\"contentUrl\":\"https:\\\/\\\/diarioprincipios.com\\\/wp-content\\\/uploads\\\/2024\\\/04\\\/cropped-www.diarioprincipios.com_-1.png\",\"width\":5325,\"height\":1454,\"caption\":\"Principios\"},\"image\":{\"@id\":\"https:\\\/\\\/diarioprincipios.com\\\/#\\\/schema\\\/logo\\\/image\\\/\"}},{\"@type\":\"Person\",\"@id\":\"https:\\\/\\\/diarioprincipios.com\\\/#\\\/schema\\\/person\\\/436d5a1fd41a5e250e23ff5a6a7cb080\",\"name\":\"Hern\u00e1n L\u00f3pez\",\"image\":{\"@type\":\"ImageObject\",\"inLanguage\":\"es\",\"@id\":\"https:\\\/\\\/diarioprincipios.com\\\/wp-content\\\/litespeed\\\/avatar\\\/11ddfe5610ff3bd100522525b2571f48.jpg?ver=1777048341\",\"url\":\"https:\\\/\\\/diarioprincipios.com\\\/wp-content\\\/litespeed\\\/avatar\\\/11ddfe5610ff3bd100522525b2571f48.jpg?ver=1777048341\",\"contentUrl\":\"https:\\\/\\\/diarioprincipios.com\\\/wp-content\\\/litespeed\\\/avatar\\\/11ddfe5610ff3bd100522525b2571f48.jpg?ver=1777048341\",\"caption\":\"Hern\u00e1n L\u00f3pez\"},\"url\":\"https:\\\/\\\/diarioprincipios.com\\\/index.php\\\/author\\\/hernan\\\/\"}]}<\/script>\n<!-- \/ Yoast SEO plugin. -->","yoast_head_json":{"title":"Berazategui refuerza la prevenci\u00f3n del Dengue - Principios","robots":{"index":"index","follow":"follow","max-snippet":"max-snippet:-1","max-image-preview":"max-image-preview:large","max-video-preview":"max-video-preview:-1"},"canonical":"https:\/\/diarioprincipios.com\/index.php\/2023\/04\/03\/berazategui-refuerza-la-prevencion-del-dengue\/","og_locale":"es_ES","og_type":"article","og_title":"Berazategui refuerza la prevenci\u00f3n del Dengue - Principios","og_description":"La Municipalidad de Berazategui, mediante la Secretar\u00eda de Salud P\u00fablica e Higiene, informa las medidas a tomar para evitar la proliferaci\u00f3n del mosquito transmisor del dengue, zika y la fiebre chikungunya y, de esta manera, cuidar la salud de todos los vecinos y vecinas. Al respecto, la Dra. Luciana Soto, subsecretaria de Salud, afirm\u00f3: \u201cEs...","og_url":"https:\/\/diarioprincipios.com\/index.php\/2023\/04\/03\/berazategui-refuerza-la-prevencion-del-dengue\/","og_site_name":"Principios","article_published_time":"2023-04-03T12:11:04+00:00","article_modified_time":"2023-04-03T12:11:05+00:00","og_image":[{"width":1600,"height":1199,"url":"https:\/\/diarioprincipios.com\/wp-content\/uploads\/2023\/04\/BERAZATEGUI-REFUERZA-LA-PREVENCION-DEL-DENGUE2.jpg","type":"image\/jpeg"}],"author":"Hern\u00e1n L\u00f3pez","twitter_card":"summary_large_image","twitter_misc":{"Escrito por":"Hern\u00e1n L\u00f3pez","Tiempo de lectura":"2 minutos"},"schema":{"@context":"https:\/\/schema.org","@graph":[{"@type":"Article","@id":"https:\/\/diarioprincipios.com\/index.php\/2023\/04\/03\/berazategui-refuerza-la-prevencion-del-dengue\/#article","isPartOf":{"@id":"https:\/\/diarioprincipios.com\/index.php\/2023\/04\/03\/berazategui-refuerza-la-prevencion-del-dengue\/"},"author":{"name":"Hern\u00e1n L\u00f3pez","@id":"https:\/\/diarioprincipios.com\/#\/schema\/person\/436d5a1fd41a5e250e23ff5a6a7cb080"},"headline":"Berazategui refuerza la prevenci\u00f3n del Dengue","datePublished":"2023-04-03T12:11:04+00:00","dateModified":"2023-04-03T12:11:05+00:00","mainEntityOfPage":{"@id":"https:\/\/diarioprincipios.com\/index.php\/2023\/04\/03\/berazategui-refuerza-la-prevencion-del-dengue\/"},"wordCount":374,"commentCount":0,"publisher":{"@id":"https:\/\/diarioprincipios.com\/#organization"},"image":{"@id":"https:\/\/diarioprincipios.com\/index.php\/2023\/04\/03\/berazategui-refuerza-la-prevencion-del-dengue\/#primaryimage"},"thumbnailUrl":"https:\/\/diarioprincipios.com\/wp-content\/uploads\/2023\/04\/BERAZATEGUI-REFUERZA-LA-PREVENCION-DEL-DENGUE2.jpg","articleSection":["Berazategui"],"inLanguage":"es","potentialAction":[{"@type":"CommentAction","name":"Comment","target":["https:\/\/diarioprincipios.com\/index.php\/2023\/04\/03\/berazategui-refuerza-la-prevencion-del-dengue\/#respond"]}]},{"@type":"WebPage","@id":"https:\/\/diarioprincipios.com\/index.php\/2023\/04\/03\/berazategui-refuerza-la-prevencion-del-dengue\/","url":"https:\/\/diarioprincipios.com\/index.php\/2023\/04\/03\/berazategui-refuerza-la-prevencion-del-dengue\/","name":"Berazategui refuerza la prevenci\u00f3n del Dengue - Principios","isPartOf":{"@id":"https:\/\/diarioprincipios.com\/#website"},"primaryImageOfPage":{"@id":"https:\/\/diarioprincipios.com\/index.php\/2023\/04\/03\/berazategui-refuerza-la-prevencion-del-dengue\/#primaryimage"},"image":{"@id":"https:\/\/diarioprincipios.com\/index.php\/2023\/04\/03\/berazategui-refuerza-la-prevencion-del-dengue\/#primaryimage"},"thumbnailUrl":"https:\/\/diarioprincipios.com\/wp-content\/uploads\/2023\/04\/BERAZATEGUI-REFUERZA-LA-PREVENCION-DEL-DENGUE2.jpg","datePublished":"2023-04-03T12:11:04+00:00","dateModified":"2023-04-03T12:11:05+00:00","breadcrumb":{"@id":"https:\/\/diarioprincipios.com\/index.php\/2023\/04\/03\/berazategui-refuerza-la-prevencion-del-dengue\/#breadcrumb"},"inLanguage":"es","potentialAction":[{"@type":"ReadAction","target":["https:\/\/diarioprincipios.com\/index.php\/2023\/04\/03\/berazategui-refuerza-la-prevencion-del-dengue\/"]}]},{"@type":"ImageObject","inLanguage":"es","@id":"https:\/\/diarioprincipios.com\/index.php\/2023\/04\/03\/berazategui-refuerza-la-prevencion-del-dengue\/#primaryimage","url":"https:\/\/diarioprincipios.com\/wp-content\/uploads\/2023\/04\/BERAZATEGUI-REFUERZA-LA-PREVENCION-DEL-DENGUE2.jpg","contentUrl":"https:\/\/diarioprincipios.com\/wp-content\/uploads\/2023\/04\/BERAZATEGUI-REFUERZA-LA-PREVENCION-DEL-DENGUE2.jpg","width":1600,"height":1199},{"@type":"BreadcrumbList","@id":"https:\/\/diarioprincipios.com\/index.php\/2023\/04\/03\/berazategui-refuerza-la-prevencion-del-dengue\/#breadcrumb","itemListElement":[{"@type":"ListItem","position":1,"name":"Portada","item":"https:\/\/diarioprincipios.com\/"},{"@type":"ListItem","position":2,"name":"Berazategui refuerza la prevenci\u00f3n del Dengue"}]},{"@type":"WebSite","@id":"https:\/\/diarioprincipios.com\/#website","url":"https:\/\/diarioprincipios.com\/","name":"Principios","description":"Principios Diario","publisher":{"@id":"https:\/\/diarioprincipios.com\/#organization"},"potentialAction":[{"@type":"SearchAction","target":{"@type":"EntryPoint","urlTemplate":"https:\/\/diarioprincipios.com\/?s={search_term_string}"},"query-input":{"@type":"PropertyValueSpecification","valueRequired":true,"valueName":"search_term_string"}}],"inLanguage":"es"},{"@type":"Organization","@id":"https:\/\/diarioprincipios.com\/#organization","name":"Principios","url":"https:\/\/diarioprincipios.com\/","logo":{"@type":"ImageObject","inLanguage":"es","@id":"https:\/\/diarioprincipios.com\/#\/schema\/logo\/image\/","url":"https:\/\/diarioprincipios.com\/wp-content\/uploads\/2024\/04\/cropped-www.diarioprincipios.com_-1.png","contentUrl":"https:\/\/diarioprincipios.com\/wp-content\/uploads\/2024\/04\/cropped-www.diarioprincipios.com_-1.png","width":5325,"height":1454,"caption":"Principios"},"image":{"@id":"https:\/\/diarioprincipios.com\/#\/schema\/logo\/image\/"}},{"@type":"Person","@id":"https:\/\/diarioprincipios.com\/#\/schema\/person\/436d5a1fd41a5e250e23ff5a6a7cb080","name":"Hern\u00e1n L\u00f3pez","image":{"@type":"ImageObject","inLanguage":"es","@id":"https:\/\/diarioprincipios.com\/wp-content\/litespeed\/avatar\/11ddfe5610ff3bd100522525b2571f48.jpg?ver=1777048341","url":"https:\/\/diarioprincipios.com\/wp-content\/litespeed\/avatar\/11ddfe5610ff3bd100522525b2571f48.jpg?ver=1777048341","contentUrl":"https:\/\/diarioprincipios.com\/wp-content\/litespeed\/avatar\/11ddfe5610ff3bd100522525b2571f48.jpg?ver=1777048341","caption":"Hern\u00e1n L\u00f3pez"},"url":"https:\/\/diarioprincipios.com\/index.php\/author\/hernan\/"}]}},"jetpack_featured_media_url":"https:\/\/diarioprincipios.com\/wp-content\/uploads\/2023\/04\/BERAZATEGUI-REFUERZA-LA-PREVENCION-DEL-DENGUE2.jpg","_links":{"self":[{"href":"https:\/\/diarioprincipios.com\/index.php\/wp-json\/wp\/v2\/posts\/16416","targetHints":{"allow":["GET"]}}],"collection":[{"href":"https:\/\/diarioprincipios.com\/index.php\/wp-json\/wp\/v2\/posts"}],"about":[{"href":"https:\/\/diarioprincipios.com\/index.php\/wp-json\/wp\/v2\/types\/post"}],"author":[{"embeddable":true,"href":"https:\/\/diarioprincipios.com\/index.php\/wp-json\/wp\/v2\/users\/2"}],"replies":[{"embeddable":true,"href":"https:\/\/diarioprincipios.com\/index.php\/wp-json\/wp\/v2\/comments?post=16416"}],"version-history":[{"count":1,"href":"https:\/\/diarioprincipios.com\/index.php\/wp-json\/wp\/v2\/posts\/16416\/revisions"}],"predecessor-version":[{"id":16420,"href":"https:\/\/diarioprincipios.com\/index.php\/wp-json\/wp\/v2\/posts\/16416\/revisions\/16420"}],"wp:featuredmedia":[{"embeddable":true,"href":"https:\/\/diarioprincipios.com\/index.php\/wp-json\/wp\/v2\/media\/16419"}],"wp:attachment":[{"href":"https:\/\/diarioprincipios.com\/index.php\/wp-json\/wp\/v2\/media?parent=16416"}],"wp:term":[{"taxonomy":"category","embeddable":true,"href":"https:\/\/diarioprincipios.com\/index.php\/wp-json\/wp\/v2\/categories?post=16416"},{"taxonomy":"post_tag","embeddable":true,"href":"https:\/\/diarioprincipios.com\/index.php\/wp-json\/wp\/v2\/tags?post=16416"}],"curies":[{"name":"wp","href":"https:\/\/api.w.org\/{rel}","templated":true}]}}