{"id":16398,"date":"2023-03-31T11:19:30","date_gmt":"2023-03-31T14:19:30","guid":{"rendered":"http:\/\/diarioprincipios.com\/?p=16398"},"modified":"2023-03-31T16:07:47","modified_gmt":"2023-03-31T19:07:47","slug":"nuevas-obras-en-los-municipios-con-inversion-del-gobierno-provincial","status":"publish","type":"post","link":"https:\/\/diarioprincipios.com\/index.php\/2023\/03\/31\/nuevas-obras-en-los-municipios-con-inversion-del-gobierno-provincial\/","title":{"rendered":"Nuevas Obras en los Municipios con inversi\u00f3n del Gobierno Provincial"},"content":{"rendered":"\n<p><strong>Se firmaron convenios con intendentes para la realizaci\u00f3n de obras en el marco del Programa Municipios a la Obra, por el cual cada distrito ejecutar\u00e1 sus proyectos con una inversi\u00f3n directa de la Provincia. Esta medida se llev\u00f3 a cabo en un acto en el Sal\u00f3n Dorado de la Casa de Gobierno bonaerense. All\u00ed estuvo el gobernador Axel Kicillof, junto a intendentes, entre los que se encontraba Juan Jos\u00e9 Mussi.<\/strong><\/p>\n\n\n\n<p>Durante el encuentro, Kicillof se\u00f1al\u00f3: \u00abEste es un esfuerzo muy grande que solo podemos llevar adelante a partir del trabajo conjunto con las y los intendentes de la Provincia, que son quienes mejor conocen las necesidades y las obras m\u00e1s demandadas en cada uno de los municipios\u00bb. Adem\u00e1s, agreg\u00f3: \u201cCon el lanzamiento de Municipios a la Obra, estamos multiplicando la inversi\u00f3n en proyectos de infraestructura que se realizar\u00e1n con recursos provinciales pero con decisi\u00f3n y ejecuci\u00f3n municipal\u201d.<\/p>\n\n\n\n<p>A trav\u00e9s de este programa, se distribuir\u00e1n $45.500 millones para realizar 223 obras en los 135 municipios. Respecto al Fondo de Infraestructura Municipal 2022, el incremento para este a\u00f1o es de 167%: los nuevos proyectos consisten en obras de vialidad, arquitectura, agua y cloacas, energ\u00eda e hidr\u00e1ulica. Este programa se caracteriza por el apoyo directo a los municipios para la ejecuci\u00f3n de trabajos de infraestructura, en forma r\u00e1pida y descentralizada.<\/p>\n\n\n\n<figure class=\"wp-block-image size-large\"><img loading=\"lazy\" decoding=\"async\" width=\"1024\" height=\"683\" src=\"https:\/\/diarioprincipios.com\/wp-content\/uploads\/2023\/03\/NUEVAS-OBRAS-EN-LOS-MUNICIPIOS-CON-INVERSION-DEL-GOBIERNO-PROVINCIAL-1-1024x683.jpg\" alt=\"\" class=\"wp-image-16399\" srcset=\"https:\/\/diarioprincipios.com\/wp-content\/uploads\/2023\/03\/NUEVAS-OBRAS-EN-LOS-MUNICIPIOS-CON-INVERSION-DEL-GOBIERNO-PROVINCIAL-1-1024x683.jpg 1024w, https:\/\/diarioprincipios.com\/wp-content\/uploads\/2023\/03\/NUEVAS-OBRAS-EN-LOS-MUNICIPIOS-CON-INVERSION-DEL-GOBIERNO-PROVINCIAL-1-300x200.jpg 300w, https:\/\/diarioprincipios.com\/wp-content\/uploads\/2023\/03\/NUEVAS-OBRAS-EN-LOS-MUNICIPIOS-CON-INVERSION-DEL-GOBIERNO-PROVINCIAL-1-768x512.jpg 768w, https:\/\/diarioprincipios.com\/wp-content\/uploads\/2023\/03\/NUEVAS-OBRAS-EN-LOS-MUNICIPIOS-CON-INVERSION-DEL-GOBIERNO-PROVINCIAL-1-1536x1024.jpg 1536w, https:\/\/diarioprincipios.com\/wp-content\/uploads\/2023\/03\/NUEVAS-OBRAS-EN-LOS-MUNICIPIOS-CON-INVERSION-DEL-GOBIERNO-PROVINCIAL-1.jpg 1920w\" sizes=\"auto, (max-width: 1024px) 100vw, 1024px\" \/><\/figure>\n\n\n\n<p>Mediante una distribuci\u00f3n equitativa y regulada de los recursos, impulsa tambi\u00e9n la creaci\u00f3n de puestos de trabajo que agilicen la econom\u00eda local de cada distrito.<\/p>\n\n\n\n<p>Durante el acto, suscribieron a los convenios: las intendentas de Lomas de Zamora, Marina Lesci; de Malvinas Argentinas, Noelia Correa; de Merlo, Karina Men\u00e9ndez; de Moreno, Mariel Fern\u00e1ndez; y de Presidente Per\u00f3n, Blanca Cantero; los intendentes de Almirante Brown, Juan Jos\u00e9 Fabiani; de Avellaneda, Jorge Ferraresi; de Escobar, Carlos Ramil; de Florencio Varela, Andr\u00e9s Watson; de San Mart\u00edn, Fernando Moreira; de Hurlingham, Juan Zabaleta; de Marcos Paz, Ricardo Curutchet; de Pilar, Federico Ach\u00e1val; de San Miguel, Jaime M\u00e9ndez; de San Vicente, Nicol\u00e1s Mantegazza; y de Tigre, Julio Zamora; adem\u00e1s del secretario de Obras P\u00fablicas de Ezeiza, Gast\u00f3n Granados.<\/p>\n\n\n\n<p>Por \u00faltimo, Kicillof subray\u00f3 que \u201chay una deuda hist\u00f3rica en materia de infraestructura producto de que hemos sido perjudicados durante mucho tiempo con la distribuci\u00f3n de la coparticipaci\u00f3n\u201d. \u201cEstamos dedicados a saldar las carencias estructurales, pero no alcanza solo con la voluntad pol\u00edtica y la capacidad de ejecuci\u00f3n: necesitamos los recursos que le corresponden a la provincia de Buenos Aires\u201d, concluy\u00f3.<\/p>\n\n\n\n<p>Estuvieron presentes el jefe de Asesores del Gobernador, Carlos Bianco; el vicejefe de Gabinete, Juan Pablo de Jes\u00fas; la secretaria general de la Gobernaci\u00f3n, Agustina Vila; los jefes de Gabinete del Ministerio de Infraestructura y Servicios P\u00fablicos, Franco La Porta; legisladores y legisladoras; concejales y concejalas.<\/p>\n","protected":false},"excerpt":{"rendered":"<p>Se firmaron convenios con intendentes para la realizaci\u00f3n de obras en el marco del Programa Municipios a la Obra, por el cual cada distrito ejecutar\u00e1 sus proyectos con una inversi\u00f3n directa de la Provincia. Esta medida se llev\u00f3 a cabo en un acto en el Sal\u00f3n Dorado de la Casa de Gobierno bonaerense. All\u00ed estuvo&#8230;<\/p>\n","protected":false},"author":2,"featured_media":16400,"comment_status":"open","ping_status":"open","sticky":false,"template":"","format":"standard","meta":{"footnotes":""},"categories":[3],"tags":[],"class_list":["post-16398","post","type-post","status-publish","format-standard","has-post-thumbnail","hentry","category-berazategui"],"featured_image_src":"https:\/\/diarioprincipios.com\/wp-content\/uploads\/2023\/03\/NUEVAS-OBRAS-EN-LOS-MUNICIPIOS-CON-INVERSION-DEL-GOBIERNO-PROVINCIAL-2-1024x683.jpg","blog_images":{"medium":"https:\/\/diarioprincipios.com\/wp-content\/uploads\/2023\/03\/NUEVAS-OBRAS-EN-LOS-MUNICIPIOS-CON-INVERSION-DEL-GOBIERNO-PROVINCIAL-2-300x200.jpg","large":"https:\/\/diarioprincipios.com\/wp-content\/uploads\/2023\/03\/NUEVAS-OBRAS-EN-LOS-MUNICIPIOS-CON-INVERSION-DEL-GOBIERNO-PROVINCIAL-2-1024x683.jpg"},"ams_acf":[],"yoast_head":"<!-- This site is optimized with the Yoast SEO plugin v27.3 - https:\/\/yoast.com\/product\/yoast-seo-wordpress\/ -->\n<title>Nuevas Obras en los Municipios con inversi\u00f3n del Gobierno Provincial - Principios<\/title>\n<meta name=\"robots\" content=\"index, follow, max-snippet:-1, max-image-preview:large, max-video-preview:-1\" \/>\n<link rel=\"canonical\" href=\"https:\/\/diarioprincipios.com\/index.php\/2023\/03\/31\/nuevas-obras-en-los-municipios-con-inversion-del-gobierno-provincial\/\" \/>\n<meta property=\"og:locale\" content=\"es_ES\" \/>\n<meta property=\"og:type\" content=\"article\" \/>\n<meta property=\"og:title\" content=\"Nuevas Obras en los Municipios con inversi\u00f3n del Gobierno Provincial - Principios\" \/>\n<meta property=\"og:description\" content=\"Se firmaron convenios con intendentes para la realizaci\u00f3n de obras en el marco del Programa Municipios a la Obra, por el cual cada distrito ejecutar\u00e1 sus proyectos con una inversi\u00f3n directa de la Provincia. Esta medida se llev\u00f3 a cabo en un acto en el Sal\u00f3n Dorado de la Casa de Gobierno bonaerense. All\u00ed estuvo...\" \/>\n<meta property=\"og:url\" content=\"https:\/\/diarioprincipios.com\/index.php\/2023\/03\/31\/nuevas-obras-en-los-municipios-con-inversion-del-gobierno-provincial\/\" \/>\n<meta property=\"og:site_name\" content=\"Principios\" \/>\n<meta property=\"article:published_time\" content=\"2023-03-31T14:19:30+00:00\" \/>\n<meta property=\"article:modified_time\" content=\"2023-03-31T19:07:47+00:00\" \/>\n<meta property=\"og:image\" content=\"https:\/\/diarioprincipios.com\/wp-content\/uploads\/2023\/03\/NUEVAS-OBRAS-EN-LOS-MUNICIPIOS-CON-INVERSION-DEL-GOBIERNO-PROVINCIAL-2.jpg\" \/>\n\t<meta property=\"og:image:width\" content=\"1920\" \/>\n\t<meta property=\"og:image:height\" content=\"1280\" \/>\n\t<meta property=\"og:image:type\" content=\"image\/jpeg\" \/>\n<meta name=\"author\" content=\"Hern\u00e1n L\u00f3pez\" \/>\n<meta name=\"twitter:card\" content=\"summary_large_image\" \/>\n<meta name=\"twitter:label1\" content=\"Escrito por\" \/>\n\t<meta name=\"twitter:data1\" content=\"Hern\u00e1n L\u00f3pez\" \/>\n\t<meta name=\"twitter:label2\" content=\"Tiempo de lectura\" \/>\n\t<meta name=\"twitter:data2\" content=\"3 minutos\" \/>\n<script type=\"application\/ld+json\" class=\"yoast-schema-graph\">{\"@context\":\"https:\\\/\\\/schema.org\",\"@graph\":[{\"@type\":\"Article\",\"@id\":\"https:\\\/\\\/diarioprincipios.com\\\/index.php\\\/2023\\\/03\\\/31\\\/nuevas-obras-en-los-municipios-con-inversion-del-gobierno-provincial\\\/#article\",\"isPartOf\":{\"@id\":\"https:\\\/\\\/diarioprincipios.com\\\/index.php\\\/2023\\\/03\\\/31\\\/nuevas-obras-en-los-municipios-con-inversion-del-gobierno-provincial\\\/\"},\"author\":{\"name\":\"Hern\u00e1n L\u00f3pez\",\"@id\":\"https:\\\/\\\/diarioprincipios.com\\\/#\\\/schema\\\/person\\\/436d5a1fd41a5e250e23ff5a6a7cb080\"},\"headline\":\"Nuevas Obras en los Municipios con inversi\u00f3n del Gobierno Provincial\",\"datePublished\":\"2023-03-31T14:19:30+00:00\",\"dateModified\":\"2023-03-31T19:07:47+00:00\",\"mainEntityOfPage\":{\"@id\":\"https:\\\/\\\/diarioprincipios.com\\\/index.php\\\/2023\\\/03\\\/31\\\/nuevas-obras-en-los-municipios-con-inversion-del-gobierno-provincial\\\/\"},\"wordCount\":493,\"commentCount\":0,\"publisher\":{\"@id\":\"https:\\\/\\\/diarioprincipios.com\\\/#organization\"},\"image\":{\"@id\":\"https:\\\/\\\/diarioprincipios.com\\\/index.php\\\/2023\\\/03\\\/31\\\/nuevas-obras-en-los-municipios-con-inversion-del-gobierno-provincial\\\/#primaryimage\"},\"thumbnailUrl\":\"https:\\\/\\\/diarioprincipios.com\\\/wp-content\\\/uploads\\\/2023\\\/03\\\/NUEVAS-OBRAS-EN-LOS-MUNICIPIOS-CON-INVERSION-DEL-GOBIERNO-PROVINCIAL-2.jpg\",\"articleSection\":[\"Berazategui\"],\"inLanguage\":\"es\",\"potentialAction\":[{\"@type\":\"CommentAction\",\"name\":\"Comment\",\"target\":[\"https:\\\/\\\/diarioprincipios.com\\\/index.php\\\/2023\\\/03\\\/31\\\/nuevas-obras-en-los-municipios-con-inversion-del-gobierno-provincial\\\/#respond\"]}]},{\"@type\":\"WebPage\",\"@id\":\"https:\\\/\\\/diarioprincipios.com\\\/index.php\\\/2023\\\/03\\\/31\\\/nuevas-obras-en-los-municipios-con-inversion-del-gobierno-provincial\\\/\",\"url\":\"https:\\\/\\\/diarioprincipios.com\\\/index.php\\\/2023\\\/03\\\/31\\\/nuevas-obras-en-los-municipios-con-inversion-del-gobierno-provincial\\\/\",\"name\":\"Nuevas Obras en los Municipios con inversi\u00f3n del Gobierno Provincial - Principios\",\"isPartOf\":{\"@id\":\"https:\\\/\\\/diarioprincipios.com\\\/#website\"},\"primaryImageOfPage\":{\"@id\":\"https:\\\/\\\/diarioprincipios.com\\\/index.php\\\/2023\\\/03\\\/31\\\/nuevas-obras-en-los-municipios-con-inversion-del-gobierno-provincial\\\/#primaryimage\"},\"image\":{\"@id\":\"https:\\\/\\\/diarioprincipios.com\\\/index.php\\\/2023\\\/03\\\/31\\\/nuevas-obras-en-los-municipios-con-inversion-del-gobierno-provincial\\\/#primaryimage\"},\"thumbnailUrl\":\"https:\\\/\\\/diarioprincipios.com\\\/wp-content\\\/uploads\\\/2023\\\/03\\\/NUEVAS-OBRAS-EN-LOS-MUNICIPIOS-CON-INVERSION-DEL-GOBIERNO-PROVINCIAL-2.jpg\",\"datePublished\":\"2023-03-31T14:19:30+00:00\",\"dateModified\":\"2023-03-31T19:07:47+00:00\",\"breadcrumb\":{\"@id\":\"https:\\\/\\\/diarioprincipios.com\\\/index.php\\\/2023\\\/03\\\/31\\\/nuevas-obras-en-los-municipios-con-inversion-del-gobierno-provincial\\\/#breadcrumb\"},\"inLanguage\":\"es\",\"potentialAction\":[{\"@type\":\"ReadAction\",\"target\":[\"https:\\\/\\\/diarioprincipios.com\\\/index.php\\\/2023\\\/03\\\/31\\\/nuevas-obras-en-los-municipios-con-inversion-del-gobierno-provincial\\\/\"]}]},{\"@type\":\"ImageObject\",\"inLanguage\":\"es\",\"@id\":\"https:\\\/\\\/diarioprincipios.com\\\/index.php\\\/2023\\\/03\\\/31\\\/nuevas-obras-en-los-municipios-con-inversion-del-gobierno-provincial\\\/#primaryimage\",\"url\":\"https:\\\/\\\/diarioprincipios.com\\\/wp-content\\\/uploads\\\/2023\\\/03\\\/NUEVAS-OBRAS-EN-LOS-MUNICIPIOS-CON-INVERSION-DEL-GOBIERNO-PROVINCIAL-2.jpg\",\"contentUrl\":\"https:\\\/\\\/diarioprincipios.com\\\/wp-content\\\/uploads\\\/2023\\\/03\\\/NUEVAS-OBRAS-EN-LOS-MUNICIPIOS-CON-INVERSION-DEL-GOBIERNO-PROVINCIAL-2.jpg\",\"width\":1920,\"height\":1280},{\"@type\":\"BreadcrumbList\",\"@id\":\"https:\\\/\\\/diarioprincipios.com\\\/index.php\\\/2023\\\/03\\\/31\\\/nuevas-obras-en-los-municipios-con-inversion-del-gobierno-provincial\\\/#breadcrumb\",\"itemListElement\":[{\"@type\":\"ListItem\",\"position\":1,\"name\":\"Portada\",\"item\":\"https:\\\/\\\/diarioprincipios.com\\\/\"},{\"@type\":\"ListItem\",\"position\":2,\"name\":\"Nuevas Obras en los Municipios con inversi\u00f3n del Gobierno Provincial\"}]},{\"@type\":\"WebSite\",\"@id\":\"https:\\\/\\\/diarioprincipios.com\\\/#website\",\"url\":\"https:\\\/\\\/diarioprincipios.com\\\/\",\"name\":\"Principios\",\"description\":\"Principios Diario\",\"publisher\":{\"@id\":\"https:\\\/\\\/diarioprincipios.com\\\/#organization\"},\"potentialAction\":[{\"@type\":\"SearchAction\",\"target\":{\"@type\":\"EntryPoint\",\"urlTemplate\":\"https:\\\/\\\/diarioprincipios.com\\\/?s={search_term_string}\"},\"query-input\":{\"@type\":\"PropertyValueSpecification\",\"valueRequired\":true,\"valueName\":\"search_term_string\"}}],\"inLanguage\":\"es\"},{\"@type\":\"Organization\",\"@id\":\"https:\\\/\\\/diarioprincipios.com\\\/#organization\",\"name\":\"Principios\",\"url\":\"https:\\\/\\\/diarioprincipios.com\\\/\",\"logo\":{\"@type\":\"ImageObject\",\"inLanguage\":\"es\",\"@id\":\"https:\\\/\\\/diarioprincipios.com\\\/#\\\/schema\\\/logo\\\/image\\\/\",\"url\":\"https:\\\/\\\/diarioprincipios.com\\\/wp-content\\\/uploads\\\/2024\\\/04\\\/cropped-www.diarioprincipios.com_-1.png\",\"contentUrl\":\"https:\\\/\\\/diarioprincipios.com\\\/wp-content\\\/uploads\\\/2024\\\/04\\\/cropped-www.diarioprincipios.com_-1.png\",\"width\":5325,\"height\":1454,\"caption\":\"Principios\"},\"image\":{\"@id\":\"https:\\\/\\\/diarioprincipios.com\\\/#\\\/schema\\\/logo\\\/image\\\/\"}},{\"@type\":\"Person\",\"@id\":\"https:\\\/\\\/diarioprincipios.com\\\/#\\\/schema\\\/person\\\/436d5a1fd41a5e250e23ff5a6a7cb080\",\"name\":\"Hern\u00e1n L\u00f3pez\",\"image\":{\"@type\":\"ImageObject\",\"inLanguage\":\"es\",\"@id\":\"https:\\\/\\\/diarioprincipios.com\\\/wp-content\\\/litespeed\\\/avatar\\\/11ddfe5610ff3bd100522525b2571f48.jpg?ver=1777048341\",\"url\":\"https:\\\/\\\/diarioprincipios.com\\\/wp-content\\\/litespeed\\\/avatar\\\/11ddfe5610ff3bd100522525b2571f48.jpg?ver=1777048341\",\"contentUrl\":\"https:\\\/\\\/diarioprincipios.com\\\/wp-content\\\/litespeed\\\/avatar\\\/11ddfe5610ff3bd100522525b2571f48.jpg?ver=1777048341\",\"caption\":\"Hern\u00e1n L\u00f3pez\"},\"url\":\"https:\\\/\\\/diarioprincipios.com\\\/index.php\\\/author\\\/hernan\\\/\"}]}<\/script>\n<!-- \/ Yoast SEO plugin. -->","yoast_head_json":{"title":"Nuevas Obras en los Municipios con inversi\u00f3n del Gobierno Provincial - Principios","robots":{"index":"index","follow":"follow","max-snippet":"max-snippet:-1","max-image-preview":"max-image-preview:large","max-video-preview":"max-video-preview:-1"},"canonical":"https:\/\/diarioprincipios.com\/index.php\/2023\/03\/31\/nuevas-obras-en-los-municipios-con-inversion-del-gobierno-provincial\/","og_locale":"es_ES","og_type":"article","og_title":"Nuevas Obras en los Municipios con inversi\u00f3n del Gobierno Provincial - Principios","og_description":"Se firmaron convenios con intendentes para la realizaci\u00f3n de obras en el marco del Programa Municipios a la Obra, por el cual cada distrito ejecutar\u00e1 sus proyectos con una inversi\u00f3n directa de la Provincia. Esta medida se llev\u00f3 a cabo en un acto en el Sal\u00f3n Dorado de la Casa de Gobierno bonaerense. All\u00ed estuvo...","og_url":"https:\/\/diarioprincipios.com\/index.php\/2023\/03\/31\/nuevas-obras-en-los-municipios-con-inversion-del-gobierno-provincial\/","og_site_name":"Principios","article_published_time":"2023-03-31T14:19:30+00:00","article_modified_time":"2023-03-31T19:07:47+00:00","og_image":[{"width":1920,"height":1280,"url":"https:\/\/diarioprincipios.com\/wp-content\/uploads\/2023\/03\/NUEVAS-OBRAS-EN-LOS-MUNICIPIOS-CON-INVERSION-DEL-GOBIERNO-PROVINCIAL-2.jpg","type":"image\/jpeg"}],"author":"Hern\u00e1n L\u00f3pez","twitter_card":"summary_large_image","twitter_misc":{"Escrito por":"Hern\u00e1n L\u00f3pez","Tiempo de lectura":"3 minutos"},"schema":{"@context":"https:\/\/schema.org","@graph":[{"@type":"Article","@id":"https:\/\/diarioprincipios.com\/index.php\/2023\/03\/31\/nuevas-obras-en-los-municipios-con-inversion-del-gobierno-provincial\/#article","isPartOf":{"@id":"https:\/\/diarioprincipios.com\/index.php\/2023\/03\/31\/nuevas-obras-en-los-municipios-con-inversion-del-gobierno-provincial\/"},"author":{"name":"Hern\u00e1n L\u00f3pez","@id":"https:\/\/diarioprincipios.com\/#\/schema\/person\/436d5a1fd41a5e250e23ff5a6a7cb080"},"headline":"Nuevas Obras en los Municipios con inversi\u00f3n del Gobierno Provincial","datePublished":"2023-03-31T14:19:30+00:00","dateModified":"2023-03-31T19:07:47+00:00","mainEntityOfPage":{"@id":"https:\/\/diarioprincipios.com\/index.php\/2023\/03\/31\/nuevas-obras-en-los-municipios-con-inversion-del-gobierno-provincial\/"},"wordCount":493,"commentCount":0,"publisher":{"@id":"https:\/\/diarioprincipios.com\/#organization"},"image":{"@id":"https:\/\/diarioprincipios.com\/index.php\/2023\/03\/31\/nuevas-obras-en-los-municipios-con-inversion-del-gobierno-provincial\/#primaryimage"},"thumbnailUrl":"https:\/\/diarioprincipios.com\/wp-content\/uploads\/2023\/03\/NUEVAS-OBRAS-EN-LOS-MUNICIPIOS-CON-INVERSION-DEL-GOBIERNO-PROVINCIAL-2.jpg","articleSection":["Berazategui"],"inLanguage":"es","potentialAction":[{"@type":"CommentAction","name":"Comment","target":["https:\/\/diarioprincipios.com\/index.php\/2023\/03\/31\/nuevas-obras-en-los-municipios-con-inversion-del-gobierno-provincial\/#respond"]}]},{"@type":"WebPage","@id":"https:\/\/diarioprincipios.com\/index.php\/2023\/03\/31\/nuevas-obras-en-los-municipios-con-inversion-del-gobierno-provincial\/","url":"https:\/\/diarioprincipios.com\/index.php\/2023\/03\/31\/nuevas-obras-en-los-municipios-con-inversion-del-gobierno-provincial\/","name":"Nuevas Obras en los Municipios con inversi\u00f3n del Gobierno Provincial - Principios","isPartOf":{"@id":"https:\/\/diarioprincipios.com\/#website"},"primaryImageOfPage":{"@id":"https:\/\/diarioprincipios.com\/index.php\/2023\/03\/31\/nuevas-obras-en-los-municipios-con-inversion-del-gobierno-provincial\/#primaryimage"},"image":{"@id":"https:\/\/diarioprincipios.com\/index.php\/2023\/03\/31\/nuevas-obras-en-los-municipios-con-inversion-del-gobierno-provincial\/#primaryimage"},"thumbnailUrl":"https:\/\/diarioprincipios.com\/wp-content\/uploads\/2023\/03\/NUEVAS-OBRAS-EN-LOS-MUNICIPIOS-CON-INVERSION-DEL-GOBIERNO-PROVINCIAL-2.jpg","datePublished":"2023-03-31T14:19:30+00:00","dateModified":"2023-03-31T19:07:47+00:00","breadcrumb":{"@id":"https:\/\/diarioprincipios.com\/index.php\/2023\/03\/31\/nuevas-obras-en-los-municipios-con-inversion-del-gobierno-provincial\/#breadcrumb"},"inLanguage":"es","potentialAction":[{"@type":"ReadAction","target":["https:\/\/diarioprincipios.com\/index.php\/2023\/03\/31\/nuevas-obras-en-los-municipios-con-inversion-del-gobierno-provincial\/"]}]},{"@type":"ImageObject","inLanguage":"es","@id":"https:\/\/diarioprincipios.com\/index.php\/2023\/03\/31\/nuevas-obras-en-los-municipios-con-inversion-del-gobierno-provincial\/#primaryimage","url":"https:\/\/diarioprincipios.com\/wp-content\/uploads\/2023\/03\/NUEVAS-OBRAS-EN-LOS-MUNICIPIOS-CON-INVERSION-DEL-GOBIERNO-PROVINCIAL-2.jpg","contentUrl":"https:\/\/diarioprincipios.com\/wp-content\/uploads\/2023\/03\/NUEVAS-OBRAS-EN-LOS-MUNICIPIOS-CON-INVERSION-DEL-GOBIERNO-PROVINCIAL-2.jpg","width":1920,"height":1280},{"@type":"BreadcrumbList","@id":"https:\/\/diarioprincipios.com\/index.php\/2023\/03\/31\/nuevas-obras-en-los-municipios-con-inversion-del-gobierno-provincial\/#breadcrumb","itemListElement":[{"@type":"ListItem","position":1,"name":"Portada","item":"https:\/\/diarioprincipios.com\/"},{"@type":"ListItem","position":2,"name":"Nuevas Obras en los Municipios con inversi\u00f3n del Gobierno Provincial"}]},{"@type":"WebSite","@id":"https:\/\/diarioprincipios.com\/#website","url":"https:\/\/diarioprincipios.com\/","name":"Principios","description":"Principios Diario","publisher":{"@id":"https:\/\/diarioprincipios.com\/#organization"},"potentialAction":[{"@type":"SearchAction","target":{"@type":"EntryPoint","urlTemplate":"https:\/\/diarioprincipios.com\/?s={search_term_string}"},"query-input":{"@type":"PropertyValueSpecification","valueRequired":true,"valueName":"search_term_string"}}],"inLanguage":"es"},{"@type":"Organization","@id":"https:\/\/diarioprincipios.com\/#organization","name":"Principios","url":"https:\/\/diarioprincipios.com\/","logo":{"@type":"ImageObject","inLanguage":"es","@id":"https:\/\/diarioprincipios.com\/#\/schema\/logo\/image\/","url":"https:\/\/diarioprincipios.com\/wp-content\/uploads\/2024\/04\/cropped-www.diarioprincipios.com_-1.png","contentUrl":"https:\/\/diarioprincipios.com\/wp-content\/uploads\/2024\/04\/cropped-www.diarioprincipios.com_-1.png","width":5325,"height":1454,"caption":"Principios"},"image":{"@id":"https:\/\/diarioprincipios.com\/#\/schema\/logo\/image\/"}},{"@type":"Person","@id":"https:\/\/diarioprincipios.com\/#\/schema\/person\/436d5a1fd41a5e250e23ff5a6a7cb080","name":"Hern\u00e1n L\u00f3pez","image":{"@type":"ImageObject","inLanguage":"es","@id":"https:\/\/diarioprincipios.com\/wp-content\/litespeed\/avatar\/11ddfe5610ff3bd100522525b2571f48.jpg?ver=1777048341","url":"https:\/\/diarioprincipios.com\/wp-content\/litespeed\/avatar\/11ddfe5610ff3bd100522525b2571f48.jpg?ver=1777048341","contentUrl":"https:\/\/diarioprincipios.com\/wp-content\/litespeed\/avatar\/11ddfe5610ff3bd100522525b2571f48.jpg?ver=1777048341","caption":"Hern\u00e1n L\u00f3pez"},"url":"https:\/\/diarioprincipios.com\/index.php\/author\/hernan\/"}]}},"jetpack_featured_media_url":"https:\/\/diarioprincipios.com\/wp-content\/uploads\/2023\/03\/NUEVAS-OBRAS-EN-LOS-MUNICIPIOS-CON-INVERSION-DEL-GOBIERNO-PROVINCIAL-2.jpg","_links":{"self":[{"href":"https:\/\/diarioprincipios.com\/index.php\/wp-json\/wp\/v2\/posts\/16398","targetHints":{"allow":["GET"]}}],"collection":[{"href":"https:\/\/diarioprincipios.com\/index.php\/wp-json\/wp\/v2\/posts"}],"about":[{"href":"https:\/\/diarioprincipios.com\/index.php\/wp-json\/wp\/v2\/types\/post"}],"author":[{"embeddable":true,"href":"https:\/\/diarioprincipios.com\/index.php\/wp-json\/wp\/v2\/users\/2"}],"replies":[{"embeddable":true,"href":"https:\/\/diarioprincipios.com\/index.php\/wp-json\/wp\/v2\/comments?post=16398"}],"version-history":[{"count":1,"href":"https:\/\/diarioprincipios.com\/index.php\/wp-json\/wp\/v2\/posts\/16398\/revisions"}],"predecessor-version":[{"id":16401,"href":"https:\/\/diarioprincipios.com\/index.php\/wp-json\/wp\/v2\/posts\/16398\/revisions\/16401"}],"wp:featuredmedia":[{"embeddable":true,"href":"https:\/\/diarioprincipios.com\/index.php\/wp-json\/wp\/v2\/media\/16400"}],"wp:attachment":[{"href":"https:\/\/diarioprincipios.com\/index.php\/wp-json\/wp\/v2\/media?parent=16398"}],"wp:term":[{"taxonomy":"category","embeddable":true,"href":"https:\/\/diarioprincipios.com\/index.php\/wp-json\/wp\/v2\/categories?post=16398"},{"taxonomy":"post_tag","embeddable":true,"href":"https:\/\/diarioprincipios.com\/index.php\/wp-json\/wp\/v2\/tags?post=16398"}],"curies":[{"name":"wp","href":"https:\/\/api.w.org\/{rel}","templated":true}]}}