{"id":16395,"date":"2023-03-31T11:16:54","date_gmt":"2023-03-31T14:16:54","guid":{"rendered":"http:\/\/diarioprincipios.com\/?p=16395"},"modified":"2023-03-31T16:07:42","modified_gmt":"2023-03-31T19:07:42","slug":"avellaneda-se-sumo-al-programa-provincial-municipios-a-la-obra","status":"publish","type":"post","link":"https:\/\/diarioprincipios.com\/index.php\/2023\/03\/31\/avellaneda-se-sumo-al-programa-provincial-municipios-a-la-obra\/","title":{"rendered":"Avellaneda se sum\u00f3 al Programa Provincial \u201cMunicipios a la Obra\u201d"},"content":{"rendered":"\n<p>El intendente Jorge Ferraresi firm\u00f3 el convenio para una inversi\u00f3n de m\u00e1s de 922 millones de pesos en el distrito.<\/p>\n\n\n\n<p>El gobernador de la provincia de Buenos Aires, Axel Kicillof, encabez\u00f3 el acto de presentaci\u00f3n del programa \u201cMunicipios a la Obra\u201d, que destinar\u00e1 $45.500 millones para la ejecuci\u00f3n de 223 proyectos en los 135 distritos bonaerenses.<\/p>\n\n\n\n<p>\u201cEste es un esfuerzo muy grande que solo podemos llevar adelante a partir del trabajo conjunto con las y los intendentes de la provincia, que son quienes mejor conocen las necesidades y las obras m\u00e1s demandadas en cada uno de los municipios\u201d, expres\u00f3 Kicillof y agreg\u00f3: \u201cCon el lanzamiento de Municipios a la Obra, estamos multiplicando la inversi\u00f3n en proyectos de infraestructura que se realizar\u00e1n con recursos provinciales pero con decisi\u00f3n y ejecuci\u00f3n municipal\u201d.<\/p>\n\n\n\n<p>Este programa se caracteriza por el apoyo directo a los municipios para la ejecuci\u00f3n de obras y mejoras de forma r\u00e1pida y descentralizada. Mediante una distribuci\u00f3n equitativa y regulada de los recursos, impulsa tambi\u00e9n la creaci\u00f3n de puestos de trabajo que agilicen la econom\u00eda local de cada distrito.<\/p>\n\n\n\n<p>Ferraresi firm\u00f3 un acuerdo para la ciudad que significa una importante inversi\u00f3n de $ 922.344.150 el cual ser\u00e1 destinado a la concreci\u00f3n de obras y otras pol\u00edticas p\u00fablicas que van a mejorar la calidad de vida de nuestra comunidad.<\/p>\n\n\n\n<p>Durante el encuentro tambi\u00e9n suscribieron convenios las intendentas de Lomas de Zamora, Marina Lesci; de Malvinas Argentinas, Noelia Correa; de Merlo, Karina Men\u00e9ndez; de Moreno, Mariel Fern\u00e1ndez; y de Presidente Per\u00f3n, Blanca Cantero; los intendentes de Almirante Brown, Juan Jos\u00e9 Fabiani; de Berazategui, Juan Jos\u00e9 Mussi; de Escobar, Carlos Ramil; de Florencio Varela, Andr\u00e9s Watson; de San Mart\u00edn, Fernando Moreira; de Hurlingham, Juan Zabaleta; de Marcos Paz, Ricardo Curutchet; de Pilar, Federico Ach\u00e1val; de San Miguel, Jaime M\u00e9ndez; de San Vicente, Nicol\u00e1s Mantegazza; de Tigre, Julio Zamora; y de Ezeiza, Gast\u00f3n Granados.<\/p>\n\n\n\n<p>El acto se llev\u00f3 a cabo en el Sal\u00f3n Dorado de la Casa de Gobierno y participaron el jefe de Gabinete, Mart\u00edn Insaurralde; los ministros de Infraestructura y Servicios P\u00fablicos, Leonardo Nardini; de&nbsp; Hacienda y Finanzas, Pablo L\u00f3pez; y la ministra de Gobierno, Cristina \u00c1lvarez Rodr\u00edguez.<\/p>\n","protected":false},"excerpt":{"rendered":"<p>El intendente Jorge Ferraresi firm\u00f3 el convenio para una inversi\u00f3n de m\u00e1s de 922 millones de pesos en el distrito. El gobernador de la provincia de Buenos Aires, Axel Kicillof, encabez\u00f3 el acto de presentaci\u00f3n del programa \u201cMunicipios a la Obra\u201d, que destinar\u00e1 $45.500 millones para la ejecuci\u00f3n de 223 proyectos en los 135 distritos&#8230;<\/p>\n","protected":false},"author":2,"featured_media":16396,"comment_status":"open","ping_status":"open","sticky":false,"template":"","format":"standard","meta":{"footnotes":""},"categories":[5],"tags":[],"class_list":["post-16395","post","type-post","status-publish","format-standard","has-post-thumbnail","hentry","category-avellaneda"],"featured_image_src":"https:\/\/diarioprincipios.com\/wp-content\/uploads\/2023\/03\/WhatsApp-Image-2023-03-31-at-10_06_15-1024x683.jpeg","blog_images":{"medium":"https:\/\/diarioprincipios.com\/wp-content\/uploads\/2023\/03\/WhatsApp-Image-2023-03-31-at-10_06_15-300x200.jpeg","large":"https:\/\/diarioprincipios.com\/wp-content\/uploads\/2023\/03\/WhatsApp-Image-2023-03-31-at-10_06_15-1024x683.jpeg"},"ams_acf":[],"yoast_head":"<!-- This site is optimized with the Yoast SEO plugin v27.3 - https:\/\/yoast.com\/product\/yoast-seo-wordpress\/ -->\n<title>Avellaneda se sum\u00f3 al Programa Provincial \u201cMunicipios a la Obra\u201d - Principios<\/title>\n<meta name=\"robots\" content=\"index, follow, max-snippet:-1, max-image-preview:large, max-video-preview:-1\" \/>\n<link rel=\"canonical\" href=\"https:\/\/diarioprincipios.com\/index.php\/2023\/03\/31\/avellaneda-se-sumo-al-programa-provincial-municipios-a-la-obra\/\" \/>\n<meta property=\"og:locale\" content=\"es_ES\" \/>\n<meta property=\"og:type\" content=\"article\" \/>\n<meta property=\"og:title\" content=\"Avellaneda se sum\u00f3 al Programa Provincial \u201cMunicipios a la Obra\u201d - Principios\" \/>\n<meta property=\"og:description\" content=\"El intendente Jorge Ferraresi firm\u00f3 el convenio para una inversi\u00f3n de m\u00e1s de 922 millones de pesos en el distrito. El gobernador de la provincia de Buenos Aires, Axel Kicillof, encabez\u00f3 el acto de presentaci\u00f3n del programa \u201cMunicipios a la Obra\u201d, que destinar\u00e1 $45.500 millones para la ejecuci\u00f3n de 223 proyectos en los 135 distritos...\" \/>\n<meta property=\"og:url\" content=\"https:\/\/diarioprincipios.com\/index.php\/2023\/03\/31\/avellaneda-se-sumo-al-programa-provincial-municipios-a-la-obra\/\" \/>\n<meta property=\"og:site_name\" content=\"Principios\" \/>\n<meta property=\"article:published_time\" content=\"2023-03-31T14:16:54+00:00\" \/>\n<meta property=\"article:modified_time\" content=\"2023-03-31T19:07:42+00:00\" \/>\n<meta property=\"og:image\" content=\"https:\/\/diarioprincipios.com\/wp-content\/uploads\/2023\/03\/WhatsApp-Image-2023-03-31-at-10_06_15.jpeg\" \/>\n\t<meta property=\"og:image:width\" content=\"1500\" \/>\n\t<meta property=\"og:image:height\" content=\"1000\" \/>\n\t<meta property=\"og:image:type\" content=\"image\/jpeg\" \/>\n<meta name=\"author\" content=\"Hern\u00e1n L\u00f3pez\" \/>\n<meta name=\"twitter:card\" content=\"summary_large_image\" \/>\n<meta name=\"twitter:label1\" content=\"Escrito por\" \/>\n\t<meta name=\"twitter:data1\" content=\"Hern\u00e1n L\u00f3pez\" \/>\n\t<meta name=\"twitter:label2\" content=\"Tiempo de lectura\" \/>\n\t<meta name=\"twitter:data2\" content=\"2 minutos\" \/>\n<script type=\"application\/ld+json\" class=\"yoast-schema-graph\">{\"@context\":\"https:\\\/\\\/schema.org\",\"@graph\":[{\"@type\":\"Article\",\"@id\":\"https:\\\/\\\/diarioprincipios.com\\\/index.php\\\/2023\\\/03\\\/31\\\/avellaneda-se-sumo-al-programa-provincial-municipios-a-la-obra\\\/#article\",\"isPartOf\":{\"@id\":\"https:\\\/\\\/diarioprincipios.com\\\/index.php\\\/2023\\\/03\\\/31\\\/avellaneda-se-sumo-al-programa-provincial-municipios-a-la-obra\\\/\"},\"author\":{\"name\":\"Hern\u00e1n L\u00f3pez\",\"@id\":\"https:\\\/\\\/diarioprincipios.com\\\/#\\\/schema\\\/person\\\/436d5a1fd41a5e250e23ff5a6a7cb080\"},\"headline\":\"Avellaneda se sum\u00f3 al Programa Provincial \u201cMunicipios a la Obra\u201d\",\"datePublished\":\"2023-03-31T14:16:54+00:00\",\"dateModified\":\"2023-03-31T19:07:42+00:00\",\"mainEntityOfPage\":{\"@id\":\"https:\\\/\\\/diarioprincipios.com\\\/index.php\\\/2023\\\/03\\\/31\\\/avellaneda-se-sumo-al-programa-provincial-municipios-a-la-obra\\\/\"},\"wordCount\":394,\"commentCount\":0,\"publisher\":{\"@id\":\"https:\\\/\\\/diarioprincipios.com\\\/#organization\"},\"image\":{\"@id\":\"https:\\\/\\\/diarioprincipios.com\\\/index.php\\\/2023\\\/03\\\/31\\\/avellaneda-se-sumo-al-programa-provincial-municipios-a-la-obra\\\/#primaryimage\"},\"thumbnailUrl\":\"https:\\\/\\\/diarioprincipios.com\\\/wp-content\\\/uploads\\\/2023\\\/03\\\/WhatsApp-Image-2023-03-31-at-10_06_15.jpeg\",\"articleSection\":[\"Avellaneda\"],\"inLanguage\":\"es\",\"potentialAction\":[{\"@type\":\"CommentAction\",\"name\":\"Comment\",\"target\":[\"https:\\\/\\\/diarioprincipios.com\\\/index.php\\\/2023\\\/03\\\/31\\\/avellaneda-se-sumo-al-programa-provincial-municipios-a-la-obra\\\/#respond\"]}]},{\"@type\":\"WebPage\",\"@id\":\"https:\\\/\\\/diarioprincipios.com\\\/index.php\\\/2023\\\/03\\\/31\\\/avellaneda-se-sumo-al-programa-provincial-municipios-a-la-obra\\\/\",\"url\":\"https:\\\/\\\/diarioprincipios.com\\\/index.php\\\/2023\\\/03\\\/31\\\/avellaneda-se-sumo-al-programa-provincial-municipios-a-la-obra\\\/\",\"name\":\"Avellaneda se sum\u00f3 al Programa Provincial \u201cMunicipios a la Obra\u201d - Principios\",\"isPartOf\":{\"@id\":\"https:\\\/\\\/diarioprincipios.com\\\/#website\"},\"primaryImageOfPage\":{\"@id\":\"https:\\\/\\\/diarioprincipios.com\\\/index.php\\\/2023\\\/03\\\/31\\\/avellaneda-se-sumo-al-programa-provincial-municipios-a-la-obra\\\/#primaryimage\"},\"image\":{\"@id\":\"https:\\\/\\\/diarioprincipios.com\\\/index.php\\\/2023\\\/03\\\/31\\\/avellaneda-se-sumo-al-programa-provincial-municipios-a-la-obra\\\/#primaryimage\"},\"thumbnailUrl\":\"https:\\\/\\\/diarioprincipios.com\\\/wp-content\\\/uploads\\\/2023\\\/03\\\/WhatsApp-Image-2023-03-31-at-10_06_15.jpeg\",\"datePublished\":\"2023-03-31T14:16:54+00:00\",\"dateModified\":\"2023-03-31T19:07:42+00:00\",\"breadcrumb\":{\"@id\":\"https:\\\/\\\/diarioprincipios.com\\\/index.php\\\/2023\\\/03\\\/31\\\/avellaneda-se-sumo-al-programa-provincial-municipios-a-la-obra\\\/#breadcrumb\"},\"inLanguage\":\"es\",\"potentialAction\":[{\"@type\":\"ReadAction\",\"target\":[\"https:\\\/\\\/diarioprincipios.com\\\/index.php\\\/2023\\\/03\\\/31\\\/avellaneda-se-sumo-al-programa-provincial-municipios-a-la-obra\\\/\"]}]},{\"@type\":\"ImageObject\",\"inLanguage\":\"es\",\"@id\":\"https:\\\/\\\/diarioprincipios.com\\\/index.php\\\/2023\\\/03\\\/31\\\/avellaneda-se-sumo-al-programa-provincial-municipios-a-la-obra\\\/#primaryimage\",\"url\":\"https:\\\/\\\/diarioprincipios.com\\\/wp-content\\\/uploads\\\/2023\\\/03\\\/WhatsApp-Image-2023-03-31-at-10_06_15.jpeg\",\"contentUrl\":\"https:\\\/\\\/diarioprincipios.com\\\/wp-content\\\/uploads\\\/2023\\\/03\\\/WhatsApp-Image-2023-03-31-at-10_06_15.jpeg\",\"width\":1500,\"height\":1000},{\"@type\":\"BreadcrumbList\",\"@id\":\"https:\\\/\\\/diarioprincipios.com\\\/index.php\\\/2023\\\/03\\\/31\\\/avellaneda-se-sumo-al-programa-provincial-municipios-a-la-obra\\\/#breadcrumb\",\"itemListElement\":[{\"@type\":\"ListItem\",\"position\":1,\"name\":\"Portada\",\"item\":\"https:\\\/\\\/diarioprincipios.com\\\/\"},{\"@type\":\"ListItem\",\"position\":2,\"name\":\"Avellaneda se sum\u00f3 al Programa Provincial \u201cMunicipios a la Obra\u201d\"}]},{\"@type\":\"WebSite\",\"@id\":\"https:\\\/\\\/diarioprincipios.com\\\/#website\",\"url\":\"https:\\\/\\\/diarioprincipios.com\\\/\",\"name\":\"Principios\",\"description\":\"Principios Diario\",\"publisher\":{\"@id\":\"https:\\\/\\\/diarioprincipios.com\\\/#organization\"},\"potentialAction\":[{\"@type\":\"SearchAction\",\"target\":{\"@type\":\"EntryPoint\",\"urlTemplate\":\"https:\\\/\\\/diarioprincipios.com\\\/?s={search_term_string}\"},\"query-input\":{\"@type\":\"PropertyValueSpecification\",\"valueRequired\":true,\"valueName\":\"search_term_string\"}}],\"inLanguage\":\"es\"},{\"@type\":\"Organization\",\"@id\":\"https:\\\/\\\/diarioprincipios.com\\\/#organization\",\"name\":\"Principios\",\"url\":\"https:\\\/\\\/diarioprincipios.com\\\/\",\"logo\":{\"@type\":\"ImageObject\",\"inLanguage\":\"es\",\"@id\":\"https:\\\/\\\/diarioprincipios.com\\\/#\\\/schema\\\/logo\\\/image\\\/\",\"url\":\"https:\\\/\\\/diarioprincipios.com\\\/wp-content\\\/uploads\\\/2024\\\/04\\\/cropped-www.diarioprincipios.com_-1.png\",\"contentUrl\":\"https:\\\/\\\/diarioprincipios.com\\\/wp-content\\\/uploads\\\/2024\\\/04\\\/cropped-www.diarioprincipios.com_-1.png\",\"width\":5325,\"height\":1454,\"caption\":\"Principios\"},\"image\":{\"@id\":\"https:\\\/\\\/diarioprincipios.com\\\/#\\\/schema\\\/logo\\\/image\\\/\"}},{\"@type\":\"Person\",\"@id\":\"https:\\\/\\\/diarioprincipios.com\\\/#\\\/schema\\\/person\\\/436d5a1fd41a5e250e23ff5a6a7cb080\",\"name\":\"Hern\u00e1n L\u00f3pez\",\"image\":{\"@type\":\"ImageObject\",\"inLanguage\":\"es\",\"@id\":\"https:\\\/\\\/diarioprincipios.com\\\/wp-content\\\/litespeed\\\/avatar\\\/11ddfe5610ff3bd100522525b2571f48.jpg?ver=1777653193\",\"url\":\"https:\\\/\\\/diarioprincipios.com\\\/wp-content\\\/litespeed\\\/avatar\\\/11ddfe5610ff3bd100522525b2571f48.jpg?ver=1777653193\",\"contentUrl\":\"https:\\\/\\\/diarioprincipios.com\\\/wp-content\\\/litespeed\\\/avatar\\\/11ddfe5610ff3bd100522525b2571f48.jpg?ver=1777653193\",\"caption\":\"Hern\u00e1n L\u00f3pez\"},\"url\":\"https:\\\/\\\/diarioprincipios.com\\\/index.php\\\/author\\\/hernan\\\/\"}]}<\/script>\n<!-- \/ Yoast SEO plugin. -->","yoast_head_json":{"title":"Avellaneda se sum\u00f3 al Programa Provincial \u201cMunicipios a la Obra\u201d - Principios","robots":{"index":"index","follow":"follow","max-snippet":"max-snippet:-1","max-image-preview":"max-image-preview:large","max-video-preview":"max-video-preview:-1"},"canonical":"https:\/\/diarioprincipios.com\/index.php\/2023\/03\/31\/avellaneda-se-sumo-al-programa-provincial-municipios-a-la-obra\/","og_locale":"es_ES","og_type":"article","og_title":"Avellaneda se sum\u00f3 al Programa Provincial \u201cMunicipios a la Obra\u201d - Principios","og_description":"El intendente Jorge Ferraresi firm\u00f3 el convenio para una inversi\u00f3n de m\u00e1s de 922 millones de pesos en el distrito. El gobernador de la provincia de Buenos Aires, Axel Kicillof, encabez\u00f3 el acto de presentaci\u00f3n del programa \u201cMunicipios a la Obra\u201d, que destinar\u00e1 $45.500 millones para la ejecuci\u00f3n de 223 proyectos en los 135 distritos...","og_url":"https:\/\/diarioprincipios.com\/index.php\/2023\/03\/31\/avellaneda-se-sumo-al-programa-provincial-municipios-a-la-obra\/","og_site_name":"Principios","article_published_time":"2023-03-31T14:16:54+00:00","article_modified_time":"2023-03-31T19:07:42+00:00","og_image":[{"width":1500,"height":1000,"url":"https:\/\/diarioprincipios.com\/wp-content\/uploads\/2023\/03\/WhatsApp-Image-2023-03-31-at-10_06_15.jpeg","type":"image\/jpeg"}],"author":"Hern\u00e1n L\u00f3pez","twitter_card":"summary_large_image","twitter_misc":{"Escrito por":"Hern\u00e1n L\u00f3pez","Tiempo de lectura":"2 minutos"},"schema":{"@context":"https:\/\/schema.org","@graph":[{"@type":"Article","@id":"https:\/\/diarioprincipios.com\/index.php\/2023\/03\/31\/avellaneda-se-sumo-al-programa-provincial-municipios-a-la-obra\/#article","isPartOf":{"@id":"https:\/\/diarioprincipios.com\/index.php\/2023\/03\/31\/avellaneda-se-sumo-al-programa-provincial-municipios-a-la-obra\/"},"author":{"name":"Hern\u00e1n L\u00f3pez","@id":"https:\/\/diarioprincipios.com\/#\/schema\/person\/436d5a1fd41a5e250e23ff5a6a7cb080"},"headline":"Avellaneda se sum\u00f3 al Programa Provincial \u201cMunicipios a la Obra\u201d","datePublished":"2023-03-31T14:16:54+00:00","dateModified":"2023-03-31T19:07:42+00:00","mainEntityOfPage":{"@id":"https:\/\/diarioprincipios.com\/index.php\/2023\/03\/31\/avellaneda-se-sumo-al-programa-provincial-municipios-a-la-obra\/"},"wordCount":394,"commentCount":0,"publisher":{"@id":"https:\/\/diarioprincipios.com\/#organization"},"image":{"@id":"https:\/\/diarioprincipios.com\/index.php\/2023\/03\/31\/avellaneda-se-sumo-al-programa-provincial-municipios-a-la-obra\/#primaryimage"},"thumbnailUrl":"https:\/\/diarioprincipios.com\/wp-content\/uploads\/2023\/03\/WhatsApp-Image-2023-03-31-at-10_06_15.jpeg","articleSection":["Avellaneda"],"inLanguage":"es","potentialAction":[{"@type":"CommentAction","name":"Comment","target":["https:\/\/diarioprincipios.com\/index.php\/2023\/03\/31\/avellaneda-se-sumo-al-programa-provincial-municipios-a-la-obra\/#respond"]}]},{"@type":"WebPage","@id":"https:\/\/diarioprincipios.com\/index.php\/2023\/03\/31\/avellaneda-se-sumo-al-programa-provincial-municipios-a-la-obra\/","url":"https:\/\/diarioprincipios.com\/index.php\/2023\/03\/31\/avellaneda-se-sumo-al-programa-provincial-municipios-a-la-obra\/","name":"Avellaneda se sum\u00f3 al Programa Provincial \u201cMunicipios a la Obra\u201d - Principios","isPartOf":{"@id":"https:\/\/diarioprincipios.com\/#website"},"primaryImageOfPage":{"@id":"https:\/\/diarioprincipios.com\/index.php\/2023\/03\/31\/avellaneda-se-sumo-al-programa-provincial-municipios-a-la-obra\/#primaryimage"},"image":{"@id":"https:\/\/diarioprincipios.com\/index.php\/2023\/03\/31\/avellaneda-se-sumo-al-programa-provincial-municipios-a-la-obra\/#primaryimage"},"thumbnailUrl":"https:\/\/diarioprincipios.com\/wp-content\/uploads\/2023\/03\/WhatsApp-Image-2023-03-31-at-10_06_15.jpeg","datePublished":"2023-03-31T14:16:54+00:00","dateModified":"2023-03-31T19:07:42+00:00","breadcrumb":{"@id":"https:\/\/diarioprincipios.com\/index.php\/2023\/03\/31\/avellaneda-se-sumo-al-programa-provincial-municipios-a-la-obra\/#breadcrumb"},"inLanguage":"es","potentialAction":[{"@type":"ReadAction","target":["https:\/\/diarioprincipios.com\/index.php\/2023\/03\/31\/avellaneda-se-sumo-al-programa-provincial-municipios-a-la-obra\/"]}]},{"@type":"ImageObject","inLanguage":"es","@id":"https:\/\/diarioprincipios.com\/index.php\/2023\/03\/31\/avellaneda-se-sumo-al-programa-provincial-municipios-a-la-obra\/#primaryimage","url":"https:\/\/diarioprincipios.com\/wp-content\/uploads\/2023\/03\/WhatsApp-Image-2023-03-31-at-10_06_15.jpeg","contentUrl":"https:\/\/diarioprincipios.com\/wp-content\/uploads\/2023\/03\/WhatsApp-Image-2023-03-31-at-10_06_15.jpeg","width":1500,"height":1000},{"@type":"BreadcrumbList","@id":"https:\/\/diarioprincipios.com\/index.php\/2023\/03\/31\/avellaneda-se-sumo-al-programa-provincial-municipios-a-la-obra\/#breadcrumb","itemListElement":[{"@type":"ListItem","position":1,"name":"Portada","item":"https:\/\/diarioprincipios.com\/"},{"@type":"ListItem","position":2,"name":"Avellaneda se sum\u00f3 al Programa Provincial \u201cMunicipios a la Obra\u201d"}]},{"@type":"WebSite","@id":"https:\/\/diarioprincipios.com\/#website","url":"https:\/\/diarioprincipios.com\/","name":"Principios","description":"Principios Diario","publisher":{"@id":"https:\/\/diarioprincipios.com\/#organization"},"potentialAction":[{"@type":"SearchAction","target":{"@type":"EntryPoint","urlTemplate":"https:\/\/diarioprincipios.com\/?s={search_term_string}"},"query-input":{"@type":"PropertyValueSpecification","valueRequired":true,"valueName":"search_term_string"}}],"inLanguage":"es"},{"@type":"Organization","@id":"https:\/\/diarioprincipios.com\/#organization","name":"Principios","url":"https:\/\/diarioprincipios.com\/","logo":{"@type":"ImageObject","inLanguage":"es","@id":"https:\/\/diarioprincipios.com\/#\/schema\/logo\/image\/","url":"https:\/\/diarioprincipios.com\/wp-content\/uploads\/2024\/04\/cropped-www.diarioprincipios.com_-1.png","contentUrl":"https:\/\/diarioprincipios.com\/wp-content\/uploads\/2024\/04\/cropped-www.diarioprincipios.com_-1.png","width":5325,"height":1454,"caption":"Principios"},"image":{"@id":"https:\/\/diarioprincipios.com\/#\/schema\/logo\/image\/"}},{"@type":"Person","@id":"https:\/\/diarioprincipios.com\/#\/schema\/person\/436d5a1fd41a5e250e23ff5a6a7cb080","name":"Hern\u00e1n L\u00f3pez","image":{"@type":"ImageObject","inLanguage":"es","@id":"https:\/\/diarioprincipios.com\/wp-content\/litespeed\/avatar\/11ddfe5610ff3bd100522525b2571f48.jpg?ver=1777653193","url":"https:\/\/diarioprincipios.com\/wp-content\/litespeed\/avatar\/11ddfe5610ff3bd100522525b2571f48.jpg?ver=1777653193","contentUrl":"https:\/\/diarioprincipios.com\/wp-content\/litespeed\/avatar\/11ddfe5610ff3bd100522525b2571f48.jpg?ver=1777653193","caption":"Hern\u00e1n L\u00f3pez"},"url":"https:\/\/diarioprincipios.com\/index.php\/author\/hernan\/"}]}},"jetpack_featured_media_url":"https:\/\/diarioprincipios.com\/wp-content\/uploads\/2023\/03\/WhatsApp-Image-2023-03-31-at-10_06_15.jpeg","_links":{"self":[{"href":"https:\/\/diarioprincipios.com\/index.php\/wp-json\/wp\/v2\/posts\/16395","targetHints":{"allow":["GET"]}}],"collection":[{"href":"https:\/\/diarioprincipios.com\/index.php\/wp-json\/wp\/v2\/posts"}],"about":[{"href":"https:\/\/diarioprincipios.com\/index.php\/wp-json\/wp\/v2\/types\/post"}],"author":[{"embeddable":true,"href":"https:\/\/diarioprincipios.com\/index.php\/wp-json\/wp\/v2\/users\/2"}],"replies":[{"embeddable":true,"href":"https:\/\/diarioprincipios.com\/index.php\/wp-json\/wp\/v2\/comments?post=16395"}],"version-history":[{"count":1,"href":"https:\/\/diarioprincipios.com\/index.php\/wp-json\/wp\/v2\/posts\/16395\/revisions"}],"predecessor-version":[{"id":16397,"href":"https:\/\/diarioprincipios.com\/index.php\/wp-json\/wp\/v2\/posts\/16395\/revisions\/16397"}],"wp:featuredmedia":[{"embeddable":true,"href":"https:\/\/diarioprincipios.com\/index.php\/wp-json\/wp\/v2\/media\/16396"}],"wp:attachment":[{"href":"https:\/\/diarioprincipios.com\/index.php\/wp-json\/wp\/v2\/media?parent=16395"}],"wp:term":[{"taxonomy":"category","embeddable":true,"href":"https:\/\/diarioprincipios.com\/index.php\/wp-json\/wp\/v2\/categories?post=16395"},{"taxonomy":"post_tag","embeddable":true,"href":"https:\/\/diarioprincipios.com\/index.php\/wp-json\/wp\/v2\/tags?post=16395"}],"curies":[{"name":"wp","href":"https:\/\/api.w.org\/{rel}","templated":true}]}}