{"id":16378,"date":"2023-03-31T09:22:07","date_gmt":"2023-03-31T12:22:07","guid":{"rendered":"http:\/\/diarioprincipios.com\/?p=16378"},"modified":"2023-03-31T16:07:26","modified_gmt":"2023-03-31T19:07:26","slug":"con-62-equipos-comienza-el-torneo-apertura-de-voley","status":"publish","type":"post","link":"https:\/\/diarioprincipios.com\/index.php\/2023\/03\/31\/con-62-equipos-comienza-el-torneo-apertura-de-voley\/","title":{"rendered":"Con 62 equipos comienza el Torneo Apertura de Voley"},"content":{"rendered":"\n<p>Este fin de semana, con la participaci\u00f3n in\u00e9dita de 62 equipos comienza a disputarse el Torneo Apertura organizado por la Asociaci\u00f3n de Voley Capital Nacional del Vidrio.<\/p>\n\n\n\n<figure class=\"wp-block-image size-full\"><img loading=\"lazy\" decoding=\"async\" width=\"1024\" height=\"768\" src=\"https:\/\/diarioprincipios.com\/wp-content\/uploads\/2023\/03\/IMG-20230331-WA0004.jpg\" alt=\"\" class=\"wp-image-16391\" srcset=\"https:\/\/diarioprincipios.com\/wp-content\/uploads\/2023\/03\/IMG-20230331-WA0004.jpg 1024w, https:\/\/diarioprincipios.com\/wp-content\/uploads\/2023\/03\/IMG-20230331-WA0004-300x225.jpg 300w, https:\/\/diarioprincipios.com\/wp-content\/uploads\/2023\/03\/IMG-20230331-WA0004-768x576.jpg 768w\" sizes=\"auto, (max-width: 1024px) 100vw, 1024px\" \/><\/figure>\n\n\n\n<p><br>Por tal motivo el martes se desarroll\u00f3 una importante reuni\u00f3n con todos los delegados a fin de ajustar los \u00faltimos detalles.<\/p>\n\n\n\n<figure class=\"wp-block-image size-large\"><img loading=\"lazy\" decoding=\"async\" width=\"1024\" height=\"460\" src=\"https:\/\/diarioprincipios.com\/wp-content\/uploads\/2023\/03\/IMG-20230330-WA0035-1024x460.jpg\" alt=\"\" class=\"wp-image-16379\" srcset=\"https:\/\/diarioprincipios.com\/wp-content\/uploads\/2023\/03\/IMG-20230330-WA0035-1024x460.jpg 1024w, https:\/\/diarioprincipios.com\/wp-content\/uploads\/2023\/03\/IMG-20230330-WA0035-300x135.jpg 300w, https:\/\/diarioprincipios.com\/wp-content\/uploads\/2023\/03\/IMG-20230330-WA0035-768x345.jpg 768w, https:\/\/diarioprincipios.com\/wp-content\/uploads\/2023\/03\/IMG-20230330-WA0035.jpg 1280w\" sizes=\"auto, (max-width: 1024px) 100vw, 1024px\" \/><\/figure>\n\n\n\n<p><br>La concejal Celia Cabrera, quien preside la Asociaci\u00f3n destac\u00f3 que \u00abeste a\u00f1o arrancamos nuestra competici\u00f3n con la participaci\u00f3n de 62 equipos, la mayor cantidad desde que comenzamos hace algunos a\u00f1os, y la verdad que no nos sorprende porque en todo este tiempo no hemos parado de crecer y de capacitarnos para que las cosas salgan cada vez mejor\u00bb.<\/p>\n\n\n\n<figure class=\"wp-block-image size-large\"><img loading=\"lazy\" decoding=\"async\" width=\"1024\" height=\"460\" src=\"https:\/\/diarioprincipios.com\/wp-content\/uploads\/2023\/03\/IMG-20230330-WA0040-1024x460.jpg\" alt=\"\" class=\"wp-image-16380\" srcset=\"https:\/\/diarioprincipios.com\/wp-content\/uploads\/2023\/03\/IMG-20230330-WA0040-1024x460.jpg 1024w, https:\/\/diarioprincipios.com\/wp-content\/uploads\/2023\/03\/IMG-20230330-WA0040-300x135.jpg 300w, https:\/\/diarioprincipios.com\/wp-content\/uploads\/2023\/03\/IMG-20230330-WA0040-768x345.jpg 768w, https:\/\/diarioprincipios.com\/wp-content\/uploads\/2023\/03\/IMG-20230330-WA0040.jpg 1280w\" sizes=\"auto, (max-width: 1024px) 100vw, 1024px\" \/><\/figure>\n\n\n\n<p><br>Coment\u00f3 asimismo que \u00abla reuni\u00f3n de Delegados fue muy importante para clarificar conceptos y dejar todo preparado para que el fin de semana comience la competencia\u00bb.<\/p>\n\n\n\n<figure class=\"wp-block-image size-full\"><img loading=\"lazy\" decoding=\"async\" width=\"1024\" height=\"768\" src=\"https:\/\/diarioprincipios.com\/wp-content\/uploads\/2023\/03\/IMG-20230331-WA0006.jpg\" alt=\"\" class=\"wp-image-16392\" srcset=\"https:\/\/diarioprincipios.com\/wp-content\/uploads\/2023\/03\/IMG-20230331-WA0006.jpg 1024w, https:\/\/diarioprincipios.com\/wp-content\/uploads\/2023\/03\/IMG-20230331-WA0006-300x225.jpg 300w, https:\/\/diarioprincipios.com\/wp-content\/uploads\/2023\/03\/IMG-20230331-WA0006-768x576.jpg 768w\" sizes=\"auto, (max-width: 1024px) 100vw, 1024px\" \/><\/figure>\n\n\n\n<p><br>El Torneo Apertura ser\u00e1 disputado por equipos que vienen de toda la regi\u00f3n en las categor\u00edas Sub 14, Sub 16, Sub 18, Sub 21 y Mayores, tanto en Damas como Caballeros.<\/p>\n\n\n\n<figure class=\"wp-block-image size-large\"><img loading=\"lazy\" decoding=\"async\" width=\"1024\" height=\"460\" src=\"https:\/\/diarioprincipios.com\/wp-content\/uploads\/2023\/03\/IMG-20230330-WA0032-1024x460.jpg\" alt=\"\" class=\"wp-image-16381\" srcset=\"https:\/\/diarioprincipios.com\/wp-content\/uploads\/2023\/03\/IMG-20230330-WA0032-1024x460.jpg 1024w, https:\/\/diarioprincipios.com\/wp-content\/uploads\/2023\/03\/IMG-20230330-WA0032-300x135.jpg 300w, https:\/\/diarioprincipios.com\/wp-content\/uploads\/2023\/03\/IMG-20230330-WA0032-768x345.jpg 768w, https:\/\/diarioprincipios.com\/wp-content\/uploads\/2023\/03\/IMG-20230330-WA0032.jpg 1280w\" sizes=\"auto, (max-width: 1024px) 100vw, 1024px\" \/><\/figure>\n\n\n\n<p><br>Finalmente, Celia Cabrera agradeci\u00f3 \u00abel apoyo del intendente Juan Jos\u00e9 Mussi, del secretario general de los vidrieros Horacio Valdez y de todo nuestro valioso equipo de trabajo que hacen posible la realizaci\u00f3n de este Torneo que a\u00f1o a a\u00f1o se vuelve m\u00e1s prestigioso y reconocido\u00bb.<\/p>\n","protected":false},"excerpt":{"rendered":"<p>Este fin de semana, con la participaci\u00f3n in\u00e9dita de 62 equipos comienza a disputarse el Torneo Apertura organizado por la Asociaci\u00f3n de Voley Capital Nacional del Vidrio. Por tal motivo el martes se desarroll\u00f3 una importante reuni\u00f3n con todos los delegados a fin de ajustar los \u00faltimos detalles. La concejal Celia Cabrera, quien preside la&#8230;<\/p>\n","protected":false},"author":2,"featured_media":16382,"comment_status":"open","ping_status":"open","sticky":false,"template":"","format":"standard","meta":{"footnotes":""},"categories":[3],"tags":[],"class_list":["post-16378","post","type-post","status-publish","format-standard","has-post-thumbnail","hentry","category-berazategui"],"featured_image_src":"https:\/\/diarioprincipios.com\/wp-content\/uploads\/2023\/03\/Screenshot_20230331-092115_WhatsApp-1024x680.jpg","blog_images":{"medium":"https:\/\/diarioprincipios.com\/wp-content\/uploads\/2023\/03\/Screenshot_20230331-092115_WhatsApp-300x199.jpg","large":"https:\/\/diarioprincipios.com\/wp-content\/uploads\/2023\/03\/Screenshot_20230331-092115_WhatsApp-1024x680.jpg"},"ams_acf":[],"yoast_head":"<!-- This site is optimized with the Yoast SEO plugin v27.3 - https:\/\/yoast.com\/product\/yoast-seo-wordpress\/ -->\n<title>Con 62 equipos comienza el Torneo Apertura de Voley - Principios<\/title>\n<meta name=\"robots\" content=\"index, follow, max-snippet:-1, max-image-preview:large, max-video-preview:-1\" \/>\n<link rel=\"canonical\" href=\"https:\/\/diarioprincipios.com\/index.php\/2023\/03\/31\/con-62-equipos-comienza-el-torneo-apertura-de-voley\/\" \/>\n<meta property=\"og:locale\" content=\"es_ES\" \/>\n<meta property=\"og:type\" content=\"article\" \/>\n<meta property=\"og:title\" content=\"Con 62 equipos comienza el Torneo Apertura de Voley - Principios\" \/>\n<meta property=\"og:description\" content=\"Este fin de semana, con la participaci\u00f3n in\u00e9dita de 62 equipos comienza a disputarse el Torneo Apertura organizado por la Asociaci\u00f3n de Voley Capital Nacional del Vidrio. Por tal motivo el martes se desarroll\u00f3 una importante reuni\u00f3n con todos los delegados a fin de ajustar los \u00faltimos detalles. La concejal Celia Cabrera, quien preside la...\" \/>\n<meta property=\"og:url\" content=\"https:\/\/diarioprincipios.com\/index.php\/2023\/03\/31\/con-62-equipos-comienza-el-torneo-apertura-de-voley\/\" \/>\n<meta property=\"og:site_name\" content=\"Principios\" \/>\n<meta property=\"article:published_time\" content=\"2023-03-31T12:22:07+00:00\" \/>\n<meta property=\"article:modified_time\" content=\"2023-03-31T19:07:26+00:00\" \/>\n<meta property=\"og:image\" content=\"https:\/\/diarioprincipios.com\/wp-content\/uploads\/2023\/03\/Screenshot_20230331-092115_WhatsApp.jpg\" \/>\n\t<meta property=\"og:image:width\" content=\"1080\" \/>\n\t<meta property=\"og:image:height\" content=\"717\" \/>\n\t<meta property=\"og:image:type\" content=\"image\/jpeg\" \/>\n<meta name=\"author\" content=\"Hern\u00e1n L\u00f3pez\" \/>\n<meta name=\"twitter:card\" content=\"summary_large_image\" \/>\n<meta name=\"twitter:label1\" content=\"Escrito por\" \/>\n\t<meta name=\"twitter:data1\" content=\"Hern\u00e1n L\u00f3pez\" \/>\n\t<meta name=\"twitter:label2\" content=\"Tiempo de lectura\" \/>\n\t<meta name=\"twitter:data2\" content=\"2 minutos\" \/>\n<script type=\"application\/ld+json\" class=\"yoast-schema-graph\">{\"@context\":\"https:\\\/\\\/schema.org\",\"@graph\":[{\"@type\":\"Article\",\"@id\":\"https:\\\/\\\/diarioprincipios.com\\\/index.php\\\/2023\\\/03\\\/31\\\/con-62-equipos-comienza-el-torneo-apertura-de-voley\\\/#article\",\"isPartOf\":{\"@id\":\"https:\\\/\\\/diarioprincipios.com\\\/index.php\\\/2023\\\/03\\\/31\\\/con-62-equipos-comienza-el-torneo-apertura-de-voley\\\/\"},\"author\":{\"name\":\"Hern\u00e1n L\u00f3pez\",\"@id\":\"https:\\\/\\\/diarioprincipios.com\\\/#\\\/schema\\\/person\\\/436d5a1fd41a5e250e23ff5a6a7cb080\"},\"headline\":\"Con 62 equipos comienza el Torneo Apertura de Voley\",\"datePublished\":\"2023-03-31T12:22:07+00:00\",\"dateModified\":\"2023-03-31T19:07:26+00:00\",\"mainEntityOfPage\":{\"@id\":\"https:\\\/\\\/diarioprincipios.com\\\/index.php\\\/2023\\\/03\\\/31\\\/con-62-equipos-comienza-el-torneo-apertura-de-voley\\\/\"},\"wordCount\":226,\"commentCount\":0,\"publisher\":{\"@id\":\"https:\\\/\\\/diarioprincipios.com\\\/#organization\"},\"image\":{\"@id\":\"https:\\\/\\\/diarioprincipios.com\\\/index.php\\\/2023\\\/03\\\/31\\\/con-62-equipos-comienza-el-torneo-apertura-de-voley\\\/#primaryimage\"},\"thumbnailUrl\":\"https:\\\/\\\/diarioprincipios.com\\\/wp-content\\\/uploads\\\/2023\\\/03\\\/Screenshot_20230331-092115_WhatsApp.jpg\",\"articleSection\":[\"Berazategui\"],\"inLanguage\":\"es\",\"potentialAction\":[{\"@type\":\"CommentAction\",\"name\":\"Comment\",\"target\":[\"https:\\\/\\\/diarioprincipios.com\\\/index.php\\\/2023\\\/03\\\/31\\\/con-62-equipos-comienza-el-torneo-apertura-de-voley\\\/#respond\"]}]},{\"@type\":\"WebPage\",\"@id\":\"https:\\\/\\\/diarioprincipios.com\\\/index.php\\\/2023\\\/03\\\/31\\\/con-62-equipos-comienza-el-torneo-apertura-de-voley\\\/\",\"url\":\"https:\\\/\\\/diarioprincipios.com\\\/index.php\\\/2023\\\/03\\\/31\\\/con-62-equipos-comienza-el-torneo-apertura-de-voley\\\/\",\"name\":\"Con 62 equipos comienza el Torneo Apertura de Voley - Principios\",\"isPartOf\":{\"@id\":\"https:\\\/\\\/diarioprincipios.com\\\/#website\"},\"primaryImageOfPage\":{\"@id\":\"https:\\\/\\\/diarioprincipios.com\\\/index.php\\\/2023\\\/03\\\/31\\\/con-62-equipos-comienza-el-torneo-apertura-de-voley\\\/#primaryimage\"},\"image\":{\"@id\":\"https:\\\/\\\/diarioprincipios.com\\\/index.php\\\/2023\\\/03\\\/31\\\/con-62-equipos-comienza-el-torneo-apertura-de-voley\\\/#primaryimage\"},\"thumbnailUrl\":\"https:\\\/\\\/diarioprincipios.com\\\/wp-content\\\/uploads\\\/2023\\\/03\\\/Screenshot_20230331-092115_WhatsApp.jpg\",\"datePublished\":\"2023-03-31T12:22:07+00:00\",\"dateModified\":\"2023-03-31T19:07:26+00:00\",\"breadcrumb\":{\"@id\":\"https:\\\/\\\/diarioprincipios.com\\\/index.php\\\/2023\\\/03\\\/31\\\/con-62-equipos-comienza-el-torneo-apertura-de-voley\\\/#breadcrumb\"},\"inLanguage\":\"es\",\"potentialAction\":[{\"@type\":\"ReadAction\",\"target\":[\"https:\\\/\\\/diarioprincipios.com\\\/index.php\\\/2023\\\/03\\\/31\\\/con-62-equipos-comienza-el-torneo-apertura-de-voley\\\/\"]}]},{\"@type\":\"ImageObject\",\"inLanguage\":\"es\",\"@id\":\"https:\\\/\\\/diarioprincipios.com\\\/index.php\\\/2023\\\/03\\\/31\\\/con-62-equipos-comienza-el-torneo-apertura-de-voley\\\/#primaryimage\",\"url\":\"https:\\\/\\\/diarioprincipios.com\\\/wp-content\\\/uploads\\\/2023\\\/03\\\/Screenshot_20230331-092115_WhatsApp.jpg\",\"contentUrl\":\"https:\\\/\\\/diarioprincipios.com\\\/wp-content\\\/uploads\\\/2023\\\/03\\\/Screenshot_20230331-092115_WhatsApp.jpg\",\"width\":1080,\"height\":717},{\"@type\":\"BreadcrumbList\",\"@id\":\"https:\\\/\\\/diarioprincipios.com\\\/index.php\\\/2023\\\/03\\\/31\\\/con-62-equipos-comienza-el-torneo-apertura-de-voley\\\/#breadcrumb\",\"itemListElement\":[{\"@type\":\"ListItem\",\"position\":1,\"name\":\"Portada\",\"item\":\"https:\\\/\\\/diarioprincipios.com\\\/\"},{\"@type\":\"ListItem\",\"position\":2,\"name\":\"Con 62 equipos comienza el Torneo Apertura de Voley\"}]},{\"@type\":\"WebSite\",\"@id\":\"https:\\\/\\\/diarioprincipios.com\\\/#website\",\"url\":\"https:\\\/\\\/diarioprincipios.com\\\/\",\"name\":\"Principios\",\"description\":\"Principios Diario\",\"publisher\":{\"@id\":\"https:\\\/\\\/diarioprincipios.com\\\/#organization\"},\"potentialAction\":[{\"@type\":\"SearchAction\",\"target\":{\"@type\":\"EntryPoint\",\"urlTemplate\":\"https:\\\/\\\/diarioprincipios.com\\\/?s={search_term_string}\"},\"query-input\":{\"@type\":\"PropertyValueSpecification\",\"valueRequired\":true,\"valueName\":\"search_term_string\"}}],\"inLanguage\":\"es\"},{\"@type\":\"Organization\",\"@id\":\"https:\\\/\\\/diarioprincipios.com\\\/#organization\",\"name\":\"Principios\",\"url\":\"https:\\\/\\\/diarioprincipios.com\\\/\",\"logo\":{\"@type\":\"ImageObject\",\"inLanguage\":\"es\",\"@id\":\"https:\\\/\\\/diarioprincipios.com\\\/#\\\/schema\\\/logo\\\/image\\\/\",\"url\":\"https:\\\/\\\/diarioprincipios.com\\\/wp-content\\\/uploads\\\/2024\\\/04\\\/cropped-www.diarioprincipios.com_-1.png\",\"contentUrl\":\"https:\\\/\\\/diarioprincipios.com\\\/wp-content\\\/uploads\\\/2024\\\/04\\\/cropped-www.diarioprincipios.com_-1.png\",\"width\":5325,\"height\":1454,\"caption\":\"Principios\"},\"image\":{\"@id\":\"https:\\\/\\\/diarioprincipios.com\\\/#\\\/schema\\\/logo\\\/image\\\/\"}},{\"@type\":\"Person\",\"@id\":\"https:\\\/\\\/diarioprincipios.com\\\/#\\\/schema\\\/person\\\/436d5a1fd41a5e250e23ff5a6a7cb080\",\"name\":\"Hern\u00e1n L\u00f3pez\",\"image\":{\"@type\":\"ImageObject\",\"inLanguage\":\"es\",\"@id\":\"https:\\\/\\\/diarioprincipios.com\\\/wp-content\\\/litespeed\\\/avatar\\\/11ddfe5610ff3bd100522525b2571f48.jpg?ver=1777048341\",\"url\":\"https:\\\/\\\/diarioprincipios.com\\\/wp-content\\\/litespeed\\\/avatar\\\/11ddfe5610ff3bd100522525b2571f48.jpg?ver=1777048341\",\"contentUrl\":\"https:\\\/\\\/diarioprincipios.com\\\/wp-content\\\/litespeed\\\/avatar\\\/11ddfe5610ff3bd100522525b2571f48.jpg?ver=1777048341\",\"caption\":\"Hern\u00e1n L\u00f3pez\"},\"url\":\"https:\\\/\\\/diarioprincipios.com\\\/index.php\\\/author\\\/hernan\\\/\"}]}<\/script>\n<!-- \/ Yoast SEO plugin. -->","yoast_head_json":{"title":"Con 62 equipos comienza el Torneo Apertura de Voley - Principios","robots":{"index":"index","follow":"follow","max-snippet":"max-snippet:-1","max-image-preview":"max-image-preview:large","max-video-preview":"max-video-preview:-1"},"canonical":"https:\/\/diarioprincipios.com\/index.php\/2023\/03\/31\/con-62-equipos-comienza-el-torneo-apertura-de-voley\/","og_locale":"es_ES","og_type":"article","og_title":"Con 62 equipos comienza el Torneo Apertura de Voley - Principios","og_description":"Este fin de semana, con la participaci\u00f3n in\u00e9dita de 62 equipos comienza a disputarse el Torneo Apertura organizado por la Asociaci\u00f3n de Voley Capital Nacional del Vidrio. Por tal motivo el martes se desarroll\u00f3 una importante reuni\u00f3n con todos los delegados a fin de ajustar los \u00faltimos detalles. La concejal Celia Cabrera, quien preside la...","og_url":"https:\/\/diarioprincipios.com\/index.php\/2023\/03\/31\/con-62-equipos-comienza-el-torneo-apertura-de-voley\/","og_site_name":"Principios","article_published_time":"2023-03-31T12:22:07+00:00","article_modified_time":"2023-03-31T19:07:26+00:00","og_image":[{"width":1080,"height":717,"url":"https:\/\/diarioprincipios.com\/wp-content\/uploads\/2023\/03\/Screenshot_20230331-092115_WhatsApp.jpg","type":"image\/jpeg"}],"author":"Hern\u00e1n L\u00f3pez","twitter_card":"summary_large_image","twitter_misc":{"Escrito por":"Hern\u00e1n L\u00f3pez","Tiempo de lectura":"2 minutos"},"schema":{"@context":"https:\/\/schema.org","@graph":[{"@type":"Article","@id":"https:\/\/diarioprincipios.com\/index.php\/2023\/03\/31\/con-62-equipos-comienza-el-torneo-apertura-de-voley\/#article","isPartOf":{"@id":"https:\/\/diarioprincipios.com\/index.php\/2023\/03\/31\/con-62-equipos-comienza-el-torneo-apertura-de-voley\/"},"author":{"name":"Hern\u00e1n L\u00f3pez","@id":"https:\/\/diarioprincipios.com\/#\/schema\/person\/436d5a1fd41a5e250e23ff5a6a7cb080"},"headline":"Con 62 equipos comienza el Torneo Apertura de Voley","datePublished":"2023-03-31T12:22:07+00:00","dateModified":"2023-03-31T19:07:26+00:00","mainEntityOfPage":{"@id":"https:\/\/diarioprincipios.com\/index.php\/2023\/03\/31\/con-62-equipos-comienza-el-torneo-apertura-de-voley\/"},"wordCount":226,"commentCount":0,"publisher":{"@id":"https:\/\/diarioprincipios.com\/#organization"},"image":{"@id":"https:\/\/diarioprincipios.com\/index.php\/2023\/03\/31\/con-62-equipos-comienza-el-torneo-apertura-de-voley\/#primaryimage"},"thumbnailUrl":"https:\/\/diarioprincipios.com\/wp-content\/uploads\/2023\/03\/Screenshot_20230331-092115_WhatsApp.jpg","articleSection":["Berazategui"],"inLanguage":"es","potentialAction":[{"@type":"CommentAction","name":"Comment","target":["https:\/\/diarioprincipios.com\/index.php\/2023\/03\/31\/con-62-equipos-comienza-el-torneo-apertura-de-voley\/#respond"]}]},{"@type":"WebPage","@id":"https:\/\/diarioprincipios.com\/index.php\/2023\/03\/31\/con-62-equipos-comienza-el-torneo-apertura-de-voley\/","url":"https:\/\/diarioprincipios.com\/index.php\/2023\/03\/31\/con-62-equipos-comienza-el-torneo-apertura-de-voley\/","name":"Con 62 equipos comienza el Torneo Apertura de Voley - Principios","isPartOf":{"@id":"https:\/\/diarioprincipios.com\/#website"},"primaryImageOfPage":{"@id":"https:\/\/diarioprincipios.com\/index.php\/2023\/03\/31\/con-62-equipos-comienza-el-torneo-apertura-de-voley\/#primaryimage"},"image":{"@id":"https:\/\/diarioprincipios.com\/index.php\/2023\/03\/31\/con-62-equipos-comienza-el-torneo-apertura-de-voley\/#primaryimage"},"thumbnailUrl":"https:\/\/diarioprincipios.com\/wp-content\/uploads\/2023\/03\/Screenshot_20230331-092115_WhatsApp.jpg","datePublished":"2023-03-31T12:22:07+00:00","dateModified":"2023-03-31T19:07:26+00:00","breadcrumb":{"@id":"https:\/\/diarioprincipios.com\/index.php\/2023\/03\/31\/con-62-equipos-comienza-el-torneo-apertura-de-voley\/#breadcrumb"},"inLanguage":"es","potentialAction":[{"@type":"ReadAction","target":["https:\/\/diarioprincipios.com\/index.php\/2023\/03\/31\/con-62-equipos-comienza-el-torneo-apertura-de-voley\/"]}]},{"@type":"ImageObject","inLanguage":"es","@id":"https:\/\/diarioprincipios.com\/index.php\/2023\/03\/31\/con-62-equipos-comienza-el-torneo-apertura-de-voley\/#primaryimage","url":"https:\/\/diarioprincipios.com\/wp-content\/uploads\/2023\/03\/Screenshot_20230331-092115_WhatsApp.jpg","contentUrl":"https:\/\/diarioprincipios.com\/wp-content\/uploads\/2023\/03\/Screenshot_20230331-092115_WhatsApp.jpg","width":1080,"height":717},{"@type":"BreadcrumbList","@id":"https:\/\/diarioprincipios.com\/index.php\/2023\/03\/31\/con-62-equipos-comienza-el-torneo-apertura-de-voley\/#breadcrumb","itemListElement":[{"@type":"ListItem","position":1,"name":"Portada","item":"https:\/\/diarioprincipios.com\/"},{"@type":"ListItem","position":2,"name":"Con 62 equipos comienza el Torneo Apertura de Voley"}]},{"@type":"WebSite","@id":"https:\/\/diarioprincipios.com\/#website","url":"https:\/\/diarioprincipios.com\/","name":"Principios","description":"Principios Diario","publisher":{"@id":"https:\/\/diarioprincipios.com\/#organization"},"potentialAction":[{"@type":"SearchAction","target":{"@type":"EntryPoint","urlTemplate":"https:\/\/diarioprincipios.com\/?s={search_term_string}"},"query-input":{"@type":"PropertyValueSpecification","valueRequired":true,"valueName":"search_term_string"}}],"inLanguage":"es"},{"@type":"Organization","@id":"https:\/\/diarioprincipios.com\/#organization","name":"Principios","url":"https:\/\/diarioprincipios.com\/","logo":{"@type":"ImageObject","inLanguage":"es","@id":"https:\/\/diarioprincipios.com\/#\/schema\/logo\/image\/","url":"https:\/\/diarioprincipios.com\/wp-content\/uploads\/2024\/04\/cropped-www.diarioprincipios.com_-1.png","contentUrl":"https:\/\/diarioprincipios.com\/wp-content\/uploads\/2024\/04\/cropped-www.diarioprincipios.com_-1.png","width":5325,"height":1454,"caption":"Principios"},"image":{"@id":"https:\/\/diarioprincipios.com\/#\/schema\/logo\/image\/"}},{"@type":"Person","@id":"https:\/\/diarioprincipios.com\/#\/schema\/person\/436d5a1fd41a5e250e23ff5a6a7cb080","name":"Hern\u00e1n L\u00f3pez","image":{"@type":"ImageObject","inLanguage":"es","@id":"https:\/\/diarioprincipios.com\/wp-content\/litespeed\/avatar\/11ddfe5610ff3bd100522525b2571f48.jpg?ver=1777048341","url":"https:\/\/diarioprincipios.com\/wp-content\/litespeed\/avatar\/11ddfe5610ff3bd100522525b2571f48.jpg?ver=1777048341","contentUrl":"https:\/\/diarioprincipios.com\/wp-content\/litespeed\/avatar\/11ddfe5610ff3bd100522525b2571f48.jpg?ver=1777048341","caption":"Hern\u00e1n L\u00f3pez"},"url":"https:\/\/diarioprincipios.com\/index.php\/author\/hernan\/"}]}},"jetpack_featured_media_url":"https:\/\/diarioprincipios.com\/wp-content\/uploads\/2023\/03\/Screenshot_20230331-092115_WhatsApp.jpg","_links":{"self":[{"href":"https:\/\/diarioprincipios.com\/index.php\/wp-json\/wp\/v2\/posts\/16378","targetHints":{"allow":["GET"]}}],"collection":[{"href":"https:\/\/diarioprincipios.com\/index.php\/wp-json\/wp\/v2\/posts"}],"about":[{"href":"https:\/\/diarioprincipios.com\/index.php\/wp-json\/wp\/v2\/types\/post"}],"author":[{"embeddable":true,"href":"https:\/\/diarioprincipios.com\/index.php\/wp-json\/wp\/v2\/users\/2"}],"replies":[{"embeddable":true,"href":"https:\/\/diarioprincipios.com\/index.php\/wp-json\/wp\/v2\/comments?post=16378"}],"version-history":[{"count":2,"href":"https:\/\/diarioprincipios.com\/index.php\/wp-json\/wp\/v2\/posts\/16378\/revisions"}],"predecessor-version":[{"id":16394,"href":"https:\/\/diarioprincipios.com\/index.php\/wp-json\/wp\/v2\/posts\/16378\/revisions\/16394"}],"wp:featuredmedia":[{"embeddable":true,"href":"https:\/\/diarioprincipios.com\/index.php\/wp-json\/wp\/v2\/media\/16382"}],"wp:attachment":[{"href":"https:\/\/diarioprincipios.com\/index.php\/wp-json\/wp\/v2\/media?parent=16378"}],"wp:term":[{"taxonomy":"category","embeddable":true,"href":"https:\/\/diarioprincipios.com\/index.php\/wp-json\/wp\/v2\/categories?post=16378"},{"taxonomy":"post_tag","embeddable":true,"href":"https:\/\/diarioprincipios.com\/index.php\/wp-json\/wp\/v2\/tags?post=16378"}],"curies":[{"name":"wp","href":"https:\/\/api.w.org\/{rel}","templated":true}]}}