{"id":16374,"date":"2023-03-30T18:20:09","date_gmt":"2023-03-30T21:20:09","guid":{"rendered":"http:\/\/diarioprincipios.com\/?p=16374"},"modified":"2023-03-31T16:07:32","modified_gmt":"2023-03-31T19:07:32","slug":"pepe-mujica-sera-distinguido-con-el-doctor-honoris-causa-de-la-unq","status":"publish","type":"post","link":"https:\/\/diarioprincipios.com\/index.php\/2023\/03\/30\/pepe-mujica-sera-distinguido-con-el-doctor-honoris-causa-de-la-unq\/","title":{"rendered":"Pepe Mujica ser\u00e1 distinguido con el Doctor Honoris Causa de la UNQ"},"content":{"rendered":"\n<p>El ex presidente uruguayo recibir\u00e1 la m\u00e1xima distinci\u00f3n de la Universidad.<br>El lunes 10 de abril de 2023 Jos\u00e9 \u00abPepe\u00bb Alberto Mujica Cordano, ex presidente de la Rep\u00fablica Oriental del Uruguay, ser\u00e1 distinguido con el t\u00edtulo de Doctor Honoris Causa de la Universidad Nacional de Quilmes (UNQ).<\/p>\n\n\n\n<p>El evento ser\u00e1 en el Aula Magna a las 17 horas.<\/p>\n\n\n\n<p>Jos\u00e9 \u00abPepe\u00bb Mujica naci\u00f3 en Montevideo el 20 de mayo de 1935 y comenz\u00f3 desde temprana edad una profusa actividad en el campo de lo pol\u00edtico, caracterizada por su claridad ideol\u00f3gica y transparencia moral orientada por alcanzar el bienestar social, afectivo y econ\u00f3mico del pueblo uruguayo y latinoamericano.<\/p>\n\n\n\n<p>El 8 de marzo de 1985 con la finalizaci\u00f3n de la dictadura c\u00edvico militar uruguaya (1973-1985) y luego de permanecer 13 a\u00f1os en c\u00e1rcel, retom\u00f3 su actividad pol\u00edtica p\u00fablica y fund\u00f3 junto a otros\/as compa\u00f1eros\/as el Movimiento de Participaci\u00f3n Popular (MPP), espacio pol\u00edtico con el que integrar\u00eda el Frente Amplio.<\/p>\n\n\n\n<figure class=\"wp-block-image size-full\"><img loading=\"lazy\" decoding=\"async\" width=\"700\" height=\"700\" src=\"https:\/\/diarioprincipios.com\/wp-content\/uploads\/2023\/03\/6425dcce2f59a_700x700.jpg\" alt=\"\" class=\"wp-image-16375\" srcset=\"https:\/\/diarioprincipios.com\/wp-content\/uploads\/2023\/03\/6425dcce2f59a_700x700.jpg 700w, https:\/\/diarioprincipios.com\/wp-content\/uploads\/2023\/03\/6425dcce2f59a_700x700-300x300.jpg 300w, https:\/\/diarioprincipios.com\/wp-content\/uploads\/2023\/03\/6425dcce2f59a_700x700-150x150.jpg 150w\" sizes=\"auto, (max-width: 700px) 100vw, 700px\" \/><\/figure>\n\n\n\n<p>En el desarrollo de su militancia pol\u00edtica post dictatorial cobr\u00f3 progresivamente notoriedad social a partir de la cual asumi\u00f3 diferentes posiciones de representaci\u00f3n de su pueblo, tanto legislativas (diputado en 1994 y senador en 1999) como ejecutivas (ministro de ganader\u00eda, pesca y agricultura en 2005).<\/p>\n\n\n\n<p>En 2009 result\u00f3 electo presidente de la Rep\u00fablica Oriental del Uruguay con el 47,96% de los votos en primera vuelta y el 52,39% en la segunda. Durante el desarrollo de su gobierno se obtuvieron logros en materia econ\u00f3mica, de derechos humanos, educativos y civiles entre los que destacan: la disminuci\u00f3n en un 12% de la pobreza; se alcanzaron los niveles m\u00e1s bajos de desigualdad del pa\u00eds por medio de aumentos del salario m\u00ednimo, la ampliaci\u00f3n de la cobertura jubilatoria y el reforzamiento de las asignaciones familiares, pensiones, entre otros; la creaci\u00f3n de la Universidad Tecnol\u00f3gica del Uruguay (UTEC), democratizando el acceso a poblaciones que no viven en Montevideo; la sanci\u00f3n de la Ley N\u00b018.987 de interrupci\u00f3n voluntaria del embarazo como reconocimiento al derecho de las mujeres sobre el propio cuerpo y como pol\u00edtica de Estado en materia de salud; la promulgaci\u00f3n de la Ley N\u00b0 19.075 de matrimonio igualitario que posibilit\u00f3 la uni\u00f3n civil en matrimonio sin importar sexo, orientaci\u00f3n sexual o identidad de g\u00e9nero; el descenso del desempleo que hab\u00eda comenzado con el primer gobierno del Frente Amplio, alcanzando su m\u00ednimo hist\u00f3rico en 5,6%.<\/p>\n\n\n\n<p>Por intermedio de sus acciones, reflexiones y responsabilidades promovi\u00f3 la integraci\u00f3n latinoamericana junto a otros y otras referentes\/as de la regi\u00f3n como v\u00eda para el fortalecimiento com\u00fan de las soberan\u00edas nacionales.<\/p>\n\n\n\n<p>En sus reiteradas intervenciones p\u00fablicas promueve el pensamiento cr\u00edtico al centrar su palabra en el cuestionamiento de los principales problemas que ponen en jaque a las sociedades actuales como son las crisis ambientales, las din\u00e1micas desenfrenadas del consumo, el desprestigio de la solidaridad como eje ordenador de las sociedades, la concentraci\u00f3n de la propiedad de los bienes socialmente producidos, entre otras.<\/p>\n\n\n\n<p>Destaca entre sus exposiciones la noci\u00f3n de comunidad como n\u00facleo de la convivencia pac\u00edfica entre pobladores y pobladoras del continente, rescatando la cosmovisi\u00f3n aimara de que \u201cpobre es el que no tiene comunidad\u201d, concepto que extiende el l\u00edmite de lo f\u00edsico en tanto espacio y territorialidad a la idea de comunidad de afectos como elemento central en el desarrollo de la vida de las personas.<\/p>\n\n\n\n<p>Como presidente de la Rep\u00fablica Oriental del Uruguay y durante su extensa militancia pol\u00edtica se ha propuesto trascender las generaciones y alcanzar con un mensaje de austeridad, hermandad y afecto la movilizaci\u00f3n de las pasiones en las juventudes, de modo tal que asuman la tarea de construir sociedades m\u00e1s felices en las que el bienestar del conjunto est\u00e9 garantizado.<\/p>\n\n\n\n<p>\u00abPepe\u00bb Mujica ha sido distinguido con otros t\u00edtulos de Doctor Honoris Causa por parte de Universidades extranjeras y locales como la Universidad Nacional de Lan\u00fas (2011), la Universidad Nacional de La Plata (2012), la Universidad Nacional de Rosario (2016) y la Universidad Nacional de Villa Mar\u00eda (2020).<\/p>\n\n\n\n<p>A su vez, en reiteradas ocasiones fue condecorado con las m\u00e1ximas distinciones honor\u00edficas de distintos pueblos de la regi\u00f3n; Orden Nacional al M\u00e9rito \u00abMariscal Francisco Solano L\u00f3pez\u00bb (Paraguay, 2010); Orden El Sol del Per\u00fa (Per\u00fa, 2011); Orden Mexicana del \u00c1guila Azteca (M\u00e9xico, 2014); Orden Nacional del Gran Collar de Ecuador (Ecuador, 2014).<\/p>\n\n\n\n<p>En 2021 recibi\u00f3, por intermedio del presidente de la Rep\u00fablica Argentina, la Orden del Libertador General San Mart\u00edn en grado de Collar, m\u00e1xima distinci\u00f3n que otorga el Estado argentino a quienes por sus acciones merezcan la gratitud de la Naci\u00f3n.<\/p>\n","protected":false},"excerpt":{"rendered":"<p>El ex presidente uruguayo recibir\u00e1 la m\u00e1xima distinci\u00f3n de la Universidad.El lunes 10 de abril de 2023 Jos\u00e9 \u00abPepe\u00bb Alberto Mujica Cordano, ex presidente de la Rep\u00fablica Oriental del Uruguay, ser\u00e1 distinguido con el t\u00edtulo de Doctor Honoris Causa de la Universidad Nacional de Quilmes (UNQ). El evento ser\u00e1 en el Aula Magna a las&#8230;<\/p>\n","protected":false},"author":2,"featured_media":16376,"comment_status":"open","ping_status":"open","sticky":false,"template":"","format":"standard","meta":{"footnotes":""},"categories":[4],"tags":[],"class_list":["post-16374","post","type-post","status-publish","format-standard","has-post-thumbnail","hentry","category-quilmes"],"featured_image_src":"https:\/\/diarioprincipios.com\/wp-content\/uploads\/2023\/03\/descarga-1-3.jpeg","blog_images":{"medium":"https:\/\/diarioprincipios.com\/wp-content\/uploads\/2023\/03\/descarga-1-3.jpeg","large":"https:\/\/diarioprincipios.com\/wp-content\/uploads\/2023\/03\/descarga-1-3.jpeg"},"ams_acf":[],"yoast_head":"<!-- This site is optimized with the Yoast SEO plugin v27.3 - https:\/\/yoast.com\/product\/yoast-seo-wordpress\/ -->\n<title>Pepe Mujica ser\u00e1 distinguido con el Doctor Honoris Causa de la UNQ - Principios<\/title>\n<meta name=\"robots\" content=\"index, follow, max-snippet:-1, max-image-preview:large, max-video-preview:-1\" \/>\n<link rel=\"canonical\" href=\"https:\/\/diarioprincipios.com\/index.php\/2023\/03\/30\/pepe-mujica-sera-distinguido-con-el-doctor-honoris-causa-de-la-unq\/\" \/>\n<meta property=\"og:locale\" content=\"es_ES\" \/>\n<meta property=\"og:type\" content=\"article\" \/>\n<meta property=\"og:title\" content=\"Pepe Mujica ser\u00e1 distinguido con el Doctor Honoris Causa de la UNQ - Principios\" \/>\n<meta property=\"og:description\" content=\"El ex presidente uruguayo recibir\u00e1 la m\u00e1xima distinci\u00f3n de la Universidad.El lunes 10 de abril de 2023 Jos\u00e9 \u00abPepe\u00bb Alberto Mujica Cordano, ex presidente de la Rep\u00fablica Oriental del Uruguay, ser\u00e1 distinguido con el t\u00edtulo de Doctor Honoris Causa de la Universidad Nacional de Quilmes (UNQ). El evento ser\u00e1 en el Aula Magna a las...\" \/>\n<meta property=\"og:url\" content=\"https:\/\/diarioprincipios.com\/index.php\/2023\/03\/30\/pepe-mujica-sera-distinguido-con-el-doctor-honoris-causa-de-la-unq\/\" \/>\n<meta property=\"og:site_name\" content=\"Principios\" \/>\n<meta property=\"article:published_time\" content=\"2023-03-30T21:20:09+00:00\" \/>\n<meta property=\"article:modified_time\" content=\"2023-03-31T19:07:32+00:00\" \/>\n<meta property=\"og:image\" content=\"https:\/\/diarioprincipios.com\/wp-content\/uploads\/2023\/03\/descarga-1-3.jpeg\" \/>\n\t<meta property=\"og:image:width\" content=\"300\" \/>\n\t<meta property=\"og:image:height\" content=\"168\" \/>\n\t<meta property=\"og:image:type\" content=\"image\/jpeg\" \/>\n<meta name=\"author\" content=\"Hern\u00e1n L\u00f3pez\" \/>\n<meta name=\"twitter:card\" content=\"summary_large_image\" \/>\n<meta name=\"twitter:label1\" content=\"Escrito por\" \/>\n\t<meta name=\"twitter:data1\" content=\"Hern\u00e1n L\u00f3pez\" \/>\n\t<meta name=\"twitter:label2\" content=\"Tiempo de lectura\" \/>\n\t<meta name=\"twitter:data2\" content=\"4 minutos\" \/>\n<script type=\"application\/ld+json\" class=\"yoast-schema-graph\">{\"@context\":\"https:\\\/\\\/schema.org\",\"@graph\":[{\"@type\":\"Article\",\"@id\":\"https:\\\/\\\/diarioprincipios.com\\\/index.php\\\/2023\\\/03\\\/30\\\/pepe-mujica-sera-distinguido-con-el-doctor-honoris-causa-de-la-unq\\\/#article\",\"isPartOf\":{\"@id\":\"https:\\\/\\\/diarioprincipios.com\\\/index.php\\\/2023\\\/03\\\/30\\\/pepe-mujica-sera-distinguido-con-el-doctor-honoris-causa-de-la-unq\\\/\"},\"author\":{\"name\":\"Hern\u00e1n L\u00f3pez\",\"@id\":\"https:\\\/\\\/diarioprincipios.com\\\/#\\\/schema\\\/person\\\/436d5a1fd41a5e250e23ff5a6a7cb080\"},\"headline\":\"Pepe Mujica ser\u00e1 distinguido con el Doctor Honoris Causa de la UNQ\",\"datePublished\":\"2023-03-30T21:20:09+00:00\",\"dateModified\":\"2023-03-31T19:07:32+00:00\",\"mainEntityOfPage\":{\"@id\":\"https:\\\/\\\/diarioprincipios.com\\\/index.php\\\/2023\\\/03\\\/30\\\/pepe-mujica-sera-distinguido-con-el-doctor-honoris-causa-de-la-unq\\\/\"},\"wordCount\":802,\"commentCount\":0,\"publisher\":{\"@id\":\"https:\\\/\\\/diarioprincipios.com\\\/#organization\"},\"image\":{\"@id\":\"https:\\\/\\\/diarioprincipios.com\\\/index.php\\\/2023\\\/03\\\/30\\\/pepe-mujica-sera-distinguido-con-el-doctor-honoris-causa-de-la-unq\\\/#primaryimage\"},\"thumbnailUrl\":\"https:\\\/\\\/diarioprincipios.com\\\/wp-content\\\/uploads\\\/2023\\\/03\\\/descarga-1-3.jpeg\",\"articleSection\":[\"Quilmes\"],\"inLanguage\":\"es\",\"potentialAction\":[{\"@type\":\"CommentAction\",\"name\":\"Comment\",\"target\":[\"https:\\\/\\\/diarioprincipios.com\\\/index.php\\\/2023\\\/03\\\/30\\\/pepe-mujica-sera-distinguido-con-el-doctor-honoris-causa-de-la-unq\\\/#respond\"]}]},{\"@type\":\"WebPage\",\"@id\":\"https:\\\/\\\/diarioprincipios.com\\\/index.php\\\/2023\\\/03\\\/30\\\/pepe-mujica-sera-distinguido-con-el-doctor-honoris-causa-de-la-unq\\\/\",\"url\":\"https:\\\/\\\/diarioprincipios.com\\\/index.php\\\/2023\\\/03\\\/30\\\/pepe-mujica-sera-distinguido-con-el-doctor-honoris-causa-de-la-unq\\\/\",\"name\":\"Pepe Mujica ser\u00e1 distinguido con el Doctor Honoris Causa de la UNQ - Principios\",\"isPartOf\":{\"@id\":\"https:\\\/\\\/diarioprincipios.com\\\/#website\"},\"primaryImageOfPage\":{\"@id\":\"https:\\\/\\\/diarioprincipios.com\\\/index.php\\\/2023\\\/03\\\/30\\\/pepe-mujica-sera-distinguido-con-el-doctor-honoris-causa-de-la-unq\\\/#primaryimage\"},\"image\":{\"@id\":\"https:\\\/\\\/diarioprincipios.com\\\/index.php\\\/2023\\\/03\\\/30\\\/pepe-mujica-sera-distinguido-con-el-doctor-honoris-causa-de-la-unq\\\/#primaryimage\"},\"thumbnailUrl\":\"https:\\\/\\\/diarioprincipios.com\\\/wp-content\\\/uploads\\\/2023\\\/03\\\/descarga-1-3.jpeg\",\"datePublished\":\"2023-03-30T21:20:09+00:00\",\"dateModified\":\"2023-03-31T19:07:32+00:00\",\"breadcrumb\":{\"@id\":\"https:\\\/\\\/diarioprincipios.com\\\/index.php\\\/2023\\\/03\\\/30\\\/pepe-mujica-sera-distinguido-con-el-doctor-honoris-causa-de-la-unq\\\/#breadcrumb\"},\"inLanguage\":\"es\",\"potentialAction\":[{\"@type\":\"ReadAction\",\"target\":[\"https:\\\/\\\/diarioprincipios.com\\\/index.php\\\/2023\\\/03\\\/30\\\/pepe-mujica-sera-distinguido-con-el-doctor-honoris-causa-de-la-unq\\\/\"]}]},{\"@type\":\"ImageObject\",\"inLanguage\":\"es\",\"@id\":\"https:\\\/\\\/diarioprincipios.com\\\/index.php\\\/2023\\\/03\\\/30\\\/pepe-mujica-sera-distinguido-con-el-doctor-honoris-causa-de-la-unq\\\/#primaryimage\",\"url\":\"https:\\\/\\\/diarioprincipios.com\\\/wp-content\\\/uploads\\\/2023\\\/03\\\/descarga-1-3.jpeg\",\"contentUrl\":\"https:\\\/\\\/diarioprincipios.com\\\/wp-content\\\/uploads\\\/2023\\\/03\\\/descarga-1-3.jpeg\",\"width\":300,\"height\":168},{\"@type\":\"BreadcrumbList\",\"@id\":\"https:\\\/\\\/diarioprincipios.com\\\/index.php\\\/2023\\\/03\\\/30\\\/pepe-mujica-sera-distinguido-con-el-doctor-honoris-causa-de-la-unq\\\/#breadcrumb\",\"itemListElement\":[{\"@type\":\"ListItem\",\"position\":1,\"name\":\"Portada\",\"item\":\"https:\\\/\\\/diarioprincipios.com\\\/\"},{\"@type\":\"ListItem\",\"position\":2,\"name\":\"Pepe Mujica ser\u00e1 distinguido con el Doctor Honoris Causa de la UNQ\"}]},{\"@type\":\"WebSite\",\"@id\":\"https:\\\/\\\/diarioprincipios.com\\\/#website\",\"url\":\"https:\\\/\\\/diarioprincipios.com\\\/\",\"name\":\"Principios\",\"description\":\"Principios Diario\",\"publisher\":{\"@id\":\"https:\\\/\\\/diarioprincipios.com\\\/#organization\"},\"potentialAction\":[{\"@type\":\"SearchAction\",\"target\":{\"@type\":\"EntryPoint\",\"urlTemplate\":\"https:\\\/\\\/diarioprincipios.com\\\/?s={search_term_string}\"},\"query-input\":{\"@type\":\"PropertyValueSpecification\",\"valueRequired\":true,\"valueName\":\"search_term_string\"}}],\"inLanguage\":\"es\"},{\"@type\":\"Organization\",\"@id\":\"https:\\\/\\\/diarioprincipios.com\\\/#organization\",\"name\":\"Principios\",\"url\":\"https:\\\/\\\/diarioprincipios.com\\\/\",\"logo\":{\"@type\":\"ImageObject\",\"inLanguage\":\"es\",\"@id\":\"https:\\\/\\\/diarioprincipios.com\\\/#\\\/schema\\\/logo\\\/image\\\/\",\"url\":\"https:\\\/\\\/diarioprincipios.com\\\/wp-content\\\/uploads\\\/2024\\\/04\\\/cropped-www.diarioprincipios.com_-1.png\",\"contentUrl\":\"https:\\\/\\\/diarioprincipios.com\\\/wp-content\\\/uploads\\\/2024\\\/04\\\/cropped-www.diarioprincipios.com_-1.png\",\"width\":5325,\"height\":1454,\"caption\":\"Principios\"},\"image\":{\"@id\":\"https:\\\/\\\/diarioprincipios.com\\\/#\\\/schema\\\/logo\\\/image\\\/\"}},{\"@type\":\"Person\",\"@id\":\"https:\\\/\\\/diarioprincipios.com\\\/#\\\/schema\\\/person\\\/436d5a1fd41a5e250e23ff5a6a7cb080\",\"name\":\"Hern\u00e1n L\u00f3pez\",\"image\":{\"@type\":\"ImageObject\",\"inLanguage\":\"es\",\"@id\":\"https:\\\/\\\/diarioprincipios.com\\\/wp-content\\\/litespeed\\\/avatar\\\/11ddfe5610ff3bd100522525b2571f48.jpg?ver=1777048341\",\"url\":\"https:\\\/\\\/diarioprincipios.com\\\/wp-content\\\/litespeed\\\/avatar\\\/11ddfe5610ff3bd100522525b2571f48.jpg?ver=1777048341\",\"contentUrl\":\"https:\\\/\\\/diarioprincipios.com\\\/wp-content\\\/litespeed\\\/avatar\\\/11ddfe5610ff3bd100522525b2571f48.jpg?ver=1777048341\",\"caption\":\"Hern\u00e1n L\u00f3pez\"},\"url\":\"https:\\\/\\\/diarioprincipios.com\\\/index.php\\\/author\\\/hernan\\\/\"}]}<\/script>\n<!-- \/ Yoast SEO plugin. -->","yoast_head_json":{"title":"Pepe Mujica ser\u00e1 distinguido con el Doctor Honoris Causa de la UNQ - Principios","robots":{"index":"index","follow":"follow","max-snippet":"max-snippet:-1","max-image-preview":"max-image-preview:large","max-video-preview":"max-video-preview:-1"},"canonical":"https:\/\/diarioprincipios.com\/index.php\/2023\/03\/30\/pepe-mujica-sera-distinguido-con-el-doctor-honoris-causa-de-la-unq\/","og_locale":"es_ES","og_type":"article","og_title":"Pepe Mujica ser\u00e1 distinguido con el Doctor Honoris Causa de la UNQ - Principios","og_description":"El ex presidente uruguayo recibir\u00e1 la m\u00e1xima distinci\u00f3n de la Universidad.El lunes 10 de abril de 2023 Jos\u00e9 \u00abPepe\u00bb Alberto Mujica Cordano, ex presidente de la Rep\u00fablica Oriental del Uruguay, ser\u00e1 distinguido con el t\u00edtulo de Doctor Honoris Causa de la Universidad Nacional de Quilmes (UNQ). El evento ser\u00e1 en el Aula Magna a las...","og_url":"https:\/\/diarioprincipios.com\/index.php\/2023\/03\/30\/pepe-mujica-sera-distinguido-con-el-doctor-honoris-causa-de-la-unq\/","og_site_name":"Principios","article_published_time":"2023-03-30T21:20:09+00:00","article_modified_time":"2023-03-31T19:07:32+00:00","og_image":[{"width":300,"height":168,"url":"https:\/\/diarioprincipios.com\/wp-content\/uploads\/2023\/03\/descarga-1-3.jpeg","type":"image\/jpeg"}],"author":"Hern\u00e1n L\u00f3pez","twitter_card":"summary_large_image","twitter_misc":{"Escrito por":"Hern\u00e1n L\u00f3pez","Tiempo de lectura":"4 minutos"},"schema":{"@context":"https:\/\/schema.org","@graph":[{"@type":"Article","@id":"https:\/\/diarioprincipios.com\/index.php\/2023\/03\/30\/pepe-mujica-sera-distinguido-con-el-doctor-honoris-causa-de-la-unq\/#article","isPartOf":{"@id":"https:\/\/diarioprincipios.com\/index.php\/2023\/03\/30\/pepe-mujica-sera-distinguido-con-el-doctor-honoris-causa-de-la-unq\/"},"author":{"name":"Hern\u00e1n L\u00f3pez","@id":"https:\/\/diarioprincipios.com\/#\/schema\/person\/436d5a1fd41a5e250e23ff5a6a7cb080"},"headline":"Pepe Mujica ser\u00e1 distinguido con el Doctor Honoris Causa de la UNQ","datePublished":"2023-03-30T21:20:09+00:00","dateModified":"2023-03-31T19:07:32+00:00","mainEntityOfPage":{"@id":"https:\/\/diarioprincipios.com\/index.php\/2023\/03\/30\/pepe-mujica-sera-distinguido-con-el-doctor-honoris-causa-de-la-unq\/"},"wordCount":802,"commentCount":0,"publisher":{"@id":"https:\/\/diarioprincipios.com\/#organization"},"image":{"@id":"https:\/\/diarioprincipios.com\/index.php\/2023\/03\/30\/pepe-mujica-sera-distinguido-con-el-doctor-honoris-causa-de-la-unq\/#primaryimage"},"thumbnailUrl":"https:\/\/diarioprincipios.com\/wp-content\/uploads\/2023\/03\/descarga-1-3.jpeg","articleSection":["Quilmes"],"inLanguage":"es","potentialAction":[{"@type":"CommentAction","name":"Comment","target":["https:\/\/diarioprincipios.com\/index.php\/2023\/03\/30\/pepe-mujica-sera-distinguido-con-el-doctor-honoris-causa-de-la-unq\/#respond"]}]},{"@type":"WebPage","@id":"https:\/\/diarioprincipios.com\/index.php\/2023\/03\/30\/pepe-mujica-sera-distinguido-con-el-doctor-honoris-causa-de-la-unq\/","url":"https:\/\/diarioprincipios.com\/index.php\/2023\/03\/30\/pepe-mujica-sera-distinguido-con-el-doctor-honoris-causa-de-la-unq\/","name":"Pepe Mujica ser\u00e1 distinguido con el Doctor Honoris Causa de la UNQ - Principios","isPartOf":{"@id":"https:\/\/diarioprincipios.com\/#website"},"primaryImageOfPage":{"@id":"https:\/\/diarioprincipios.com\/index.php\/2023\/03\/30\/pepe-mujica-sera-distinguido-con-el-doctor-honoris-causa-de-la-unq\/#primaryimage"},"image":{"@id":"https:\/\/diarioprincipios.com\/index.php\/2023\/03\/30\/pepe-mujica-sera-distinguido-con-el-doctor-honoris-causa-de-la-unq\/#primaryimage"},"thumbnailUrl":"https:\/\/diarioprincipios.com\/wp-content\/uploads\/2023\/03\/descarga-1-3.jpeg","datePublished":"2023-03-30T21:20:09+00:00","dateModified":"2023-03-31T19:07:32+00:00","breadcrumb":{"@id":"https:\/\/diarioprincipios.com\/index.php\/2023\/03\/30\/pepe-mujica-sera-distinguido-con-el-doctor-honoris-causa-de-la-unq\/#breadcrumb"},"inLanguage":"es","potentialAction":[{"@type":"ReadAction","target":["https:\/\/diarioprincipios.com\/index.php\/2023\/03\/30\/pepe-mujica-sera-distinguido-con-el-doctor-honoris-causa-de-la-unq\/"]}]},{"@type":"ImageObject","inLanguage":"es","@id":"https:\/\/diarioprincipios.com\/index.php\/2023\/03\/30\/pepe-mujica-sera-distinguido-con-el-doctor-honoris-causa-de-la-unq\/#primaryimage","url":"https:\/\/diarioprincipios.com\/wp-content\/uploads\/2023\/03\/descarga-1-3.jpeg","contentUrl":"https:\/\/diarioprincipios.com\/wp-content\/uploads\/2023\/03\/descarga-1-3.jpeg","width":300,"height":168},{"@type":"BreadcrumbList","@id":"https:\/\/diarioprincipios.com\/index.php\/2023\/03\/30\/pepe-mujica-sera-distinguido-con-el-doctor-honoris-causa-de-la-unq\/#breadcrumb","itemListElement":[{"@type":"ListItem","position":1,"name":"Portada","item":"https:\/\/diarioprincipios.com\/"},{"@type":"ListItem","position":2,"name":"Pepe Mujica ser\u00e1 distinguido con el Doctor Honoris Causa de la UNQ"}]},{"@type":"WebSite","@id":"https:\/\/diarioprincipios.com\/#website","url":"https:\/\/diarioprincipios.com\/","name":"Principios","description":"Principios Diario","publisher":{"@id":"https:\/\/diarioprincipios.com\/#organization"},"potentialAction":[{"@type":"SearchAction","target":{"@type":"EntryPoint","urlTemplate":"https:\/\/diarioprincipios.com\/?s={search_term_string}"},"query-input":{"@type":"PropertyValueSpecification","valueRequired":true,"valueName":"search_term_string"}}],"inLanguage":"es"},{"@type":"Organization","@id":"https:\/\/diarioprincipios.com\/#organization","name":"Principios","url":"https:\/\/diarioprincipios.com\/","logo":{"@type":"ImageObject","inLanguage":"es","@id":"https:\/\/diarioprincipios.com\/#\/schema\/logo\/image\/","url":"https:\/\/diarioprincipios.com\/wp-content\/uploads\/2024\/04\/cropped-www.diarioprincipios.com_-1.png","contentUrl":"https:\/\/diarioprincipios.com\/wp-content\/uploads\/2024\/04\/cropped-www.diarioprincipios.com_-1.png","width":5325,"height":1454,"caption":"Principios"},"image":{"@id":"https:\/\/diarioprincipios.com\/#\/schema\/logo\/image\/"}},{"@type":"Person","@id":"https:\/\/diarioprincipios.com\/#\/schema\/person\/436d5a1fd41a5e250e23ff5a6a7cb080","name":"Hern\u00e1n L\u00f3pez","image":{"@type":"ImageObject","inLanguage":"es","@id":"https:\/\/diarioprincipios.com\/wp-content\/litespeed\/avatar\/11ddfe5610ff3bd100522525b2571f48.jpg?ver=1777048341","url":"https:\/\/diarioprincipios.com\/wp-content\/litespeed\/avatar\/11ddfe5610ff3bd100522525b2571f48.jpg?ver=1777048341","contentUrl":"https:\/\/diarioprincipios.com\/wp-content\/litespeed\/avatar\/11ddfe5610ff3bd100522525b2571f48.jpg?ver=1777048341","caption":"Hern\u00e1n L\u00f3pez"},"url":"https:\/\/diarioprincipios.com\/index.php\/author\/hernan\/"}]}},"jetpack_featured_media_url":"https:\/\/diarioprincipios.com\/wp-content\/uploads\/2023\/03\/descarga-1-3.jpeg","_links":{"self":[{"href":"https:\/\/diarioprincipios.com\/index.php\/wp-json\/wp\/v2\/posts\/16374","targetHints":{"allow":["GET"]}}],"collection":[{"href":"https:\/\/diarioprincipios.com\/index.php\/wp-json\/wp\/v2\/posts"}],"about":[{"href":"https:\/\/diarioprincipios.com\/index.php\/wp-json\/wp\/v2\/types\/post"}],"author":[{"embeddable":true,"href":"https:\/\/diarioprincipios.com\/index.php\/wp-json\/wp\/v2\/users\/2"}],"replies":[{"embeddable":true,"href":"https:\/\/diarioprincipios.com\/index.php\/wp-json\/wp\/v2\/comments?post=16374"}],"version-history":[{"count":1,"href":"https:\/\/diarioprincipios.com\/index.php\/wp-json\/wp\/v2\/posts\/16374\/revisions"}],"predecessor-version":[{"id":16377,"href":"https:\/\/diarioprincipios.com\/index.php\/wp-json\/wp\/v2\/posts\/16374\/revisions\/16377"}],"wp:featuredmedia":[{"embeddable":true,"href":"https:\/\/diarioprincipios.com\/index.php\/wp-json\/wp\/v2\/media\/16376"}],"wp:attachment":[{"href":"https:\/\/diarioprincipios.com\/index.php\/wp-json\/wp\/v2\/media?parent=16374"}],"wp:term":[{"taxonomy":"category","embeddable":true,"href":"https:\/\/diarioprincipios.com\/index.php\/wp-json\/wp\/v2\/categories?post=16374"},{"taxonomy":"post_tag","embeddable":true,"href":"https:\/\/diarioprincipios.com\/index.php\/wp-json\/wp\/v2\/tags?post=16374"}],"curies":[{"name":"wp","href":"https:\/\/api.w.org\/{rel}","templated":true}]}}