{"id":16370,"date":"2023-03-30T15:45:15","date_gmt":"2023-03-30T18:45:15","guid":{"rendered":"http:\/\/diarioprincipios.com\/?p=16370"},"modified":"2023-03-31T16:05:12","modified_gmt":"2023-03-31T19:05:12","slug":"mussi-recibio-al-interventor-de-edesur-jorge-ferraresi","status":"publish","type":"post","link":"https:\/\/diarioprincipios.com\/index.php\/2023\/03\/30\/mussi-recibio-al-interventor-de-edesur-jorge-ferraresi\/","title":{"rendered":"Mussi recibi\u00f3 al interventor de Edesur, Jorge Ferraresi"},"content":{"rendered":"\n<p><strong>El intendente de Berazategui, Juan Jos\u00e9 Mussi, recibi\u00f3 en su despacho al interventor de la empresa de energ\u00eda el\u00e9ctrica Edesur, Jorge Ferraresi, y a las m\u00e1ximas autoridades del directorio de esa firma privada. La reuni\u00f3n se efectiviz\u00f3 luego de los reiterados reclamos realizados por el Jefe comunal a partir del servicio deficiente de la compa\u00f1\u00eda, que incluy\u00f3 una nueva demanda judicial.<\/strong><\/p>\n\n\n\n<p>Una vez m\u00e1s, Mussi reclam\u00f3 firmemente las inversiones necesarias para que los vecinos y vecinas de Berazategui no sigan padeciendo los reiterados cortes de energ\u00eda, fundamentalmente por la gravedad que generan, al provocar la paralizaci\u00f3n de los pozos de agua en todo el partido.<\/p>\n\n\n\n<p>Por su parte, desde la firma expusieron un plan de obras e inversiones tanto a corto, mediano, como a largo plazo para garantizar un suministro continuo y de calidad en el distrito.<\/p>\n\n\n\n<p><strong>UNA SEGUIDILLA DE RECLAMOS<\/strong><\/p>\n\n\n\n<p>Es importante recordar que hace unas semanas, el Juzgado Federal de Quilmes hizo lugar a la medida cautelar presentada por el intendente de Berazategui, Juan Jos\u00e9 Mussi, contra la empresa privada Edesur debido a los reiterados cortes de luz, que en este distrito perjudican en forma directa el suministro de agua porque paralizan los pozos de extracci\u00f3n. De esta manera, la compa\u00f1\u00eda se ve obligada a normalizar el servicio cuanto antes.<\/p>\n\n\n\n<p>Mussi, el intendente que m\u00e1s denuncias contra Edesur present\u00f3 desde un Municipio, llev\u00f3 a esta empresa privada de nuevo a la Justicia tras los cortes que se produjeron en plena ola de calor.<\/p>\n\n\n\n<p>Desde 2014, el intendente Mussi viene encabezando una lucha hist\u00f3rica contra Edesur. Ese a\u00f1o, la Municipalidad de Berazategui promovi\u00f3 una acci\u00f3n de amparo contra la compa\u00f1\u00eda y solicit\u00f3 que se decrete una medida cautelar, ordenando la inmediata normalizaci\u00f3n del servicio el\u00e9ctrico en todo el partido.<\/p>\n\n\n\n<p>A pesar de la vigencia de la medida cautelar decretada, el Municipio ha denunciado el incumplimiento de la misma en 2016, 2017, 2018 y 2019, acompa\u00f1ando pruebas de ello, solicitando que se apliquen las sanciones conminatorias y se realicen las denuncias penales correspondientes por la posible comisi\u00f3n del delito de desobediencia a la orden judicial.<\/p>\n","protected":false},"excerpt":{"rendered":"<p>El intendente de Berazategui, Juan Jos\u00e9 Mussi, recibi\u00f3 en su despacho al interventor de la empresa de energ\u00eda el\u00e9ctrica Edesur, Jorge Ferraresi, y a las m\u00e1ximas autoridades del directorio de esa firma privada. La reuni\u00f3n se efectiviz\u00f3 luego de los reiterados reclamos realizados por el Jefe comunal a partir del servicio deficiente de la compa\u00f1\u00eda,&#8230;<\/p>\n","protected":false},"author":2,"featured_media":16371,"comment_status":"open","ping_status":"open","sticky":false,"template":"","format":"standard","meta":{"footnotes":""},"categories":[3],"tags":[],"class_list":["post-16370","post","type-post","status-publish","format-standard","has-post-thumbnail","hentry","category-berazategui"],"featured_image_src":"https:\/\/diarioprincipios.com\/wp-content\/uploads\/2023\/03\/MUSSI-RECIBIO-AL-INTERVENTOR-DE-EDESUR-JORGE-FERRARESI-1024x683.jpg","blog_images":{"medium":"https:\/\/diarioprincipios.com\/wp-content\/uploads\/2023\/03\/MUSSI-RECIBIO-AL-INTERVENTOR-DE-EDESUR-JORGE-FERRARESI-300x200.jpg","large":"https:\/\/diarioprincipios.com\/wp-content\/uploads\/2023\/03\/MUSSI-RECIBIO-AL-INTERVENTOR-DE-EDESUR-JORGE-FERRARESI-1024x683.jpg"},"ams_acf":[],"yoast_head":"<!-- This site is optimized with the Yoast SEO plugin v27.3 - https:\/\/yoast.com\/product\/yoast-seo-wordpress\/ -->\n<title>Mussi recibi\u00f3 al interventor de Edesur, Jorge Ferraresi - Principios<\/title>\n<meta name=\"robots\" content=\"index, follow, max-snippet:-1, max-image-preview:large, max-video-preview:-1\" \/>\n<link rel=\"canonical\" href=\"https:\/\/diarioprincipios.com\/index.php\/2023\/03\/30\/mussi-recibio-al-interventor-de-edesur-jorge-ferraresi\/\" \/>\n<meta property=\"og:locale\" content=\"es_ES\" \/>\n<meta property=\"og:type\" content=\"article\" \/>\n<meta property=\"og:title\" content=\"Mussi recibi\u00f3 al interventor de Edesur, Jorge Ferraresi - Principios\" \/>\n<meta property=\"og:description\" content=\"El intendente de Berazategui, Juan Jos\u00e9 Mussi, recibi\u00f3 en su despacho al interventor de la empresa de energ\u00eda el\u00e9ctrica Edesur, Jorge Ferraresi, y a las m\u00e1ximas autoridades del directorio de esa firma privada. La reuni\u00f3n se efectiviz\u00f3 luego de los reiterados reclamos realizados por el Jefe comunal a partir del servicio deficiente de la compa\u00f1\u00eda,...\" \/>\n<meta property=\"og:url\" content=\"https:\/\/diarioprincipios.com\/index.php\/2023\/03\/30\/mussi-recibio-al-interventor-de-edesur-jorge-ferraresi\/\" \/>\n<meta property=\"og:site_name\" content=\"Principios\" \/>\n<meta property=\"article:published_time\" content=\"2023-03-30T18:45:15+00:00\" \/>\n<meta property=\"article:modified_time\" content=\"2023-03-31T19:05:12+00:00\" \/>\n<meta property=\"og:image\" content=\"https:\/\/diarioprincipios.com\/wp-content\/uploads\/2023\/03\/MUSSI-RECIBIO-AL-INTERVENTOR-DE-EDESUR-JORGE-FERRARESI.jpg\" \/>\n\t<meta property=\"og:image:width\" content=\"1920\" \/>\n\t<meta property=\"og:image:height\" content=\"1280\" \/>\n\t<meta property=\"og:image:type\" content=\"image\/jpeg\" \/>\n<meta name=\"author\" content=\"Hern\u00e1n L\u00f3pez\" \/>\n<meta name=\"twitter:card\" content=\"summary_large_image\" \/>\n<meta name=\"twitter:label1\" content=\"Escrito por\" \/>\n\t<meta name=\"twitter:data1\" content=\"Hern\u00e1n L\u00f3pez\" \/>\n\t<meta name=\"twitter:label2\" content=\"Tiempo de lectura\" \/>\n\t<meta name=\"twitter:data2\" content=\"2 minutos\" \/>\n<script type=\"application\/ld+json\" class=\"yoast-schema-graph\">{\"@context\":\"https:\\\/\\\/schema.org\",\"@graph\":[{\"@type\":\"Article\",\"@id\":\"https:\\\/\\\/diarioprincipios.com\\\/index.php\\\/2023\\\/03\\\/30\\\/mussi-recibio-al-interventor-de-edesur-jorge-ferraresi\\\/#article\",\"isPartOf\":{\"@id\":\"https:\\\/\\\/diarioprincipios.com\\\/index.php\\\/2023\\\/03\\\/30\\\/mussi-recibio-al-interventor-de-edesur-jorge-ferraresi\\\/\"},\"author\":{\"name\":\"Hern\u00e1n L\u00f3pez\",\"@id\":\"https:\\\/\\\/diarioprincipios.com\\\/#\\\/schema\\\/person\\\/436d5a1fd41a5e250e23ff5a6a7cb080\"},\"headline\":\"Mussi recibi\u00f3 al interventor de Edesur, Jorge Ferraresi\",\"datePublished\":\"2023-03-30T18:45:15+00:00\",\"dateModified\":\"2023-03-31T19:05:12+00:00\",\"mainEntityOfPage\":{\"@id\":\"https:\\\/\\\/diarioprincipios.com\\\/index.php\\\/2023\\\/03\\\/30\\\/mussi-recibio-al-interventor-de-edesur-jorge-ferraresi\\\/\"},\"wordCount\":367,\"commentCount\":0,\"publisher\":{\"@id\":\"https:\\\/\\\/diarioprincipios.com\\\/#organization\"},\"image\":{\"@id\":\"https:\\\/\\\/diarioprincipios.com\\\/index.php\\\/2023\\\/03\\\/30\\\/mussi-recibio-al-interventor-de-edesur-jorge-ferraresi\\\/#primaryimage\"},\"thumbnailUrl\":\"https:\\\/\\\/diarioprincipios.com\\\/wp-content\\\/uploads\\\/2023\\\/03\\\/MUSSI-RECIBIO-AL-INTERVENTOR-DE-EDESUR-JORGE-FERRARESI.jpg\",\"articleSection\":[\"Berazategui\"],\"inLanguage\":\"es\",\"potentialAction\":[{\"@type\":\"CommentAction\",\"name\":\"Comment\",\"target\":[\"https:\\\/\\\/diarioprincipios.com\\\/index.php\\\/2023\\\/03\\\/30\\\/mussi-recibio-al-interventor-de-edesur-jorge-ferraresi\\\/#respond\"]}]},{\"@type\":\"WebPage\",\"@id\":\"https:\\\/\\\/diarioprincipios.com\\\/index.php\\\/2023\\\/03\\\/30\\\/mussi-recibio-al-interventor-de-edesur-jorge-ferraresi\\\/\",\"url\":\"https:\\\/\\\/diarioprincipios.com\\\/index.php\\\/2023\\\/03\\\/30\\\/mussi-recibio-al-interventor-de-edesur-jorge-ferraresi\\\/\",\"name\":\"Mussi recibi\u00f3 al interventor de Edesur, Jorge Ferraresi - Principios\",\"isPartOf\":{\"@id\":\"https:\\\/\\\/diarioprincipios.com\\\/#website\"},\"primaryImageOfPage\":{\"@id\":\"https:\\\/\\\/diarioprincipios.com\\\/index.php\\\/2023\\\/03\\\/30\\\/mussi-recibio-al-interventor-de-edesur-jorge-ferraresi\\\/#primaryimage\"},\"image\":{\"@id\":\"https:\\\/\\\/diarioprincipios.com\\\/index.php\\\/2023\\\/03\\\/30\\\/mussi-recibio-al-interventor-de-edesur-jorge-ferraresi\\\/#primaryimage\"},\"thumbnailUrl\":\"https:\\\/\\\/diarioprincipios.com\\\/wp-content\\\/uploads\\\/2023\\\/03\\\/MUSSI-RECIBIO-AL-INTERVENTOR-DE-EDESUR-JORGE-FERRARESI.jpg\",\"datePublished\":\"2023-03-30T18:45:15+00:00\",\"dateModified\":\"2023-03-31T19:05:12+00:00\",\"breadcrumb\":{\"@id\":\"https:\\\/\\\/diarioprincipios.com\\\/index.php\\\/2023\\\/03\\\/30\\\/mussi-recibio-al-interventor-de-edesur-jorge-ferraresi\\\/#breadcrumb\"},\"inLanguage\":\"es\",\"potentialAction\":[{\"@type\":\"ReadAction\",\"target\":[\"https:\\\/\\\/diarioprincipios.com\\\/index.php\\\/2023\\\/03\\\/30\\\/mussi-recibio-al-interventor-de-edesur-jorge-ferraresi\\\/\"]}]},{\"@type\":\"ImageObject\",\"inLanguage\":\"es\",\"@id\":\"https:\\\/\\\/diarioprincipios.com\\\/index.php\\\/2023\\\/03\\\/30\\\/mussi-recibio-al-interventor-de-edesur-jorge-ferraresi\\\/#primaryimage\",\"url\":\"https:\\\/\\\/diarioprincipios.com\\\/wp-content\\\/uploads\\\/2023\\\/03\\\/MUSSI-RECIBIO-AL-INTERVENTOR-DE-EDESUR-JORGE-FERRARESI.jpg\",\"contentUrl\":\"https:\\\/\\\/diarioprincipios.com\\\/wp-content\\\/uploads\\\/2023\\\/03\\\/MUSSI-RECIBIO-AL-INTERVENTOR-DE-EDESUR-JORGE-FERRARESI.jpg\",\"width\":1920,\"height\":1280},{\"@type\":\"BreadcrumbList\",\"@id\":\"https:\\\/\\\/diarioprincipios.com\\\/index.php\\\/2023\\\/03\\\/30\\\/mussi-recibio-al-interventor-de-edesur-jorge-ferraresi\\\/#breadcrumb\",\"itemListElement\":[{\"@type\":\"ListItem\",\"position\":1,\"name\":\"Portada\",\"item\":\"https:\\\/\\\/diarioprincipios.com\\\/\"},{\"@type\":\"ListItem\",\"position\":2,\"name\":\"Mussi recibi\u00f3 al interventor de Edesur, Jorge Ferraresi\"}]},{\"@type\":\"WebSite\",\"@id\":\"https:\\\/\\\/diarioprincipios.com\\\/#website\",\"url\":\"https:\\\/\\\/diarioprincipios.com\\\/\",\"name\":\"Principios\",\"description\":\"Principios Diario\",\"publisher\":{\"@id\":\"https:\\\/\\\/diarioprincipios.com\\\/#organization\"},\"potentialAction\":[{\"@type\":\"SearchAction\",\"target\":{\"@type\":\"EntryPoint\",\"urlTemplate\":\"https:\\\/\\\/diarioprincipios.com\\\/?s={search_term_string}\"},\"query-input\":{\"@type\":\"PropertyValueSpecification\",\"valueRequired\":true,\"valueName\":\"search_term_string\"}}],\"inLanguage\":\"es\"},{\"@type\":\"Organization\",\"@id\":\"https:\\\/\\\/diarioprincipios.com\\\/#organization\",\"name\":\"Principios\",\"url\":\"https:\\\/\\\/diarioprincipios.com\\\/\",\"logo\":{\"@type\":\"ImageObject\",\"inLanguage\":\"es\",\"@id\":\"https:\\\/\\\/diarioprincipios.com\\\/#\\\/schema\\\/logo\\\/image\\\/\",\"url\":\"https:\\\/\\\/diarioprincipios.com\\\/wp-content\\\/uploads\\\/2024\\\/04\\\/cropped-www.diarioprincipios.com_-1.png\",\"contentUrl\":\"https:\\\/\\\/diarioprincipios.com\\\/wp-content\\\/uploads\\\/2024\\\/04\\\/cropped-www.diarioprincipios.com_-1.png\",\"width\":5325,\"height\":1454,\"caption\":\"Principios\"},\"image\":{\"@id\":\"https:\\\/\\\/diarioprincipios.com\\\/#\\\/schema\\\/logo\\\/image\\\/\"}},{\"@type\":\"Person\",\"@id\":\"https:\\\/\\\/diarioprincipios.com\\\/#\\\/schema\\\/person\\\/436d5a1fd41a5e250e23ff5a6a7cb080\",\"name\":\"Hern\u00e1n L\u00f3pez\",\"image\":{\"@type\":\"ImageObject\",\"inLanguage\":\"es\",\"@id\":\"https:\\\/\\\/diarioprincipios.com\\\/wp-content\\\/litespeed\\\/avatar\\\/11ddfe5610ff3bd100522525b2571f48.jpg?ver=1777048341\",\"url\":\"https:\\\/\\\/diarioprincipios.com\\\/wp-content\\\/litespeed\\\/avatar\\\/11ddfe5610ff3bd100522525b2571f48.jpg?ver=1777048341\",\"contentUrl\":\"https:\\\/\\\/diarioprincipios.com\\\/wp-content\\\/litespeed\\\/avatar\\\/11ddfe5610ff3bd100522525b2571f48.jpg?ver=1777048341\",\"caption\":\"Hern\u00e1n L\u00f3pez\"},\"url\":\"https:\\\/\\\/diarioprincipios.com\\\/index.php\\\/author\\\/hernan\\\/\"}]}<\/script>\n<!-- \/ Yoast SEO plugin. -->","yoast_head_json":{"title":"Mussi recibi\u00f3 al interventor de Edesur, Jorge Ferraresi - Principios","robots":{"index":"index","follow":"follow","max-snippet":"max-snippet:-1","max-image-preview":"max-image-preview:large","max-video-preview":"max-video-preview:-1"},"canonical":"https:\/\/diarioprincipios.com\/index.php\/2023\/03\/30\/mussi-recibio-al-interventor-de-edesur-jorge-ferraresi\/","og_locale":"es_ES","og_type":"article","og_title":"Mussi recibi\u00f3 al interventor de Edesur, Jorge Ferraresi - Principios","og_description":"El intendente de Berazategui, Juan Jos\u00e9 Mussi, recibi\u00f3 en su despacho al interventor de la empresa de energ\u00eda el\u00e9ctrica Edesur, Jorge Ferraresi, y a las m\u00e1ximas autoridades del directorio de esa firma privada. La reuni\u00f3n se efectiviz\u00f3 luego de los reiterados reclamos realizados por el Jefe comunal a partir del servicio deficiente de la compa\u00f1\u00eda,...","og_url":"https:\/\/diarioprincipios.com\/index.php\/2023\/03\/30\/mussi-recibio-al-interventor-de-edesur-jorge-ferraresi\/","og_site_name":"Principios","article_published_time":"2023-03-30T18:45:15+00:00","article_modified_time":"2023-03-31T19:05:12+00:00","og_image":[{"width":1920,"height":1280,"url":"https:\/\/diarioprincipios.com\/wp-content\/uploads\/2023\/03\/MUSSI-RECIBIO-AL-INTERVENTOR-DE-EDESUR-JORGE-FERRARESI.jpg","type":"image\/jpeg"}],"author":"Hern\u00e1n L\u00f3pez","twitter_card":"summary_large_image","twitter_misc":{"Escrito por":"Hern\u00e1n L\u00f3pez","Tiempo de lectura":"2 minutos"},"schema":{"@context":"https:\/\/schema.org","@graph":[{"@type":"Article","@id":"https:\/\/diarioprincipios.com\/index.php\/2023\/03\/30\/mussi-recibio-al-interventor-de-edesur-jorge-ferraresi\/#article","isPartOf":{"@id":"https:\/\/diarioprincipios.com\/index.php\/2023\/03\/30\/mussi-recibio-al-interventor-de-edesur-jorge-ferraresi\/"},"author":{"name":"Hern\u00e1n L\u00f3pez","@id":"https:\/\/diarioprincipios.com\/#\/schema\/person\/436d5a1fd41a5e250e23ff5a6a7cb080"},"headline":"Mussi recibi\u00f3 al interventor de Edesur, Jorge Ferraresi","datePublished":"2023-03-30T18:45:15+00:00","dateModified":"2023-03-31T19:05:12+00:00","mainEntityOfPage":{"@id":"https:\/\/diarioprincipios.com\/index.php\/2023\/03\/30\/mussi-recibio-al-interventor-de-edesur-jorge-ferraresi\/"},"wordCount":367,"commentCount":0,"publisher":{"@id":"https:\/\/diarioprincipios.com\/#organization"},"image":{"@id":"https:\/\/diarioprincipios.com\/index.php\/2023\/03\/30\/mussi-recibio-al-interventor-de-edesur-jorge-ferraresi\/#primaryimage"},"thumbnailUrl":"https:\/\/diarioprincipios.com\/wp-content\/uploads\/2023\/03\/MUSSI-RECIBIO-AL-INTERVENTOR-DE-EDESUR-JORGE-FERRARESI.jpg","articleSection":["Berazategui"],"inLanguage":"es","potentialAction":[{"@type":"CommentAction","name":"Comment","target":["https:\/\/diarioprincipios.com\/index.php\/2023\/03\/30\/mussi-recibio-al-interventor-de-edesur-jorge-ferraresi\/#respond"]}]},{"@type":"WebPage","@id":"https:\/\/diarioprincipios.com\/index.php\/2023\/03\/30\/mussi-recibio-al-interventor-de-edesur-jorge-ferraresi\/","url":"https:\/\/diarioprincipios.com\/index.php\/2023\/03\/30\/mussi-recibio-al-interventor-de-edesur-jorge-ferraresi\/","name":"Mussi recibi\u00f3 al interventor de Edesur, Jorge Ferraresi - Principios","isPartOf":{"@id":"https:\/\/diarioprincipios.com\/#website"},"primaryImageOfPage":{"@id":"https:\/\/diarioprincipios.com\/index.php\/2023\/03\/30\/mussi-recibio-al-interventor-de-edesur-jorge-ferraresi\/#primaryimage"},"image":{"@id":"https:\/\/diarioprincipios.com\/index.php\/2023\/03\/30\/mussi-recibio-al-interventor-de-edesur-jorge-ferraresi\/#primaryimage"},"thumbnailUrl":"https:\/\/diarioprincipios.com\/wp-content\/uploads\/2023\/03\/MUSSI-RECIBIO-AL-INTERVENTOR-DE-EDESUR-JORGE-FERRARESI.jpg","datePublished":"2023-03-30T18:45:15+00:00","dateModified":"2023-03-31T19:05:12+00:00","breadcrumb":{"@id":"https:\/\/diarioprincipios.com\/index.php\/2023\/03\/30\/mussi-recibio-al-interventor-de-edesur-jorge-ferraresi\/#breadcrumb"},"inLanguage":"es","potentialAction":[{"@type":"ReadAction","target":["https:\/\/diarioprincipios.com\/index.php\/2023\/03\/30\/mussi-recibio-al-interventor-de-edesur-jorge-ferraresi\/"]}]},{"@type":"ImageObject","inLanguage":"es","@id":"https:\/\/diarioprincipios.com\/index.php\/2023\/03\/30\/mussi-recibio-al-interventor-de-edesur-jorge-ferraresi\/#primaryimage","url":"https:\/\/diarioprincipios.com\/wp-content\/uploads\/2023\/03\/MUSSI-RECIBIO-AL-INTERVENTOR-DE-EDESUR-JORGE-FERRARESI.jpg","contentUrl":"https:\/\/diarioprincipios.com\/wp-content\/uploads\/2023\/03\/MUSSI-RECIBIO-AL-INTERVENTOR-DE-EDESUR-JORGE-FERRARESI.jpg","width":1920,"height":1280},{"@type":"BreadcrumbList","@id":"https:\/\/diarioprincipios.com\/index.php\/2023\/03\/30\/mussi-recibio-al-interventor-de-edesur-jorge-ferraresi\/#breadcrumb","itemListElement":[{"@type":"ListItem","position":1,"name":"Portada","item":"https:\/\/diarioprincipios.com\/"},{"@type":"ListItem","position":2,"name":"Mussi recibi\u00f3 al interventor de Edesur, Jorge Ferraresi"}]},{"@type":"WebSite","@id":"https:\/\/diarioprincipios.com\/#website","url":"https:\/\/diarioprincipios.com\/","name":"Principios","description":"Principios Diario","publisher":{"@id":"https:\/\/diarioprincipios.com\/#organization"},"potentialAction":[{"@type":"SearchAction","target":{"@type":"EntryPoint","urlTemplate":"https:\/\/diarioprincipios.com\/?s={search_term_string}"},"query-input":{"@type":"PropertyValueSpecification","valueRequired":true,"valueName":"search_term_string"}}],"inLanguage":"es"},{"@type":"Organization","@id":"https:\/\/diarioprincipios.com\/#organization","name":"Principios","url":"https:\/\/diarioprincipios.com\/","logo":{"@type":"ImageObject","inLanguage":"es","@id":"https:\/\/diarioprincipios.com\/#\/schema\/logo\/image\/","url":"https:\/\/diarioprincipios.com\/wp-content\/uploads\/2024\/04\/cropped-www.diarioprincipios.com_-1.png","contentUrl":"https:\/\/diarioprincipios.com\/wp-content\/uploads\/2024\/04\/cropped-www.diarioprincipios.com_-1.png","width":5325,"height":1454,"caption":"Principios"},"image":{"@id":"https:\/\/diarioprincipios.com\/#\/schema\/logo\/image\/"}},{"@type":"Person","@id":"https:\/\/diarioprincipios.com\/#\/schema\/person\/436d5a1fd41a5e250e23ff5a6a7cb080","name":"Hern\u00e1n L\u00f3pez","image":{"@type":"ImageObject","inLanguage":"es","@id":"https:\/\/diarioprincipios.com\/wp-content\/litespeed\/avatar\/11ddfe5610ff3bd100522525b2571f48.jpg?ver=1777048341","url":"https:\/\/diarioprincipios.com\/wp-content\/litespeed\/avatar\/11ddfe5610ff3bd100522525b2571f48.jpg?ver=1777048341","contentUrl":"https:\/\/diarioprincipios.com\/wp-content\/litespeed\/avatar\/11ddfe5610ff3bd100522525b2571f48.jpg?ver=1777048341","caption":"Hern\u00e1n L\u00f3pez"},"url":"https:\/\/diarioprincipios.com\/index.php\/author\/hernan\/"}]}},"jetpack_featured_media_url":"https:\/\/diarioprincipios.com\/wp-content\/uploads\/2023\/03\/MUSSI-RECIBIO-AL-INTERVENTOR-DE-EDESUR-JORGE-FERRARESI.jpg","_links":{"self":[{"href":"https:\/\/diarioprincipios.com\/index.php\/wp-json\/wp\/v2\/posts\/16370","targetHints":{"allow":["GET"]}}],"collection":[{"href":"https:\/\/diarioprincipios.com\/index.php\/wp-json\/wp\/v2\/posts"}],"about":[{"href":"https:\/\/diarioprincipios.com\/index.php\/wp-json\/wp\/v2\/types\/post"}],"author":[{"embeddable":true,"href":"https:\/\/diarioprincipios.com\/index.php\/wp-json\/wp\/v2\/users\/2"}],"replies":[{"embeddable":true,"href":"https:\/\/diarioprincipios.com\/index.php\/wp-json\/wp\/v2\/comments?post=16370"}],"version-history":[{"count":1,"href":"https:\/\/diarioprincipios.com\/index.php\/wp-json\/wp\/v2\/posts\/16370\/revisions"}],"predecessor-version":[{"id":16372,"href":"https:\/\/diarioprincipios.com\/index.php\/wp-json\/wp\/v2\/posts\/16370\/revisions\/16372"}],"wp:featuredmedia":[{"embeddable":true,"href":"https:\/\/diarioprincipios.com\/index.php\/wp-json\/wp\/v2\/media\/16371"}],"wp:attachment":[{"href":"https:\/\/diarioprincipios.com\/index.php\/wp-json\/wp\/v2\/media?parent=16370"}],"wp:term":[{"taxonomy":"category","embeddable":true,"href":"https:\/\/diarioprincipios.com\/index.php\/wp-json\/wp\/v2\/categories?post=16370"},{"taxonomy":"post_tag","embeddable":true,"href":"https:\/\/diarioprincipios.com\/index.php\/wp-json\/wp\/v2\/tags?post=16370"}],"curies":[{"name":"wp","href":"https:\/\/api.w.org\/{rel}","templated":true}]}}