{"id":16362,"date":"2023-03-30T09:16:32","date_gmt":"2023-03-30T12:16:32","guid":{"rendered":"http:\/\/diarioprincipios.com\/?p=16362"},"modified":"2023-03-31T16:05:04","modified_gmt":"2023-03-31T19:05:04","slug":"se-entregaron-2000-kits-escolares-y-5780-guardapolvos-a-57-escuelas-primarias","status":"publish","type":"post","link":"https:\/\/diarioprincipios.com\/index.php\/2023\/03\/30\/se-entregaron-2000-kits-escolares-y-5780-guardapolvos-a-57-escuelas-primarias\/","title":{"rendered":"Se entregaron 2000 kits escolares y 5780 guardapolvos a 57 Escuelas Primarias"},"content":{"rendered":"\n<p><strong>Se entregaron 2000 kits escolares y 5780 guardapolvos a 57 Escuelas Primarias p\u00fablicas de Berazategui. El intendente municipal, Juan Jos\u00e9 Mussi, encabez\u00f3 el acto realizado en el Complejo Cultural Municipal La Calle.\u00a0<\/strong><\/p>\n\n\n\n<figure class=\"wp-block-image size-large\"><img loading=\"lazy\" decoding=\"async\" width=\"1024\" height=\"683\" src=\"https:\/\/diarioprincipios.com\/wp-content\/uploads\/2023\/03\/ENTREGARON-KITS-ESCOLARES-Y-GUARDAPOLVOS-A-ESCUELAS-PRIMARIAS-5-1024x683.jpg\" alt=\"\" class=\"wp-image-16363\" srcset=\"https:\/\/diarioprincipios.com\/wp-content\/uploads\/2023\/03\/ENTREGARON-KITS-ESCOLARES-Y-GUARDAPOLVOS-A-ESCUELAS-PRIMARIAS-5-1024x683.jpg 1024w, https:\/\/diarioprincipios.com\/wp-content\/uploads\/2023\/03\/ENTREGARON-KITS-ESCOLARES-Y-GUARDAPOLVOS-A-ESCUELAS-PRIMARIAS-5-300x200.jpg 300w, https:\/\/diarioprincipios.com\/wp-content\/uploads\/2023\/03\/ENTREGARON-KITS-ESCOLARES-Y-GUARDAPOLVOS-A-ESCUELAS-PRIMARIAS-5-768x512.jpg 768w, https:\/\/diarioprincipios.com\/wp-content\/uploads\/2023\/03\/ENTREGARON-KITS-ESCOLARES-Y-GUARDAPOLVOS-A-ESCUELAS-PRIMARIAS-5-1536x1024.jpg 1536w, https:\/\/diarioprincipios.com\/wp-content\/uploads\/2023\/03\/ENTREGARON-KITS-ESCOLARES-Y-GUARDAPOLVOS-A-ESCUELAS-PRIMARIAS-5.jpg 1920w\" sizes=\"auto, (max-width: 1024px) 100vw, 1024px\" \/><\/figure>\n\n\n\n<p>Los kits se confeccionaron en el marco de la campa\u00f1a solidaria \u201cSeamos \u00datiles\u201d, impulsada por el Programa de Responsabilidad Social de la Secretar\u00eda de Trabajo del Municipio. Desde el 2018, empresas locales, comercios, instituciones, vecinos voluntarios del Programa VolBer (Voluntariado de Berazategui) y emprendedores colaboran en la donaci\u00f3n de \u00fatiles escolares y en la confecci\u00f3n de cartucheras para alumnos en situaci\u00f3n de vulnerabilidad. En tanto, los 5780 guardapolvos provinieron del Ministerio de Desarrollo Social de la Naci\u00f3n y del Honorable Consejo Escolar local.<\/p>\n\n\n\n<p>Durante el acto, Mussi expres\u00f3: \u201cEstoy muy orgulloso de las voluntarias, de los industriales y de los docentes de nuestro distrito. Les agradezco, porque todo lo que logramos en Berazategui es por trabajar unidos y en equipo\u201d. Adem\u00e1s, el Intendente afirm\u00f3 que \u201cla sociedad debe estar instruida para que podamos salir adelante. Por eso, siempre priorizamos realizar obras en nuestras Escuelas\u201d.\u00a0<\/p>\n\n\n\n<figure class=\"wp-block-image size-large\"><img loading=\"lazy\" decoding=\"async\" width=\"1024\" height=\"683\" src=\"https:\/\/diarioprincipios.com\/wp-content\/uploads\/2023\/03\/ENTREGARON-KITS-ESCOLARES-Y-GUARDAPOLVOS-A-ESCUELAS-PRIMARIAS-2-1024x683.jpg\" alt=\"\" class=\"wp-image-16364\" srcset=\"https:\/\/diarioprincipios.com\/wp-content\/uploads\/2023\/03\/ENTREGARON-KITS-ESCOLARES-Y-GUARDAPOLVOS-A-ESCUELAS-PRIMARIAS-2-1024x683.jpg 1024w, https:\/\/diarioprincipios.com\/wp-content\/uploads\/2023\/03\/ENTREGARON-KITS-ESCOLARES-Y-GUARDAPOLVOS-A-ESCUELAS-PRIMARIAS-2-300x200.jpg 300w, https:\/\/diarioprincipios.com\/wp-content\/uploads\/2023\/03\/ENTREGARON-KITS-ESCOLARES-Y-GUARDAPOLVOS-A-ESCUELAS-PRIMARIAS-2-768x512.jpg 768w, https:\/\/diarioprincipios.com\/wp-content\/uploads\/2023\/03\/ENTREGARON-KITS-ESCOLARES-Y-GUARDAPOLVOS-A-ESCUELAS-PRIMARIAS-2-1536x1024.jpg 1536w, https:\/\/diarioprincipios.com\/wp-content\/uploads\/2023\/03\/ENTREGARON-KITS-ESCOLARES-Y-GUARDAPOLVOS-A-ESCUELAS-PRIMARIAS-2.jpg 1920w\" sizes=\"auto, (max-width: 1024px) 100vw, 1024px\" \/><\/figure>\n\n\n\n<p>Asimismo, el secretario de Trabajo municipal, Juan Manuel Parra, destac\u00f3: \u201cEstamos muy contentos de impulsar, una vez m\u00e1s, esta iniciativa. Le agradecemos a la Uni\u00f3n Industrial de Berazategui por su colaboraci\u00f3n y a los voluntarios y emprendedores que dedican su tiempo para armar los kits escolares y coser las cartucheras\u201d.<\/p>\n\n\n\n<p>Por su parte, el presidente de la Uni\u00f3n Industrial, Alejandro Bartalini, asegur\u00f3: \u201cNos enorgullece acompa\u00f1ar la gesti\u00f3n del Dr. Mussi en estos actos en los que participa toda la comunidad. Vamos a seguir colaborando con la educaci\u00f3n p\u00fablica, porque necesitamos que los chicos se formen y se preparen para que -en el futuro- puedan trabajar en las industrias\u201d.<\/p>\n","protected":false},"excerpt":{"rendered":"<p>Se entregaron 2000 kits escolares y 5780 guardapolvos a 57 Escuelas Primarias p\u00fablicas de Berazategui. El intendente municipal, Juan Jos\u00e9 Mussi, encabez\u00f3 el acto realizado en el Complejo Cultural Municipal La Calle.\u00a0 Los kits se confeccionaron en el marco de la campa\u00f1a solidaria \u201cSeamos \u00datiles\u201d, impulsada por el Programa de Responsabilidad Social de la Secretar\u00eda&#8230;<\/p>\n","protected":false},"author":2,"featured_media":16365,"comment_status":"open","ping_status":"open","sticky":false,"template":"","format":"standard","meta":{"footnotes":""},"categories":[3],"tags":[],"class_list":["post-16362","post","type-post","status-publish","format-standard","has-post-thumbnail","hentry","category-berazategui"],"featured_image_src":"https:\/\/diarioprincipios.com\/wp-content\/uploads\/2023\/03\/ENTREGARON-KITS-ESCOLARES-Y-GUARDAPOLVOS-A-ESCUELAS-PRIMARIAS-3-1024x683.jpg","blog_images":{"medium":"https:\/\/diarioprincipios.com\/wp-content\/uploads\/2023\/03\/ENTREGARON-KITS-ESCOLARES-Y-GUARDAPOLVOS-A-ESCUELAS-PRIMARIAS-3-300x200.jpg","large":"https:\/\/diarioprincipios.com\/wp-content\/uploads\/2023\/03\/ENTREGARON-KITS-ESCOLARES-Y-GUARDAPOLVOS-A-ESCUELAS-PRIMARIAS-3-1024x683.jpg"},"ams_acf":[],"yoast_head":"<!-- This site is optimized with the Yoast SEO plugin v27.3 - https:\/\/yoast.com\/product\/yoast-seo-wordpress\/ -->\n<title>Se entregaron 2000 kits escolares y 5780 guardapolvos a 57 Escuelas Primarias - Principios<\/title>\n<meta name=\"robots\" content=\"index, follow, max-snippet:-1, max-image-preview:large, max-video-preview:-1\" \/>\n<link rel=\"canonical\" href=\"https:\/\/diarioprincipios.com\/index.php\/2023\/03\/30\/se-entregaron-2000-kits-escolares-y-5780-guardapolvos-a-57-escuelas-primarias\/\" \/>\n<meta property=\"og:locale\" content=\"es_ES\" \/>\n<meta property=\"og:type\" content=\"article\" \/>\n<meta property=\"og:title\" content=\"Se entregaron 2000 kits escolares y 5780 guardapolvos a 57 Escuelas Primarias - Principios\" \/>\n<meta property=\"og:description\" content=\"Se entregaron 2000 kits escolares y 5780 guardapolvos a 57 Escuelas Primarias p\u00fablicas de Berazategui. El intendente municipal, Juan Jos\u00e9 Mussi, encabez\u00f3 el acto realizado en el Complejo Cultural Municipal La Calle.\u00a0 Los kits se confeccionaron en el marco de la campa\u00f1a solidaria \u201cSeamos \u00datiles\u201d, impulsada por el Programa de Responsabilidad Social de la Secretar\u00eda...\" \/>\n<meta property=\"og:url\" content=\"https:\/\/diarioprincipios.com\/index.php\/2023\/03\/30\/se-entregaron-2000-kits-escolares-y-5780-guardapolvos-a-57-escuelas-primarias\/\" \/>\n<meta property=\"og:site_name\" content=\"Principios\" \/>\n<meta property=\"article:published_time\" content=\"2023-03-30T12:16:32+00:00\" \/>\n<meta property=\"article:modified_time\" content=\"2023-03-31T19:05:04+00:00\" \/>\n<meta property=\"og:image\" content=\"https:\/\/diarioprincipios.com\/wp-content\/uploads\/2023\/03\/ENTREGARON-KITS-ESCOLARES-Y-GUARDAPOLVOS-A-ESCUELAS-PRIMARIAS-3.jpg\" \/>\n\t<meta property=\"og:image:width\" content=\"1920\" \/>\n\t<meta property=\"og:image:height\" content=\"1280\" \/>\n\t<meta property=\"og:image:type\" content=\"image\/jpeg\" \/>\n<meta name=\"author\" content=\"Hern\u00e1n L\u00f3pez\" \/>\n<meta name=\"twitter:card\" content=\"summary_large_image\" \/>\n<meta name=\"twitter:label1\" content=\"Escrito por\" \/>\n\t<meta name=\"twitter:data1\" content=\"Hern\u00e1n L\u00f3pez\" \/>\n\t<meta name=\"twitter:label2\" content=\"Tiempo de lectura\" \/>\n\t<meta name=\"twitter:data2\" content=\"2 minutos\" \/>\n<script type=\"application\/ld+json\" class=\"yoast-schema-graph\">{\"@context\":\"https:\\\/\\\/schema.org\",\"@graph\":[{\"@type\":\"Article\",\"@id\":\"https:\\\/\\\/diarioprincipios.com\\\/index.php\\\/2023\\\/03\\\/30\\\/se-entregaron-2000-kits-escolares-y-5780-guardapolvos-a-57-escuelas-primarias\\\/#article\",\"isPartOf\":{\"@id\":\"https:\\\/\\\/diarioprincipios.com\\\/index.php\\\/2023\\\/03\\\/30\\\/se-entregaron-2000-kits-escolares-y-5780-guardapolvos-a-57-escuelas-primarias\\\/\"},\"author\":{\"name\":\"Hern\u00e1n L\u00f3pez\",\"@id\":\"https:\\\/\\\/diarioprincipios.com\\\/#\\\/schema\\\/person\\\/436d5a1fd41a5e250e23ff5a6a7cb080\"},\"headline\":\"Se entregaron 2000 kits escolares y 5780 guardapolvos a 57 Escuelas Primarias\",\"datePublished\":\"2023-03-30T12:16:32+00:00\",\"dateModified\":\"2023-03-31T19:05:04+00:00\",\"mainEntityOfPage\":{\"@id\":\"https:\\\/\\\/diarioprincipios.com\\\/index.php\\\/2023\\\/03\\\/30\\\/se-entregaron-2000-kits-escolares-y-5780-guardapolvos-a-57-escuelas-primarias\\\/\"},\"wordCount\":304,\"commentCount\":0,\"publisher\":{\"@id\":\"https:\\\/\\\/diarioprincipios.com\\\/#organization\"},\"image\":{\"@id\":\"https:\\\/\\\/diarioprincipios.com\\\/index.php\\\/2023\\\/03\\\/30\\\/se-entregaron-2000-kits-escolares-y-5780-guardapolvos-a-57-escuelas-primarias\\\/#primaryimage\"},\"thumbnailUrl\":\"https:\\\/\\\/diarioprincipios.com\\\/wp-content\\\/uploads\\\/2023\\\/03\\\/ENTREGARON-KITS-ESCOLARES-Y-GUARDAPOLVOS-A-ESCUELAS-PRIMARIAS-3.jpg\",\"articleSection\":[\"Berazategui\"],\"inLanguage\":\"es\",\"potentialAction\":[{\"@type\":\"CommentAction\",\"name\":\"Comment\",\"target\":[\"https:\\\/\\\/diarioprincipios.com\\\/index.php\\\/2023\\\/03\\\/30\\\/se-entregaron-2000-kits-escolares-y-5780-guardapolvos-a-57-escuelas-primarias\\\/#respond\"]}]},{\"@type\":\"WebPage\",\"@id\":\"https:\\\/\\\/diarioprincipios.com\\\/index.php\\\/2023\\\/03\\\/30\\\/se-entregaron-2000-kits-escolares-y-5780-guardapolvos-a-57-escuelas-primarias\\\/\",\"url\":\"https:\\\/\\\/diarioprincipios.com\\\/index.php\\\/2023\\\/03\\\/30\\\/se-entregaron-2000-kits-escolares-y-5780-guardapolvos-a-57-escuelas-primarias\\\/\",\"name\":\"Se entregaron 2000 kits escolares y 5780 guardapolvos a 57 Escuelas Primarias - Principios\",\"isPartOf\":{\"@id\":\"https:\\\/\\\/diarioprincipios.com\\\/#website\"},\"primaryImageOfPage\":{\"@id\":\"https:\\\/\\\/diarioprincipios.com\\\/index.php\\\/2023\\\/03\\\/30\\\/se-entregaron-2000-kits-escolares-y-5780-guardapolvos-a-57-escuelas-primarias\\\/#primaryimage\"},\"image\":{\"@id\":\"https:\\\/\\\/diarioprincipios.com\\\/index.php\\\/2023\\\/03\\\/30\\\/se-entregaron-2000-kits-escolares-y-5780-guardapolvos-a-57-escuelas-primarias\\\/#primaryimage\"},\"thumbnailUrl\":\"https:\\\/\\\/diarioprincipios.com\\\/wp-content\\\/uploads\\\/2023\\\/03\\\/ENTREGARON-KITS-ESCOLARES-Y-GUARDAPOLVOS-A-ESCUELAS-PRIMARIAS-3.jpg\",\"datePublished\":\"2023-03-30T12:16:32+00:00\",\"dateModified\":\"2023-03-31T19:05:04+00:00\",\"breadcrumb\":{\"@id\":\"https:\\\/\\\/diarioprincipios.com\\\/index.php\\\/2023\\\/03\\\/30\\\/se-entregaron-2000-kits-escolares-y-5780-guardapolvos-a-57-escuelas-primarias\\\/#breadcrumb\"},\"inLanguage\":\"es\",\"potentialAction\":[{\"@type\":\"ReadAction\",\"target\":[\"https:\\\/\\\/diarioprincipios.com\\\/index.php\\\/2023\\\/03\\\/30\\\/se-entregaron-2000-kits-escolares-y-5780-guardapolvos-a-57-escuelas-primarias\\\/\"]}]},{\"@type\":\"ImageObject\",\"inLanguage\":\"es\",\"@id\":\"https:\\\/\\\/diarioprincipios.com\\\/index.php\\\/2023\\\/03\\\/30\\\/se-entregaron-2000-kits-escolares-y-5780-guardapolvos-a-57-escuelas-primarias\\\/#primaryimage\",\"url\":\"https:\\\/\\\/diarioprincipios.com\\\/wp-content\\\/uploads\\\/2023\\\/03\\\/ENTREGARON-KITS-ESCOLARES-Y-GUARDAPOLVOS-A-ESCUELAS-PRIMARIAS-3.jpg\",\"contentUrl\":\"https:\\\/\\\/diarioprincipios.com\\\/wp-content\\\/uploads\\\/2023\\\/03\\\/ENTREGARON-KITS-ESCOLARES-Y-GUARDAPOLVOS-A-ESCUELAS-PRIMARIAS-3.jpg\",\"width\":1920,\"height\":1280},{\"@type\":\"BreadcrumbList\",\"@id\":\"https:\\\/\\\/diarioprincipios.com\\\/index.php\\\/2023\\\/03\\\/30\\\/se-entregaron-2000-kits-escolares-y-5780-guardapolvos-a-57-escuelas-primarias\\\/#breadcrumb\",\"itemListElement\":[{\"@type\":\"ListItem\",\"position\":1,\"name\":\"Portada\",\"item\":\"https:\\\/\\\/diarioprincipios.com\\\/\"},{\"@type\":\"ListItem\",\"position\":2,\"name\":\"Se entregaron 2000 kits escolares y 5780 guardapolvos a 57 Escuelas Primarias\"}]},{\"@type\":\"WebSite\",\"@id\":\"https:\\\/\\\/diarioprincipios.com\\\/#website\",\"url\":\"https:\\\/\\\/diarioprincipios.com\\\/\",\"name\":\"Principios\",\"description\":\"Principios Diario\",\"publisher\":{\"@id\":\"https:\\\/\\\/diarioprincipios.com\\\/#organization\"},\"potentialAction\":[{\"@type\":\"SearchAction\",\"target\":{\"@type\":\"EntryPoint\",\"urlTemplate\":\"https:\\\/\\\/diarioprincipios.com\\\/?s={search_term_string}\"},\"query-input\":{\"@type\":\"PropertyValueSpecification\",\"valueRequired\":true,\"valueName\":\"search_term_string\"}}],\"inLanguage\":\"es\"},{\"@type\":\"Organization\",\"@id\":\"https:\\\/\\\/diarioprincipios.com\\\/#organization\",\"name\":\"Principios\",\"url\":\"https:\\\/\\\/diarioprincipios.com\\\/\",\"logo\":{\"@type\":\"ImageObject\",\"inLanguage\":\"es\",\"@id\":\"https:\\\/\\\/diarioprincipios.com\\\/#\\\/schema\\\/logo\\\/image\\\/\",\"url\":\"https:\\\/\\\/diarioprincipios.com\\\/wp-content\\\/uploads\\\/2024\\\/04\\\/cropped-www.diarioprincipios.com_-1.png\",\"contentUrl\":\"https:\\\/\\\/diarioprincipios.com\\\/wp-content\\\/uploads\\\/2024\\\/04\\\/cropped-www.diarioprincipios.com_-1.png\",\"width\":5325,\"height\":1454,\"caption\":\"Principios\"},\"image\":{\"@id\":\"https:\\\/\\\/diarioprincipios.com\\\/#\\\/schema\\\/logo\\\/image\\\/\"}},{\"@type\":\"Person\",\"@id\":\"https:\\\/\\\/diarioprincipios.com\\\/#\\\/schema\\\/person\\\/436d5a1fd41a5e250e23ff5a6a7cb080\",\"name\":\"Hern\u00e1n L\u00f3pez\",\"image\":{\"@type\":\"ImageObject\",\"inLanguage\":\"es\",\"@id\":\"https:\\\/\\\/diarioprincipios.com\\\/wp-content\\\/litespeed\\\/avatar\\\/11ddfe5610ff3bd100522525b2571f48.jpg?ver=1777048341\",\"url\":\"https:\\\/\\\/diarioprincipios.com\\\/wp-content\\\/litespeed\\\/avatar\\\/11ddfe5610ff3bd100522525b2571f48.jpg?ver=1777048341\",\"contentUrl\":\"https:\\\/\\\/diarioprincipios.com\\\/wp-content\\\/litespeed\\\/avatar\\\/11ddfe5610ff3bd100522525b2571f48.jpg?ver=1777048341\",\"caption\":\"Hern\u00e1n L\u00f3pez\"},\"url\":\"https:\\\/\\\/diarioprincipios.com\\\/index.php\\\/author\\\/hernan\\\/\"}]}<\/script>\n<!-- \/ Yoast SEO plugin. -->","yoast_head_json":{"title":"Se entregaron 2000 kits escolares y 5780 guardapolvos a 57 Escuelas Primarias - Principios","robots":{"index":"index","follow":"follow","max-snippet":"max-snippet:-1","max-image-preview":"max-image-preview:large","max-video-preview":"max-video-preview:-1"},"canonical":"https:\/\/diarioprincipios.com\/index.php\/2023\/03\/30\/se-entregaron-2000-kits-escolares-y-5780-guardapolvos-a-57-escuelas-primarias\/","og_locale":"es_ES","og_type":"article","og_title":"Se entregaron 2000 kits escolares y 5780 guardapolvos a 57 Escuelas Primarias - Principios","og_description":"Se entregaron 2000 kits escolares y 5780 guardapolvos a 57 Escuelas Primarias p\u00fablicas de Berazategui. El intendente municipal, Juan Jos\u00e9 Mussi, encabez\u00f3 el acto realizado en el Complejo Cultural Municipal La Calle.\u00a0 Los kits se confeccionaron en el marco de la campa\u00f1a solidaria \u201cSeamos \u00datiles\u201d, impulsada por el Programa de Responsabilidad Social de la Secretar\u00eda...","og_url":"https:\/\/diarioprincipios.com\/index.php\/2023\/03\/30\/se-entregaron-2000-kits-escolares-y-5780-guardapolvos-a-57-escuelas-primarias\/","og_site_name":"Principios","article_published_time":"2023-03-30T12:16:32+00:00","article_modified_time":"2023-03-31T19:05:04+00:00","og_image":[{"width":1920,"height":1280,"url":"https:\/\/diarioprincipios.com\/wp-content\/uploads\/2023\/03\/ENTREGARON-KITS-ESCOLARES-Y-GUARDAPOLVOS-A-ESCUELAS-PRIMARIAS-3.jpg","type":"image\/jpeg"}],"author":"Hern\u00e1n L\u00f3pez","twitter_card":"summary_large_image","twitter_misc":{"Escrito por":"Hern\u00e1n L\u00f3pez","Tiempo de lectura":"2 minutos"},"schema":{"@context":"https:\/\/schema.org","@graph":[{"@type":"Article","@id":"https:\/\/diarioprincipios.com\/index.php\/2023\/03\/30\/se-entregaron-2000-kits-escolares-y-5780-guardapolvos-a-57-escuelas-primarias\/#article","isPartOf":{"@id":"https:\/\/diarioprincipios.com\/index.php\/2023\/03\/30\/se-entregaron-2000-kits-escolares-y-5780-guardapolvos-a-57-escuelas-primarias\/"},"author":{"name":"Hern\u00e1n L\u00f3pez","@id":"https:\/\/diarioprincipios.com\/#\/schema\/person\/436d5a1fd41a5e250e23ff5a6a7cb080"},"headline":"Se entregaron 2000 kits escolares y 5780 guardapolvos a 57 Escuelas Primarias","datePublished":"2023-03-30T12:16:32+00:00","dateModified":"2023-03-31T19:05:04+00:00","mainEntityOfPage":{"@id":"https:\/\/diarioprincipios.com\/index.php\/2023\/03\/30\/se-entregaron-2000-kits-escolares-y-5780-guardapolvos-a-57-escuelas-primarias\/"},"wordCount":304,"commentCount":0,"publisher":{"@id":"https:\/\/diarioprincipios.com\/#organization"},"image":{"@id":"https:\/\/diarioprincipios.com\/index.php\/2023\/03\/30\/se-entregaron-2000-kits-escolares-y-5780-guardapolvos-a-57-escuelas-primarias\/#primaryimage"},"thumbnailUrl":"https:\/\/diarioprincipios.com\/wp-content\/uploads\/2023\/03\/ENTREGARON-KITS-ESCOLARES-Y-GUARDAPOLVOS-A-ESCUELAS-PRIMARIAS-3.jpg","articleSection":["Berazategui"],"inLanguage":"es","potentialAction":[{"@type":"CommentAction","name":"Comment","target":["https:\/\/diarioprincipios.com\/index.php\/2023\/03\/30\/se-entregaron-2000-kits-escolares-y-5780-guardapolvos-a-57-escuelas-primarias\/#respond"]}]},{"@type":"WebPage","@id":"https:\/\/diarioprincipios.com\/index.php\/2023\/03\/30\/se-entregaron-2000-kits-escolares-y-5780-guardapolvos-a-57-escuelas-primarias\/","url":"https:\/\/diarioprincipios.com\/index.php\/2023\/03\/30\/se-entregaron-2000-kits-escolares-y-5780-guardapolvos-a-57-escuelas-primarias\/","name":"Se entregaron 2000 kits escolares y 5780 guardapolvos a 57 Escuelas Primarias - Principios","isPartOf":{"@id":"https:\/\/diarioprincipios.com\/#website"},"primaryImageOfPage":{"@id":"https:\/\/diarioprincipios.com\/index.php\/2023\/03\/30\/se-entregaron-2000-kits-escolares-y-5780-guardapolvos-a-57-escuelas-primarias\/#primaryimage"},"image":{"@id":"https:\/\/diarioprincipios.com\/index.php\/2023\/03\/30\/se-entregaron-2000-kits-escolares-y-5780-guardapolvos-a-57-escuelas-primarias\/#primaryimage"},"thumbnailUrl":"https:\/\/diarioprincipios.com\/wp-content\/uploads\/2023\/03\/ENTREGARON-KITS-ESCOLARES-Y-GUARDAPOLVOS-A-ESCUELAS-PRIMARIAS-3.jpg","datePublished":"2023-03-30T12:16:32+00:00","dateModified":"2023-03-31T19:05:04+00:00","breadcrumb":{"@id":"https:\/\/diarioprincipios.com\/index.php\/2023\/03\/30\/se-entregaron-2000-kits-escolares-y-5780-guardapolvos-a-57-escuelas-primarias\/#breadcrumb"},"inLanguage":"es","potentialAction":[{"@type":"ReadAction","target":["https:\/\/diarioprincipios.com\/index.php\/2023\/03\/30\/se-entregaron-2000-kits-escolares-y-5780-guardapolvos-a-57-escuelas-primarias\/"]}]},{"@type":"ImageObject","inLanguage":"es","@id":"https:\/\/diarioprincipios.com\/index.php\/2023\/03\/30\/se-entregaron-2000-kits-escolares-y-5780-guardapolvos-a-57-escuelas-primarias\/#primaryimage","url":"https:\/\/diarioprincipios.com\/wp-content\/uploads\/2023\/03\/ENTREGARON-KITS-ESCOLARES-Y-GUARDAPOLVOS-A-ESCUELAS-PRIMARIAS-3.jpg","contentUrl":"https:\/\/diarioprincipios.com\/wp-content\/uploads\/2023\/03\/ENTREGARON-KITS-ESCOLARES-Y-GUARDAPOLVOS-A-ESCUELAS-PRIMARIAS-3.jpg","width":1920,"height":1280},{"@type":"BreadcrumbList","@id":"https:\/\/diarioprincipios.com\/index.php\/2023\/03\/30\/se-entregaron-2000-kits-escolares-y-5780-guardapolvos-a-57-escuelas-primarias\/#breadcrumb","itemListElement":[{"@type":"ListItem","position":1,"name":"Portada","item":"https:\/\/diarioprincipios.com\/"},{"@type":"ListItem","position":2,"name":"Se entregaron 2000 kits escolares y 5780 guardapolvos a 57 Escuelas Primarias"}]},{"@type":"WebSite","@id":"https:\/\/diarioprincipios.com\/#website","url":"https:\/\/diarioprincipios.com\/","name":"Principios","description":"Principios Diario","publisher":{"@id":"https:\/\/diarioprincipios.com\/#organization"},"potentialAction":[{"@type":"SearchAction","target":{"@type":"EntryPoint","urlTemplate":"https:\/\/diarioprincipios.com\/?s={search_term_string}"},"query-input":{"@type":"PropertyValueSpecification","valueRequired":true,"valueName":"search_term_string"}}],"inLanguage":"es"},{"@type":"Organization","@id":"https:\/\/diarioprincipios.com\/#organization","name":"Principios","url":"https:\/\/diarioprincipios.com\/","logo":{"@type":"ImageObject","inLanguage":"es","@id":"https:\/\/diarioprincipios.com\/#\/schema\/logo\/image\/","url":"https:\/\/diarioprincipios.com\/wp-content\/uploads\/2024\/04\/cropped-www.diarioprincipios.com_-1.png","contentUrl":"https:\/\/diarioprincipios.com\/wp-content\/uploads\/2024\/04\/cropped-www.diarioprincipios.com_-1.png","width":5325,"height":1454,"caption":"Principios"},"image":{"@id":"https:\/\/diarioprincipios.com\/#\/schema\/logo\/image\/"}},{"@type":"Person","@id":"https:\/\/diarioprincipios.com\/#\/schema\/person\/436d5a1fd41a5e250e23ff5a6a7cb080","name":"Hern\u00e1n L\u00f3pez","image":{"@type":"ImageObject","inLanguage":"es","@id":"https:\/\/diarioprincipios.com\/wp-content\/litespeed\/avatar\/11ddfe5610ff3bd100522525b2571f48.jpg?ver=1777048341","url":"https:\/\/diarioprincipios.com\/wp-content\/litespeed\/avatar\/11ddfe5610ff3bd100522525b2571f48.jpg?ver=1777048341","contentUrl":"https:\/\/diarioprincipios.com\/wp-content\/litespeed\/avatar\/11ddfe5610ff3bd100522525b2571f48.jpg?ver=1777048341","caption":"Hern\u00e1n L\u00f3pez"},"url":"https:\/\/diarioprincipios.com\/index.php\/author\/hernan\/"}]}},"jetpack_featured_media_url":"https:\/\/diarioprincipios.com\/wp-content\/uploads\/2023\/03\/ENTREGARON-KITS-ESCOLARES-Y-GUARDAPOLVOS-A-ESCUELAS-PRIMARIAS-3.jpg","_links":{"self":[{"href":"https:\/\/diarioprincipios.com\/index.php\/wp-json\/wp\/v2\/posts\/16362","targetHints":{"allow":["GET"]}}],"collection":[{"href":"https:\/\/diarioprincipios.com\/index.php\/wp-json\/wp\/v2\/posts"}],"about":[{"href":"https:\/\/diarioprincipios.com\/index.php\/wp-json\/wp\/v2\/types\/post"}],"author":[{"embeddable":true,"href":"https:\/\/diarioprincipios.com\/index.php\/wp-json\/wp\/v2\/users\/2"}],"replies":[{"embeddable":true,"href":"https:\/\/diarioprincipios.com\/index.php\/wp-json\/wp\/v2\/comments?post=16362"}],"version-history":[{"count":1,"href":"https:\/\/diarioprincipios.com\/index.php\/wp-json\/wp\/v2\/posts\/16362\/revisions"}],"predecessor-version":[{"id":16366,"href":"https:\/\/diarioprincipios.com\/index.php\/wp-json\/wp\/v2\/posts\/16362\/revisions\/16366"}],"wp:featuredmedia":[{"embeddable":true,"href":"https:\/\/diarioprincipios.com\/index.php\/wp-json\/wp\/v2\/media\/16365"}],"wp:attachment":[{"href":"https:\/\/diarioprincipios.com\/index.php\/wp-json\/wp\/v2\/media?parent=16362"}],"wp:term":[{"taxonomy":"category","embeddable":true,"href":"https:\/\/diarioprincipios.com\/index.php\/wp-json\/wp\/v2\/categories?post=16362"},{"taxonomy":"post_tag","embeddable":true,"href":"https:\/\/diarioprincipios.com\/index.php\/wp-json\/wp\/v2\/tags?post=16362"}],"curies":[{"name":"wp","href":"https:\/\/api.w.org\/{rel}","templated":true}]}}