{"id":16342,"date":"2023-03-29T11:55:33","date_gmt":"2023-03-29T14:55:33","guid":{"rendered":"http:\/\/diarioprincipios.com\/?p=16342"},"modified":"2023-03-31T16:04:46","modified_gmt":"2023-03-31T19:04:46","slug":"campana-de-vacunacion-antigripal","status":"publish","type":"post","link":"https:\/\/diarioprincipios.com\/index.php\/2023\/03\/29\/campana-de-vacunacion-antigripal\/","title":{"rendered":"Campa\u00f1a de Vacunaci\u00f3n Antigripal"},"content":{"rendered":"\n<p>El Municipio de Quilmes inform\u00f3, que desde el lunes 27 sum\u00f3 al resto de la poblaci\u00f3n destinataria la vacunaci\u00f3n antigripal, que hab\u00eda comenzado 10 d\u00edas atr\u00e1s con el personal de salud, en el marco del lanzamiento de la campa\u00f1a de vacunaci\u00f3n antigripal 2023 de la Provincia de Buenos Aires. A su vez, los mayores de 65 a\u00f1os recibir\u00e1n una dosis especial con mayor respuesta.<\/p>\n\n\n\n<p>La vacuna contra la gripe y el COVID 19 se puede aplicar el mismo d\u00eda o en d\u00edas diferidos, sin la necesidad de intervalo entre s\u00ed. En tanto, los mayores de 65 a\u00f1os recibir\u00e1n una dosis especial que llegar\u00e1 durante esta semana (Fluxvi), una vacuna espec\u00edfica dirigida a este grupo etario, que posee una mejor respuesta de anticuerpos especialmente en adultos que superan los 65. Quienes pueden vacunarse son:<\/p>\n\n\n\n<p>-Ni\u00f1os y ni\u00f1as de 6 a 24 meses (no se requiere turno ni orden m\u00e9dica).<br>-Gestantes en cualquier trimestre de la gestaci\u00f3n (no se requiere turno ni orden m\u00e9dica).<br>-Pu\u00e9rperas que no se hayan vacunado durante el embarazo (hasta 10 d\u00edas despu\u00e9s del parto y no se requiere turno ni orden m\u00e9dica).<br>-Quienes est\u00e1n expuestos a aves potencialmente enfermas (no se requiere turno ni orden m\u00e9dica).<br>-Personas de 2 a 64 a\u00f1os con factores de riesgo (\u00fanico grupo que requiere turno y orden m\u00e9dica).<\/p>\n\n\n\n<p>Desde la Secretar\u00eda de Salud local, a cargo del doctor Jonatan Konfino, se convoca a todos los vecinos y vecinas de Quilmes comprendidos en los grupos de riesgo a recibir la vacuna, con objetivo de disminuir la posibilidad de circulaci\u00f3n en los sectores m\u00e1s vulnerables. Konfino expres\u00f3: \u201cRecomendamos la vacunaci\u00f3n antigripal en los grupos de riesgo, ya que se ha demostrado que es una vacuna segura y efectiva, en prevenir las complicaciones de la gripe, en personas que poseen factores para que esto suceda\u201d.<\/p>\n\n\n\n<p>Horarios de atenci\u00f3n<\/p>\n\n\n\n<p>-Hospital Iriarte (Allison Bell 770, Quilmes): de lunes a viernes &nbsp;de 7 a 17.<br>-Hospital Oller (avenida 844 N\u00ba 2100, San Francisco Solano): de lunes a viernes de 6 a 17.<br>-Ex Dispensario (Marcelo T. de Alvear e Islas Malvinas, Quilmes Oeste): de lunes a viernes de 7 a 18.30. S\u00e1bados de 10 a 16.<br>-Centro Julio M\u00e9ndez (9 de Julio 264, Bernal): de lunes a viernes de 8 a 17.<br>-Centros de Atenci\u00f3n Primaria de la Salud (CAPS): De lunes a viernes de 9 a 14 (ingresar a&nbsp;<a rel=\"noreferrer noopener\" target=\"_blank\" href=\"https:\/\/quilmes.gov.ar\/gestion\/salud.php\">https:\/\/quilmes.gov.ar\/gestion\/salud.php<\/a>&nbsp;para ubicar el m\u00e1s cercano a su domicilio).<\/p>\n","protected":false},"excerpt":{"rendered":"<p>El Municipio de Quilmes inform\u00f3, que desde el lunes 27 sum\u00f3 al resto de la poblaci\u00f3n destinataria la vacunaci\u00f3n antigripal, que hab\u00eda comenzado 10 d\u00edas atr\u00e1s con el personal de salud, en el marco del lanzamiento de la campa\u00f1a de vacunaci\u00f3n antigripal 2023 de la Provincia de Buenos Aires. A su vez, los mayores de&#8230;<\/p>\n","protected":false},"author":2,"featured_media":16343,"comment_status":"open","ping_status":"open","sticky":false,"template":"","format":"standard","meta":{"footnotes":""},"categories":[4],"tags":[],"class_list":["post-16342","post","type-post","status-publish","format-standard","has-post-thumbnail","hentry","category-quilmes"],"featured_image_src":"https:\/\/diarioprincipios.com\/wp-content\/uploads\/2023\/03\/EL-MUNICIPIO-DE-QUILMES-INICIO-LA-CAMPANA-DE-VACUNACION-ANTIGRIPAL-PARA-LA-POBLACION-DESTINATARIA-3-1024x825.jpg","blog_images":{"medium":"https:\/\/diarioprincipios.com\/wp-content\/uploads\/2023\/03\/EL-MUNICIPIO-DE-QUILMES-INICIO-LA-CAMPANA-DE-VACUNACION-ANTIGRIPAL-PARA-LA-POBLACION-DESTINATARIA-3-300x242.jpg","large":"https:\/\/diarioprincipios.com\/wp-content\/uploads\/2023\/03\/EL-MUNICIPIO-DE-QUILMES-INICIO-LA-CAMPANA-DE-VACUNACION-ANTIGRIPAL-PARA-LA-POBLACION-DESTINATARIA-3-1024x825.jpg"},"ams_acf":[],"yoast_head":"<!-- This site is optimized with the Yoast SEO plugin v27.3 - https:\/\/yoast.com\/product\/yoast-seo-wordpress\/ -->\n<title>Campa\u00f1a de Vacunaci\u00f3n Antigripal - Principios<\/title>\n<meta name=\"robots\" content=\"index, follow, max-snippet:-1, max-image-preview:large, max-video-preview:-1\" \/>\n<link rel=\"canonical\" href=\"https:\/\/diarioprincipios.com\/index.php\/2023\/03\/29\/campana-de-vacunacion-antigripal\/\" \/>\n<meta property=\"og:locale\" content=\"es_ES\" \/>\n<meta property=\"og:type\" content=\"article\" \/>\n<meta property=\"og:title\" content=\"Campa\u00f1a de Vacunaci\u00f3n Antigripal - Principios\" \/>\n<meta property=\"og:description\" content=\"El Municipio de Quilmes inform\u00f3, que desde el lunes 27 sum\u00f3 al resto de la poblaci\u00f3n destinataria la vacunaci\u00f3n antigripal, que hab\u00eda comenzado 10 d\u00edas atr\u00e1s con el personal de salud, en el marco del lanzamiento de la campa\u00f1a de vacunaci\u00f3n antigripal 2023 de la Provincia de Buenos Aires. A su vez, los mayores de...\" \/>\n<meta property=\"og:url\" content=\"https:\/\/diarioprincipios.com\/index.php\/2023\/03\/29\/campana-de-vacunacion-antigripal\/\" \/>\n<meta property=\"og:site_name\" content=\"Principios\" \/>\n<meta property=\"article:published_time\" content=\"2023-03-29T14:55:33+00:00\" \/>\n<meta property=\"article:modified_time\" content=\"2023-03-31T19:04:46+00:00\" \/>\n<meta property=\"og:image\" content=\"https:\/\/diarioprincipios.com\/wp-content\/uploads\/2023\/03\/EL-MUNICIPIO-DE-QUILMES-INICIO-LA-CAMPANA-DE-VACUNACION-ANTIGRIPAL-PARA-LA-POBLACION-DESTINATARIA-3.jpg\" \/>\n\t<meta property=\"og:image:width\" content=\"1280\" \/>\n\t<meta property=\"og:image:height\" content=\"1031\" \/>\n\t<meta property=\"og:image:type\" content=\"image\/jpeg\" \/>\n<meta name=\"author\" content=\"Hern\u00e1n L\u00f3pez\" \/>\n<meta name=\"twitter:card\" content=\"summary_large_image\" \/>\n<meta name=\"twitter:label1\" content=\"Escrito por\" \/>\n\t<meta name=\"twitter:data1\" content=\"Hern\u00e1n L\u00f3pez\" \/>\n\t<meta name=\"twitter:label2\" content=\"Tiempo de lectura\" \/>\n\t<meta name=\"twitter:data2\" content=\"2 minutos\" \/>\n<script type=\"application\/ld+json\" class=\"yoast-schema-graph\">{\"@context\":\"https:\\\/\\\/schema.org\",\"@graph\":[{\"@type\":\"Article\",\"@id\":\"https:\\\/\\\/diarioprincipios.com\\\/index.php\\\/2023\\\/03\\\/29\\\/campana-de-vacunacion-antigripal\\\/#article\",\"isPartOf\":{\"@id\":\"https:\\\/\\\/diarioprincipios.com\\\/index.php\\\/2023\\\/03\\\/29\\\/campana-de-vacunacion-antigripal\\\/\"},\"author\":{\"name\":\"Hern\u00e1n L\u00f3pez\",\"@id\":\"https:\\\/\\\/diarioprincipios.com\\\/#\\\/schema\\\/person\\\/436d5a1fd41a5e250e23ff5a6a7cb080\"},\"headline\":\"Campa\u00f1a de Vacunaci\u00f3n Antigripal\",\"datePublished\":\"2023-03-29T14:55:33+00:00\",\"dateModified\":\"2023-03-31T19:04:46+00:00\",\"mainEntityOfPage\":{\"@id\":\"https:\\\/\\\/diarioprincipios.com\\\/index.php\\\/2023\\\/03\\\/29\\\/campana-de-vacunacion-antigripal\\\/\"},\"wordCount\":424,\"commentCount\":0,\"publisher\":{\"@id\":\"https:\\\/\\\/diarioprincipios.com\\\/#organization\"},\"image\":{\"@id\":\"https:\\\/\\\/diarioprincipios.com\\\/index.php\\\/2023\\\/03\\\/29\\\/campana-de-vacunacion-antigripal\\\/#primaryimage\"},\"thumbnailUrl\":\"https:\\\/\\\/diarioprincipios.com\\\/wp-content\\\/uploads\\\/2023\\\/03\\\/EL-MUNICIPIO-DE-QUILMES-INICIO-LA-CAMPANA-DE-VACUNACION-ANTIGRIPAL-PARA-LA-POBLACION-DESTINATARIA-3.jpg\",\"articleSection\":[\"Quilmes\"],\"inLanguage\":\"es\",\"potentialAction\":[{\"@type\":\"CommentAction\",\"name\":\"Comment\",\"target\":[\"https:\\\/\\\/diarioprincipios.com\\\/index.php\\\/2023\\\/03\\\/29\\\/campana-de-vacunacion-antigripal\\\/#respond\"]}]},{\"@type\":\"WebPage\",\"@id\":\"https:\\\/\\\/diarioprincipios.com\\\/index.php\\\/2023\\\/03\\\/29\\\/campana-de-vacunacion-antigripal\\\/\",\"url\":\"https:\\\/\\\/diarioprincipios.com\\\/index.php\\\/2023\\\/03\\\/29\\\/campana-de-vacunacion-antigripal\\\/\",\"name\":\"Campa\u00f1a de Vacunaci\u00f3n Antigripal - Principios\",\"isPartOf\":{\"@id\":\"https:\\\/\\\/diarioprincipios.com\\\/#website\"},\"primaryImageOfPage\":{\"@id\":\"https:\\\/\\\/diarioprincipios.com\\\/index.php\\\/2023\\\/03\\\/29\\\/campana-de-vacunacion-antigripal\\\/#primaryimage\"},\"image\":{\"@id\":\"https:\\\/\\\/diarioprincipios.com\\\/index.php\\\/2023\\\/03\\\/29\\\/campana-de-vacunacion-antigripal\\\/#primaryimage\"},\"thumbnailUrl\":\"https:\\\/\\\/diarioprincipios.com\\\/wp-content\\\/uploads\\\/2023\\\/03\\\/EL-MUNICIPIO-DE-QUILMES-INICIO-LA-CAMPANA-DE-VACUNACION-ANTIGRIPAL-PARA-LA-POBLACION-DESTINATARIA-3.jpg\",\"datePublished\":\"2023-03-29T14:55:33+00:00\",\"dateModified\":\"2023-03-31T19:04:46+00:00\",\"breadcrumb\":{\"@id\":\"https:\\\/\\\/diarioprincipios.com\\\/index.php\\\/2023\\\/03\\\/29\\\/campana-de-vacunacion-antigripal\\\/#breadcrumb\"},\"inLanguage\":\"es\",\"potentialAction\":[{\"@type\":\"ReadAction\",\"target\":[\"https:\\\/\\\/diarioprincipios.com\\\/index.php\\\/2023\\\/03\\\/29\\\/campana-de-vacunacion-antigripal\\\/\"]}]},{\"@type\":\"ImageObject\",\"inLanguage\":\"es\",\"@id\":\"https:\\\/\\\/diarioprincipios.com\\\/index.php\\\/2023\\\/03\\\/29\\\/campana-de-vacunacion-antigripal\\\/#primaryimage\",\"url\":\"https:\\\/\\\/diarioprincipios.com\\\/wp-content\\\/uploads\\\/2023\\\/03\\\/EL-MUNICIPIO-DE-QUILMES-INICIO-LA-CAMPANA-DE-VACUNACION-ANTIGRIPAL-PARA-LA-POBLACION-DESTINATARIA-3.jpg\",\"contentUrl\":\"https:\\\/\\\/diarioprincipios.com\\\/wp-content\\\/uploads\\\/2023\\\/03\\\/EL-MUNICIPIO-DE-QUILMES-INICIO-LA-CAMPANA-DE-VACUNACION-ANTIGRIPAL-PARA-LA-POBLACION-DESTINATARIA-3.jpg\",\"width\":1280,\"height\":1031},{\"@type\":\"BreadcrumbList\",\"@id\":\"https:\\\/\\\/diarioprincipios.com\\\/index.php\\\/2023\\\/03\\\/29\\\/campana-de-vacunacion-antigripal\\\/#breadcrumb\",\"itemListElement\":[{\"@type\":\"ListItem\",\"position\":1,\"name\":\"Portada\",\"item\":\"https:\\\/\\\/diarioprincipios.com\\\/\"},{\"@type\":\"ListItem\",\"position\":2,\"name\":\"Campa\u00f1a de Vacunaci\u00f3n Antigripal\"}]},{\"@type\":\"WebSite\",\"@id\":\"https:\\\/\\\/diarioprincipios.com\\\/#website\",\"url\":\"https:\\\/\\\/diarioprincipios.com\\\/\",\"name\":\"Principios\",\"description\":\"Principios Diario\",\"publisher\":{\"@id\":\"https:\\\/\\\/diarioprincipios.com\\\/#organization\"},\"potentialAction\":[{\"@type\":\"SearchAction\",\"target\":{\"@type\":\"EntryPoint\",\"urlTemplate\":\"https:\\\/\\\/diarioprincipios.com\\\/?s={search_term_string}\"},\"query-input\":{\"@type\":\"PropertyValueSpecification\",\"valueRequired\":true,\"valueName\":\"search_term_string\"}}],\"inLanguage\":\"es\"},{\"@type\":\"Organization\",\"@id\":\"https:\\\/\\\/diarioprincipios.com\\\/#organization\",\"name\":\"Principios\",\"url\":\"https:\\\/\\\/diarioprincipios.com\\\/\",\"logo\":{\"@type\":\"ImageObject\",\"inLanguage\":\"es\",\"@id\":\"https:\\\/\\\/diarioprincipios.com\\\/#\\\/schema\\\/logo\\\/image\\\/\",\"url\":\"https:\\\/\\\/diarioprincipios.com\\\/wp-content\\\/uploads\\\/2024\\\/04\\\/cropped-www.diarioprincipios.com_-1.png\",\"contentUrl\":\"https:\\\/\\\/diarioprincipios.com\\\/wp-content\\\/uploads\\\/2024\\\/04\\\/cropped-www.diarioprincipios.com_-1.png\",\"width\":5325,\"height\":1454,\"caption\":\"Principios\"},\"image\":{\"@id\":\"https:\\\/\\\/diarioprincipios.com\\\/#\\\/schema\\\/logo\\\/image\\\/\"}},{\"@type\":\"Person\",\"@id\":\"https:\\\/\\\/diarioprincipios.com\\\/#\\\/schema\\\/person\\\/436d5a1fd41a5e250e23ff5a6a7cb080\",\"name\":\"Hern\u00e1n L\u00f3pez\",\"image\":{\"@type\":\"ImageObject\",\"inLanguage\":\"es\",\"@id\":\"https:\\\/\\\/diarioprincipios.com\\\/wp-content\\\/litespeed\\\/avatar\\\/11ddfe5610ff3bd100522525b2571f48.jpg?ver=1777653193\",\"url\":\"https:\\\/\\\/diarioprincipios.com\\\/wp-content\\\/litespeed\\\/avatar\\\/11ddfe5610ff3bd100522525b2571f48.jpg?ver=1777653193\",\"contentUrl\":\"https:\\\/\\\/diarioprincipios.com\\\/wp-content\\\/litespeed\\\/avatar\\\/11ddfe5610ff3bd100522525b2571f48.jpg?ver=1777653193\",\"caption\":\"Hern\u00e1n L\u00f3pez\"},\"url\":\"https:\\\/\\\/diarioprincipios.com\\\/index.php\\\/author\\\/hernan\\\/\"}]}<\/script>\n<!-- \/ Yoast SEO plugin. -->","yoast_head_json":{"title":"Campa\u00f1a de Vacunaci\u00f3n Antigripal - Principios","robots":{"index":"index","follow":"follow","max-snippet":"max-snippet:-1","max-image-preview":"max-image-preview:large","max-video-preview":"max-video-preview:-1"},"canonical":"https:\/\/diarioprincipios.com\/index.php\/2023\/03\/29\/campana-de-vacunacion-antigripal\/","og_locale":"es_ES","og_type":"article","og_title":"Campa\u00f1a de Vacunaci\u00f3n Antigripal - Principios","og_description":"El Municipio de Quilmes inform\u00f3, que desde el lunes 27 sum\u00f3 al resto de la poblaci\u00f3n destinataria la vacunaci\u00f3n antigripal, que hab\u00eda comenzado 10 d\u00edas atr\u00e1s con el personal de salud, en el marco del lanzamiento de la campa\u00f1a de vacunaci\u00f3n antigripal 2023 de la Provincia de Buenos Aires. A su vez, los mayores de...","og_url":"https:\/\/diarioprincipios.com\/index.php\/2023\/03\/29\/campana-de-vacunacion-antigripal\/","og_site_name":"Principios","article_published_time":"2023-03-29T14:55:33+00:00","article_modified_time":"2023-03-31T19:04:46+00:00","og_image":[{"width":1280,"height":1031,"url":"https:\/\/diarioprincipios.com\/wp-content\/uploads\/2023\/03\/EL-MUNICIPIO-DE-QUILMES-INICIO-LA-CAMPANA-DE-VACUNACION-ANTIGRIPAL-PARA-LA-POBLACION-DESTINATARIA-3.jpg","type":"image\/jpeg"}],"author":"Hern\u00e1n L\u00f3pez","twitter_card":"summary_large_image","twitter_misc":{"Escrito por":"Hern\u00e1n L\u00f3pez","Tiempo de lectura":"2 minutos"},"schema":{"@context":"https:\/\/schema.org","@graph":[{"@type":"Article","@id":"https:\/\/diarioprincipios.com\/index.php\/2023\/03\/29\/campana-de-vacunacion-antigripal\/#article","isPartOf":{"@id":"https:\/\/diarioprincipios.com\/index.php\/2023\/03\/29\/campana-de-vacunacion-antigripal\/"},"author":{"name":"Hern\u00e1n L\u00f3pez","@id":"https:\/\/diarioprincipios.com\/#\/schema\/person\/436d5a1fd41a5e250e23ff5a6a7cb080"},"headline":"Campa\u00f1a de Vacunaci\u00f3n Antigripal","datePublished":"2023-03-29T14:55:33+00:00","dateModified":"2023-03-31T19:04:46+00:00","mainEntityOfPage":{"@id":"https:\/\/diarioprincipios.com\/index.php\/2023\/03\/29\/campana-de-vacunacion-antigripal\/"},"wordCount":424,"commentCount":0,"publisher":{"@id":"https:\/\/diarioprincipios.com\/#organization"},"image":{"@id":"https:\/\/diarioprincipios.com\/index.php\/2023\/03\/29\/campana-de-vacunacion-antigripal\/#primaryimage"},"thumbnailUrl":"https:\/\/diarioprincipios.com\/wp-content\/uploads\/2023\/03\/EL-MUNICIPIO-DE-QUILMES-INICIO-LA-CAMPANA-DE-VACUNACION-ANTIGRIPAL-PARA-LA-POBLACION-DESTINATARIA-3.jpg","articleSection":["Quilmes"],"inLanguage":"es","potentialAction":[{"@type":"CommentAction","name":"Comment","target":["https:\/\/diarioprincipios.com\/index.php\/2023\/03\/29\/campana-de-vacunacion-antigripal\/#respond"]}]},{"@type":"WebPage","@id":"https:\/\/diarioprincipios.com\/index.php\/2023\/03\/29\/campana-de-vacunacion-antigripal\/","url":"https:\/\/diarioprincipios.com\/index.php\/2023\/03\/29\/campana-de-vacunacion-antigripal\/","name":"Campa\u00f1a de Vacunaci\u00f3n Antigripal - Principios","isPartOf":{"@id":"https:\/\/diarioprincipios.com\/#website"},"primaryImageOfPage":{"@id":"https:\/\/diarioprincipios.com\/index.php\/2023\/03\/29\/campana-de-vacunacion-antigripal\/#primaryimage"},"image":{"@id":"https:\/\/diarioprincipios.com\/index.php\/2023\/03\/29\/campana-de-vacunacion-antigripal\/#primaryimage"},"thumbnailUrl":"https:\/\/diarioprincipios.com\/wp-content\/uploads\/2023\/03\/EL-MUNICIPIO-DE-QUILMES-INICIO-LA-CAMPANA-DE-VACUNACION-ANTIGRIPAL-PARA-LA-POBLACION-DESTINATARIA-3.jpg","datePublished":"2023-03-29T14:55:33+00:00","dateModified":"2023-03-31T19:04:46+00:00","breadcrumb":{"@id":"https:\/\/diarioprincipios.com\/index.php\/2023\/03\/29\/campana-de-vacunacion-antigripal\/#breadcrumb"},"inLanguage":"es","potentialAction":[{"@type":"ReadAction","target":["https:\/\/diarioprincipios.com\/index.php\/2023\/03\/29\/campana-de-vacunacion-antigripal\/"]}]},{"@type":"ImageObject","inLanguage":"es","@id":"https:\/\/diarioprincipios.com\/index.php\/2023\/03\/29\/campana-de-vacunacion-antigripal\/#primaryimage","url":"https:\/\/diarioprincipios.com\/wp-content\/uploads\/2023\/03\/EL-MUNICIPIO-DE-QUILMES-INICIO-LA-CAMPANA-DE-VACUNACION-ANTIGRIPAL-PARA-LA-POBLACION-DESTINATARIA-3.jpg","contentUrl":"https:\/\/diarioprincipios.com\/wp-content\/uploads\/2023\/03\/EL-MUNICIPIO-DE-QUILMES-INICIO-LA-CAMPANA-DE-VACUNACION-ANTIGRIPAL-PARA-LA-POBLACION-DESTINATARIA-3.jpg","width":1280,"height":1031},{"@type":"BreadcrumbList","@id":"https:\/\/diarioprincipios.com\/index.php\/2023\/03\/29\/campana-de-vacunacion-antigripal\/#breadcrumb","itemListElement":[{"@type":"ListItem","position":1,"name":"Portada","item":"https:\/\/diarioprincipios.com\/"},{"@type":"ListItem","position":2,"name":"Campa\u00f1a de Vacunaci\u00f3n Antigripal"}]},{"@type":"WebSite","@id":"https:\/\/diarioprincipios.com\/#website","url":"https:\/\/diarioprincipios.com\/","name":"Principios","description":"Principios Diario","publisher":{"@id":"https:\/\/diarioprincipios.com\/#organization"},"potentialAction":[{"@type":"SearchAction","target":{"@type":"EntryPoint","urlTemplate":"https:\/\/diarioprincipios.com\/?s={search_term_string}"},"query-input":{"@type":"PropertyValueSpecification","valueRequired":true,"valueName":"search_term_string"}}],"inLanguage":"es"},{"@type":"Organization","@id":"https:\/\/diarioprincipios.com\/#organization","name":"Principios","url":"https:\/\/diarioprincipios.com\/","logo":{"@type":"ImageObject","inLanguage":"es","@id":"https:\/\/diarioprincipios.com\/#\/schema\/logo\/image\/","url":"https:\/\/diarioprincipios.com\/wp-content\/uploads\/2024\/04\/cropped-www.diarioprincipios.com_-1.png","contentUrl":"https:\/\/diarioprincipios.com\/wp-content\/uploads\/2024\/04\/cropped-www.diarioprincipios.com_-1.png","width":5325,"height":1454,"caption":"Principios"},"image":{"@id":"https:\/\/diarioprincipios.com\/#\/schema\/logo\/image\/"}},{"@type":"Person","@id":"https:\/\/diarioprincipios.com\/#\/schema\/person\/436d5a1fd41a5e250e23ff5a6a7cb080","name":"Hern\u00e1n L\u00f3pez","image":{"@type":"ImageObject","inLanguage":"es","@id":"https:\/\/diarioprincipios.com\/wp-content\/litespeed\/avatar\/11ddfe5610ff3bd100522525b2571f48.jpg?ver=1777653193","url":"https:\/\/diarioprincipios.com\/wp-content\/litespeed\/avatar\/11ddfe5610ff3bd100522525b2571f48.jpg?ver=1777653193","contentUrl":"https:\/\/diarioprincipios.com\/wp-content\/litespeed\/avatar\/11ddfe5610ff3bd100522525b2571f48.jpg?ver=1777653193","caption":"Hern\u00e1n L\u00f3pez"},"url":"https:\/\/diarioprincipios.com\/index.php\/author\/hernan\/"}]}},"jetpack_featured_media_url":"https:\/\/diarioprincipios.com\/wp-content\/uploads\/2023\/03\/EL-MUNICIPIO-DE-QUILMES-INICIO-LA-CAMPANA-DE-VACUNACION-ANTIGRIPAL-PARA-LA-POBLACION-DESTINATARIA-3.jpg","_links":{"self":[{"href":"https:\/\/diarioprincipios.com\/index.php\/wp-json\/wp\/v2\/posts\/16342","targetHints":{"allow":["GET"]}}],"collection":[{"href":"https:\/\/diarioprincipios.com\/index.php\/wp-json\/wp\/v2\/posts"}],"about":[{"href":"https:\/\/diarioprincipios.com\/index.php\/wp-json\/wp\/v2\/types\/post"}],"author":[{"embeddable":true,"href":"https:\/\/diarioprincipios.com\/index.php\/wp-json\/wp\/v2\/users\/2"}],"replies":[{"embeddable":true,"href":"https:\/\/diarioprincipios.com\/index.php\/wp-json\/wp\/v2\/comments?post=16342"}],"version-history":[{"count":1,"href":"https:\/\/diarioprincipios.com\/index.php\/wp-json\/wp\/v2\/posts\/16342\/revisions"}],"predecessor-version":[{"id":16344,"href":"https:\/\/diarioprincipios.com\/index.php\/wp-json\/wp\/v2\/posts\/16342\/revisions\/16344"}],"wp:featuredmedia":[{"embeddable":true,"href":"https:\/\/diarioprincipios.com\/index.php\/wp-json\/wp\/v2\/media\/16343"}],"wp:attachment":[{"href":"https:\/\/diarioprincipios.com\/index.php\/wp-json\/wp\/v2\/media?parent=16342"}],"wp:term":[{"taxonomy":"category","embeddable":true,"href":"https:\/\/diarioprincipios.com\/index.php\/wp-json\/wp\/v2\/categories?post=16342"},{"taxonomy":"post_tag","embeddable":true,"href":"https:\/\/diarioprincipios.com\/index.php\/wp-json\/wp\/v2\/tags?post=16342"}],"curies":[{"name":"wp","href":"https:\/\/api.w.org\/{rel}","templated":true}]}}