{"id":16324,"date":"2023-03-28T10:37:36","date_gmt":"2023-03-28T13:37:36","guid":{"rendered":"http:\/\/diarioprincipios.com\/?p=16324"},"modified":"2023-03-31T15:59:27","modified_gmt":"2023-03-31T18:59:27","slug":"realizan-jornadas-de-asesoramiento-para-personas-en-edad-jubilatoria","status":"publish","type":"post","link":"https:\/\/diarioprincipios.com\/index.php\/2023\/03\/28\/realizan-jornadas-de-asesoramiento-para-personas-en-edad-jubilatoria\/","title":{"rendered":"Realizan Jornadas de Asesoramiento para personas en Edad Jubilatoria"},"content":{"rendered":"\n<p>El Municipio de Quilmes inform\u00f3 que en el marco del nuevo Plan de Pago de Deuda Provisional, brindar\u00e1 junto a ANSES, jornadas de asesoramiento en distintos puntos del distrito para que aquellas personas que se encuentren en edad jubilatoria y no llegan a cumplir con los 30 a\u00f1os de aportes puedan acceder a una jubilaci\u00f3n.<\/p>\n\n\n\n<p>Las mismas se realizar\u00e1n en los siguientes lugares, d\u00edas y horarios:<br>-Mi\u00e9rcoles 29\/3 desde las 15 en Centro Integrador Comunitario (CIC) La Paz ubicado en Calle 892 esq. 802, Quilmes Oeste.<br>-Viernes 31\/3 a partir de las 15 en el Centro de Jubilados \u201cMar de J\u00f3venes\u201d (Avenida Rep\u00fablica de Francia 85, Ezpeleta<br>&#8211; S\u00e1bado 1\/4 a las 10 en Centro de Gesti\u00f3n y Participaci\u00f3n Ciudadana (CGyPC) con sede en en Camino General Belgrano 1049, Bernal Oeste.<\/p>\n\n\n\n<p>Las jornadas est\u00e1n dirigidas a las mujeres de 60 a\u00f1os o m\u00e1s y varones de 65 a\u00f1os o m\u00e1s que ya alcanzaron la edad jubilatoria; y tambi\u00e9n a las mujeres de entre 50 y 59 a\u00f1os y varones de 55 a 64 a\u00f1os que ya saben que al cumplir la edad para jubilarse no contar\u00e1n con los 30 a\u00f1os de aportes.<\/p>\n\n\n\n<p>El objetivo de estos encuentros informativos es que los vecinos y las vecinas puedan llevar a cabo el tr\u00e1mite por sus propios medios, en forma totalmente gratuita, sin la intermediaci\u00f3n de gestores o abogados. Y tambi\u00e9n<\/p>\n\n\n\n<p>Esta nueva Ley, adem\u00e1s, va a brindar la posibilidad de adquirir los a\u00f1os de aportes faltantes a lo largo de toda la trayectoria laboral e ir pag\u00e1ndolos ya jubilado. A su vez, en las personas que a\u00fan no llegaron a la edad jubilatoria permite detectar per\u00edodos de aportes faltantes e ir abon\u00e1ndolos para que cuando llegue la edad de jubilaci\u00f3n no tengan que pagar nada o en su defecto pagar menos.<\/p>\n\n\n\n<p>\u201cEn Quilmes tenemos alrededor de 10.500 personas que est\u00e1n en edad de jubilarse y que van a poder acceder a esta moratoria. A nosotros como organismo nacional nos sirve much\u00edsimo articular con Participaci\u00f3n Ciudadana y los diferentes esquemas territoriales que tiene la Municipalidad de Quilmes para tener un alcance mayor y salir a buscar a aquellas personas que no pueden enterarse a trav\u00e9s de las redes o los medios de comunicaci\u00f3n porque no tienen celular o conectividad, o quiz\u00e1s son m\u00e1s reacios a esa forma de informarse. De manera presencial, personal y con los puertas a puertas que hacemos nos facilitan mucho la llegada para que no caigan as\u00ed en gestores\u201d, expres\u00f3 al respecto de las jornadas la titular de ANSES de San Francisco Solano, Florencia Hern\u00e1ndez.<\/p>\n","protected":false},"excerpt":{"rendered":"<p>El Municipio de Quilmes inform\u00f3 que en el marco del nuevo Plan de Pago de Deuda Provisional, brindar\u00e1 junto a ANSES, jornadas de asesoramiento en distintos puntos del distrito para que aquellas personas que se encuentren en edad jubilatoria y no llegan a cumplir con los 30 a\u00f1os de aportes puedan acceder a una jubilaci\u00f3n&#8230;.<\/p>\n","protected":false},"author":2,"featured_media":16325,"comment_status":"open","ping_status":"open","sticky":false,"template":"","format":"standard","meta":{"footnotes":""},"categories":[4],"tags":[],"class_list":["post-16324","post","type-post","status-publish","format-standard","has-post-thumbnail","hentry","category-quilmes"],"featured_image_src":"https:\/\/diarioprincipios.com\/wp-content\/uploads\/2023\/03\/an-1.jpg","blog_images":{"medium":"https:\/\/diarioprincipios.com\/wp-content\/uploads\/2023\/03\/an-1-300x200.jpg","large":"https:\/\/diarioprincipios.com\/wp-content\/uploads\/2023\/03\/an-1.jpg"},"ams_acf":[],"yoast_head":"<!-- This site is optimized with the Yoast SEO plugin v27.3 - https:\/\/yoast.com\/product\/yoast-seo-wordpress\/ -->\n<title>Realizan Jornadas de Asesoramiento para personas en Edad Jubilatoria - Principios<\/title>\n<meta name=\"robots\" content=\"index, follow, max-snippet:-1, max-image-preview:large, max-video-preview:-1\" \/>\n<link rel=\"canonical\" href=\"https:\/\/diarioprincipios.com\/index.php\/2023\/03\/28\/realizan-jornadas-de-asesoramiento-para-personas-en-edad-jubilatoria\/\" \/>\n<meta property=\"og:locale\" content=\"es_ES\" \/>\n<meta property=\"og:type\" content=\"article\" \/>\n<meta property=\"og:title\" content=\"Realizan Jornadas de Asesoramiento para personas en Edad Jubilatoria - Principios\" \/>\n<meta property=\"og:description\" content=\"El Municipio de Quilmes inform\u00f3 que en el marco del nuevo Plan de Pago de Deuda Provisional, brindar\u00e1 junto a ANSES, jornadas de asesoramiento en distintos puntos del distrito para que aquellas personas que se encuentren en edad jubilatoria y no llegan a cumplir con los 30 a\u00f1os de aportes puedan acceder a una jubilaci\u00f3n....\" \/>\n<meta property=\"og:url\" content=\"https:\/\/diarioprincipios.com\/index.php\/2023\/03\/28\/realizan-jornadas-de-asesoramiento-para-personas-en-edad-jubilatoria\/\" \/>\n<meta property=\"og:site_name\" content=\"Principios\" \/>\n<meta property=\"article:published_time\" content=\"2023-03-28T13:37:36+00:00\" \/>\n<meta property=\"article:modified_time\" content=\"2023-03-31T18:59:27+00:00\" \/>\n<meta property=\"og:image\" content=\"https:\/\/diarioprincipios.com\/wp-content\/uploads\/2023\/03\/an-1.jpg\" \/>\n\t<meta property=\"og:image:width\" content=\"1024\" \/>\n\t<meta property=\"og:image:height\" content=\"682\" \/>\n\t<meta property=\"og:image:type\" content=\"image\/jpeg\" \/>\n<meta name=\"author\" content=\"Hern\u00e1n L\u00f3pez\" \/>\n<meta name=\"twitter:card\" content=\"summary_large_image\" \/>\n<meta name=\"twitter:label1\" content=\"Escrito por\" \/>\n\t<meta name=\"twitter:data1\" content=\"Hern\u00e1n L\u00f3pez\" \/>\n\t<meta name=\"twitter:label2\" content=\"Tiempo de lectura\" \/>\n\t<meta name=\"twitter:data2\" content=\"2 minutos\" \/>\n<script type=\"application\/ld+json\" class=\"yoast-schema-graph\">{\"@context\":\"https:\\\/\\\/schema.org\",\"@graph\":[{\"@type\":\"Article\",\"@id\":\"https:\\\/\\\/diarioprincipios.com\\\/index.php\\\/2023\\\/03\\\/28\\\/realizan-jornadas-de-asesoramiento-para-personas-en-edad-jubilatoria\\\/#article\",\"isPartOf\":{\"@id\":\"https:\\\/\\\/diarioprincipios.com\\\/index.php\\\/2023\\\/03\\\/28\\\/realizan-jornadas-de-asesoramiento-para-personas-en-edad-jubilatoria\\\/\"},\"author\":{\"name\":\"Hern\u00e1n L\u00f3pez\",\"@id\":\"https:\\\/\\\/diarioprincipios.com\\\/#\\\/schema\\\/person\\\/436d5a1fd41a5e250e23ff5a6a7cb080\"},\"headline\":\"Realizan Jornadas de Asesoramiento para personas en Edad Jubilatoria\",\"datePublished\":\"2023-03-28T13:37:36+00:00\",\"dateModified\":\"2023-03-31T18:59:27+00:00\",\"mainEntityOfPage\":{\"@id\":\"https:\\\/\\\/diarioprincipios.com\\\/index.php\\\/2023\\\/03\\\/28\\\/realizan-jornadas-de-asesoramiento-para-personas-en-edad-jubilatoria\\\/\"},\"wordCount\":453,\"commentCount\":0,\"publisher\":{\"@id\":\"https:\\\/\\\/diarioprincipios.com\\\/#organization\"},\"image\":{\"@id\":\"https:\\\/\\\/diarioprincipios.com\\\/index.php\\\/2023\\\/03\\\/28\\\/realizan-jornadas-de-asesoramiento-para-personas-en-edad-jubilatoria\\\/#primaryimage\"},\"thumbnailUrl\":\"https:\\\/\\\/diarioprincipios.com\\\/wp-content\\\/uploads\\\/2023\\\/03\\\/an-1.jpg\",\"articleSection\":[\"Quilmes\"],\"inLanguage\":\"es\",\"potentialAction\":[{\"@type\":\"CommentAction\",\"name\":\"Comment\",\"target\":[\"https:\\\/\\\/diarioprincipios.com\\\/index.php\\\/2023\\\/03\\\/28\\\/realizan-jornadas-de-asesoramiento-para-personas-en-edad-jubilatoria\\\/#respond\"]}]},{\"@type\":\"WebPage\",\"@id\":\"https:\\\/\\\/diarioprincipios.com\\\/index.php\\\/2023\\\/03\\\/28\\\/realizan-jornadas-de-asesoramiento-para-personas-en-edad-jubilatoria\\\/\",\"url\":\"https:\\\/\\\/diarioprincipios.com\\\/index.php\\\/2023\\\/03\\\/28\\\/realizan-jornadas-de-asesoramiento-para-personas-en-edad-jubilatoria\\\/\",\"name\":\"Realizan Jornadas de Asesoramiento para personas en Edad Jubilatoria - Principios\",\"isPartOf\":{\"@id\":\"https:\\\/\\\/diarioprincipios.com\\\/#website\"},\"primaryImageOfPage\":{\"@id\":\"https:\\\/\\\/diarioprincipios.com\\\/index.php\\\/2023\\\/03\\\/28\\\/realizan-jornadas-de-asesoramiento-para-personas-en-edad-jubilatoria\\\/#primaryimage\"},\"image\":{\"@id\":\"https:\\\/\\\/diarioprincipios.com\\\/index.php\\\/2023\\\/03\\\/28\\\/realizan-jornadas-de-asesoramiento-para-personas-en-edad-jubilatoria\\\/#primaryimage\"},\"thumbnailUrl\":\"https:\\\/\\\/diarioprincipios.com\\\/wp-content\\\/uploads\\\/2023\\\/03\\\/an-1.jpg\",\"datePublished\":\"2023-03-28T13:37:36+00:00\",\"dateModified\":\"2023-03-31T18:59:27+00:00\",\"breadcrumb\":{\"@id\":\"https:\\\/\\\/diarioprincipios.com\\\/index.php\\\/2023\\\/03\\\/28\\\/realizan-jornadas-de-asesoramiento-para-personas-en-edad-jubilatoria\\\/#breadcrumb\"},\"inLanguage\":\"es\",\"potentialAction\":[{\"@type\":\"ReadAction\",\"target\":[\"https:\\\/\\\/diarioprincipios.com\\\/index.php\\\/2023\\\/03\\\/28\\\/realizan-jornadas-de-asesoramiento-para-personas-en-edad-jubilatoria\\\/\"]}]},{\"@type\":\"ImageObject\",\"inLanguage\":\"es\",\"@id\":\"https:\\\/\\\/diarioprincipios.com\\\/index.php\\\/2023\\\/03\\\/28\\\/realizan-jornadas-de-asesoramiento-para-personas-en-edad-jubilatoria\\\/#primaryimage\",\"url\":\"https:\\\/\\\/diarioprincipios.com\\\/wp-content\\\/uploads\\\/2023\\\/03\\\/an-1.jpg\",\"contentUrl\":\"https:\\\/\\\/diarioprincipios.com\\\/wp-content\\\/uploads\\\/2023\\\/03\\\/an-1.jpg\",\"width\":1024,\"height\":682},{\"@type\":\"BreadcrumbList\",\"@id\":\"https:\\\/\\\/diarioprincipios.com\\\/index.php\\\/2023\\\/03\\\/28\\\/realizan-jornadas-de-asesoramiento-para-personas-en-edad-jubilatoria\\\/#breadcrumb\",\"itemListElement\":[{\"@type\":\"ListItem\",\"position\":1,\"name\":\"Portada\",\"item\":\"https:\\\/\\\/diarioprincipios.com\\\/\"},{\"@type\":\"ListItem\",\"position\":2,\"name\":\"Realizan Jornadas de Asesoramiento para personas en Edad Jubilatoria\"}]},{\"@type\":\"WebSite\",\"@id\":\"https:\\\/\\\/diarioprincipios.com\\\/#website\",\"url\":\"https:\\\/\\\/diarioprincipios.com\\\/\",\"name\":\"Principios\",\"description\":\"Principios Diario\",\"publisher\":{\"@id\":\"https:\\\/\\\/diarioprincipios.com\\\/#organization\"},\"potentialAction\":[{\"@type\":\"SearchAction\",\"target\":{\"@type\":\"EntryPoint\",\"urlTemplate\":\"https:\\\/\\\/diarioprincipios.com\\\/?s={search_term_string}\"},\"query-input\":{\"@type\":\"PropertyValueSpecification\",\"valueRequired\":true,\"valueName\":\"search_term_string\"}}],\"inLanguage\":\"es\"},{\"@type\":\"Organization\",\"@id\":\"https:\\\/\\\/diarioprincipios.com\\\/#organization\",\"name\":\"Principios\",\"url\":\"https:\\\/\\\/diarioprincipios.com\\\/\",\"logo\":{\"@type\":\"ImageObject\",\"inLanguage\":\"es\",\"@id\":\"https:\\\/\\\/diarioprincipios.com\\\/#\\\/schema\\\/logo\\\/image\\\/\",\"url\":\"https:\\\/\\\/diarioprincipios.com\\\/wp-content\\\/uploads\\\/2024\\\/04\\\/cropped-www.diarioprincipios.com_-1.png\",\"contentUrl\":\"https:\\\/\\\/diarioprincipios.com\\\/wp-content\\\/uploads\\\/2024\\\/04\\\/cropped-www.diarioprincipios.com_-1.png\",\"width\":5325,\"height\":1454,\"caption\":\"Principios\"},\"image\":{\"@id\":\"https:\\\/\\\/diarioprincipios.com\\\/#\\\/schema\\\/logo\\\/image\\\/\"}},{\"@type\":\"Person\",\"@id\":\"https:\\\/\\\/diarioprincipios.com\\\/#\\\/schema\\\/person\\\/436d5a1fd41a5e250e23ff5a6a7cb080\",\"name\":\"Hern\u00e1n L\u00f3pez\",\"image\":{\"@type\":\"ImageObject\",\"inLanguage\":\"es\",\"@id\":\"https:\\\/\\\/diarioprincipios.com\\\/wp-content\\\/litespeed\\\/avatar\\\/11ddfe5610ff3bd100522525b2571f48.jpg?ver=1777048341\",\"url\":\"https:\\\/\\\/diarioprincipios.com\\\/wp-content\\\/litespeed\\\/avatar\\\/11ddfe5610ff3bd100522525b2571f48.jpg?ver=1777048341\",\"contentUrl\":\"https:\\\/\\\/diarioprincipios.com\\\/wp-content\\\/litespeed\\\/avatar\\\/11ddfe5610ff3bd100522525b2571f48.jpg?ver=1777048341\",\"caption\":\"Hern\u00e1n L\u00f3pez\"},\"url\":\"https:\\\/\\\/diarioprincipios.com\\\/index.php\\\/author\\\/hernan\\\/\"}]}<\/script>\n<!-- \/ Yoast SEO plugin. -->","yoast_head_json":{"title":"Realizan Jornadas de Asesoramiento para personas en Edad Jubilatoria - Principios","robots":{"index":"index","follow":"follow","max-snippet":"max-snippet:-1","max-image-preview":"max-image-preview:large","max-video-preview":"max-video-preview:-1"},"canonical":"https:\/\/diarioprincipios.com\/index.php\/2023\/03\/28\/realizan-jornadas-de-asesoramiento-para-personas-en-edad-jubilatoria\/","og_locale":"es_ES","og_type":"article","og_title":"Realizan Jornadas de Asesoramiento para personas en Edad Jubilatoria - Principios","og_description":"El Municipio de Quilmes inform\u00f3 que en el marco del nuevo Plan de Pago de Deuda Provisional, brindar\u00e1 junto a ANSES, jornadas de asesoramiento en distintos puntos del distrito para que aquellas personas que se encuentren en edad jubilatoria y no llegan a cumplir con los 30 a\u00f1os de aportes puedan acceder a una jubilaci\u00f3n....","og_url":"https:\/\/diarioprincipios.com\/index.php\/2023\/03\/28\/realizan-jornadas-de-asesoramiento-para-personas-en-edad-jubilatoria\/","og_site_name":"Principios","article_published_time":"2023-03-28T13:37:36+00:00","article_modified_time":"2023-03-31T18:59:27+00:00","og_image":[{"width":1024,"height":682,"url":"https:\/\/diarioprincipios.com\/wp-content\/uploads\/2023\/03\/an-1.jpg","type":"image\/jpeg"}],"author":"Hern\u00e1n L\u00f3pez","twitter_card":"summary_large_image","twitter_misc":{"Escrito por":"Hern\u00e1n L\u00f3pez","Tiempo de lectura":"2 minutos"},"schema":{"@context":"https:\/\/schema.org","@graph":[{"@type":"Article","@id":"https:\/\/diarioprincipios.com\/index.php\/2023\/03\/28\/realizan-jornadas-de-asesoramiento-para-personas-en-edad-jubilatoria\/#article","isPartOf":{"@id":"https:\/\/diarioprincipios.com\/index.php\/2023\/03\/28\/realizan-jornadas-de-asesoramiento-para-personas-en-edad-jubilatoria\/"},"author":{"name":"Hern\u00e1n L\u00f3pez","@id":"https:\/\/diarioprincipios.com\/#\/schema\/person\/436d5a1fd41a5e250e23ff5a6a7cb080"},"headline":"Realizan Jornadas de Asesoramiento para personas en Edad Jubilatoria","datePublished":"2023-03-28T13:37:36+00:00","dateModified":"2023-03-31T18:59:27+00:00","mainEntityOfPage":{"@id":"https:\/\/diarioprincipios.com\/index.php\/2023\/03\/28\/realizan-jornadas-de-asesoramiento-para-personas-en-edad-jubilatoria\/"},"wordCount":453,"commentCount":0,"publisher":{"@id":"https:\/\/diarioprincipios.com\/#organization"},"image":{"@id":"https:\/\/diarioprincipios.com\/index.php\/2023\/03\/28\/realizan-jornadas-de-asesoramiento-para-personas-en-edad-jubilatoria\/#primaryimage"},"thumbnailUrl":"https:\/\/diarioprincipios.com\/wp-content\/uploads\/2023\/03\/an-1.jpg","articleSection":["Quilmes"],"inLanguage":"es","potentialAction":[{"@type":"CommentAction","name":"Comment","target":["https:\/\/diarioprincipios.com\/index.php\/2023\/03\/28\/realizan-jornadas-de-asesoramiento-para-personas-en-edad-jubilatoria\/#respond"]}]},{"@type":"WebPage","@id":"https:\/\/diarioprincipios.com\/index.php\/2023\/03\/28\/realizan-jornadas-de-asesoramiento-para-personas-en-edad-jubilatoria\/","url":"https:\/\/diarioprincipios.com\/index.php\/2023\/03\/28\/realizan-jornadas-de-asesoramiento-para-personas-en-edad-jubilatoria\/","name":"Realizan Jornadas de Asesoramiento para personas en Edad Jubilatoria - Principios","isPartOf":{"@id":"https:\/\/diarioprincipios.com\/#website"},"primaryImageOfPage":{"@id":"https:\/\/diarioprincipios.com\/index.php\/2023\/03\/28\/realizan-jornadas-de-asesoramiento-para-personas-en-edad-jubilatoria\/#primaryimage"},"image":{"@id":"https:\/\/diarioprincipios.com\/index.php\/2023\/03\/28\/realizan-jornadas-de-asesoramiento-para-personas-en-edad-jubilatoria\/#primaryimage"},"thumbnailUrl":"https:\/\/diarioprincipios.com\/wp-content\/uploads\/2023\/03\/an-1.jpg","datePublished":"2023-03-28T13:37:36+00:00","dateModified":"2023-03-31T18:59:27+00:00","breadcrumb":{"@id":"https:\/\/diarioprincipios.com\/index.php\/2023\/03\/28\/realizan-jornadas-de-asesoramiento-para-personas-en-edad-jubilatoria\/#breadcrumb"},"inLanguage":"es","potentialAction":[{"@type":"ReadAction","target":["https:\/\/diarioprincipios.com\/index.php\/2023\/03\/28\/realizan-jornadas-de-asesoramiento-para-personas-en-edad-jubilatoria\/"]}]},{"@type":"ImageObject","inLanguage":"es","@id":"https:\/\/diarioprincipios.com\/index.php\/2023\/03\/28\/realizan-jornadas-de-asesoramiento-para-personas-en-edad-jubilatoria\/#primaryimage","url":"https:\/\/diarioprincipios.com\/wp-content\/uploads\/2023\/03\/an-1.jpg","contentUrl":"https:\/\/diarioprincipios.com\/wp-content\/uploads\/2023\/03\/an-1.jpg","width":1024,"height":682},{"@type":"BreadcrumbList","@id":"https:\/\/diarioprincipios.com\/index.php\/2023\/03\/28\/realizan-jornadas-de-asesoramiento-para-personas-en-edad-jubilatoria\/#breadcrumb","itemListElement":[{"@type":"ListItem","position":1,"name":"Portada","item":"https:\/\/diarioprincipios.com\/"},{"@type":"ListItem","position":2,"name":"Realizan Jornadas de Asesoramiento para personas en Edad Jubilatoria"}]},{"@type":"WebSite","@id":"https:\/\/diarioprincipios.com\/#website","url":"https:\/\/diarioprincipios.com\/","name":"Principios","description":"Principios Diario","publisher":{"@id":"https:\/\/diarioprincipios.com\/#organization"},"potentialAction":[{"@type":"SearchAction","target":{"@type":"EntryPoint","urlTemplate":"https:\/\/diarioprincipios.com\/?s={search_term_string}"},"query-input":{"@type":"PropertyValueSpecification","valueRequired":true,"valueName":"search_term_string"}}],"inLanguage":"es"},{"@type":"Organization","@id":"https:\/\/diarioprincipios.com\/#organization","name":"Principios","url":"https:\/\/diarioprincipios.com\/","logo":{"@type":"ImageObject","inLanguage":"es","@id":"https:\/\/diarioprincipios.com\/#\/schema\/logo\/image\/","url":"https:\/\/diarioprincipios.com\/wp-content\/uploads\/2024\/04\/cropped-www.diarioprincipios.com_-1.png","contentUrl":"https:\/\/diarioprincipios.com\/wp-content\/uploads\/2024\/04\/cropped-www.diarioprincipios.com_-1.png","width":5325,"height":1454,"caption":"Principios"},"image":{"@id":"https:\/\/diarioprincipios.com\/#\/schema\/logo\/image\/"}},{"@type":"Person","@id":"https:\/\/diarioprincipios.com\/#\/schema\/person\/436d5a1fd41a5e250e23ff5a6a7cb080","name":"Hern\u00e1n L\u00f3pez","image":{"@type":"ImageObject","inLanguage":"es","@id":"https:\/\/diarioprincipios.com\/wp-content\/litespeed\/avatar\/11ddfe5610ff3bd100522525b2571f48.jpg?ver=1777048341","url":"https:\/\/diarioprincipios.com\/wp-content\/litespeed\/avatar\/11ddfe5610ff3bd100522525b2571f48.jpg?ver=1777048341","contentUrl":"https:\/\/diarioprincipios.com\/wp-content\/litespeed\/avatar\/11ddfe5610ff3bd100522525b2571f48.jpg?ver=1777048341","caption":"Hern\u00e1n L\u00f3pez"},"url":"https:\/\/diarioprincipios.com\/index.php\/author\/hernan\/"}]}},"jetpack_featured_media_url":"https:\/\/diarioprincipios.com\/wp-content\/uploads\/2023\/03\/an-1.jpg","_links":{"self":[{"href":"https:\/\/diarioprincipios.com\/index.php\/wp-json\/wp\/v2\/posts\/16324","targetHints":{"allow":["GET"]}}],"collection":[{"href":"https:\/\/diarioprincipios.com\/index.php\/wp-json\/wp\/v2\/posts"}],"about":[{"href":"https:\/\/diarioprincipios.com\/index.php\/wp-json\/wp\/v2\/types\/post"}],"author":[{"embeddable":true,"href":"https:\/\/diarioprincipios.com\/index.php\/wp-json\/wp\/v2\/users\/2"}],"replies":[{"embeddable":true,"href":"https:\/\/diarioprincipios.com\/index.php\/wp-json\/wp\/v2\/comments?post=16324"}],"version-history":[{"count":1,"href":"https:\/\/diarioprincipios.com\/index.php\/wp-json\/wp\/v2\/posts\/16324\/revisions"}],"predecessor-version":[{"id":16326,"href":"https:\/\/diarioprincipios.com\/index.php\/wp-json\/wp\/v2\/posts\/16324\/revisions\/16326"}],"wp:featuredmedia":[{"embeddable":true,"href":"https:\/\/diarioprincipios.com\/index.php\/wp-json\/wp\/v2\/media\/16325"}],"wp:attachment":[{"href":"https:\/\/diarioprincipios.com\/index.php\/wp-json\/wp\/v2\/media?parent=16324"}],"wp:term":[{"taxonomy":"category","embeddable":true,"href":"https:\/\/diarioprincipios.com\/index.php\/wp-json\/wp\/v2\/categories?post=16324"},{"taxonomy":"post_tag","embeddable":true,"href":"https:\/\/diarioprincipios.com\/index.php\/wp-json\/wp\/v2\/tags?post=16324"}],"curies":[{"name":"wp","href":"https:\/\/api.w.org\/{rel}","templated":true}]}}