{"id":16316,"date":"2023-03-27T21:30:17","date_gmt":"2023-03-28T00:30:17","guid":{"rendered":"http:\/\/diarioprincipios.com\/?p=16316"},"modified":"2023-03-31T15:59:21","modified_gmt":"2023-03-31T18:59:21","slug":"gran-encuentro-por-el-dia-internacional-de-la-mujer-organizado-por-la-asociacion-de-voley","status":"publish","type":"post","link":"https:\/\/diarioprincipios.com\/index.php\/2023\/03\/27\/gran-encuentro-por-el-dia-internacional-de-la-mujer-organizado-por-la-asociacion-de-voley\/","title":{"rendered":"Gran Encuentro por el D\u00eda Internacional de la Mujer organizado por la Asociaci\u00f3n de Voley"},"content":{"rendered":"\n<p><strong>El domingo 26 de marzo se realiz\u00f3 un encuentro por el D\u00eda Internacional de la Mujer, organizado por la Asociaci\u00f3n de V\u00f3ley Capital Nacional del Vidrio. En el complejo Cristal (calle 361 y 315) estuvo el intendente de Berazategui, Juan Jos\u00e9 Mussi, que recorri\u00f3 las distintas actividades.<\/strong><\/p>\n\n\n\n<figure class=\"wp-block-image size-large\"><img loading=\"lazy\" decoding=\"async\" width=\"1024\" height=\"686\" src=\"https:\/\/diarioprincipios.com\/wp-content\/uploads\/2023\/03\/Screenshot_20230327-211912_Yahoo-Mail-1024x686.jpg\" alt=\"\" class=\"wp-image-16317\" srcset=\"https:\/\/diarioprincipios.com\/wp-content\/uploads\/2023\/03\/Screenshot_20230327-211912_Yahoo-Mail-1024x686.jpg 1024w, https:\/\/diarioprincipios.com\/wp-content\/uploads\/2023\/03\/Screenshot_20230327-211912_Yahoo-Mail-300x201.jpg 300w, https:\/\/diarioprincipios.com\/wp-content\/uploads\/2023\/03\/Screenshot_20230327-211912_Yahoo-Mail-768x514.jpg 768w, https:\/\/diarioprincipios.com\/wp-content\/uploads\/2023\/03\/Screenshot_20230327-211912_Yahoo-Mail.jpg 1063w\" sizes=\"auto, (max-width: 1024px) 100vw, 1024px\" \/><\/figure>\n\n\n\n<p>La presidenta de la Asociaci\u00f3n de V\u00f3ley Capital Nacional del Vidrio y concejal, Celia Cabrera, explic\u00f3: \u201cEstamos muy contentas por este encuentro que es para disfrutar pero tambi\u00e9n para reflexionar y debatir. Agradecemos a Juan Jos\u00e9 Mussi por acercarse y compartir con nosotras\u201d.<\/p>\n\n\n\n<figure class=\"wp-block-image size-large\"><img loading=\"lazy\" decoding=\"async\" width=\"1024\" height=\"712\" src=\"https:\/\/diarioprincipios.com\/wp-content\/uploads\/2023\/03\/Screenshot_20230327-211900_Yahoo-Mail-1024x712.jpg\" alt=\"\" class=\"wp-image-16318\" srcset=\"https:\/\/diarioprincipios.com\/wp-content\/uploads\/2023\/03\/Screenshot_20230327-211900_Yahoo-Mail-1024x712.jpg 1024w, https:\/\/diarioprincipios.com\/wp-content\/uploads\/2023\/03\/Screenshot_20230327-211900_Yahoo-Mail-300x209.jpg 300w, https:\/\/diarioprincipios.com\/wp-content\/uploads\/2023\/03\/Screenshot_20230327-211900_Yahoo-Mail-768x534.jpg 768w, https:\/\/diarioprincipios.com\/wp-content\/uploads\/2023\/03\/Screenshot_20230327-211900_Yahoo-Mail.jpg 1080w\" sizes=\"auto, (max-width: 1024px) 100vw, 1024px\" \/><\/figure>\n\n\n\n<p>Durante la jornada hubo asesoramiento legal para mujeres, actividades recreativas, emprendedoras y shows art\u00edsticos. Adem\u00e1s, estuvo Miriam Cao -hermana de un excombatiente- quien represent\u00f3 a Berazategui en \u201cLa Marat\u00f3n de las Islas\u201d. Esta es la carrera m\u00e1s austral del mundo para distancias de 42K y se desarrolla en las Islas Malvinas.<\/p>\n\n\n\n<figure class=\"wp-block-image size-large\"><img loading=\"lazy\" decoding=\"async\" width=\"1024\" height=\"772\" src=\"https:\/\/diarioprincipios.com\/wp-content\/uploads\/2023\/03\/DSC0252-1024x772.jpg\" alt=\"\" class=\"wp-image-16320\" srcset=\"https:\/\/diarioprincipios.com\/wp-content\/uploads\/2023\/03\/DSC0252-1024x772.jpg 1024w, https:\/\/diarioprincipios.com\/wp-content\/uploads\/2023\/03\/DSC0252-300x226.jpg 300w, https:\/\/diarioprincipios.com\/wp-content\/uploads\/2023\/03\/DSC0252-768x579.jpg 768w, https:\/\/diarioprincipios.com\/wp-content\/uploads\/2023\/03\/DSC0252-1536x1157.jpg 1536w, https:\/\/diarioprincipios.com\/wp-content\/uploads\/2023\/03\/DSC0252-2048x1543.jpg 2048w\" sizes=\"auto, (max-width: 1024px) 100vw, 1024px\" \/><\/figure>\n\n\n\n<p>Por este motivo, el Intendente -en nombre de la Asociaci\u00f3n de V\u00f3ley- le entreg\u00f3 a Cao un trofeo en reconocimiento a su participaci\u00f3n en la competencia.<\/p>\n\n\n\n<figure class=\"wp-block-image size-large\"><img loading=\"lazy\" decoding=\"async\" width=\"1024\" height=\"698\" src=\"https:\/\/diarioprincipios.com\/wp-content\/uploads\/2023\/03\/Screenshot_20230327-211847_Yahoo-Mail-1024x698.jpg\" alt=\"\" class=\"wp-image-16319\" srcset=\"https:\/\/diarioprincipios.com\/wp-content\/uploads\/2023\/03\/Screenshot_20230327-211847_Yahoo-Mail-1024x698.jpg 1024w, https:\/\/diarioprincipios.com\/wp-content\/uploads\/2023\/03\/Screenshot_20230327-211847_Yahoo-Mail-300x205.jpg 300w, https:\/\/diarioprincipios.com\/wp-content\/uploads\/2023\/03\/Screenshot_20230327-211847_Yahoo-Mail-768x524.jpg 768w, https:\/\/diarioprincipios.com\/wp-content\/uploads\/2023\/03\/Screenshot_20230327-211847_Yahoo-Mail.jpg 1063w\" sizes=\"auto, (max-width: 1024px) 100vw, 1024px\" \/><\/figure>\n\n\n\n<p>\u201cFeliz de poder estar en este encuentro donde las mujeres conmemoran su d\u00eda y, tambi\u00e9n, de recibir un reconocimiento por haber estado una vez m\u00e1s en las Islas en representaci\u00f3n de Berazategui, ciudad malvinera\u201d, expres\u00f3 Cao.<\/p>\n\n\n\n<figure class=\"wp-block-image size-large\"><img loading=\"lazy\" decoding=\"async\" width=\"1024\" height=\"872\" src=\"https:\/\/diarioprincipios.com\/wp-content\/uploads\/2023\/03\/DSC0246-1024x872.jpg\" alt=\"\" class=\"wp-image-16321\" srcset=\"https:\/\/diarioprincipios.com\/wp-content\/uploads\/2023\/03\/DSC0246-1024x872.jpg 1024w, https:\/\/diarioprincipios.com\/wp-content\/uploads\/2023\/03\/DSC0246-300x255.jpg 300w, https:\/\/diarioprincipios.com\/wp-content\/uploads\/2023\/03\/DSC0246-768x654.jpg 768w, https:\/\/diarioprincipios.com\/wp-content\/uploads\/2023\/03\/DSC0246-1536x1308.jpg 1536w, https:\/\/diarioprincipios.com\/wp-content\/uploads\/2023\/03\/DSC0246-2048x1743.jpg 2048w\" sizes=\"auto, (max-width: 1024px) 100vw, 1024px\" \/><\/figure>\n\n\n\n<p>Finalmente,  Cabrera agradeci\u00f3 \u00abla presencia y el apoyo permanente del doctor Juan Jos\u00e9 Mussi  como tambi\u00e9n el trabajo incansable de todo nuestro equipo\u00bb, acotando que \u00abtambi\u00e9n debo agradecer a Horacio Valdez, otra de las personas a las que le debemos mucho y que siempre nos ha apoyado\u00bb.<\/p>\n","protected":false},"excerpt":{"rendered":"<p>El domingo 26 de marzo se realiz\u00f3 un encuentro por el D\u00eda Internacional de la Mujer, organizado por la Asociaci\u00f3n de V\u00f3ley Capital Nacional del Vidrio. En el complejo Cristal (calle 361 y 315) estuvo el intendente de Berazategui, Juan Jos\u00e9 Mussi, que recorri\u00f3 las distintas actividades. La presidenta de la Asociaci\u00f3n de V\u00f3ley Capital&#8230;<\/p>\n","protected":false},"author":2,"featured_media":16352,"comment_status":"open","ping_status":"open","sticky":false,"template":"","format":"standard","meta":{"footnotes":""},"categories":[3],"tags":[],"class_list":["post-16316","post","type-post","status-publish","format-standard","has-post-thumbnail","hentry","category-berazategui"],"featured_image_src":"https:\/\/diarioprincipios.com\/wp-content\/uploads\/2023\/03\/Screenshot_20230329-121653_Chrome.jpg","blog_images":{"medium":"https:\/\/diarioprincipios.com\/wp-content\/uploads\/2023\/03\/Screenshot_20230329-121653_Chrome-300x154.jpg","large":"https:\/\/diarioprincipios.com\/wp-content\/uploads\/2023\/03\/Screenshot_20230329-121653_Chrome.jpg"},"ams_acf":[],"yoast_head":"<!-- This site is optimized with the Yoast SEO plugin v27.3 - https:\/\/yoast.com\/product\/yoast-seo-wordpress\/ -->\n<title>Gran Encuentro por el D\u00eda Internacional de la Mujer organizado por la Asociaci\u00f3n de Voley - Principios<\/title>\n<meta name=\"robots\" content=\"index, follow, max-snippet:-1, max-image-preview:large, max-video-preview:-1\" \/>\n<link rel=\"canonical\" href=\"https:\/\/diarioprincipios.com\/index.php\/2023\/03\/27\/gran-encuentro-por-el-dia-internacional-de-la-mujer-organizado-por-la-asociacion-de-voley\/\" \/>\n<meta property=\"og:locale\" content=\"es_ES\" \/>\n<meta property=\"og:type\" content=\"article\" \/>\n<meta property=\"og:title\" content=\"Gran Encuentro por el D\u00eda Internacional de la Mujer organizado por la Asociaci\u00f3n de Voley - Principios\" \/>\n<meta property=\"og:description\" content=\"El domingo 26 de marzo se realiz\u00f3 un encuentro por el D\u00eda Internacional de la Mujer, organizado por la Asociaci\u00f3n de V\u00f3ley Capital Nacional del Vidrio. En el complejo Cristal (calle 361 y 315) estuvo el intendente de Berazategui, Juan Jos\u00e9 Mussi, que recorri\u00f3 las distintas actividades. La presidenta de la Asociaci\u00f3n de V\u00f3ley Capital...\" \/>\n<meta property=\"og:url\" content=\"https:\/\/diarioprincipios.com\/index.php\/2023\/03\/27\/gran-encuentro-por-el-dia-internacional-de-la-mujer-organizado-por-la-asociacion-de-voley\/\" \/>\n<meta property=\"og:site_name\" content=\"Principios\" \/>\n<meta property=\"article:published_time\" content=\"2023-03-28T00:30:17+00:00\" \/>\n<meta property=\"article:modified_time\" content=\"2023-03-31T18:59:21+00:00\" \/>\n<meta property=\"og:image\" content=\"https:\/\/diarioprincipios.com\/wp-content\/uploads\/2023\/03\/Screenshot_20230329-121653_Chrome.jpg\" \/>\n\t<meta property=\"og:image:width\" content=\"1002\" \/>\n\t<meta property=\"og:image:height\" content=\"513\" \/>\n\t<meta property=\"og:image:type\" content=\"image\/jpeg\" \/>\n<meta name=\"author\" content=\"Hern\u00e1n L\u00f3pez\" \/>\n<meta name=\"twitter:card\" content=\"summary_large_image\" \/>\n<meta name=\"twitter:label1\" content=\"Escrito por\" \/>\n\t<meta name=\"twitter:data1\" content=\"Hern\u00e1n L\u00f3pez\" \/>\n\t<meta name=\"twitter:label2\" content=\"Tiempo de lectura\" \/>\n\t<meta name=\"twitter:data2\" content=\"3 minutos\" \/>\n<script type=\"application\/ld+json\" class=\"yoast-schema-graph\">{\"@context\":\"https:\\\/\\\/schema.org\",\"@graph\":[{\"@type\":\"Article\",\"@id\":\"https:\\\/\\\/diarioprincipios.com\\\/index.php\\\/2023\\\/03\\\/27\\\/gran-encuentro-por-el-dia-internacional-de-la-mujer-organizado-por-la-asociacion-de-voley\\\/#article\",\"isPartOf\":{\"@id\":\"https:\\\/\\\/diarioprincipios.com\\\/index.php\\\/2023\\\/03\\\/27\\\/gran-encuentro-por-el-dia-internacional-de-la-mujer-organizado-por-la-asociacion-de-voley\\\/\"},\"author\":{\"name\":\"Hern\u00e1n L\u00f3pez\",\"@id\":\"https:\\\/\\\/diarioprincipios.com\\\/#\\\/schema\\\/person\\\/436d5a1fd41a5e250e23ff5a6a7cb080\"},\"headline\":\"Gran Encuentro por el D\u00eda Internacional de la Mujer organizado por la Asociaci\u00f3n de Voley\",\"datePublished\":\"2023-03-28T00:30:17+00:00\",\"dateModified\":\"2023-03-31T18:59:21+00:00\",\"mainEntityOfPage\":{\"@id\":\"https:\\\/\\\/diarioprincipios.com\\\/index.php\\\/2023\\\/03\\\/27\\\/gran-encuentro-por-el-dia-internacional-de-la-mujer-organizado-por-la-asociacion-de-voley\\\/\"},\"wordCount\":283,\"commentCount\":0,\"publisher\":{\"@id\":\"https:\\\/\\\/diarioprincipios.com\\\/#organization\"},\"image\":{\"@id\":\"https:\\\/\\\/diarioprincipios.com\\\/index.php\\\/2023\\\/03\\\/27\\\/gran-encuentro-por-el-dia-internacional-de-la-mujer-organizado-por-la-asociacion-de-voley\\\/#primaryimage\"},\"thumbnailUrl\":\"https:\\\/\\\/diarioprincipios.com\\\/wp-content\\\/uploads\\\/2023\\\/03\\\/Screenshot_20230329-121653_Chrome.jpg\",\"articleSection\":[\"Berazategui\"],\"inLanguage\":\"es\",\"potentialAction\":[{\"@type\":\"CommentAction\",\"name\":\"Comment\",\"target\":[\"https:\\\/\\\/diarioprincipios.com\\\/index.php\\\/2023\\\/03\\\/27\\\/gran-encuentro-por-el-dia-internacional-de-la-mujer-organizado-por-la-asociacion-de-voley\\\/#respond\"]}]},{\"@type\":\"WebPage\",\"@id\":\"https:\\\/\\\/diarioprincipios.com\\\/index.php\\\/2023\\\/03\\\/27\\\/gran-encuentro-por-el-dia-internacional-de-la-mujer-organizado-por-la-asociacion-de-voley\\\/\",\"url\":\"https:\\\/\\\/diarioprincipios.com\\\/index.php\\\/2023\\\/03\\\/27\\\/gran-encuentro-por-el-dia-internacional-de-la-mujer-organizado-por-la-asociacion-de-voley\\\/\",\"name\":\"Gran Encuentro por el D\u00eda Internacional de la Mujer organizado por la Asociaci\u00f3n de Voley - Principios\",\"isPartOf\":{\"@id\":\"https:\\\/\\\/diarioprincipios.com\\\/#website\"},\"primaryImageOfPage\":{\"@id\":\"https:\\\/\\\/diarioprincipios.com\\\/index.php\\\/2023\\\/03\\\/27\\\/gran-encuentro-por-el-dia-internacional-de-la-mujer-organizado-por-la-asociacion-de-voley\\\/#primaryimage\"},\"image\":{\"@id\":\"https:\\\/\\\/diarioprincipios.com\\\/index.php\\\/2023\\\/03\\\/27\\\/gran-encuentro-por-el-dia-internacional-de-la-mujer-organizado-por-la-asociacion-de-voley\\\/#primaryimage\"},\"thumbnailUrl\":\"https:\\\/\\\/diarioprincipios.com\\\/wp-content\\\/uploads\\\/2023\\\/03\\\/Screenshot_20230329-121653_Chrome.jpg\",\"datePublished\":\"2023-03-28T00:30:17+00:00\",\"dateModified\":\"2023-03-31T18:59:21+00:00\",\"breadcrumb\":{\"@id\":\"https:\\\/\\\/diarioprincipios.com\\\/index.php\\\/2023\\\/03\\\/27\\\/gran-encuentro-por-el-dia-internacional-de-la-mujer-organizado-por-la-asociacion-de-voley\\\/#breadcrumb\"},\"inLanguage\":\"es\",\"potentialAction\":[{\"@type\":\"ReadAction\",\"target\":[\"https:\\\/\\\/diarioprincipios.com\\\/index.php\\\/2023\\\/03\\\/27\\\/gran-encuentro-por-el-dia-internacional-de-la-mujer-organizado-por-la-asociacion-de-voley\\\/\"]}]},{\"@type\":\"ImageObject\",\"inLanguage\":\"es\",\"@id\":\"https:\\\/\\\/diarioprincipios.com\\\/index.php\\\/2023\\\/03\\\/27\\\/gran-encuentro-por-el-dia-internacional-de-la-mujer-organizado-por-la-asociacion-de-voley\\\/#primaryimage\",\"url\":\"https:\\\/\\\/diarioprincipios.com\\\/wp-content\\\/uploads\\\/2023\\\/03\\\/Screenshot_20230329-121653_Chrome.jpg\",\"contentUrl\":\"https:\\\/\\\/diarioprincipios.com\\\/wp-content\\\/uploads\\\/2023\\\/03\\\/Screenshot_20230329-121653_Chrome.jpg\",\"width\":1002,\"height\":513},{\"@type\":\"BreadcrumbList\",\"@id\":\"https:\\\/\\\/diarioprincipios.com\\\/index.php\\\/2023\\\/03\\\/27\\\/gran-encuentro-por-el-dia-internacional-de-la-mujer-organizado-por-la-asociacion-de-voley\\\/#breadcrumb\",\"itemListElement\":[{\"@type\":\"ListItem\",\"position\":1,\"name\":\"Portada\",\"item\":\"https:\\\/\\\/diarioprincipios.com\\\/\"},{\"@type\":\"ListItem\",\"position\":2,\"name\":\"Gran Encuentro por el D\u00eda Internacional de la Mujer organizado por la Asociaci\u00f3n de Voley\"}]},{\"@type\":\"WebSite\",\"@id\":\"https:\\\/\\\/diarioprincipios.com\\\/#website\",\"url\":\"https:\\\/\\\/diarioprincipios.com\\\/\",\"name\":\"Principios\",\"description\":\"Principios Diario\",\"publisher\":{\"@id\":\"https:\\\/\\\/diarioprincipios.com\\\/#organization\"},\"potentialAction\":[{\"@type\":\"SearchAction\",\"target\":{\"@type\":\"EntryPoint\",\"urlTemplate\":\"https:\\\/\\\/diarioprincipios.com\\\/?s={search_term_string}\"},\"query-input\":{\"@type\":\"PropertyValueSpecification\",\"valueRequired\":true,\"valueName\":\"search_term_string\"}}],\"inLanguage\":\"es\"},{\"@type\":\"Organization\",\"@id\":\"https:\\\/\\\/diarioprincipios.com\\\/#organization\",\"name\":\"Principios\",\"url\":\"https:\\\/\\\/diarioprincipios.com\\\/\",\"logo\":{\"@type\":\"ImageObject\",\"inLanguage\":\"es\",\"@id\":\"https:\\\/\\\/diarioprincipios.com\\\/#\\\/schema\\\/logo\\\/image\\\/\",\"url\":\"https:\\\/\\\/diarioprincipios.com\\\/wp-content\\\/uploads\\\/2024\\\/04\\\/cropped-www.diarioprincipios.com_-1.png\",\"contentUrl\":\"https:\\\/\\\/diarioprincipios.com\\\/wp-content\\\/uploads\\\/2024\\\/04\\\/cropped-www.diarioprincipios.com_-1.png\",\"width\":5325,\"height\":1454,\"caption\":\"Principios\"},\"image\":{\"@id\":\"https:\\\/\\\/diarioprincipios.com\\\/#\\\/schema\\\/logo\\\/image\\\/\"}},{\"@type\":\"Person\",\"@id\":\"https:\\\/\\\/diarioprincipios.com\\\/#\\\/schema\\\/person\\\/436d5a1fd41a5e250e23ff5a6a7cb080\",\"name\":\"Hern\u00e1n L\u00f3pez\",\"image\":{\"@type\":\"ImageObject\",\"inLanguage\":\"es\",\"@id\":\"https:\\\/\\\/diarioprincipios.com\\\/wp-content\\\/litespeed\\\/avatar\\\/11ddfe5610ff3bd100522525b2571f48.jpg?ver=1777048341\",\"url\":\"https:\\\/\\\/diarioprincipios.com\\\/wp-content\\\/litespeed\\\/avatar\\\/11ddfe5610ff3bd100522525b2571f48.jpg?ver=1777048341\",\"contentUrl\":\"https:\\\/\\\/diarioprincipios.com\\\/wp-content\\\/litespeed\\\/avatar\\\/11ddfe5610ff3bd100522525b2571f48.jpg?ver=1777048341\",\"caption\":\"Hern\u00e1n L\u00f3pez\"},\"url\":\"https:\\\/\\\/diarioprincipios.com\\\/index.php\\\/author\\\/hernan\\\/\"}]}<\/script>\n<!-- \/ Yoast SEO plugin. -->","yoast_head_json":{"title":"Gran Encuentro por el D\u00eda Internacional de la Mujer organizado por la Asociaci\u00f3n de Voley - Principios","robots":{"index":"index","follow":"follow","max-snippet":"max-snippet:-1","max-image-preview":"max-image-preview:large","max-video-preview":"max-video-preview:-1"},"canonical":"https:\/\/diarioprincipios.com\/index.php\/2023\/03\/27\/gran-encuentro-por-el-dia-internacional-de-la-mujer-organizado-por-la-asociacion-de-voley\/","og_locale":"es_ES","og_type":"article","og_title":"Gran Encuentro por el D\u00eda Internacional de la Mujer organizado por la Asociaci\u00f3n de Voley - Principios","og_description":"El domingo 26 de marzo se realiz\u00f3 un encuentro por el D\u00eda Internacional de la Mujer, organizado por la Asociaci\u00f3n de V\u00f3ley Capital Nacional del Vidrio. En el complejo Cristal (calle 361 y 315) estuvo el intendente de Berazategui, Juan Jos\u00e9 Mussi, que recorri\u00f3 las distintas actividades. La presidenta de la Asociaci\u00f3n de V\u00f3ley Capital...","og_url":"https:\/\/diarioprincipios.com\/index.php\/2023\/03\/27\/gran-encuentro-por-el-dia-internacional-de-la-mujer-organizado-por-la-asociacion-de-voley\/","og_site_name":"Principios","article_published_time":"2023-03-28T00:30:17+00:00","article_modified_time":"2023-03-31T18:59:21+00:00","og_image":[{"width":1002,"height":513,"url":"https:\/\/diarioprincipios.com\/wp-content\/uploads\/2023\/03\/Screenshot_20230329-121653_Chrome.jpg","type":"image\/jpeg"}],"author":"Hern\u00e1n L\u00f3pez","twitter_card":"summary_large_image","twitter_misc":{"Escrito por":"Hern\u00e1n L\u00f3pez","Tiempo de lectura":"3 minutos"},"schema":{"@context":"https:\/\/schema.org","@graph":[{"@type":"Article","@id":"https:\/\/diarioprincipios.com\/index.php\/2023\/03\/27\/gran-encuentro-por-el-dia-internacional-de-la-mujer-organizado-por-la-asociacion-de-voley\/#article","isPartOf":{"@id":"https:\/\/diarioprincipios.com\/index.php\/2023\/03\/27\/gran-encuentro-por-el-dia-internacional-de-la-mujer-organizado-por-la-asociacion-de-voley\/"},"author":{"name":"Hern\u00e1n L\u00f3pez","@id":"https:\/\/diarioprincipios.com\/#\/schema\/person\/436d5a1fd41a5e250e23ff5a6a7cb080"},"headline":"Gran Encuentro por el D\u00eda Internacional de la Mujer organizado por la Asociaci\u00f3n de Voley","datePublished":"2023-03-28T00:30:17+00:00","dateModified":"2023-03-31T18:59:21+00:00","mainEntityOfPage":{"@id":"https:\/\/diarioprincipios.com\/index.php\/2023\/03\/27\/gran-encuentro-por-el-dia-internacional-de-la-mujer-organizado-por-la-asociacion-de-voley\/"},"wordCount":283,"commentCount":0,"publisher":{"@id":"https:\/\/diarioprincipios.com\/#organization"},"image":{"@id":"https:\/\/diarioprincipios.com\/index.php\/2023\/03\/27\/gran-encuentro-por-el-dia-internacional-de-la-mujer-organizado-por-la-asociacion-de-voley\/#primaryimage"},"thumbnailUrl":"https:\/\/diarioprincipios.com\/wp-content\/uploads\/2023\/03\/Screenshot_20230329-121653_Chrome.jpg","articleSection":["Berazategui"],"inLanguage":"es","potentialAction":[{"@type":"CommentAction","name":"Comment","target":["https:\/\/diarioprincipios.com\/index.php\/2023\/03\/27\/gran-encuentro-por-el-dia-internacional-de-la-mujer-organizado-por-la-asociacion-de-voley\/#respond"]}]},{"@type":"WebPage","@id":"https:\/\/diarioprincipios.com\/index.php\/2023\/03\/27\/gran-encuentro-por-el-dia-internacional-de-la-mujer-organizado-por-la-asociacion-de-voley\/","url":"https:\/\/diarioprincipios.com\/index.php\/2023\/03\/27\/gran-encuentro-por-el-dia-internacional-de-la-mujer-organizado-por-la-asociacion-de-voley\/","name":"Gran Encuentro por el D\u00eda Internacional de la Mujer organizado por la Asociaci\u00f3n de Voley - Principios","isPartOf":{"@id":"https:\/\/diarioprincipios.com\/#website"},"primaryImageOfPage":{"@id":"https:\/\/diarioprincipios.com\/index.php\/2023\/03\/27\/gran-encuentro-por-el-dia-internacional-de-la-mujer-organizado-por-la-asociacion-de-voley\/#primaryimage"},"image":{"@id":"https:\/\/diarioprincipios.com\/index.php\/2023\/03\/27\/gran-encuentro-por-el-dia-internacional-de-la-mujer-organizado-por-la-asociacion-de-voley\/#primaryimage"},"thumbnailUrl":"https:\/\/diarioprincipios.com\/wp-content\/uploads\/2023\/03\/Screenshot_20230329-121653_Chrome.jpg","datePublished":"2023-03-28T00:30:17+00:00","dateModified":"2023-03-31T18:59:21+00:00","breadcrumb":{"@id":"https:\/\/diarioprincipios.com\/index.php\/2023\/03\/27\/gran-encuentro-por-el-dia-internacional-de-la-mujer-organizado-por-la-asociacion-de-voley\/#breadcrumb"},"inLanguage":"es","potentialAction":[{"@type":"ReadAction","target":["https:\/\/diarioprincipios.com\/index.php\/2023\/03\/27\/gran-encuentro-por-el-dia-internacional-de-la-mujer-organizado-por-la-asociacion-de-voley\/"]}]},{"@type":"ImageObject","inLanguage":"es","@id":"https:\/\/diarioprincipios.com\/index.php\/2023\/03\/27\/gran-encuentro-por-el-dia-internacional-de-la-mujer-organizado-por-la-asociacion-de-voley\/#primaryimage","url":"https:\/\/diarioprincipios.com\/wp-content\/uploads\/2023\/03\/Screenshot_20230329-121653_Chrome.jpg","contentUrl":"https:\/\/diarioprincipios.com\/wp-content\/uploads\/2023\/03\/Screenshot_20230329-121653_Chrome.jpg","width":1002,"height":513},{"@type":"BreadcrumbList","@id":"https:\/\/diarioprincipios.com\/index.php\/2023\/03\/27\/gran-encuentro-por-el-dia-internacional-de-la-mujer-organizado-por-la-asociacion-de-voley\/#breadcrumb","itemListElement":[{"@type":"ListItem","position":1,"name":"Portada","item":"https:\/\/diarioprincipios.com\/"},{"@type":"ListItem","position":2,"name":"Gran Encuentro por el D\u00eda Internacional de la Mujer organizado por la Asociaci\u00f3n de Voley"}]},{"@type":"WebSite","@id":"https:\/\/diarioprincipios.com\/#website","url":"https:\/\/diarioprincipios.com\/","name":"Principios","description":"Principios Diario","publisher":{"@id":"https:\/\/diarioprincipios.com\/#organization"},"potentialAction":[{"@type":"SearchAction","target":{"@type":"EntryPoint","urlTemplate":"https:\/\/diarioprincipios.com\/?s={search_term_string}"},"query-input":{"@type":"PropertyValueSpecification","valueRequired":true,"valueName":"search_term_string"}}],"inLanguage":"es"},{"@type":"Organization","@id":"https:\/\/diarioprincipios.com\/#organization","name":"Principios","url":"https:\/\/diarioprincipios.com\/","logo":{"@type":"ImageObject","inLanguage":"es","@id":"https:\/\/diarioprincipios.com\/#\/schema\/logo\/image\/","url":"https:\/\/diarioprincipios.com\/wp-content\/uploads\/2024\/04\/cropped-www.diarioprincipios.com_-1.png","contentUrl":"https:\/\/diarioprincipios.com\/wp-content\/uploads\/2024\/04\/cropped-www.diarioprincipios.com_-1.png","width":5325,"height":1454,"caption":"Principios"},"image":{"@id":"https:\/\/diarioprincipios.com\/#\/schema\/logo\/image\/"}},{"@type":"Person","@id":"https:\/\/diarioprincipios.com\/#\/schema\/person\/436d5a1fd41a5e250e23ff5a6a7cb080","name":"Hern\u00e1n L\u00f3pez","image":{"@type":"ImageObject","inLanguage":"es","@id":"https:\/\/diarioprincipios.com\/wp-content\/litespeed\/avatar\/11ddfe5610ff3bd100522525b2571f48.jpg?ver=1777048341","url":"https:\/\/diarioprincipios.com\/wp-content\/litespeed\/avatar\/11ddfe5610ff3bd100522525b2571f48.jpg?ver=1777048341","contentUrl":"https:\/\/diarioprincipios.com\/wp-content\/litespeed\/avatar\/11ddfe5610ff3bd100522525b2571f48.jpg?ver=1777048341","caption":"Hern\u00e1n L\u00f3pez"},"url":"https:\/\/diarioprincipios.com\/index.php\/author\/hernan\/"}]}},"jetpack_featured_media_url":"https:\/\/diarioprincipios.com\/wp-content\/uploads\/2023\/03\/Screenshot_20230329-121653_Chrome.jpg","_links":{"self":[{"href":"https:\/\/diarioprincipios.com\/index.php\/wp-json\/wp\/v2\/posts\/16316","targetHints":{"allow":["GET"]}}],"collection":[{"href":"https:\/\/diarioprincipios.com\/index.php\/wp-json\/wp\/v2\/posts"}],"about":[{"href":"https:\/\/diarioprincipios.com\/index.php\/wp-json\/wp\/v2\/types\/post"}],"author":[{"embeddable":true,"href":"https:\/\/diarioprincipios.com\/index.php\/wp-json\/wp\/v2\/users\/2"}],"replies":[{"embeddable":true,"href":"https:\/\/diarioprincipios.com\/index.php\/wp-json\/wp\/v2\/comments?post=16316"}],"version-history":[{"count":3,"href":"https:\/\/diarioprincipios.com\/index.php\/wp-json\/wp\/v2\/posts\/16316\/revisions"}],"predecessor-version":[{"id":16353,"href":"https:\/\/diarioprincipios.com\/index.php\/wp-json\/wp\/v2\/posts\/16316\/revisions\/16353"}],"wp:featuredmedia":[{"embeddable":true,"href":"https:\/\/diarioprincipios.com\/index.php\/wp-json\/wp\/v2\/media\/16352"}],"wp:attachment":[{"href":"https:\/\/diarioprincipios.com\/index.php\/wp-json\/wp\/v2\/media?parent=16316"}],"wp:term":[{"taxonomy":"category","embeddable":true,"href":"https:\/\/diarioprincipios.com\/index.php\/wp-json\/wp\/v2\/categories?post=16316"},{"taxonomy":"post_tag","embeddable":true,"href":"https:\/\/diarioprincipios.com\/index.php\/wp-json\/wp\/v2\/tags?post=16316"}],"curies":[{"name":"wp","href":"https:\/\/api.w.org\/{rel}","templated":true}]}}