{"id":16288,"date":"2023-03-24T12:36:46","date_gmt":"2023-03-24T15:36:46","guid":{"rendered":"http:\/\/diarioprincipios.com\/?p=16288"},"modified":"2023-03-31T15:58:41","modified_gmt":"2023-03-31T18:58:41","slug":"dia-del-nino-por-nacer-fue-declarado-de-interes-municipal","status":"publish","type":"post","link":"https:\/\/diarioprincipios.com\/index.php\/2023\/03\/24\/dia-del-nino-por-nacer-fue-declarado-de-interes-municipal\/","title":{"rendered":"\u00abD\u00eda del Ni\u00f1o por Nacer\u00bb fue declarado \u00abDe Inter\u00e9s Municipal\u00bb"},"content":{"rendered":"\n<p>El Intendente de Berazategui, doctor Juan Jos\u00e9 Mussi, declar\u00f3 \u00abDe Inter\u00e9s Municipal\u00bb, el \u00abD\u00eda del Ni\u00f1o por Nacer\u00bb, que se Conmemora en varios pa\u00edses del mundo y tambi\u00e9n en Argentina desde 1998 de acuerdo al Decreto Nacional 406\/98.<\/p>\n\n\n\n<p>En los fundamentos del decreto se destaca que \u00abel 7 de diciembre de 1998 mediante el Decreto Nacional N\u00b01406 se declar\u00f3 el d\u00eda 25 de marzo de cada a\u00f1o como \u00abEl D\u00eda del Ni\u00f1o por Nacer\u00bb, adhiri\u00e9ndose posteriormente pa\u00edses como Chile, Guatemala, Costa Rica, Nicaragua, Rep\u00fablica Dominicana, Per\u00fa, Ecuador, Filipinas, Eslovaquia, Puerto Rico, Espa\u00f1a, Portugal, Mexico, El Salvador y Brasil entre otros\u00bb, asimismo que \u00abtal como se afirma en el Pre\u00e1mbulo de la convenci\u00f3n sobre los Derechos del Ni\u00f1o: el ni\u00f1o, por su falta de madurez f\u00edsica y mental, necesita protecci\u00f3n y cuidado especial, incluso la debida protecci\u00f3n legal, tanto antes como despu\u00e9s del nacimiento\u00bb.<\/p>\n\n\n\n<p>En el Decreto tambi\u00e9n se establece que \u00abel derecho a la vida no es cuesti\u00f3n de ideolog\u00eda, ni de religi\u00f3n, sino una emanaci\u00f3n de la naturaleza humana, y es por eso que est\u00e1 protegida en diferentes tratados internacionales y de derechos humanos\u00bb.<\/p>\n\n\n\n<p>Finalmente, se sostiene que \u00abla vida es el mayor de los dones, tiene un valor inviolable y una dignidad irrepetible\u00bb.<\/p>\n","protected":false},"excerpt":{"rendered":"<p>El Intendente de Berazategui, doctor Juan Jos\u00e9 Mussi, declar\u00f3 \u00abDe Inter\u00e9s Municipal\u00bb, el \u00abD\u00eda del Ni\u00f1o por Nacer\u00bb, que se Conmemora en varios pa\u00edses del mundo y tambi\u00e9n en Argentina desde 1998 de acuerdo al Decreto Nacional 406\/98. En los fundamentos del decreto se destaca que \u00abel 7 de diciembre de 1998 mediante el Decreto&#8230;<\/p>\n","protected":false},"author":2,"featured_media":16289,"comment_status":"open","ping_status":"open","sticky":false,"template":"","format":"standard","meta":{"footnotes":""},"categories":[3],"tags":[],"class_list":["post-16288","post","type-post","status-publish","format-standard","has-post-thumbnail","hentry","category-berazategui"],"featured_image_src":"https:\/\/diarioprincipios.com\/wp-content\/uploads\/2023\/03\/nino-por-nacer.jpg","blog_images":{"medium":"https:\/\/diarioprincipios.com\/wp-content\/uploads\/2023\/03\/nino-por-nacer-300x186.jpg","large":"https:\/\/diarioprincipios.com\/wp-content\/uploads\/2023\/03\/nino-por-nacer.jpg"},"ams_acf":[],"yoast_head":"<!-- This site is optimized with the Yoast SEO plugin v27.3 - https:\/\/yoast.com\/product\/yoast-seo-wordpress\/ -->\n<title>&quot;D\u00eda del Ni\u00f1o por Nacer&quot; fue declarado &quot;De Inter\u00e9s Municipal&quot; - Principios<\/title>\n<meta name=\"robots\" content=\"index, follow, max-snippet:-1, max-image-preview:large, max-video-preview:-1\" \/>\n<link rel=\"canonical\" href=\"https:\/\/diarioprincipios.com\/index.php\/2023\/03\/24\/dia-del-nino-por-nacer-fue-declarado-de-interes-municipal\/\" \/>\n<meta property=\"og:locale\" content=\"es_ES\" \/>\n<meta property=\"og:type\" content=\"article\" \/>\n<meta property=\"og:title\" content=\"&quot;D\u00eda del Ni\u00f1o por Nacer&quot; fue declarado &quot;De Inter\u00e9s Municipal&quot; - Principios\" \/>\n<meta property=\"og:description\" content=\"El Intendente de Berazategui, doctor Juan Jos\u00e9 Mussi, declar\u00f3 \u00abDe Inter\u00e9s Municipal\u00bb, el \u00abD\u00eda del Ni\u00f1o por Nacer\u00bb, que se Conmemora en varios pa\u00edses del mundo y tambi\u00e9n en Argentina desde 1998 de acuerdo al Decreto Nacional 406\/98. En los fundamentos del decreto se destaca que \u00abel 7 de diciembre de 1998 mediante el Decreto...\" \/>\n<meta property=\"og:url\" content=\"https:\/\/diarioprincipios.com\/index.php\/2023\/03\/24\/dia-del-nino-por-nacer-fue-declarado-de-interes-municipal\/\" \/>\n<meta property=\"og:site_name\" content=\"Principios\" \/>\n<meta property=\"article:published_time\" content=\"2023-03-24T15:36:46+00:00\" \/>\n<meta property=\"article:modified_time\" content=\"2023-03-31T18:58:41+00:00\" \/>\n<meta property=\"og:image\" content=\"https:\/\/diarioprincipios.com\/wp-content\/uploads\/2023\/03\/nino-por-nacer.jpg\" \/>\n\t<meta property=\"og:image:width\" content=\"777\" \/>\n\t<meta property=\"og:image:height\" content=\"483\" \/>\n\t<meta property=\"og:image:type\" content=\"image\/jpeg\" \/>\n<meta name=\"author\" content=\"Hern\u00e1n L\u00f3pez\" \/>\n<meta name=\"twitter:card\" content=\"summary_large_image\" \/>\n<meta name=\"twitter:label1\" content=\"Escrito por\" \/>\n\t<meta name=\"twitter:data1\" content=\"Hern\u00e1n L\u00f3pez\" \/>\n\t<meta name=\"twitter:label2\" content=\"Tiempo de lectura\" \/>\n\t<meta name=\"twitter:data2\" content=\"1 minuto\" \/>\n<script type=\"application\/ld+json\" class=\"yoast-schema-graph\">{\"@context\":\"https:\\\/\\\/schema.org\",\"@graph\":[{\"@type\":\"Article\",\"@id\":\"https:\\\/\\\/diarioprincipios.com\\\/index.php\\\/2023\\\/03\\\/24\\\/dia-del-nino-por-nacer-fue-declarado-de-interes-municipal\\\/#article\",\"isPartOf\":{\"@id\":\"https:\\\/\\\/diarioprincipios.com\\\/index.php\\\/2023\\\/03\\\/24\\\/dia-del-nino-por-nacer-fue-declarado-de-interes-municipal\\\/\"},\"author\":{\"name\":\"Hern\u00e1n L\u00f3pez\",\"@id\":\"https:\\\/\\\/diarioprincipios.com\\\/#\\\/schema\\\/person\\\/436d5a1fd41a5e250e23ff5a6a7cb080\"},\"headline\":\"\u00abD\u00eda del Ni\u00f1o por Nacer\u00bb fue declarado \u00abDe Inter\u00e9s Municipal\u00bb\",\"datePublished\":\"2023-03-24T15:36:46+00:00\",\"dateModified\":\"2023-03-31T18:58:41+00:00\",\"mainEntityOfPage\":{\"@id\":\"https:\\\/\\\/diarioprincipios.com\\\/index.php\\\/2023\\\/03\\\/24\\\/dia-del-nino-por-nacer-fue-declarado-de-interes-municipal\\\/\"},\"wordCount\":239,\"commentCount\":0,\"publisher\":{\"@id\":\"https:\\\/\\\/diarioprincipios.com\\\/#organization\"},\"image\":{\"@id\":\"https:\\\/\\\/diarioprincipios.com\\\/index.php\\\/2023\\\/03\\\/24\\\/dia-del-nino-por-nacer-fue-declarado-de-interes-municipal\\\/#primaryimage\"},\"thumbnailUrl\":\"https:\\\/\\\/diarioprincipios.com\\\/wp-content\\\/uploads\\\/2023\\\/03\\\/nino-por-nacer.jpg\",\"articleSection\":[\"Berazategui\"],\"inLanguage\":\"es\",\"potentialAction\":[{\"@type\":\"CommentAction\",\"name\":\"Comment\",\"target\":[\"https:\\\/\\\/diarioprincipios.com\\\/index.php\\\/2023\\\/03\\\/24\\\/dia-del-nino-por-nacer-fue-declarado-de-interes-municipal\\\/#respond\"]}]},{\"@type\":\"WebPage\",\"@id\":\"https:\\\/\\\/diarioprincipios.com\\\/index.php\\\/2023\\\/03\\\/24\\\/dia-del-nino-por-nacer-fue-declarado-de-interes-municipal\\\/\",\"url\":\"https:\\\/\\\/diarioprincipios.com\\\/index.php\\\/2023\\\/03\\\/24\\\/dia-del-nino-por-nacer-fue-declarado-de-interes-municipal\\\/\",\"name\":\"\\\"D\u00eda del Ni\u00f1o por Nacer\\\" fue declarado \\\"De Inter\u00e9s Municipal\\\" - Principios\",\"isPartOf\":{\"@id\":\"https:\\\/\\\/diarioprincipios.com\\\/#website\"},\"primaryImageOfPage\":{\"@id\":\"https:\\\/\\\/diarioprincipios.com\\\/index.php\\\/2023\\\/03\\\/24\\\/dia-del-nino-por-nacer-fue-declarado-de-interes-municipal\\\/#primaryimage\"},\"image\":{\"@id\":\"https:\\\/\\\/diarioprincipios.com\\\/index.php\\\/2023\\\/03\\\/24\\\/dia-del-nino-por-nacer-fue-declarado-de-interes-municipal\\\/#primaryimage\"},\"thumbnailUrl\":\"https:\\\/\\\/diarioprincipios.com\\\/wp-content\\\/uploads\\\/2023\\\/03\\\/nino-por-nacer.jpg\",\"datePublished\":\"2023-03-24T15:36:46+00:00\",\"dateModified\":\"2023-03-31T18:58:41+00:00\",\"breadcrumb\":{\"@id\":\"https:\\\/\\\/diarioprincipios.com\\\/index.php\\\/2023\\\/03\\\/24\\\/dia-del-nino-por-nacer-fue-declarado-de-interes-municipal\\\/#breadcrumb\"},\"inLanguage\":\"es\",\"potentialAction\":[{\"@type\":\"ReadAction\",\"target\":[\"https:\\\/\\\/diarioprincipios.com\\\/index.php\\\/2023\\\/03\\\/24\\\/dia-del-nino-por-nacer-fue-declarado-de-interes-municipal\\\/\"]}]},{\"@type\":\"ImageObject\",\"inLanguage\":\"es\",\"@id\":\"https:\\\/\\\/diarioprincipios.com\\\/index.php\\\/2023\\\/03\\\/24\\\/dia-del-nino-por-nacer-fue-declarado-de-interes-municipal\\\/#primaryimage\",\"url\":\"https:\\\/\\\/diarioprincipios.com\\\/wp-content\\\/uploads\\\/2023\\\/03\\\/nino-por-nacer.jpg\",\"contentUrl\":\"https:\\\/\\\/diarioprincipios.com\\\/wp-content\\\/uploads\\\/2023\\\/03\\\/nino-por-nacer.jpg\",\"width\":777,\"height\":483},{\"@type\":\"BreadcrumbList\",\"@id\":\"https:\\\/\\\/diarioprincipios.com\\\/index.php\\\/2023\\\/03\\\/24\\\/dia-del-nino-por-nacer-fue-declarado-de-interes-municipal\\\/#breadcrumb\",\"itemListElement\":[{\"@type\":\"ListItem\",\"position\":1,\"name\":\"Portada\",\"item\":\"https:\\\/\\\/diarioprincipios.com\\\/\"},{\"@type\":\"ListItem\",\"position\":2,\"name\":\"\u00abD\u00eda del Ni\u00f1o por Nacer\u00bb fue declarado \u00abDe Inter\u00e9s Municipal\u00bb\"}]},{\"@type\":\"WebSite\",\"@id\":\"https:\\\/\\\/diarioprincipios.com\\\/#website\",\"url\":\"https:\\\/\\\/diarioprincipios.com\\\/\",\"name\":\"Principios\",\"description\":\"Principios Diario\",\"publisher\":{\"@id\":\"https:\\\/\\\/diarioprincipios.com\\\/#organization\"},\"potentialAction\":[{\"@type\":\"SearchAction\",\"target\":{\"@type\":\"EntryPoint\",\"urlTemplate\":\"https:\\\/\\\/diarioprincipios.com\\\/?s={search_term_string}\"},\"query-input\":{\"@type\":\"PropertyValueSpecification\",\"valueRequired\":true,\"valueName\":\"search_term_string\"}}],\"inLanguage\":\"es\"},{\"@type\":\"Organization\",\"@id\":\"https:\\\/\\\/diarioprincipios.com\\\/#organization\",\"name\":\"Principios\",\"url\":\"https:\\\/\\\/diarioprincipios.com\\\/\",\"logo\":{\"@type\":\"ImageObject\",\"inLanguage\":\"es\",\"@id\":\"https:\\\/\\\/diarioprincipios.com\\\/#\\\/schema\\\/logo\\\/image\\\/\",\"url\":\"https:\\\/\\\/diarioprincipios.com\\\/wp-content\\\/uploads\\\/2024\\\/04\\\/cropped-www.diarioprincipios.com_-1.png\",\"contentUrl\":\"https:\\\/\\\/diarioprincipios.com\\\/wp-content\\\/uploads\\\/2024\\\/04\\\/cropped-www.diarioprincipios.com_-1.png\",\"width\":5325,\"height\":1454,\"caption\":\"Principios\"},\"image\":{\"@id\":\"https:\\\/\\\/diarioprincipios.com\\\/#\\\/schema\\\/logo\\\/image\\\/\"}},{\"@type\":\"Person\",\"@id\":\"https:\\\/\\\/diarioprincipios.com\\\/#\\\/schema\\\/person\\\/436d5a1fd41a5e250e23ff5a6a7cb080\",\"name\":\"Hern\u00e1n L\u00f3pez\",\"image\":{\"@type\":\"ImageObject\",\"inLanguage\":\"es\",\"@id\":\"https:\\\/\\\/diarioprincipios.com\\\/wp-content\\\/litespeed\\\/avatar\\\/11ddfe5610ff3bd100522525b2571f48.jpg?ver=1777048341\",\"url\":\"https:\\\/\\\/diarioprincipios.com\\\/wp-content\\\/litespeed\\\/avatar\\\/11ddfe5610ff3bd100522525b2571f48.jpg?ver=1777048341\",\"contentUrl\":\"https:\\\/\\\/diarioprincipios.com\\\/wp-content\\\/litespeed\\\/avatar\\\/11ddfe5610ff3bd100522525b2571f48.jpg?ver=1777048341\",\"caption\":\"Hern\u00e1n L\u00f3pez\"},\"url\":\"https:\\\/\\\/diarioprincipios.com\\\/index.php\\\/author\\\/hernan\\\/\"}]}<\/script>\n<!-- \/ Yoast SEO plugin. -->","yoast_head_json":{"title":"\"D\u00eda del Ni\u00f1o por Nacer\" fue declarado \"De Inter\u00e9s Municipal\" - Principios","robots":{"index":"index","follow":"follow","max-snippet":"max-snippet:-1","max-image-preview":"max-image-preview:large","max-video-preview":"max-video-preview:-1"},"canonical":"https:\/\/diarioprincipios.com\/index.php\/2023\/03\/24\/dia-del-nino-por-nacer-fue-declarado-de-interes-municipal\/","og_locale":"es_ES","og_type":"article","og_title":"\"D\u00eda del Ni\u00f1o por Nacer\" fue declarado \"De Inter\u00e9s Municipal\" - Principios","og_description":"El Intendente de Berazategui, doctor Juan Jos\u00e9 Mussi, declar\u00f3 \u00abDe Inter\u00e9s Municipal\u00bb, el \u00abD\u00eda del Ni\u00f1o por Nacer\u00bb, que se Conmemora en varios pa\u00edses del mundo y tambi\u00e9n en Argentina desde 1998 de acuerdo al Decreto Nacional 406\/98. En los fundamentos del decreto se destaca que \u00abel 7 de diciembre de 1998 mediante el Decreto...","og_url":"https:\/\/diarioprincipios.com\/index.php\/2023\/03\/24\/dia-del-nino-por-nacer-fue-declarado-de-interes-municipal\/","og_site_name":"Principios","article_published_time":"2023-03-24T15:36:46+00:00","article_modified_time":"2023-03-31T18:58:41+00:00","og_image":[{"width":777,"height":483,"url":"https:\/\/diarioprincipios.com\/wp-content\/uploads\/2023\/03\/nino-por-nacer.jpg","type":"image\/jpeg"}],"author":"Hern\u00e1n L\u00f3pez","twitter_card":"summary_large_image","twitter_misc":{"Escrito por":"Hern\u00e1n L\u00f3pez","Tiempo de lectura":"1 minuto"},"schema":{"@context":"https:\/\/schema.org","@graph":[{"@type":"Article","@id":"https:\/\/diarioprincipios.com\/index.php\/2023\/03\/24\/dia-del-nino-por-nacer-fue-declarado-de-interes-municipal\/#article","isPartOf":{"@id":"https:\/\/diarioprincipios.com\/index.php\/2023\/03\/24\/dia-del-nino-por-nacer-fue-declarado-de-interes-municipal\/"},"author":{"name":"Hern\u00e1n L\u00f3pez","@id":"https:\/\/diarioprincipios.com\/#\/schema\/person\/436d5a1fd41a5e250e23ff5a6a7cb080"},"headline":"\u00abD\u00eda del Ni\u00f1o por Nacer\u00bb fue declarado \u00abDe Inter\u00e9s Municipal\u00bb","datePublished":"2023-03-24T15:36:46+00:00","dateModified":"2023-03-31T18:58:41+00:00","mainEntityOfPage":{"@id":"https:\/\/diarioprincipios.com\/index.php\/2023\/03\/24\/dia-del-nino-por-nacer-fue-declarado-de-interes-municipal\/"},"wordCount":239,"commentCount":0,"publisher":{"@id":"https:\/\/diarioprincipios.com\/#organization"},"image":{"@id":"https:\/\/diarioprincipios.com\/index.php\/2023\/03\/24\/dia-del-nino-por-nacer-fue-declarado-de-interes-municipal\/#primaryimage"},"thumbnailUrl":"https:\/\/diarioprincipios.com\/wp-content\/uploads\/2023\/03\/nino-por-nacer.jpg","articleSection":["Berazategui"],"inLanguage":"es","potentialAction":[{"@type":"CommentAction","name":"Comment","target":["https:\/\/diarioprincipios.com\/index.php\/2023\/03\/24\/dia-del-nino-por-nacer-fue-declarado-de-interes-municipal\/#respond"]}]},{"@type":"WebPage","@id":"https:\/\/diarioprincipios.com\/index.php\/2023\/03\/24\/dia-del-nino-por-nacer-fue-declarado-de-interes-municipal\/","url":"https:\/\/diarioprincipios.com\/index.php\/2023\/03\/24\/dia-del-nino-por-nacer-fue-declarado-de-interes-municipal\/","name":"\"D\u00eda del Ni\u00f1o por Nacer\" fue declarado \"De Inter\u00e9s Municipal\" - Principios","isPartOf":{"@id":"https:\/\/diarioprincipios.com\/#website"},"primaryImageOfPage":{"@id":"https:\/\/diarioprincipios.com\/index.php\/2023\/03\/24\/dia-del-nino-por-nacer-fue-declarado-de-interes-municipal\/#primaryimage"},"image":{"@id":"https:\/\/diarioprincipios.com\/index.php\/2023\/03\/24\/dia-del-nino-por-nacer-fue-declarado-de-interes-municipal\/#primaryimage"},"thumbnailUrl":"https:\/\/diarioprincipios.com\/wp-content\/uploads\/2023\/03\/nino-por-nacer.jpg","datePublished":"2023-03-24T15:36:46+00:00","dateModified":"2023-03-31T18:58:41+00:00","breadcrumb":{"@id":"https:\/\/diarioprincipios.com\/index.php\/2023\/03\/24\/dia-del-nino-por-nacer-fue-declarado-de-interes-municipal\/#breadcrumb"},"inLanguage":"es","potentialAction":[{"@type":"ReadAction","target":["https:\/\/diarioprincipios.com\/index.php\/2023\/03\/24\/dia-del-nino-por-nacer-fue-declarado-de-interes-municipal\/"]}]},{"@type":"ImageObject","inLanguage":"es","@id":"https:\/\/diarioprincipios.com\/index.php\/2023\/03\/24\/dia-del-nino-por-nacer-fue-declarado-de-interes-municipal\/#primaryimage","url":"https:\/\/diarioprincipios.com\/wp-content\/uploads\/2023\/03\/nino-por-nacer.jpg","contentUrl":"https:\/\/diarioprincipios.com\/wp-content\/uploads\/2023\/03\/nino-por-nacer.jpg","width":777,"height":483},{"@type":"BreadcrumbList","@id":"https:\/\/diarioprincipios.com\/index.php\/2023\/03\/24\/dia-del-nino-por-nacer-fue-declarado-de-interes-municipal\/#breadcrumb","itemListElement":[{"@type":"ListItem","position":1,"name":"Portada","item":"https:\/\/diarioprincipios.com\/"},{"@type":"ListItem","position":2,"name":"\u00abD\u00eda del Ni\u00f1o por Nacer\u00bb fue declarado \u00abDe Inter\u00e9s Municipal\u00bb"}]},{"@type":"WebSite","@id":"https:\/\/diarioprincipios.com\/#website","url":"https:\/\/diarioprincipios.com\/","name":"Principios","description":"Principios Diario","publisher":{"@id":"https:\/\/diarioprincipios.com\/#organization"},"potentialAction":[{"@type":"SearchAction","target":{"@type":"EntryPoint","urlTemplate":"https:\/\/diarioprincipios.com\/?s={search_term_string}"},"query-input":{"@type":"PropertyValueSpecification","valueRequired":true,"valueName":"search_term_string"}}],"inLanguage":"es"},{"@type":"Organization","@id":"https:\/\/diarioprincipios.com\/#organization","name":"Principios","url":"https:\/\/diarioprincipios.com\/","logo":{"@type":"ImageObject","inLanguage":"es","@id":"https:\/\/diarioprincipios.com\/#\/schema\/logo\/image\/","url":"https:\/\/diarioprincipios.com\/wp-content\/uploads\/2024\/04\/cropped-www.diarioprincipios.com_-1.png","contentUrl":"https:\/\/diarioprincipios.com\/wp-content\/uploads\/2024\/04\/cropped-www.diarioprincipios.com_-1.png","width":5325,"height":1454,"caption":"Principios"},"image":{"@id":"https:\/\/diarioprincipios.com\/#\/schema\/logo\/image\/"}},{"@type":"Person","@id":"https:\/\/diarioprincipios.com\/#\/schema\/person\/436d5a1fd41a5e250e23ff5a6a7cb080","name":"Hern\u00e1n L\u00f3pez","image":{"@type":"ImageObject","inLanguage":"es","@id":"https:\/\/diarioprincipios.com\/wp-content\/litespeed\/avatar\/11ddfe5610ff3bd100522525b2571f48.jpg?ver=1777048341","url":"https:\/\/diarioprincipios.com\/wp-content\/litespeed\/avatar\/11ddfe5610ff3bd100522525b2571f48.jpg?ver=1777048341","contentUrl":"https:\/\/diarioprincipios.com\/wp-content\/litespeed\/avatar\/11ddfe5610ff3bd100522525b2571f48.jpg?ver=1777048341","caption":"Hern\u00e1n L\u00f3pez"},"url":"https:\/\/diarioprincipios.com\/index.php\/author\/hernan\/"}]}},"jetpack_featured_media_url":"https:\/\/diarioprincipios.com\/wp-content\/uploads\/2023\/03\/nino-por-nacer.jpg","_links":{"self":[{"href":"https:\/\/diarioprincipios.com\/index.php\/wp-json\/wp\/v2\/posts\/16288","targetHints":{"allow":["GET"]}}],"collection":[{"href":"https:\/\/diarioprincipios.com\/index.php\/wp-json\/wp\/v2\/posts"}],"about":[{"href":"https:\/\/diarioprincipios.com\/index.php\/wp-json\/wp\/v2\/types\/post"}],"author":[{"embeddable":true,"href":"https:\/\/diarioprincipios.com\/index.php\/wp-json\/wp\/v2\/users\/2"}],"replies":[{"embeddable":true,"href":"https:\/\/diarioprincipios.com\/index.php\/wp-json\/wp\/v2\/comments?post=16288"}],"version-history":[{"count":1,"href":"https:\/\/diarioprincipios.com\/index.php\/wp-json\/wp\/v2\/posts\/16288\/revisions"}],"predecessor-version":[{"id":16290,"href":"https:\/\/diarioprincipios.com\/index.php\/wp-json\/wp\/v2\/posts\/16288\/revisions\/16290"}],"wp:featuredmedia":[{"embeddable":true,"href":"https:\/\/diarioprincipios.com\/index.php\/wp-json\/wp\/v2\/media\/16289"}],"wp:attachment":[{"href":"https:\/\/diarioprincipios.com\/index.php\/wp-json\/wp\/v2\/media?parent=16288"}],"wp:term":[{"taxonomy":"category","embeddable":true,"href":"https:\/\/diarioprincipios.com\/index.php\/wp-json\/wp\/v2\/categories?post=16288"},{"taxonomy":"post_tag","embeddable":true,"href":"https:\/\/diarioprincipios.com\/index.php\/wp-json\/wp\/v2\/tags?post=16288"}],"curies":[{"name":"wp","href":"https:\/\/api.w.org\/{rel}","templated":true}]}}