{"id":16285,"date":"2023-03-23T09:31:05","date_gmt":"2023-03-23T12:31:05","guid":{"rendered":"http:\/\/diarioprincipios.com\/?p=16285"},"modified":"2023-03-31T15:58:35","modified_gmt":"2023-03-31T18:58:35","slug":"el-centro-de-empleados-de-comercio-realizo-un-encuentro-para-concientizar-sobre-violencia-de-genero-y-ninez","status":"publish","type":"post","link":"https:\/\/diarioprincipios.com\/index.php\/2023\/03\/23\/el-centro-de-empleados-de-comercio-realizo-un-encuentro-para-concientizar-sobre-violencia-de-genero-y-ninez\/","title":{"rendered":"El Centro de Empleados de Comercio realiz\u00f3 un Encuentro para Concientizar sobre Violencia de G\u00e9nero y Ni\u00f1ez"},"content":{"rendered":"\n<p>El pasado mi\u00e9rcoles 22 de marzo de 2023, La secretaria de la Mujer del Centro de Empleados de Comercio de Quilmes, que conduce el \u201cMata\u201d Rodr\u00edguez, llevo adelante un nuevo encuentro de concientizaci\u00f3n e informaci\u00f3n sobre \u201cViolencia de G\u00e9nero y Perspectiva de ni\u00f1ez\u201d, a cargo de la Fiscal Mar\u00eda Soledad Garibaldi, especializada en violencia de g\u00e9nero, delitos contra la integridad sexual, violencia familiar, pornograf\u00eda infantil y delitos conexos a la trata de personas y la Dra. Carolina Spinelli, Auxiliar Letrada especializada en abuso sexual.<br>De la misma, participaron m\u00e1s de 200 trabajadores\/as que se acercaron para plantear sus dudas, aprovechando la presencia de las experimentadas y expertas disertantes. Luego de un agasajo, la charla abord\u00f3 diferentes tem\u00e1ticas de un modo pr\u00e1ctico e interactivo.<br>Como cierre, desde la Secretaria de la Mujer, agradecieron en su nombre y en nombre del \u201cMata\u201d Rodr\u00edguez la presencia de quienes pudieron acercarse a participar del encuentro, e invitaron a los presentes a sumarse a los pr\u00f3ximos que, como este, buscar\u00e1n concientizar a la poblaci\u00f3n sobre temas sensibles de la actualidad y que merecen el mayor respeto y compromiso de parte de todos.<\/p>\n","protected":false},"excerpt":{"rendered":"<p>El pasado mi\u00e9rcoles 22 de marzo de 2023, La secretaria de la Mujer del Centro de Empleados de Comercio de Quilmes, que conduce el \u201cMata\u201d Rodr\u00edguez, llevo adelante un nuevo encuentro de concientizaci\u00f3n e informaci\u00f3n sobre \u201cViolencia de G\u00e9nero y Perspectiva de ni\u00f1ez\u201d, a cargo de la Fiscal Mar\u00eda Soledad Garibaldi, especializada en violencia de&#8230;<\/p>\n","protected":false},"author":2,"featured_media":16286,"comment_status":"open","ping_status":"open","sticky":false,"template":"","format":"standard","meta":{"footnotes":""},"categories":[4],"tags":[],"class_list":["post-16285","post","type-post","status-publish","format-standard","has-post-thumbnail","hentry","category-quilmes"],"featured_image_src":"https:\/\/diarioprincipios.com\/wp-content\/uploads\/2023\/03\/IMG-20230323-WA0005-1024x466.jpg","blog_images":{"medium":"https:\/\/diarioprincipios.com\/wp-content\/uploads\/2023\/03\/IMG-20230323-WA0005-300x136.jpg","large":"https:\/\/diarioprincipios.com\/wp-content\/uploads\/2023\/03\/IMG-20230323-WA0005-1024x466.jpg"},"ams_acf":[],"yoast_head":"<!-- This site is optimized with the Yoast SEO plugin v27.3 - https:\/\/yoast.com\/product\/yoast-seo-wordpress\/ -->\n<title>El Centro de Empleados de Comercio realiz\u00f3 un Encuentro para Concientizar sobre Violencia de G\u00e9nero y Ni\u00f1ez - Principios<\/title>\n<meta name=\"robots\" content=\"index, follow, max-snippet:-1, max-image-preview:large, max-video-preview:-1\" \/>\n<link rel=\"canonical\" href=\"https:\/\/diarioprincipios.com\/index.php\/2023\/03\/23\/el-centro-de-empleados-de-comercio-realizo-un-encuentro-para-concientizar-sobre-violencia-de-genero-y-ninez\/\" \/>\n<meta property=\"og:locale\" content=\"es_ES\" \/>\n<meta property=\"og:type\" content=\"article\" \/>\n<meta property=\"og:title\" content=\"El Centro de Empleados de Comercio realiz\u00f3 un Encuentro para Concientizar sobre Violencia de G\u00e9nero y Ni\u00f1ez - Principios\" \/>\n<meta property=\"og:description\" content=\"El pasado mi\u00e9rcoles 22 de marzo de 2023, La secretaria de la Mujer del Centro de Empleados de Comercio de Quilmes, que conduce el \u201cMata\u201d Rodr\u00edguez, llevo adelante un nuevo encuentro de concientizaci\u00f3n e informaci\u00f3n sobre \u201cViolencia de G\u00e9nero y Perspectiva de ni\u00f1ez\u201d, a cargo de la Fiscal Mar\u00eda Soledad Garibaldi, especializada en violencia de...\" \/>\n<meta property=\"og:url\" content=\"https:\/\/diarioprincipios.com\/index.php\/2023\/03\/23\/el-centro-de-empleados-de-comercio-realizo-un-encuentro-para-concientizar-sobre-violencia-de-genero-y-ninez\/\" \/>\n<meta property=\"og:site_name\" content=\"Principios\" \/>\n<meta property=\"article:published_time\" content=\"2023-03-23T12:31:05+00:00\" \/>\n<meta property=\"article:modified_time\" content=\"2023-03-31T18:58:35+00:00\" \/>\n<meta property=\"og:image\" content=\"https:\/\/diarioprincipios.com\/wp-content\/uploads\/2023\/03\/IMG-20230323-WA0005.jpg\" \/>\n\t<meta property=\"og:image:width\" content=\"1515\" \/>\n\t<meta property=\"og:image:height\" content=\"689\" \/>\n\t<meta property=\"og:image:type\" content=\"image\/jpeg\" \/>\n<meta name=\"author\" content=\"Hern\u00e1n L\u00f3pez\" \/>\n<meta name=\"twitter:card\" content=\"summary_large_image\" \/>\n<meta name=\"twitter:label1\" content=\"Escrito por\" \/>\n\t<meta name=\"twitter:data1\" content=\"Hern\u00e1n L\u00f3pez\" \/>\n\t<meta name=\"twitter:label2\" content=\"Tiempo de lectura\" \/>\n\t<meta name=\"twitter:data2\" content=\"1 minuto\" \/>\n<script type=\"application\/ld+json\" class=\"yoast-schema-graph\">{\"@context\":\"https:\\\/\\\/schema.org\",\"@graph\":[{\"@type\":\"Article\",\"@id\":\"https:\\\/\\\/diarioprincipios.com\\\/index.php\\\/2023\\\/03\\\/23\\\/el-centro-de-empleados-de-comercio-realizo-un-encuentro-para-concientizar-sobre-violencia-de-genero-y-ninez\\\/#article\",\"isPartOf\":{\"@id\":\"https:\\\/\\\/diarioprincipios.com\\\/index.php\\\/2023\\\/03\\\/23\\\/el-centro-de-empleados-de-comercio-realizo-un-encuentro-para-concientizar-sobre-violencia-de-genero-y-ninez\\\/\"},\"author\":{\"name\":\"Hern\u00e1n L\u00f3pez\",\"@id\":\"https:\\\/\\\/diarioprincipios.com\\\/#\\\/schema\\\/person\\\/436d5a1fd41a5e250e23ff5a6a7cb080\"},\"headline\":\"El Centro de Empleados de Comercio realiz\u00f3 un Encuentro para Concientizar sobre Violencia de G\u00e9nero y Ni\u00f1ez\",\"datePublished\":\"2023-03-23T12:31:05+00:00\",\"dateModified\":\"2023-03-31T18:58:35+00:00\",\"mainEntityOfPage\":{\"@id\":\"https:\\\/\\\/diarioprincipios.com\\\/index.php\\\/2023\\\/03\\\/23\\\/el-centro-de-empleados-de-comercio-realizo-un-encuentro-para-concientizar-sobre-violencia-de-genero-y-ninez\\\/\"},\"wordCount\":220,\"commentCount\":0,\"publisher\":{\"@id\":\"https:\\\/\\\/diarioprincipios.com\\\/#organization\"},\"image\":{\"@id\":\"https:\\\/\\\/diarioprincipios.com\\\/index.php\\\/2023\\\/03\\\/23\\\/el-centro-de-empleados-de-comercio-realizo-un-encuentro-para-concientizar-sobre-violencia-de-genero-y-ninez\\\/#primaryimage\"},\"thumbnailUrl\":\"https:\\\/\\\/diarioprincipios.com\\\/wp-content\\\/uploads\\\/2023\\\/03\\\/IMG-20230323-WA0005.jpg\",\"articleSection\":[\"Quilmes\"],\"inLanguage\":\"es\",\"potentialAction\":[{\"@type\":\"CommentAction\",\"name\":\"Comment\",\"target\":[\"https:\\\/\\\/diarioprincipios.com\\\/index.php\\\/2023\\\/03\\\/23\\\/el-centro-de-empleados-de-comercio-realizo-un-encuentro-para-concientizar-sobre-violencia-de-genero-y-ninez\\\/#respond\"]}]},{\"@type\":\"WebPage\",\"@id\":\"https:\\\/\\\/diarioprincipios.com\\\/index.php\\\/2023\\\/03\\\/23\\\/el-centro-de-empleados-de-comercio-realizo-un-encuentro-para-concientizar-sobre-violencia-de-genero-y-ninez\\\/\",\"url\":\"https:\\\/\\\/diarioprincipios.com\\\/index.php\\\/2023\\\/03\\\/23\\\/el-centro-de-empleados-de-comercio-realizo-un-encuentro-para-concientizar-sobre-violencia-de-genero-y-ninez\\\/\",\"name\":\"El Centro de Empleados de Comercio realiz\u00f3 un Encuentro para Concientizar sobre Violencia de G\u00e9nero y Ni\u00f1ez - Principios\",\"isPartOf\":{\"@id\":\"https:\\\/\\\/diarioprincipios.com\\\/#website\"},\"primaryImageOfPage\":{\"@id\":\"https:\\\/\\\/diarioprincipios.com\\\/index.php\\\/2023\\\/03\\\/23\\\/el-centro-de-empleados-de-comercio-realizo-un-encuentro-para-concientizar-sobre-violencia-de-genero-y-ninez\\\/#primaryimage\"},\"image\":{\"@id\":\"https:\\\/\\\/diarioprincipios.com\\\/index.php\\\/2023\\\/03\\\/23\\\/el-centro-de-empleados-de-comercio-realizo-un-encuentro-para-concientizar-sobre-violencia-de-genero-y-ninez\\\/#primaryimage\"},\"thumbnailUrl\":\"https:\\\/\\\/diarioprincipios.com\\\/wp-content\\\/uploads\\\/2023\\\/03\\\/IMG-20230323-WA0005.jpg\",\"datePublished\":\"2023-03-23T12:31:05+00:00\",\"dateModified\":\"2023-03-31T18:58:35+00:00\",\"breadcrumb\":{\"@id\":\"https:\\\/\\\/diarioprincipios.com\\\/index.php\\\/2023\\\/03\\\/23\\\/el-centro-de-empleados-de-comercio-realizo-un-encuentro-para-concientizar-sobre-violencia-de-genero-y-ninez\\\/#breadcrumb\"},\"inLanguage\":\"es\",\"potentialAction\":[{\"@type\":\"ReadAction\",\"target\":[\"https:\\\/\\\/diarioprincipios.com\\\/index.php\\\/2023\\\/03\\\/23\\\/el-centro-de-empleados-de-comercio-realizo-un-encuentro-para-concientizar-sobre-violencia-de-genero-y-ninez\\\/\"]}]},{\"@type\":\"ImageObject\",\"inLanguage\":\"es\",\"@id\":\"https:\\\/\\\/diarioprincipios.com\\\/index.php\\\/2023\\\/03\\\/23\\\/el-centro-de-empleados-de-comercio-realizo-un-encuentro-para-concientizar-sobre-violencia-de-genero-y-ninez\\\/#primaryimage\",\"url\":\"https:\\\/\\\/diarioprincipios.com\\\/wp-content\\\/uploads\\\/2023\\\/03\\\/IMG-20230323-WA0005.jpg\",\"contentUrl\":\"https:\\\/\\\/diarioprincipios.com\\\/wp-content\\\/uploads\\\/2023\\\/03\\\/IMG-20230323-WA0005.jpg\",\"width\":1515,\"height\":689},{\"@type\":\"BreadcrumbList\",\"@id\":\"https:\\\/\\\/diarioprincipios.com\\\/index.php\\\/2023\\\/03\\\/23\\\/el-centro-de-empleados-de-comercio-realizo-un-encuentro-para-concientizar-sobre-violencia-de-genero-y-ninez\\\/#breadcrumb\",\"itemListElement\":[{\"@type\":\"ListItem\",\"position\":1,\"name\":\"Portada\",\"item\":\"https:\\\/\\\/diarioprincipios.com\\\/\"},{\"@type\":\"ListItem\",\"position\":2,\"name\":\"El Centro de Empleados de Comercio realiz\u00f3 un Encuentro para Concientizar sobre Violencia de G\u00e9nero y Ni\u00f1ez\"}]},{\"@type\":\"WebSite\",\"@id\":\"https:\\\/\\\/diarioprincipios.com\\\/#website\",\"url\":\"https:\\\/\\\/diarioprincipios.com\\\/\",\"name\":\"Principios\",\"description\":\"Principios Diario\",\"publisher\":{\"@id\":\"https:\\\/\\\/diarioprincipios.com\\\/#organization\"},\"potentialAction\":[{\"@type\":\"SearchAction\",\"target\":{\"@type\":\"EntryPoint\",\"urlTemplate\":\"https:\\\/\\\/diarioprincipios.com\\\/?s={search_term_string}\"},\"query-input\":{\"@type\":\"PropertyValueSpecification\",\"valueRequired\":true,\"valueName\":\"search_term_string\"}}],\"inLanguage\":\"es\"},{\"@type\":\"Organization\",\"@id\":\"https:\\\/\\\/diarioprincipios.com\\\/#organization\",\"name\":\"Principios\",\"url\":\"https:\\\/\\\/diarioprincipios.com\\\/\",\"logo\":{\"@type\":\"ImageObject\",\"inLanguage\":\"es\",\"@id\":\"https:\\\/\\\/diarioprincipios.com\\\/#\\\/schema\\\/logo\\\/image\\\/\",\"url\":\"https:\\\/\\\/diarioprincipios.com\\\/wp-content\\\/uploads\\\/2024\\\/04\\\/cropped-www.diarioprincipios.com_-1.png\",\"contentUrl\":\"https:\\\/\\\/diarioprincipios.com\\\/wp-content\\\/uploads\\\/2024\\\/04\\\/cropped-www.diarioprincipios.com_-1.png\",\"width\":5325,\"height\":1454,\"caption\":\"Principios\"},\"image\":{\"@id\":\"https:\\\/\\\/diarioprincipios.com\\\/#\\\/schema\\\/logo\\\/image\\\/\"}},{\"@type\":\"Person\",\"@id\":\"https:\\\/\\\/diarioprincipios.com\\\/#\\\/schema\\\/person\\\/436d5a1fd41a5e250e23ff5a6a7cb080\",\"name\":\"Hern\u00e1n L\u00f3pez\",\"image\":{\"@type\":\"ImageObject\",\"inLanguage\":\"es\",\"@id\":\"https:\\\/\\\/diarioprincipios.com\\\/wp-content\\\/litespeed\\\/avatar\\\/11ddfe5610ff3bd100522525b2571f48.jpg?ver=1777048341\",\"url\":\"https:\\\/\\\/diarioprincipios.com\\\/wp-content\\\/litespeed\\\/avatar\\\/11ddfe5610ff3bd100522525b2571f48.jpg?ver=1777048341\",\"contentUrl\":\"https:\\\/\\\/diarioprincipios.com\\\/wp-content\\\/litespeed\\\/avatar\\\/11ddfe5610ff3bd100522525b2571f48.jpg?ver=1777048341\",\"caption\":\"Hern\u00e1n L\u00f3pez\"},\"url\":\"https:\\\/\\\/diarioprincipios.com\\\/index.php\\\/author\\\/hernan\\\/\"}]}<\/script>\n<!-- \/ Yoast SEO plugin. -->","yoast_head_json":{"title":"El Centro de Empleados de Comercio realiz\u00f3 un Encuentro para Concientizar sobre Violencia de G\u00e9nero y Ni\u00f1ez - Principios","robots":{"index":"index","follow":"follow","max-snippet":"max-snippet:-1","max-image-preview":"max-image-preview:large","max-video-preview":"max-video-preview:-1"},"canonical":"https:\/\/diarioprincipios.com\/index.php\/2023\/03\/23\/el-centro-de-empleados-de-comercio-realizo-un-encuentro-para-concientizar-sobre-violencia-de-genero-y-ninez\/","og_locale":"es_ES","og_type":"article","og_title":"El Centro de Empleados de Comercio realiz\u00f3 un Encuentro para Concientizar sobre Violencia de G\u00e9nero y Ni\u00f1ez - Principios","og_description":"El pasado mi\u00e9rcoles 22 de marzo de 2023, La secretaria de la Mujer del Centro de Empleados de Comercio de Quilmes, que conduce el \u201cMata\u201d Rodr\u00edguez, llevo adelante un nuevo encuentro de concientizaci\u00f3n e informaci\u00f3n sobre \u201cViolencia de G\u00e9nero y Perspectiva de ni\u00f1ez\u201d, a cargo de la Fiscal Mar\u00eda Soledad Garibaldi, especializada en violencia de...","og_url":"https:\/\/diarioprincipios.com\/index.php\/2023\/03\/23\/el-centro-de-empleados-de-comercio-realizo-un-encuentro-para-concientizar-sobre-violencia-de-genero-y-ninez\/","og_site_name":"Principios","article_published_time":"2023-03-23T12:31:05+00:00","article_modified_time":"2023-03-31T18:58:35+00:00","og_image":[{"width":1515,"height":689,"url":"https:\/\/diarioprincipios.com\/wp-content\/uploads\/2023\/03\/IMG-20230323-WA0005.jpg","type":"image\/jpeg"}],"author":"Hern\u00e1n L\u00f3pez","twitter_card":"summary_large_image","twitter_misc":{"Escrito por":"Hern\u00e1n L\u00f3pez","Tiempo de lectura":"1 minuto"},"schema":{"@context":"https:\/\/schema.org","@graph":[{"@type":"Article","@id":"https:\/\/diarioprincipios.com\/index.php\/2023\/03\/23\/el-centro-de-empleados-de-comercio-realizo-un-encuentro-para-concientizar-sobre-violencia-de-genero-y-ninez\/#article","isPartOf":{"@id":"https:\/\/diarioprincipios.com\/index.php\/2023\/03\/23\/el-centro-de-empleados-de-comercio-realizo-un-encuentro-para-concientizar-sobre-violencia-de-genero-y-ninez\/"},"author":{"name":"Hern\u00e1n L\u00f3pez","@id":"https:\/\/diarioprincipios.com\/#\/schema\/person\/436d5a1fd41a5e250e23ff5a6a7cb080"},"headline":"El Centro de Empleados de Comercio realiz\u00f3 un Encuentro para Concientizar sobre Violencia de G\u00e9nero y Ni\u00f1ez","datePublished":"2023-03-23T12:31:05+00:00","dateModified":"2023-03-31T18:58:35+00:00","mainEntityOfPage":{"@id":"https:\/\/diarioprincipios.com\/index.php\/2023\/03\/23\/el-centro-de-empleados-de-comercio-realizo-un-encuentro-para-concientizar-sobre-violencia-de-genero-y-ninez\/"},"wordCount":220,"commentCount":0,"publisher":{"@id":"https:\/\/diarioprincipios.com\/#organization"},"image":{"@id":"https:\/\/diarioprincipios.com\/index.php\/2023\/03\/23\/el-centro-de-empleados-de-comercio-realizo-un-encuentro-para-concientizar-sobre-violencia-de-genero-y-ninez\/#primaryimage"},"thumbnailUrl":"https:\/\/diarioprincipios.com\/wp-content\/uploads\/2023\/03\/IMG-20230323-WA0005.jpg","articleSection":["Quilmes"],"inLanguage":"es","potentialAction":[{"@type":"CommentAction","name":"Comment","target":["https:\/\/diarioprincipios.com\/index.php\/2023\/03\/23\/el-centro-de-empleados-de-comercio-realizo-un-encuentro-para-concientizar-sobre-violencia-de-genero-y-ninez\/#respond"]}]},{"@type":"WebPage","@id":"https:\/\/diarioprincipios.com\/index.php\/2023\/03\/23\/el-centro-de-empleados-de-comercio-realizo-un-encuentro-para-concientizar-sobre-violencia-de-genero-y-ninez\/","url":"https:\/\/diarioprincipios.com\/index.php\/2023\/03\/23\/el-centro-de-empleados-de-comercio-realizo-un-encuentro-para-concientizar-sobre-violencia-de-genero-y-ninez\/","name":"El Centro de Empleados de Comercio realiz\u00f3 un Encuentro para Concientizar sobre Violencia de G\u00e9nero y Ni\u00f1ez - Principios","isPartOf":{"@id":"https:\/\/diarioprincipios.com\/#website"},"primaryImageOfPage":{"@id":"https:\/\/diarioprincipios.com\/index.php\/2023\/03\/23\/el-centro-de-empleados-de-comercio-realizo-un-encuentro-para-concientizar-sobre-violencia-de-genero-y-ninez\/#primaryimage"},"image":{"@id":"https:\/\/diarioprincipios.com\/index.php\/2023\/03\/23\/el-centro-de-empleados-de-comercio-realizo-un-encuentro-para-concientizar-sobre-violencia-de-genero-y-ninez\/#primaryimage"},"thumbnailUrl":"https:\/\/diarioprincipios.com\/wp-content\/uploads\/2023\/03\/IMG-20230323-WA0005.jpg","datePublished":"2023-03-23T12:31:05+00:00","dateModified":"2023-03-31T18:58:35+00:00","breadcrumb":{"@id":"https:\/\/diarioprincipios.com\/index.php\/2023\/03\/23\/el-centro-de-empleados-de-comercio-realizo-un-encuentro-para-concientizar-sobre-violencia-de-genero-y-ninez\/#breadcrumb"},"inLanguage":"es","potentialAction":[{"@type":"ReadAction","target":["https:\/\/diarioprincipios.com\/index.php\/2023\/03\/23\/el-centro-de-empleados-de-comercio-realizo-un-encuentro-para-concientizar-sobre-violencia-de-genero-y-ninez\/"]}]},{"@type":"ImageObject","inLanguage":"es","@id":"https:\/\/diarioprincipios.com\/index.php\/2023\/03\/23\/el-centro-de-empleados-de-comercio-realizo-un-encuentro-para-concientizar-sobre-violencia-de-genero-y-ninez\/#primaryimage","url":"https:\/\/diarioprincipios.com\/wp-content\/uploads\/2023\/03\/IMG-20230323-WA0005.jpg","contentUrl":"https:\/\/diarioprincipios.com\/wp-content\/uploads\/2023\/03\/IMG-20230323-WA0005.jpg","width":1515,"height":689},{"@type":"BreadcrumbList","@id":"https:\/\/diarioprincipios.com\/index.php\/2023\/03\/23\/el-centro-de-empleados-de-comercio-realizo-un-encuentro-para-concientizar-sobre-violencia-de-genero-y-ninez\/#breadcrumb","itemListElement":[{"@type":"ListItem","position":1,"name":"Portada","item":"https:\/\/diarioprincipios.com\/"},{"@type":"ListItem","position":2,"name":"El Centro de Empleados de Comercio realiz\u00f3 un Encuentro para Concientizar sobre Violencia de G\u00e9nero y Ni\u00f1ez"}]},{"@type":"WebSite","@id":"https:\/\/diarioprincipios.com\/#website","url":"https:\/\/diarioprincipios.com\/","name":"Principios","description":"Principios Diario","publisher":{"@id":"https:\/\/diarioprincipios.com\/#organization"},"potentialAction":[{"@type":"SearchAction","target":{"@type":"EntryPoint","urlTemplate":"https:\/\/diarioprincipios.com\/?s={search_term_string}"},"query-input":{"@type":"PropertyValueSpecification","valueRequired":true,"valueName":"search_term_string"}}],"inLanguage":"es"},{"@type":"Organization","@id":"https:\/\/diarioprincipios.com\/#organization","name":"Principios","url":"https:\/\/diarioprincipios.com\/","logo":{"@type":"ImageObject","inLanguage":"es","@id":"https:\/\/diarioprincipios.com\/#\/schema\/logo\/image\/","url":"https:\/\/diarioprincipios.com\/wp-content\/uploads\/2024\/04\/cropped-www.diarioprincipios.com_-1.png","contentUrl":"https:\/\/diarioprincipios.com\/wp-content\/uploads\/2024\/04\/cropped-www.diarioprincipios.com_-1.png","width":5325,"height":1454,"caption":"Principios"},"image":{"@id":"https:\/\/diarioprincipios.com\/#\/schema\/logo\/image\/"}},{"@type":"Person","@id":"https:\/\/diarioprincipios.com\/#\/schema\/person\/436d5a1fd41a5e250e23ff5a6a7cb080","name":"Hern\u00e1n L\u00f3pez","image":{"@type":"ImageObject","inLanguage":"es","@id":"https:\/\/diarioprincipios.com\/wp-content\/litespeed\/avatar\/11ddfe5610ff3bd100522525b2571f48.jpg?ver=1777048341","url":"https:\/\/diarioprincipios.com\/wp-content\/litespeed\/avatar\/11ddfe5610ff3bd100522525b2571f48.jpg?ver=1777048341","contentUrl":"https:\/\/diarioprincipios.com\/wp-content\/litespeed\/avatar\/11ddfe5610ff3bd100522525b2571f48.jpg?ver=1777048341","caption":"Hern\u00e1n L\u00f3pez"},"url":"https:\/\/diarioprincipios.com\/index.php\/author\/hernan\/"}]}},"jetpack_featured_media_url":"https:\/\/diarioprincipios.com\/wp-content\/uploads\/2023\/03\/IMG-20230323-WA0005.jpg","_links":{"self":[{"href":"https:\/\/diarioprincipios.com\/index.php\/wp-json\/wp\/v2\/posts\/16285","targetHints":{"allow":["GET"]}}],"collection":[{"href":"https:\/\/diarioprincipios.com\/index.php\/wp-json\/wp\/v2\/posts"}],"about":[{"href":"https:\/\/diarioprincipios.com\/index.php\/wp-json\/wp\/v2\/types\/post"}],"author":[{"embeddable":true,"href":"https:\/\/diarioprincipios.com\/index.php\/wp-json\/wp\/v2\/users\/2"}],"replies":[{"embeddable":true,"href":"https:\/\/diarioprincipios.com\/index.php\/wp-json\/wp\/v2\/comments?post=16285"}],"version-history":[{"count":1,"href":"https:\/\/diarioprincipios.com\/index.php\/wp-json\/wp\/v2\/posts\/16285\/revisions"}],"predecessor-version":[{"id":16287,"href":"https:\/\/diarioprincipios.com\/index.php\/wp-json\/wp\/v2\/posts\/16285\/revisions\/16287"}],"wp:featuredmedia":[{"embeddable":true,"href":"https:\/\/diarioprincipios.com\/index.php\/wp-json\/wp\/v2\/media\/16286"}],"wp:attachment":[{"href":"https:\/\/diarioprincipios.com\/index.php\/wp-json\/wp\/v2\/media?parent=16285"}],"wp:term":[{"taxonomy":"category","embeddable":true,"href":"https:\/\/diarioprincipios.com\/index.php\/wp-json\/wp\/v2\/categories?post=16285"},{"taxonomy":"post_tag","embeddable":true,"href":"https:\/\/diarioprincipios.com\/index.php\/wp-json\/wp\/v2\/tags?post=16285"}],"curies":[{"name":"wp","href":"https:\/\/api.w.org\/{rel}","templated":true}]}}