{"id":16277,"date":"2023-03-22T15:31:31","date_gmt":"2023-03-22T18:31:31","guid":{"rendered":"http:\/\/diarioprincipios.com\/?p=16277"},"modified":"2023-03-31T15:58:24","modified_gmt":"2023-03-31T18:58:24","slug":"kicillof-y-ferraresi-inauguraron-el-jardin-provincial-920-de-gerli","status":"publish","type":"post","link":"https:\/\/diarioprincipios.com\/index.php\/2023\/03\/22\/kicillof-y-ferraresi-inauguraron-el-jardin-provincial-920-de-gerli\/","title":{"rendered":"Kicillof y Ferraresi inauguraron el jard\u00edn provincial 920 de Gerli"},"content":{"rendered":"\n<p>Est\u00e1 ubicado en las intersecciones de Newton, Lacarra y G\u00fcemes, donde antes hab\u00eda una estaci\u00f3n de servicio abandonada.<\/p>\n\n\n\n<p>El intendente de Avellaneda, Jorge Ferraresi, y la jefa de Gabinete, Magdalena Sierra, recibieron hoy al gobernador de la Provincia, Axel Kicillof, y el director General de Cultura y Educaci\u00f3n, Alberto Sileoni, para inaugurar el jard\u00edn de infantes provincial 920 \u201cIslas Malvinas\u201d.<\/p>\n\n\n\n<figure class=\"wp-block-image size-large\"><img loading=\"lazy\" decoding=\"async\" width=\"1024\" height=\"681\" src=\"https:\/\/diarioprincipios.com\/wp-content\/uploads\/2023\/03\/337029962_102218396161807_5170389248437419534_n-1024x681.jpg\" alt=\"\" class=\"wp-image-16278\" srcset=\"https:\/\/diarioprincipios.com\/wp-content\/uploads\/2023\/03\/337029962_102218396161807_5170389248437419534_n-1024x681.jpg 1024w, https:\/\/diarioprincipios.com\/wp-content\/uploads\/2023\/03\/337029962_102218396161807_5170389248437419534_n-300x200.jpg 300w, https:\/\/diarioprincipios.com\/wp-content\/uploads\/2023\/03\/337029962_102218396161807_5170389248437419534_n-768x511.jpg 768w, https:\/\/diarioprincipios.com\/wp-content\/uploads\/2023\/03\/337029962_102218396161807_5170389248437419534_n-1536x1021.jpg 1536w, https:\/\/diarioprincipios.com\/wp-content\/uploads\/2023\/03\/337029962_102218396161807_5170389248437419534_n.jpg 1600w\" sizes=\"auto, (max-width: 1024px) 100vw, 1024px\" \/><\/figure>\n\n\n\n<p>Acompa\u00f1ados por la presidente la C\u00e1mara de Diputados, Cecilia Moreau; el ministro de H\u00e1bitat y Desarrollo Urbano bonaerense, Agust\u00edn Simone, y la comunidad educativa, los funcionarios se trasladaron desde Rep\u00fablica del L\u00edbano al 1900, donde funcionaba antes el jard\u00edn, hasta el cruce de Newton, Lacarra y G\u00fcemes, donde se ubica la flamante construcci\u00f3n.<\/p>\n\n\n\n<p>Se trata de la refuncionalizaci\u00f3n de un edificio, en cuya planta baja se ubicar\u00e1 el jard\u00edn maternal 24, y en la planta alta el Jard\u00edn de Infantes 920. Cada instituci\u00f3n cuenta con aulas, n\u00facleos sanitarios, SUM, patios y espacios necesarios para la recreaci\u00f3n de los alumnos. El acceso principal del Jard\u00edn de Infantes est\u00e1 compuesto por una rampa y escalera. En este caso, la inversi\u00f3n fue de $ 183.916.501,45.<\/p>\n\n\n\n<figure class=\"wp-block-image size-large\"><img loading=\"lazy\" decoding=\"async\" width=\"1024\" height=\"681\" src=\"https:\/\/diarioprincipios.com\/wp-content\/uploads\/2023\/03\/337106152_607831467509225_2450977751367424194_n-1024x681.jpg\" alt=\"\" class=\"wp-image-16279\" srcset=\"https:\/\/diarioprincipios.com\/wp-content\/uploads\/2023\/03\/337106152_607831467509225_2450977751367424194_n-1024x681.jpg 1024w, https:\/\/diarioprincipios.com\/wp-content\/uploads\/2023\/03\/337106152_607831467509225_2450977751367424194_n-300x200.jpg 300w, https:\/\/diarioprincipios.com\/wp-content\/uploads\/2023\/03\/337106152_607831467509225_2450977751367424194_n-768x511.jpg 768w, https:\/\/diarioprincipios.com\/wp-content\/uploads\/2023\/03\/337106152_607831467509225_2450977751367424194_n-1536x1021.jpg 1536w, https:\/\/diarioprincipios.com\/wp-content\/uploads\/2023\/03\/337106152_607831467509225_2450977751367424194_n.jpg 1600w\" sizes=\"auto, (max-width: 1024px) 100vw, 1024px\" \/><\/figure>\n\n\n\n<p>\u201cEsto no es lujo, es lo que los pibes tienen que tener\u201d, expres\u00f3 Ferraresi luego del recorrido por las instalaciones junto al Gobernador. M\u00e1s tarde, destac\u00f3 la gran cantidad de jardines maternales p\u00fablicos que hay en Avellaneda, todos con el mismo nivel de infraestructura.<\/p>\n\n\n\n<p>Finalmente, el Intendente valor\u00f3 la gesti\u00f3n de Kicillof \u00abporque se ocupa de la educaci\u00f3n y da respuestas\u00bb.<\/p>\n\n\n\n<p>\u201cEste distrito puso en el centro a la educaci\u00f3n\u201d, destac\u00f3 Sileoni por su parte, al tiempo que subray\u00f3: \u201cCelebramos la democracia inaugurando escuelas\u201d.<\/p>\n\n\n\n<p>\u201cEste edificio es la escuela n\u00famero 150 que estamos inaugurando en la Provincia\u201d, se\u00f1al\u00f3 Kicillof y sigui\u00f3: \u201cEl gobierno anterior se llen\u00f3 la boca hablando de Educaci\u00f3n. Nunca hubo m\u00e1s plata que en el gobierno de Macri y Vidal, endeudaron el pa\u00eds y la provincia, pero en las escuelas p\u00fablicas se ca\u00edan techos y paredes por desidia. Tienen desprecio por lo bonaerense\u201d, pero destac\u00f3: \u00abMientras el neoliberalismo arrasaba con la educaci\u00f3n, ac\u00e1 en Avellaneda se hac\u00edan las escuelas m\u00e1s lindas de la provincia\u00bb.<\/p>\n\n\n\n<p>\u201cAqu\u00ed tienen un Estado inteligente, eficaz y sensible, con prioridades claras\u201d, compar\u00f3 el Gobernador.<\/p>\n\n\n\n<figure class=\"wp-block-image size-large\"><img loading=\"lazy\" decoding=\"async\" width=\"1024\" height=\"681\" src=\"https:\/\/diarioprincipios.com\/wp-content\/uploads\/2023\/03\/336996737_929153218279724_8813006300795020736_n-1024x681.jpg\" alt=\"\" class=\"wp-image-16280\" srcset=\"https:\/\/diarioprincipios.com\/wp-content\/uploads\/2023\/03\/336996737_929153218279724_8813006300795020736_n-1024x681.jpg 1024w, https:\/\/diarioprincipios.com\/wp-content\/uploads\/2023\/03\/336996737_929153218279724_8813006300795020736_n-300x200.jpg 300w, https:\/\/diarioprincipios.com\/wp-content\/uploads\/2023\/03\/336996737_929153218279724_8813006300795020736_n-768x511.jpg 768w, https:\/\/diarioprincipios.com\/wp-content\/uploads\/2023\/03\/336996737_929153218279724_8813006300795020736_n-1536x1021.jpg 1536w, https:\/\/diarioprincipios.com\/wp-content\/uploads\/2023\/03\/336996737_929153218279724_8813006300795020736_n.jpg 1600w\" sizes=\"auto, (max-width: 1024px) 100vw, 1024px\" \/><\/figure>\n\n\n\n<p>M\u00e1s adelante, manifest\u00f3 su apoyo a Ferraresi como interventor de Edesur: \u201cJorge viene a tomar un fierro caliente, como siempre. La provincia de Buenos Aires est\u00e1 a disposici\u00f3n para que se lleve adelante lo que siempre tuvo que pasar: un plan de inversi\u00f3n de Edesur al servicio de los y las bonaerenses\u201d.<\/p>\n\n\n\n<p>Durante el acto, el intendente de Avellaneda y el ministro Simone tambi\u00e9n firmaron un convenio para realizar obras habitacionales en el Barrio Corina.<\/p>\n\n\n\n<p>En la jornada estuvieron presentes, la directora del jard\u00edn, Marina Gorosito; el presidente de HCD Hugo Barrueco; el secretario de Obras y Servicios P\u00fablicos, Gast\u00f3n Seillan; el subsecretario de Infraestructura Escolar, Hugo Duarte; la presidenta del Consejo Escolar, Claudia Colaso; la secretaria de Educaci\u00f3n, Mar\u00eda Laura De Vincenti; y el jefe distrital, Gustavo Pistorino; entre otros.<\/p>\n","protected":false},"excerpt":{"rendered":"<p>Est\u00e1 ubicado en las intersecciones de Newton, Lacarra y G\u00fcemes, donde antes hab\u00eda una estaci\u00f3n de servicio abandonada. El intendente de Avellaneda, Jorge Ferraresi, y la jefa de Gabinete, Magdalena Sierra, recibieron hoy al gobernador de la Provincia, Axel Kicillof, y el director General de Cultura y Educaci\u00f3n, Alberto Sileoni, para inaugurar el jard\u00edn de&#8230;<\/p>\n","protected":false},"author":2,"featured_media":16281,"comment_status":"open","ping_status":"open","sticky":false,"template":"","format":"standard","meta":{"footnotes":""},"categories":[5],"tags":[],"class_list":["post-16277","post","type-post","status-publish","format-standard","has-post-thumbnail","hentry","category-avellaneda"],"featured_image_src":"https:\/\/diarioprincipios.com\/wp-content\/uploads\/2023\/03\/337264737_1163530084311067_7943901645953124802_n-1024x681.jpg","blog_images":{"medium":"https:\/\/diarioprincipios.com\/wp-content\/uploads\/2023\/03\/337264737_1163530084311067_7943901645953124802_n-300x200.jpg","large":"https:\/\/diarioprincipios.com\/wp-content\/uploads\/2023\/03\/337264737_1163530084311067_7943901645953124802_n-1024x681.jpg"},"ams_acf":[],"yoast_head":"<!-- This site is optimized with the Yoast SEO plugin v27.3 - https:\/\/yoast.com\/product\/yoast-seo-wordpress\/ -->\n<title>Kicillof y Ferraresi inauguraron el jard\u00edn provincial 920 de Gerli - Principios<\/title>\n<meta name=\"robots\" content=\"index, follow, max-snippet:-1, max-image-preview:large, max-video-preview:-1\" \/>\n<link rel=\"canonical\" href=\"https:\/\/diarioprincipios.com\/index.php\/2023\/03\/22\/kicillof-y-ferraresi-inauguraron-el-jardin-provincial-920-de-gerli\/\" \/>\n<meta property=\"og:locale\" content=\"es_ES\" \/>\n<meta property=\"og:type\" content=\"article\" \/>\n<meta property=\"og:title\" content=\"Kicillof y Ferraresi inauguraron el jard\u00edn provincial 920 de Gerli - Principios\" \/>\n<meta property=\"og:description\" content=\"Est\u00e1 ubicado en las intersecciones de Newton, Lacarra y G\u00fcemes, donde antes hab\u00eda una estaci\u00f3n de servicio abandonada. El intendente de Avellaneda, Jorge Ferraresi, y la jefa de Gabinete, Magdalena Sierra, recibieron hoy al gobernador de la Provincia, Axel Kicillof, y el director General de Cultura y Educaci\u00f3n, Alberto Sileoni, para inaugurar el jard\u00edn de...\" \/>\n<meta property=\"og:url\" content=\"https:\/\/diarioprincipios.com\/index.php\/2023\/03\/22\/kicillof-y-ferraresi-inauguraron-el-jardin-provincial-920-de-gerli\/\" \/>\n<meta property=\"og:site_name\" content=\"Principios\" \/>\n<meta property=\"article:published_time\" content=\"2023-03-22T18:31:31+00:00\" \/>\n<meta property=\"article:modified_time\" content=\"2023-03-31T18:58:24+00:00\" \/>\n<meta property=\"og:image\" content=\"https:\/\/diarioprincipios.com\/wp-content\/uploads\/2023\/03\/337264737_1163530084311067_7943901645953124802_n.jpg\" \/>\n\t<meta property=\"og:image:width\" content=\"1600\" \/>\n\t<meta property=\"og:image:height\" content=\"1064\" \/>\n\t<meta property=\"og:image:type\" content=\"image\/jpeg\" \/>\n<meta name=\"author\" content=\"Hern\u00e1n L\u00f3pez\" \/>\n<meta name=\"twitter:card\" content=\"summary_large_image\" \/>\n<meta name=\"twitter:label1\" content=\"Escrito por\" \/>\n\t<meta name=\"twitter:data1\" content=\"Hern\u00e1n L\u00f3pez\" \/>\n\t<meta name=\"twitter:label2\" content=\"Tiempo de lectura\" \/>\n\t<meta name=\"twitter:data2\" content=\"3 minutos\" \/>\n<script type=\"application\/ld+json\" class=\"yoast-schema-graph\">{\"@context\":\"https:\\\/\\\/schema.org\",\"@graph\":[{\"@type\":\"Article\",\"@id\":\"https:\\\/\\\/diarioprincipios.com\\\/index.php\\\/2023\\\/03\\\/22\\\/kicillof-y-ferraresi-inauguraron-el-jardin-provincial-920-de-gerli\\\/#article\",\"isPartOf\":{\"@id\":\"https:\\\/\\\/diarioprincipios.com\\\/index.php\\\/2023\\\/03\\\/22\\\/kicillof-y-ferraresi-inauguraron-el-jardin-provincial-920-de-gerli\\\/\"},\"author\":{\"name\":\"Hern\u00e1n L\u00f3pez\",\"@id\":\"https:\\\/\\\/diarioprincipios.com\\\/#\\\/schema\\\/person\\\/436d5a1fd41a5e250e23ff5a6a7cb080\"},\"headline\":\"Kicillof y Ferraresi inauguraron el jard\u00edn provincial 920 de Gerli\",\"datePublished\":\"2023-03-22T18:31:31+00:00\",\"dateModified\":\"2023-03-31T18:58:24+00:00\",\"mainEntityOfPage\":{\"@id\":\"https:\\\/\\\/diarioprincipios.com\\\/index.php\\\/2023\\\/03\\\/22\\\/kicillof-y-ferraresi-inauguraron-el-jardin-provincial-920-de-gerli\\\/\"},\"wordCount\":543,\"commentCount\":0,\"publisher\":{\"@id\":\"https:\\\/\\\/diarioprincipios.com\\\/#organization\"},\"image\":{\"@id\":\"https:\\\/\\\/diarioprincipios.com\\\/index.php\\\/2023\\\/03\\\/22\\\/kicillof-y-ferraresi-inauguraron-el-jardin-provincial-920-de-gerli\\\/#primaryimage\"},\"thumbnailUrl\":\"https:\\\/\\\/diarioprincipios.com\\\/wp-content\\\/uploads\\\/2023\\\/03\\\/337264737_1163530084311067_7943901645953124802_n.jpg\",\"articleSection\":[\"Avellaneda\"],\"inLanguage\":\"es\",\"potentialAction\":[{\"@type\":\"CommentAction\",\"name\":\"Comment\",\"target\":[\"https:\\\/\\\/diarioprincipios.com\\\/index.php\\\/2023\\\/03\\\/22\\\/kicillof-y-ferraresi-inauguraron-el-jardin-provincial-920-de-gerli\\\/#respond\"]}]},{\"@type\":\"WebPage\",\"@id\":\"https:\\\/\\\/diarioprincipios.com\\\/index.php\\\/2023\\\/03\\\/22\\\/kicillof-y-ferraresi-inauguraron-el-jardin-provincial-920-de-gerli\\\/\",\"url\":\"https:\\\/\\\/diarioprincipios.com\\\/index.php\\\/2023\\\/03\\\/22\\\/kicillof-y-ferraresi-inauguraron-el-jardin-provincial-920-de-gerli\\\/\",\"name\":\"Kicillof y Ferraresi inauguraron el jard\u00edn provincial 920 de Gerli - Principios\",\"isPartOf\":{\"@id\":\"https:\\\/\\\/diarioprincipios.com\\\/#website\"},\"primaryImageOfPage\":{\"@id\":\"https:\\\/\\\/diarioprincipios.com\\\/index.php\\\/2023\\\/03\\\/22\\\/kicillof-y-ferraresi-inauguraron-el-jardin-provincial-920-de-gerli\\\/#primaryimage\"},\"image\":{\"@id\":\"https:\\\/\\\/diarioprincipios.com\\\/index.php\\\/2023\\\/03\\\/22\\\/kicillof-y-ferraresi-inauguraron-el-jardin-provincial-920-de-gerli\\\/#primaryimage\"},\"thumbnailUrl\":\"https:\\\/\\\/diarioprincipios.com\\\/wp-content\\\/uploads\\\/2023\\\/03\\\/337264737_1163530084311067_7943901645953124802_n.jpg\",\"datePublished\":\"2023-03-22T18:31:31+00:00\",\"dateModified\":\"2023-03-31T18:58:24+00:00\",\"breadcrumb\":{\"@id\":\"https:\\\/\\\/diarioprincipios.com\\\/index.php\\\/2023\\\/03\\\/22\\\/kicillof-y-ferraresi-inauguraron-el-jardin-provincial-920-de-gerli\\\/#breadcrumb\"},\"inLanguage\":\"es\",\"potentialAction\":[{\"@type\":\"ReadAction\",\"target\":[\"https:\\\/\\\/diarioprincipios.com\\\/index.php\\\/2023\\\/03\\\/22\\\/kicillof-y-ferraresi-inauguraron-el-jardin-provincial-920-de-gerli\\\/\"]}]},{\"@type\":\"ImageObject\",\"inLanguage\":\"es\",\"@id\":\"https:\\\/\\\/diarioprincipios.com\\\/index.php\\\/2023\\\/03\\\/22\\\/kicillof-y-ferraresi-inauguraron-el-jardin-provincial-920-de-gerli\\\/#primaryimage\",\"url\":\"https:\\\/\\\/diarioprincipios.com\\\/wp-content\\\/uploads\\\/2023\\\/03\\\/337264737_1163530084311067_7943901645953124802_n.jpg\",\"contentUrl\":\"https:\\\/\\\/diarioprincipios.com\\\/wp-content\\\/uploads\\\/2023\\\/03\\\/337264737_1163530084311067_7943901645953124802_n.jpg\",\"width\":1600,\"height\":1064},{\"@type\":\"BreadcrumbList\",\"@id\":\"https:\\\/\\\/diarioprincipios.com\\\/index.php\\\/2023\\\/03\\\/22\\\/kicillof-y-ferraresi-inauguraron-el-jardin-provincial-920-de-gerli\\\/#breadcrumb\",\"itemListElement\":[{\"@type\":\"ListItem\",\"position\":1,\"name\":\"Portada\",\"item\":\"https:\\\/\\\/diarioprincipios.com\\\/\"},{\"@type\":\"ListItem\",\"position\":2,\"name\":\"Kicillof y Ferraresi inauguraron el jard\u00edn provincial 920 de Gerli\"}]},{\"@type\":\"WebSite\",\"@id\":\"https:\\\/\\\/diarioprincipios.com\\\/#website\",\"url\":\"https:\\\/\\\/diarioprincipios.com\\\/\",\"name\":\"Principios\",\"description\":\"Principios Diario\",\"publisher\":{\"@id\":\"https:\\\/\\\/diarioprincipios.com\\\/#organization\"},\"potentialAction\":[{\"@type\":\"SearchAction\",\"target\":{\"@type\":\"EntryPoint\",\"urlTemplate\":\"https:\\\/\\\/diarioprincipios.com\\\/?s={search_term_string}\"},\"query-input\":{\"@type\":\"PropertyValueSpecification\",\"valueRequired\":true,\"valueName\":\"search_term_string\"}}],\"inLanguage\":\"es\"},{\"@type\":\"Organization\",\"@id\":\"https:\\\/\\\/diarioprincipios.com\\\/#organization\",\"name\":\"Principios\",\"url\":\"https:\\\/\\\/diarioprincipios.com\\\/\",\"logo\":{\"@type\":\"ImageObject\",\"inLanguage\":\"es\",\"@id\":\"https:\\\/\\\/diarioprincipios.com\\\/#\\\/schema\\\/logo\\\/image\\\/\",\"url\":\"https:\\\/\\\/diarioprincipios.com\\\/wp-content\\\/uploads\\\/2024\\\/04\\\/cropped-www.diarioprincipios.com_-1.png\",\"contentUrl\":\"https:\\\/\\\/diarioprincipios.com\\\/wp-content\\\/uploads\\\/2024\\\/04\\\/cropped-www.diarioprincipios.com_-1.png\",\"width\":5325,\"height\":1454,\"caption\":\"Principios\"},\"image\":{\"@id\":\"https:\\\/\\\/diarioprincipios.com\\\/#\\\/schema\\\/logo\\\/image\\\/\"}},{\"@type\":\"Person\",\"@id\":\"https:\\\/\\\/diarioprincipios.com\\\/#\\\/schema\\\/person\\\/436d5a1fd41a5e250e23ff5a6a7cb080\",\"name\":\"Hern\u00e1n L\u00f3pez\",\"image\":{\"@type\":\"ImageObject\",\"inLanguage\":\"es\",\"@id\":\"https:\\\/\\\/diarioprincipios.com\\\/wp-content\\\/litespeed\\\/avatar\\\/11ddfe5610ff3bd100522525b2571f48.jpg?ver=1777048341\",\"url\":\"https:\\\/\\\/diarioprincipios.com\\\/wp-content\\\/litespeed\\\/avatar\\\/11ddfe5610ff3bd100522525b2571f48.jpg?ver=1777048341\",\"contentUrl\":\"https:\\\/\\\/diarioprincipios.com\\\/wp-content\\\/litespeed\\\/avatar\\\/11ddfe5610ff3bd100522525b2571f48.jpg?ver=1777048341\",\"caption\":\"Hern\u00e1n L\u00f3pez\"},\"url\":\"https:\\\/\\\/diarioprincipios.com\\\/index.php\\\/author\\\/hernan\\\/\"}]}<\/script>\n<!-- \/ Yoast SEO plugin. -->","yoast_head_json":{"title":"Kicillof y Ferraresi inauguraron el jard\u00edn provincial 920 de Gerli - Principios","robots":{"index":"index","follow":"follow","max-snippet":"max-snippet:-1","max-image-preview":"max-image-preview:large","max-video-preview":"max-video-preview:-1"},"canonical":"https:\/\/diarioprincipios.com\/index.php\/2023\/03\/22\/kicillof-y-ferraresi-inauguraron-el-jardin-provincial-920-de-gerli\/","og_locale":"es_ES","og_type":"article","og_title":"Kicillof y Ferraresi inauguraron el jard\u00edn provincial 920 de Gerli - Principios","og_description":"Est\u00e1 ubicado en las intersecciones de Newton, Lacarra y G\u00fcemes, donde antes hab\u00eda una estaci\u00f3n de servicio abandonada. El intendente de Avellaneda, Jorge Ferraresi, y la jefa de Gabinete, Magdalena Sierra, recibieron hoy al gobernador de la Provincia, Axel Kicillof, y el director General de Cultura y Educaci\u00f3n, Alberto Sileoni, para inaugurar el jard\u00edn de...","og_url":"https:\/\/diarioprincipios.com\/index.php\/2023\/03\/22\/kicillof-y-ferraresi-inauguraron-el-jardin-provincial-920-de-gerli\/","og_site_name":"Principios","article_published_time":"2023-03-22T18:31:31+00:00","article_modified_time":"2023-03-31T18:58:24+00:00","og_image":[{"width":1600,"height":1064,"url":"https:\/\/diarioprincipios.com\/wp-content\/uploads\/2023\/03\/337264737_1163530084311067_7943901645953124802_n.jpg","type":"image\/jpeg"}],"author":"Hern\u00e1n L\u00f3pez","twitter_card":"summary_large_image","twitter_misc":{"Escrito por":"Hern\u00e1n L\u00f3pez","Tiempo de lectura":"3 minutos"},"schema":{"@context":"https:\/\/schema.org","@graph":[{"@type":"Article","@id":"https:\/\/diarioprincipios.com\/index.php\/2023\/03\/22\/kicillof-y-ferraresi-inauguraron-el-jardin-provincial-920-de-gerli\/#article","isPartOf":{"@id":"https:\/\/diarioprincipios.com\/index.php\/2023\/03\/22\/kicillof-y-ferraresi-inauguraron-el-jardin-provincial-920-de-gerli\/"},"author":{"name":"Hern\u00e1n L\u00f3pez","@id":"https:\/\/diarioprincipios.com\/#\/schema\/person\/436d5a1fd41a5e250e23ff5a6a7cb080"},"headline":"Kicillof y Ferraresi inauguraron el jard\u00edn provincial 920 de Gerli","datePublished":"2023-03-22T18:31:31+00:00","dateModified":"2023-03-31T18:58:24+00:00","mainEntityOfPage":{"@id":"https:\/\/diarioprincipios.com\/index.php\/2023\/03\/22\/kicillof-y-ferraresi-inauguraron-el-jardin-provincial-920-de-gerli\/"},"wordCount":543,"commentCount":0,"publisher":{"@id":"https:\/\/diarioprincipios.com\/#organization"},"image":{"@id":"https:\/\/diarioprincipios.com\/index.php\/2023\/03\/22\/kicillof-y-ferraresi-inauguraron-el-jardin-provincial-920-de-gerli\/#primaryimage"},"thumbnailUrl":"https:\/\/diarioprincipios.com\/wp-content\/uploads\/2023\/03\/337264737_1163530084311067_7943901645953124802_n.jpg","articleSection":["Avellaneda"],"inLanguage":"es","potentialAction":[{"@type":"CommentAction","name":"Comment","target":["https:\/\/diarioprincipios.com\/index.php\/2023\/03\/22\/kicillof-y-ferraresi-inauguraron-el-jardin-provincial-920-de-gerli\/#respond"]}]},{"@type":"WebPage","@id":"https:\/\/diarioprincipios.com\/index.php\/2023\/03\/22\/kicillof-y-ferraresi-inauguraron-el-jardin-provincial-920-de-gerli\/","url":"https:\/\/diarioprincipios.com\/index.php\/2023\/03\/22\/kicillof-y-ferraresi-inauguraron-el-jardin-provincial-920-de-gerli\/","name":"Kicillof y Ferraresi inauguraron el jard\u00edn provincial 920 de Gerli - Principios","isPartOf":{"@id":"https:\/\/diarioprincipios.com\/#website"},"primaryImageOfPage":{"@id":"https:\/\/diarioprincipios.com\/index.php\/2023\/03\/22\/kicillof-y-ferraresi-inauguraron-el-jardin-provincial-920-de-gerli\/#primaryimage"},"image":{"@id":"https:\/\/diarioprincipios.com\/index.php\/2023\/03\/22\/kicillof-y-ferraresi-inauguraron-el-jardin-provincial-920-de-gerli\/#primaryimage"},"thumbnailUrl":"https:\/\/diarioprincipios.com\/wp-content\/uploads\/2023\/03\/337264737_1163530084311067_7943901645953124802_n.jpg","datePublished":"2023-03-22T18:31:31+00:00","dateModified":"2023-03-31T18:58:24+00:00","breadcrumb":{"@id":"https:\/\/diarioprincipios.com\/index.php\/2023\/03\/22\/kicillof-y-ferraresi-inauguraron-el-jardin-provincial-920-de-gerli\/#breadcrumb"},"inLanguage":"es","potentialAction":[{"@type":"ReadAction","target":["https:\/\/diarioprincipios.com\/index.php\/2023\/03\/22\/kicillof-y-ferraresi-inauguraron-el-jardin-provincial-920-de-gerli\/"]}]},{"@type":"ImageObject","inLanguage":"es","@id":"https:\/\/diarioprincipios.com\/index.php\/2023\/03\/22\/kicillof-y-ferraresi-inauguraron-el-jardin-provincial-920-de-gerli\/#primaryimage","url":"https:\/\/diarioprincipios.com\/wp-content\/uploads\/2023\/03\/337264737_1163530084311067_7943901645953124802_n.jpg","contentUrl":"https:\/\/diarioprincipios.com\/wp-content\/uploads\/2023\/03\/337264737_1163530084311067_7943901645953124802_n.jpg","width":1600,"height":1064},{"@type":"BreadcrumbList","@id":"https:\/\/diarioprincipios.com\/index.php\/2023\/03\/22\/kicillof-y-ferraresi-inauguraron-el-jardin-provincial-920-de-gerli\/#breadcrumb","itemListElement":[{"@type":"ListItem","position":1,"name":"Portada","item":"https:\/\/diarioprincipios.com\/"},{"@type":"ListItem","position":2,"name":"Kicillof y Ferraresi inauguraron el jard\u00edn provincial 920 de Gerli"}]},{"@type":"WebSite","@id":"https:\/\/diarioprincipios.com\/#website","url":"https:\/\/diarioprincipios.com\/","name":"Principios","description":"Principios Diario","publisher":{"@id":"https:\/\/diarioprincipios.com\/#organization"},"potentialAction":[{"@type":"SearchAction","target":{"@type":"EntryPoint","urlTemplate":"https:\/\/diarioprincipios.com\/?s={search_term_string}"},"query-input":{"@type":"PropertyValueSpecification","valueRequired":true,"valueName":"search_term_string"}}],"inLanguage":"es"},{"@type":"Organization","@id":"https:\/\/diarioprincipios.com\/#organization","name":"Principios","url":"https:\/\/diarioprincipios.com\/","logo":{"@type":"ImageObject","inLanguage":"es","@id":"https:\/\/diarioprincipios.com\/#\/schema\/logo\/image\/","url":"https:\/\/diarioprincipios.com\/wp-content\/uploads\/2024\/04\/cropped-www.diarioprincipios.com_-1.png","contentUrl":"https:\/\/diarioprincipios.com\/wp-content\/uploads\/2024\/04\/cropped-www.diarioprincipios.com_-1.png","width":5325,"height":1454,"caption":"Principios"},"image":{"@id":"https:\/\/diarioprincipios.com\/#\/schema\/logo\/image\/"}},{"@type":"Person","@id":"https:\/\/diarioprincipios.com\/#\/schema\/person\/436d5a1fd41a5e250e23ff5a6a7cb080","name":"Hern\u00e1n L\u00f3pez","image":{"@type":"ImageObject","inLanguage":"es","@id":"https:\/\/diarioprincipios.com\/wp-content\/litespeed\/avatar\/11ddfe5610ff3bd100522525b2571f48.jpg?ver=1777048341","url":"https:\/\/diarioprincipios.com\/wp-content\/litespeed\/avatar\/11ddfe5610ff3bd100522525b2571f48.jpg?ver=1777048341","contentUrl":"https:\/\/diarioprincipios.com\/wp-content\/litespeed\/avatar\/11ddfe5610ff3bd100522525b2571f48.jpg?ver=1777048341","caption":"Hern\u00e1n L\u00f3pez"},"url":"https:\/\/diarioprincipios.com\/index.php\/author\/hernan\/"}]}},"jetpack_featured_media_url":"https:\/\/diarioprincipios.com\/wp-content\/uploads\/2023\/03\/337264737_1163530084311067_7943901645953124802_n.jpg","_links":{"self":[{"href":"https:\/\/diarioprincipios.com\/index.php\/wp-json\/wp\/v2\/posts\/16277","targetHints":{"allow":["GET"]}}],"collection":[{"href":"https:\/\/diarioprincipios.com\/index.php\/wp-json\/wp\/v2\/posts"}],"about":[{"href":"https:\/\/diarioprincipios.com\/index.php\/wp-json\/wp\/v2\/types\/post"}],"author":[{"embeddable":true,"href":"https:\/\/diarioprincipios.com\/index.php\/wp-json\/wp\/v2\/users\/2"}],"replies":[{"embeddable":true,"href":"https:\/\/diarioprincipios.com\/index.php\/wp-json\/wp\/v2\/comments?post=16277"}],"version-history":[{"count":1,"href":"https:\/\/diarioprincipios.com\/index.php\/wp-json\/wp\/v2\/posts\/16277\/revisions"}],"predecessor-version":[{"id":16282,"href":"https:\/\/diarioprincipios.com\/index.php\/wp-json\/wp\/v2\/posts\/16277\/revisions\/16282"}],"wp:featuredmedia":[{"embeddable":true,"href":"https:\/\/diarioprincipios.com\/index.php\/wp-json\/wp\/v2\/media\/16281"}],"wp:attachment":[{"href":"https:\/\/diarioprincipios.com\/index.php\/wp-json\/wp\/v2\/media?parent=16277"}],"wp:term":[{"taxonomy":"category","embeddable":true,"href":"https:\/\/diarioprincipios.com\/index.php\/wp-json\/wp\/v2\/categories?post=16277"},{"taxonomy":"post_tag","embeddable":true,"href":"https:\/\/diarioprincipios.com\/index.php\/wp-json\/wp\/v2\/tags?post=16277"}],"curies":[{"name":"wp","href":"https:\/\/api.w.org\/{rel}","templated":true}]}}