{"id":16268,"date":"2023-03-22T15:01:52","date_gmt":"2023-03-22T18:01:52","guid":{"rendered":"http:\/\/diarioprincipios.com\/?p=16268"},"modified":"2023-03-31T15:58:16","modified_gmt":"2023-03-31T18:58:16","slug":"se-realizo-en-berazategui-la-exhibicion-mujer-deportista","status":"publish","type":"post","link":"https:\/\/diarioprincipios.com\/index.php\/2023\/03\/22\/se-realizo-en-berazategui-la-exhibicion-mujer-deportista\/","title":{"rendered":"Se realiz\u00f3 en Berazategui la exhibici\u00f3n \u00abMujer Deportista\u00bb"},"content":{"rendered":"\n<p><strong>En el Club Municipal Ducilo se realiz\u00f3 un evento deportivo en el marco del Mes de la Mujer. Participaron jugadoras de f\u00fatbol del Club Municipal Malter\u00eda y de equipos que compiten en el Campeonato Municipal de F\u00fatbol femenino Evita Capitana; de F\u00fatbol y V\u00f3ley de Playa; de Rugby, Hockey, Gimnasia Art\u00edstica, S\u00f3ftbol y Handball, entre otras disciplinas. Estuvo presente el intendente Juan Jos\u00e9 Mussi, acompa\u00f1ado por la secretaria de Desarrollo Social y Comunitario, Recreaci\u00f3n, Turismo y Deportes municipal, Mar\u00eda Laura Lacava.<\/strong><\/p>\n\n\n\n<p>Durante la exhibici\u00f3n, cerca de 500 jugadoras de las diferentes disciplinas rotaron y tomaron el lugar de sus compa\u00f1eras de los dem\u00e1s deportes. De esta manera, las futbolistas jugaron al rugby; las voleibolistas, al f\u00fatbol; las rugbiers, al v\u00f3ley, y as\u00ed sucesivamente; de modo que todas completaron la rotaci\u00f3n.<\/p>\n\n\n\n<figure class=\"wp-block-image size-large\"><img loading=\"lazy\" decoding=\"async\" width=\"1024\" height=\"662\" src=\"https:\/\/diarioprincipios.com\/wp-content\/uploads\/2023\/03\/Screenshot_20230322-145953_Yahoo-Mail-1024x662.jpg\" alt=\"\" class=\"wp-image-16269\" srcset=\"https:\/\/diarioprincipios.com\/wp-content\/uploads\/2023\/03\/Screenshot_20230322-145953_Yahoo-Mail-1024x662.jpg 1024w, https:\/\/diarioprincipios.com\/wp-content\/uploads\/2023\/03\/Screenshot_20230322-145953_Yahoo-Mail-300x194.jpg 300w, https:\/\/diarioprincipios.com\/wp-content\/uploads\/2023\/03\/Screenshot_20230322-145953_Yahoo-Mail-768x496.jpg 768w, https:\/\/diarioprincipios.com\/wp-content\/uploads\/2023\/03\/Screenshot_20230322-145953_Yahoo-Mail.jpg 1080w\" sizes=\"auto, (max-width: 1024px) 100vw, 1024px\" \/><\/figure>\n\n\n\n<p>Durante el evento, Mussi destac\u00f3: \u201cQu\u00e9 lindo tener tantas chicas, adolescentes y ni\u00f1as en este lugar, es una gran satisfacci\u00f3n. Vale la pena invertir en estas cosas. Los fines de semana vienen cerca de 2000 mujeres a practicar deportes. Enhorabuena que sea as\u00ed\u201d.<\/p>\n\n\n\n<figure class=\"wp-block-image size-large\"><img loading=\"lazy\" decoding=\"async\" width=\"1024\" height=\"674\" src=\"https:\/\/diarioprincipios.com\/wp-content\/uploads\/2023\/03\/Screenshot_20230322-145959_Yahoo-Mail-1024x674.jpg\" alt=\"\" class=\"wp-image-16270\" srcset=\"https:\/\/diarioprincipios.com\/wp-content\/uploads\/2023\/03\/Screenshot_20230322-145959_Yahoo-Mail-1024x674.jpg 1024w, https:\/\/diarioprincipios.com\/wp-content\/uploads\/2023\/03\/Screenshot_20230322-145959_Yahoo-Mail-300x198.jpg 300w, https:\/\/diarioprincipios.com\/wp-content\/uploads\/2023\/03\/Screenshot_20230322-145959_Yahoo-Mail-768x506.jpg 768w, https:\/\/diarioprincipios.com\/wp-content\/uploads\/2023\/03\/Screenshot_20230322-145959_Yahoo-Mail.jpg 1080w\" sizes=\"auto, (max-width: 1024px) 100vw, 1024px\" \/><\/figure>\n\n\n\n<p>Y continu\u00f3: \u201cQuiero felicitarlas a todas y agradecer a los pap\u00e1s y mam\u00e1s que nos conf\u00edan a los chicos. Celebro que conozcan este lugar. A disfrutar de Ducilo, de los 7 polideportivos que tenemos, de Los Privilegiados y de Malter\u00eda. Esto hace que las nenas est\u00e9n fuera de los peligros, est\u00e1n en un deporte que les hace muy bien\u00bb.<\/p>\n\n\n\n<p>Por su parte, Mar\u00eda Laura Lacava agradeci\u00f3 \u201cel esfuerzo de las deportistas locales y de todo el equipo de Deportes y Recreaci\u00f3n por esta hermosa convocatoria. Es hermoso ver la dedicaci\u00f3n de tantas ni\u00f1as y j\u00f3venes. La gesti\u00f3n que lleva adelante el Dr. Mussi siempre le puso mucho valor al deporte y en estos \u00faltimos a\u00f1os crecieron much\u00edsimo las disciplinas realizadas por mujeres. A lo largo de la historia fuimos rompiendo barreras y prejuicios\u201d.<\/p>\n\n\n\n<p>Seguidamente, Marin\u00e9 Russo -directora de la Liga Municipal de Hockey- reconoci\u00f3 a las deportistas de Berazategui: \u201cEst\u00e1 buen\u00edsimo que pase todo esto. Amo el deporte. Practicarlo nos permite adquirir naturalmente un mont\u00f3n de valores. Es una semillita que se riega en cada entrenamiento, en cada partido y en cada aspecto de la vida. Me encanta esta celebraci\u00f3n y que todas las chicas puedan participar activamente de todas las disciplinas\u201d.<\/p>\n","protected":false},"excerpt":{"rendered":"<p>En el Club Municipal Ducilo se realiz\u00f3 un evento deportivo en el marco del Mes de la Mujer. Participaron jugadoras de f\u00fatbol del Club Municipal Malter\u00eda y de equipos que compiten en el Campeonato Municipal de F\u00fatbol femenino Evita Capitana; de F\u00fatbol y V\u00f3ley de Playa; de Rugby, Hockey, Gimnasia Art\u00edstica, S\u00f3ftbol y Handball, entre&#8230;<\/p>\n","protected":false},"author":2,"featured_media":16271,"comment_status":"open","ping_status":"open","sticky":false,"template":"","format":"standard","meta":{"footnotes":""},"categories":[3],"tags":[],"class_list":["post-16268","post","type-post","status-publish","format-standard","has-post-thumbnail","hentry","category-berazategui"],"featured_image_src":"https:\/\/diarioprincipios.com\/wp-content\/uploads\/2023\/03\/Screenshot_20230322-145949_Yahoo-Mail-1024x664.jpg","blog_images":{"medium":"https:\/\/diarioprincipios.com\/wp-content\/uploads\/2023\/03\/Screenshot_20230322-145949_Yahoo-Mail-300x194.jpg","large":"https:\/\/diarioprincipios.com\/wp-content\/uploads\/2023\/03\/Screenshot_20230322-145949_Yahoo-Mail-1024x664.jpg"},"ams_acf":[],"yoast_head":"<!-- This site is optimized with the Yoast SEO plugin v27.3 - https:\/\/yoast.com\/product\/yoast-seo-wordpress\/ -->\n<title>Se realiz\u00f3 en Berazategui la exhibici\u00f3n &quot;Mujer Deportista&quot; - Principios<\/title>\n<meta name=\"robots\" content=\"index, follow, max-snippet:-1, max-image-preview:large, max-video-preview:-1\" \/>\n<link rel=\"canonical\" href=\"https:\/\/diarioprincipios.com\/index.php\/2023\/03\/22\/se-realizo-en-berazategui-la-exhibicion-mujer-deportista\/\" \/>\n<meta property=\"og:locale\" content=\"es_ES\" \/>\n<meta property=\"og:type\" content=\"article\" \/>\n<meta property=\"og:title\" content=\"Se realiz\u00f3 en Berazategui la exhibici\u00f3n &quot;Mujer Deportista&quot; - Principios\" \/>\n<meta property=\"og:description\" content=\"En el Club Municipal Ducilo se realiz\u00f3 un evento deportivo en el marco del Mes de la Mujer. Participaron jugadoras de f\u00fatbol del Club Municipal Malter\u00eda y de equipos que compiten en el Campeonato Municipal de F\u00fatbol femenino Evita Capitana; de F\u00fatbol y V\u00f3ley de Playa; de Rugby, Hockey, Gimnasia Art\u00edstica, S\u00f3ftbol y Handball, entre...\" \/>\n<meta property=\"og:url\" content=\"https:\/\/diarioprincipios.com\/index.php\/2023\/03\/22\/se-realizo-en-berazategui-la-exhibicion-mujer-deportista\/\" \/>\n<meta property=\"og:site_name\" content=\"Principios\" \/>\n<meta property=\"article:published_time\" content=\"2023-03-22T18:01:52+00:00\" \/>\n<meta property=\"article:modified_time\" content=\"2023-03-31T18:58:16+00:00\" \/>\n<meta property=\"og:image\" content=\"https:\/\/diarioprincipios.com\/wp-content\/uploads\/2023\/03\/Screenshot_20230322-145949_Yahoo-Mail.jpg\" \/>\n\t<meta property=\"og:image:width\" content=\"1080\" \/>\n\t<meta property=\"og:image:height\" content=\"700\" \/>\n\t<meta property=\"og:image:type\" content=\"image\/jpeg\" \/>\n<meta name=\"author\" content=\"Hern\u00e1n L\u00f3pez\" \/>\n<meta name=\"twitter:card\" content=\"summary_large_image\" \/>\n<meta name=\"twitter:label1\" content=\"Escrito por\" \/>\n\t<meta name=\"twitter:data1\" content=\"Hern\u00e1n L\u00f3pez\" \/>\n\t<meta name=\"twitter:label2\" content=\"Tiempo de lectura\" \/>\n\t<meta name=\"twitter:data2\" content=\"3 minutos\" \/>\n<script type=\"application\/ld+json\" class=\"yoast-schema-graph\">{\"@context\":\"https:\\\/\\\/schema.org\",\"@graph\":[{\"@type\":\"Article\",\"@id\":\"https:\\\/\\\/diarioprincipios.com\\\/index.php\\\/2023\\\/03\\\/22\\\/se-realizo-en-berazategui-la-exhibicion-mujer-deportista\\\/#article\",\"isPartOf\":{\"@id\":\"https:\\\/\\\/diarioprincipios.com\\\/index.php\\\/2023\\\/03\\\/22\\\/se-realizo-en-berazategui-la-exhibicion-mujer-deportista\\\/\"},\"author\":{\"name\":\"Hern\u00e1n L\u00f3pez\",\"@id\":\"https:\\\/\\\/diarioprincipios.com\\\/#\\\/schema\\\/person\\\/436d5a1fd41a5e250e23ff5a6a7cb080\"},\"headline\":\"Se realiz\u00f3 en Berazategui la exhibici\u00f3n \u00abMujer Deportista\u00bb\",\"datePublished\":\"2023-03-22T18:01:52+00:00\",\"dateModified\":\"2023-03-31T18:58:16+00:00\",\"mainEntityOfPage\":{\"@id\":\"https:\\\/\\\/diarioprincipios.com\\\/index.php\\\/2023\\\/03\\\/22\\\/se-realizo-en-berazategui-la-exhibicion-mujer-deportista\\\/\"},\"wordCount\":416,\"commentCount\":0,\"publisher\":{\"@id\":\"https:\\\/\\\/diarioprincipios.com\\\/#organization\"},\"image\":{\"@id\":\"https:\\\/\\\/diarioprincipios.com\\\/index.php\\\/2023\\\/03\\\/22\\\/se-realizo-en-berazategui-la-exhibicion-mujer-deportista\\\/#primaryimage\"},\"thumbnailUrl\":\"https:\\\/\\\/diarioprincipios.com\\\/wp-content\\\/uploads\\\/2023\\\/03\\\/Screenshot_20230322-145949_Yahoo-Mail.jpg\",\"articleSection\":[\"Berazategui\"],\"inLanguage\":\"es\",\"potentialAction\":[{\"@type\":\"CommentAction\",\"name\":\"Comment\",\"target\":[\"https:\\\/\\\/diarioprincipios.com\\\/index.php\\\/2023\\\/03\\\/22\\\/se-realizo-en-berazategui-la-exhibicion-mujer-deportista\\\/#respond\"]}]},{\"@type\":\"WebPage\",\"@id\":\"https:\\\/\\\/diarioprincipios.com\\\/index.php\\\/2023\\\/03\\\/22\\\/se-realizo-en-berazategui-la-exhibicion-mujer-deportista\\\/\",\"url\":\"https:\\\/\\\/diarioprincipios.com\\\/index.php\\\/2023\\\/03\\\/22\\\/se-realizo-en-berazategui-la-exhibicion-mujer-deportista\\\/\",\"name\":\"Se realiz\u00f3 en Berazategui la exhibici\u00f3n \\\"Mujer Deportista\\\" - Principios\",\"isPartOf\":{\"@id\":\"https:\\\/\\\/diarioprincipios.com\\\/#website\"},\"primaryImageOfPage\":{\"@id\":\"https:\\\/\\\/diarioprincipios.com\\\/index.php\\\/2023\\\/03\\\/22\\\/se-realizo-en-berazategui-la-exhibicion-mujer-deportista\\\/#primaryimage\"},\"image\":{\"@id\":\"https:\\\/\\\/diarioprincipios.com\\\/index.php\\\/2023\\\/03\\\/22\\\/se-realizo-en-berazategui-la-exhibicion-mujer-deportista\\\/#primaryimage\"},\"thumbnailUrl\":\"https:\\\/\\\/diarioprincipios.com\\\/wp-content\\\/uploads\\\/2023\\\/03\\\/Screenshot_20230322-145949_Yahoo-Mail.jpg\",\"datePublished\":\"2023-03-22T18:01:52+00:00\",\"dateModified\":\"2023-03-31T18:58:16+00:00\",\"breadcrumb\":{\"@id\":\"https:\\\/\\\/diarioprincipios.com\\\/index.php\\\/2023\\\/03\\\/22\\\/se-realizo-en-berazategui-la-exhibicion-mujer-deportista\\\/#breadcrumb\"},\"inLanguage\":\"es\",\"potentialAction\":[{\"@type\":\"ReadAction\",\"target\":[\"https:\\\/\\\/diarioprincipios.com\\\/index.php\\\/2023\\\/03\\\/22\\\/se-realizo-en-berazategui-la-exhibicion-mujer-deportista\\\/\"]}]},{\"@type\":\"ImageObject\",\"inLanguage\":\"es\",\"@id\":\"https:\\\/\\\/diarioprincipios.com\\\/index.php\\\/2023\\\/03\\\/22\\\/se-realizo-en-berazategui-la-exhibicion-mujer-deportista\\\/#primaryimage\",\"url\":\"https:\\\/\\\/diarioprincipios.com\\\/wp-content\\\/uploads\\\/2023\\\/03\\\/Screenshot_20230322-145949_Yahoo-Mail.jpg\",\"contentUrl\":\"https:\\\/\\\/diarioprincipios.com\\\/wp-content\\\/uploads\\\/2023\\\/03\\\/Screenshot_20230322-145949_Yahoo-Mail.jpg\",\"width\":1080,\"height\":700},{\"@type\":\"BreadcrumbList\",\"@id\":\"https:\\\/\\\/diarioprincipios.com\\\/index.php\\\/2023\\\/03\\\/22\\\/se-realizo-en-berazategui-la-exhibicion-mujer-deportista\\\/#breadcrumb\",\"itemListElement\":[{\"@type\":\"ListItem\",\"position\":1,\"name\":\"Portada\",\"item\":\"https:\\\/\\\/diarioprincipios.com\\\/\"},{\"@type\":\"ListItem\",\"position\":2,\"name\":\"Se realiz\u00f3 en Berazategui la exhibici\u00f3n \u00abMujer Deportista\u00bb\"}]},{\"@type\":\"WebSite\",\"@id\":\"https:\\\/\\\/diarioprincipios.com\\\/#website\",\"url\":\"https:\\\/\\\/diarioprincipios.com\\\/\",\"name\":\"Principios\",\"description\":\"Principios Diario\",\"publisher\":{\"@id\":\"https:\\\/\\\/diarioprincipios.com\\\/#organization\"},\"potentialAction\":[{\"@type\":\"SearchAction\",\"target\":{\"@type\":\"EntryPoint\",\"urlTemplate\":\"https:\\\/\\\/diarioprincipios.com\\\/?s={search_term_string}\"},\"query-input\":{\"@type\":\"PropertyValueSpecification\",\"valueRequired\":true,\"valueName\":\"search_term_string\"}}],\"inLanguage\":\"es\"},{\"@type\":\"Organization\",\"@id\":\"https:\\\/\\\/diarioprincipios.com\\\/#organization\",\"name\":\"Principios\",\"url\":\"https:\\\/\\\/diarioprincipios.com\\\/\",\"logo\":{\"@type\":\"ImageObject\",\"inLanguage\":\"es\",\"@id\":\"https:\\\/\\\/diarioprincipios.com\\\/#\\\/schema\\\/logo\\\/image\\\/\",\"url\":\"https:\\\/\\\/diarioprincipios.com\\\/wp-content\\\/uploads\\\/2024\\\/04\\\/cropped-www.diarioprincipios.com_-1.png\",\"contentUrl\":\"https:\\\/\\\/diarioprincipios.com\\\/wp-content\\\/uploads\\\/2024\\\/04\\\/cropped-www.diarioprincipios.com_-1.png\",\"width\":5325,\"height\":1454,\"caption\":\"Principios\"},\"image\":{\"@id\":\"https:\\\/\\\/diarioprincipios.com\\\/#\\\/schema\\\/logo\\\/image\\\/\"}},{\"@type\":\"Person\",\"@id\":\"https:\\\/\\\/diarioprincipios.com\\\/#\\\/schema\\\/person\\\/436d5a1fd41a5e250e23ff5a6a7cb080\",\"name\":\"Hern\u00e1n L\u00f3pez\",\"image\":{\"@type\":\"ImageObject\",\"inLanguage\":\"es\",\"@id\":\"https:\\\/\\\/diarioprincipios.com\\\/wp-content\\\/litespeed\\\/avatar\\\/11ddfe5610ff3bd100522525b2571f48.jpg?ver=1777048341\",\"url\":\"https:\\\/\\\/diarioprincipios.com\\\/wp-content\\\/litespeed\\\/avatar\\\/11ddfe5610ff3bd100522525b2571f48.jpg?ver=1777048341\",\"contentUrl\":\"https:\\\/\\\/diarioprincipios.com\\\/wp-content\\\/litespeed\\\/avatar\\\/11ddfe5610ff3bd100522525b2571f48.jpg?ver=1777048341\",\"caption\":\"Hern\u00e1n L\u00f3pez\"},\"url\":\"https:\\\/\\\/diarioprincipios.com\\\/index.php\\\/author\\\/hernan\\\/\"}]}<\/script>\n<!-- \/ Yoast SEO plugin. -->","yoast_head_json":{"title":"Se realiz\u00f3 en Berazategui la exhibici\u00f3n \"Mujer Deportista\" - Principios","robots":{"index":"index","follow":"follow","max-snippet":"max-snippet:-1","max-image-preview":"max-image-preview:large","max-video-preview":"max-video-preview:-1"},"canonical":"https:\/\/diarioprincipios.com\/index.php\/2023\/03\/22\/se-realizo-en-berazategui-la-exhibicion-mujer-deportista\/","og_locale":"es_ES","og_type":"article","og_title":"Se realiz\u00f3 en Berazategui la exhibici\u00f3n \"Mujer Deportista\" - Principios","og_description":"En el Club Municipal Ducilo se realiz\u00f3 un evento deportivo en el marco del Mes de la Mujer. Participaron jugadoras de f\u00fatbol del Club Municipal Malter\u00eda y de equipos que compiten en el Campeonato Municipal de F\u00fatbol femenino Evita Capitana; de F\u00fatbol y V\u00f3ley de Playa; de Rugby, Hockey, Gimnasia Art\u00edstica, S\u00f3ftbol y Handball, entre...","og_url":"https:\/\/diarioprincipios.com\/index.php\/2023\/03\/22\/se-realizo-en-berazategui-la-exhibicion-mujer-deportista\/","og_site_name":"Principios","article_published_time":"2023-03-22T18:01:52+00:00","article_modified_time":"2023-03-31T18:58:16+00:00","og_image":[{"width":1080,"height":700,"url":"https:\/\/diarioprincipios.com\/wp-content\/uploads\/2023\/03\/Screenshot_20230322-145949_Yahoo-Mail.jpg","type":"image\/jpeg"}],"author":"Hern\u00e1n L\u00f3pez","twitter_card":"summary_large_image","twitter_misc":{"Escrito por":"Hern\u00e1n L\u00f3pez","Tiempo de lectura":"3 minutos"},"schema":{"@context":"https:\/\/schema.org","@graph":[{"@type":"Article","@id":"https:\/\/diarioprincipios.com\/index.php\/2023\/03\/22\/se-realizo-en-berazategui-la-exhibicion-mujer-deportista\/#article","isPartOf":{"@id":"https:\/\/diarioprincipios.com\/index.php\/2023\/03\/22\/se-realizo-en-berazategui-la-exhibicion-mujer-deportista\/"},"author":{"name":"Hern\u00e1n L\u00f3pez","@id":"https:\/\/diarioprincipios.com\/#\/schema\/person\/436d5a1fd41a5e250e23ff5a6a7cb080"},"headline":"Se realiz\u00f3 en Berazategui la exhibici\u00f3n \u00abMujer Deportista\u00bb","datePublished":"2023-03-22T18:01:52+00:00","dateModified":"2023-03-31T18:58:16+00:00","mainEntityOfPage":{"@id":"https:\/\/diarioprincipios.com\/index.php\/2023\/03\/22\/se-realizo-en-berazategui-la-exhibicion-mujer-deportista\/"},"wordCount":416,"commentCount":0,"publisher":{"@id":"https:\/\/diarioprincipios.com\/#organization"},"image":{"@id":"https:\/\/diarioprincipios.com\/index.php\/2023\/03\/22\/se-realizo-en-berazategui-la-exhibicion-mujer-deportista\/#primaryimage"},"thumbnailUrl":"https:\/\/diarioprincipios.com\/wp-content\/uploads\/2023\/03\/Screenshot_20230322-145949_Yahoo-Mail.jpg","articleSection":["Berazategui"],"inLanguage":"es","potentialAction":[{"@type":"CommentAction","name":"Comment","target":["https:\/\/diarioprincipios.com\/index.php\/2023\/03\/22\/se-realizo-en-berazategui-la-exhibicion-mujer-deportista\/#respond"]}]},{"@type":"WebPage","@id":"https:\/\/diarioprincipios.com\/index.php\/2023\/03\/22\/se-realizo-en-berazategui-la-exhibicion-mujer-deportista\/","url":"https:\/\/diarioprincipios.com\/index.php\/2023\/03\/22\/se-realizo-en-berazategui-la-exhibicion-mujer-deportista\/","name":"Se realiz\u00f3 en Berazategui la exhibici\u00f3n \"Mujer Deportista\" - Principios","isPartOf":{"@id":"https:\/\/diarioprincipios.com\/#website"},"primaryImageOfPage":{"@id":"https:\/\/diarioprincipios.com\/index.php\/2023\/03\/22\/se-realizo-en-berazategui-la-exhibicion-mujer-deportista\/#primaryimage"},"image":{"@id":"https:\/\/diarioprincipios.com\/index.php\/2023\/03\/22\/se-realizo-en-berazategui-la-exhibicion-mujer-deportista\/#primaryimage"},"thumbnailUrl":"https:\/\/diarioprincipios.com\/wp-content\/uploads\/2023\/03\/Screenshot_20230322-145949_Yahoo-Mail.jpg","datePublished":"2023-03-22T18:01:52+00:00","dateModified":"2023-03-31T18:58:16+00:00","breadcrumb":{"@id":"https:\/\/diarioprincipios.com\/index.php\/2023\/03\/22\/se-realizo-en-berazategui-la-exhibicion-mujer-deportista\/#breadcrumb"},"inLanguage":"es","potentialAction":[{"@type":"ReadAction","target":["https:\/\/diarioprincipios.com\/index.php\/2023\/03\/22\/se-realizo-en-berazategui-la-exhibicion-mujer-deportista\/"]}]},{"@type":"ImageObject","inLanguage":"es","@id":"https:\/\/diarioprincipios.com\/index.php\/2023\/03\/22\/se-realizo-en-berazategui-la-exhibicion-mujer-deportista\/#primaryimage","url":"https:\/\/diarioprincipios.com\/wp-content\/uploads\/2023\/03\/Screenshot_20230322-145949_Yahoo-Mail.jpg","contentUrl":"https:\/\/diarioprincipios.com\/wp-content\/uploads\/2023\/03\/Screenshot_20230322-145949_Yahoo-Mail.jpg","width":1080,"height":700},{"@type":"BreadcrumbList","@id":"https:\/\/diarioprincipios.com\/index.php\/2023\/03\/22\/se-realizo-en-berazategui-la-exhibicion-mujer-deportista\/#breadcrumb","itemListElement":[{"@type":"ListItem","position":1,"name":"Portada","item":"https:\/\/diarioprincipios.com\/"},{"@type":"ListItem","position":2,"name":"Se realiz\u00f3 en Berazategui la exhibici\u00f3n \u00abMujer Deportista\u00bb"}]},{"@type":"WebSite","@id":"https:\/\/diarioprincipios.com\/#website","url":"https:\/\/diarioprincipios.com\/","name":"Principios","description":"Principios Diario","publisher":{"@id":"https:\/\/diarioprincipios.com\/#organization"},"potentialAction":[{"@type":"SearchAction","target":{"@type":"EntryPoint","urlTemplate":"https:\/\/diarioprincipios.com\/?s={search_term_string}"},"query-input":{"@type":"PropertyValueSpecification","valueRequired":true,"valueName":"search_term_string"}}],"inLanguage":"es"},{"@type":"Organization","@id":"https:\/\/diarioprincipios.com\/#organization","name":"Principios","url":"https:\/\/diarioprincipios.com\/","logo":{"@type":"ImageObject","inLanguage":"es","@id":"https:\/\/diarioprincipios.com\/#\/schema\/logo\/image\/","url":"https:\/\/diarioprincipios.com\/wp-content\/uploads\/2024\/04\/cropped-www.diarioprincipios.com_-1.png","contentUrl":"https:\/\/diarioprincipios.com\/wp-content\/uploads\/2024\/04\/cropped-www.diarioprincipios.com_-1.png","width":5325,"height":1454,"caption":"Principios"},"image":{"@id":"https:\/\/diarioprincipios.com\/#\/schema\/logo\/image\/"}},{"@type":"Person","@id":"https:\/\/diarioprincipios.com\/#\/schema\/person\/436d5a1fd41a5e250e23ff5a6a7cb080","name":"Hern\u00e1n L\u00f3pez","image":{"@type":"ImageObject","inLanguage":"es","@id":"https:\/\/diarioprincipios.com\/wp-content\/litespeed\/avatar\/11ddfe5610ff3bd100522525b2571f48.jpg?ver=1777048341","url":"https:\/\/diarioprincipios.com\/wp-content\/litespeed\/avatar\/11ddfe5610ff3bd100522525b2571f48.jpg?ver=1777048341","contentUrl":"https:\/\/diarioprincipios.com\/wp-content\/litespeed\/avatar\/11ddfe5610ff3bd100522525b2571f48.jpg?ver=1777048341","caption":"Hern\u00e1n L\u00f3pez"},"url":"https:\/\/diarioprincipios.com\/index.php\/author\/hernan\/"}]}},"jetpack_featured_media_url":"https:\/\/diarioprincipios.com\/wp-content\/uploads\/2023\/03\/Screenshot_20230322-145949_Yahoo-Mail.jpg","_links":{"self":[{"href":"https:\/\/diarioprincipios.com\/index.php\/wp-json\/wp\/v2\/posts\/16268","targetHints":{"allow":["GET"]}}],"collection":[{"href":"https:\/\/diarioprincipios.com\/index.php\/wp-json\/wp\/v2\/posts"}],"about":[{"href":"https:\/\/diarioprincipios.com\/index.php\/wp-json\/wp\/v2\/types\/post"}],"author":[{"embeddable":true,"href":"https:\/\/diarioprincipios.com\/index.php\/wp-json\/wp\/v2\/users\/2"}],"replies":[{"embeddable":true,"href":"https:\/\/diarioprincipios.com\/index.php\/wp-json\/wp\/v2\/comments?post=16268"}],"version-history":[{"count":1,"href":"https:\/\/diarioprincipios.com\/index.php\/wp-json\/wp\/v2\/posts\/16268\/revisions"}],"predecessor-version":[{"id":16272,"href":"https:\/\/diarioprincipios.com\/index.php\/wp-json\/wp\/v2\/posts\/16268\/revisions\/16272"}],"wp:featuredmedia":[{"embeddable":true,"href":"https:\/\/diarioprincipios.com\/index.php\/wp-json\/wp\/v2\/media\/16271"}],"wp:attachment":[{"href":"https:\/\/diarioprincipios.com\/index.php\/wp-json\/wp\/v2\/media?parent=16268"}],"wp:term":[{"taxonomy":"category","embeddable":true,"href":"https:\/\/diarioprincipios.com\/index.php\/wp-json\/wp\/v2\/categories?post=16268"},{"taxonomy":"post_tag","embeddable":true,"href":"https:\/\/diarioprincipios.com\/index.php\/wp-json\/wp\/v2\/tags?post=16268"}],"curies":[{"name":"wp","href":"https:\/\/api.w.org\/{rel}","templated":true}]}}